{"id":36322,"date":"2021-06-27T12:15:57","date_gmt":"2021-06-27T11:15:57","guid":{"rendered":"https:\/\/radioljubuski.ba\/?p=36322"},"modified":"2021-06-27T12:15:58","modified_gmt":"2021-06-27T11:15:58","slug":"eu-strani-lobiji-koji-promoviraju-pobacaj-sada-progurali-odbaceno-estrelino-izvjesce-iz-2013","status":"publish","type":"post","link":"https:\/\/radioljubuski.ba\/index.php\/2021\/06\/27\/eu-strani-lobiji-koji-promoviraju-pobacaj-sada-progurali-odbaceno-estrelino-izvjesce-iz-2013\/","title":{"rendered":"EU: Strani lobiji koji promoviraju poba\u010daj sada progurali odba\u010deno Estrelino izvje\u0161\u0107e iz 2013."},"content":{"rendered":"\n<p>\u201c<em>\u2018Mati\u0107evo izvje\u0161\u0107e\u2019<\/em>&nbsp;nije obvezuju\u0107e za dr\u017eave \u010dlanice EU i to je jako dobro, ali \u0107e se koristiti kao metoda pritiska da dr\u017eave pristanu na ono s \u010dim se nisu usuglasile kada su ulazile u Europsku uniju\u201d, upozorila je dr. \u017deljka Marki\u0107, izvr\u0161na direktorica udruge U ime obitelji, komentirav\u0161i tzv. \u2018Mati\u0107evo izvje\u0161\u0107e\u2019, koje je u \u010detvrtak, 24. lipnja, Europski parlament izglasovao na plenarnoj sjednici s 378 glasova za, 255 protiv i 42 suzdr\u017eanih.<\/p>\n\n\n\n<p><strong>\u201cMati\u0107 je Izvje\u0161\u0107e vjerojatno sastavio pod utjecajem stranih lobija koji promoviraju poba\u010daj\u201d<\/strong>, upozorio je hrvatski europarlamentarac Tomislav Sokol (HDZ) uo\u010di glasovanja o spornom Izvje\u0161\u0107u SDP-ovog Predraga Mati\u0107a o stanju u pogledu seksualnog i reproduktivnog zdravlja u EU na plenarnom zasjedanju Europskog parlamenta u Bruxellesu. Sokol je istaknuo da se Mati\u0107 u Izvje\u0161\u0107u sasvim nepotrebno bavi ideologiziranjem i podjelama koje izlaze iz okvira nadle\u017enosti Europske unije.<\/p>\n\n\n\n<p>Mati\u0107evo izvje\u0161\u0107e Europski parlament je ve\u0107inom glasova usvojio u \u010detvrtak.<\/p>\n\n\n\n<p>Rije\u010d je o prijedlogu Rezolucije o stanju u pogledu seksualnog i reproduktivnog zdravlja i prava u EU-u u kontekstu zdravlja \u017eena (2020\/2215(INI)), a koji se temelji na Izvje\u0161\u0107u Predraga Freda Mati\u0107a, izvjestitelja Odbora za prava \u017eena i rodnu ravnopravnost EP-a.<\/p>\n\n\n\n<p>\u2018Zagovaranjem sadr\u017eaja nastavnog programa spolnog odgoja temeljenog na rodnoj ideologiji Mati\u0107 ne samo da izlazi iz okvira nadle\u017enosti Europske unije ve\u0107 poku\u0161ava i docirati dr\u017eavama \u010dlanicama o tome \u0161to bi se u okviru njihovog obrazovnog sustava trebalo podu\u010davati. To je elementarno nepoznavanje europskog prava. Pored toga o\u010ditim se ukazuje da bi SDP-ovac roditeljima nametao norme o tome kako bi oni svoju djecu trebali odgajati, a to je suprotno va\u017ee\u0107im normama konvencijskog prava\u2019 \u2013 kazao je Sokol te je jo\u0161 jednom istaknuo da je Izvje\u0161\u0107e pau\u0161alno, neutemeljeno i pravno neto\u010dno.<\/p>\n\n\n\n<p><strong>Estrela izvje\u0161\u0107e 2013. odba\u010deno u Europskom parlamentu; sada se isti tekst progurao pod drugim imenom<\/strong><\/p>\n\n\n\n<p>\u2018Mati\u0107 je Izvje\u0161\u0107e vjerojatno sastavio pod utjecajem stranih lobija koji promoviraju poba\u010daj, a da je tome tako proizlazi i iz \u010dinjenice da Mati\u0107 u Izvje\u0161\u0107u navodi proizvoljnu i na me\u0111unarodnom pravu neutemeljenu definiciju spolnog i reproduktivnog zdravlja. Rije\u010d je o definiciji koja nema upori\u0161te u niti jednom pravno obvezuju\u0107em dokumentu ve\u0107 se isklju\u010divo radi o definiciji koju koristi jedan interesni neformalni forum koji se zala\u017ee za promociju poba\u010daja\u2019 \u2013 upozorio je Sokol.<\/p>\n\n\n\n<p>Podsje\u0107amo da ovo Izvje\u0161\u0107e, koje se popularno naziva Mati\u0107evim, a koje je izglasano u \u010detvrtak, uop\u0107e ne nosi Mati\u0107ev autorski potpis. On je, naime, potpisan kao izvjestitelj. Me\u0111utim, isto je ovo izvje\u0161\u0107e, tada pod nazivom zastupnice Edite Estrela, Europskom parlamentu ve\u0107 podneseno 2013., kada je i odba\u010deno od strane parlamenta. Edite Estrela biv\u0161a je lijeva eurozastupnica iz Stranke europskih socijalista. Sada se isti tekst nametnuo u parlamentu pod drugim imenom. Ova dva izvje\u0161\u0107a mo\u017eete usporediti u izvornim tekstovima na poveznicama:&nbsp;<a href=\"https:\/\/www.europarl.europa.eu\/doceo\/document\/A-7-2013-0426_HR.html\">Estrela Izvje\u0161\u0107e 2013.<\/a>;&nbsp;<a href=\"https:\/\/www.europarl.europa.eu\/doceo\/document\/A-9-2021-0169_HR.html\">Mati\u0107 Izvje\u0161\u0107e 2021.<\/a><\/p>\n\n\n\n<p>Podsjetimo, Sokol je zatra\u017eio da se o svim spornim dijelovima Izvje\u0161\u0107a odvojeno glasuje kako bi gra\u0111ani to\u010dno mogli vidjeti tko je od zastupnika u Europskom parlamentu kako glasovao o tekstu ovog spornog Izvje\u0161\u0107a.<\/p>\n\n\n\n<p>To se nije dogodilo te su europski zastupnici u \u010detvrtak glasovali o cijelom izvje\u0161\u0107u \u2013 i izglasali ga.<\/p>\n\n\n\n<p>\u201c<strong>Poba\u010daj nije ne\u010dije pravo<\/strong>&nbsp;koje po prirodi stvari proizilazi iz prava na slobodu i privatnost i koje \u010deka svog spasitelja PFM da ga javno obznani. U&nbsp;<strong>Izvje\u0161\u0107u se poku\u0161ava nametnuti sustav vrijednosti koji bi trebalo ugraditi o obvezatne \u0161kolske programe i time relativizirati ulogu roditelja koji su neprikosnoveni primarni odgojitelji djece u skladu sa svojim moralnim, vjerskim, pedago\u0161kim i filozofskim uvjerenjima<\/strong>\u201c, upozorio je&nbsp;<strong>prof. dr. sc. Nenad Hla\u010da<\/strong>, predstojnik katedre za obiteljsko pravo Pravnog fakulteta u Rijeci.<\/p>\n\n\n\n<p>Izvje\u0161\u0107e zadire u isklju\u010divu nadle\u017enost dr\u017eava \u010dlanica, mije\u0161aju\u0107i se u ure\u0111enje nacionalnih zdravstvenih sustava i definiranje nacionalnih zdravstvenih politika. Rezolucijom se poziva na ograni\u010denje temeljnih ljudskih prava kakvo je, primjerice, pravo na priziv savjesti zdravstvenih djelatnika, ozna\u010davaju\u0107i ga kvazipravnom preprekom i relativiziraju\u0107i njegov zna\u010daj nazivaju\u0107i ga takozvanim.<\/p>\n\n\n\n<p><strong>\u0160to poku\u0161ava Europski parlamentarni forum za seksualna i reproduktivna prava (EPF)?<\/strong><\/p>\n\n\n\n<p>Strane lobije, na koje Sokol upozorava, sa\u010dinjava skupina europskih parlamentaraca okupljena oko organizacije pod nazivom Europski parlamentarni forum za seksualna i reproduktivna prava (EPF). Forum je jasno ideolo\u0161ki opredijeljen i zala\u017ee se za prisiljavanje na priznavanje poba\u010daja kao \u201cljudskog prava\u201d diljem svijeta. Ova je ljevi\u010darska organizacija nedavno predstavila \u201cistra\u017eno izvje\u0161\u0107e\u201d pod nazivom \u201cVrh ledenog brijega: Vjerski ekstremisti financijeri koji djeluju protiv prava o seksualnosti i reproduktivnom zdravlju u Europi 2009. \u2013 2018.\u201d Ovo izvje\u0161\u0107e iznosi niz neistina o financiranju civilnih udruga s vjerskim predznakom koje se predstavlja kao \u201ctransnacionalnu zajednicu istomi\u0161ljenika vjerskih ekstremista i s njima povezanih desni\u010darskih aktera koji donose strate\u0161ke odluke o financiranju preko me\u0111unarodnih granica\u201c. Kao spomenute \u201cvjerske ekstremiste\u201d EPF etiketira i hrvatske udruge civilnoga dru\u0161tva \u201cU ime obitelji\u201d, \u201cObiteljski centar\u201d, \u201cVigilare\u201d i \u201cOrdo Iuris Hrvatska\u201d.<\/p>\n\n\n\n<p><strong>Udruge koje se zala\u017eu za tradicionalne vrijednosti prozvane \u201cdru\u0161tvenim \u0161teto\u010dinama\u201d, a ljevi\u010darske organizacije financira Sorosevo Otvoreno dru\u0161tvo<\/strong><\/p>\n\n\n\n<p>Izvje\u0161\u0107e EPF-a u sredi\u0161te je pozornosti do\u0161lo pro\u0161li tjedan kada je zastupnik Zeleno-lijevog bloka, biv\u0161i SDP-ovac Bojan Glava\u0161evi\u0107 u Saboru na temelju izvje\u0161\u0107a izvrije\u0111ao spomenute udruge nazivaju\u0107i ih \u201cdru\u0161tvenim \u0161teto\u010dinama, vjerskim fundamentalistima i politi\u010dkim mobilizatorima\u201d. Posve je jasno da je Glava\u0161evi\u0107 svojim istupom poku\u0161ao odvratiti pozornost od koruptivnog inozemnog financiranja ljevi\u010darskih udruga iz kojih je nastala politi\u010dka platforma Mo\u017eemo, a s kojom on usko sura\u0111uje. Jednako je tako jasno da je EPF objavila svoj izvje\u0161taj s namjerom da&nbsp;<strong>utje\u010du na glasovanje o tzv. Mati\u0107evom izvje\u0161\u0107u \u010dime se na neki na\u010din otvoreno osudilo pro-life organizacije u Europskom parlamentu.<\/strong>&nbsp;Na ovu je \u010dinjenicu upozorila dr. \u017deljka Marki\u0107, izvr\u0161na direktorica udruge U ime obitelji, prilikom reakcije na neto\u010dne Glava\u0161evi\u0107eve tvrdnje.<\/p>\n\n\n\n<p>\u201cEuropski parlamentarni forum za seksualna i reproduktivna prava (EPF) na \u010dije se izvje\u0161\u0107e poziva Glava\u0161evi\u0107 je, ba\u0161 poput \u201cInstituta\u201d g. Toma\u0161evi\u0107a, udruga koju je osnovao IPPF (International Planned Parenthood Federation),&nbsp;<strong>me\u0111unarodna organizacija koja zara\u0111uje milijarde \u2013 na poba\u010dajima<\/strong>. EPF nije \u201cparlamentarna\u201d organizacija, ba\u0161 kao \u0161to Toma\u0161evi\u0107ev \u201cinstitut\u201d nije pravi institut. EPF, izme\u0111u ostalih, financira Sorosevo Otvoreno dru\u0161tvo, Gates, IPPF i drugi. Jasno je da takva udruga la\u017eima napada U ime obitelji kao organizatora Hoda za \u017eivot u sve ve\u0107em broju hrvatskih gradova u kojima sudjeluju deseci tisu\u0107a hrvatskih gra\u0111ana koji se zala\u017eu za za\u0161titu svakog ljudskog \u017eivota od za\u010de\u0107a do prirodne smrti.\u201d, podsjetila je dr. Marki\u0107.<\/p>\n\n\n\n<p>Na optu\u017ebe o sumnjivom financiranju koje joj je uputio Glava\u0161evi\u0107 na temelju izvje\u0161\u0107a EPF-a predlo\u017eila je zamjenu financijskih sredstava koje iz prora\u010duna RH prima udruga U ime obitelji sa sredstvima koje iz sumnjivih inozemnih izvora masovno dobiva Mo\u017eemo. \u201cU ime obitelji predla\u017ee g. Glava\u0161evi\u0107u zamjenu: da U ime obitelji sav novac koji je dobila iz prora\u010duna RH i Zagreba te inozemstva mijenja s novcem koji su Mo\u017eemo i njihova mre\u017ea udruga dobili od Sorosa, iz Njema\u010dke i prora\u010duna Grada Zagreba u razdoblju od 2009.- 2018. U toj bi zamjeni U ime obitelji bila na dobitku vi\u0161e stotina milijuna kuna.\u201d, poru\u010dila je dr. Marki\u0107.<\/p>\n\n\n\n<p><em>Izvor: narod.hr<\/em><\/p>\n","protected":false},"excerpt":{"rendered":"<p>\u201c\u2018Mati\u0107evo izvje\u0161\u0107e\u2019&nbsp;nije obvezuju\u0107e za dr\u017eave \u010dlanice EU i to je jako dobro, ali \u0107e se koristiti kao metoda pritiska da dr\u017eave pristanu na ono s \u010dim se nisu usuglasile kada su ulazile u Europsku uniju\u201d, upozorila je dr. \u017deljka Marki\u0107, izvr\u0161na direktorica udruge U ime obitelji, komentirav\u0161i tzv. \u2018Mati\u0107evo izvje\u0161\u0107e\u2019, koje je u \u010detvrtak, 24. [&hellip;]<\/p>\n","protected":false},"author":2,"featured_media":36323,"comment_status":"closed","ping_status":"closed","sticky":false,"template":"","format":"standard","meta":{"h5ap_radio_sources":[],"footnotes":""},"categories":[1],"tags":[],"class_list":["post-36322","post","type-post","status-publish","format-standard","has-post-thumbnail","hentry","category-bihiregija"],"yoast_head":"<!-- This site is optimized with the Yoast SEO plugin v27.5 - https:\/\/yoast.com\/product\/yoast-seo-wordpress\/ -->\n<title>EU: Strani lobiji koji promoviraju poba\u010daj sada progurali odba\u010deno Estrelino izvje\u0161\u0107e iz 2013. - RADIO LJUBU\u0160KI<\/title>\n<meta name=\"robots\" content=\"index, follow, max-snippet:-1, max-image-preview:large, max-video-preview:-1\" \/>\n<link rel=\"canonical\" href=\"https:\/\/radioljubuski.ba\/index.php\/2021\/06\/27\/eu-strani-lobiji-koji-promoviraju-pobacaj-sada-progurali-odbaceno-estrelino-izvjesce-iz-2013\/\" \/>\n<meta property=\"og:locale\" content=\"hr_HR\" \/>\n<meta property=\"og:type\" content=\"article\" \/>\n<meta property=\"og:title\" content=\"EU: Strani lobiji koji promoviraju poba\u010daj sada progurali odba\u010deno Estrelino izvje\u0161\u0107e iz 2013. - RADIO LJUBU\u0160KI\" \/>\n<meta property=\"og:description\" content=\"\u201c\u2018Mati\u0107evo izvje\u0161\u0107e\u2019&nbsp;nije obvezuju\u0107e za dr\u017eave \u010dlanice EU i to je jako dobro, ali \u0107e se koristiti kao metoda pritiska da dr\u017eave pristanu na ono s \u010dim se nisu usuglasile kada su ulazile u Europsku uniju\u201d, upozorila je dr. \u017deljka Marki\u0107, izvr\u0161na direktorica udruge U ime obitelji, komentirav\u0161i tzv. \u2018Mati\u0107evo izvje\u0161\u0107e\u2019, koje je u \u010detvrtak, 24. [&hellip;]\" \/>\n<meta property=\"og:url\" content=\"https:\/\/radioljubuski.ba\/index.php\/2021\/06\/27\/eu-strani-lobiji-koji-promoviraju-pobacaj-sada-progurali-odbaceno-estrelino-izvjesce-iz-2013\/\" \/>\n<meta property=\"og:site_name\" content=\"RADIO LJUBU\u0160KI\" \/>\n<meta property=\"article:publisher\" content=\"https:\/\/www.facebook.com\/Radiio-Ljubuski-1490835324566332\" \/>\n<meta property=\"article:published_time\" content=\"2021-06-27T11:15:57+00:00\" \/>\n<meta property=\"article:modified_time\" content=\"2021-06-27T11:15:58+00:00\" \/>\n<meta property=\"og:image\" content=\"https:\/\/radioljubuski.ba\/wp-content\/uploads\/2021\/06\/estrela-matic-696x464-1.jpg\" \/>\n\t<meta property=\"og:image:width\" content=\"696\" \/>\n\t<meta property=\"og:image:height\" content=\"464\" \/>\n\t<meta property=\"og:image:type\" content=\"image\/jpeg\" \/>\n<meta name=\"author\" content=\"Radio Ljubu\u0161ki\" \/>\n<meta name=\"twitter:card\" content=\"summary_large_image\" \/>\n<meta name=\"twitter:creator\" content=\"@radioljubuski\" \/>\n<meta name=\"twitter:site\" content=\"@radioljubuski\" \/>\n<meta name=\"twitter:label1\" content=\"Napisao\/la\" \/>\n\t<meta name=\"twitter:data1\" content=\"Radio Ljubu\u0161ki\" \/>\n\t<meta name=\"twitter:label2\" content=\"Procijenjeno vrijeme \u010ditanja\" \/>\n\t<meta name=\"twitter:data2\" content=\"5 minuta\" \/>\n<script type=\"application\/ld+json\" class=\"yoast-schema-graph\">{\"@context\":\"https:\\\/\\\/schema.org\",\"@graph\":[{\"@type\":\"Article\",\"@id\":\"https:\\\/\\\/radioljubuski.ba\\\/index.php\\\/2021\\\/06\\\/27\\\/eu-strani-lobiji-koji-promoviraju-pobacaj-sada-progurali-odbaceno-estrelino-izvjesce-iz-2013\\\/#article\",\"isPartOf\":{\"@id\":\"https:\\\/\\\/radioljubuski.ba\\\/index.php\\\/2021\\\/06\\\/27\\\/eu-strani-lobiji-koji-promoviraju-pobacaj-sada-progurali-odbaceno-estrelino-izvjesce-iz-2013\\\/\"},\"author\":{\"name\":\"Radio Ljubu\u0161ki\",\"@id\":\"https:\\\/\\\/radioljubuski.ba\\\/#\\\/schema\\\/person\\\/19fc700381a780f69665d7956c469e3b\"},\"headline\":\"EU: Strani lobiji koji promoviraju poba\u010daj sada progurali odba\u010deno Estrelino izvje\u0161\u0107e iz 2013.\",\"datePublished\":\"2021-06-27T11:15:57+00:00\",\"dateModified\":\"2021-06-27T11:15:58+00:00\",\"mainEntityOfPage\":{\"@id\":\"https:\\\/\\\/radioljubuski.ba\\\/index.php\\\/2021\\\/06\\\/27\\\/eu-strani-lobiji-koji-promoviraju-pobacaj-sada-progurali-odbaceno-estrelino-izvjesce-iz-2013\\\/\"},\"wordCount\":1281,\"publisher\":{\"@id\":\"https:\\\/\\\/radioljubuski.ba\\\/#organization\"},\"image\":{\"@id\":\"https:\\\/\\\/radioljubuski.ba\\\/index.php\\\/2021\\\/06\\\/27\\\/eu-strani-lobiji-koji-promoviraju-pobacaj-sada-progurali-odbaceno-estrelino-izvjesce-iz-2013\\\/#primaryimage\"},\"thumbnailUrl\":\"https:\\\/\\\/radioljubuski.ba\\\/wp-content\\\/uploads\\\/2021\\\/06\\\/estrela-matic-696x464-1.jpg\",\"articleSection\":[\"BIH i regija\"],\"inLanguage\":\"hr\"},{\"@type\":\"WebPage\",\"@id\":\"https:\\\/\\\/radioljubuski.ba\\\/index.php\\\/2021\\\/06\\\/27\\\/eu-strani-lobiji-koji-promoviraju-pobacaj-sada-progurali-odbaceno-estrelino-izvjesce-iz-2013\\\/\",\"url\":\"https:\\\/\\\/radioljubuski.ba\\\/index.php\\\/2021\\\/06\\\/27\\\/eu-strani-lobiji-koji-promoviraju-pobacaj-sada-progurali-odbaceno-estrelino-izvjesce-iz-2013\\\/\",\"name\":\"EU: Strani lobiji koji promoviraju poba\u010daj sada progurali odba\u010deno Estrelino izvje\u0161\u0107e iz 2013. - RADIO LJUBU\u0160KI\",\"isPartOf\":{\"@id\":\"https:\\\/\\\/radioljubuski.ba\\\/#website\"},\"primaryImageOfPage\":{\"@id\":\"https:\\\/\\\/radioljubuski.ba\\\/index.php\\\/2021\\\/06\\\/27\\\/eu-strani-lobiji-koji-promoviraju-pobacaj-sada-progurali-odbaceno-estrelino-izvjesce-iz-2013\\\/#primaryimage\"},\"image\":{\"@id\":\"https:\\\/\\\/radioljubuski.ba\\\/index.php\\\/2021\\\/06\\\/27\\\/eu-strani-lobiji-koji-promoviraju-pobacaj-sada-progurali-odbaceno-estrelino-izvjesce-iz-2013\\\/#primaryimage\"},\"thumbnailUrl\":\"https:\\\/\\\/radioljubuski.ba\\\/wp-content\\\/uploads\\\/2021\\\/06\\\/estrela-matic-696x464-1.jpg\",\"datePublished\":\"2021-06-27T11:15:57+00:00\",\"dateModified\":\"2021-06-27T11:15:58+00:00\",\"breadcrumb\":{\"@id\":\"https:\\\/\\\/radioljubuski.ba\\\/index.php\\\/2021\\\/06\\\/27\\\/eu-strani-lobiji-koji-promoviraju-pobacaj-sada-progurali-odbaceno-estrelino-izvjesce-iz-2013\\\/#breadcrumb\"},\"inLanguage\":\"hr\",\"potentialAction\":[{\"@type\":\"ReadAction\",\"target\":[\"https:\\\/\\\/radioljubuski.ba\\\/index.php\\\/2021\\\/06\\\/27\\\/eu-strani-lobiji-koji-promoviraju-pobacaj-sada-progurali-odbaceno-estrelino-izvjesce-iz-2013\\\/\"]}]},{\"@type\":\"ImageObject\",\"inLanguage\":\"hr\",\"@id\":\"https:\\\/\\\/radioljubuski.ba\\\/index.php\\\/2021\\\/06\\\/27\\\/eu-strani-lobiji-koji-promoviraju-pobacaj-sada-progurali-odbaceno-estrelino-izvjesce-iz-2013\\\/#primaryimage\",\"url\":\"https:\\\/\\\/radioljubuski.ba\\\/wp-content\\\/uploads\\\/2021\\\/06\\\/estrela-matic-696x464-1.jpg\",\"contentUrl\":\"https:\\\/\\\/radioljubuski.ba\\\/wp-content\\\/uploads\\\/2021\\\/06\\\/estrela-matic-696x464-1.jpg\",\"width\":696,\"height\":464},{\"@type\":\"BreadcrumbList\",\"@id\":\"https:\\\/\\\/radioljubuski.ba\\\/index.php\\\/2021\\\/06\\\/27\\\/eu-strani-lobiji-koji-promoviraju-pobacaj-sada-progurali-odbaceno-estrelino-izvjesce-iz-2013\\\/#breadcrumb\",\"itemListElement\":[{\"@type\":\"ListItem\",\"position\":1,\"name\":\"Po\u010detna stranica\",\"item\":\"https:\\\/\\\/radioljubuski.ba\\\/\"},{\"@type\":\"ListItem\",\"position\":2,\"name\":\"EU: Strani lobiji koji promoviraju poba\u010daj sada progurali odba\u010deno Estrelino izvje\u0161\u0107e iz 2013.\"}]},{\"@type\":\"WebSite\",\"@id\":\"https:\\\/\\\/radioljubuski.ba\\\/#website\",\"url\":\"https:\\\/\\\/radioljubuski.ba\\\/\",\"name\":\"Radio Ljubu\u0161ki\",\"description\":\"Sun\u010dana frekvencija Hercegovine\",\"publisher\":{\"@id\":\"https:\\\/\\\/radioljubuski.ba\\\/#organization\"},\"potentialAction\":[{\"@type\":\"SearchAction\",\"target\":{\"@type\":\"EntryPoint\",\"urlTemplate\":\"https:\\\/\\\/radioljubuski.ba\\\/?s={search_term_string}\"},\"query-input\":{\"@type\":\"PropertyValueSpecification\",\"valueRequired\":true,\"valueName\":\"search_term_string\"}}],\"inLanguage\":\"hr\"},{\"@type\":\"Organization\",\"@id\":\"https:\\\/\\\/radioljubuski.ba\\\/#organization\",\"name\":\"Radio Ljubu\u0161ki\",\"url\":\"https:\\\/\\\/radioljubuski.ba\\\/\",\"logo\":{\"@type\":\"ImageObject\",\"inLanguage\":\"hr\",\"@id\":\"https:\\\/\\\/radioljubuski.ba\\\/#\\\/schema\\\/logo\\\/image\\\/\",\"url\":\"https:\\\/\\\/radioljubuski.ba\\\/wp-content\\\/uploads\\\/2021\\\/02\\\/cropped-Radio_Ljubuski_logo1.jpg\",\"contentUrl\":\"https:\\\/\\\/radioljubuski.ba\\\/wp-content\\\/uploads\\\/2021\\\/02\\\/cropped-Radio_Ljubuski_logo1.jpg\",\"width\":512,\"height\":512,\"caption\":\"Radio Ljubu\u0161ki\"},\"image\":{\"@id\":\"https:\\\/\\\/radioljubuski.ba\\\/#\\\/schema\\\/logo\\\/image\\\/\"},\"sameAs\":[\"https:\\\/\\\/www.facebook.com\\\/Radiio-Ljubuski-1490835324566332\",\"https:\\\/\\\/x.com\\\/radioljubuski\",\"https:\\\/\\\/hr.linkedin.com\\\/company\\\/radio-ljubuski\",\"https:\\\/\\\/www.youtube.com\\\/channel\\\/UCHYaeO_n0Db3tjNGudGpXyw\"]},{\"@type\":\"Person\",\"@id\":\"https:\\\/\\\/radioljubuski.ba\\\/#\\\/schema\\\/person\\\/19fc700381a780f69665d7956c469e3b\",\"name\":\"Radio Ljubu\u0161ki\"}]}<\/script>\n<!-- \/ Yoast SEO plugin. -->","yoast_head_json":{"title":"EU: Strani lobiji koji promoviraju poba\u010daj sada progurali odba\u010deno Estrelino izvje\u0161\u0107e iz 2013. - RADIO LJUBU\u0160KI","robots":{"index":"index","follow":"follow","max-snippet":"max-snippet:-1","max-image-preview":"max-image-preview:large","max-video-preview":"max-video-preview:-1"},"canonical":"https:\/\/radioljubuski.ba\/index.php\/2021\/06\/27\/eu-strani-lobiji-koji-promoviraju-pobacaj-sada-progurali-odbaceno-estrelino-izvjesce-iz-2013\/","og_locale":"hr_HR","og_type":"article","og_title":"EU: Strani lobiji koji promoviraju poba\u010daj sada progurali odba\u010deno Estrelino izvje\u0161\u0107e iz 2013. - RADIO LJUBU\u0160KI","og_description":"\u201c\u2018Mati\u0107evo izvje\u0161\u0107e\u2019&nbsp;nije obvezuju\u0107e za dr\u017eave \u010dlanice EU i to je jako dobro, ali \u0107e se koristiti kao metoda pritiska da dr\u017eave pristanu na ono s \u010dim se nisu usuglasile kada su ulazile u Europsku uniju\u201d, upozorila je dr. \u017deljka Marki\u0107, izvr\u0161na direktorica udruge U ime obitelji, komentirav\u0161i tzv. \u2018Mati\u0107evo izvje\u0161\u0107e\u2019, koje je u \u010detvrtak, 24. [&hellip;]","og_url":"https:\/\/radioljubuski.ba\/index.php\/2021\/06\/27\/eu-strani-lobiji-koji-promoviraju-pobacaj-sada-progurali-odbaceno-estrelino-izvjesce-iz-2013\/","og_site_name":"RADIO LJUBU\u0160KI","article_publisher":"https:\/\/www.facebook.com\/Radiio-Ljubuski-1490835324566332","article_published_time":"2021-06-27T11:15:57+00:00","article_modified_time":"2021-06-27T11:15:58+00:00","og_image":[{"width":696,"height":464,"url":"https:\/\/radioljubuski.ba\/wp-content\/uploads\/2021\/06\/estrela-matic-696x464-1.jpg","type":"image\/jpeg"}],"author":"Radio Ljubu\u0161ki","twitter_card":"summary_large_image","twitter_creator":"@radioljubuski","twitter_site":"@radioljubuski","twitter_misc":{"Napisao\/la":"Radio Ljubu\u0161ki","Procijenjeno vrijeme \u010ditanja":"5 minuta"},"schema":{"@context":"https:\/\/schema.org","@graph":[{"@type":"Article","@id":"https:\/\/radioljubuski.ba\/index.php\/2021\/06\/27\/eu-strani-lobiji-koji-promoviraju-pobacaj-sada-progurali-odbaceno-estrelino-izvjesce-iz-2013\/#article","isPartOf":{"@id":"https:\/\/radioljubuski.ba\/index.php\/2021\/06\/27\/eu-strani-lobiji-koji-promoviraju-pobacaj-sada-progurali-odbaceno-estrelino-izvjesce-iz-2013\/"},"author":{"name":"Radio Ljubu\u0161ki","@id":"https:\/\/radioljubuski.ba\/#\/schema\/person\/19fc700381a780f69665d7956c469e3b"},"headline":"EU: Strani lobiji koji promoviraju poba\u010daj sada progurali odba\u010deno Estrelino izvje\u0161\u0107e iz 2013.","datePublished":"2021-06-27T11:15:57+00:00","dateModified":"2021-06-27T11:15:58+00:00","mainEntityOfPage":{"@id":"https:\/\/radioljubuski.ba\/index.php\/2021\/06\/27\/eu-strani-lobiji-koji-promoviraju-pobacaj-sada-progurali-odbaceno-estrelino-izvjesce-iz-2013\/"},"wordCount":1281,"publisher":{"@id":"https:\/\/radioljubuski.ba\/#organization"},"image":{"@id":"https:\/\/radioljubuski.ba\/index.php\/2021\/06\/27\/eu-strani-lobiji-koji-promoviraju-pobacaj-sada-progurali-odbaceno-estrelino-izvjesce-iz-2013\/#primaryimage"},"thumbnailUrl":"https:\/\/radioljubuski.ba\/wp-content\/uploads\/2021\/06\/estrela-matic-696x464-1.jpg","articleSection":["BIH i regija"],"inLanguage":"hr"},{"@type":"WebPage","@id":"https:\/\/radioljubuski.ba\/index.php\/2021\/06\/27\/eu-strani-lobiji-koji-promoviraju-pobacaj-sada-progurali-odbaceno-estrelino-izvjesce-iz-2013\/","url":"https:\/\/radioljubuski.ba\/index.php\/2021\/06\/27\/eu-strani-lobiji-koji-promoviraju-pobacaj-sada-progurali-odbaceno-estrelino-izvjesce-iz-2013\/","name":"EU: Strani lobiji koji promoviraju poba\u010daj sada progurali odba\u010deno Estrelino izvje\u0161\u0107e iz 2013. - RADIO LJUBU\u0160KI","isPartOf":{"@id":"https:\/\/radioljubuski.ba\/#website"},"primaryImageOfPage":{"@id":"https:\/\/radioljubuski.ba\/index.php\/2021\/06\/27\/eu-strani-lobiji-koji-promoviraju-pobacaj-sada-progurali-odbaceno-estrelino-izvjesce-iz-2013\/#primaryimage"},"image":{"@id":"https:\/\/radioljubuski.ba\/index.php\/2021\/06\/27\/eu-strani-lobiji-koji-promoviraju-pobacaj-sada-progurali-odbaceno-estrelino-izvjesce-iz-2013\/#primaryimage"},"thumbnailUrl":"https:\/\/radioljubuski.ba\/wp-content\/uploads\/2021\/06\/estrela-matic-696x464-1.jpg","datePublished":"2021-06-27T11:15:57+00:00","dateModified":"2021-06-27T11:15:58+00:00","breadcrumb":{"@id":"https:\/\/radioljubuski.ba\/index.php\/2021\/06\/27\/eu-strani-lobiji-koji-promoviraju-pobacaj-sada-progurali-odbaceno-estrelino-izvjesce-iz-2013\/#breadcrumb"},"inLanguage":"hr","potentialAction":[{"@type":"ReadAction","target":["https:\/\/radioljubuski.ba\/index.php\/2021\/06\/27\/eu-strani-lobiji-koji-promoviraju-pobacaj-sada-progurali-odbaceno-estrelino-izvjesce-iz-2013\/"]}]},{"@type":"ImageObject","inLanguage":"hr","@id":"https:\/\/radioljubuski.ba\/index.php\/2021\/06\/27\/eu-strani-lobiji-koji-promoviraju-pobacaj-sada-progurali-odbaceno-estrelino-izvjesce-iz-2013\/#primaryimage","url":"https:\/\/radioljubuski.ba\/wp-content\/uploads\/2021\/06\/estrela-matic-696x464-1.jpg","contentUrl":"https:\/\/radioljubuski.ba\/wp-content\/uploads\/2021\/06\/estrela-matic-696x464-1.jpg","width":696,"height":464},{"@type":"BreadcrumbList","@id":"https:\/\/radioljubuski.ba\/index.php\/2021\/06\/27\/eu-strani-lobiji-koji-promoviraju-pobacaj-sada-progurali-odbaceno-estrelino-izvjesce-iz-2013\/#breadcrumb","itemListElement":[{"@type":"ListItem","position":1,"name":"Po\u010detna stranica","item":"https:\/\/radioljubuski.ba\/"},{"@type":"ListItem","position":2,"name":"EU: Strani lobiji koji promoviraju poba\u010daj sada progurali odba\u010deno Estrelino izvje\u0161\u0107e iz 2013."}]},{"@type":"WebSite","@id":"https:\/\/radioljubuski.ba\/#website","url":"https:\/\/radioljubuski.ba\/","name":"Radio Ljubu\u0161ki","description":"Sun\u010dana frekvencija Hercegovine","publisher":{"@id":"https:\/\/radioljubuski.ba\/#organization"},"potentialAction":[{"@type":"SearchAction","target":{"@type":"EntryPoint","urlTemplate":"https:\/\/radioljubuski.ba\/?s={search_term_string}"},"query-input":{"@type":"PropertyValueSpecification","valueRequired":true,"valueName":"search_term_string"}}],"inLanguage":"hr"},{"@type":"Organization","@id":"https:\/\/radioljubuski.ba\/#organization","name":"Radio Ljubu\u0161ki","url":"https:\/\/radioljubuski.ba\/","logo":{"@type":"ImageObject","inLanguage":"hr","@id":"https:\/\/radioljubuski.ba\/#\/schema\/logo\/image\/","url":"https:\/\/radioljubuski.ba\/wp-content\/uploads\/2021\/02\/cropped-Radio_Ljubuski_logo1.jpg","contentUrl":"https:\/\/radioljubuski.ba\/wp-content\/uploads\/2021\/02\/cropped-Radio_Ljubuski_logo1.jpg","width":512,"height":512,"caption":"Radio Ljubu\u0161ki"},"image":{"@id":"https:\/\/radioljubuski.ba\/#\/schema\/logo\/image\/"},"sameAs":["https:\/\/www.facebook.com\/Radiio-Ljubuski-1490835324566332","https:\/\/x.com\/radioljubuski","https:\/\/hr.linkedin.com\/company\/radio-ljubuski","https:\/\/www.youtube.com\/channel\/UCHYaeO_n0Db3tjNGudGpXyw"]},{"@type":"Person","@id":"https:\/\/radioljubuski.ba\/#\/schema\/person\/19fc700381a780f69665d7956c469e3b","name":"Radio Ljubu\u0161ki"}]}},"_links":{"self":[{"href":"https:\/\/radioljubuski.ba\/index.php\/wp-json\/wp\/v2\/posts\/36322","targetHints":{"allow":["GET"]}}],"collection":[{"href":"https:\/\/radioljubuski.ba\/index.php\/wp-json\/wp\/v2\/posts"}],"about":[{"href":"https:\/\/radioljubuski.ba\/index.php\/wp-json\/wp\/v2\/types\/post"}],"author":[{"embeddable":true,"href":"https:\/\/radioljubuski.ba\/index.php\/wp-json\/wp\/v2\/users\/2"}],"replies":[{"embeddable":true,"href":"https:\/\/radioljubuski.ba\/index.php\/wp-json\/wp\/v2\/comments?post=36322"}],"version-history":[{"count":1,"href":"https:\/\/radioljubuski.ba\/index.php\/wp-json\/wp\/v2\/posts\/36322\/revisions"}],"predecessor-version":[{"id":36324,"href":"https:\/\/radioljubuski.ba\/index.php\/wp-json\/wp\/v2\/posts\/36322\/revisions\/36324"}],"wp:featuredmedia":[{"embeddable":true,"href":"https:\/\/radioljubuski.ba\/index.php\/wp-json\/wp\/v2\/media\/36323"}],"wp:attachment":[{"href":"https:\/\/radioljubuski.ba\/index.php\/wp-json\/wp\/v2\/media?parent=36322"}],"wp:term":[{"taxonomy":"category","embeddable":true,"href":"https:\/\/radioljubuski.ba\/index.php\/wp-json\/wp\/v2\/categories?post=36322"},{"taxonomy":"post_tag","embeddable":true,"href":"https:\/\/radioljubuski.ba\/index.php\/wp-json\/wp\/v2\/tags?post=36322"}],"curies":[{"name":"wp","href":"https:\/\/api.w.org\/{rel}","templated":true}]}}