{"id":36328,"date":"2021-06-27T12:18:54","date_gmt":"2021-06-27T11:18:54","guid":{"rendered":"https:\/\/radioljubuski.ba\/?p=36328"},"modified":"2021-06-27T12:18:56","modified_gmt":"2021-06-27T11:18:56","slug":"informaticke-olimpijade-velik-uspjeh-hrvatskih-ucenika","status":"publish","type":"post","link":"https:\/\/radioljubuski.ba\/index.php\/2021\/06\/27\/informaticke-olimpijade-velik-uspjeh-hrvatskih-ucenika\/","title":{"rendered":"Informati\u010dke olimpijade: Velik uspjeh hrvatskih u\u010denika!"},"content":{"rendered":"\n<p>U Hrvatsku iz \u0160vicarskog Zuricha sti\u017eu medalje \u2013 one informati\u010dke. Na\u0161e srednjo\u0161kolke osvojile su na prvoj europskoj informati\u010dkoj olimpijadi za djevojke ukupno tri medalje, a me\u0111u njima je i jedna zlatnog sjaja. Osim toga \u2013 Hrvatska je bila najbolja reprezentacija iz Europe i na 33. me\u0111unarodnoj informati\u010dkoj olimpijadi u Singapuru.<\/p>\n\n\n\n<p><strong>Na\u0161e srednjo\u0161kolke osvojile su tri medalje na prvoj europskoj informati\u010dkoj olimpijadi<\/strong><\/p>\n\n\n\n<p>Povijesni uspjeh maturantice 15. gimnazije u Zagrebu. U \u017eestokoj konkurenciji 157 djevojaka iz 11 zemalja, Ema je na prvoj europskoj \u017eenskoj informati\u010dkoj olimpijadi osvojila najposebniju medalju \u2013 onu zlatnu, javlja&nbsp;<a href=\"https:\/\/www.rtl.hr\/vijesti-hr\/novosti\/hrvatska\/4059166\/uspjeh-za-pamcenje-nase-srednjoskolke-osvojile-su-tri-medalje-na-prvoj-europskoj-informatickoj-olimpijadi\/\" target=\"_blank\" rel=\"noreferrer noopener\">RTL<\/a>.<\/p>\n\n\n\n<p><strong>Ema Borevkovi\u0107<\/strong>, osvaja\u010dica zlatne medalje na Europskoj informati\u010dkoj olimpijadi za djevojke : \u201cOva medalja mi jako puno zna\u010di zato \u0161to se ovim bavim ve\u0107 zadnjih 5 godina. Gotovo svakodnevno vje\u017ebam informatiku ili matematiku i jako mali broj ljudi dobije priliku sudjelovati na ovim natjecanjima i jako sam zahvalna da sam dobila priliku\u201d.<\/p>\n\n\n\n<p>Rije\u010d je o dvodnevnom, online natjecanju u rje\u0161avanju 8 algoritamskih zadataka.<\/p>\n\n\n\n<p>\u201cZapravo se jedan zadatak rje\u0161ava par sati. Zna\u010di, ne radi se o tome da je jako malo zadataka u jako malo vremena, nego je stvarno rije\u010d o te\u0161kim i izazovnim zadacima koji zahtijevaju jako puno vremena\u201d, dodala je Ema.<\/p>\n\n\n\n<p>Hrvatskoj informati\u010dkoj reprezentaciji srebrne medalje donijele su&nbsp;<strong>Lara i Martina<\/strong>. Sve se sla\u017eu u jednom \u2013 ni\u0161ta se od ovoga nije dogodilo preko no\u0107i, ve\u0107 uz vi\u0161egodi\u0161nje pripreme.<\/p>\n\n\n\n<p><strong>Lara Seme\u0161<\/strong>, osvaja\u010dica srebrne medalje na Europskoj informati\u010dkoj olimpijadi za djevojke: \u201cPro\u0161le godine sam osvojila isto tako srebro na europskoj juniorskoj olimpijadi, zna\u010di za osnovne \u0161kole, a stvarno mi je drago da sam ju osvojila i nadam se da \u0107e mo\u017eda biti i zlata u kasnijim godinama jer imam jo\u0161 3 godine pred sobom\u201d.<\/p>\n\n\n\n<p>A ova olimpijka iz Pule poha\u0111a \u010dak dvije \u0161kole \u2013 gimnaziju i glazbenu. Veseli je sve ve\u0107i interes djevojaka za informatiku i matematiku.<\/p>\n\n\n\n<p><strong>Martina Licul<\/strong>, osvaja\u010dica srebrne medalje na Europskoj informati\u010dkoj olimpijadi za djevojke: \u201cAko usporedim kad sam ja bila 5. razred i sada, puno je vi\u0161e djevojaka. U mom 5. razredu bila sam jedina cura na natjecanju unutar osnovne \u0161kole, a sad ih ima sve vi\u0161e i vi\u0161e i to mi je drago vidjeti\u201d.<\/p>\n\n\n\n<p>Iako interes za programiranje raste, i dalje postoji manjak djevojaka u IT sektoru.<\/p>\n\n\n\n<p><strong>Nikola Dmitrovi\u0107<\/strong>, ravnatelj XV. gimnazije u Zagrebu i \u010dlan Hrvatskog saveza informati\u010dara: \u201cTako da ovo natjecanje upravo ide u tom smjeru da se ta brojka pove\u0107a. Ne samo u Europi nego i u Hrvatskoj i eto, mi smo uhvatili taj vlak i idemo s njim\u201d.<\/p>\n\n\n\n<p>Dok Ema planira upisati studij matematike, ostale djevojke \u0107e ljeto provesti uz informati\u010dke kampove i natjecanja \u2013 jer pripreme za informati\u010dku olimpijadu sljede\u0107e godine u Turskoj, za njih su \u2013 ve\u0107 po\u010dele.<\/p>\n\n\n\n<p><strong>Hrvatska je i najbolja u Europi na informati\u010dkoj olimpijadi<\/strong><\/p>\n\n\n\n<p>Mala zemlja velikih uspjeha \u2013 u \u010demu je tajna, otkrio je&nbsp;<strong>Vlado Lendvaj<\/strong><\/p>\n\n\n\n<p>Hrvatska je bila najbolja reprezentacija iz Europe i na 33-oj me\u0111unarodnoj informati\u010dkoj olimpijadi u Singapuru.<\/p>\n\n\n\n<p>To je najva\u017enije me\u0111unarodno natjecanje mladih informati\u010dara.&nbsp;<strong>Dorijan Lendvaj<\/strong>&nbsp;i&nbsp;<strong>Patrick Pavi\u0107<\/strong>&nbsp;su osvojili zlato,&nbsp;<strong>Vito Ani\u0107<\/strong>&nbsp;srebro, a&nbsp;<strong>Kre\u0161imir Ne\u017emah<\/strong>&nbsp;broncu. De\u010dki su na zaslu\u017eenom predahu \u2013 predsjednik Saveza informati\u010dara Vlado Lendvaj gostovao je u studiju&nbsp;<a href=\"https:\/\/www.rtl.hr\/vijesti-hr\/novosti\/hrvatska\/4059168\/hrvatska-je-i-najbolja-u-europi-na-informatickoj-olimpijadi-godinama-se-pripremas-za-uspjeh-pa-preko-noci-dodje-do-rezultata\/\" target=\"_blank\" rel=\"noreferrer noopener\">RTL-a Danas<\/a>.<\/p>\n\n\n\n<p><strong><em>Uspjeh je nevjerojatan. Mala zemlja velikih uspjeha \u2013 u \u010demu je tajna?<\/em><\/strong><\/p>\n\n\n\n<p>Tajna je u radu nekoliko stotina ljudi u Savezu i Zajednice tehni\u010dke kulture koji rade sustav natjecanja i priprema i natjecanja za studente srednjo\u0161kolce i osnovno\u0161kolce.<\/p>\n\n\n\n<p>Hrvatska je s trona skinula \u010dak i do sada nepobjedivu Rusiju \u2013 kako je izgledalo natjecanje, budu\u0107i da je bilo online zbog epidemiolo\u0161ke situacije.<\/p>\n\n\n\n<p>Bilo je organizirano da svi sudionici sudjeluju iz svoje dr\u017eave, bilo je i slu\u010dajeva gdje su npr. iz Egipta bili su u Francuskoj. Sustav je bio strog, natjecatelji su nastupali unutar virtualne ma\u0161ine koja je spojena na server za ocjenjivanje, sve se snimalo, sve je uploadano unutar 24 sata.<\/p>\n\n\n\n<p><strong><em>Me\u0111u zlatnima je i va\u0161 sin Dorijan \u2013 pa vi kao i roditelj i kao mentor znate \u0161to zna\u010di pripremati se za ovakvo natjecanje\u2026.<\/em><\/strong><\/p>\n\n\n\n<p>Nema tu pripremanja samo za jedno natjecanje, godinama se priprema\u0161 i preko no\u0107i do\u0111e do rezultata.<\/p>\n\n\n\n<p><strong><em>Ovaj tim ni\u017ee uspjehe iz godinu u godinu. Gdje zavr\u0161e ovi mladi genijalci \u2013 prati li ih sustav ?<\/em><\/strong><\/p>\n\n\n\n<p>Naj\u010de\u0161\u0107e zavr\u0161e u privatnim firmama koje ih mogu platiti koliko vrijede, Facebook love ali ima i hrvatskih fima. Neki zavr\u0161e kao profesori na FER-u\u2026 Kod nas je sustav gdje je sve uravnote\u017eeno, nema prostora za napredak i za one koji mogu dati razliku.<\/p>\n\n\n\n<p><strong><em>Krije li se me\u0111u njima hrvatski Bill Gates?<\/em><\/strong><\/p>\n\n\n\n<p>Vjerojatno \u0107e biti efekata, vidite da je IT industrija uspjela napredovati kod nas, ono \u010deg se dr\u017eava primi to naj\u010de\u0161\u0107e smeta.<\/p>\n\n\n\n<p><em>Izvor: narod.hr\/rtl<\/em><\/p>\n","protected":false},"excerpt":{"rendered":"<p>U Hrvatsku iz \u0160vicarskog Zuricha sti\u017eu medalje \u2013 one informati\u010dke. Na\u0161e srednjo\u0161kolke osvojile su na prvoj europskoj informati\u010dkoj olimpijadi za djevojke ukupno tri medalje, a me\u0111u njima je i jedna zlatnog sjaja. Osim toga \u2013 Hrvatska je bila najbolja reprezentacija iz Europe i na 33. me\u0111unarodnoj informati\u010dkoj olimpijadi u Singapuru. Na\u0161e srednjo\u0161kolke osvojile su tri [&hellip;]<\/p>\n","protected":false},"author":2,"featured_media":36329,"comment_status":"closed","ping_status":"closed","sticky":false,"template":"","format":"standard","meta":{"h5ap_radio_sources":[],"footnotes":""},"categories":[1],"tags":[],"class_list":["post-36328","post","type-post","status-publish","format-standard","has-post-thumbnail","hentry","category-bihiregija"],"yoast_head":"<!-- This site is optimized with the Yoast SEO plugin v27.5 - https:\/\/yoast.com\/product\/yoast-seo-wordpress\/ -->\n<title>Informati\u010dke olimpijade: Velik uspjeh hrvatskih u\u010denika! - RADIO LJUBU\u0160KI<\/title>\n<meta name=\"robots\" content=\"index, follow, max-snippet:-1, max-image-preview:large, max-video-preview:-1\" \/>\n<link rel=\"canonical\" href=\"https:\/\/radioljubuski.ba\/index.php\/2021\/06\/27\/informaticke-olimpijade-velik-uspjeh-hrvatskih-ucenika\/\" \/>\n<meta property=\"og:locale\" content=\"hr_HR\" \/>\n<meta property=\"og:type\" content=\"article\" \/>\n<meta property=\"og:title\" content=\"Informati\u010dke olimpijade: Velik uspjeh hrvatskih u\u010denika! - RADIO LJUBU\u0160KI\" \/>\n<meta property=\"og:description\" content=\"U Hrvatsku iz \u0160vicarskog Zuricha sti\u017eu medalje \u2013 one informati\u010dke. Na\u0161e srednjo\u0161kolke osvojile su na prvoj europskoj informati\u010dkoj olimpijadi za djevojke ukupno tri medalje, a me\u0111u njima je i jedna zlatnog sjaja. Osim toga \u2013 Hrvatska je bila najbolja reprezentacija iz Europe i na 33. me\u0111unarodnoj informati\u010dkoj olimpijadi u Singapuru. Na\u0161e srednjo\u0161kolke osvojile su tri [&hellip;]\" \/>\n<meta property=\"og:url\" content=\"https:\/\/radioljubuski.ba\/index.php\/2021\/06\/27\/informaticke-olimpijade-velik-uspjeh-hrvatskih-ucenika\/\" \/>\n<meta property=\"og:site_name\" content=\"RADIO LJUBU\u0160KI\" \/>\n<meta property=\"article:publisher\" content=\"https:\/\/www.facebook.com\/Radiio-Ljubuski-1490835324566332\" \/>\n<meta property=\"article:published_time\" content=\"2021-06-27T11:18:54+00:00\" \/>\n<meta property=\"article:modified_time\" content=\"2021-06-27T11:18:56+00:00\" \/>\n<meta property=\"og:image\" content=\"https:\/\/radioljubuski.ba\/wp-content\/uploads\/2021\/06\/hrvatski-savez-informaticara-pobjednici-696x464-1.jpg\" \/>\n\t<meta property=\"og:image:width\" content=\"696\" \/>\n\t<meta property=\"og:image:height\" content=\"464\" \/>\n\t<meta property=\"og:image:type\" content=\"image\/jpeg\" \/>\n<meta name=\"author\" content=\"Radio Ljubu\u0161ki\" \/>\n<meta name=\"twitter:card\" content=\"summary_large_image\" \/>\n<meta name=\"twitter:creator\" content=\"@radioljubuski\" \/>\n<meta name=\"twitter:site\" content=\"@radioljubuski\" \/>\n<meta name=\"twitter:label1\" content=\"Napisao\/la\" \/>\n\t<meta name=\"twitter:data1\" content=\"Radio Ljubu\u0161ki\" \/>\n\t<meta name=\"twitter:label2\" content=\"Procijenjeno vrijeme \u010ditanja\" \/>\n\t<meta name=\"twitter:data2\" content=\"4 minute\" \/>\n<script type=\"application\/ld+json\" class=\"yoast-schema-graph\">{\"@context\":\"https:\\\/\\\/schema.org\",\"@graph\":[{\"@type\":\"Article\",\"@id\":\"https:\\\/\\\/radioljubuski.ba\\\/index.php\\\/2021\\\/06\\\/27\\\/informaticke-olimpijade-velik-uspjeh-hrvatskih-ucenika\\\/#article\",\"isPartOf\":{\"@id\":\"https:\\\/\\\/radioljubuski.ba\\\/index.php\\\/2021\\\/06\\\/27\\\/informaticke-olimpijade-velik-uspjeh-hrvatskih-ucenika\\\/\"},\"author\":{\"name\":\"Radio Ljubu\u0161ki\",\"@id\":\"https:\\\/\\\/radioljubuski.ba\\\/#\\\/schema\\\/person\\\/19fc700381a780f69665d7956c469e3b\"},\"headline\":\"Informati\u010dke olimpijade: Velik uspjeh hrvatskih u\u010denika!\",\"datePublished\":\"2021-06-27T11:18:54+00:00\",\"dateModified\":\"2021-06-27T11:18:56+00:00\",\"mainEntityOfPage\":{\"@id\":\"https:\\\/\\\/radioljubuski.ba\\\/index.php\\\/2021\\\/06\\\/27\\\/informaticke-olimpijade-velik-uspjeh-hrvatskih-ucenika\\\/\"},\"wordCount\":836,\"publisher\":{\"@id\":\"https:\\\/\\\/radioljubuski.ba\\\/#organization\"},\"image\":{\"@id\":\"https:\\\/\\\/radioljubuski.ba\\\/index.php\\\/2021\\\/06\\\/27\\\/informaticke-olimpijade-velik-uspjeh-hrvatskih-ucenika\\\/#primaryimage\"},\"thumbnailUrl\":\"https:\\\/\\\/radioljubuski.ba\\\/wp-content\\\/uploads\\\/2021\\\/06\\\/hrvatski-savez-informaticara-pobjednici-696x464-1.jpg\",\"articleSection\":[\"BIH i regija\"],\"inLanguage\":\"hr\"},{\"@type\":\"WebPage\",\"@id\":\"https:\\\/\\\/radioljubuski.ba\\\/index.php\\\/2021\\\/06\\\/27\\\/informaticke-olimpijade-velik-uspjeh-hrvatskih-ucenika\\\/\",\"url\":\"https:\\\/\\\/radioljubuski.ba\\\/index.php\\\/2021\\\/06\\\/27\\\/informaticke-olimpijade-velik-uspjeh-hrvatskih-ucenika\\\/\",\"name\":\"Informati\u010dke olimpijade: Velik uspjeh hrvatskih u\u010denika! - RADIO LJUBU\u0160KI\",\"isPartOf\":{\"@id\":\"https:\\\/\\\/radioljubuski.ba\\\/#website\"},\"primaryImageOfPage\":{\"@id\":\"https:\\\/\\\/radioljubuski.ba\\\/index.php\\\/2021\\\/06\\\/27\\\/informaticke-olimpijade-velik-uspjeh-hrvatskih-ucenika\\\/#primaryimage\"},\"image\":{\"@id\":\"https:\\\/\\\/radioljubuski.ba\\\/index.php\\\/2021\\\/06\\\/27\\\/informaticke-olimpijade-velik-uspjeh-hrvatskih-ucenika\\\/#primaryimage\"},\"thumbnailUrl\":\"https:\\\/\\\/radioljubuski.ba\\\/wp-content\\\/uploads\\\/2021\\\/06\\\/hrvatski-savez-informaticara-pobjednici-696x464-1.jpg\",\"datePublished\":\"2021-06-27T11:18:54+00:00\",\"dateModified\":\"2021-06-27T11:18:56+00:00\",\"breadcrumb\":{\"@id\":\"https:\\\/\\\/radioljubuski.ba\\\/index.php\\\/2021\\\/06\\\/27\\\/informaticke-olimpijade-velik-uspjeh-hrvatskih-ucenika\\\/#breadcrumb\"},\"inLanguage\":\"hr\",\"potentialAction\":[{\"@type\":\"ReadAction\",\"target\":[\"https:\\\/\\\/radioljubuski.ba\\\/index.php\\\/2021\\\/06\\\/27\\\/informaticke-olimpijade-velik-uspjeh-hrvatskih-ucenika\\\/\"]}]},{\"@type\":\"ImageObject\",\"inLanguage\":\"hr\",\"@id\":\"https:\\\/\\\/radioljubuski.ba\\\/index.php\\\/2021\\\/06\\\/27\\\/informaticke-olimpijade-velik-uspjeh-hrvatskih-ucenika\\\/#primaryimage\",\"url\":\"https:\\\/\\\/radioljubuski.ba\\\/wp-content\\\/uploads\\\/2021\\\/06\\\/hrvatski-savez-informaticara-pobjednici-696x464-1.jpg\",\"contentUrl\":\"https:\\\/\\\/radioljubuski.ba\\\/wp-content\\\/uploads\\\/2021\\\/06\\\/hrvatski-savez-informaticara-pobjednici-696x464-1.jpg\",\"width\":696,\"height\":464},{\"@type\":\"BreadcrumbList\",\"@id\":\"https:\\\/\\\/radioljubuski.ba\\\/index.php\\\/2021\\\/06\\\/27\\\/informaticke-olimpijade-velik-uspjeh-hrvatskih-ucenika\\\/#breadcrumb\",\"itemListElement\":[{\"@type\":\"ListItem\",\"position\":1,\"name\":\"Po\u010detna stranica\",\"item\":\"https:\\\/\\\/radioljubuski.ba\\\/\"},{\"@type\":\"ListItem\",\"position\":2,\"name\":\"Informati\u010dke olimpijade: Velik uspjeh hrvatskih u\u010denika!\"}]},{\"@type\":\"WebSite\",\"@id\":\"https:\\\/\\\/radioljubuski.ba\\\/#website\",\"url\":\"https:\\\/\\\/radioljubuski.ba\\\/\",\"name\":\"Radio Ljubu\u0161ki\",\"description\":\"Sun\u010dana frekvencija Hercegovine\",\"publisher\":{\"@id\":\"https:\\\/\\\/radioljubuski.ba\\\/#organization\"},\"potentialAction\":[{\"@type\":\"SearchAction\",\"target\":{\"@type\":\"EntryPoint\",\"urlTemplate\":\"https:\\\/\\\/radioljubuski.ba\\\/?s={search_term_string}\"},\"query-input\":{\"@type\":\"PropertyValueSpecification\",\"valueRequired\":true,\"valueName\":\"search_term_string\"}}],\"inLanguage\":\"hr\"},{\"@type\":\"Organization\",\"@id\":\"https:\\\/\\\/radioljubuski.ba\\\/#organization\",\"name\":\"Radio Ljubu\u0161ki\",\"url\":\"https:\\\/\\\/radioljubuski.ba\\\/\",\"logo\":{\"@type\":\"ImageObject\",\"inLanguage\":\"hr\",\"@id\":\"https:\\\/\\\/radioljubuski.ba\\\/#\\\/schema\\\/logo\\\/image\\\/\",\"url\":\"https:\\\/\\\/radioljubuski.ba\\\/wp-content\\\/uploads\\\/2021\\\/02\\\/cropped-Radio_Ljubuski_logo1.jpg\",\"contentUrl\":\"https:\\\/\\\/radioljubuski.ba\\\/wp-content\\\/uploads\\\/2021\\\/02\\\/cropped-Radio_Ljubuski_logo1.jpg\",\"width\":512,\"height\":512,\"caption\":\"Radio Ljubu\u0161ki\"},\"image\":{\"@id\":\"https:\\\/\\\/radioljubuski.ba\\\/#\\\/schema\\\/logo\\\/image\\\/\"},\"sameAs\":[\"https:\\\/\\\/www.facebook.com\\\/Radiio-Ljubuski-1490835324566332\",\"https:\\\/\\\/x.com\\\/radioljubuski\",\"https:\\\/\\\/hr.linkedin.com\\\/company\\\/radio-ljubuski\",\"https:\\\/\\\/www.youtube.com\\\/channel\\\/UCHYaeO_n0Db3tjNGudGpXyw\"]},{\"@type\":\"Person\",\"@id\":\"https:\\\/\\\/radioljubuski.ba\\\/#\\\/schema\\\/person\\\/19fc700381a780f69665d7956c469e3b\",\"name\":\"Radio Ljubu\u0161ki\"}]}<\/script>\n<!-- \/ Yoast SEO plugin. -->","yoast_head_json":{"title":"Informati\u010dke olimpijade: Velik uspjeh hrvatskih u\u010denika! - RADIO LJUBU\u0160KI","robots":{"index":"index","follow":"follow","max-snippet":"max-snippet:-1","max-image-preview":"max-image-preview:large","max-video-preview":"max-video-preview:-1"},"canonical":"https:\/\/radioljubuski.ba\/index.php\/2021\/06\/27\/informaticke-olimpijade-velik-uspjeh-hrvatskih-ucenika\/","og_locale":"hr_HR","og_type":"article","og_title":"Informati\u010dke olimpijade: Velik uspjeh hrvatskih u\u010denika! - RADIO LJUBU\u0160KI","og_description":"U Hrvatsku iz \u0160vicarskog Zuricha sti\u017eu medalje \u2013 one informati\u010dke. Na\u0161e srednjo\u0161kolke osvojile su na prvoj europskoj informati\u010dkoj olimpijadi za djevojke ukupno tri medalje, a me\u0111u njima je i jedna zlatnog sjaja. Osim toga \u2013 Hrvatska je bila najbolja reprezentacija iz Europe i na 33. me\u0111unarodnoj informati\u010dkoj olimpijadi u Singapuru. Na\u0161e srednjo\u0161kolke osvojile su tri [&hellip;]","og_url":"https:\/\/radioljubuski.ba\/index.php\/2021\/06\/27\/informaticke-olimpijade-velik-uspjeh-hrvatskih-ucenika\/","og_site_name":"RADIO LJUBU\u0160KI","article_publisher":"https:\/\/www.facebook.com\/Radiio-Ljubuski-1490835324566332","article_published_time":"2021-06-27T11:18:54+00:00","article_modified_time":"2021-06-27T11:18:56+00:00","og_image":[{"width":696,"height":464,"url":"https:\/\/radioljubuski.ba\/wp-content\/uploads\/2021\/06\/hrvatski-savez-informaticara-pobjednici-696x464-1.jpg","type":"image\/jpeg"}],"author":"Radio Ljubu\u0161ki","twitter_card":"summary_large_image","twitter_creator":"@radioljubuski","twitter_site":"@radioljubuski","twitter_misc":{"Napisao\/la":"Radio Ljubu\u0161ki","Procijenjeno vrijeme \u010ditanja":"4 minute"},"schema":{"@context":"https:\/\/schema.org","@graph":[{"@type":"Article","@id":"https:\/\/radioljubuski.ba\/index.php\/2021\/06\/27\/informaticke-olimpijade-velik-uspjeh-hrvatskih-ucenika\/#article","isPartOf":{"@id":"https:\/\/radioljubuski.ba\/index.php\/2021\/06\/27\/informaticke-olimpijade-velik-uspjeh-hrvatskih-ucenika\/"},"author":{"name":"Radio Ljubu\u0161ki","@id":"https:\/\/radioljubuski.ba\/#\/schema\/person\/19fc700381a780f69665d7956c469e3b"},"headline":"Informati\u010dke olimpijade: Velik uspjeh hrvatskih u\u010denika!","datePublished":"2021-06-27T11:18:54+00:00","dateModified":"2021-06-27T11:18:56+00:00","mainEntityOfPage":{"@id":"https:\/\/radioljubuski.ba\/index.php\/2021\/06\/27\/informaticke-olimpijade-velik-uspjeh-hrvatskih-ucenika\/"},"wordCount":836,"publisher":{"@id":"https:\/\/radioljubuski.ba\/#organization"},"image":{"@id":"https:\/\/radioljubuski.ba\/index.php\/2021\/06\/27\/informaticke-olimpijade-velik-uspjeh-hrvatskih-ucenika\/#primaryimage"},"thumbnailUrl":"https:\/\/radioljubuski.ba\/wp-content\/uploads\/2021\/06\/hrvatski-savez-informaticara-pobjednici-696x464-1.jpg","articleSection":["BIH i regija"],"inLanguage":"hr"},{"@type":"WebPage","@id":"https:\/\/radioljubuski.ba\/index.php\/2021\/06\/27\/informaticke-olimpijade-velik-uspjeh-hrvatskih-ucenika\/","url":"https:\/\/radioljubuski.ba\/index.php\/2021\/06\/27\/informaticke-olimpijade-velik-uspjeh-hrvatskih-ucenika\/","name":"Informati\u010dke olimpijade: Velik uspjeh hrvatskih u\u010denika! - RADIO LJUBU\u0160KI","isPartOf":{"@id":"https:\/\/radioljubuski.ba\/#website"},"primaryImageOfPage":{"@id":"https:\/\/radioljubuski.ba\/index.php\/2021\/06\/27\/informaticke-olimpijade-velik-uspjeh-hrvatskih-ucenika\/#primaryimage"},"image":{"@id":"https:\/\/radioljubuski.ba\/index.php\/2021\/06\/27\/informaticke-olimpijade-velik-uspjeh-hrvatskih-ucenika\/#primaryimage"},"thumbnailUrl":"https:\/\/radioljubuski.ba\/wp-content\/uploads\/2021\/06\/hrvatski-savez-informaticara-pobjednici-696x464-1.jpg","datePublished":"2021-06-27T11:18:54+00:00","dateModified":"2021-06-27T11:18:56+00:00","breadcrumb":{"@id":"https:\/\/radioljubuski.ba\/index.php\/2021\/06\/27\/informaticke-olimpijade-velik-uspjeh-hrvatskih-ucenika\/#breadcrumb"},"inLanguage":"hr","potentialAction":[{"@type":"ReadAction","target":["https:\/\/radioljubuski.ba\/index.php\/2021\/06\/27\/informaticke-olimpijade-velik-uspjeh-hrvatskih-ucenika\/"]}]},{"@type":"ImageObject","inLanguage":"hr","@id":"https:\/\/radioljubuski.ba\/index.php\/2021\/06\/27\/informaticke-olimpijade-velik-uspjeh-hrvatskih-ucenika\/#primaryimage","url":"https:\/\/radioljubuski.ba\/wp-content\/uploads\/2021\/06\/hrvatski-savez-informaticara-pobjednici-696x464-1.jpg","contentUrl":"https:\/\/radioljubuski.ba\/wp-content\/uploads\/2021\/06\/hrvatski-savez-informaticara-pobjednici-696x464-1.jpg","width":696,"height":464},{"@type":"BreadcrumbList","@id":"https:\/\/radioljubuski.ba\/index.php\/2021\/06\/27\/informaticke-olimpijade-velik-uspjeh-hrvatskih-ucenika\/#breadcrumb","itemListElement":[{"@type":"ListItem","position":1,"name":"Po\u010detna stranica","item":"https:\/\/radioljubuski.ba\/"},{"@type":"ListItem","position":2,"name":"Informati\u010dke olimpijade: Velik uspjeh hrvatskih u\u010denika!"}]},{"@type":"WebSite","@id":"https:\/\/radioljubuski.ba\/#website","url":"https:\/\/radioljubuski.ba\/","name":"Radio Ljubu\u0161ki","description":"Sun\u010dana frekvencija Hercegovine","publisher":{"@id":"https:\/\/radioljubuski.ba\/#organization"},"potentialAction":[{"@type":"SearchAction","target":{"@type":"EntryPoint","urlTemplate":"https:\/\/radioljubuski.ba\/?s={search_term_string}"},"query-input":{"@type":"PropertyValueSpecification","valueRequired":true,"valueName":"search_term_string"}}],"inLanguage":"hr"},{"@type":"Organization","@id":"https:\/\/radioljubuski.ba\/#organization","name":"Radio Ljubu\u0161ki","url":"https:\/\/radioljubuski.ba\/","logo":{"@type":"ImageObject","inLanguage":"hr","@id":"https:\/\/radioljubuski.ba\/#\/schema\/logo\/image\/","url":"https:\/\/radioljubuski.ba\/wp-content\/uploads\/2021\/02\/cropped-Radio_Ljubuski_logo1.jpg","contentUrl":"https:\/\/radioljubuski.ba\/wp-content\/uploads\/2021\/02\/cropped-Radio_Ljubuski_logo1.jpg","width":512,"height":512,"caption":"Radio Ljubu\u0161ki"},"image":{"@id":"https:\/\/radioljubuski.ba\/#\/schema\/logo\/image\/"},"sameAs":["https:\/\/www.facebook.com\/Radiio-Ljubuski-1490835324566332","https:\/\/x.com\/radioljubuski","https:\/\/hr.linkedin.com\/company\/radio-ljubuski","https:\/\/www.youtube.com\/channel\/UCHYaeO_n0Db3tjNGudGpXyw"]},{"@type":"Person","@id":"https:\/\/radioljubuski.ba\/#\/schema\/person\/19fc700381a780f69665d7956c469e3b","name":"Radio Ljubu\u0161ki"}]}},"_links":{"self":[{"href":"https:\/\/radioljubuski.ba\/index.php\/wp-json\/wp\/v2\/posts\/36328","targetHints":{"allow":["GET"]}}],"collection":[{"href":"https:\/\/radioljubuski.ba\/index.php\/wp-json\/wp\/v2\/posts"}],"about":[{"href":"https:\/\/radioljubuski.ba\/index.php\/wp-json\/wp\/v2\/types\/post"}],"author":[{"embeddable":true,"href":"https:\/\/radioljubuski.ba\/index.php\/wp-json\/wp\/v2\/users\/2"}],"replies":[{"embeddable":true,"href":"https:\/\/radioljubuski.ba\/index.php\/wp-json\/wp\/v2\/comments?post=36328"}],"version-history":[{"count":1,"href":"https:\/\/radioljubuski.ba\/index.php\/wp-json\/wp\/v2\/posts\/36328\/revisions"}],"predecessor-version":[{"id":36330,"href":"https:\/\/radioljubuski.ba\/index.php\/wp-json\/wp\/v2\/posts\/36328\/revisions\/36330"}],"wp:featuredmedia":[{"embeddable":true,"href":"https:\/\/radioljubuski.ba\/index.php\/wp-json\/wp\/v2\/media\/36329"}],"wp:attachment":[{"href":"https:\/\/radioljubuski.ba\/index.php\/wp-json\/wp\/v2\/media?parent=36328"}],"wp:term":[{"taxonomy":"category","embeddable":true,"href":"https:\/\/radioljubuski.ba\/index.php\/wp-json\/wp\/v2\/categories?post=36328"},{"taxonomy":"post_tag","embeddable":true,"href":"https:\/\/radioljubuski.ba\/index.php\/wp-json\/wp\/v2\/tags?post=36328"}],"curies":[{"name":"wp","href":"https:\/\/api.w.org\/{rel}","templated":true}]}}