{"id":36334,"date":"2021-06-27T12:22:18","date_gmt":"2021-06-27T11:22:18","guid":{"rendered":"https:\/\/radioljubuski.ba\/?p=36334"},"modified":"2021-06-27T12:22:20","modified_gmt":"2021-06-27T11:22:20","slug":"popularna-odredista-za-njemacke-turiste-mallorca-grcki-otoci-hrvatska","status":"publish","type":"post","link":"https:\/\/radioljubuski.ba\/index.php\/2021\/06\/27\/popularna-odredista-za-njemacke-turiste-mallorca-grcki-otoci-hrvatska\/","title":{"rendered":"Popularna odredi\u0161ta za njema\u010dke turiste: Mallorca, gr\u010dki otoci, Hrvatska\u2026"},"content":{"rendered":"\n<p>Nijemci su uglavnom rezervirali turisti\u010dki smje\u0161taj za kraj ove godine i sljede\u0107u godinu, ali sada kada se znaju uvjeti putovanja i prelazaka granice, po\u010deli su rezervirati smje\u0161taj i za glavnu turisti\u010dku sezonu.<\/p>\n\n\n\n<p>Priop\u0107ili su to iz DRV-a, krovne udruge njema\u010dke turisti\u010dke privrede te su objavili i koja su Nijemcima omiljena odredi\u0161ta. Me\u0111u njima su Mallorca i gr\u010dki otoci, koji su prvi maknuli ograni\u010denja za turiste.<\/p>\n\n\n\n<p>Cijene za te destinacije ve\u0107 su povi\u0161ene, a posebno su se pove\u0107ale rezervacije za isto\u010dno sredozemlje, gdje spada i turska rivijera. Sve su popularniji Egipat i Portugal te destinacije do kojih Nijemci mogu autom, u \u0161to spada i Hrvatska.<\/p>\n\n\n\n<p>Od ovog trenda profitira i \u0160vicarska te poljska balti\u010dka obala, ali i doma\u0107a ljetovali\u0161ta na Sjevernom i Blati\u010dkom moru kao i na jugu Njema\u010dke. Raste i potra\u017enja za ne\u0161to daljim odredi\u0161tima poput Dominikanske republike i Maldiva, ali ljeto nije glavna sezona za te destinacije, ka\u017eu iz DRV-a.<\/p>\n\n\n\n<p><strong>Ove godine su spremni platiti vi\u0161e<\/strong><\/p>\n\n\n\n<p>Iz DRV-a ka\u017eu kako se ove godine mo\u017ee primijetiti i jo\u0161 jedan fenomen, a to je da su Nijemci sada spremni platiti vi\u0161e. Raste potra\u017enja za luksuznijim smje\u0161tajem te bukiraju du\u017ee odmore od o\u010dekivanog, a ne paze ni na svaki cent \u0161to se ti\u010de dodatnih sadr\u017eaja.<\/p>\n\n\n\n<p>Ponude u hotelima skuplje su i zbog same \u010dinjenice da nisu svi otvoreni, tako je na Mallorci otvoreno samo njih 63. Sli\u010dno je i s letovima. Mnoge zrakoplovne kompanije jo\u0161 nisu u promet pustile sve svoje zrakoplove a mnoge kompanije, poput ameri\u010dke Delte, su u potrazi za pilotima od kojih su mnogi tijekom pandemije preorijentirali na neke nove izvore prihoda, pi\u0161e&nbsp;<a href=\"https:\/\/www.dw.com\/hr\/njema%C4%8Dka-turisti%C4%8Dka-bran%C5%A1a-se-budi\/a-58038502\" target=\"_blank\" rel=\"noreferrer noopener\">DW<\/a>.<\/p>\n\n\n\n<p><strong>Vra\u0107aju se putni\u010dkim agencijama<\/strong><\/p>\n\n\n\n<p>U DRV-u isti\u010du da se Nijemci u sezoni 2021. ponovno vra\u0107aju klasi\u010dnim pau\u0161alnim putovanjima koja se rezerviraju izravno u poslovnicama turisti\u010dkih kompanija.<\/p>\n\n\n\n<p>\u201cSa zadovoljstvom primje\u0107ujemo da Nijemci u ovoj sezoni ponovno bukiraju direktno u poslovnicama i daju prednost pau\u0161alnim putovanjima za koje postoji visok stupanj sigurnosti povrata novca u slu\u010daju nepredvidivog razvoja doga\u0111aja. Primje\u0107ujemo da se mu\u0161terije izda\u0161nije informiraju o svim detaljima prilikom kupnje pau\u0161alnog odmora\u201d, stoji u priop\u0107enju DRV-a.<\/p>\n\n\n\n<p>Razgovor u\u017eivo s osobom u turisti\u010dkoj agenciji ulijeva vi\u0161e povjerenja nego anonimno rezerviranje smje\u0161taja na internetu. Zna\u010di li to povratak ve\u0107 otpisanog na\u010dina organiziranja godi\u0161njeg odmora?<\/p>\n\n\n\n<p>Raspolo\u017eenje turisti\u010dke bran\u0161e se \u201cosjetno popravilo\u201d, kako ka\u017ee direktor DRV-a Norbert Fiebig. No on istodobno dodaje: \u201cOd normalne godine smo jo\u0161 uvijek jako udaljeni. Do kraja svibnja je zabilje\u017eena svega \u010detvrtina bukiranja za ljeto nego \u0161to je to slu\u010daj s godinama prije pandemije\u201d, zaklju\u010duje Fiebig.<\/p>\n\n\n\n<p><em>Izvor: narod.hr\/dw.com<\/em><\/p>\n","protected":false},"excerpt":{"rendered":"<p>Nijemci su uglavnom rezervirali turisti\u010dki smje\u0161taj za kraj ove godine i sljede\u0107u godinu, ali sada kada se znaju uvjeti putovanja i prelazaka granice, po\u010deli su rezervirati smje\u0161taj i za glavnu turisti\u010dku sezonu. Priop\u0107ili su to iz DRV-a, krovne udruge njema\u010dke turisti\u010dke privrede te su objavili i koja su Nijemcima omiljena odredi\u0161ta. Me\u0111u njima su Mallorca [&hellip;]<\/p>\n","protected":false},"author":2,"featured_media":36335,"comment_status":"closed","ping_status":"closed","sticky":false,"template":"","format":"standard","meta":{"h5ap_radio_sources":[],"footnotes":""},"categories":[1],"tags":[],"class_list":["post-36334","post","type-post","status-publish","format-standard","has-post-thumbnail","hentry","category-bihiregija"],"yoast_head":"<!-- This site is optimized with the Yoast SEO plugin v27.5 - https:\/\/yoast.com\/product\/yoast-seo-wordpress\/ -->\n<title>Popularna odredi\u0161ta za njema\u010dke turiste: Mallorca, gr\u010dki otoci, Hrvatska\u2026 - RADIO LJUBU\u0160KI<\/title>\n<meta name=\"robots\" content=\"index, follow, max-snippet:-1, max-image-preview:large, max-video-preview:-1\" \/>\n<link rel=\"canonical\" href=\"https:\/\/radioljubuski.ba\/index.php\/2021\/06\/27\/popularna-odredista-za-njemacke-turiste-mallorca-grcki-otoci-hrvatska\/\" \/>\n<meta property=\"og:locale\" content=\"hr_HR\" \/>\n<meta property=\"og:type\" content=\"article\" \/>\n<meta property=\"og:title\" content=\"Popularna odredi\u0161ta za njema\u010dke turiste: Mallorca, gr\u010dki otoci, Hrvatska\u2026 - RADIO LJUBU\u0160KI\" \/>\n<meta property=\"og:description\" content=\"Nijemci su uglavnom rezervirali turisti\u010dki smje\u0161taj za kraj ove godine i sljede\u0107u godinu, ali sada kada se znaju uvjeti putovanja i prelazaka granice, po\u010deli su rezervirati smje\u0161taj i za glavnu turisti\u010dku sezonu. Priop\u0107ili su to iz DRV-a, krovne udruge njema\u010dke turisti\u010dke privrede te su objavili i koja su Nijemcima omiljena odredi\u0161ta. Me\u0111u njima su Mallorca [&hellip;]\" \/>\n<meta property=\"og:url\" content=\"https:\/\/radioljubuski.ba\/index.php\/2021\/06\/27\/popularna-odredista-za-njemacke-turiste-mallorca-grcki-otoci-hrvatska\/\" \/>\n<meta property=\"og:site_name\" content=\"RADIO LJUBU\u0160KI\" \/>\n<meta property=\"article:publisher\" content=\"https:\/\/www.facebook.com\/Radiio-Ljubuski-1490835324566332\" \/>\n<meta property=\"article:published_time\" content=\"2021-06-27T11:22:18+00:00\" \/>\n<meta property=\"article:modified_time\" content=\"2021-06-27T11:22:20+00:00\" \/>\n<meta property=\"og:image\" content=\"https:\/\/radioljubuski.ba\/wp-content\/uploads\/2021\/06\/ThinkstockPhotos-499263310-696x464-1.jpg\" \/>\n\t<meta property=\"og:image:width\" content=\"696\" \/>\n\t<meta property=\"og:image:height\" content=\"464\" \/>\n\t<meta property=\"og:image:type\" content=\"image\/jpeg\" \/>\n<meta name=\"author\" content=\"Radio Ljubu\u0161ki\" \/>\n<meta name=\"twitter:card\" content=\"summary_large_image\" \/>\n<meta name=\"twitter:creator\" content=\"@radioljubuski\" \/>\n<meta name=\"twitter:site\" content=\"@radioljubuski\" \/>\n<meta name=\"twitter:label1\" content=\"Napisao\/la\" \/>\n\t<meta name=\"twitter:data1\" content=\"Radio Ljubu\u0161ki\" \/>\n\t<meta name=\"twitter:label2\" content=\"Procijenjeno vrijeme \u010ditanja\" \/>\n\t<meta name=\"twitter:data2\" content=\"2 minute\" \/>\n<script type=\"application\/ld+json\" class=\"yoast-schema-graph\">{\"@context\":\"https:\\\/\\\/schema.org\",\"@graph\":[{\"@type\":\"Article\",\"@id\":\"https:\\\/\\\/radioljubuski.ba\\\/index.php\\\/2021\\\/06\\\/27\\\/popularna-odredista-za-njemacke-turiste-mallorca-grcki-otoci-hrvatska\\\/#article\",\"isPartOf\":{\"@id\":\"https:\\\/\\\/radioljubuski.ba\\\/index.php\\\/2021\\\/06\\\/27\\\/popularna-odredista-za-njemacke-turiste-mallorca-grcki-otoci-hrvatska\\\/\"},\"author\":{\"name\":\"Radio Ljubu\u0161ki\",\"@id\":\"https:\\\/\\\/radioljubuski.ba\\\/#\\\/schema\\\/person\\\/19fc700381a780f69665d7956c469e3b\"},\"headline\":\"Popularna odredi\u0161ta za njema\u010dke turiste: Mallorca, gr\u010dki otoci, Hrvatska\u2026\",\"datePublished\":\"2021-06-27T11:22:18+00:00\",\"dateModified\":\"2021-06-27T11:22:20+00:00\",\"mainEntityOfPage\":{\"@id\":\"https:\\\/\\\/radioljubuski.ba\\\/index.php\\\/2021\\\/06\\\/27\\\/popularna-odredista-za-njemacke-turiste-mallorca-grcki-otoci-hrvatska\\\/\"},\"wordCount\":494,\"publisher\":{\"@id\":\"https:\\\/\\\/radioljubuski.ba\\\/#organization\"},\"image\":{\"@id\":\"https:\\\/\\\/radioljubuski.ba\\\/index.php\\\/2021\\\/06\\\/27\\\/popularna-odredista-za-njemacke-turiste-mallorca-grcki-otoci-hrvatska\\\/#primaryimage\"},\"thumbnailUrl\":\"https:\\\/\\\/radioljubuski.ba\\\/wp-content\\\/uploads\\\/2021\\\/06\\\/ThinkstockPhotos-499263310-696x464-1.jpg\",\"articleSection\":[\"BIH i regija\"],\"inLanguage\":\"hr\"},{\"@type\":\"WebPage\",\"@id\":\"https:\\\/\\\/radioljubuski.ba\\\/index.php\\\/2021\\\/06\\\/27\\\/popularna-odredista-za-njemacke-turiste-mallorca-grcki-otoci-hrvatska\\\/\",\"url\":\"https:\\\/\\\/radioljubuski.ba\\\/index.php\\\/2021\\\/06\\\/27\\\/popularna-odredista-za-njemacke-turiste-mallorca-grcki-otoci-hrvatska\\\/\",\"name\":\"Popularna odredi\u0161ta za njema\u010dke turiste: Mallorca, gr\u010dki otoci, Hrvatska\u2026 - RADIO LJUBU\u0160KI\",\"isPartOf\":{\"@id\":\"https:\\\/\\\/radioljubuski.ba\\\/#website\"},\"primaryImageOfPage\":{\"@id\":\"https:\\\/\\\/radioljubuski.ba\\\/index.php\\\/2021\\\/06\\\/27\\\/popularna-odredista-za-njemacke-turiste-mallorca-grcki-otoci-hrvatska\\\/#primaryimage\"},\"image\":{\"@id\":\"https:\\\/\\\/radioljubuski.ba\\\/index.php\\\/2021\\\/06\\\/27\\\/popularna-odredista-za-njemacke-turiste-mallorca-grcki-otoci-hrvatska\\\/#primaryimage\"},\"thumbnailUrl\":\"https:\\\/\\\/radioljubuski.ba\\\/wp-content\\\/uploads\\\/2021\\\/06\\\/ThinkstockPhotos-499263310-696x464-1.jpg\",\"datePublished\":\"2021-06-27T11:22:18+00:00\",\"dateModified\":\"2021-06-27T11:22:20+00:00\",\"breadcrumb\":{\"@id\":\"https:\\\/\\\/radioljubuski.ba\\\/index.php\\\/2021\\\/06\\\/27\\\/popularna-odredista-za-njemacke-turiste-mallorca-grcki-otoci-hrvatska\\\/#breadcrumb\"},\"inLanguage\":\"hr\",\"potentialAction\":[{\"@type\":\"ReadAction\",\"target\":[\"https:\\\/\\\/radioljubuski.ba\\\/index.php\\\/2021\\\/06\\\/27\\\/popularna-odredista-za-njemacke-turiste-mallorca-grcki-otoci-hrvatska\\\/\"]}]},{\"@type\":\"ImageObject\",\"inLanguage\":\"hr\",\"@id\":\"https:\\\/\\\/radioljubuski.ba\\\/index.php\\\/2021\\\/06\\\/27\\\/popularna-odredista-za-njemacke-turiste-mallorca-grcki-otoci-hrvatska\\\/#primaryimage\",\"url\":\"https:\\\/\\\/radioljubuski.ba\\\/wp-content\\\/uploads\\\/2021\\\/06\\\/ThinkstockPhotos-499263310-696x464-1.jpg\",\"contentUrl\":\"https:\\\/\\\/radioljubuski.ba\\\/wp-content\\\/uploads\\\/2021\\\/06\\\/ThinkstockPhotos-499263310-696x464-1.jpg\",\"width\":696,\"height\":464,\"caption\":\"Stunning romantic old town of Rovinj with magical sunrise,Istrian Peninsula,Croatia,Europe\"},{\"@type\":\"BreadcrumbList\",\"@id\":\"https:\\\/\\\/radioljubuski.ba\\\/index.php\\\/2021\\\/06\\\/27\\\/popularna-odredista-za-njemacke-turiste-mallorca-grcki-otoci-hrvatska\\\/#breadcrumb\",\"itemListElement\":[{\"@type\":\"ListItem\",\"position\":1,\"name\":\"Po\u010detna stranica\",\"item\":\"https:\\\/\\\/radioljubuski.ba\\\/\"},{\"@type\":\"ListItem\",\"position\":2,\"name\":\"Popularna odredi\u0161ta za njema\u010dke turiste: Mallorca, gr\u010dki otoci, Hrvatska\u2026\"}]},{\"@type\":\"WebSite\",\"@id\":\"https:\\\/\\\/radioljubuski.ba\\\/#website\",\"url\":\"https:\\\/\\\/radioljubuski.ba\\\/\",\"name\":\"Radio Ljubu\u0161ki\",\"description\":\"Sun\u010dana frekvencija Hercegovine\",\"publisher\":{\"@id\":\"https:\\\/\\\/radioljubuski.ba\\\/#organization\"},\"potentialAction\":[{\"@type\":\"SearchAction\",\"target\":{\"@type\":\"EntryPoint\",\"urlTemplate\":\"https:\\\/\\\/radioljubuski.ba\\\/?s={search_term_string}\"},\"query-input\":{\"@type\":\"PropertyValueSpecification\",\"valueRequired\":true,\"valueName\":\"search_term_string\"}}],\"inLanguage\":\"hr\"},{\"@type\":\"Organization\",\"@id\":\"https:\\\/\\\/radioljubuski.ba\\\/#organization\",\"name\":\"Radio Ljubu\u0161ki\",\"url\":\"https:\\\/\\\/radioljubuski.ba\\\/\",\"logo\":{\"@type\":\"ImageObject\",\"inLanguage\":\"hr\",\"@id\":\"https:\\\/\\\/radioljubuski.ba\\\/#\\\/schema\\\/logo\\\/image\\\/\",\"url\":\"https:\\\/\\\/radioljubuski.ba\\\/wp-content\\\/uploads\\\/2021\\\/02\\\/cropped-Radio_Ljubuski_logo1.jpg\",\"contentUrl\":\"https:\\\/\\\/radioljubuski.ba\\\/wp-content\\\/uploads\\\/2021\\\/02\\\/cropped-Radio_Ljubuski_logo1.jpg\",\"width\":512,\"height\":512,\"caption\":\"Radio Ljubu\u0161ki\"},\"image\":{\"@id\":\"https:\\\/\\\/radioljubuski.ba\\\/#\\\/schema\\\/logo\\\/image\\\/\"},\"sameAs\":[\"https:\\\/\\\/www.facebook.com\\\/Radiio-Ljubuski-1490835324566332\",\"https:\\\/\\\/x.com\\\/radioljubuski\",\"https:\\\/\\\/hr.linkedin.com\\\/company\\\/radio-ljubuski\",\"https:\\\/\\\/www.youtube.com\\\/channel\\\/UCHYaeO_n0Db3tjNGudGpXyw\"]},{\"@type\":\"Person\",\"@id\":\"https:\\\/\\\/radioljubuski.ba\\\/#\\\/schema\\\/person\\\/19fc700381a780f69665d7956c469e3b\",\"name\":\"Radio Ljubu\u0161ki\"}]}<\/script>\n<!-- \/ Yoast SEO plugin. -->","yoast_head_json":{"title":"Popularna odredi\u0161ta za njema\u010dke turiste: Mallorca, gr\u010dki otoci, Hrvatska\u2026 - RADIO LJUBU\u0160KI","robots":{"index":"index","follow":"follow","max-snippet":"max-snippet:-1","max-image-preview":"max-image-preview:large","max-video-preview":"max-video-preview:-1"},"canonical":"https:\/\/radioljubuski.ba\/index.php\/2021\/06\/27\/popularna-odredista-za-njemacke-turiste-mallorca-grcki-otoci-hrvatska\/","og_locale":"hr_HR","og_type":"article","og_title":"Popularna odredi\u0161ta za njema\u010dke turiste: Mallorca, gr\u010dki otoci, Hrvatska\u2026 - RADIO LJUBU\u0160KI","og_description":"Nijemci su uglavnom rezervirali turisti\u010dki smje\u0161taj za kraj ove godine i sljede\u0107u godinu, ali sada kada se znaju uvjeti putovanja i prelazaka granice, po\u010deli su rezervirati smje\u0161taj i za glavnu turisti\u010dku sezonu. Priop\u0107ili su to iz DRV-a, krovne udruge njema\u010dke turisti\u010dke privrede te su objavili i koja su Nijemcima omiljena odredi\u0161ta. Me\u0111u njima su Mallorca [&hellip;]","og_url":"https:\/\/radioljubuski.ba\/index.php\/2021\/06\/27\/popularna-odredista-za-njemacke-turiste-mallorca-grcki-otoci-hrvatska\/","og_site_name":"RADIO LJUBU\u0160KI","article_publisher":"https:\/\/www.facebook.com\/Radiio-Ljubuski-1490835324566332","article_published_time":"2021-06-27T11:22:18+00:00","article_modified_time":"2021-06-27T11:22:20+00:00","og_image":[{"width":696,"height":464,"url":"https:\/\/radioljubuski.ba\/wp-content\/uploads\/2021\/06\/ThinkstockPhotos-499263310-696x464-1.jpg","type":"image\/jpeg"}],"author":"Radio Ljubu\u0161ki","twitter_card":"summary_large_image","twitter_creator":"@radioljubuski","twitter_site":"@radioljubuski","twitter_misc":{"Napisao\/la":"Radio Ljubu\u0161ki","Procijenjeno vrijeme \u010ditanja":"2 minute"},"schema":{"@context":"https:\/\/schema.org","@graph":[{"@type":"Article","@id":"https:\/\/radioljubuski.ba\/index.php\/2021\/06\/27\/popularna-odredista-za-njemacke-turiste-mallorca-grcki-otoci-hrvatska\/#article","isPartOf":{"@id":"https:\/\/radioljubuski.ba\/index.php\/2021\/06\/27\/popularna-odredista-za-njemacke-turiste-mallorca-grcki-otoci-hrvatska\/"},"author":{"name":"Radio Ljubu\u0161ki","@id":"https:\/\/radioljubuski.ba\/#\/schema\/person\/19fc700381a780f69665d7956c469e3b"},"headline":"Popularna odredi\u0161ta za njema\u010dke turiste: Mallorca, gr\u010dki otoci, Hrvatska\u2026","datePublished":"2021-06-27T11:22:18+00:00","dateModified":"2021-06-27T11:22:20+00:00","mainEntityOfPage":{"@id":"https:\/\/radioljubuski.ba\/index.php\/2021\/06\/27\/popularna-odredista-za-njemacke-turiste-mallorca-grcki-otoci-hrvatska\/"},"wordCount":494,"publisher":{"@id":"https:\/\/radioljubuski.ba\/#organization"},"image":{"@id":"https:\/\/radioljubuski.ba\/index.php\/2021\/06\/27\/popularna-odredista-za-njemacke-turiste-mallorca-grcki-otoci-hrvatska\/#primaryimage"},"thumbnailUrl":"https:\/\/radioljubuski.ba\/wp-content\/uploads\/2021\/06\/ThinkstockPhotos-499263310-696x464-1.jpg","articleSection":["BIH i regija"],"inLanguage":"hr"},{"@type":"WebPage","@id":"https:\/\/radioljubuski.ba\/index.php\/2021\/06\/27\/popularna-odredista-za-njemacke-turiste-mallorca-grcki-otoci-hrvatska\/","url":"https:\/\/radioljubuski.ba\/index.php\/2021\/06\/27\/popularna-odredista-za-njemacke-turiste-mallorca-grcki-otoci-hrvatska\/","name":"Popularna odredi\u0161ta za njema\u010dke turiste: Mallorca, gr\u010dki otoci, Hrvatska\u2026 - RADIO LJUBU\u0160KI","isPartOf":{"@id":"https:\/\/radioljubuski.ba\/#website"},"primaryImageOfPage":{"@id":"https:\/\/radioljubuski.ba\/index.php\/2021\/06\/27\/popularna-odredista-za-njemacke-turiste-mallorca-grcki-otoci-hrvatska\/#primaryimage"},"image":{"@id":"https:\/\/radioljubuski.ba\/index.php\/2021\/06\/27\/popularna-odredista-za-njemacke-turiste-mallorca-grcki-otoci-hrvatska\/#primaryimage"},"thumbnailUrl":"https:\/\/radioljubuski.ba\/wp-content\/uploads\/2021\/06\/ThinkstockPhotos-499263310-696x464-1.jpg","datePublished":"2021-06-27T11:22:18+00:00","dateModified":"2021-06-27T11:22:20+00:00","breadcrumb":{"@id":"https:\/\/radioljubuski.ba\/index.php\/2021\/06\/27\/popularna-odredista-za-njemacke-turiste-mallorca-grcki-otoci-hrvatska\/#breadcrumb"},"inLanguage":"hr","potentialAction":[{"@type":"ReadAction","target":["https:\/\/radioljubuski.ba\/index.php\/2021\/06\/27\/popularna-odredista-za-njemacke-turiste-mallorca-grcki-otoci-hrvatska\/"]}]},{"@type":"ImageObject","inLanguage":"hr","@id":"https:\/\/radioljubuski.ba\/index.php\/2021\/06\/27\/popularna-odredista-za-njemacke-turiste-mallorca-grcki-otoci-hrvatska\/#primaryimage","url":"https:\/\/radioljubuski.ba\/wp-content\/uploads\/2021\/06\/ThinkstockPhotos-499263310-696x464-1.jpg","contentUrl":"https:\/\/radioljubuski.ba\/wp-content\/uploads\/2021\/06\/ThinkstockPhotos-499263310-696x464-1.jpg","width":696,"height":464,"caption":"Stunning romantic old town of Rovinj with magical sunrise,Istrian Peninsula,Croatia,Europe"},{"@type":"BreadcrumbList","@id":"https:\/\/radioljubuski.ba\/index.php\/2021\/06\/27\/popularna-odredista-za-njemacke-turiste-mallorca-grcki-otoci-hrvatska\/#breadcrumb","itemListElement":[{"@type":"ListItem","position":1,"name":"Po\u010detna stranica","item":"https:\/\/radioljubuski.ba\/"},{"@type":"ListItem","position":2,"name":"Popularna odredi\u0161ta za njema\u010dke turiste: Mallorca, gr\u010dki otoci, Hrvatska\u2026"}]},{"@type":"WebSite","@id":"https:\/\/radioljubuski.ba\/#website","url":"https:\/\/radioljubuski.ba\/","name":"Radio Ljubu\u0161ki","description":"Sun\u010dana frekvencija Hercegovine","publisher":{"@id":"https:\/\/radioljubuski.ba\/#organization"},"potentialAction":[{"@type":"SearchAction","target":{"@type":"EntryPoint","urlTemplate":"https:\/\/radioljubuski.ba\/?s={search_term_string}"},"query-input":{"@type":"PropertyValueSpecification","valueRequired":true,"valueName":"search_term_string"}}],"inLanguage":"hr"},{"@type":"Organization","@id":"https:\/\/radioljubuski.ba\/#organization","name":"Radio Ljubu\u0161ki","url":"https:\/\/radioljubuski.ba\/","logo":{"@type":"ImageObject","inLanguage":"hr","@id":"https:\/\/radioljubuski.ba\/#\/schema\/logo\/image\/","url":"https:\/\/radioljubuski.ba\/wp-content\/uploads\/2021\/02\/cropped-Radio_Ljubuski_logo1.jpg","contentUrl":"https:\/\/radioljubuski.ba\/wp-content\/uploads\/2021\/02\/cropped-Radio_Ljubuski_logo1.jpg","width":512,"height":512,"caption":"Radio Ljubu\u0161ki"},"image":{"@id":"https:\/\/radioljubuski.ba\/#\/schema\/logo\/image\/"},"sameAs":["https:\/\/www.facebook.com\/Radiio-Ljubuski-1490835324566332","https:\/\/x.com\/radioljubuski","https:\/\/hr.linkedin.com\/company\/radio-ljubuski","https:\/\/www.youtube.com\/channel\/UCHYaeO_n0Db3tjNGudGpXyw"]},{"@type":"Person","@id":"https:\/\/radioljubuski.ba\/#\/schema\/person\/19fc700381a780f69665d7956c469e3b","name":"Radio Ljubu\u0161ki"}]}},"_links":{"self":[{"href":"https:\/\/radioljubuski.ba\/index.php\/wp-json\/wp\/v2\/posts\/36334","targetHints":{"allow":["GET"]}}],"collection":[{"href":"https:\/\/radioljubuski.ba\/index.php\/wp-json\/wp\/v2\/posts"}],"about":[{"href":"https:\/\/radioljubuski.ba\/index.php\/wp-json\/wp\/v2\/types\/post"}],"author":[{"embeddable":true,"href":"https:\/\/radioljubuski.ba\/index.php\/wp-json\/wp\/v2\/users\/2"}],"replies":[{"embeddable":true,"href":"https:\/\/radioljubuski.ba\/index.php\/wp-json\/wp\/v2\/comments?post=36334"}],"version-history":[{"count":1,"href":"https:\/\/radioljubuski.ba\/index.php\/wp-json\/wp\/v2\/posts\/36334\/revisions"}],"predecessor-version":[{"id":36336,"href":"https:\/\/radioljubuski.ba\/index.php\/wp-json\/wp\/v2\/posts\/36334\/revisions\/36336"}],"wp:featuredmedia":[{"embeddable":true,"href":"https:\/\/radioljubuski.ba\/index.php\/wp-json\/wp\/v2\/media\/36335"}],"wp:attachment":[{"href":"https:\/\/radioljubuski.ba\/index.php\/wp-json\/wp\/v2\/media?parent=36334"}],"wp:term":[{"taxonomy":"category","embeddable":true,"href":"https:\/\/radioljubuski.ba\/index.php\/wp-json\/wp\/v2\/categories?post=36334"},{"taxonomy":"post_tag","embeddable":true,"href":"https:\/\/radioljubuski.ba\/index.php\/wp-json\/wp\/v2\/tags?post=36334"}],"curies":[{"name":"wp","href":"https:\/\/api.w.org\/{rel}","templated":true}]}}