{"id":36351,"date":"2021-06-27T13:26:56","date_gmt":"2021-06-27T12:26:56","guid":{"rendered":"https:\/\/radioljubuski.ba\/?p=36351"},"modified":"2021-06-27T13:26:57","modified_gmt":"2021-06-27T12:26:57","slug":"drzavljani-srbije-bez-ogranicenja-mogu-u-hrvatsku-hrvati-iz-bih-jos-ne","status":"publish","type":"post","link":"https:\/\/radioljubuski.ba\/index.php\/2021\/06\/27\/drzavljani-srbije-bez-ogranicenja-mogu-u-hrvatsku-hrvati-iz-bih-jos-ne\/","title":{"rendered":"Dr\u017eavljani Srbije bez ograni\u010denja mogu u Hrvatsku, Hrvati iz BiH jo\u0161 ne"},"content":{"rendered":"\n<p>Ministarstvo vanjskih poslova Srbije objavilo je 25. lipnja na svojim<a href=\"https:\/\/www.mfa.gov.rs\/lat\/gradjani\/putovanje-u-inostranstvo\/covid-19-uslovi-za-putovanje\" target=\"_blank\" rel=\"noreferrer noopener\">&nbsp;slu\u017ebenim stranicama<\/a>&nbsp;kako dr\u017eavljani Srbije mogu u\u0107i u Hrvatsku bez ograni\u010denja.<\/p>\n\n\n\n<p>Dr\u017eavljani Srbije mogu u\u0107i u Hrvatsku bez ograni\u010denja, odnosno pod istim uvjetima koji su bili na snazi prije mjera uvedenih radi sprje\u010davanja \u0161irenja virusa COVID-19. Nije potrebna potvrda o cijepljenju niti negativan PCR test, navodi se na stranici.<\/p>\n\n\n\n<p>Isto je objavilo i&nbsp;<a href=\"http:\/\/zagreb.mfa.gov.rs\/lat\/index.php\" target=\"_blank\" rel=\"noreferrer noopener\">Veleposlanstvo Srbije u Zagrebu.<\/a><\/p>\n\n\n\n<p>Ina\u010de, 16. lipnja, dr\u017eave \u010dlanice Europske unije (EU) odlu\u010dile su Srbiju vratiti na popis epidemiolo\u0161ki sigurnih zemalja, \u010diji \u0107e gra\u0111ani mo\u0107i putovati u EU.<\/p>\n\n\n\n<p>Podsje\u0107amo, Hrvati u BiH bez testa mogu u\u0107i u Hrvatsku na 12 sati, ako imaju valjan razlog.<\/p>\n\n\n\n<p><a href=\"https:\/\/mup.gov.hr\/uzg-covid\/hrvatski\/286211\" target=\"_blank\" rel=\"noreferrer noopener\">MUP RH&nbsp;<\/a>objavio je nedavno uvjete ulaska.<\/p>\n\n\n\n<p>Dr\u017eavljani dr\u017eava \u010dlanica EU\/EGP kao i \u010dlanovi njihove obitelji koji putuju u Republiku Hrvatsku iz tre\u0107ih zemalja, odnosno onih koje nisu \u010dlanice EU\/EGP<\/p>\n\n\n\n<p>Dr\u017eavljani dr\u017eava \u010dlanica Europske unije (uklju\u010div\u0161i i hrvatske dr\u017eavljane), odnosno dr\u017eava \u010dlanica schengenskog prostora i dr\u017eava pridru\u017eenih schengenskom prostoru, kao i \u010dlanovi njihovih obitelji te dr\u017eavljani tre\u0107ih zemalja koji su osobe s dugotrajnim boravi\u0161tem na temelju Direktive Vije\u0107a 2003\/109\/EZ od 25. studenoga 2003. godine o statusu dr\u017eavljana tre\u0107ih zemalja s dugotrajnim boravi\u0161tem i osobe koje imaju pravo boravka temeljem drugih direktiva EU ili nacionalnog prava ili koji imaju nacionalne dugoro\u010dne vize, koji dolaze iz tre\u0107ih zemalja, prilikom ulaska u Republiku Hrvatsku, moraju predo\u010diti jedno od navedenog:<\/p>\n\n\n\n<p>negativan nalaz PCR testa ili brzog antigenskog testa \u2013 BAT na SARS-CoV-2, pri \u010demu BAT test mora biti sa Zajedni\u010dke liste brzih antigenskih testova koje me\u0111usobno priznaju dr\u017eave \u010dlanice Europske Unije, koju objavljuje Europska komisija. Kod nalaza BAT testa napravljenog u inozemstvu mora biti vidljiv proizvo\u0111a\u010d testa i\/ili komercijalni naziv testa. U protivnom test se ne\u0107e prihvatiti kao vjerodostojan za ulazak u Republiku Hrvatsku. Nalaz PCR testa ne smije biti stariji od 72 sata, a BAT testa od 48 sati od trenutka testiranja do dolaska na grani\u010dni prijelaz.<\/p>\n\n\n\n<p>potvrdu o primitku dvije doze cjepiva koja se koriste u EU, (Pfizer, Moderna, AstraZeneca, Gamaleya, Sinopharm), odnosno ako je pro\u0161lo 14 dana od primitka doze u slu\u010daju cijepljenja cjepivom koje se prima u jednoj dozi (Janssen\/Johnson&amp;Johnson).<\/p>\n\n\n\n<p>potvrdu o primitku prve doze cjepiva Pfizer, Moderna ili Gamaleya, s kojom je mogu\u0107e u\u0107i u Republiku Hrvatsku u razdoblju od 22. do najvi\u0161e 42. dana o primitka cjepiva, odnosno od 22. do najvi\u0161e 84. dana od primitka prve doze cjepiva AstraZeneca.<\/p>\n\n\n\n<p>potvrdu o preboljenju COVID-19 i primitku jedne doze cjepiva unutar \u0161est mjeseci od po\u010detka bolesti, s tim da cijepljenje mora biti provedeno prije manje od 180 dana od dolaska na grani\u010dni prijelaz.<br>&nbsp;<br>predo\u010denje pozitivnog PCR ili brzog antigenskog testa, kojim se potvr\u0111uje da se vlasnik oporavio od infekcije virusom SARS-CoV-2, pri \u010demu je taj test napravljen unazad 180 dana, a stariji od 11 dana od dana dolaska na grani\u010dni prijelaz ili uz predo\u010denje lije\u010dni\u010dke potvrde o preboljenu;<\/p>\n\n\n\n<p>ili obaviti PCR testiranje ili brzo antigensko testiranje \u2013 BAT na SARS-CoV-2 odmah po dolasku u Republiku Hrvatsku (o vlastitom tro\u0161ku), uz obvezu samoizolacije do prispije\u0107a negativnog nalaza. U slu\u010daju nemogu\u0107nosti testiranja odre\u0111uje se mjera samoizolacije u trajanju od deset (10) dana.<\/p>\n\n\n\n<p>Iznimke od gore navedenih obveza su:<\/p>\n\n\n\n<p>zdravstveni djelatnici, istra\u017eiva\u010di u zdravstvu i djelatnici u skrbi za starije osobe;<br>pograni\u010dni radnici;<br>osoblje u prometnom sektoru;<br>diplomati, osoblje me\u0111unarodnih organizacija i osobe koji dolaze uz poziv me\u0111unarodnih organizacija i \u010dija je fizi\u010dka prisutnost potrebna za dobro funkcioniranje tih organizacija, vojno i policijsko osoblje, humanitarni djelatnici i osoblje civilne za\u0161tite pri obavljanju svojih du\u017enosti;<br>putnici u tranzitu, uz obavezu da napuste Republiku Hrvatsku u roku od 12 sati;<br>osobe koje putuju radi \u0161kolovanja;<br>osobe koje putuju zbog osobnih\/obiteljskih razloga, poslovnih razloga ili koje imaju drugi gospodarski interes, a ne zadr\u017eavaju se u Republici Hrvatskoj ili izvan Republike Hrvatske du\u017ee od 12 sati.<\/p>\n\n\n\n<p>Osobe koje predstavljaju jednu od prethodno navedenih iznimaka du\u017ene su prilikom ulaska u Republiku Hrvatsku predo\u010diti vjerodostojnu dokumentaciju u svrhu dokazivanja razloga izuze\u0107a od obveze posjedovanja jednog od navedenih testova \/odre\u0111ivanja mjere samoizolacije.<\/p>\n\n\n\n<p>Izvor:pogled.ba<\/p>\n","protected":false},"excerpt":{"rendered":"<p>Ministarstvo vanjskih poslova Srbije objavilo je 25. lipnja na svojim&nbsp;slu\u017ebenim stranicama&nbsp;kako dr\u017eavljani Srbije mogu u\u0107i u Hrvatsku bez ograni\u010denja. Dr\u017eavljani Srbije mogu u\u0107i u Hrvatsku bez ograni\u010denja, odnosno pod istim uvjetima koji su bili na snazi prije mjera uvedenih radi sprje\u010davanja \u0161irenja virusa COVID-19. Nije potrebna potvrda o cijepljenju niti negativan PCR test, navodi se [&hellip;]<\/p>\n","protected":false},"author":2,"featured_media":14336,"comment_status":"closed","ping_status":"closed","sticky":false,"template":"","format":"standard","meta":{"h5ap_radio_sources":[],"footnotes":""},"categories":[1],"tags":[],"class_list":["post-36351","post","type-post","status-publish","format-standard","has-post-thumbnail","hentry","category-bihiregija"],"yoast_head":"<!-- This site is optimized with the Yoast SEO plugin v27.5 - https:\/\/yoast.com\/product\/yoast-seo-wordpress\/ -->\n<title>Dr\u017eavljani Srbije bez ograni\u010denja mogu u Hrvatsku, Hrvati iz BiH jo\u0161 ne - RADIO LJUBU\u0160KI<\/title>\n<meta name=\"robots\" content=\"index, follow, max-snippet:-1, max-image-preview:large, max-video-preview:-1\" \/>\n<link rel=\"canonical\" href=\"https:\/\/radioljubuski.ba\/index.php\/2021\/06\/27\/drzavljani-srbije-bez-ogranicenja-mogu-u-hrvatsku-hrvati-iz-bih-jos-ne\/\" \/>\n<meta property=\"og:locale\" content=\"hr_HR\" \/>\n<meta property=\"og:type\" content=\"article\" \/>\n<meta property=\"og:title\" content=\"Dr\u017eavljani Srbije bez ograni\u010denja mogu u Hrvatsku, Hrvati iz BiH jo\u0161 ne - RADIO LJUBU\u0160KI\" \/>\n<meta property=\"og:description\" content=\"Ministarstvo vanjskih poslova Srbije objavilo je 25. lipnja na svojim&nbsp;slu\u017ebenim stranicama&nbsp;kako dr\u017eavljani Srbije mogu u\u0107i u Hrvatsku bez ograni\u010denja. Dr\u017eavljani Srbije mogu u\u0107i u Hrvatsku bez ograni\u010denja, odnosno pod istim uvjetima koji su bili na snazi prije mjera uvedenih radi sprje\u010davanja \u0161irenja virusa COVID-19. Nije potrebna potvrda o cijepljenju niti negativan PCR test, navodi se [&hellip;]\" \/>\n<meta property=\"og:url\" content=\"https:\/\/radioljubuski.ba\/index.php\/2021\/06\/27\/drzavljani-srbije-bez-ogranicenja-mogu-u-hrvatsku-hrvati-iz-bih-jos-ne\/\" \/>\n<meta property=\"og:site_name\" content=\"RADIO LJUBU\u0160KI\" \/>\n<meta property=\"article:publisher\" content=\"https:\/\/www.facebook.com\/Radiio-Ljubuski-1490835324566332\" \/>\n<meta property=\"article:published_time\" content=\"2021-06-27T12:26:56+00:00\" \/>\n<meta property=\"article:modified_time\" content=\"2021-06-27T12:26:57+00:00\" \/>\n<meta property=\"og:image\" content=\"https:\/\/radioljubuski.ba\/wp-content\/uploads\/2021\/04\/9-2021-03-30-19-27-45-granica-1.jpeg\" \/>\n\t<meta property=\"og:image:width\" content=\"1000\" \/>\n\t<meta property=\"og:image:height\" content=\"625\" \/>\n\t<meta property=\"og:image:type\" content=\"image\/jpeg\" \/>\n<meta name=\"author\" content=\"Radio Ljubu\u0161ki\" \/>\n<meta name=\"twitter:card\" content=\"summary_large_image\" \/>\n<meta name=\"twitter:creator\" content=\"@radioljubuski\" \/>\n<meta name=\"twitter:site\" content=\"@radioljubuski\" \/>\n<meta name=\"twitter:label1\" content=\"Napisao\/la\" \/>\n\t<meta name=\"twitter:data1\" content=\"Radio Ljubu\u0161ki\" \/>\n\t<meta name=\"twitter:label2\" content=\"Procijenjeno vrijeme \u010ditanja\" \/>\n\t<meta name=\"twitter:data2\" content=\"3 minute\" \/>\n<script type=\"application\/ld+json\" class=\"yoast-schema-graph\">{\"@context\":\"https:\\\/\\\/schema.org\",\"@graph\":[{\"@type\":\"Article\",\"@id\":\"https:\\\/\\\/radioljubuski.ba\\\/index.php\\\/2021\\\/06\\\/27\\\/drzavljani-srbije-bez-ogranicenja-mogu-u-hrvatsku-hrvati-iz-bih-jos-ne\\\/#article\",\"isPartOf\":{\"@id\":\"https:\\\/\\\/radioljubuski.ba\\\/index.php\\\/2021\\\/06\\\/27\\\/drzavljani-srbije-bez-ogranicenja-mogu-u-hrvatsku-hrvati-iz-bih-jos-ne\\\/\"},\"author\":{\"name\":\"Radio Ljubu\u0161ki\",\"@id\":\"https:\\\/\\\/radioljubuski.ba\\\/#\\\/schema\\\/person\\\/19fc700381a780f69665d7956c469e3b\"},\"headline\":\"Dr\u017eavljani Srbije bez ograni\u010denja mogu u Hrvatsku, Hrvati iz BiH jo\u0161 ne\",\"datePublished\":\"2021-06-27T12:26:56+00:00\",\"dateModified\":\"2021-06-27T12:26:57+00:00\",\"mainEntityOfPage\":{\"@id\":\"https:\\\/\\\/radioljubuski.ba\\\/index.php\\\/2021\\\/06\\\/27\\\/drzavljani-srbije-bez-ogranicenja-mogu-u-hrvatsku-hrvati-iz-bih-jos-ne\\\/\"},\"wordCount\":736,\"publisher\":{\"@id\":\"https:\\\/\\\/radioljubuski.ba\\\/#organization\"},\"image\":{\"@id\":\"https:\\\/\\\/radioljubuski.ba\\\/index.php\\\/2021\\\/06\\\/27\\\/drzavljani-srbije-bez-ogranicenja-mogu-u-hrvatsku-hrvati-iz-bih-jos-ne\\\/#primaryimage\"},\"thumbnailUrl\":\"https:\\\/\\\/radioljubuski.ba\\\/wp-content\\\/uploads\\\/2021\\\/04\\\/9-2021-03-30-19-27-45-granica-1.jpeg\",\"articleSection\":[\"BIH i regija\"],\"inLanguage\":\"hr\"},{\"@type\":\"WebPage\",\"@id\":\"https:\\\/\\\/radioljubuski.ba\\\/index.php\\\/2021\\\/06\\\/27\\\/drzavljani-srbije-bez-ogranicenja-mogu-u-hrvatsku-hrvati-iz-bih-jos-ne\\\/\",\"url\":\"https:\\\/\\\/radioljubuski.ba\\\/index.php\\\/2021\\\/06\\\/27\\\/drzavljani-srbije-bez-ogranicenja-mogu-u-hrvatsku-hrvati-iz-bih-jos-ne\\\/\",\"name\":\"Dr\u017eavljani Srbije bez ograni\u010denja mogu u Hrvatsku, Hrvati iz BiH jo\u0161 ne - RADIO LJUBU\u0160KI\",\"isPartOf\":{\"@id\":\"https:\\\/\\\/radioljubuski.ba\\\/#website\"},\"primaryImageOfPage\":{\"@id\":\"https:\\\/\\\/radioljubuski.ba\\\/index.php\\\/2021\\\/06\\\/27\\\/drzavljani-srbije-bez-ogranicenja-mogu-u-hrvatsku-hrvati-iz-bih-jos-ne\\\/#primaryimage\"},\"image\":{\"@id\":\"https:\\\/\\\/radioljubuski.ba\\\/index.php\\\/2021\\\/06\\\/27\\\/drzavljani-srbije-bez-ogranicenja-mogu-u-hrvatsku-hrvati-iz-bih-jos-ne\\\/#primaryimage\"},\"thumbnailUrl\":\"https:\\\/\\\/radioljubuski.ba\\\/wp-content\\\/uploads\\\/2021\\\/04\\\/9-2021-03-30-19-27-45-granica-1.jpeg\",\"datePublished\":\"2021-06-27T12:26:56+00:00\",\"dateModified\":\"2021-06-27T12:26:57+00:00\",\"breadcrumb\":{\"@id\":\"https:\\\/\\\/radioljubuski.ba\\\/index.php\\\/2021\\\/06\\\/27\\\/drzavljani-srbije-bez-ogranicenja-mogu-u-hrvatsku-hrvati-iz-bih-jos-ne\\\/#breadcrumb\"},\"inLanguage\":\"hr\",\"potentialAction\":[{\"@type\":\"ReadAction\",\"target\":[\"https:\\\/\\\/radioljubuski.ba\\\/index.php\\\/2021\\\/06\\\/27\\\/drzavljani-srbije-bez-ogranicenja-mogu-u-hrvatsku-hrvati-iz-bih-jos-ne\\\/\"]}]},{\"@type\":\"ImageObject\",\"inLanguage\":\"hr\",\"@id\":\"https:\\\/\\\/radioljubuski.ba\\\/index.php\\\/2021\\\/06\\\/27\\\/drzavljani-srbije-bez-ogranicenja-mogu-u-hrvatsku-hrvati-iz-bih-jos-ne\\\/#primaryimage\",\"url\":\"https:\\\/\\\/radioljubuski.ba\\\/wp-content\\\/uploads\\\/2021\\\/04\\\/9-2021-03-30-19-27-45-granica-1.jpeg\",\"contentUrl\":\"https:\\\/\\\/radioljubuski.ba\\\/wp-content\\\/uploads\\\/2021\\\/04\\\/9-2021-03-30-19-27-45-granica-1.jpeg\",\"width\":1000,\"height\":625},{\"@type\":\"BreadcrumbList\",\"@id\":\"https:\\\/\\\/radioljubuski.ba\\\/index.php\\\/2021\\\/06\\\/27\\\/drzavljani-srbije-bez-ogranicenja-mogu-u-hrvatsku-hrvati-iz-bih-jos-ne\\\/#breadcrumb\",\"itemListElement\":[{\"@type\":\"ListItem\",\"position\":1,\"name\":\"Po\u010detna stranica\",\"item\":\"https:\\\/\\\/radioljubuski.ba\\\/\"},{\"@type\":\"ListItem\",\"position\":2,\"name\":\"Dr\u017eavljani Srbije bez ograni\u010denja mogu u Hrvatsku, Hrvati iz BiH jo\u0161 ne\"}]},{\"@type\":\"WebSite\",\"@id\":\"https:\\\/\\\/radioljubuski.ba\\\/#website\",\"url\":\"https:\\\/\\\/radioljubuski.ba\\\/\",\"name\":\"Radio Ljubu\u0161ki\",\"description\":\"Sun\u010dana frekvencija Hercegovine\",\"publisher\":{\"@id\":\"https:\\\/\\\/radioljubuski.ba\\\/#organization\"},\"potentialAction\":[{\"@type\":\"SearchAction\",\"target\":{\"@type\":\"EntryPoint\",\"urlTemplate\":\"https:\\\/\\\/radioljubuski.ba\\\/?s={search_term_string}\"},\"query-input\":{\"@type\":\"PropertyValueSpecification\",\"valueRequired\":true,\"valueName\":\"search_term_string\"}}],\"inLanguage\":\"hr\"},{\"@type\":\"Organization\",\"@id\":\"https:\\\/\\\/radioljubuski.ba\\\/#organization\",\"name\":\"Radio Ljubu\u0161ki\",\"url\":\"https:\\\/\\\/radioljubuski.ba\\\/\",\"logo\":{\"@type\":\"ImageObject\",\"inLanguage\":\"hr\",\"@id\":\"https:\\\/\\\/radioljubuski.ba\\\/#\\\/schema\\\/logo\\\/image\\\/\",\"url\":\"https:\\\/\\\/radioljubuski.ba\\\/wp-content\\\/uploads\\\/2021\\\/02\\\/cropped-Radio_Ljubuski_logo1.jpg\",\"contentUrl\":\"https:\\\/\\\/radioljubuski.ba\\\/wp-content\\\/uploads\\\/2021\\\/02\\\/cropped-Radio_Ljubuski_logo1.jpg\",\"width\":512,\"height\":512,\"caption\":\"Radio Ljubu\u0161ki\"},\"image\":{\"@id\":\"https:\\\/\\\/radioljubuski.ba\\\/#\\\/schema\\\/logo\\\/image\\\/\"},\"sameAs\":[\"https:\\\/\\\/www.facebook.com\\\/Radiio-Ljubuski-1490835324566332\",\"https:\\\/\\\/x.com\\\/radioljubuski\",\"https:\\\/\\\/hr.linkedin.com\\\/company\\\/radio-ljubuski\",\"https:\\\/\\\/www.youtube.com\\\/channel\\\/UCHYaeO_n0Db3tjNGudGpXyw\"]},{\"@type\":\"Person\",\"@id\":\"https:\\\/\\\/radioljubuski.ba\\\/#\\\/schema\\\/person\\\/19fc700381a780f69665d7956c469e3b\",\"name\":\"Radio Ljubu\u0161ki\"}]}<\/script>\n<!-- \/ Yoast SEO plugin. -->","yoast_head_json":{"title":"Dr\u017eavljani Srbije bez ograni\u010denja mogu u Hrvatsku, Hrvati iz BiH jo\u0161 ne - RADIO LJUBU\u0160KI","robots":{"index":"index","follow":"follow","max-snippet":"max-snippet:-1","max-image-preview":"max-image-preview:large","max-video-preview":"max-video-preview:-1"},"canonical":"https:\/\/radioljubuski.ba\/index.php\/2021\/06\/27\/drzavljani-srbije-bez-ogranicenja-mogu-u-hrvatsku-hrvati-iz-bih-jos-ne\/","og_locale":"hr_HR","og_type":"article","og_title":"Dr\u017eavljani Srbije bez ograni\u010denja mogu u Hrvatsku, Hrvati iz BiH jo\u0161 ne - RADIO LJUBU\u0160KI","og_description":"Ministarstvo vanjskih poslova Srbije objavilo je 25. lipnja na svojim&nbsp;slu\u017ebenim stranicama&nbsp;kako dr\u017eavljani Srbije mogu u\u0107i u Hrvatsku bez ograni\u010denja. Dr\u017eavljani Srbije mogu u\u0107i u Hrvatsku bez ograni\u010denja, odnosno pod istim uvjetima koji su bili na snazi prije mjera uvedenih radi sprje\u010davanja \u0161irenja virusa COVID-19. Nije potrebna potvrda o cijepljenju niti negativan PCR test, navodi se [&hellip;]","og_url":"https:\/\/radioljubuski.ba\/index.php\/2021\/06\/27\/drzavljani-srbije-bez-ogranicenja-mogu-u-hrvatsku-hrvati-iz-bih-jos-ne\/","og_site_name":"RADIO LJUBU\u0160KI","article_publisher":"https:\/\/www.facebook.com\/Radiio-Ljubuski-1490835324566332","article_published_time":"2021-06-27T12:26:56+00:00","article_modified_time":"2021-06-27T12:26:57+00:00","og_image":[{"width":1000,"height":625,"url":"https:\/\/radioljubuski.ba\/wp-content\/uploads\/2021\/04\/9-2021-03-30-19-27-45-granica-1.jpeg","type":"image\/jpeg"}],"author":"Radio Ljubu\u0161ki","twitter_card":"summary_large_image","twitter_creator":"@radioljubuski","twitter_site":"@radioljubuski","twitter_misc":{"Napisao\/la":"Radio Ljubu\u0161ki","Procijenjeno vrijeme \u010ditanja":"3 minute"},"schema":{"@context":"https:\/\/schema.org","@graph":[{"@type":"Article","@id":"https:\/\/radioljubuski.ba\/index.php\/2021\/06\/27\/drzavljani-srbije-bez-ogranicenja-mogu-u-hrvatsku-hrvati-iz-bih-jos-ne\/#article","isPartOf":{"@id":"https:\/\/radioljubuski.ba\/index.php\/2021\/06\/27\/drzavljani-srbije-bez-ogranicenja-mogu-u-hrvatsku-hrvati-iz-bih-jos-ne\/"},"author":{"name":"Radio Ljubu\u0161ki","@id":"https:\/\/radioljubuski.ba\/#\/schema\/person\/19fc700381a780f69665d7956c469e3b"},"headline":"Dr\u017eavljani Srbije bez ograni\u010denja mogu u Hrvatsku, Hrvati iz BiH jo\u0161 ne","datePublished":"2021-06-27T12:26:56+00:00","dateModified":"2021-06-27T12:26:57+00:00","mainEntityOfPage":{"@id":"https:\/\/radioljubuski.ba\/index.php\/2021\/06\/27\/drzavljani-srbije-bez-ogranicenja-mogu-u-hrvatsku-hrvati-iz-bih-jos-ne\/"},"wordCount":736,"publisher":{"@id":"https:\/\/radioljubuski.ba\/#organization"},"image":{"@id":"https:\/\/radioljubuski.ba\/index.php\/2021\/06\/27\/drzavljani-srbije-bez-ogranicenja-mogu-u-hrvatsku-hrvati-iz-bih-jos-ne\/#primaryimage"},"thumbnailUrl":"https:\/\/radioljubuski.ba\/wp-content\/uploads\/2021\/04\/9-2021-03-30-19-27-45-granica-1.jpeg","articleSection":["BIH i regija"],"inLanguage":"hr"},{"@type":"WebPage","@id":"https:\/\/radioljubuski.ba\/index.php\/2021\/06\/27\/drzavljani-srbije-bez-ogranicenja-mogu-u-hrvatsku-hrvati-iz-bih-jos-ne\/","url":"https:\/\/radioljubuski.ba\/index.php\/2021\/06\/27\/drzavljani-srbije-bez-ogranicenja-mogu-u-hrvatsku-hrvati-iz-bih-jos-ne\/","name":"Dr\u017eavljani Srbije bez ograni\u010denja mogu u Hrvatsku, Hrvati iz BiH jo\u0161 ne - RADIO LJUBU\u0160KI","isPartOf":{"@id":"https:\/\/radioljubuski.ba\/#website"},"primaryImageOfPage":{"@id":"https:\/\/radioljubuski.ba\/index.php\/2021\/06\/27\/drzavljani-srbije-bez-ogranicenja-mogu-u-hrvatsku-hrvati-iz-bih-jos-ne\/#primaryimage"},"image":{"@id":"https:\/\/radioljubuski.ba\/index.php\/2021\/06\/27\/drzavljani-srbije-bez-ogranicenja-mogu-u-hrvatsku-hrvati-iz-bih-jos-ne\/#primaryimage"},"thumbnailUrl":"https:\/\/radioljubuski.ba\/wp-content\/uploads\/2021\/04\/9-2021-03-30-19-27-45-granica-1.jpeg","datePublished":"2021-06-27T12:26:56+00:00","dateModified":"2021-06-27T12:26:57+00:00","breadcrumb":{"@id":"https:\/\/radioljubuski.ba\/index.php\/2021\/06\/27\/drzavljani-srbije-bez-ogranicenja-mogu-u-hrvatsku-hrvati-iz-bih-jos-ne\/#breadcrumb"},"inLanguage":"hr","potentialAction":[{"@type":"ReadAction","target":["https:\/\/radioljubuski.ba\/index.php\/2021\/06\/27\/drzavljani-srbije-bez-ogranicenja-mogu-u-hrvatsku-hrvati-iz-bih-jos-ne\/"]}]},{"@type":"ImageObject","inLanguage":"hr","@id":"https:\/\/radioljubuski.ba\/index.php\/2021\/06\/27\/drzavljani-srbije-bez-ogranicenja-mogu-u-hrvatsku-hrvati-iz-bih-jos-ne\/#primaryimage","url":"https:\/\/radioljubuski.ba\/wp-content\/uploads\/2021\/04\/9-2021-03-30-19-27-45-granica-1.jpeg","contentUrl":"https:\/\/radioljubuski.ba\/wp-content\/uploads\/2021\/04\/9-2021-03-30-19-27-45-granica-1.jpeg","width":1000,"height":625},{"@type":"BreadcrumbList","@id":"https:\/\/radioljubuski.ba\/index.php\/2021\/06\/27\/drzavljani-srbije-bez-ogranicenja-mogu-u-hrvatsku-hrvati-iz-bih-jos-ne\/#breadcrumb","itemListElement":[{"@type":"ListItem","position":1,"name":"Po\u010detna stranica","item":"https:\/\/radioljubuski.ba\/"},{"@type":"ListItem","position":2,"name":"Dr\u017eavljani Srbije bez ograni\u010denja mogu u Hrvatsku, Hrvati iz BiH jo\u0161 ne"}]},{"@type":"WebSite","@id":"https:\/\/radioljubuski.ba\/#website","url":"https:\/\/radioljubuski.ba\/","name":"Radio Ljubu\u0161ki","description":"Sun\u010dana frekvencija Hercegovine","publisher":{"@id":"https:\/\/radioljubuski.ba\/#organization"},"potentialAction":[{"@type":"SearchAction","target":{"@type":"EntryPoint","urlTemplate":"https:\/\/radioljubuski.ba\/?s={search_term_string}"},"query-input":{"@type":"PropertyValueSpecification","valueRequired":true,"valueName":"search_term_string"}}],"inLanguage":"hr"},{"@type":"Organization","@id":"https:\/\/radioljubuski.ba\/#organization","name":"Radio Ljubu\u0161ki","url":"https:\/\/radioljubuski.ba\/","logo":{"@type":"ImageObject","inLanguage":"hr","@id":"https:\/\/radioljubuski.ba\/#\/schema\/logo\/image\/","url":"https:\/\/radioljubuski.ba\/wp-content\/uploads\/2021\/02\/cropped-Radio_Ljubuski_logo1.jpg","contentUrl":"https:\/\/radioljubuski.ba\/wp-content\/uploads\/2021\/02\/cropped-Radio_Ljubuski_logo1.jpg","width":512,"height":512,"caption":"Radio Ljubu\u0161ki"},"image":{"@id":"https:\/\/radioljubuski.ba\/#\/schema\/logo\/image\/"},"sameAs":["https:\/\/www.facebook.com\/Radiio-Ljubuski-1490835324566332","https:\/\/x.com\/radioljubuski","https:\/\/hr.linkedin.com\/company\/radio-ljubuski","https:\/\/www.youtube.com\/channel\/UCHYaeO_n0Db3tjNGudGpXyw"]},{"@type":"Person","@id":"https:\/\/radioljubuski.ba\/#\/schema\/person\/19fc700381a780f69665d7956c469e3b","name":"Radio Ljubu\u0161ki"}]}},"_links":{"self":[{"href":"https:\/\/radioljubuski.ba\/index.php\/wp-json\/wp\/v2\/posts\/36351","targetHints":{"allow":["GET"]}}],"collection":[{"href":"https:\/\/radioljubuski.ba\/index.php\/wp-json\/wp\/v2\/posts"}],"about":[{"href":"https:\/\/radioljubuski.ba\/index.php\/wp-json\/wp\/v2\/types\/post"}],"author":[{"embeddable":true,"href":"https:\/\/radioljubuski.ba\/index.php\/wp-json\/wp\/v2\/users\/2"}],"replies":[{"embeddable":true,"href":"https:\/\/radioljubuski.ba\/index.php\/wp-json\/wp\/v2\/comments?post=36351"}],"version-history":[{"count":1,"href":"https:\/\/radioljubuski.ba\/index.php\/wp-json\/wp\/v2\/posts\/36351\/revisions"}],"predecessor-version":[{"id":36352,"href":"https:\/\/radioljubuski.ba\/index.php\/wp-json\/wp\/v2\/posts\/36351\/revisions\/36352"}],"wp:featuredmedia":[{"embeddable":true,"href":"https:\/\/radioljubuski.ba\/index.php\/wp-json\/wp\/v2\/media\/14336"}],"wp:attachment":[{"href":"https:\/\/radioljubuski.ba\/index.php\/wp-json\/wp\/v2\/media?parent=36351"}],"wp:term":[{"taxonomy":"category","embeddable":true,"href":"https:\/\/radioljubuski.ba\/index.php\/wp-json\/wp\/v2\/categories?post=36351"},{"taxonomy":"post_tag","embeddable":true,"href":"https:\/\/radioljubuski.ba\/index.php\/wp-json\/wp\/v2\/tags?post=36351"}],"curies":[{"name":"wp","href":"https:\/\/api.w.org\/{rel}","templated":true}]}}