{"id":36356,"date":"2021-06-27T13:30:21","date_gmt":"2021-06-27T12:30:21","guid":{"rendered":"https:\/\/radioljubuski.ba\/?p=36356"},"modified":"2021-06-27T13:30:21","modified_gmt":"2021-06-27T12:30:21","slug":"njemacka-veci-minimalac-mirovinepogledajte-sto-se-sve-mijenja-od-srpnja","status":"publish","type":"post","link":"https:\/\/radioljubuski.ba\/index.php\/2021\/06\/27\/njemacka-veci-minimalac-mirovinepogledajte-sto-se-sve-mijenja-od-srpnja\/","title":{"rendered":"Njema\u010dka: Ve\u0107i minimalac, mirovine\u2026pogledajte \u0161to se sve mijenja od srpnja"},"content":{"rendered":"\n<p>Srpanj donosi mnoge promjene u Njema\u010dkoj, pi\u0161e&nbsp;<a href=\"https:\/\/fenix-magazin.de\/njemacka-veci-minimalac-mirovine-pogledajte-sto-se-sve-mijenja-od-srpnja\/\" target=\"_blank\" rel=\"noreferrer noopener\">Fenix-magazin.<\/a><\/p>\n\n\n\n<p><strong>Kraj obveze ku\u0107nog ureda<\/strong><\/p>\n\n\n\n<p>Rad od ku\u0107e za neke \u0107e radnike mo\u017eda zavr\u0161iti po\u010detkom srpnja jer ta obveza zavr\u0161ava 30.lipnja. Od tada \u0107e se primjenjivati novi propisi o za\u0161titi na radu od korone. Va\u0161 poslodavac vi\u0161e vam ne mora dopu\u0161tati da radite od ku\u0107e, a vi kao zaposlenik ne morate prihvatiti odgovaraju\u0107u ponudu.<\/p>\n\n\n\n<p>Ali to ne zna\u010di da \u0107e uskoro sve biti isto. Prema Saveznom ministarstvu rada i socijalnog pitanja (BMAS), poslodavci i dalje moraju smanjiti kontakte i broj zaposlenih u prostorijama na minimum. Puni uredi jo\u0161 uvijek nisu mogu\u0107i s ovom uredbom.<\/p>\n\n\n\n<p>Me\u0111utim, obvezna minimalna povr\u0161ina od 10 \u010detvornih metara za jednu osobu na mjestu se ukida. Poslodavac i dalje ima pravo provoditi najmanje dva testa tjedno.<\/p>\n\n\n\n<p><strong>Bezcarinsko ograni\u010denje u internetskoj trgovini se ukida<\/strong><\/p>\n\n\n\n<p>Lo\u0161e vijesti za mre\u017ene kupce. Carina ukida ograni\u010denje izuze\u0107a od 22 EUR za robu koja se ne uvozi iz EU. Do sada ste kao kupac morali pla\u0107ati carinu na proizvode iz Velike Britanije, SAD-a ili Kine samo ako je materijalna vrijednost bila ve\u0107a od 22 eura.<\/p>\n\n\n\n<p>Od 1. srpnja morat \u0107ete prijaviti svu robu carini. Me\u0111utim, u pravilu to \u010dini kurirska slu\u017eba koja tako\u0111er pla\u0107a uvozne pristojbe. Kao kupac, to pla\u0107ate po\u0161taru prilikom isporuke.<\/p>\n\n\n\n<p><strong>Digitalna potvrda o cijepljenju protiv korone<\/strong><\/p>\n\n\n\n<p>Od 1. srpnja mo\u017ee se dobiti digitalni certifikat o cijepljenju za cijelu EU. Do kraja srpnja svi koji su dva puta cijepljeni u Njema\u010dkoj trebali bi mo\u0107i dobiti svoj digitalni certifikat o cijepljenju.<\/p>\n\n\n\n<p>S certifikatom o cijepljenju mo\u017eete bez problema putovati Europom.<\/p>\n\n\n\n<p><strong>Mirovine rastu na istoku<\/strong><\/p>\n\n\n\n<p>Od 1. srpnja mirovine u isto\u010dnoj Njema\u010dkoj porast \u0107e za 0,72 posto. Umirovljenike u zapadnoj Njema\u010dkoj, ostaju bez pove\u0107anja. Razlog je pandemija korone koja negativno utje\u010de na kretanje pla\u0107a. To je osnova za godi\u0161nje uskla\u0111ivanje mirovine.<\/p>\n\n\n\n<p>Pove\u0107anje vrijednosti mirovine za istok odgovara uskla\u0111enju istok-zapad predvi\u0111enom zakonom. Trenuta\u010dna vrijednost mirovine, koja je presudna za nove savezne dr\u017eave, tako \u0107e porasti na 33,47 eura. Za zapadnonjema\u010dke savezne dr\u017eave vrijednost mirovine \u0107e i dalje biti 34,19 eura.<\/p>\n\n\n\n<p><strong>Kraj plastike za jednokratnu upotrebu<\/strong><\/p>\n\n\n\n<p>Izlet u park bit \u0107e znatno manje \u201eplasti\u010dan\u201c od 3. srpnja. Na snagu stupaju dva pravilnika s ciljem zna\u010dajnog smanjenja plasti\u010dnog otpada. Plasti\u010dni pribor za jelo, kozmeti\u010dki pamu\u010dni \u0161tapi\u0107i, balonski \u0161tapi\u0107i, \u0161tapi\u0107i za mije\u0161anje, tanjuri, zdjelice i slamke za pi\u0107e izra\u0111eni od plastike \u2013 sve je to od 3. srpnja zabranjeno. Spremnici za hranu i pi\u0107e od stiropora tako\u0111er \u0107e biti pro\u0161lost od srpnja.<\/p>\n\n\n\n<p>Alternativa je pribor za jelo od kartona za jednokratnu upotrebu.<\/p>\n\n\n\n<p><strong>Naknada za pljenidbu<\/strong><\/p>\n\n\n\n<p>Svatko tko u\u0111e u financijske pote\u0161ko\u0107e \u010desto mora o\u010dekivati probleme. Kako bi du\u017eniku ostalo dovoljno novca za svakodnevne tro\u0161kove, postoji naknada za pljenidbu.<\/p>\n\n\n\n<p>Od 1. srpnja to \u0107e se pove\u0107ati za \u0161est posto. Ograni\u010denje izuze\u0107a tada iznosi 1.252,64 , ranije je to bilo 1.179,99 eura po osobi.<\/p>\n\n\n\n<p><strong>Minimalna pla\u0107a raste<\/strong><\/p>\n\n\n\n<p>Od srpnja nadalje, oni koji imaju male pla\u0107e imat \u0107e ne\u0161to vi\u0161e novca u nov\u010daniku. Minimalna pla\u0107a raste za dodatnih 10 centi na 9,60 eura. Do kraja 2022. godine minimalna pla\u0107a trebala bi se pove\u0107avati na 10,45 eura.<\/p>\n\n\n\n<p><strong>Stare radio mre\u017ee su isklju\u010dene<\/strong><\/p>\n\n\n\n<p>Deutsche Telekom i Vodafone Group isklju\u010dit \u0107e svoje tre\u0107e generacije be\u017ei\u010dnih mre\u017ea (3G ili UMTS) 30. lipnja. To utje\u010de na kupce koji koriste vrlo stari pametni telefon ili koji imaju ugovor koji ne uklju\u010duje noviji 4G \/ LTE standard.<\/p>\n\n\n\n<p>U Vodafonu je 3G na prijelazu godine \u010dinio 2,5 posto mobilnog podatkovnog prometa. O2 \u017eeli isklju\u010diti 3G mre\u017eu do kraja godine.<\/p>\n\n\n\n<p>Telefonski pozivi ili klasi\u010dne SMS poruke i dalje su mogu\u0107i, jer i dalje ostaje na snazi standard mobilne telefonije druge generacije (2G \/ Edge) koji je usmjeren prema telefoniji.<\/p>\n\n\n\n<p><strong>Dr\u017eavna subvencija za izgradnju<\/strong><\/p>\n\n\n\n<p>Svatko tko gradi ili obnavlja ku\u0107u i \u017eeli savezno financiranje za nju mora se pridr\u017eavati novih pravila od 1. srpnja. Tada na snagu stupa novo \u201cSavezno financiranje u\u010dinkovitih zgrada\u201d (BEG), koje zamjenjuje nekoliko programa Banke KfW i Saveznog ureda za ekonomiju i kontrolu izvoza.<\/p>\n\n\n\n<p>To bi financiranje trebalo u\u010diniti privla\u010dnijim. Uz to, mora se podnijeti samo jedan zahtjev.<\/p>\n\n\n\n<p><strong>Digitalni recept<\/strong><\/p>\n\n\n\n<p>Izdavanje digitalnih recepta zapo\u010det \u0107e testnu fazu od 1. srpnja. U Berlinu i Brandenburgu zakonski zdravstveno osigurane osobe mogu dobiti digitalni recept na pametni telefon u 50 medicinskih ordinacija i iskoristiti ga u 120 ljekarni.<\/p>\n\n\n\n<p>Digitalni recept namijenjen je okon\u010danju papirologije u zdravstvenom sektoru.<\/p>\n\n\n\n<p><strong>Ekonomska pomo\u0107: Po\u010dinje premo\u0161\u0107ivanje III Plus<\/strong><\/p>\n\n\n\n<p>Mjere zaklju\u010davanja su ukinute, ali neke industrije jo\u0161 uvijek te\u0161ko pate od posljedica korone. Kako bi se nosili s tim, programi ekonomske pomo\u0107i u koroni i dalje se nastavljaju.<\/p>\n\n\n\n<p>Novi program zapo\u010det \u0107e 1. srpnja pod nazivom \u00dcberbr\u00fcckungshilfe III Plus. Takozvani bonus za ponovno pokretanje posla trebao bi tako\u0111er olak\u0161ati tvrtkama povratak na tr\u017ei\u0161te. Na primjer, tvrtke mogu dobiti ve\u0107u subvenciju za svoje tro\u0161kove osoblja.<\/p>\n\n\n\n<p>Izvor:fenix-magazin.de<\/p>\n","protected":false},"excerpt":{"rendered":"<p>Srpanj donosi mnoge promjene u Njema\u010dkoj, pi\u0161e&nbsp;Fenix-magazin. Kraj obveze ku\u0107nog ureda Rad od ku\u0107e za neke \u0107e radnike mo\u017eda zavr\u0161iti po\u010detkom srpnja jer ta obveza zavr\u0161ava 30.lipnja. Od tada \u0107e se primjenjivati novi propisi o za\u0161titi na radu od korone. Va\u0161 poslodavac vi\u0161e vam ne mora dopu\u0161tati da radite od ku\u0107e, a vi kao zaposlenik [&hellip;]<\/p>\n","protected":false},"author":2,"featured_media":36357,"comment_status":"closed","ping_status":"closed","sticky":false,"template":"","format":"standard","meta":{"h5ap_radio_sources":[],"footnotes":""},"categories":[1],"tags":[],"class_list":["post-36356","post","type-post","status-publish","format-standard","has-post-thumbnail","hentry","category-bihiregija"],"yoast_head":"<!-- This site is optimized with the Yoast SEO plugin v27.5 - https:\/\/yoast.com\/product\/yoast-seo-wordpress\/ -->\n<title>Njema\u010dka: Ve\u0107i minimalac, mirovine\u2026pogledajte \u0161to se sve mijenja od srpnja - RADIO LJUBU\u0160KI<\/title>\n<meta name=\"robots\" content=\"index, follow, max-snippet:-1, max-image-preview:large, max-video-preview:-1\" \/>\n<link rel=\"canonical\" href=\"https:\/\/radioljubuski.ba\/index.php\/2021\/06\/27\/njemacka-veci-minimalac-mirovinepogledajte-sto-se-sve-mijenja-od-srpnja\/\" \/>\n<meta property=\"og:locale\" content=\"hr_HR\" \/>\n<meta property=\"og:type\" content=\"article\" \/>\n<meta property=\"og:title\" content=\"Njema\u010dka: Ve\u0107i minimalac, mirovine\u2026pogledajte \u0161to se sve mijenja od srpnja - RADIO LJUBU\u0160KI\" \/>\n<meta property=\"og:description\" content=\"Srpanj donosi mnoge promjene u Njema\u010dkoj, pi\u0161e&nbsp;Fenix-magazin. Kraj obveze ku\u0107nog ureda Rad od ku\u0107e za neke \u0107e radnike mo\u017eda zavr\u0161iti po\u010detkom srpnja jer ta obveza zavr\u0161ava 30.lipnja. Od tada \u0107e se primjenjivati novi propisi o za\u0161titi na radu od korone. Va\u0161 poslodavac vi\u0161e vam ne mora dopu\u0161tati da radite od ku\u0107e, a vi kao zaposlenik [&hellip;]\" \/>\n<meta property=\"og:url\" content=\"https:\/\/radioljubuski.ba\/index.php\/2021\/06\/27\/njemacka-veci-minimalac-mirovinepogledajte-sto-se-sve-mijenja-od-srpnja\/\" \/>\n<meta property=\"og:site_name\" content=\"RADIO LJUBU\u0160KI\" \/>\n<meta property=\"article:publisher\" content=\"https:\/\/www.facebook.com\/Radiio-Ljubuski-1490835324566332\" \/>\n<meta property=\"article:published_time\" content=\"2021-06-27T12:30:21+00:00\" \/>\n<meta property=\"og:image\" content=\"https:\/\/radioljubuski.ba\/wp-content\/uploads\/2021\/06\/2-2021-06-16-08-34-17-HOF-NJEMACKA-1.jpg\" \/>\n\t<meta property=\"og:image:width\" content=\"1000\" \/>\n\t<meta property=\"og:image:height\" content=\"625\" \/>\n\t<meta property=\"og:image:type\" content=\"image\/jpeg\" \/>\n<meta name=\"author\" content=\"Radio Ljubu\u0161ki\" \/>\n<meta name=\"twitter:card\" content=\"summary_large_image\" \/>\n<meta name=\"twitter:creator\" content=\"@radioljubuski\" \/>\n<meta name=\"twitter:site\" content=\"@radioljubuski\" \/>\n<meta name=\"twitter:label1\" content=\"Napisao\/la\" \/>\n\t<meta name=\"twitter:data1\" content=\"Radio Ljubu\u0161ki\" \/>\n\t<meta name=\"twitter:label2\" content=\"Procijenjeno vrijeme \u010ditanja\" \/>\n\t<meta name=\"twitter:data2\" content=\"4 minute\" \/>\n<script type=\"application\/ld+json\" class=\"yoast-schema-graph\">{\"@context\":\"https:\\\/\\\/schema.org\",\"@graph\":[{\"@type\":\"Article\",\"@id\":\"https:\\\/\\\/radioljubuski.ba\\\/index.php\\\/2021\\\/06\\\/27\\\/njemacka-veci-minimalac-mirovinepogledajte-sto-se-sve-mijenja-od-srpnja\\\/#article\",\"isPartOf\":{\"@id\":\"https:\\\/\\\/radioljubuski.ba\\\/index.php\\\/2021\\\/06\\\/27\\\/njemacka-veci-minimalac-mirovinepogledajte-sto-se-sve-mijenja-od-srpnja\\\/\"},\"author\":{\"name\":\"Radio Ljubu\u0161ki\",\"@id\":\"https:\\\/\\\/radioljubuski.ba\\\/#\\\/schema\\\/person\\\/19fc700381a780f69665d7956c469e3b\"},\"headline\":\"Njema\u010dka: Ve\u0107i minimalac, mirovine\u2026pogledajte \u0161to se sve mijenja od srpnja\",\"datePublished\":\"2021-06-27T12:30:21+00:00\",\"mainEntityOfPage\":{\"@id\":\"https:\\\/\\\/radioljubuski.ba\\\/index.php\\\/2021\\\/06\\\/27\\\/njemacka-veci-minimalac-mirovinepogledajte-sto-se-sve-mijenja-od-srpnja\\\/\"},\"wordCount\":879,\"publisher\":{\"@id\":\"https:\\\/\\\/radioljubuski.ba\\\/#organization\"},\"image\":{\"@id\":\"https:\\\/\\\/radioljubuski.ba\\\/index.php\\\/2021\\\/06\\\/27\\\/njemacka-veci-minimalac-mirovinepogledajte-sto-se-sve-mijenja-od-srpnja\\\/#primaryimage\"},\"thumbnailUrl\":\"https:\\\/\\\/radioljubuski.ba\\\/wp-content\\\/uploads\\\/2021\\\/06\\\/2-2021-06-16-08-34-17-HOF-NJEMACKA-1.jpg\",\"articleSection\":[\"BIH i regija\"],\"inLanguage\":\"hr\"},{\"@type\":\"WebPage\",\"@id\":\"https:\\\/\\\/radioljubuski.ba\\\/index.php\\\/2021\\\/06\\\/27\\\/njemacka-veci-minimalac-mirovinepogledajte-sto-se-sve-mijenja-od-srpnja\\\/\",\"url\":\"https:\\\/\\\/radioljubuski.ba\\\/index.php\\\/2021\\\/06\\\/27\\\/njemacka-veci-minimalac-mirovinepogledajte-sto-se-sve-mijenja-od-srpnja\\\/\",\"name\":\"Njema\u010dka: Ve\u0107i minimalac, mirovine\u2026pogledajte \u0161to se sve mijenja od srpnja - RADIO LJUBU\u0160KI\",\"isPartOf\":{\"@id\":\"https:\\\/\\\/radioljubuski.ba\\\/#website\"},\"primaryImageOfPage\":{\"@id\":\"https:\\\/\\\/radioljubuski.ba\\\/index.php\\\/2021\\\/06\\\/27\\\/njemacka-veci-minimalac-mirovinepogledajte-sto-se-sve-mijenja-od-srpnja\\\/#primaryimage\"},\"image\":{\"@id\":\"https:\\\/\\\/radioljubuski.ba\\\/index.php\\\/2021\\\/06\\\/27\\\/njemacka-veci-minimalac-mirovinepogledajte-sto-se-sve-mijenja-od-srpnja\\\/#primaryimage\"},\"thumbnailUrl\":\"https:\\\/\\\/radioljubuski.ba\\\/wp-content\\\/uploads\\\/2021\\\/06\\\/2-2021-06-16-08-34-17-HOF-NJEMACKA-1.jpg\",\"datePublished\":\"2021-06-27T12:30:21+00:00\",\"breadcrumb\":{\"@id\":\"https:\\\/\\\/radioljubuski.ba\\\/index.php\\\/2021\\\/06\\\/27\\\/njemacka-veci-minimalac-mirovinepogledajte-sto-se-sve-mijenja-od-srpnja\\\/#breadcrumb\"},\"inLanguage\":\"hr\",\"potentialAction\":[{\"@type\":\"ReadAction\",\"target\":[\"https:\\\/\\\/radioljubuski.ba\\\/index.php\\\/2021\\\/06\\\/27\\\/njemacka-veci-minimalac-mirovinepogledajte-sto-se-sve-mijenja-od-srpnja\\\/\"]}]},{\"@type\":\"ImageObject\",\"inLanguage\":\"hr\",\"@id\":\"https:\\\/\\\/radioljubuski.ba\\\/index.php\\\/2021\\\/06\\\/27\\\/njemacka-veci-minimalac-mirovinepogledajte-sto-se-sve-mijenja-od-srpnja\\\/#primaryimage\",\"url\":\"https:\\\/\\\/radioljubuski.ba\\\/wp-content\\\/uploads\\\/2021\\\/06\\\/2-2021-06-16-08-34-17-HOF-NJEMACKA-1.jpg\",\"contentUrl\":\"https:\\\/\\\/radioljubuski.ba\\\/wp-content\\\/uploads\\\/2021\\\/06\\\/2-2021-06-16-08-34-17-HOF-NJEMACKA-1.jpg\",\"width\":1000,\"height\":625},{\"@type\":\"BreadcrumbList\",\"@id\":\"https:\\\/\\\/radioljubuski.ba\\\/index.php\\\/2021\\\/06\\\/27\\\/njemacka-veci-minimalac-mirovinepogledajte-sto-se-sve-mijenja-od-srpnja\\\/#breadcrumb\",\"itemListElement\":[{\"@type\":\"ListItem\",\"position\":1,\"name\":\"Po\u010detna stranica\",\"item\":\"https:\\\/\\\/radioljubuski.ba\\\/\"},{\"@type\":\"ListItem\",\"position\":2,\"name\":\"Njema\u010dka: Ve\u0107i minimalac, mirovine\u2026pogledajte \u0161to se sve mijenja od srpnja\"}]},{\"@type\":\"WebSite\",\"@id\":\"https:\\\/\\\/radioljubuski.ba\\\/#website\",\"url\":\"https:\\\/\\\/radioljubuski.ba\\\/\",\"name\":\"Radio Ljubu\u0161ki\",\"description\":\"Sun\u010dana frekvencija Hercegovine\",\"publisher\":{\"@id\":\"https:\\\/\\\/radioljubuski.ba\\\/#organization\"},\"potentialAction\":[{\"@type\":\"SearchAction\",\"target\":{\"@type\":\"EntryPoint\",\"urlTemplate\":\"https:\\\/\\\/radioljubuski.ba\\\/?s={search_term_string}\"},\"query-input\":{\"@type\":\"PropertyValueSpecification\",\"valueRequired\":true,\"valueName\":\"search_term_string\"}}],\"inLanguage\":\"hr\"},{\"@type\":\"Organization\",\"@id\":\"https:\\\/\\\/radioljubuski.ba\\\/#organization\",\"name\":\"Radio Ljubu\u0161ki\",\"url\":\"https:\\\/\\\/radioljubuski.ba\\\/\",\"logo\":{\"@type\":\"ImageObject\",\"inLanguage\":\"hr\",\"@id\":\"https:\\\/\\\/radioljubuski.ba\\\/#\\\/schema\\\/logo\\\/image\\\/\",\"url\":\"https:\\\/\\\/radioljubuski.ba\\\/wp-content\\\/uploads\\\/2021\\\/02\\\/cropped-Radio_Ljubuski_logo1.jpg\",\"contentUrl\":\"https:\\\/\\\/radioljubuski.ba\\\/wp-content\\\/uploads\\\/2021\\\/02\\\/cropped-Radio_Ljubuski_logo1.jpg\",\"width\":512,\"height\":512,\"caption\":\"Radio Ljubu\u0161ki\"},\"image\":{\"@id\":\"https:\\\/\\\/radioljubuski.ba\\\/#\\\/schema\\\/logo\\\/image\\\/\"},\"sameAs\":[\"https:\\\/\\\/www.facebook.com\\\/Radiio-Ljubuski-1490835324566332\",\"https:\\\/\\\/x.com\\\/radioljubuski\",\"https:\\\/\\\/hr.linkedin.com\\\/company\\\/radio-ljubuski\",\"https:\\\/\\\/www.youtube.com\\\/channel\\\/UCHYaeO_n0Db3tjNGudGpXyw\"]},{\"@type\":\"Person\",\"@id\":\"https:\\\/\\\/radioljubuski.ba\\\/#\\\/schema\\\/person\\\/19fc700381a780f69665d7956c469e3b\",\"name\":\"Radio Ljubu\u0161ki\"}]}<\/script>\n<!-- \/ Yoast SEO plugin. -->","yoast_head_json":{"title":"Njema\u010dka: Ve\u0107i minimalac, mirovine\u2026pogledajte \u0161to se sve mijenja od srpnja - RADIO LJUBU\u0160KI","robots":{"index":"index","follow":"follow","max-snippet":"max-snippet:-1","max-image-preview":"max-image-preview:large","max-video-preview":"max-video-preview:-1"},"canonical":"https:\/\/radioljubuski.ba\/index.php\/2021\/06\/27\/njemacka-veci-minimalac-mirovinepogledajte-sto-se-sve-mijenja-od-srpnja\/","og_locale":"hr_HR","og_type":"article","og_title":"Njema\u010dka: Ve\u0107i minimalac, mirovine\u2026pogledajte \u0161to se sve mijenja od srpnja - RADIO LJUBU\u0160KI","og_description":"Srpanj donosi mnoge promjene u Njema\u010dkoj, pi\u0161e&nbsp;Fenix-magazin. Kraj obveze ku\u0107nog ureda Rad od ku\u0107e za neke \u0107e radnike mo\u017eda zavr\u0161iti po\u010detkom srpnja jer ta obveza zavr\u0161ava 30.lipnja. Od tada \u0107e se primjenjivati novi propisi o za\u0161titi na radu od korone. Va\u0161 poslodavac vi\u0161e vam ne mora dopu\u0161tati da radite od ku\u0107e, a vi kao zaposlenik [&hellip;]","og_url":"https:\/\/radioljubuski.ba\/index.php\/2021\/06\/27\/njemacka-veci-minimalac-mirovinepogledajte-sto-se-sve-mijenja-od-srpnja\/","og_site_name":"RADIO LJUBU\u0160KI","article_publisher":"https:\/\/www.facebook.com\/Radiio-Ljubuski-1490835324566332","article_published_time":"2021-06-27T12:30:21+00:00","og_image":[{"width":1000,"height":625,"url":"https:\/\/radioljubuski.ba\/wp-content\/uploads\/2021\/06\/2-2021-06-16-08-34-17-HOF-NJEMACKA-1.jpg","type":"image\/jpeg"}],"author":"Radio Ljubu\u0161ki","twitter_card":"summary_large_image","twitter_creator":"@radioljubuski","twitter_site":"@radioljubuski","twitter_misc":{"Napisao\/la":"Radio Ljubu\u0161ki","Procijenjeno vrijeme \u010ditanja":"4 minute"},"schema":{"@context":"https:\/\/schema.org","@graph":[{"@type":"Article","@id":"https:\/\/radioljubuski.ba\/index.php\/2021\/06\/27\/njemacka-veci-minimalac-mirovinepogledajte-sto-se-sve-mijenja-od-srpnja\/#article","isPartOf":{"@id":"https:\/\/radioljubuski.ba\/index.php\/2021\/06\/27\/njemacka-veci-minimalac-mirovinepogledajte-sto-se-sve-mijenja-od-srpnja\/"},"author":{"name":"Radio Ljubu\u0161ki","@id":"https:\/\/radioljubuski.ba\/#\/schema\/person\/19fc700381a780f69665d7956c469e3b"},"headline":"Njema\u010dka: Ve\u0107i minimalac, mirovine\u2026pogledajte \u0161to se sve mijenja od srpnja","datePublished":"2021-06-27T12:30:21+00:00","mainEntityOfPage":{"@id":"https:\/\/radioljubuski.ba\/index.php\/2021\/06\/27\/njemacka-veci-minimalac-mirovinepogledajte-sto-se-sve-mijenja-od-srpnja\/"},"wordCount":879,"publisher":{"@id":"https:\/\/radioljubuski.ba\/#organization"},"image":{"@id":"https:\/\/radioljubuski.ba\/index.php\/2021\/06\/27\/njemacka-veci-minimalac-mirovinepogledajte-sto-se-sve-mijenja-od-srpnja\/#primaryimage"},"thumbnailUrl":"https:\/\/radioljubuski.ba\/wp-content\/uploads\/2021\/06\/2-2021-06-16-08-34-17-HOF-NJEMACKA-1.jpg","articleSection":["BIH i regija"],"inLanguage":"hr"},{"@type":"WebPage","@id":"https:\/\/radioljubuski.ba\/index.php\/2021\/06\/27\/njemacka-veci-minimalac-mirovinepogledajte-sto-se-sve-mijenja-od-srpnja\/","url":"https:\/\/radioljubuski.ba\/index.php\/2021\/06\/27\/njemacka-veci-minimalac-mirovinepogledajte-sto-se-sve-mijenja-od-srpnja\/","name":"Njema\u010dka: Ve\u0107i minimalac, mirovine\u2026pogledajte \u0161to se sve mijenja od srpnja - RADIO LJUBU\u0160KI","isPartOf":{"@id":"https:\/\/radioljubuski.ba\/#website"},"primaryImageOfPage":{"@id":"https:\/\/radioljubuski.ba\/index.php\/2021\/06\/27\/njemacka-veci-minimalac-mirovinepogledajte-sto-se-sve-mijenja-od-srpnja\/#primaryimage"},"image":{"@id":"https:\/\/radioljubuski.ba\/index.php\/2021\/06\/27\/njemacka-veci-minimalac-mirovinepogledajte-sto-se-sve-mijenja-od-srpnja\/#primaryimage"},"thumbnailUrl":"https:\/\/radioljubuski.ba\/wp-content\/uploads\/2021\/06\/2-2021-06-16-08-34-17-HOF-NJEMACKA-1.jpg","datePublished":"2021-06-27T12:30:21+00:00","breadcrumb":{"@id":"https:\/\/radioljubuski.ba\/index.php\/2021\/06\/27\/njemacka-veci-minimalac-mirovinepogledajte-sto-se-sve-mijenja-od-srpnja\/#breadcrumb"},"inLanguage":"hr","potentialAction":[{"@type":"ReadAction","target":["https:\/\/radioljubuski.ba\/index.php\/2021\/06\/27\/njemacka-veci-minimalac-mirovinepogledajte-sto-se-sve-mijenja-od-srpnja\/"]}]},{"@type":"ImageObject","inLanguage":"hr","@id":"https:\/\/radioljubuski.ba\/index.php\/2021\/06\/27\/njemacka-veci-minimalac-mirovinepogledajte-sto-se-sve-mijenja-od-srpnja\/#primaryimage","url":"https:\/\/radioljubuski.ba\/wp-content\/uploads\/2021\/06\/2-2021-06-16-08-34-17-HOF-NJEMACKA-1.jpg","contentUrl":"https:\/\/radioljubuski.ba\/wp-content\/uploads\/2021\/06\/2-2021-06-16-08-34-17-HOF-NJEMACKA-1.jpg","width":1000,"height":625},{"@type":"BreadcrumbList","@id":"https:\/\/radioljubuski.ba\/index.php\/2021\/06\/27\/njemacka-veci-minimalac-mirovinepogledajte-sto-se-sve-mijenja-od-srpnja\/#breadcrumb","itemListElement":[{"@type":"ListItem","position":1,"name":"Po\u010detna stranica","item":"https:\/\/radioljubuski.ba\/"},{"@type":"ListItem","position":2,"name":"Njema\u010dka: Ve\u0107i minimalac, mirovine\u2026pogledajte \u0161to se sve mijenja od srpnja"}]},{"@type":"WebSite","@id":"https:\/\/radioljubuski.ba\/#website","url":"https:\/\/radioljubuski.ba\/","name":"Radio Ljubu\u0161ki","description":"Sun\u010dana frekvencija Hercegovine","publisher":{"@id":"https:\/\/radioljubuski.ba\/#organization"},"potentialAction":[{"@type":"SearchAction","target":{"@type":"EntryPoint","urlTemplate":"https:\/\/radioljubuski.ba\/?s={search_term_string}"},"query-input":{"@type":"PropertyValueSpecification","valueRequired":true,"valueName":"search_term_string"}}],"inLanguage":"hr"},{"@type":"Organization","@id":"https:\/\/radioljubuski.ba\/#organization","name":"Radio Ljubu\u0161ki","url":"https:\/\/radioljubuski.ba\/","logo":{"@type":"ImageObject","inLanguage":"hr","@id":"https:\/\/radioljubuski.ba\/#\/schema\/logo\/image\/","url":"https:\/\/radioljubuski.ba\/wp-content\/uploads\/2021\/02\/cropped-Radio_Ljubuski_logo1.jpg","contentUrl":"https:\/\/radioljubuski.ba\/wp-content\/uploads\/2021\/02\/cropped-Radio_Ljubuski_logo1.jpg","width":512,"height":512,"caption":"Radio Ljubu\u0161ki"},"image":{"@id":"https:\/\/radioljubuski.ba\/#\/schema\/logo\/image\/"},"sameAs":["https:\/\/www.facebook.com\/Radiio-Ljubuski-1490835324566332","https:\/\/x.com\/radioljubuski","https:\/\/hr.linkedin.com\/company\/radio-ljubuski","https:\/\/www.youtube.com\/channel\/UCHYaeO_n0Db3tjNGudGpXyw"]},{"@type":"Person","@id":"https:\/\/radioljubuski.ba\/#\/schema\/person\/19fc700381a780f69665d7956c469e3b","name":"Radio Ljubu\u0161ki"}]}},"_links":{"self":[{"href":"https:\/\/radioljubuski.ba\/index.php\/wp-json\/wp\/v2\/posts\/36356","targetHints":{"allow":["GET"]}}],"collection":[{"href":"https:\/\/radioljubuski.ba\/index.php\/wp-json\/wp\/v2\/posts"}],"about":[{"href":"https:\/\/radioljubuski.ba\/index.php\/wp-json\/wp\/v2\/types\/post"}],"author":[{"embeddable":true,"href":"https:\/\/radioljubuski.ba\/index.php\/wp-json\/wp\/v2\/users\/2"}],"replies":[{"embeddable":true,"href":"https:\/\/radioljubuski.ba\/index.php\/wp-json\/wp\/v2\/comments?post=36356"}],"version-history":[{"count":1,"href":"https:\/\/radioljubuski.ba\/index.php\/wp-json\/wp\/v2\/posts\/36356\/revisions"}],"predecessor-version":[{"id":36358,"href":"https:\/\/radioljubuski.ba\/index.php\/wp-json\/wp\/v2\/posts\/36356\/revisions\/36358"}],"wp:featuredmedia":[{"embeddable":true,"href":"https:\/\/radioljubuski.ba\/index.php\/wp-json\/wp\/v2\/media\/36357"}],"wp:attachment":[{"href":"https:\/\/radioljubuski.ba\/index.php\/wp-json\/wp\/v2\/media?parent=36356"}],"wp:term":[{"taxonomy":"category","embeddable":true,"href":"https:\/\/radioljubuski.ba\/index.php\/wp-json\/wp\/v2\/categories?post=36356"},{"taxonomy":"post_tag","embeddable":true,"href":"https:\/\/radioljubuski.ba\/index.php\/wp-json\/wp\/v2\/tags?post=36356"}],"curies":[{"name":"wp","href":"https:\/\/api.w.org\/{rel}","templated":true}]}}