{"id":36365,"date":"2021-06-27T13:36:04","date_gmt":"2021-06-27T12:36:04","guid":{"rendered":"https:\/\/radioljubuski.ba\/?p=36365"},"modified":"2021-06-27T13:36:06","modified_gmt":"2021-06-27T12:36:06","slug":"izgradnja-ceste-stolac-neum-u-punom-jeku-uskoro-do-neuma-za-20-minuta-video","status":"publish","type":"post","link":"https:\/\/radioljubuski.ba\/index.php\/2021\/06\/27\/izgradnja-ceste-stolac-neum-u-punom-jeku-uskoro-do-neuma-za-20-minuta-video\/","title":{"rendered":"Izgradnja ceste Stolac-Neum u punom jeku, uskoro do Neuma za 20 minuta &#8211; video"},"content":{"rendered":"\n<p>Magistralna cesta koja povezuje Stolac i Neum trebala bi biti zavr\u0161ena u prvoj polovici idu\u0107e godine, a prema relevantnim procjenama putovanje izme\u0111u dva grada trajat \u0107e ne\u0161to vi\u0161e od 20 minuta.<\/p>\n\n\n\n<p>Iako su prethodnih dana temperature bile visoko iznad 30 stupnjeva Celzijusa, radovi traju nesmanjenim intezitetom. Vo\u017enja zavr\u0161enim dionicama je pravo u\u017eivanje, pa se s nestrpljenjem o\u010dekuje potpuni zavr\u0161etak kada \u0107e se jednom za sva vremena Svitavi i \u010dekanjima na grani\u010dnim prijelazima re\u0107i zbogom, pi\u0161e&nbsp;<a href=\"https:\/\/www.faktor.ba\/vijest\/izgradnja-ceste-stolac-neum-u-punom-jeku-svitavi-cemo-uskoro-reci-zbogom-\/129623\" target=\"_blank\" rel=\"noreferrer noopener\">Faktor.<\/a><\/p>\n\n\n\n<p>Ova moderna prometnica po\u010dinje iz Drenovca, a zavr\u0161ava u mjestu Stolovi nakon devet kilometara vo\u017enje. Zbog trenutnih radova na poddionici Hutovo-Cerovica-Stolovi od deset kilometara mora se skrenuti na staru cestu. Vo\u017enja ovom gotovo jednosmjernom, krivudavom cestom je mu\u010dna, a vozila se te\u0161ko mimoilaze \u0161to dodatno dokazuje koliko je nova cesta prijeko potrebna.<\/p>\n\n\n\n<p>Ako se odlu\u010dite na putovanje ovom cestom, potreban je dodatni oprez zbog lo\u0161e preglednosti, ali i brojnih strojeva koje ukazuju da se radovi odvijaju punom parom. Pravi je u\u017eitak ponovno se vratiti na novu cestu, odnosno poddionicu Hutovo-Prapratnica na kojoj se nalazi i moderni tunel \u017daba dug 975 metara.<\/p>\n\n\n\n<p>Putovanje ovom dionicom je kratko, oko tri kilometra, nakon toga ponovno morate na staru cestu jer se izvode radovi na dijelu puta od Prapratnice do Bro\u0107anca. Na sre\u0107u, ubrzo se vra\u0107ate na novu cestu i narednih 12 kilometara mirno se vozite sve do Neuma.<\/p>\n\n\n\n<p>Gradnja magistralne ceste Stolac-Neum po\u010dela je u travnju 2018. godine, a vrijednost radova procijenjena je na 72 milijuna KM. U sklopu ove dionice bit \u0107e ura\u0111ena i stola\u010dka zaobilaznica duga 1,3 kilometra, a lokalne vlast ve\u0107 su dale urbanisti\u010dku suglasnost.<\/p>\n\n\n\n<figure class=\"wp-block-embed is-type-video is-provider-youtube wp-block-embed-youtube wp-embed-aspect-16-9 wp-has-aspect-ratio\"><div class=\"wp-block-embed__wrapper\">\n<iframe loading=\"lazy\" title=\"Cesta Stolac-Neum, 22.06.2021\" width=\"640\" height=\"360\" src=\"https:\/\/www.youtube.com\/embed\/hmX75qqxvio?feature=oembed\" frameborder=\"0\" allow=\"accelerometer; autoplay; clipboard-write; encrypted-media; gyroscope; picture-in-picture; web-share\" referrerpolicy=\"strict-origin-when-cross-origin\" allowfullscreen><\/iframe>\n<\/div><\/figure>\n\n\n\n<p>Izvor:faktor.ba<\/p>\n","protected":false},"excerpt":{"rendered":"<p>Magistralna cesta koja povezuje Stolac i Neum trebala bi biti zavr\u0161ena u prvoj polovici idu\u0107e godine, a prema relevantnim procjenama putovanje izme\u0111u dva grada trajat \u0107e ne\u0161to vi\u0161e od 20 minuta. Iako su prethodnih dana temperature bile visoko iznad 30 stupnjeva Celzijusa, radovi traju nesmanjenim intezitetom. Vo\u017enja zavr\u0161enim dionicama je pravo u\u017eivanje, pa se s [&hellip;]<\/p>\n","protected":false},"author":2,"featured_media":36366,"comment_status":"closed","ping_status":"closed","sticky":false,"template":"","format":"standard","meta":{"h5ap_radio_sources":[],"footnotes":""},"categories":[1],"tags":[],"class_list":["post-36365","post","type-post","status-publish","format-standard","has-post-thumbnail","hentry","category-bihiregija"],"yoast_head":"<!-- This site is optimized with the Yoast SEO plugin v27.5 - https:\/\/yoast.com\/product\/yoast-seo-wordpress\/ -->\n<title>Izgradnja ceste Stolac-Neum u punom jeku, uskoro do Neuma za 20 minuta - video - RADIO LJUBU\u0160KI<\/title>\n<meta name=\"robots\" content=\"index, follow, max-snippet:-1, max-image-preview:large, max-video-preview:-1\" \/>\n<link rel=\"canonical\" href=\"https:\/\/radioljubuski.ba\/index.php\/2021\/06\/27\/izgradnja-ceste-stolac-neum-u-punom-jeku-uskoro-do-neuma-za-20-minuta-video\/\" \/>\n<meta property=\"og:locale\" content=\"hr_HR\" \/>\n<meta property=\"og:type\" content=\"article\" \/>\n<meta property=\"og:title\" content=\"Izgradnja ceste Stolac-Neum u punom jeku, uskoro do Neuma za 20 minuta - video - RADIO LJUBU\u0160KI\" \/>\n<meta property=\"og:description\" content=\"Magistralna cesta koja povezuje Stolac i Neum trebala bi biti zavr\u0161ena u prvoj polovici idu\u0107e godine, a prema relevantnim procjenama putovanje izme\u0111u dva grada trajat \u0107e ne\u0161to vi\u0161e od 20 minuta. Iako su prethodnih dana temperature bile visoko iznad 30 stupnjeva Celzijusa, radovi traju nesmanjenim intezitetom. Vo\u017enja zavr\u0161enim dionicama je pravo u\u017eivanje, pa se s [&hellip;]\" \/>\n<meta property=\"og:url\" content=\"https:\/\/radioljubuski.ba\/index.php\/2021\/06\/27\/izgradnja-ceste-stolac-neum-u-punom-jeku-uskoro-do-neuma-za-20-minuta-video\/\" \/>\n<meta property=\"og:site_name\" content=\"RADIO LJUBU\u0160KI\" \/>\n<meta property=\"article:publisher\" content=\"https:\/\/www.facebook.com\/Radiio-Ljubuski-1490835324566332\" \/>\n<meta property=\"article:published_time\" content=\"2021-06-27T12:36:04+00:00\" \/>\n<meta property=\"article:modified_time\" content=\"2021-06-27T12:36:06+00:00\" \/>\n<meta property=\"og:image\" content=\"https:\/\/radioljubuski.ba\/wp-content\/uploads\/2021\/06\/2-2021-06-26-19-20-11-stolac-cesta-neum.jpeg\" \/>\n\t<meta property=\"og:image:width\" content=\"1000\" \/>\n\t<meta property=\"og:image:height\" content=\"625\" \/>\n\t<meta property=\"og:image:type\" content=\"image\/jpeg\" \/>\n<meta name=\"author\" content=\"Radio Ljubu\u0161ki\" \/>\n<meta name=\"twitter:card\" content=\"summary_large_image\" \/>\n<meta name=\"twitter:creator\" content=\"@radioljubuski\" \/>\n<meta name=\"twitter:site\" content=\"@radioljubuski\" \/>\n<meta name=\"twitter:label1\" content=\"Napisao\/la\" \/>\n\t<meta name=\"twitter:data1\" content=\"Radio Ljubu\u0161ki\" \/>\n\t<meta name=\"twitter:label2\" content=\"Procijenjeno vrijeme \u010ditanja\" \/>\n\t<meta name=\"twitter:data2\" content=\"2 minute\" \/>\n<script type=\"application\/ld+json\" class=\"yoast-schema-graph\">{\"@context\":\"https:\\\/\\\/schema.org\",\"@graph\":[{\"@type\":\"Article\",\"@id\":\"https:\\\/\\\/radioljubuski.ba\\\/index.php\\\/2021\\\/06\\\/27\\\/izgradnja-ceste-stolac-neum-u-punom-jeku-uskoro-do-neuma-za-20-minuta-video\\\/#article\",\"isPartOf\":{\"@id\":\"https:\\\/\\\/radioljubuski.ba\\\/index.php\\\/2021\\\/06\\\/27\\\/izgradnja-ceste-stolac-neum-u-punom-jeku-uskoro-do-neuma-za-20-minuta-video\\\/\"},\"author\":{\"name\":\"Radio Ljubu\u0161ki\",\"@id\":\"https:\\\/\\\/radioljubuski.ba\\\/#\\\/schema\\\/person\\\/19fc700381a780f69665d7956c469e3b\"},\"headline\":\"Izgradnja ceste Stolac-Neum u punom jeku, uskoro do Neuma za 20 minuta &#8211; video\",\"datePublished\":\"2021-06-27T12:36:04+00:00\",\"dateModified\":\"2021-06-27T12:36:06+00:00\",\"mainEntityOfPage\":{\"@id\":\"https:\\\/\\\/radioljubuski.ba\\\/index.php\\\/2021\\\/06\\\/27\\\/izgradnja-ceste-stolac-neum-u-punom-jeku-uskoro-do-neuma-za-20-minuta-video\\\/\"},\"wordCount\":308,\"publisher\":{\"@id\":\"https:\\\/\\\/radioljubuski.ba\\\/#organization\"},\"image\":{\"@id\":\"https:\\\/\\\/radioljubuski.ba\\\/index.php\\\/2021\\\/06\\\/27\\\/izgradnja-ceste-stolac-neum-u-punom-jeku-uskoro-do-neuma-za-20-minuta-video\\\/#primaryimage\"},\"thumbnailUrl\":\"https:\\\/\\\/radioljubuski.ba\\\/wp-content\\\/uploads\\\/2021\\\/06\\\/2-2021-06-26-19-20-11-stolac-cesta-neum.jpeg\",\"articleSection\":[\"BIH i regija\"],\"inLanguage\":\"hr\"},{\"@type\":\"WebPage\",\"@id\":\"https:\\\/\\\/radioljubuski.ba\\\/index.php\\\/2021\\\/06\\\/27\\\/izgradnja-ceste-stolac-neum-u-punom-jeku-uskoro-do-neuma-za-20-minuta-video\\\/\",\"url\":\"https:\\\/\\\/radioljubuski.ba\\\/index.php\\\/2021\\\/06\\\/27\\\/izgradnja-ceste-stolac-neum-u-punom-jeku-uskoro-do-neuma-za-20-minuta-video\\\/\",\"name\":\"Izgradnja ceste Stolac-Neum u punom jeku, uskoro do Neuma za 20 minuta - video - RADIO LJUBU\u0160KI\",\"isPartOf\":{\"@id\":\"https:\\\/\\\/radioljubuski.ba\\\/#website\"},\"primaryImageOfPage\":{\"@id\":\"https:\\\/\\\/radioljubuski.ba\\\/index.php\\\/2021\\\/06\\\/27\\\/izgradnja-ceste-stolac-neum-u-punom-jeku-uskoro-do-neuma-za-20-minuta-video\\\/#primaryimage\"},\"image\":{\"@id\":\"https:\\\/\\\/radioljubuski.ba\\\/index.php\\\/2021\\\/06\\\/27\\\/izgradnja-ceste-stolac-neum-u-punom-jeku-uskoro-do-neuma-za-20-minuta-video\\\/#primaryimage\"},\"thumbnailUrl\":\"https:\\\/\\\/radioljubuski.ba\\\/wp-content\\\/uploads\\\/2021\\\/06\\\/2-2021-06-26-19-20-11-stolac-cesta-neum.jpeg\",\"datePublished\":\"2021-06-27T12:36:04+00:00\",\"dateModified\":\"2021-06-27T12:36:06+00:00\",\"breadcrumb\":{\"@id\":\"https:\\\/\\\/radioljubuski.ba\\\/index.php\\\/2021\\\/06\\\/27\\\/izgradnja-ceste-stolac-neum-u-punom-jeku-uskoro-do-neuma-za-20-minuta-video\\\/#breadcrumb\"},\"inLanguage\":\"hr\",\"potentialAction\":[{\"@type\":\"ReadAction\",\"target\":[\"https:\\\/\\\/radioljubuski.ba\\\/index.php\\\/2021\\\/06\\\/27\\\/izgradnja-ceste-stolac-neum-u-punom-jeku-uskoro-do-neuma-za-20-minuta-video\\\/\"]}]},{\"@type\":\"ImageObject\",\"inLanguage\":\"hr\",\"@id\":\"https:\\\/\\\/radioljubuski.ba\\\/index.php\\\/2021\\\/06\\\/27\\\/izgradnja-ceste-stolac-neum-u-punom-jeku-uskoro-do-neuma-za-20-minuta-video\\\/#primaryimage\",\"url\":\"https:\\\/\\\/radioljubuski.ba\\\/wp-content\\\/uploads\\\/2021\\\/06\\\/2-2021-06-26-19-20-11-stolac-cesta-neum.jpeg\",\"contentUrl\":\"https:\\\/\\\/radioljubuski.ba\\\/wp-content\\\/uploads\\\/2021\\\/06\\\/2-2021-06-26-19-20-11-stolac-cesta-neum.jpeg\",\"width\":1000,\"height\":625},{\"@type\":\"BreadcrumbList\",\"@id\":\"https:\\\/\\\/radioljubuski.ba\\\/index.php\\\/2021\\\/06\\\/27\\\/izgradnja-ceste-stolac-neum-u-punom-jeku-uskoro-do-neuma-za-20-minuta-video\\\/#breadcrumb\",\"itemListElement\":[{\"@type\":\"ListItem\",\"position\":1,\"name\":\"Po\u010detna stranica\",\"item\":\"https:\\\/\\\/radioljubuski.ba\\\/\"},{\"@type\":\"ListItem\",\"position\":2,\"name\":\"Izgradnja ceste Stolac-Neum u punom jeku, uskoro do Neuma za 20 minuta &#8211; video\"}]},{\"@type\":\"WebSite\",\"@id\":\"https:\\\/\\\/radioljubuski.ba\\\/#website\",\"url\":\"https:\\\/\\\/radioljubuski.ba\\\/\",\"name\":\"Radio Ljubu\u0161ki\",\"description\":\"Sun\u010dana frekvencija Hercegovine\",\"publisher\":{\"@id\":\"https:\\\/\\\/radioljubuski.ba\\\/#organization\"},\"potentialAction\":[{\"@type\":\"SearchAction\",\"target\":{\"@type\":\"EntryPoint\",\"urlTemplate\":\"https:\\\/\\\/radioljubuski.ba\\\/?s={search_term_string}\"},\"query-input\":{\"@type\":\"PropertyValueSpecification\",\"valueRequired\":true,\"valueName\":\"search_term_string\"}}],\"inLanguage\":\"hr\"},{\"@type\":\"Organization\",\"@id\":\"https:\\\/\\\/radioljubuski.ba\\\/#organization\",\"name\":\"Radio Ljubu\u0161ki\",\"url\":\"https:\\\/\\\/radioljubuski.ba\\\/\",\"logo\":{\"@type\":\"ImageObject\",\"inLanguage\":\"hr\",\"@id\":\"https:\\\/\\\/radioljubuski.ba\\\/#\\\/schema\\\/logo\\\/image\\\/\",\"url\":\"https:\\\/\\\/radioljubuski.ba\\\/wp-content\\\/uploads\\\/2021\\\/02\\\/cropped-Radio_Ljubuski_logo1.jpg\",\"contentUrl\":\"https:\\\/\\\/radioljubuski.ba\\\/wp-content\\\/uploads\\\/2021\\\/02\\\/cropped-Radio_Ljubuski_logo1.jpg\",\"width\":512,\"height\":512,\"caption\":\"Radio Ljubu\u0161ki\"},\"image\":{\"@id\":\"https:\\\/\\\/radioljubuski.ba\\\/#\\\/schema\\\/logo\\\/image\\\/\"},\"sameAs\":[\"https:\\\/\\\/www.facebook.com\\\/Radiio-Ljubuski-1490835324566332\",\"https:\\\/\\\/x.com\\\/radioljubuski\",\"https:\\\/\\\/hr.linkedin.com\\\/company\\\/radio-ljubuski\",\"https:\\\/\\\/www.youtube.com\\\/channel\\\/UCHYaeO_n0Db3tjNGudGpXyw\"]},{\"@type\":\"Person\",\"@id\":\"https:\\\/\\\/radioljubuski.ba\\\/#\\\/schema\\\/person\\\/19fc700381a780f69665d7956c469e3b\",\"name\":\"Radio Ljubu\u0161ki\"}]}<\/script>\n<!-- \/ Yoast SEO plugin. -->","yoast_head_json":{"title":"Izgradnja ceste Stolac-Neum u punom jeku, uskoro do Neuma za 20 minuta - video - RADIO LJUBU\u0160KI","robots":{"index":"index","follow":"follow","max-snippet":"max-snippet:-1","max-image-preview":"max-image-preview:large","max-video-preview":"max-video-preview:-1"},"canonical":"https:\/\/radioljubuski.ba\/index.php\/2021\/06\/27\/izgradnja-ceste-stolac-neum-u-punom-jeku-uskoro-do-neuma-za-20-minuta-video\/","og_locale":"hr_HR","og_type":"article","og_title":"Izgradnja ceste Stolac-Neum u punom jeku, uskoro do Neuma za 20 minuta - video - RADIO LJUBU\u0160KI","og_description":"Magistralna cesta koja povezuje Stolac i Neum trebala bi biti zavr\u0161ena u prvoj polovici idu\u0107e godine, a prema relevantnim procjenama putovanje izme\u0111u dva grada trajat \u0107e ne\u0161to vi\u0161e od 20 minuta. Iako su prethodnih dana temperature bile visoko iznad 30 stupnjeva Celzijusa, radovi traju nesmanjenim intezitetom. Vo\u017enja zavr\u0161enim dionicama je pravo u\u017eivanje, pa se s [&hellip;]","og_url":"https:\/\/radioljubuski.ba\/index.php\/2021\/06\/27\/izgradnja-ceste-stolac-neum-u-punom-jeku-uskoro-do-neuma-za-20-minuta-video\/","og_site_name":"RADIO LJUBU\u0160KI","article_publisher":"https:\/\/www.facebook.com\/Radiio-Ljubuski-1490835324566332","article_published_time":"2021-06-27T12:36:04+00:00","article_modified_time":"2021-06-27T12:36:06+00:00","og_image":[{"width":1000,"height":625,"url":"https:\/\/radioljubuski.ba\/wp-content\/uploads\/2021\/06\/2-2021-06-26-19-20-11-stolac-cesta-neum.jpeg","type":"image\/jpeg"}],"author":"Radio Ljubu\u0161ki","twitter_card":"summary_large_image","twitter_creator":"@radioljubuski","twitter_site":"@radioljubuski","twitter_misc":{"Napisao\/la":"Radio Ljubu\u0161ki","Procijenjeno vrijeme \u010ditanja":"2 minute"},"schema":{"@context":"https:\/\/schema.org","@graph":[{"@type":"Article","@id":"https:\/\/radioljubuski.ba\/index.php\/2021\/06\/27\/izgradnja-ceste-stolac-neum-u-punom-jeku-uskoro-do-neuma-za-20-minuta-video\/#article","isPartOf":{"@id":"https:\/\/radioljubuski.ba\/index.php\/2021\/06\/27\/izgradnja-ceste-stolac-neum-u-punom-jeku-uskoro-do-neuma-za-20-minuta-video\/"},"author":{"name":"Radio Ljubu\u0161ki","@id":"https:\/\/radioljubuski.ba\/#\/schema\/person\/19fc700381a780f69665d7956c469e3b"},"headline":"Izgradnja ceste Stolac-Neum u punom jeku, uskoro do Neuma za 20 minuta &#8211; video","datePublished":"2021-06-27T12:36:04+00:00","dateModified":"2021-06-27T12:36:06+00:00","mainEntityOfPage":{"@id":"https:\/\/radioljubuski.ba\/index.php\/2021\/06\/27\/izgradnja-ceste-stolac-neum-u-punom-jeku-uskoro-do-neuma-za-20-minuta-video\/"},"wordCount":308,"publisher":{"@id":"https:\/\/radioljubuski.ba\/#organization"},"image":{"@id":"https:\/\/radioljubuski.ba\/index.php\/2021\/06\/27\/izgradnja-ceste-stolac-neum-u-punom-jeku-uskoro-do-neuma-za-20-minuta-video\/#primaryimage"},"thumbnailUrl":"https:\/\/radioljubuski.ba\/wp-content\/uploads\/2021\/06\/2-2021-06-26-19-20-11-stolac-cesta-neum.jpeg","articleSection":["BIH i regija"],"inLanguage":"hr"},{"@type":"WebPage","@id":"https:\/\/radioljubuski.ba\/index.php\/2021\/06\/27\/izgradnja-ceste-stolac-neum-u-punom-jeku-uskoro-do-neuma-za-20-minuta-video\/","url":"https:\/\/radioljubuski.ba\/index.php\/2021\/06\/27\/izgradnja-ceste-stolac-neum-u-punom-jeku-uskoro-do-neuma-za-20-minuta-video\/","name":"Izgradnja ceste Stolac-Neum u punom jeku, uskoro do Neuma za 20 minuta - video - RADIO LJUBU\u0160KI","isPartOf":{"@id":"https:\/\/radioljubuski.ba\/#website"},"primaryImageOfPage":{"@id":"https:\/\/radioljubuski.ba\/index.php\/2021\/06\/27\/izgradnja-ceste-stolac-neum-u-punom-jeku-uskoro-do-neuma-za-20-minuta-video\/#primaryimage"},"image":{"@id":"https:\/\/radioljubuski.ba\/index.php\/2021\/06\/27\/izgradnja-ceste-stolac-neum-u-punom-jeku-uskoro-do-neuma-za-20-minuta-video\/#primaryimage"},"thumbnailUrl":"https:\/\/radioljubuski.ba\/wp-content\/uploads\/2021\/06\/2-2021-06-26-19-20-11-stolac-cesta-neum.jpeg","datePublished":"2021-06-27T12:36:04+00:00","dateModified":"2021-06-27T12:36:06+00:00","breadcrumb":{"@id":"https:\/\/radioljubuski.ba\/index.php\/2021\/06\/27\/izgradnja-ceste-stolac-neum-u-punom-jeku-uskoro-do-neuma-za-20-minuta-video\/#breadcrumb"},"inLanguage":"hr","potentialAction":[{"@type":"ReadAction","target":["https:\/\/radioljubuski.ba\/index.php\/2021\/06\/27\/izgradnja-ceste-stolac-neum-u-punom-jeku-uskoro-do-neuma-za-20-minuta-video\/"]}]},{"@type":"ImageObject","inLanguage":"hr","@id":"https:\/\/radioljubuski.ba\/index.php\/2021\/06\/27\/izgradnja-ceste-stolac-neum-u-punom-jeku-uskoro-do-neuma-za-20-minuta-video\/#primaryimage","url":"https:\/\/radioljubuski.ba\/wp-content\/uploads\/2021\/06\/2-2021-06-26-19-20-11-stolac-cesta-neum.jpeg","contentUrl":"https:\/\/radioljubuski.ba\/wp-content\/uploads\/2021\/06\/2-2021-06-26-19-20-11-stolac-cesta-neum.jpeg","width":1000,"height":625},{"@type":"BreadcrumbList","@id":"https:\/\/radioljubuski.ba\/index.php\/2021\/06\/27\/izgradnja-ceste-stolac-neum-u-punom-jeku-uskoro-do-neuma-za-20-minuta-video\/#breadcrumb","itemListElement":[{"@type":"ListItem","position":1,"name":"Po\u010detna stranica","item":"https:\/\/radioljubuski.ba\/"},{"@type":"ListItem","position":2,"name":"Izgradnja ceste Stolac-Neum u punom jeku, uskoro do Neuma za 20 minuta &#8211; video"}]},{"@type":"WebSite","@id":"https:\/\/radioljubuski.ba\/#website","url":"https:\/\/radioljubuski.ba\/","name":"Radio Ljubu\u0161ki","description":"Sun\u010dana frekvencija Hercegovine","publisher":{"@id":"https:\/\/radioljubuski.ba\/#organization"},"potentialAction":[{"@type":"SearchAction","target":{"@type":"EntryPoint","urlTemplate":"https:\/\/radioljubuski.ba\/?s={search_term_string}"},"query-input":{"@type":"PropertyValueSpecification","valueRequired":true,"valueName":"search_term_string"}}],"inLanguage":"hr"},{"@type":"Organization","@id":"https:\/\/radioljubuski.ba\/#organization","name":"Radio Ljubu\u0161ki","url":"https:\/\/radioljubuski.ba\/","logo":{"@type":"ImageObject","inLanguage":"hr","@id":"https:\/\/radioljubuski.ba\/#\/schema\/logo\/image\/","url":"https:\/\/radioljubuski.ba\/wp-content\/uploads\/2021\/02\/cropped-Radio_Ljubuski_logo1.jpg","contentUrl":"https:\/\/radioljubuski.ba\/wp-content\/uploads\/2021\/02\/cropped-Radio_Ljubuski_logo1.jpg","width":512,"height":512,"caption":"Radio Ljubu\u0161ki"},"image":{"@id":"https:\/\/radioljubuski.ba\/#\/schema\/logo\/image\/"},"sameAs":["https:\/\/www.facebook.com\/Radiio-Ljubuski-1490835324566332","https:\/\/x.com\/radioljubuski","https:\/\/hr.linkedin.com\/company\/radio-ljubuski","https:\/\/www.youtube.com\/channel\/UCHYaeO_n0Db3tjNGudGpXyw"]},{"@type":"Person","@id":"https:\/\/radioljubuski.ba\/#\/schema\/person\/19fc700381a780f69665d7956c469e3b","name":"Radio Ljubu\u0161ki"}]}},"_links":{"self":[{"href":"https:\/\/radioljubuski.ba\/index.php\/wp-json\/wp\/v2\/posts\/36365","targetHints":{"allow":["GET"]}}],"collection":[{"href":"https:\/\/radioljubuski.ba\/index.php\/wp-json\/wp\/v2\/posts"}],"about":[{"href":"https:\/\/radioljubuski.ba\/index.php\/wp-json\/wp\/v2\/types\/post"}],"author":[{"embeddable":true,"href":"https:\/\/radioljubuski.ba\/index.php\/wp-json\/wp\/v2\/users\/2"}],"replies":[{"embeddable":true,"href":"https:\/\/radioljubuski.ba\/index.php\/wp-json\/wp\/v2\/comments?post=36365"}],"version-history":[{"count":1,"href":"https:\/\/radioljubuski.ba\/index.php\/wp-json\/wp\/v2\/posts\/36365\/revisions"}],"predecessor-version":[{"id":36367,"href":"https:\/\/radioljubuski.ba\/index.php\/wp-json\/wp\/v2\/posts\/36365\/revisions\/36367"}],"wp:featuredmedia":[{"embeddable":true,"href":"https:\/\/radioljubuski.ba\/index.php\/wp-json\/wp\/v2\/media\/36366"}],"wp:attachment":[{"href":"https:\/\/radioljubuski.ba\/index.php\/wp-json\/wp\/v2\/media?parent=36365"}],"wp:term":[{"taxonomy":"category","embeddable":true,"href":"https:\/\/radioljubuski.ba\/index.php\/wp-json\/wp\/v2\/categories?post=36365"},{"taxonomy":"post_tag","embeddable":true,"href":"https:\/\/radioljubuski.ba\/index.php\/wp-json\/wp\/v2\/tags?post=36365"}],"curies":[{"name":"wp","href":"https:\/\/api.w.org\/{rel}","templated":true}]}}