{"id":36371,"date":"2021-06-27T13:39:11","date_gmt":"2021-06-27T12:39:11","guid":{"rendered":"https:\/\/radioljubuski.ba\/?p=36371"},"modified":"2021-06-27T13:39:11","modified_gmt":"2021-06-27T12:39:11","slug":"objavljena-najnevjerojatnija-snimka-tornada-koji-je-harao-ceskom-hvala-radovane-ti-si-hrabar-covjek","status":"publish","type":"post","link":"https:\/\/radioljubuski.ba\/index.php\/2021\/06\/27\/objavljena-najnevjerojatnija-snimka-tornada-koji-je-harao-ceskom-hvala-radovane-ti-si-hrabar-covjek\/","title":{"rendered":"Objavljena najnevjerojatnija snimka tornada koji je harao \u010ce\u0161kom: \u2018Hvala Radovane, ti si hrabar \u010dovjek!\u2018"},"content":{"rendered":"\n<p>\u010ce\u0161ka policija objavila je nevjerojatnu snimku razornog tornada kojeg su dobili od stanovnika Lu\u017eica, mjesta u kojem je tornado uni\u0161tio 120 ku\u0107a, pi\u0161e Blesk.cz.&nbsp;<\/p>\n\n\n\n<p>&#8211; Nevjerojatno autenti\u010dan video iz Lu\u017eica. Danas nam ga je ustupio jedan od mje\u0161tana doista \u010deli\u010dnih \u017eivaca. Hvala mu. Radovane, ti si hrabar \u010dovjek! &#8211; napisala je \u010de\u0161ka policija na Twitteru.<\/p>\n\n\n\n<p>Na snimci se mo\u017ee vidjeti apokalipti\u010dan prizor dok tornado ru\u0161i sve pred sobom u Lu\u017eicama te \u010duti kako netko vi\u010de da stvari lete i govori drugoj osobi da se sakrije.&nbsp;<\/p>\n\n\n\n<p>Podsjetimo, u oluji koja je pogodila \u010ce\u0161ku u \u010detvrtak poginulo je petero ljudi, a ozlije\u0111eno ih je dvjestotinjak.<\/p>\n\n\n\n<p>Prema izvje\u0161\u0107u \u010de\u0161ke javne televizije, me\u0111u \u017ertvama je i trudna \u017eena iz susjedne Slova\u010dke, \u010dije je nero\u0111eno dijete tako\u0111er umrlo.<\/p>\n\n\n\n<p>Stotine zgrada djelomi\u010dno je ili potpuno razoreno u sedam gradova u ju\u017enoj Moravskoj.<\/p>\n\n\n\n<p>Prema procjenama meteorolo\u0161ke slu\u017ebe tornado je ostavio 500 metara \u0161irok i 26 kilometara dug pojas uni\u0161tenja.<\/p>\n\n\n\n<blockquote class=\"twitter-tweet\"><p lang=\"cs\" dir=\"ltr\">Kalamita na jihu Moravy: V posti\u017een\u00fdch oblastech pom\u00e1haj\u00ed v\u0161ichni dostupn\u00ed policist\u00e9 a sj\u00ed\u017ed\u00ed se i hl\u00eddky z nejbli\u017e\u0161\u00edho okol\u00ed a speci\u00e1ln\u00ed po\u0159\u00e1dkov\u00e1 jednotka. Pros\u00edme ve\u0159ejnost, aby do zasa\u017een\u00fdch oblast\u00ed nevyj\u00ed\u017ed\u011bla, pokud to nen\u00ed nezbytn\u011b nutn\u00e9. <a href=\"https:\/\/twitter.com\/hashtag\/policiejmk?src=hash&amp;ref_src=twsrc%5Etfw\">#policiejmk<\/a><\/p>&mdash; Policie \u010cR (@PolicieCZ) <a href=\"https:\/\/twitter.com\/PolicieCZ\/status\/1408133664777637891?ref_src=twsrc%5Etfw\">June 24, 2021<\/a><\/blockquote> <script async src=\"https:\/\/platform.twitter.com\/widgets.js\" charset=\"utf-8\"><\/script>\n\n\n\n<p>Izvor:jutarnji.hr<\/p>\n","protected":false},"excerpt":{"rendered":"<p>\u010ce\u0161ka policija objavila je nevjerojatnu snimku razornog tornada kojeg su dobili od stanovnika Lu\u017eica, mjesta u kojem je tornado uni\u0161tio 120 ku\u0107a, pi\u0161e Blesk.cz.&nbsp; &#8211; Nevjerojatno autenti\u010dan video iz Lu\u017eica. Danas nam ga je ustupio jedan od mje\u0161tana doista \u010deli\u010dnih \u017eivaca. Hvala mu. Radovane, ti si hrabar \u010dovjek! &#8211; napisala je \u010de\u0161ka policija na Twitteru. [&hellip;]<\/p>\n","protected":false},"author":2,"featured_media":36372,"comment_status":"closed","ping_status":"closed","sticky":false,"template":"","format":"standard","meta":{"h5ap_radio_sources":[],"footnotes":""},"categories":[1],"tags":[],"class_list":["post-36371","post","type-post","status-publish","format-standard","has-post-thumbnail","hentry","category-bihiregija"],"yoast_head":"<!-- This site is optimized with the Yoast SEO plugin v27.5 - https:\/\/yoast.com\/product\/yoast-seo-wordpress\/ -->\n<title>Objavljena najnevjerojatnija snimka tornada koji je harao \u010ce\u0161kom: \u2018Hvala Radovane, ti si hrabar \u010dovjek!\u2018 - RADIO LJUBU\u0160KI<\/title>\n<meta name=\"robots\" content=\"index, follow, max-snippet:-1, max-image-preview:large, max-video-preview:-1\" \/>\n<link rel=\"canonical\" href=\"https:\/\/radioljubuski.ba\/index.php\/2021\/06\/27\/objavljena-najnevjerojatnija-snimka-tornada-koji-je-harao-ceskom-hvala-radovane-ti-si-hrabar-covjek\/\" \/>\n<meta property=\"og:locale\" content=\"hr_HR\" \/>\n<meta property=\"og:type\" content=\"article\" \/>\n<meta property=\"og:title\" content=\"Objavljena najnevjerojatnija snimka tornada koji je harao \u010ce\u0161kom: \u2018Hvala Radovane, ti si hrabar \u010dovjek!\u2018 - RADIO LJUBU\u0160KI\" \/>\n<meta property=\"og:description\" content=\"\u010ce\u0161ka policija objavila je nevjerojatnu snimku razornog tornada kojeg su dobili od stanovnika Lu\u017eica, mjesta u kojem je tornado uni\u0161tio 120 ku\u0107a, pi\u0161e Blesk.cz.&nbsp; &#8211; Nevjerojatno autenti\u010dan video iz Lu\u017eica. Danas nam ga je ustupio jedan od mje\u0161tana doista \u010deli\u010dnih \u017eivaca. Hvala mu. Radovane, ti si hrabar \u010dovjek! &#8211; napisala je \u010de\u0161ka policija na Twitteru. [&hellip;]\" \/>\n<meta property=\"og:url\" content=\"https:\/\/radioljubuski.ba\/index.php\/2021\/06\/27\/objavljena-najnevjerojatnija-snimka-tornada-koji-je-harao-ceskom-hvala-radovane-ti-si-hrabar-covjek\/\" \/>\n<meta property=\"og:site_name\" content=\"RADIO LJUBU\u0160KI\" \/>\n<meta property=\"article:publisher\" content=\"https:\/\/www.facebook.com\/Radiio-Ljubuski-1490835324566332\" \/>\n<meta property=\"article:published_time\" content=\"2021-06-27T12:39:11+00:00\" \/>\n<meta property=\"og:image\" content=\"https:\/\/radioljubuski.ba\/wp-content\/uploads\/2021\/06\/2-2021-06-26-21-26-35-tornado-ceska1.jpg\" \/>\n\t<meta property=\"og:image:width\" content=\"1000\" \/>\n\t<meta property=\"og:image:height\" content=\"625\" \/>\n\t<meta property=\"og:image:type\" content=\"image\/jpeg\" \/>\n<meta name=\"author\" content=\"Radio Ljubu\u0161ki\" \/>\n<meta name=\"twitter:card\" content=\"summary_large_image\" \/>\n<meta name=\"twitter:creator\" content=\"@radioljubuski\" \/>\n<meta name=\"twitter:site\" content=\"@radioljubuski\" \/>\n<meta name=\"twitter:label1\" content=\"Napisao\/la\" \/>\n\t<meta name=\"twitter:data1\" content=\"Radio Ljubu\u0161ki\" \/>\n\t<meta name=\"twitter:label2\" content=\"Procijenjeno vrijeme \u010ditanja\" \/>\n\t<meta name=\"twitter:data2\" content=\"1 minuta\" \/>\n<script type=\"application\/ld+json\" class=\"yoast-schema-graph\">{\"@context\":\"https:\\\/\\\/schema.org\",\"@graph\":[{\"@type\":\"Article\",\"@id\":\"https:\\\/\\\/radioljubuski.ba\\\/index.php\\\/2021\\\/06\\\/27\\\/objavljena-najnevjerojatnija-snimka-tornada-koji-je-harao-ceskom-hvala-radovane-ti-si-hrabar-covjek\\\/#article\",\"isPartOf\":{\"@id\":\"https:\\\/\\\/radioljubuski.ba\\\/index.php\\\/2021\\\/06\\\/27\\\/objavljena-najnevjerojatnija-snimka-tornada-koji-je-harao-ceskom-hvala-radovane-ti-si-hrabar-covjek\\\/\"},\"author\":{\"name\":\"Radio Ljubu\u0161ki\",\"@id\":\"https:\\\/\\\/radioljubuski.ba\\\/#\\\/schema\\\/person\\\/19fc700381a780f69665d7956c469e3b\"},\"headline\":\"Objavljena najnevjerojatnija snimka tornada koji je harao \u010ce\u0161kom: \u2018Hvala Radovane, ti si hrabar \u010dovjek!\u2018\",\"datePublished\":\"2021-06-27T12:39:11+00:00\",\"mainEntityOfPage\":{\"@id\":\"https:\\\/\\\/radioljubuski.ba\\\/index.php\\\/2021\\\/06\\\/27\\\/objavljena-najnevjerojatnija-snimka-tornada-koji-je-harao-ceskom-hvala-radovane-ti-si-hrabar-covjek\\\/\"},\"wordCount\":254,\"publisher\":{\"@id\":\"https:\\\/\\\/radioljubuski.ba\\\/#organization\"},\"image\":{\"@id\":\"https:\\\/\\\/radioljubuski.ba\\\/index.php\\\/2021\\\/06\\\/27\\\/objavljena-najnevjerojatnija-snimka-tornada-koji-je-harao-ceskom-hvala-radovane-ti-si-hrabar-covjek\\\/#primaryimage\"},\"thumbnailUrl\":\"https:\\\/\\\/radioljubuski.ba\\\/wp-content\\\/uploads\\\/2021\\\/06\\\/2-2021-06-26-21-26-35-tornado-ceska1.jpg\",\"articleSection\":[\"BIH i regija\"],\"inLanguage\":\"hr\"},{\"@type\":\"WebPage\",\"@id\":\"https:\\\/\\\/radioljubuski.ba\\\/index.php\\\/2021\\\/06\\\/27\\\/objavljena-najnevjerojatnija-snimka-tornada-koji-je-harao-ceskom-hvala-radovane-ti-si-hrabar-covjek\\\/\",\"url\":\"https:\\\/\\\/radioljubuski.ba\\\/index.php\\\/2021\\\/06\\\/27\\\/objavljena-najnevjerojatnija-snimka-tornada-koji-je-harao-ceskom-hvala-radovane-ti-si-hrabar-covjek\\\/\",\"name\":\"Objavljena najnevjerojatnija snimka tornada koji je harao \u010ce\u0161kom: \u2018Hvala Radovane, ti si hrabar \u010dovjek!\u2018 - RADIO LJUBU\u0160KI\",\"isPartOf\":{\"@id\":\"https:\\\/\\\/radioljubuski.ba\\\/#website\"},\"primaryImageOfPage\":{\"@id\":\"https:\\\/\\\/radioljubuski.ba\\\/index.php\\\/2021\\\/06\\\/27\\\/objavljena-najnevjerojatnija-snimka-tornada-koji-je-harao-ceskom-hvala-radovane-ti-si-hrabar-covjek\\\/#primaryimage\"},\"image\":{\"@id\":\"https:\\\/\\\/radioljubuski.ba\\\/index.php\\\/2021\\\/06\\\/27\\\/objavljena-najnevjerojatnija-snimka-tornada-koji-je-harao-ceskom-hvala-radovane-ti-si-hrabar-covjek\\\/#primaryimage\"},\"thumbnailUrl\":\"https:\\\/\\\/radioljubuski.ba\\\/wp-content\\\/uploads\\\/2021\\\/06\\\/2-2021-06-26-21-26-35-tornado-ceska1.jpg\",\"datePublished\":\"2021-06-27T12:39:11+00:00\",\"breadcrumb\":{\"@id\":\"https:\\\/\\\/radioljubuski.ba\\\/index.php\\\/2021\\\/06\\\/27\\\/objavljena-najnevjerojatnija-snimka-tornada-koji-je-harao-ceskom-hvala-radovane-ti-si-hrabar-covjek\\\/#breadcrumb\"},\"inLanguage\":\"hr\",\"potentialAction\":[{\"@type\":\"ReadAction\",\"target\":[\"https:\\\/\\\/radioljubuski.ba\\\/index.php\\\/2021\\\/06\\\/27\\\/objavljena-najnevjerojatnija-snimka-tornada-koji-je-harao-ceskom-hvala-radovane-ti-si-hrabar-covjek\\\/\"]}]},{\"@type\":\"ImageObject\",\"inLanguage\":\"hr\",\"@id\":\"https:\\\/\\\/radioljubuski.ba\\\/index.php\\\/2021\\\/06\\\/27\\\/objavljena-najnevjerojatnija-snimka-tornada-koji-je-harao-ceskom-hvala-radovane-ti-si-hrabar-covjek\\\/#primaryimage\",\"url\":\"https:\\\/\\\/radioljubuski.ba\\\/wp-content\\\/uploads\\\/2021\\\/06\\\/2-2021-06-26-21-26-35-tornado-ceska1.jpg\",\"contentUrl\":\"https:\\\/\\\/radioljubuski.ba\\\/wp-content\\\/uploads\\\/2021\\\/06\\\/2-2021-06-26-21-26-35-tornado-ceska1.jpg\",\"width\":1000,\"height\":625},{\"@type\":\"BreadcrumbList\",\"@id\":\"https:\\\/\\\/radioljubuski.ba\\\/index.php\\\/2021\\\/06\\\/27\\\/objavljena-najnevjerojatnija-snimka-tornada-koji-je-harao-ceskom-hvala-radovane-ti-si-hrabar-covjek\\\/#breadcrumb\",\"itemListElement\":[{\"@type\":\"ListItem\",\"position\":1,\"name\":\"Po\u010detna stranica\",\"item\":\"https:\\\/\\\/radioljubuski.ba\\\/\"},{\"@type\":\"ListItem\",\"position\":2,\"name\":\"Objavljena najnevjerojatnija snimka tornada koji je harao \u010ce\u0161kom: \u2018Hvala Radovane, ti si hrabar \u010dovjek!\u2018\"}]},{\"@type\":\"WebSite\",\"@id\":\"https:\\\/\\\/radioljubuski.ba\\\/#website\",\"url\":\"https:\\\/\\\/radioljubuski.ba\\\/\",\"name\":\"Radio Ljubu\u0161ki\",\"description\":\"Sun\u010dana frekvencija Hercegovine\",\"publisher\":{\"@id\":\"https:\\\/\\\/radioljubuski.ba\\\/#organization\"},\"potentialAction\":[{\"@type\":\"SearchAction\",\"target\":{\"@type\":\"EntryPoint\",\"urlTemplate\":\"https:\\\/\\\/radioljubuski.ba\\\/?s={search_term_string}\"},\"query-input\":{\"@type\":\"PropertyValueSpecification\",\"valueRequired\":true,\"valueName\":\"search_term_string\"}}],\"inLanguage\":\"hr\"},{\"@type\":\"Organization\",\"@id\":\"https:\\\/\\\/radioljubuski.ba\\\/#organization\",\"name\":\"Radio Ljubu\u0161ki\",\"url\":\"https:\\\/\\\/radioljubuski.ba\\\/\",\"logo\":{\"@type\":\"ImageObject\",\"inLanguage\":\"hr\",\"@id\":\"https:\\\/\\\/radioljubuski.ba\\\/#\\\/schema\\\/logo\\\/image\\\/\",\"url\":\"https:\\\/\\\/radioljubuski.ba\\\/wp-content\\\/uploads\\\/2021\\\/02\\\/cropped-Radio_Ljubuski_logo1.jpg\",\"contentUrl\":\"https:\\\/\\\/radioljubuski.ba\\\/wp-content\\\/uploads\\\/2021\\\/02\\\/cropped-Radio_Ljubuski_logo1.jpg\",\"width\":512,\"height\":512,\"caption\":\"Radio Ljubu\u0161ki\"},\"image\":{\"@id\":\"https:\\\/\\\/radioljubuski.ba\\\/#\\\/schema\\\/logo\\\/image\\\/\"},\"sameAs\":[\"https:\\\/\\\/www.facebook.com\\\/Radiio-Ljubuski-1490835324566332\",\"https:\\\/\\\/x.com\\\/radioljubuski\",\"https:\\\/\\\/hr.linkedin.com\\\/company\\\/radio-ljubuski\",\"https:\\\/\\\/www.youtube.com\\\/channel\\\/UCHYaeO_n0Db3tjNGudGpXyw\"]},{\"@type\":\"Person\",\"@id\":\"https:\\\/\\\/radioljubuski.ba\\\/#\\\/schema\\\/person\\\/19fc700381a780f69665d7956c469e3b\",\"name\":\"Radio Ljubu\u0161ki\"}]}<\/script>\n<!-- \/ Yoast SEO plugin. -->","yoast_head_json":{"title":"Objavljena najnevjerojatnija snimka tornada koji je harao \u010ce\u0161kom: \u2018Hvala Radovane, ti si hrabar \u010dovjek!\u2018 - RADIO LJUBU\u0160KI","robots":{"index":"index","follow":"follow","max-snippet":"max-snippet:-1","max-image-preview":"max-image-preview:large","max-video-preview":"max-video-preview:-1"},"canonical":"https:\/\/radioljubuski.ba\/index.php\/2021\/06\/27\/objavljena-najnevjerojatnija-snimka-tornada-koji-je-harao-ceskom-hvala-radovane-ti-si-hrabar-covjek\/","og_locale":"hr_HR","og_type":"article","og_title":"Objavljena najnevjerojatnija snimka tornada koji je harao \u010ce\u0161kom: \u2018Hvala Radovane, ti si hrabar \u010dovjek!\u2018 - RADIO LJUBU\u0160KI","og_description":"\u010ce\u0161ka policija objavila je nevjerojatnu snimku razornog tornada kojeg su dobili od stanovnika Lu\u017eica, mjesta u kojem je tornado uni\u0161tio 120 ku\u0107a, pi\u0161e Blesk.cz.&nbsp; &#8211; Nevjerojatno autenti\u010dan video iz Lu\u017eica. Danas nam ga je ustupio jedan od mje\u0161tana doista \u010deli\u010dnih \u017eivaca. Hvala mu. Radovane, ti si hrabar \u010dovjek! &#8211; napisala je \u010de\u0161ka policija na Twitteru. [&hellip;]","og_url":"https:\/\/radioljubuski.ba\/index.php\/2021\/06\/27\/objavljena-najnevjerojatnija-snimka-tornada-koji-je-harao-ceskom-hvala-radovane-ti-si-hrabar-covjek\/","og_site_name":"RADIO LJUBU\u0160KI","article_publisher":"https:\/\/www.facebook.com\/Radiio-Ljubuski-1490835324566332","article_published_time":"2021-06-27T12:39:11+00:00","og_image":[{"width":1000,"height":625,"url":"https:\/\/radioljubuski.ba\/wp-content\/uploads\/2021\/06\/2-2021-06-26-21-26-35-tornado-ceska1.jpg","type":"image\/jpeg"}],"author":"Radio Ljubu\u0161ki","twitter_card":"summary_large_image","twitter_creator":"@radioljubuski","twitter_site":"@radioljubuski","twitter_misc":{"Napisao\/la":"Radio Ljubu\u0161ki","Procijenjeno vrijeme \u010ditanja":"1 minuta"},"schema":{"@context":"https:\/\/schema.org","@graph":[{"@type":"Article","@id":"https:\/\/radioljubuski.ba\/index.php\/2021\/06\/27\/objavljena-najnevjerojatnija-snimka-tornada-koji-je-harao-ceskom-hvala-radovane-ti-si-hrabar-covjek\/#article","isPartOf":{"@id":"https:\/\/radioljubuski.ba\/index.php\/2021\/06\/27\/objavljena-najnevjerojatnija-snimka-tornada-koji-je-harao-ceskom-hvala-radovane-ti-si-hrabar-covjek\/"},"author":{"name":"Radio Ljubu\u0161ki","@id":"https:\/\/radioljubuski.ba\/#\/schema\/person\/19fc700381a780f69665d7956c469e3b"},"headline":"Objavljena najnevjerojatnija snimka tornada koji je harao \u010ce\u0161kom: \u2018Hvala Radovane, ti si hrabar \u010dovjek!\u2018","datePublished":"2021-06-27T12:39:11+00:00","mainEntityOfPage":{"@id":"https:\/\/radioljubuski.ba\/index.php\/2021\/06\/27\/objavljena-najnevjerojatnija-snimka-tornada-koji-je-harao-ceskom-hvala-radovane-ti-si-hrabar-covjek\/"},"wordCount":254,"publisher":{"@id":"https:\/\/radioljubuski.ba\/#organization"},"image":{"@id":"https:\/\/radioljubuski.ba\/index.php\/2021\/06\/27\/objavljena-najnevjerojatnija-snimka-tornada-koji-je-harao-ceskom-hvala-radovane-ti-si-hrabar-covjek\/#primaryimage"},"thumbnailUrl":"https:\/\/radioljubuski.ba\/wp-content\/uploads\/2021\/06\/2-2021-06-26-21-26-35-tornado-ceska1.jpg","articleSection":["BIH i regija"],"inLanguage":"hr"},{"@type":"WebPage","@id":"https:\/\/radioljubuski.ba\/index.php\/2021\/06\/27\/objavljena-najnevjerojatnija-snimka-tornada-koji-je-harao-ceskom-hvala-radovane-ti-si-hrabar-covjek\/","url":"https:\/\/radioljubuski.ba\/index.php\/2021\/06\/27\/objavljena-najnevjerojatnija-snimka-tornada-koji-je-harao-ceskom-hvala-radovane-ti-si-hrabar-covjek\/","name":"Objavljena najnevjerojatnija snimka tornada koji je harao \u010ce\u0161kom: \u2018Hvala Radovane, ti si hrabar \u010dovjek!\u2018 - RADIO LJUBU\u0160KI","isPartOf":{"@id":"https:\/\/radioljubuski.ba\/#website"},"primaryImageOfPage":{"@id":"https:\/\/radioljubuski.ba\/index.php\/2021\/06\/27\/objavljena-najnevjerojatnija-snimka-tornada-koji-je-harao-ceskom-hvala-radovane-ti-si-hrabar-covjek\/#primaryimage"},"image":{"@id":"https:\/\/radioljubuski.ba\/index.php\/2021\/06\/27\/objavljena-najnevjerojatnija-snimka-tornada-koji-je-harao-ceskom-hvala-radovane-ti-si-hrabar-covjek\/#primaryimage"},"thumbnailUrl":"https:\/\/radioljubuski.ba\/wp-content\/uploads\/2021\/06\/2-2021-06-26-21-26-35-tornado-ceska1.jpg","datePublished":"2021-06-27T12:39:11+00:00","breadcrumb":{"@id":"https:\/\/radioljubuski.ba\/index.php\/2021\/06\/27\/objavljena-najnevjerojatnija-snimka-tornada-koji-je-harao-ceskom-hvala-radovane-ti-si-hrabar-covjek\/#breadcrumb"},"inLanguage":"hr","potentialAction":[{"@type":"ReadAction","target":["https:\/\/radioljubuski.ba\/index.php\/2021\/06\/27\/objavljena-najnevjerojatnija-snimka-tornada-koji-je-harao-ceskom-hvala-radovane-ti-si-hrabar-covjek\/"]}]},{"@type":"ImageObject","inLanguage":"hr","@id":"https:\/\/radioljubuski.ba\/index.php\/2021\/06\/27\/objavljena-najnevjerojatnija-snimka-tornada-koji-je-harao-ceskom-hvala-radovane-ti-si-hrabar-covjek\/#primaryimage","url":"https:\/\/radioljubuski.ba\/wp-content\/uploads\/2021\/06\/2-2021-06-26-21-26-35-tornado-ceska1.jpg","contentUrl":"https:\/\/radioljubuski.ba\/wp-content\/uploads\/2021\/06\/2-2021-06-26-21-26-35-tornado-ceska1.jpg","width":1000,"height":625},{"@type":"BreadcrumbList","@id":"https:\/\/radioljubuski.ba\/index.php\/2021\/06\/27\/objavljena-najnevjerojatnija-snimka-tornada-koji-je-harao-ceskom-hvala-radovane-ti-si-hrabar-covjek\/#breadcrumb","itemListElement":[{"@type":"ListItem","position":1,"name":"Po\u010detna stranica","item":"https:\/\/radioljubuski.ba\/"},{"@type":"ListItem","position":2,"name":"Objavljena najnevjerojatnija snimka tornada koji je harao \u010ce\u0161kom: \u2018Hvala Radovane, ti si hrabar \u010dovjek!\u2018"}]},{"@type":"WebSite","@id":"https:\/\/radioljubuski.ba\/#website","url":"https:\/\/radioljubuski.ba\/","name":"Radio Ljubu\u0161ki","description":"Sun\u010dana frekvencija Hercegovine","publisher":{"@id":"https:\/\/radioljubuski.ba\/#organization"},"potentialAction":[{"@type":"SearchAction","target":{"@type":"EntryPoint","urlTemplate":"https:\/\/radioljubuski.ba\/?s={search_term_string}"},"query-input":{"@type":"PropertyValueSpecification","valueRequired":true,"valueName":"search_term_string"}}],"inLanguage":"hr"},{"@type":"Organization","@id":"https:\/\/radioljubuski.ba\/#organization","name":"Radio Ljubu\u0161ki","url":"https:\/\/radioljubuski.ba\/","logo":{"@type":"ImageObject","inLanguage":"hr","@id":"https:\/\/radioljubuski.ba\/#\/schema\/logo\/image\/","url":"https:\/\/radioljubuski.ba\/wp-content\/uploads\/2021\/02\/cropped-Radio_Ljubuski_logo1.jpg","contentUrl":"https:\/\/radioljubuski.ba\/wp-content\/uploads\/2021\/02\/cropped-Radio_Ljubuski_logo1.jpg","width":512,"height":512,"caption":"Radio Ljubu\u0161ki"},"image":{"@id":"https:\/\/radioljubuski.ba\/#\/schema\/logo\/image\/"},"sameAs":["https:\/\/www.facebook.com\/Radiio-Ljubuski-1490835324566332","https:\/\/x.com\/radioljubuski","https:\/\/hr.linkedin.com\/company\/radio-ljubuski","https:\/\/www.youtube.com\/channel\/UCHYaeO_n0Db3tjNGudGpXyw"]},{"@type":"Person","@id":"https:\/\/radioljubuski.ba\/#\/schema\/person\/19fc700381a780f69665d7956c469e3b","name":"Radio Ljubu\u0161ki"}]}},"_links":{"self":[{"href":"https:\/\/radioljubuski.ba\/index.php\/wp-json\/wp\/v2\/posts\/36371","targetHints":{"allow":["GET"]}}],"collection":[{"href":"https:\/\/radioljubuski.ba\/index.php\/wp-json\/wp\/v2\/posts"}],"about":[{"href":"https:\/\/radioljubuski.ba\/index.php\/wp-json\/wp\/v2\/types\/post"}],"author":[{"embeddable":true,"href":"https:\/\/radioljubuski.ba\/index.php\/wp-json\/wp\/v2\/users\/2"}],"replies":[{"embeddable":true,"href":"https:\/\/radioljubuski.ba\/index.php\/wp-json\/wp\/v2\/comments?post=36371"}],"version-history":[{"count":1,"href":"https:\/\/radioljubuski.ba\/index.php\/wp-json\/wp\/v2\/posts\/36371\/revisions"}],"predecessor-version":[{"id":36373,"href":"https:\/\/radioljubuski.ba\/index.php\/wp-json\/wp\/v2\/posts\/36371\/revisions\/36373"}],"wp:featuredmedia":[{"embeddable":true,"href":"https:\/\/radioljubuski.ba\/index.php\/wp-json\/wp\/v2\/media\/36372"}],"wp:attachment":[{"href":"https:\/\/radioljubuski.ba\/index.php\/wp-json\/wp\/v2\/media?parent=36371"}],"wp:term":[{"taxonomy":"category","embeddable":true,"href":"https:\/\/radioljubuski.ba\/index.php\/wp-json\/wp\/v2\/categories?post=36371"},{"taxonomy":"post_tag","embeddable":true,"href":"https:\/\/radioljubuski.ba\/index.php\/wp-json\/wp\/v2\/tags?post=36371"}],"curies":[{"name":"wp","href":"https:\/\/api.w.org\/{rel}","templated":true}]}}