{"id":36387,"date":"2021-06-27T13:47:20","date_gmt":"2021-06-27T12:47:20","guid":{"rendered":"https:\/\/radioljubuski.ba\/?p=36387"},"modified":"2021-06-27T13:47:21","modified_gmt":"2021-06-27T12:47:21","slug":"zapaljene-jos-dvije-katolicke-crkve-u-kanadi","status":"publish","type":"post","link":"https:\/\/radioljubuski.ba\/index.php\/2021\/06\/27\/zapaljene-jos-dvije-katolicke-crkve-u-kanadi\/","title":{"rendered":"Zapaljene jo\u0161 dvije katoli\u010dke crkve u Kanadi"},"content":{"rendered":"\n<p>Jo\u0161 dvije katoli\u010dke crkve zapaljene su u subotu na zapadu Kanade, na podru\u010djima na kojima \u017eivi autohtono stanovni\u0161tvo, \u010dime je broj spaljenih crkava porastao na \u010detiri od otkri\u0107a tisu\u0107a anonimnih grobova u blizini biv\u0161ih internata u Britanskoj Kolumbiji kojima je upravljala Crkva.<\/p>\n\n\n\n<p>Crkva sv. Ane i crkva Chopaka planule su u subotu ujutro s manje od sat vremena razmaka, objavila je kanadska policija.<\/p>\n\n\n\n<p>Du\u017enosnici su rekli da su obje crkve u potpunosti uni\u0161tene i da po\u017eare smatraju &#8220;sumnjivima&#8221;.<\/p>\n\n\n\n<p>&#8211; Obje crkve su uni\u0161tene, objavila je policija.<\/p>\n\n\n\n<p>Po\u017eari su se dogodili dva dana nakon \u0161to je objavljeno da je prona\u0111eno vi\u0161e od 750 anonimnih grobova na lokaciji biv\u0161eg internata u Marievalu kojim je upravljala Katoli\u010dka Crkva.<\/p>\n\n\n\n<p>Pro\u0161li mjesec, identifikacija posmrtnih ostataka vi\u0161e od 215 djece u blizini drugog internata istog tipa \u0161okirala je zemlju, ilustriraju\u0107i kalvariju koju su desetlje\u0107ima prolazila djeca autohtonih naroda u \u0161kolama kojima je upravljala Crkva, pi\u0161e agencija France presse.<\/p>\n\n\n\n<p>Rije\u010d je o 150.000 djece koju se silom odvajalo od njihovih obitelji i smje\u0161talo u internate \u0161irom zemlje, njih 139, sve do 1990-ih godina.<\/p>\n\n\n\n<p>Mnoga su bila maltretirana i spolno zlostavljana, a vi\u0161e od 4000 ih je u tim institucijama umrlo, utvrdilo je istra\u017eno povjerenstvo koje je zaklju\u010dilo da je to bio &#8220;kulturni genocid&#8221;.<\/p>\n\n\n\n<p>Vlasti provjeravaju postoji li veza subotnjih po\u017eara s onima koji su se dogodili 21. lipnja u crkvama u Pentictonu i Oliveru, objavila je policija.<\/p>\n\n\n\n<p>Istrage o tim ranijim po\u017earima jo\u0161 traju.<\/p>\n\n\n\n<p>Kanadski premijer Justin Trudeau u petak se ispri\u010dao zbog takvog postupanja prema autohtonim narodima, pozvao Papu da u\u010dini isto i nije isklju\u010dio mogu\u0107nost kaznene istrage.<\/p>\n\n\n\n<p>Izvor:pogled.ba<\/p>\n","protected":false},"excerpt":{"rendered":"<p>Jo\u0161 dvije katoli\u010dke crkve zapaljene su u subotu na zapadu Kanade, na podru\u010djima na kojima \u017eivi autohtono stanovni\u0161tvo, \u010dime je broj spaljenih crkava porastao na \u010detiri od otkri\u0107a tisu\u0107a anonimnih grobova u blizini biv\u0161ih internata u Britanskoj Kolumbiji kojima je upravljala Crkva. Crkva sv. Ane i crkva Chopaka planule su u subotu ujutro s manje [&hellip;]<\/p>\n","protected":false},"author":2,"featured_media":36388,"comment_status":"closed","ping_status":"closed","sticky":false,"template":"","format":"standard","meta":{"h5ap_radio_sources":[],"footnotes":""},"categories":[1],"tags":[],"class_list":["post-36387","post","type-post","status-publish","format-standard","has-post-thumbnail","hentry","category-bihiregija"],"yoast_head":"<!-- This site is optimized with the Yoast SEO plugin v27.5 - https:\/\/yoast.com\/product\/yoast-seo-wordpress\/ -->\n<title>Zapaljene jo\u0161 dvije katoli\u010dke crkve u Kanadi - RADIO LJUBU\u0160KI<\/title>\n<meta name=\"robots\" content=\"index, follow, max-snippet:-1, max-image-preview:large, max-video-preview:-1\" \/>\n<link rel=\"canonical\" href=\"https:\/\/radioljubuski.ba\/index.php\/2021\/06\/27\/zapaljene-jos-dvije-katolicke-crkve-u-kanadi\/\" \/>\n<meta property=\"og:locale\" content=\"hr_HR\" \/>\n<meta property=\"og:type\" content=\"article\" \/>\n<meta property=\"og:title\" content=\"Zapaljene jo\u0161 dvije katoli\u010dke crkve u Kanadi - RADIO LJUBU\u0160KI\" \/>\n<meta property=\"og:description\" content=\"Jo\u0161 dvije katoli\u010dke crkve zapaljene su u subotu na zapadu Kanade, na podru\u010djima na kojima \u017eivi autohtono stanovni\u0161tvo, \u010dime je broj spaljenih crkava porastao na \u010detiri od otkri\u0107a tisu\u0107a anonimnih grobova u blizini biv\u0161ih internata u Britanskoj Kolumbiji kojima je upravljala Crkva. Crkva sv. Ane i crkva Chopaka planule su u subotu ujutro s manje [&hellip;]\" \/>\n<meta property=\"og:url\" content=\"https:\/\/radioljubuski.ba\/index.php\/2021\/06\/27\/zapaljene-jos-dvije-katolicke-crkve-u-kanadi\/\" \/>\n<meta property=\"og:site_name\" content=\"RADIO LJUBU\u0160KI\" \/>\n<meta property=\"article:publisher\" content=\"https:\/\/www.facebook.com\/Radiio-Ljubuski-1490835324566332\" \/>\n<meta property=\"article:published_time\" content=\"2021-06-27T12:47:20+00:00\" \/>\n<meta property=\"article:modified_time\" content=\"2021-06-27T12:47:21+00:00\" \/>\n<meta property=\"og:image\" content=\"https:\/\/radioljubuski.ba\/wp-content\/uploads\/2021\/06\/2-2021-06-27-13-41-36-KANADA-CRKVE.jpg\" \/>\n\t<meta property=\"og:image:width\" content=\"1000\" \/>\n\t<meta property=\"og:image:height\" content=\"625\" \/>\n\t<meta property=\"og:image:type\" content=\"image\/jpeg\" \/>\n<meta name=\"author\" content=\"Radio Ljubu\u0161ki\" \/>\n<meta name=\"twitter:card\" content=\"summary_large_image\" \/>\n<meta name=\"twitter:creator\" content=\"@radioljubuski\" \/>\n<meta name=\"twitter:site\" content=\"@radioljubuski\" \/>\n<meta name=\"twitter:label1\" content=\"Napisao\/la\" \/>\n\t<meta name=\"twitter:data1\" content=\"Radio Ljubu\u0161ki\" \/>\n\t<meta name=\"twitter:label2\" content=\"Procijenjeno vrijeme \u010ditanja\" \/>\n\t<meta name=\"twitter:data2\" content=\"2 minute\" \/>\n<script type=\"application\/ld+json\" class=\"yoast-schema-graph\">{\"@context\":\"https:\\\/\\\/schema.org\",\"@graph\":[{\"@type\":\"Article\",\"@id\":\"https:\\\/\\\/radioljubuski.ba\\\/index.php\\\/2021\\\/06\\\/27\\\/zapaljene-jos-dvije-katolicke-crkve-u-kanadi\\\/#article\",\"isPartOf\":{\"@id\":\"https:\\\/\\\/radioljubuski.ba\\\/index.php\\\/2021\\\/06\\\/27\\\/zapaljene-jos-dvije-katolicke-crkve-u-kanadi\\\/\"},\"author\":{\"name\":\"Radio Ljubu\u0161ki\",\"@id\":\"https:\\\/\\\/radioljubuski.ba\\\/#\\\/schema\\\/person\\\/19fc700381a780f69665d7956c469e3b\"},\"headline\":\"Zapaljene jo\u0161 dvije katoli\u010dke crkve u Kanadi\",\"datePublished\":\"2021-06-27T12:47:20+00:00\",\"dateModified\":\"2021-06-27T12:47:21+00:00\",\"mainEntityOfPage\":{\"@id\":\"https:\\\/\\\/radioljubuski.ba\\\/index.php\\\/2021\\\/06\\\/27\\\/zapaljene-jos-dvije-katolicke-crkve-u-kanadi\\\/\"},\"wordCount\":297,\"publisher\":{\"@id\":\"https:\\\/\\\/radioljubuski.ba\\\/#organization\"},\"image\":{\"@id\":\"https:\\\/\\\/radioljubuski.ba\\\/index.php\\\/2021\\\/06\\\/27\\\/zapaljene-jos-dvije-katolicke-crkve-u-kanadi\\\/#primaryimage\"},\"thumbnailUrl\":\"https:\\\/\\\/radioljubuski.ba\\\/wp-content\\\/uploads\\\/2021\\\/06\\\/2-2021-06-27-13-41-36-KANADA-CRKVE.jpg\",\"articleSection\":[\"BIH i regija\"],\"inLanguage\":\"hr\"},{\"@type\":\"WebPage\",\"@id\":\"https:\\\/\\\/radioljubuski.ba\\\/index.php\\\/2021\\\/06\\\/27\\\/zapaljene-jos-dvije-katolicke-crkve-u-kanadi\\\/\",\"url\":\"https:\\\/\\\/radioljubuski.ba\\\/index.php\\\/2021\\\/06\\\/27\\\/zapaljene-jos-dvije-katolicke-crkve-u-kanadi\\\/\",\"name\":\"Zapaljene jo\u0161 dvije katoli\u010dke crkve u Kanadi - RADIO LJUBU\u0160KI\",\"isPartOf\":{\"@id\":\"https:\\\/\\\/radioljubuski.ba\\\/#website\"},\"primaryImageOfPage\":{\"@id\":\"https:\\\/\\\/radioljubuski.ba\\\/index.php\\\/2021\\\/06\\\/27\\\/zapaljene-jos-dvije-katolicke-crkve-u-kanadi\\\/#primaryimage\"},\"image\":{\"@id\":\"https:\\\/\\\/radioljubuski.ba\\\/index.php\\\/2021\\\/06\\\/27\\\/zapaljene-jos-dvije-katolicke-crkve-u-kanadi\\\/#primaryimage\"},\"thumbnailUrl\":\"https:\\\/\\\/radioljubuski.ba\\\/wp-content\\\/uploads\\\/2021\\\/06\\\/2-2021-06-27-13-41-36-KANADA-CRKVE.jpg\",\"datePublished\":\"2021-06-27T12:47:20+00:00\",\"dateModified\":\"2021-06-27T12:47:21+00:00\",\"breadcrumb\":{\"@id\":\"https:\\\/\\\/radioljubuski.ba\\\/index.php\\\/2021\\\/06\\\/27\\\/zapaljene-jos-dvije-katolicke-crkve-u-kanadi\\\/#breadcrumb\"},\"inLanguage\":\"hr\",\"potentialAction\":[{\"@type\":\"ReadAction\",\"target\":[\"https:\\\/\\\/radioljubuski.ba\\\/index.php\\\/2021\\\/06\\\/27\\\/zapaljene-jos-dvije-katolicke-crkve-u-kanadi\\\/\"]}]},{\"@type\":\"ImageObject\",\"inLanguage\":\"hr\",\"@id\":\"https:\\\/\\\/radioljubuski.ba\\\/index.php\\\/2021\\\/06\\\/27\\\/zapaljene-jos-dvije-katolicke-crkve-u-kanadi\\\/#primaryimage\",\"url\":\"https:\\\/\\\/radioljubuski.ba\\\/wp-content\\\/uploads\\\/2021\\\/06\\\/2-2021-06-27-13-41-36-KANADA-CRKVE.jpg\",\"contentUrl\":\"https:\\\/\\\/radioljubuski.ba\\\/wp-content\\\/uploads\\\/2021\\\/06\\\/2-2021-06-27-13-41-36-KANADA-CRKVE.jpg\",\"width\":1000,\"height\":625},{\"@type\":\"BreadcrumbList\",\"@id\":\"https:\\\/\\\/radioljubuski.ba\\\/index.php\\\/2021\\\/06\\\/27\\\/zapaljene-jos-dvije-katolicke-crkve-u-kanadi\\\/#breadcrumb\",\"itemListElement\":[{\"@type\":\"ListItem\",\"position\":1,\"name\":\"Po\u010detna stranica\",\"item\":\"https:\\\/\\\/radioljubuski.ba\\\/\"},{\"@type\":\"ListItem\",\"position\":2,\"name\":\"Zapaljene jo\u0161 dvije katoli\u010dke crkve u Kanadi\"}]},{\"@type\":\"WebSite\",\"@id\":\"https:\\\/\\\/radioljubuski.ba\\\/#website\",\"url\":\"https:\\\/\\\/radioljubuski.ba\\\/\",\"name\":\"Radio Ljubu\u0161ki\",\"description\":\"Sun\u010dana frekvencija Hercegovine\",\"publisher\":{\"@id\":\"https:\\\/\\\/radioljubuski.ba\\\/#organization\"},\"potentialAction\":[{\"@type\":\"SearchAction\",\"target\":{\"@type\":\"EntryPoint\",\"urlTemplate\":\"https:\\\/\\\/radioljubuski.ba\\\/?s={search_term_string}\"},\"query-input\":{\"@type\":\"PropertyValueSpecification\",\"valueRequired\":true,\"valueName\":\"search_term_string\"}}],\"inLanguage\":\"hr\"},{\"@type\":\"Organization\",\"@id\":\"https:\\\/\\\/radioljubuski.ba\\\/#organization\",\"name\":\"Radio Ljubu\u0161ki\",\"url\":\"https:\\\/\\\/radioljubuski.ba\\\/\",\"logo\":{\"@type\":\"ImageObject\",\"inLanguage\":\"hr\",\"@id\":\"https:\\\/\\\/radioljubuski.ba\\\/#\\\/schema\\\/logo\\\/image\\\/\",\"url\":\"https:\\\/\\\/radioljubuski.ba\\\/wp-content\\\/uploads\\\/2021\\\/02\\\/cropped-Radio_Ljubuski_logo1.jpg\",\"contentUrl\":\"https:\\\/\\\/radioljubuski.ba\\\/wp-content\\\/uploads\\\/2021\\\/02\\\/cropped-Radio_Ljubuski_logo1.jpg\",\"width\":512,\"height\":512,\"caption\":\"Radio Ljubu\u0161ki\"},\"image\":{\"@id\":\"https:\\\/\\\/radioljubuski.ba\\\/#\\\/schema\\\/logo\\\/image\\\/\"},\"sameAs\":[\"https:\\\/\\\/www.facebook.com\\\/Radiio-Ljubuski-1490835324566332\",\"https:\\\/\\\/x.com\\\/radioljubuski\",\"https:\\\/\\\/hr.linkedin.com\\\/company\\\/radio-ljubuski\",\"https:\\\/\\\/www.youtube.com\\\/channel\\\/UCHYaeO_n0Db3tjNGudGpXyw\"]},{\"@type\":\"Person\",\"@id\":\"https:\\\/\\\/radioljubuski.ba\\\/#\\\/schema\\\/person\\\/19fc700381a780f69665d7956c469e3b\",\"name\":\"Radio Ljubu\u0161ki\"}]}<\/script>\n<!-- \/ Yoast SEO plugin. -->","yoast_head_json":{"title":"Zapaljene jo\u0161 dvije katoli\u010dke crkve u Kanadi - RADIO LJUBU\u0160KI","robots":{"index":"index","follow":"follow","max-snippet":"max-snippet:-1","max-image-preview":"max-image-preview:large","max-video-preview":"max-video-preview:-1"},"canonical":"https:\/\/radioljubuski.ba\/index.php\/2021\/06\/27\/zapaljene-jos-dvije-katolicke-crkve-u-kanadi\/","og_locale":"hr_HR","og_type":"article","og_title":"Zapaljene jo\u0161 dvije katoli\u010dke crkve u Kanadi - RADIO LJUBU\u0160KI","og_description":"Jo\u0161 dvije katoli\u010dke crkve zapaljene su u subotu na zapadu Kanade, na podru\u010djima na kojima \u017eivi autohtono stanovni\u0161tvo, \u010dime je broj spaljenih crkava porastao na \u010detiri od otkri\u0107a tisu\u0107a anonimnih grobova u blizini biv\u0161ih internata u Britanskoj Kolumbiji kojima je upravljala Crkva. Crkva sv. Ane i crkva Chopaka planule su u subotu ujutro s manje [&hellip;]","og_url":"https:\/\/radioljubuski.ba\/index.php\/2021\/06\/27\/zapaljene-jos-dvije-katolicke-crkve-u-kanadi\/","og_site_name":"RADIO LJUBU\u0160KI","article_publisher":"https:\/\/www.facebook.com\/Radiio-Ljubuski-1490835324566332","article_published_time":"2021-06-27T12:47:20+00:00","article_modified_time":"2021-06-27T12:47:21+00:00","og_image":[{"width":1000,"height":625,"url":"https:\/\/radioljubuski.ba\/wp-content\/uploads\/2021\/06\/2-2021-06-27-13-41-36-KANADA-CRKVE.jpg","type":"image\/jpeg"}],"author":"Radio Ljubu\u0161ki","twitter_card":"summary_large_image","twitter_creator":"@radioljubuski","twitter_site":"@radioljubuski","twitter_misc":{"Napisao\/la":"Radio Ljubu\u0161ki","Procijenjeno vrijeme \u010ditanja":"2 minute"},"schema":{"@context":"https:\/\/schema.org","@graph":[{"@type":"Article","@id":"https:\/\/radioljubuski.ba\/index.php\/2021\/06\/27\/zapaljene-jos-dvije-katolicke-crkve-u-kanadi\/#article","isPartOf":{"@id":"https:\/\/radioljubuski.ba\/index.php\/2021\/06\/27\/zapaljene-jos-dvije-katolicke-crkve-u-kanadi\/"},"author":{"name":"Radio Ljubu\u0161ki","@id":"https:\/\/radioljubuski.ba\/#\/schema\/person\/19fc700381a780f69665d7956c469e3b"},"headline":"Zapaljene jo\u0161 dvije katoli\u010dke crkve u Kanadi","datePublished":"2021-06-27T12:47:20+00:00","dateModified":"2021-06-27T12:47:21+00:00","mainEntityOfPage":{"@id":"https:\/\/radioljubuski.ba\/index.php\/2021\/06\/27\/zapaljene-jos-dvije-katolicke-crkve-u-kanadi\/"},"wordCount":297,"publisher":{"@id":"https:\/\/radioljubuski.ba\/#organization"},"image":{"@id":"https:\/\/radioljubuski.ba\/index.php\/2021\/06\/27\/zapaljene-jos-dvije-katolicke-crkve-u-kanadi\/#primaryimage"},"thumbnailUrl":"https:\/\/radioljubuski.ba\/wp-content\/uploads\/2021\/06\/2-2021-06-27-13-41-36-KANADA-CRKVE.jpg","articleSection":["BIH i regija"],"inLanguage":"hr"},{"@type":"WebPage","@id":"https:\/\/radioljubuski.ba\/index.php\/2021\/06\/27\/zapaljene-jos-dvije-katolicke-crkve-u-kanadi\/","url":"https:\/\/radioljubuski.ba\/index.php\/2021\/06\/27\/zapaljene-jos-dvije-katolicke-crkve-u-kanadi\/","name":"Zapaljene jo\u0161 dvije katoli\u010dke crkve u Kanadi - RADIO LJUBU\u0160KI","isPartOf":{"@id":"https:\/\/radioljubuski.ba\/#website"},"primaryImageOfPage":{"@id":"https:\/\/radioljubuski.ba\/index.php\/2021\/06\/27\/zapaljene-jos-dvije-katolicke-crkve-u-kanadi\/#primaryimage"},"image":{"@id":"https:\/\/radioljubuski.ba\/index.php\/2021\/06\/27\/zapaljene-jos-dvije-katolicke-crkve-u-kanadi\/#primaryimage"},"thumbnailUrl":"https:\/\/radioljubuski.ba\/wp-content\/uploads\/2021\/06\/2-2021-06-27-13-41-36-KANADA-CRKVE.jpg","datePublished":"2021-06-27T12:47:20+00:00","dateModified":"2021-06-27T12:47:21+00:00","breadcrumb":{"@id":"https:\/\/radioljubuski.ba\/index.php\/2021\/06\/27\/zapaljene-jos-dvije-katolicke-crkve-u-kanadi\/#breadcrumb"},"inLanguage":"hr","potentialAction":[{"@type":"ReadAction","target":["https:\/\/radioljubuski.ba\/index.php\/2021\/06\/27\/zapaljene-jos-dvije-katolicke-crkve-u-kanadi\/"]}]},{"@type":"ImageObject","inLanguage":"hr","@id":"https:\/\/radioljubuski.ba\/index.php\/2021\/06\/27\/zapaljene-jos-dvije-katolicke-crkve-u-kanadi\/#primaryimage","url":"https:\/\/radioljubuski.ba\/wp-content\/uploads\/2021\/06\/2-2021-06-27-13-41-36-KANADA-CRKVE.jpg","contentUrl":"https:\/\/radioljubuski.ba\/wp-content\/uploads\/2021\/06\/2-2021-06-27-13-41-36-KANADA-CRKVE.jpg","width":1000,"height":625},{"@type":"BreadcrumbList","@id":"https:\/\/radioljubuski.ba\/index.php\/2021\/06\/27\/zapaljene-jos-dvije-katolicke-crkve-u-kanadi\/#breadcrumb","itemListElement":[{"@type":"ListItem","position":1,"name":"Po\u010detna stranica","item":"https:\/\/radioljubuski.ba\/"},{"@type":"ListItem","position":2,"name":"Zapaljene jo\u0161 dvije katoli\u010dke crkve u Kanadi"}]},{"@type":"WebSite","@id":"https:\/\/radioljubuski.ba\/#website","url":"https:\/\/radioljubuski.ba\/","name":"Radio Ljubu\u0161ki","description":"Sun\u010dana frekvencija Hercegovine","publisher":{"@id":"https:\/\/radioljubuski.ba\/#organization"},"potentialAction":[{"@type":"SearchAction","target":{"@type":"EntryPoint","urlTemplate":"https:\/\/radioljubuski.ba\/?s={search_term_string}"},"query-input":{"@type":"PropertyValueSpecification","valueRequired":true,"valueName":"search_term_string"}}],"inLanguage":"hr"},{"@type":"Organization","@id":"https:\/\/radioljubuski.ba\/#organization","name":"Radio Ljubu\u0161ki","url":"https:\/\/radioljubuski.ba\/","logo":{"@type":"ImageObject","inLanguage":"hr","@id":"https:\/\/radioljubuski.ba\/#\/schema\/logo\/image\/","url":"https:\/\/radioljubuski.ba\/wp-content\/uploads\/2021\/02\/cropped-Radio_Ljubuski_logo1.jpg","contentUrl":"https:\/\/radioljubuski.ba\/wp-content\/uploads\/2021\/02\/cropped-Radio_Ljubuski_logo1.jpg","width":512,"height":512,"caption":"Radio Ljubu\u0161ki"},"image":{"@id":"https:\/\/radioljubuski.ba\/#\/schema\/logo\/image\/"},"sameAs":["https:\/\/www.facebook.com\/Radiio-Ljubuski-1490835324566332","https:\/\/x.com\/radioljubuski","https:\/\/hr.linkedin.com\/company\/radio-ljubuski","https:\/\/www.youtube.com\/channel\/UCHYaeO_n0Db3tjNGudGpXyw"]},{"@type":"Person","@id":"https:\/\/radioljubuski.ba\/#\/schema\/person\/19fc700381a780f69665d7956c469e3b","name":"Radio Ljubu\u0161ki"}]}},"_links":{"self":[{"href":"https:\/\/radioljubuski.ba\/index.php\/wp-json\/wp\/v2\/posts\/36387","targetHints":{"allow":["GET"]}}],"collection":[{"href":"https:\/\/radioljubuski.ba\/index.php\/wp-json\/wp\/v2\/posts"}],"about":[{"href":"https:\/\/radioljubuski.ba\/index.php\/wp-json\/wp\/v2\/types\/post"}],"author":[{"embeddable":true,"href":"https:\/\/radioljubuski.ba\/index.php\/wp-json\/wp\/v2\/users\/2"}],"replies":[{"embeddable":true,"href":"https:\/\/radioljubuski.ba\/index.php\/wp-json\/wp\/v2\/comments?post=36387"}],"version-history":[{"count":1,"href":"https:\/\/radioljubuski.ba\/index.php\/wp-json\/wp\/v2\/posts\/36387\/revisions"}],"predecessor-version":[{"id":36389,"href":"https:\/\/radioljubuski.ba\/index.php\/wp-json\/wp\/v2\/posts\/36387\/revisions\/36389"}],"wp:featuredmedia":[{"embeddable":true,"href":"https:\/\/radioljubuski.ba\/index.php\/wp-json\/wp\/v2\/media\/36388"}],"wp:attachment":[{"href":"https:\/\/radioljubuski.ba\/index.php\/wp-json\/wp\/v2\/media?parent=36387"}],"wp:term":[{"taxonomy":"category","embeddable":true,"href":"https:\/\/radioljubuski.ba\/index.php\/wp-json\/wp\/v2\/categories?post=36387"},{"taxonomy":"post_tag","embeddable":true,"href":"https:\/\/radioljubuski.ba\/index.php\/wp-json\/wp\/v2\/tags?post=36387"}],"curies":[{"name":"wp","href":"https:\/\/api.w.org\/{rel}","templated":true}]}}