{"id":36396,"date":"2021-06-27T13:51:12","date_gmt":"2021-06-27T12:51:12","guid":{"rendered":"https:\/\/radioljubuski.ba\/?p=36396"},"modified":"2021-06-27T13:51:13","modified_gmt":"2021-06-27T12:51:13","slug":"tomislavgrad-zapaljene-svijece-za-83-ubijena-civila-iz-drugog-svjetskog-rata","status":"publish","type":"post","link":"https:\/\/radioljubuski.ba\/index.php\/2021\/06\/27\/tomislavgrad-zapaljene-svijece-za-83-ubijena-civila-iz-drugog-svjetskog-rata\/","title":{"rendered":"Tomislavgrad: Zapaljene svije\u0107e za 83 ubijena civila iz Drugog svjetskog rata"},"content":{"rendered":"\n<p>Vjernici podljubu\u0161kih tomislavgradskih sela Luga, Kuka, Sarajlije i Letke, okupili su se u nedjelju na spomen-obilje\u017eju u naselju Lug gdje su se paljenjem svije\u0107a i euharistijskim slavljem prisjetili zlo\u010dina nad osamdeset troje ubijenih i zapaljenih civila iz njihovih mjesta kojeg su 16. prosinca 1943. godine po\u010dinili njema\u010dki SS vojnici iz divizije &#8220;Princ Eugen&#8221;.<\/p>\n\n\n\n<p>Prije po\u010detka euharistijskog slavlja kojeg je predvodio fra Vlado Vujevi\u0107 na mjestu stradanja nevinih \u017ertava, pro\u010ditana su njihova imena te je za svaku \u017ertvu zapaljena svije\u0107a.<\/p>\n\n\n\n<p>Na dan njihovog stradanja, njema\u010dka vojska je upala u selo i pri tome zapalila gotovo svaku ku\u0107u te ubila i zapalila 83 osobe iz naselja Lug i Kuk te dvije osobe iz Letke.<\/p>\n\n\n\n<p>Najstarija \u017ertva imala je preko 60 godina, najmla\u0111a tek 2 mjeseca, a veliki broj \u017ertva bili su momci i djevojke.<\/p>\n\n\n\n<p>Nakon \u0161to je dobila informaciju da partizanima dostavljaju hranu te sumnje da su ubili dvojicu njema\u010dkih vojnika, njema\u010dka vojska je iz tih sela pokupila svo ljudstvo od petnaest godina na vi\u0161e, zatvorila ih u \u0161talu te zapalila i strojnicama poubijala.<\/p>\n\n\n\n<p>Da se ne bi zaboravile nevine \u017ertve ovog velikog zlo\u010dina, Udruga Lug Poljice koja je nositelji svih ovih aktivnosti, pokrenula je prije tri godine projekt izgradnje spomen muzeja i ure\u0111enje okoli\u0161a, vrijednog oko 250.000 maraka.<\/p>\n\n\n\n<p>Izvor:pogled.ba<\/p>\n","protected":false},"excerpt":{"rendered":"<p>Vjernici podljubu\u0161kih tomislavgradskih sela Luga, Kuka, Sarajlije i Letke, okupili su se u nedjelju na spomen-obilje\u017eju u naselju Lug gdje su se paljenjem svije\u0107a i euharistijskim slavljem prisjetili zlo\u010dina nad osamdeset troje ubijenih i zapaljenih civila iz njihovih mjesta kojeg su 16. prosinca 1943. godine po\u010dinili njema\u010dki SS vojnici iz divizije &#8220;Princ Eugen&#8221;. Prije po\u010detka [&hellip;]<\/p>\n","protected":false},"author":2,"featured_media":36397,"comment_status":"closed","ping_status":"closed","sticky":false,"template":"","format":"standard","meta":{"h5ap_radio_sources":[],"footnotes":""},"categories":[1],"tags":[],"class_list":["post-36396","post","type-post","status-publish","format-standard","has-post-thumbnail","hentry","category-bihiregija"],"yoast_head":"<!-- This site is optimized with the Yoast SEO plugin v27.5 - https:\/\/yoast.com\/product\/yoast-seo-wordpress\/ -->\n<title>Tomislavgrad: Zapaljene svije\u0107e za 83 ubijena civila iz Drugog svjetskog rata - RADIO LJUBU\u0160KI<\/title>\n<meta name=\"robots\" content=\"index, follow, max-snippet:-1, max-image-preview:large, max-video-preview:-1\" \/>\n<link rel=\"canonical\" href=\"https:\/\/radioljubuski.ba\/index.php\/2021\/06\/27\/tomislavgrad-zapaljene-svijece-za-83-ubijena-civila-iz-drugog-svjetskog-rata\/\" \/>\n<meta property=\"og:locale\" content=\"hr_HR\" \/>\n<meta property=\"og:type\" content=\"article\" \/>\n<meta property=\"og:title\" content=\"Tomislavgrad: Zapaljene svije\u0107e za 83 ubijena civila iz Drugog svjetskog rata - RADIO LJUBU\u0160KI\" \/>\n<meta property=\"og:description\" content=\"Vjernici podljubu\u0161kih tomislavgradskih sela Luga, Kuka, Sarajlije i Letke, okupili su se u nedjelju na spomen-obilje\u017eju u naselju Lug gdje su se paljenjem svije\u0107a i euharistijskim slavljem prisjetili zlo\u010dina nad osamdeset troje ubijenih i zapaljenih civila iz njihovih mjesta kojeg su 16. prosinca 1943. godine po\u010dinili njema\u010dki SS vojnici iz divizije &#8220;Princ Eugen&#8221;. Prije po\u010detka [&hellip;]\" \/>\n<meta property=\"og:url\" content=\"https:\/\/radioljubuski.ba\/index.php\/2021\/06\/27\/tomislavgrad-zapaljene-svijece-za-83-ubijena-civila-iz-drugog-svjetskog-rata\/\" \/>\n<meta property=\"og:site_name\" content=\"RADIO LJUBU\u0160KI\" \/>\n<meta property=\"article:publisher\" content=\"https:\/\/www.facebook.com\/Radiio-Ljubuski-1490835324566332\" \/>\n<meta property=\"article:published_time\" content=\"2021-06-27T12:51:12+00:00\" \/>\n<meta property=\"article:modified_time\" content=\"2021-06-27T12:51:13+00:00\" \/>\n<meta property=\"og:image\" content=\"https:\/\/radioljubuski.ba\/wp-content\/uploads\/2021\/06\/2-2021-06-27-14-10-07-lug-tomislavgrad.jpg\" \/>\n\t<meta property=\"og:image:width\" content=\"1000\" \/>\n\t<meta property=\"og:image:height\" content=\"625\" \/>\n\t<meta property=\"og:image:type\" content=\"image\/jpeg\" \/>\n<meta name=\"author\" content=\"Radio Ljubu\u0161ki\" \/>\n<meta name=\"twitter:card\" content=\"summary_large_image\" \/>\n<meta name=\"twitter:creator\" content=\"@radioljubuski\" \/>\n<meta name=\"twitter:site\" content=\"@radioljubuski\" \/>\n<meta name=\"twitter:label1\" content=\"Napisao\/la\" \/>\n\t<meta name=\"twitter:data1\" content=\"Radio Ljubu\u0161ki\" \/>\n\t<meta name=\"twitter:label2\" content=\"Procijenjeno vrijeme \u010ditanja\" \/>\n\t<meta name=\"twitter:data2\" content=\"1 minuta\" \/>\n<script type=\"application\/ld+json\" class=\"yoast-schema-graph\">{\"@context\":\"https:\\\/\\\/schema.org\",\"@graph\":[{\"@type\":\"Article\",\"@id\":\"https:\\\/\\\/radioljubuski.ba\\\/index.php\\\/2021\\\/06\\\/27\\\/tomislavgrad-zapaljene-svijece-za-83-ubijena-civila-iz-drugog-svjetskog-rata\\\/#article\",\"isPartOf\":{\"@id\":\"https:\\\/\\\/radioljubuski.ba\\\/index.php\\\/2021\\\/06\\\/27\\\/tomislavgrad-zapaljene-svijece-za-83-ubijena-civila-iz-drugog-svjetskog-rata\\\/\"},\"author\":{\"name\":\"Radio Ljubu\u0161ki\",\"@id\":\"https:\\\/\\\/radioljubuski.ba\\\/#\\\/schema\\\/person\\\/19fc700381a780f69665d7956c469e3b\"},\"headline\":\"Tomislavgrad: Zapaljene svije\u0107e za 83 ubijena civila iz Drugog svjetskog rata\",\"datePublished\":\"2021-06-27T12:51:12+00:00\",\"dateModified\":\"2021-06-27T12:51:13+00:00\",\"mainEntityOfPage\":{\"@id\":\"https:\\\/\\\/radioljubuski.ba\\\/index.php\\\/2021\\\/06\\\/27\\\/tomislavgrad-zapaljene-svijece-za-83-ubijena-civila-iz-drugog-svjetskog-rata\\\/\"},\"wordCount\":233,\"publisher\":{\"@id\":\"https:\\\/\\\/radioljubuski.ba\\\/#organization\"},\"image\":{\"@id\":\"https:\\\/\\\/radioljubuski.ba\\\/index.php\\\/2021\\\/06\\\/27\\\/tomislavgrad-zapaljene-svijece-za-83-ubijena-civila-iz-drugog-svjetskog-rata\\\/#primaryimage\"},\"thumbnailUrl\":\"https:\\\/\\\/radioljubuski.ba\\\/wp-content\\\/uploads\\\/2021\\\/06\\\/2-2021-06-27-14-10-07-lug-tomislavgrad.jpg\",\"articleSection\":[\"BIH i regija\"],\"inLanguage\":\"hr\"},{\"@type\":\"WebPage\",\"@id\":\"https:\\\/\\\/radioljubuski.ba\\\/index.php\\\/2021\\\/06\\\/27\\\/tomislavgrad-zapaljene-svijece-za-83-ubijena-civila-iz-drugog-svjetskog-rata\\\/\",\"url\":\"https:\\\/\\\/radioljubuski.ba\\\/index.php\\\/2021\\\/06\\\/27\\\/tomislavgrad-zapaljene-svijece-za-83-ubijena-civila-iz-drugog-svjetskog-rata\\\/\",\"name\":\"Tomislavgrad: Zapaljene svije\u0107e za 83 ubijena civila iz Drugog svjetskog rata - RADIO LJUBU\u0160KI\",\"isPartOf\":{\"@id\":\"https:\\\/\\\/radioljubuski.ba\\\/#website\"},\"primaryImageOfPage\":{\"@id\":\"https:\\\/\\\/radioljubuski.ba\\\/index.php\\\/2021\\\/06\\\/27\\\/tomislavgrad-zapaljene-svijece-za-83-ubijena-civila-iz-drugog-svjetskog-rata\\\/#primaryimage\"},\"image\":{\"@id\":\"https:\\\/\\\/radioljubuski.ba\\\/index.php\\\/2021\\\/06\\\/27\\\/tomislavgrad-zapaljene-svijece-za-83-ubijena-civila-iz-drugog-svjetskog-rata\\\/#primaryimage\"},\"thumbnailUrl\":\"https:\\\/\\\/radioljubuski.ba\\\/wp-content\\\/uploads\\\/2021\\\/06\\\/2-2021-06-27-14-10-07-lug-tomislavgrad.jpg\",\"datePublished\":\"2021-06-27T12:51:12+00:00\",\"dateModified\":\"2021-06-27T12:51:13+00:00\",\"breadcrumb\":{\"@id\":\"https:\\\/\\\/radioljubuski.ba\\\/index.php\\\/2021\\\/06\\\/27\\\/tomislavgrad-zapaljene-svijece-za-83-ubijena-civila-iz-drugog-svjetskog-rata\\\/#breadcrumb\"},\"inLanguage\":\"hr\",\"potentialAction\":[{\"@type\":\"ReadAction\",\"target\":[\"https:\\\/\\\/radioljubuski.ba\\\/index.php\\\/2021\\\/06\\\/27\\\/tomislavgrad-zapaljene-svijece-za-83-ubijena-civila-iz-drugog-svjetskog-rata\\\/\"]}]},{\"@type\":\"ImageObject\",\"inLanguage\":\"hr\",\"@id\":\"https:\\\/\\\/radioljubuski.ba\\\/index.php\\\/2021\\\/06\\\/27\\\/tomislavgrad-zapaljene-svijece-za-83-ubijena-civila-iz-drugog-svjetskog-rata\\\/#primaryimage\",\"url\":\"https:\\\/\\\/radioljubuski.ba\\\/wp-content\\\/uploads\\\/2021\\\/06\\\/2-2021-06-27-14-10-07-lug-tomislavgrad.jpg\",\"contentUrl\":\"https:\\\/\\\/radioljubuski.ba\\\/wp-content\\\/uploads\\\/2021\\\/06\\\/2-2021-06-27-14-10-07-lug-tomislavgrad.jpg\",\"width\":1000,\"height\":625},{\"@type\":\"BreadcrumbList\",\"@id\":\"https:\\\/\\\/radioljubuski.ba\\\/index.php\\\/2021\\\/06\\\/27\\\/tomislavgrad-zapaljene-svijece-za-83-ubijena-civila-iz-drugog-svjetskog-rata\\\/#breadcrumb\",\"itemListElement\":[{\"@type\":\"ListItem\",\"position\":1,\"name\":\"Po\u010detna stranica\",\"item\":\"https:\\\/\\\/radioljubuski.ba\\\/\"},{\"@type\":\"ListItem\",\"position\":2,\"name\":\"Tomislavgrad: Zapaljene svije\u0107e za 83 ubijena civila iz Drugog svjetskog rata\"}]},{\"@type\":\"WebSite\",\"@id\":\"https:\\\/\\\/radioljubuski.ba\\\/#website\",\"url\":\"https:\\\/\\\/radioljubuski.ba\\\/\",\"name\":\"Radio Ljubu\u0161ki\",\"description\":\"Sun\u010dana frekvencija Hercegovine\",\"publisher\":{\"@id\":\"https:\\\/\\\/radioljubuski.ba\\\/#organization\"},\"potentialAction\":[{\"@type\":\"SearchAction\",\"target\":{\"@type\":\"EntryPoint\",\"urlTemplate\":\"https:\\\/\\\/radioljubuski.ba\\\/?s={search_term_string}\"},\"query-input\":{\"@type\":\"PropertyValueSpecification\",\"valueRequired\":true,\"valueName\":\"search_term_string\"}}],\"inLanguage\":\"hr\"},{\"@type\":\"Organization\",\"@id\":\"https:\\\/\\\/radioljubuski.ba\\\/#organization\",\"name\":\"Radio Ljubu\u0161ki\",\"url\":\"https:\\\/\\\/radioljubuski.ba\\\/\",\"logo\":{\"@type\":\"ImageObject\",\"inLanguage\":\"hr\",\"@id\":\"https:\\\/\\\/radioljubuski.ba\\\/#\\\/schema\\\/logo\\\/image\\\/\",\"url\":\"https:\\\/\\\/radioljubuski.ba\\\/wp-content\\\/uploads\\\/2021\\\/02\\\/cropped-Radio_Ljubuski_logo1.jpg\",\"contentUrl\":\"https:\\\/\\\/radioljubuski.ba\\\/wp-content\\\/uploads\\\/2021\\\/02\\\/cropped-Radio_Ljubuski_logo1.jpg\",\"width\":512,\"height\":512,\"caption\":\"Radio Ljubu\u0161ki\"},\"image\":{\"@id\":\"https:\\\/\\\/radioljubuski.ba\\\/#\\\/schema\\\/logo\\\/image\\\/\"},\"sameAs\":[\"https:\\\/\\\/www.facebook.com\\\/Radiio-Ljubuski-1490835324566332\",\"https:\\\/\\\/x.com\\\/radioljubuski\",\"https:\\\/\\\/hr.linkedin.com\\\/company\\\/radio-ljubuski\",\"https:\\\/\\\/www.youtube.com\\\/channel\\\/UCHYaeO_n0Db3tjNGudGpXyw\"]},{\"@type\":\"Person\",\"@id\":\"https:\\\/\\\/radioljubuski.ba\\\/#\\\/schema\\\/person\\\/19fc700381a780f69665d7956c469e3b\",\"name\":\"Radio Ljubu\u0161ki\"}]}<\/script>\n<!-- \/ Yoast SEO plugin. -->","yoast_head_json":{"title":"Tomislavgrad: Zapaljene svije\u0107e za 83 ubijena civila iz Drugog svjetskog rata - RADIO LJUBU\u0160KI","robots":{"index":"index","follow":"follow","max-snippet":"max-snippet:-1","max-image-preview":"max-image-preview:large","max-video-preview":"max-video-preview:-1"},"canonical":"https:\/\/radioljubuski.ba\/index.php\/2021\/06\/27\/tomislavgrad-zapaljene-svijece-za-83-ubijena-civila-iz-drugog-svjetskog-rata\/","og_locale":"hr_HR","og_type":"article","og_title":"Tomislavgrad: Zapaljene svije\u0107e za 83 ubijena civila iz Drugog svjetskog rata - RADIO LJUBU\u0160KI","og_description":"Vjernici podljubu\u0161kih tomislavgradskih sela Luga, Kuka, Sarajlije i Letke, okupili su se u nedjelju na spomen-obilje\u017eju u naselju Lug gdje su se paljenjem svije\u0107a i euharistijskim slavljem prisjetili zlo\u010dina nad osamdeset troje ubijenih i zapaljenih civila iz njihovih mjesta kojeg su 16. prosinca 1943. godine po\u010dinili njema\u010dki SS vojnici iz divizije &#8220;Princ Eugen&#8221;. Prije po\u010detka [&hellip;]","og_url":"https:\/\/radioljubuski.ba\/index.php\/2021\/06\/27\/tomislavgrad-zapaljene-svijece-za-83-ubijena-civila-iz-drugog-svjetskog-rata\/","og_site_name":"RADIO LJUBU\u0160KI","article_publisher":"https:\/\/www.facebook.com\/Radiio-Ljubuski-1490835324566332","article_published_time":"2021-06-27T12:51:12+00:00","article_modified_time":"2021-06-27T12:51:13+00:00","og_image":[{"width":1000,"height":625,"url":"https:\/\/radioljubuski.ba\/wp-content\/uploads\/2021\/06\/2-2021-06-27-14-10-07-lug-tomislavgrad.jpg","type":"image\/jpeg"}],"author":"Radio Ljubu\u0161ki","twitter_card":"summary_large_image","twitter_creator":"@radioljubuski","twitter_site":"@radioljubuski","twitter_misc":{"Napisao\/la":"Radio Ljubu\u0161ki","Procijenjeno vrijeme \u010ditanja":"1 minuta"},"schema":{"@context":"https:\/\/schema.org","@graph":[{"@type":"Article","@id":"https:\/\/radioljubuski.ba\/index.php\/2021\/06\/27\/tomislavgrad-zapaljene-svijece-za-83-ubijena-civila-iz-drugog-svjetskog-rata\/#article","isPartOf":{"@id":"https:\/\/radioljubuski.ba\/index.php\/2021\/06\/27\/tomislavgrad-zapaljene-svijece-za-83-ubijena-civila-iz-drugog-svjetskog-rata\/"},"author":{"name":"Radio Ljubu\u0161ki","@id":"https:\/\/radioljubuski.ba\/#\/schema\/person\/19fc700381a780f69665d7956c469e3b"},"headline":"Tomislavgrad: Zapaljene svije\u0107e za 83 ubijena civila iz Drugog svjetskog rata","datePublished":"2021-06-27T12:51:12+00:00","dateModified":"2021-06-27T12:51:13+00:00","mainEntityOfPage":{"@id":"https:\/\/radioljubuski.ba\/index.php\/2021\/06\/27\/tomislavgrad-zapaljene-svijece-za-83-ubijena-civila-iz-drugog-svjetskog-rata\/"},"wordCount":233,"publisher":{"@id":"https:\/\/radioljubuski.ba\/#organization"},"image":{"@id":"https:\/\/radioljubuski.ba\/index.php\/2021\/06\/27\/tomislavgrad-zapaljene-svijece-za-83-ubijena-civila-iz-drugog-svjetskog-rata\/#primaryimage"},"thumbnailUrl":"https:\/\/radioljubuski.ba\/wp-content\/uploads\/2021\/06\/2-2021-06-27-14-10-07-lug-tomislavgrad.jpg","articleSection":["BIH i regija"],"inLanguage":"hr"},{"@type":"WebPage","@id":"https:\/\/radioljubuski.ba\/index.php\/2021\/06\/27\/tomislavgrad-zapaljene-svijece-za-83-ubijena-civila-iz-drugog-svjetskog-rata\/","url":"https:\/\/radioljubuski.ba\/index.php\/2021\/06\/27\/tomislavgrad-zapaljene-svijece-za-83-ubijena-civila-iz-drugog-svjetskog-rata\/","name":"Tomislavgrad: Zapaljene svije\u0107e za 83 ubijena civila iz Drugog svjetskog rata - RADIO LJUBU\u0160KI","isPartOf":{"@id":"https:\/\/radioljubuski.ba\/#website"},"primaryImageOfPage":{"@id":"https:\/\/radioljubuski.ba\/index.php\/2021\/06\/27\/tomislavgrad-zapaljene-svijece-za-83-ubijena-civila-iz-drugog-svjetskog-rata\/#primaryimage"},"image":{"@id":"https:\/\/radioljubuski.ba\/index.php\/2021\/06\/27\/tomislavgrad-zapaljene-svijece-za-83-ubijena-civila-iz-drugog-svjetskog-rata\/#primaryimage"},"thumbnailUrl":"https:\/\/radioljubuski.ba\/wp-content\/uploads\/2021\/06\/2-2021-06-27-14-10-07-lug-tomislavgrad.jpg","datePublished":"2021-06-27T12:51:12+00:00","dateModified":"2021-06-27T12:51:13+00:00","breadcrumb":{"@id":"https:\/\/radioljubuski.ba\/index.php\/2021\/06\/27\/tomislavgrad-zapaljene-svijece-za-83-ubijena-civila-iz-drugog-svjetskog-rata\/#breadcrumb"},"inLanguage":"hr","potentialAction":[{"@type":"ReadAction","target":["https:\/\/radioljubuski.ba\/index.php\/2021\/06\/27\/tomislavgrad-zapaljene-svijece-za-83-ubijena-civila-iz-drugog-svjetskog-rata\/"]}]},{"@type":"ImageObject","inLanguage":"hr","@id":"https:\/\/radioljubuski.ba\/index.php\/2021\/06\/27\/tomislavgrad-zapaljene-svijece-za-83-ubijena-civila-iz-drugog-svjetskog-rata\/#primaryimage","url":"https:\/\/radioljubuski.ba\/wp-content\/uploads\/2021\/06\/2-2021-06-27-14-10-07-lug-tomislavgrad.jpg","contentUrl":"https:\/\/radioljubuski.ba\/wp-content\/uploads\/2021\/06\/2-2021-06-27-14-10-07-lug-tomislavgrad.jpg","width":1000,"height":625},{"@type":"BreadcrumbList","@id":"https:\/\/radioljubuski.ba\/index.php\/2021\/06\/27\/tomislavgrad-zapaljene-svijece-za-83-ubijena-civila-iz-drugog-svjetskog-rata\/#breadcrumb","itemListElement":[{"@type":"ListItem","position":1,"name":"Po\u010detna stranica","item":"https:\/\/radioljubuski.ba\/"},{"@type":"ListItem","position":2,"name":"Tomislavgrad: Zapaljene svije\u0107e za 83 ubijena civila iz Drugog svjetskog rata"}]},{"@type":"WebSite","@id":"https:\/\/radioljubuski.ba\/#website","url":"https:\/\/radioljubuski.ba\/","name":"Radio Ljubu\u0161ki","description":"Sun\u010dana frekvencija Hercegovine","publisher":{"@id":"https:\/\/radioljubuski.ba\/#organization"},"potentialAction":[{"@type":"SearchAction","target":{"@type":"EntryPoint","urlTemplate":"https:\/\/radioljubuski.ba\/?s={search_term_string}"},"query-input":{"@type":"PropertyValueSpecification","valueRequired":true,"valueName":"search_term_string"}}],"inLanguage":"hr"},{"@type":"Organization","@id":"https:\/\/radioljubuski.ba\/#organization","name":"Radio Ljubu\u0161ki","url":"https:\/\/radioljubuski.ba\/","logo":{"@type":"ImageObject","inLanguage":"hr","@id":"https:\/\/radioljubuski.ba\/#\/schema\/logo\/image\/","url":"https:\/\/radioljubuski.ba\/wp-content\/uploads\/2021\/02\/cropped-Radio_Ljubuski_logo1.jpg","contentUrl":"https:\/\/radioljubuski.ba\/wp-content\/uploads\/2021\/02\/cropped-Radio_Ljubuski_logo1.jpg","width":512,"height":512,"caption":"Radio Ljubu\u0161ki"},"image":{"@id":"https:\/\/radioljubuski.ba\/#\/schema\/logo\/image\/"},"sameAs":["https:\/\/www.facebook.com\/Radiio-Ljubuski-1490835324566332","https:\/\/x.com\/radioljubuski","https:\/\/hr.linkedin.com\/company\/radio-ljubuski","https:\/\/www.youtube.com\/channel\/UCHYaeO_n0Db3tjNGudGpXyw"]},{"@type":"Person","@id":"https:\/\/radioljubuski.ba\/#\/schema\/person\/19fc700381a780f69665d7956c469e3b","name":"Radio Ljubu\u0161ki"}]}},"_links":{"self":[{"href":"https:\/\/radioljubuski.ba\/index.php\/wp-json\/wp\/v2\/posts\/36396","targetHints":{"allow":["GET"]}}],"collection":[{"href":"https:\/\/radioljubuski.ba\/index.php\/wp-json\/wp\/v2\/posts"}],"about":[{"href":"https:\/\/radioljubuski.ba\/index.php\/wp-json\/wp\/v2\/types\/post"}],"author":[{"embeddable":true,"href":"https:\/\/radioljubuski.ba\/index.php\/wp-json\/wp\/v2\/users\/2"}],"replies":[{"embeddable":true,"href":"https:\/\/radioljubuski.ba\/index.php\/wp-json\/wp\/v2\/comments?post=36396"}],"version-history":[{"count":1,"href":"https:\/\/radioljubuski.ba\/index.php\/wp-json\/wp\/v2\/posts\/36396\/revisions"}],"predecessor-version":[{"id":36398,"href":"https:\/\/radioljubuski.ba\/index.php\/wp-json\/wp\/v2\/posts\/36396\/revisions\/36398"}],"wp:featuredmedia":[{"embeddable":true,"href":"https:\/\/radioljubuski.ba\/index.php\/wp-json\/wp\/v2\/media\/36397"}],"wp:attachment":[{"href":"https:\/\/radioljubuski.ba\/index.php\/wp-json\/wp\/v2\/media?parent=36396"}],"wp:term":[{"taxonomy":"category","embeddable":true,"href":"https:\/\/radioljubuski.ba\/index.php\/wp-json\/wp\/v2\/categories?post=36396"},{"taxonomy":"post_tag","embeddable":true,"href":"https:\/\/radioljubuski.ba\/index.php\/wp-json\/wp\/v2\/tags?post=36396"}],"curies":[{"name":"wp","href":"https:\/\/api.w.org\/{rel}","templated":true}]}}