{"id":36405,"date":"2021-06-27T13:55:59","date_gmt":"2021-06-27T12:55:59","guid":{"rendered":"https:\/\/radioljubuski.ba\/?p=36405"},"modified":"2021-06-27T13:56:12","modified_gmt":"2021-06-27T12:56:12","slug":"beogradani-napadaju-radnike-koji-unistavaju-komarce-jer-misle-da-ih-prskaju-koronavirusom","status":"publish","type":"post","link":"https:\/\/radioljubuski.ba\/index.php\/2021\/06\/27\/beogradani-napadaju-radnike-koji-unistavaju-komarce-jer-misle-da-ih-prskaju-koronavirusom\/","title":{"rendered":"Beogra\u0111ani napadaju radnike koji uni\u0161tavaju komarce jer misle da ih &#8220;prskaju koronavirusom&#8221;"},"content":{"rendered":"\n<p>Pojedini Beogra\u0111ani u posljednjih nekoliko dana napadaju radnike poduze\u0107a &#8220;Gradska \u010disto\u0107a&#8221; dok prskaju protiv komaraca, a misle\u0107i da &#8220;prskaju koronavirus&#8221;.<\/p>\n\n\n\n<p>Radnike napadaju i verbalno i fizi\u010dki, prenose srbijanski mediji. To su potvrdili i iz samog komunalnog poduze\u0107a.<\/p>\n\n\n\n<p>&#8220;Prije neki dan je mu\u0161karac u\u0161ao kroz prozor u kamion da bi zaustavio na\u0161eg radnika&#8221;, izjavila je Mirjana Caki\u0107 iz Gradske \u010disto\u0107e.<\/p>\n\n\n\n<p>Upozorili su da se ove godine zna\u010dajno pove\u0107ao broj napada na njihove uposlenike, a \u010dime im se onemogu\u0107ava rad. Grad Beograd je preko svoje slu\u017ebene web stranice tako\u0111er izvijestio o ovim napadima.<\/p>\n\n\n\n<p>Istakli su da je 23. lipnja mu\u0161karac u op\u0107ini Grocka zaustavio vozilo &#8220;Gradske \u010disto\u0107e&#8221;, tra\u017eio nalog i poru\u010dio im da &#8220;suzbijanjem komaraca provode teroristi\u010dki napad&#8221;.<\/p>\n\n\n\n<p>Nije izostalo ni ga\u0111anje kamenjem, bacanje na haubu automobila i le\u017eanje nasred ceste da bi se sprije\u010dilo kretanje vozila beogradskog komunalnog poduze\u0107a.<\/p>\n\n\n\n<p>Napomenuli su da je zapra\u0161ivanje protiv komaraca va\u017eno za sprije\u010davanje pojave zaraznih bolesti, a me\u0111u njima je i virus Zapadnog Nila koji je vrlo opasan.<\/p>\n\n\n\n<p>Zamjenik gradona\u010delnika Beograda Goran Vesi\u0107 (SNS) je naglasio da \u0107e protiv osumnji\u010denih za napade biti podnijete krivi\u010dne prijave, te da \u0107e zajedno djelovati komunalna policija i policija.<\/p>\n\n\n\n<p>Psihologinja Sandra Bijelac smatra da su napadi posljedica teorija zavjera. Prema njenim rije\u010dima, kada se dogode traumati\u010dni doga\u0111aji, a to se dogodilo pandemijom koronavirusa, jedna od reakcija ljudi je i paranoja i poja\u010dano stvaranja teorija zavjera. Apelirala je da se tra\u017ei stru\u010dna pomo\u0107 za one ljude kod kojih se primijeti ovako pona\u0161anje.<\/p>\n\n\n\n<p>Izvor:pogled.ba<\/p>\n","protected":false},"excerpt":{"rendered":"<p>Pojedini Beogra\u0111ani u posljednjih nekoliko dana napadaju radnike poduze\u0107a &#8220;Gradska \u010disto\u0107a&#8221; dok prskaju protiv komaraca, a misle\u0107i da &#8220;prskaju koronavirus&#8221;. Radnike napadaju i verbalno i fizi\u010dki, prenose srbijanski mediji. To su potvrdili i iz samog komunalnog poduze\u0107a. &#8220;Prije neki dan je mu\u0161karac u\u0161ao kroz prozor u kamion da bi zaustavio na\u0161eg radnika&#8221;, izjavila je Mirjana [&hellip;]<\/p>\n","protected":false},"author":2,"featured_media":36406,"comment_status":"closed","ping_status":"closed","sticky":false,"template":"","format":"standard","meta":{"h5ap_radio_sources":[],"footnotes":""},"categories":[1],"tags":[],"class_list":["post-36405","post","type-post","status-publish","format-standard","has-post-thumbnail","hentry","category-bihiregija"],"yoast_head":"<!-- This site is optimized with the Yoast SEO plugin v27.5 - https:\/\/yoast.com\/product\/yoast-seo-wordpress\/ -->\n<title>Beogra\u0111ani napadaju radnike koji uni\u0161tavaju komarce jer misle da ih &quot;prskaju koronavirusom&quot; - RADIO LJUBU\u0160KI<\/title>\n<meta name=\"robots\" content=\"index, follow, max-snippet:-1, max-image-preview:large, max-video-preview:-1\" \/>\n<link rel=\"canonical\" href=\"https:\/\/radioljubuski.ba\/index.php\/2021\/06\/27\/beogradani-napadaju-radnike-koji-unistavaju-komarce-jer-misle-da-ih-prskaju-koronavirusom\/\" \/>\n<meta property=\"og:locale\" content=\"hr_HR\" \/>\n<meta property=\"og:type\" content=\"article\" \/>\n<meta property=\"og:title\" content=\"Beogra\u0111ani napadaju radnike koji uni\u0161tavaju komarce jer misle da ih &quot;prskaju koronavirusom&quot; - RADIO LJUBU\u0160KI\" \/>\n<meta property=\"og:description\" content=\"Pojedini Beogra\u0111ani u posljednjih nekoliko dana napadaju radnike poduze\u0107a &#8220;Gradska \u010disto\u0107a&#8221; dok prskaju protiv komaraca, a misle\u0107i da &#8220;prskaju koronavirus&#8221;. Radnike napadaju i verbalno i fizi\u010dki, prenose srbijanski mediji. To su potvrdili i iz samog komunalnog poduze\u0107a. &#8220;Prije neki dan je mu\u0161karac u\u0161ao kroz prozor u kamion da bi zaustavio na\u0161eg radnika&#8221;, izjavila je Mirjana [&hellip;]\" \/>\n<meta property=\"og:url\" content=\"https:\/\/radioljubuski.ba\/index.php\/2021\/06\/27\/beogradani-napadaju-radnike-koji-unistavaju-komarce-jer-misle-da-ih-prskaju-koronavirusom\/\" \/>\n<meta property=\"og:site_name\" content=\"RADIO LJUBU\u0160KI\" \/>\n<meta property=\"article:publisher\" content=\"https:\/\/www.facebook.com\/Radiio-Ljubuski-1490835324566332\" \/>\n<meta property=\"article:published_time\" content=\"2021-06-27T12:55:59+00:00\" \/>\n<meta property=\"article:modified_time\" content=\"2021-06-27T12:56:12+00:00\" \/>\n<meta property=\"og:image\" content=\"https:\/\/radioljubuski.ba\/wp-content\/uploads\/2021\/06\/b_210626048.jpg\" \/>\n\t<meta property=\"og:image:width\" content=\"800\" \/>\n\t<meta property=\"og:image:height\" content=\"533\" \/>\n\t<meta property=\"og:image:type\" content=\"image\/jpeg\" \/>\n<meta name=\"author\" content=\"Radio Ljubu\u0161ki\" \/>\n<meta name=\"twitter:card\" content=\"summary_large_image\" \/>\n<meta name=\"twitter:creator\" content=\"@radioljubuski\" \/>\n<meta name=\"twitter:site\" content=\"@radioljubuski\" \/>\n<meta name=\"twitter:label1\" content=\"Napisao\/la\" \/>\n\t<meta name=\"twitter:data1\" content=\"Radio Ljubu\u0161ki\" \/>\n\t<meta name=\"twitter:label2\" content=\"Procijenjeno vrijeme \u010ditanja\" \/>\n\t<meta name=\"twitter:data2\" content=\"2 minute\" \/>\n<script type=\"application\/ld+json\" class=\"yoast-schema-graph\">{\"@context\":\"https:\\\/\\\/schema.org\",\"@graph\":[{\"@type\":\"Article\",\"@id\":\"https:\\\/\\\/radioljubuski.ba\\\/index.php\\\/2021\\\/06\\\/27\\\/beogradani-napadaju-radnike-koji-unistavaju-komarce-jer-misle-da-ih-prskaju-koronavirusom\\\/#article\",\"isPartOf\":{\"@id\":\"https:\\\/\\\/radioljubuski.ba\\\/index.php\\\/2021\\\/06\\\/27\\\/beogradani-napadaju-radnike-koji-unistavaju-komarce-jer-misle-da-ih-prskaju-koronavirusom\\\/\"},\"author\":{\"name\":\"Radio Ljubu\u0161ki\",\"@id\":\"https:\\\/\\\/radioljubuski.ba\\\/#\\\/schema\\\/person\\\/19fc700381a780f69665d7956c469e3b\"},\"headline\":\"Beogra\u0111ani napadaju radnike koji uni\u0161tavaju komarce jer misle da ih &#8220;prskaju koronavirusom&#8221;\",\"datePublished\":\"2021-06-27T12:55:59+00:00\",\"dateModified\":\"2021-06-27T12:56:12+00:00\",\"mainEntityOfPage\":{\"@id\":\"https:\\\/\\\/radioljubuski.ba\\\/index.php\\\/2021\\\/06\\\/27\\\/beogradani-napadaju-radnike-koji-unistavaju-komarce-jer-misle-da-ih-prskaju-koronavirusom\\\/\"},\"wordCount\":297,\"publisher\":{\"@id\":\"https:\\\/\\\/radioljubuski.ba\\\/#organization\"},\"image\":{\"@id\":\"https:\\\/\\\/radioljubuski.ba\\\/index.php\\\/2021\\\/06\\\/27\\\/beogradani-napadaju-radnike-koji-unistavaju-komarce-jer-misle-da-ih-prskaju-koronavirusom\\\/#primaryimage\"},\"thumbnailUrl\":\"https:\\\/\\\/radioljubuski.ba\\\/wp-content\\\/uploads\\\/2021\\\/06\\\/b_210626048.jpg\",\"articleSection\":[\"BIH i regija\"],\"inLanguage\":\"hr\"},{\"@type\":\"WebPage\",\"@id\":\"https:\\\/\\\/radioljubuski.ba\\\/index.php\\\/2021\\\/06\\\/27\\\/beogradani-napadaju-radnike-koji-unistavaju-komarce-jer-misle-da-ih-prskaju-koronavirusom\\\/\",\"url\":\"https:\\\/\\\/radioljubuski.ba\\\/index.php\\\/2021\\\/06\\\/27\\\/beogradani-napadaju-radnike-koji-unistavaju-komarce-jer-misle-da-ih-prskaju-koronavirusom\\\/\",\"name\":\"Beogra\u0111ani napadaju radnike koji uni\u0161tavaju komarce jer misle da ih \\\"prskaju koronavirusom\\\" - RADIO LJUBU\u0160KI\",\"isPartOf\":{\"@id\":\"https:\\\/\\\/radioljubuski.ba\\\/#website\"},\"primaryImageOfPage\":{\"@id\":\"https:\\\/\\\/radioljubuski.ba\\\/index.php\\\/2021\\\/06\\\/27\\\/beogradani-napadaju-radnike-koji-unistavaju-komarce-jer-misle-da-ih-prskaju-koronavirusom\\\/#primaryimage\"},\"image\":{\"@id\":\"https:\\\/\\\/radioljubuski.ba\\\/index.php\\\/2021\\\/06\\\/27\\\/beogradani-napadaju-radnike-koji-unistavaju-komarce-jer-misle-da-ih-prskaju-koronavirusom\\\/#primaryimage\"},\"thumbnailUrl\":\"https:\\\/\\\/radioljubuski.ba\\\/wp-content\\\/uploads\\\/2021\\\/06\\\/b_210626048.jpg\",\"datePublished\":\"2021-06-27T12:55:59+00:00\",\"dateModified\":\"2021-06-27T12:56:12+00:00\",\"breadcrumb\":{\"@id\":\"https:\\\/\\\/radioljubuski.ba\\\/index.php\\\/2021\\\/06\\\/27\\\/beogradani-napadaju-radnike-koji-unistavaju-komarce-jer-misle-da-ih-prskaju-koronavirusom\\\/#breadcrumb\"},\"inLanguage\":\"hr\",\"potentialAction\":[{\"@type\":\"ReadAction\",\"target\":[\"https:\\\/\\\/radioljubuski.ba\\\/index.php\\\/2021\\\/06\\\/27\\\/beogradani-napadaju-radnike-koji-unistavaju-komarce-jer-misle-da-ih-prskaju-koronavirusom\\\/\"]}]},{\"@type\":\"ImageObject\",\"inLanguage\":\"hr\",\"@id\":\"https:\\\/\\\/radioljubuski.ba\\\/index.php\\\/2021\\\/06\\\/27\\\/beogradani-napadaju-radnike-koji-unistavaju-komarce-jer-misle-da-ih-prskaju-koronavirusom\\\/#primaryimage\",\"url\":\"https:\\\/\\\/radioljubuski.ba\\\/wp-content\\\/uploads\\\/2021\\\/06\\\/b_210626048.jpg\",\"contentUrl\":\"https:\\\/\\\/radioljubuski.ba\\\/wp-content\\\/uploads\\\/2021\\\/06\\\/b_210626048.jpg\",\"width\":800,\"height\":533},{\"@type\":\"BreadcrumbList\",\"@id\":\"https:\\\/\\\/radioljubuski.ba\\\/index.php\\\/2021\\\/06\\\/27\\\/beogradani-napadaju-radnike-koji-unistavaju-komarce-jer-misle-da-ih-prskaju-koronavirusom\\\/#breadcrumb\",\"itemListElement\":[{\"@type\":\"ListItem\",\"position\":1,\"name\":\"Po\u010detna stranica\",\"item\":\"https:\\\/\\\/radioljubuski.ba\\\/\"},{\"@type\":\"ListItem\",\"position\":2,\"name\":\"Beogra\u0111ani napadaju radnike koji uni\u0161tavaju komarce jer misle da ih &#8220;prskaju koronavirusom&#8221;\"}]},{\"@type\":\"WebSite\",\"@id\":\"https:\\\/\\\/radioljubuski.ba\\\/#website\",\"url\":\"https:\\\/\\\/radioljubuski.ba\\\/\",\"name\":\"Radio Ljubu\u0161ki\",\"description\":\"Sun\u010dana frekvencija Hercegovine\",\"publisher\":{\"@id\":\"https:\\\/\\\/radioljubuski.ba\\\/#organization\"},\"potentialAction\":[{\"@type\":\"SearchAction\",\"target\":{\"@type\":\"EntryPoint\",\"urlTemplate\":\"https:\\\/\\\/radioljubuski.ba\\\/?s={search_term_string}\"},\"query-input\":{\"@type\":\"PropertyValueSpecification\",\"valueRequired\":true,\"valueName\":\"search_term_string\"}}],\"inLanguage\":\"hr\"},{\"@type\":\"Organization\",\"@id\":\"https:\\\/\\\/radioljubuski.ba\\\/#organization\",\"name\":\"Radio Ljubu\u0161ki\",\"url\":\"https:\\\/\\\/radioljubuski.ba\\\/\",\"logo\":{\"@type\":\"ImageObject\",\"inLanguage\":\"hr\",\"@id\":\"https:\\\/\\\/radioljubuski.ba\\\/#\\\/schema\\\/logo\\\/image\\\/\",\"url\":\"https:\\\/\\\/radioljubuski.ba\\\/wp-content\\\/uploads\\\/2021\\\/02\\\/cropped-Radio_Ljubuski_logo1.jpg\",\"contentUrl\":\"https:\\\/\\\/radioljubuski.ba\\\/wp-content\\\/uploads\\\/2021\\\/02\\\/cropped-Radio_Ljubuski_logo1.jpg\",\"width\":512,\"height\":512,\"caption\":\"Radio Ljubu\u0161ki\"},\"image\":{\"@id\":\"https:\\\/\\\/radioljubuski.ba\\\/#\\\/schema\\\/logo\\\/image\\\/\"},\"sameAs\":[\"https:\\\/\\\/www.facebook.com\\\/Radiio-Ljubuski-1490835324566332\",\"https:\\\/\\\/x.com\\\/radioljubuski\",\"https:\\\/\\\/hr.linkedin.com\\\/company\\\/radio-ljubuski\",\"https:\\\/\\\/www.youtube.com\\\/channel\\\/UCHYaeO_n0Db3tjNGudGpXyw\"]},{\"@type\":\"Person\",\"@id\":\"https:\\\/\\\/radioljubuski.ba\\\/#\\\/schema\\\/person\\\/19fc700381a780f69665d7956c469e3b\",\"name\":\"Radio Ljubu\u0161ki\"}]}<\/script>\n<!-- \/ Yoast SEO plugin. -->","yoast_head_json":{"title":"Beogra\u0111ani napadaju radnike koji uni\u0161tavaju komarce jer misle da ih \"prskaju koronavirusom\" - RADIO LJUBU\u0160KI","robots":{"index":"index","follow":"follow","max-snippet":"max-snippet:-1","max-image-preview":"max-image-preview:large","max-video-preview":"max-video-preview:-1"},"canonical":"https:\/\/radioljubuski.ba\/index.php\/2021\/06\/27\/beogradani-napadaju-radnike-koji-unistavaju-komarce-jer-misle-da-ih-prskaju-koronavirusom\/","og_locale":"hr_HR","og_type":"article","og_title":"Beogra\u0111ani napadaju radnike koji uni\u0161tavaju komarce jer misle da ih \"prskaju koronavirusom\" - RADIO LJUBU\u0160KI","og_description":"Pojedini Beogra\u0111ani u posljednjih nekoliko dana napadaju radnike poduze\u0107a &#8220;Gradska \u010disto\u0107a&#8221; dok prskaju protiv komaraca, a misle\u0107i da &#8220;prskaju koronavirus&#8221;. Radnike napadaju i verbalno i fizi\u010dki, prenose srbijanski mediji. To su potvrdili i iz samog komunalnog poduze\u0107a. &#8220;Prije neki dan je mu\u0161karac u\u0161ao kroz prozor u kamion da bi zaustavio na\u0161eg radnika&#8221;, izjavila je Mirjana [&hellip;]","og_url":"https:\/\/radioljubuski.ba\/index.php\/2021\/06\/27\/beogradani-napadaju-radnike-koji-unistavaju-komarce-jer-misle-da-ih-prskaju-koronavirusom\/","og_site_name":"RADIO LJUBU\u0160KI","article_publisher":"https:\/\/www.facebook.com\/Radiio-Ljubuski-1490835324566332","article_published_time":"2021-06-27T12:55:59+00:00","article_modified_time":"2021-06-27T12:56:12+00:00","og_image":[{"width":800,"height":533,"url":"https:\/\/radioljubuski.ba\/wp-content\/uploads\/2021\/06\/b_210626048.jpg","type":"image\/jpeg"}],"author":"Radio Ljubu\u0161ki","twitter_card":"summary_large_image","twitter_creator":"@radioljubuski","twitter_site":"@radioljubuski","twitter_misc":{"Napisao\/la":"Radio Ljubu\u0161ki","Procijenjeno vrijeme \u010ditanja":"2 minute"},"schema":{"@context":"https:\/\/schema.org","@graph":[{"@type":"Article","@id":"https:\/\/radioljubuski.ba\/index.php\/2021\/06\/27\/beogradani-napadaju-radnike-koji-unistavaju-komarce-jer-misle-da-ih-prskaju-koronavirusom\/#article","isPartOf":{"@id":"https:\/\/radioljubuski.ba\/index.php\/2021\/06\/27\/beogradani-napadaju-radnike-koji-unistavaju-komarce-jer-misle-da-ih-prskaju-koronavirusom\/"},"author":{"name":"Radio Ljubu\u0161ki","@id":"https:\/\/radioljubuski.ba\/#\/schema\/person\/19fc700381a780f69665d7956c469e3b"},"headline":"Beogra\u0111ani napadaju radnike koji uni\u0161tavaju komarce jer misle da ih &#8220;prskaju koronavirusom&#8221;","datePublished":"2021-06-27T12:55:59+00:00","dateModified":"2021-06-27T12:56:12+00:00","mainEntityOfPage":{"@id":"https:\/\/radioljubuski.ba\/index.php\/2021\/06\/27\/beogradani-napadaju-radnike-koji-unistavaju-komarce-jer-misle-da-ih-prskaju-koronavirusom\/"},"wordCount":297,"publisher":{"@id":"https:\/\/radioljubuski.ba\/#organization"},"image":{"@id":"https:\/\/radioljubuski.ba\/index.php\/2021\/06\/27\/beogradani-napadaju-radnike-koji-unistavaju-komarce-jer-misle-da-ih-prskaju-koronavirusom\/#primaryimage"},"thumbnailUrl":"https:\/\/radioljubuski.ba\/wp-content\/uploads\/2021\/06\/b_210626048.jpg","articleSection":["BIH i regija"],"inLanguage":"hr"},{"@type":"WebPage","@id":"https:\/\/radioljubuski.ba\/index.php\/2021\/06\/27\/beogradani-napadaju-radnike-koji-unistavaju-komarce-jer-misle-da-ih-prskaju-koronavirusom\/","url":"https:\/\/radioljubuski.ba\/index.php\/2021\/06\/27\/beogradani-napadaju-radnike-koji-unistavaju-komarce-jer-misle-da-ih-prskaju-koronavirusom\/","name":"Beogra\u0111ani napadaju radnike koji uni\u0161tavaju komarce jer misle da ih \"prskaju koronavirusom\" - RADIO LJUBU\u0160KI","isPartOf":{"@id":"https:\/\/radioljubuski.ba\/#website"},"primaryImageOfPage":{"@id":"https:\/\/radioljubuski.ba\/index.php\/2021\/06\/27\/beogradani-napadaju-radnike-koji-unistavaju-komarce-jer-misle-da-ih-prskaju-koronavirusom\/#primaryimage"},"image":{"@id":"https:\/\/radioljubuski.ba\/index.php\/2021\/06\/27\/beogradani-napadaju-radnike-koji-unistavaju-komarce-jer-misle-da-ih-prskaju-koronavirusom\/#primaryimage"},"thumbnailUrl":"https:\/\/radioljubuski.ba\/wp-content\/uploads\/2021\/06\/b_210626048.jpg","datePublished":"2021-06-27T12:55:59+00:00","dateModified":"2021-06-27T12:56:12+00:00","breadcrumb":{"@id":"https:\/\/radioljubuski.ba\/index.php\/2021\/06\/27\/beogradani-napadaju-radnike-koji-unistavaju-komarce-jer-misle-da-ih-prskaju-koronavirusom\/#breadcrumb"},"inLanguage":"hr","potentialAction":[{"@type":"ReadAction","target":["https:\/\/radioljubuski.ba\/index.php\/2021\/06\/27\/beogradani-napadaju-radnike-koji-unistavaju-komarce-jer-misle-da-ih-prskaju-koronavirusom\/"]}]},{"@type":"ImageObject","inLanguage":"hr","@id":"https:\/\/radioljubuski.ba\/index.php\/2021\/06\/27\/beogradani-napadaju-radnike-koji-unistavaju-komarce-jer-misle-da-ih-prskaju-koronavirusom\/#primaryimage","url":"https:\/\/radioljubuski.ba\/wp-content\/uploads\/2021\/06\/b_210626048.jpg","contentUrl":"https:\/\/radioljubuski.ba\/wp-content\/uploads\/2021\/06\/b_210626048.jpg","width":800,"height":533},{"@type":"BreadcrumbList","@id":"https:\/\/radioljubuski.ba\/index.php\/2021\/06\/27\/beogradani-napadaju-radnike-koji-unistavaju-komarce-jer-misle-da-ih-prskaju-koronavirusom\/#breadcrumb","itemListElement":[{"@type":"ListItem","position":1,"name":"Po\u010detna stranica","item":"https:\/\/radioljubuski.ba\/"},{"@type":"ListItem","position":2,"name":"Beogra\u0111ani napadaju radnike koji uni\u0161tavaju komarce jer misle da ih &#8220;prskaju koronavirusom&#8221;"}]},{"@type":"WebSite","@id":"https:\/\/radioljubuski.ba\/#website","url":"https:\/\/radioljubuski.ba\/","name":"Radio Ljubu\u0161ki","description":"Sun\u010dana frekvencija Hercegovine","publisher":{"@id":"https:\/\/radioljubuski.ba\/#organization"},"potentialAction":[{"@type":"SearchAction","target":{"@type":"EntryPoint","urlTemplate":"https:\/\/radioljubuski.ba\/?s={search_term_string}"},"query-input":{"@type":"PropertyValueSpecification","valueRequired":true,"valueName":"search_term_string"}}],"inLanguage":"hr"},{"@type":"Organization","@id":"https:\/\/radioljubuski.ba\/#organization","name":"Radio Ljubu\u0161ki","url":"https:\/\/radioljubuski.ba\/","logo":{"@type":"ImageObject","inLanguage":"hr","@id":"https:\/\/radioljubuski.ba\/#\/schema\/logo\/image\/","url":"https:\/\/radioljubuski.ba\/wp-content\/uploads\/2021\/02\/cropped-Radio_Ljubuski_logo1.jpg","contentUrl":"https:\/\/radioljubuski.ba\/wp-content\/uploads\/2021\/02\/cropped-Radio_Ljubuski_logo1.jpg","width":512,"height":512,"caption":"Radio Ljubu\u0161ki"},"image":{"@id":"https:\/\/radioljubuski.ba\/#\/schema\/logo\/image\/"},"sameAs":["https:\/\/www.facebook.com\/Radiio-Ljubuski-1490835324566332","https:\/\/x.com\/radioljubuski","https:\/\/hr.linkedin.com\/company\/radio-ljubuski","https:\/\/www.youtube.com\/channel\/UCHYaeO_n0Db3tjNGudGpXyw"]},{"@type":"Person","@id":"https:\/\/radioljubuski.ba\/#\/schema\/person\/19fc700381a780f69665d7956c469e3b","name":"Radio Ljubu\u0161ki"}]}},"_links":{"self":[{"href":"https:\/\/radioljubuski.ba\/index.php\/wp-json\/wp\/v2\/posts\/36405","targetHints":{"allow":["GET"]}}],"collection":[{"href":"https:\/\/radioljubuski.ba\/index.php\/wp-json\/wp\/v2\/posts"}],"about":[{"href":"https:\/\/radioljubuski.ba\/index.php\/wp-json\/wp\/v2\/types\/post"}],"author":[{"embeddable":true,"href":"https:\/\/radioljubuski.ba\/index.php\/wp-json\/wp\/v2\/users\/2"}],"replies":[{"embeddable":true,"href":"https:\/\/radioljubuski.ba\/index.php\/wp-json\/wp\/v2\/comments?post=36405"}],"version-history":[{"count":1,"href":"https:\/\/radioljubuski.ba\/index.php\/wp-json\/wp\/v2\/posts\/36405\/revisions"}],"predecessor-version":[{"id":36407,"href":"https:\/\/radioljubuski.ba\/index.php\/wp-json\/wp\/v2\/posts\/36405\/revisions\/36407"}],"wp:featuredmedia":[{"embeddable":true,"href":"https:\/\/radioljubuski.ba\/index.php\/wp-json\/wp\/v2\/media\/36406"}],"wp:attachment":[{"href":"https:\/\/radioljubuski.ba\/index.php\/wp-json\/wp\/v2\/media?parent=36405"}],"wp:term":[{"taxonomy":"category","embeddable":true,"href":"https:\/\/radioljubuski.ba\/index.php\/wp-json\/wp\/v2\/categories?post=36405"},{"taxonomy":"post_tag","embeddable":true,"href":"https:\/\/radioljubuski.ba\/index.php\/wp-json\/wp\/v2\/tags?post=36405"}],"curies":[{"name":"wp","href":"https:\/\/api.w.org\/{rel}","templated":true}]}}