{"id":36453,"date":"2021-06-27T16:20:22","date_gmt":"2021-06-27T15:20:22","guid":{"rendered":"https:\/\/radioljubuski.ba\/?p=36453"},"modified":"2021-06-27T16:20:24","modified_gmt":"2021-06-27T15:20:24","slug":"edward-joseph-bosnjaci-mogu-utjecati-na-izbor-hrvatskog-clana-predsjednistva-bih-to-nije-u-duhu-daytonskog-sporazuma","status":"publish","type":"post","link":"https:\/\/radioljubuski.ba\/index.php\/2021\/06\/27\/edward-joseph-bosnjaci-mogu-utjecati-na-izbor-hrvatskog-clana-predsjednistva-bih-to-nije-u-duhu-daytonskog-sporazuma\/","title":{"rendered":"Edward Joseph: Bo\u0161njaci mogu utjecati na izbor hrvatskog \u010dlana Predsjedni\u0161tva BiH, to nije u duhu Daytonskog sporazuma"},"content":{"rendered":"\n<p><strong>Profesor na ameri\u010dkom sveu\u010dili\u0161tu Johns Hopkins s dugogodi\u0161njim radnim iskustvom na Balkanu u intervju za&nbsp;<a href=\"https:\/\/balkans.aljazeera.net\/teme\/2021\/6\/27\/joseph-balkan-ce-postati-stabilan-kada-srbija-prihvati-zapadni-poredak\" target=\"_blank\" rel=\"noreferrer noopener\">Al Jazeeru<\/a>&nbsp;govorio je o novoj Bidenovoj uredbi, odnosu Zapada prema Srbiji, situaciji u BiH.<\/strong><\/p>\n\n\n\n<p>Edward P. Joseph je bio zamjenik \u0161efa Misije OSSE-a na Kosovu a \u0161est godina radio je i u Bosni i Hercegovini, od toga tri u ratu, kada je izme\u0111u ostalog u sklopu NATO-a bio u za\u0161ti\u0107enoj enklavi \u017depa u ljeto 1995. sa zadatkom da evakuira \u017eene, djecu i ranjene, pri \u010demu je izravno morao pregovarati sa Ratkom Mladi\u0107em i Zdravkom Tolimirom. Bio je svjedok na dva su\u0111enja pred me\u0111unarodnim tribunalom za biv\u0161u Jugoslaviju.<\/p>\n\n\n\n<p>Bogatu karijeru nakon Balkana nastavio je u Iraku, Afganistanu, Haitiju i Pakistanu. Autor je brojnih znanstvenih radova, ali i \u010dlanaka za svjetske medije kao \u0161to su New York Times i Foreign Policy.<\/p>\n\n\n\n<p>-Ja imam dosta iskustva u BiH, radio sam tu \u0161est godina, od toga tri godine tijekom rata i bio sam svugdje, bio sam u Mostaru u rujnu 1993, prije nego \u0161to je Stari most sru\u0161en, nakon rata sam bio \u0161ef OSSE-a u Mostaru zatim u Br\u010dkom. Tako da mi je jako poznata situacija u zemlji, i odnosi Bo\u0161njaka i Hrvata kao i Bo\u0161njaka i Srba. Znam Liska ulicu u Mostaru gdje je groblje bo\u0161nja\u010dkih i hrvatskih \u017ertava s po\u010detka rata, koje su ubili Srbi. Dakle, odnosi Bo\u0161njaka i Hrvata su zasebni, to nije isti odnos kao \u0161to imaju Bo\u0161njaci i Srbi. Hrvatska mo\u017ee posti\u0107i sve svoje strate\u0161ke ciljeve bez fizi\u010dkog uklju\u010divanja Hercegovine, \u0161to god ljudi u Hercegovini \u017eeljeli. Pod ameri\u010dkim vodstvom, Hrvati i Bo\u0161njaci su bili saveznici, i njihov vojni savez je imao klju\u010dnu ulogu u zavr\u0161avanju rata \u0161to je dovelo do Dejtonskog sporazuma. Takav savez nikada nije bio mogu\u0107 izme\u0111u Srba i Bo\u0161njaka i nakon rata nikada nismo vidjeli da su se Srbi i Bo\u0161njaci u nekoj stvari ujedinili protiv Hrvata. Stvarni problem u BiH je Republika Srpska, ne Srbi, to nikada ne bih rekao, nego stvaranje RS-a, legitimizacija ovog entiteta Dejtonskim sporazumom, jer to ne funkcionira i stvara sve uvjete za Banja Luku da odbija suradnju, a to se ne odnosi samo na Dodika, koliko god je on problemati\u010dan. Taj problem RS-a \u0107e biti rije\u0161en kada Srbija prihvati zapadni poredak. Kada Srbija ka\u017ee igra je gotova, ne mo\u017eemo imati Kosovo, to je kraj igre i za RS, ka\u017ee Joseph.<\/p>\n\n\n\n<p>Na pitanje bi li bilo potrebe za Dejtonom 2 ili nekim drugim promjenama ure\u0111enja zemlje, Joseph odgovara:<\/p>\n\n\n\n<p>-Ne, to je pristup koji ne zahtijeva Dayton 2, neki Marshallov plan ili \u010dak da SAD preuzme vodstvo, ni\u0161ta se od ovoga ne mora dogoditi. \u010cak ne treba postojati pritisak na Srbiju, ne trebaju sankcije, ne morate priznati Kosovo, ali Kosovo sada ide u me\u0111unarodne organizacije i gradi odnose. To sve mijenja u BiH. To je gotova igra za Beograd, to je kraj Milo\u0161evi\u0107eve strategije, Vulinovog \u2018srpskog sveta\u2019, Velike Srbije, Velike Albanije\u2026 Rije\u0161eno je i pitanje Hrvatske prema Bosni. Nema vi\u0161e Herceg-Bosne jednom kada RS prihvati da je u BiH. To je kraj igre i za Bo\u0161njake, jer ne\u0107e biti dominacije i demografske zloupotrebe, jer \u0107e to biti vizija svih naroda, i to \u0107e biti BiH, \u010dlanica EU i NATO-a, i vremenom \u0107e se razvijati gra\u0111anski identitet. Sve \u0107e se to dogoditi prirodno, ali moramo probiti ove etnonacionalne podjele a problem primarno le\u017ei u Srbiji. To je bolji pristup nego re\u0107i Beogradu da je \u201cekonomski i politi\u010dki lider u regiji\u201d.<\/p>\n\n\n\n<p>Na pitanje kako komentira kritike, prvenstveno Bo\u0161njaka, o mije\u0161anju Hrvatske u unutarnje poslove BiH, Joseph ka\u017ee:<\/p>\n\n\n\n<p>-Mislim da je gre\u0161ka praviti analogiju izme\u0111u Hrvatske i Srbije, to su razli\u010ditie pozicije, iako ne zna\u010di da ono \u0161to radi Hrvatska nije problemati\u010dno. Postoje problemi izme\u0111u Hrvata i Bo\u0161njaka, prije svega oko izbora predstavnika hrvatskog naroda i to je legitimno pitanje i briga. To nije u duhu Daytonskog sporazuma ili bilo kojeg mirovnog sporazuma koji imaju princip reciprociteta. Bo\u0161njaci mogu utjecati na izbor hrvatskog \u010dlana Predsjedni\u0161tva BiH, ali Hrvati to ne mogu \u0161to se ti\u010de izbora bo\u0161nja\u010dkog \u010dlana. To je problem. U isto vrijeme to nije razlog da Zagreb do\u010deka Dodika i \u010covi\u0107a na visokoj razini, da pravi zasebne infrastrukturne dogovore s Dodikom koje zaobilaze Sarajevo. To je pogre\u0161no. Ali pogre\u0161no je i demografsko nadja\u010davanje Bo\u0161njaka.<\/p>\n\n\n\n<p>\/HMS\/<\/p>\n","protected":false},"excerpt":{"rendered":"<p>Profesor na ameri\u010dkom sveu\u010dili\u0161tu Johns Hopkins s dugogodi\u0161njim radnim iskustvom na Balkanu u intervju za&nbsp;Al Jazeeru&nbsp;govorio je o novoj Bidenovoj uredbi, odnosu Zapada prema Srbiji, situaciji u BiH. Edward P. Joseph je bio zamjenik \u0161efa Misije OSSE-a na Kosovu a \u0161est godina radio je i u Bosni i Hercegovini, od toga tri u ratu, kada [&hellip;]<\/p>\n","protected":false},"author":2,"featured_media":36454,"comment_status":"closed","ping_status":"closed","sticky":false,"template":"","format":"standard","meta":{"h5ap_radio_sources":[],"footnotes":""},"categories":[1],"tags":[],"class_list":["post-36453","post","type-post","status-publish","format-standard","has-post-thumbnail","hentry","category-bihiregija"],"yoast_head":"<!-- This site is optimized with the Yoast SEO plugin v27.5 - https:\/\/yoast.com\/product\/yoast-seo-wordpress\/ -->\n<title>Edward Joseph: Bo\u0161njaci mogu utjecati na izbor hrvatskog \u010dlana Predsjedni\u0161tva BiH, to nije u duhu Daytonskog sporazuma - RADIO LJUBU\u0160KI<\/title>\n<meta name=\"robots\" content=\"index, follow, max-snippet:-1, max-image-preview:large, max-video-preview:-1\" \/>\n<link rel=\"canonical\" href=\"https:\/\/radioljubuski.ba\/index.php\/2021\/06\/27\/edward-joseph-bosnjaci-mogu-utjecati-na-izbor-hrvatskog-clana-predsjednistva-bih-to-nije-u-duhu-daytonskog-sporazuma\/\" \/>\n<meta property=\"og:locale\" content=\"hr_HR\" \/>\n<meta property=\"og:type\" content=\"article\" \/>\n<meta property=\"og:title\" content=\"Edward Joseph: Bo\u0161njaci mogu utjecati na izbor hrvatskog \u010dlana Predsjedni\u0161tva BiH, to nije u duhu Daytonskog sporazuma - RADIO LJUBU\u0160KI\" \/>\n<meta property=\"og:description\" content=\"Profesor na ameri\u010dkom sveu\u010dili\u0161tu Johns Hopkins s dugogodi\u0161njim radnim iskustvom na Balkanu u intervju za&nbsp;Al Jazeeru&nbsp;govorio je o novoj Bidenovoj uredbi, odnosu Zapada prema Srbiji, situaciji u BiH. Edward P. Joseph je bio zamjenik \u0161efa Misije OSSE-a na Kosovu a \u0161est godina radio je i u Bosni i Hercegovini, od toga tri u ratu, kada [&hellip;]\" \/>\n<meta property=\"og:url\" content=\"https:\/\/radioljubuski.ba\/index.php\/2021\/06\/27\/edward-joseph-bosnjaci-mogu-utjecati-na-izbor-hrvatskog-clana-predsjednistva-bih-to-nije-u-duhu-daytonskog-sporazuma\/\" \/>\n<meta property=\"og:site_name\" content=\"RADIO LJUBU\u0160KI\" \/>\n<meta property=\"article:publisher\" content=\"https:\/\/www.facebook.com\/Radiio-Ljubuski-1490835324566332\" \/>\n<meta property=\"article:published_time\" content=\"2021-06-27T15:20:22+00:00\" \/>\n<meta property=\"article:modified_time\" content=\"2021-06-27T15:20:24+00:00\" \/>\n<meta property=\"og:image\" content=\"https:\/\/radioljubuski.ba\/wp-content\/uploads\/2021\/06\/edward-joseph.jpeg\" \/>\n\t<meta property=\"og:image:width\" content=\"900\" \/>\n\t<meta property=\"og:image:height\" content=\"506\" \/>\n\t<meta property=\"og:image:type\" content=\"image\/jpeg\" \/>\n<meta name=\"author\" content=\"Radio Ljubu\u0161ki\" \/>\n<meta name=\"twitter:card\" content=\"summary_large_image\" \/>\n<meta name=\"twitter:creator\" content=\"@radioljubuski\" \/>\n<meta name=\"twitter:site\" content=\"@radioljubuski\" \/>\n<meta name=\"twitter:label1\" content=\"Napisao\/la\" \/>\n\t<meta name=\"twitter:data1\" content=\"Radio Ljubu\u0161ki\" \/>\n\t<meta name=\"twitter:label2\" content=\"Procijenjeno vrijeme \u010ditanja\" \/>\n\t<meta name=\"twitter:data2\" content=\"4 minute\" \/>\n<script type=\"application\/ld+json\" class=\"yoast-schema-graph\">{\"@context\":\"https:\\\/\\\/schema.org\",\"@graph\":[{\"@type\":\"Article\",\"@id\":\"https:\\\/\\\/radioljubuski.ba\\\/index.php\\\/2021\\\/06\\\/27\\\/edward-joseph-bosnjaci-mogu-utjecati-na-izbor-hrvatskog-clana-predsjednistva-bih-to-nije-u-duhu-daytonskog-sporazuma\\\/#article\",\"isPartOf\":{\"@id\":\"https:\\\/\\\/radioljubuski.ba\\\/index.php\\\/2021\\\/06\\\/27\\\/edward-joseph-bosnjaci-mogu-utjecati-na-izbor-hrvatskog-clana-predsjednistva-bih-to-nije-u-duhu-daytonskog-sporazuma\\\/\"},\"author\":{\"name\":\"Radio Ljubu\u0161ki\",\"@id\":\"https:\\\/\\\/radioljubuski.ba\\\/#\\\/schema\\\/person\\\/19fc700381a780f69665d7956c469e3b\"},\"headline\":\"Edward Joseph: Bo\u0161njaci mogu utjecati na izbor hrvatskog \u010dlana Predsjedni\u0161tva BiH, to nije u duhu Daytonskog sporazuma\",\"datePublished\":\"2021-06-27T15:20:22+00:00\",\"dateModified\":\"2021-06-27T15:20:24+00:00\",\"mainEntityOfPage\":{\"@id\":\"https:\\\/\\\/radioljubuski.ba\\\/index.php\\\/2021\\\/06\\\/27\\\/edward-joseph-bosnjaci-mogu-utjecati-na-izbor-hrvatskog-clana-predsjednistva-bih-to-nije-u-duhu-daytonskog-sporazuma\\\/\"},\"wordCount\":785,\"publisher\":{\"@id\":\"https:\\\/\\\/radioljubuski.ba\\\/#organization\"},\"image\":{\"@id\":\"https:\\\/\\\/radioljubuski.ba\\\/index.php\\\/2021\\\/06\\\/27\\\/edward-joseph-bosnjaci-mogu-utjecati-na-izbor-hrvatskog-clana-predsjednistva-bih-to-nije-u-duhu-daytonskog-sporazuma\\\/#primaryimage\"},\"thumbnailUrl\":\"https:\\\/\\\/radioljubuski.ba\\\/wp-content\\\/uploads\\\/2021\\\/06\\\/edward-joseph.jpeg\",\"articleSection\":[\"BIH i regija\"],\"inLanguage\":\"hr\"},{\"@type\":\"WebPage\",\"@id\":\"https:\\\/\\\/radioljubuski.ba\\\/index.php\\\/2021\\\/06\\\/27\\\/edward-joseph-bosnjaci-mogu-utjecati-na-izbor-hrvatskog-clana-predsjednistva-bih-to-nije-u-duhu-daytonskog-sporazuma\\\/\",\"url\":\"https:\\\/\\\/radioljubuski.ba\\\/index.php\\\/2021\\\/06\\\/27\\\/edward-joseph-bosnjaci-mogu-utjecati-na-izbor-hrvatskog-clana-predsjednistva-bih-to-nije-u-duhu-daytonskog-sporazuma\\\/\",\"name\":\"Edward Joseph: Bo\u0161njaci mogu utjecati na izbor hrvatskog \u010dlana Predsjedni\u0161tva BiH, to nije u duhu Daytonskog sporazuma - RADIO LJUBU\u0160KI\",\"isPartOf\":{\"@id\":\"https:\\\/\\\/radioljubuski.ba\\\/#website\"},\"primaryImageOfPage\":{\"@id\":\"https:\\\/\\\/radioljubuski.ba\\\/index.php\\\/2021\\\/06\\\/27\\\/edward-joseph-bosnjaci-mogu-utjecati-na-izbor-hrvatskog-clana-predsjednistva-bih-to-nije-u-duhu-daytonskog-sporazuma\\\/#primaryimage\"},\"image\":{\"@id\":\"https:\\\/\\\/radioljubuski.ba\\\/index.php\\\/2021\\\/06\\\/27\\\/edward-joseph-bosnjaci-mogu-utjecati-na-izbor-hrvatskog-clana-predsjednistva-bih-to-nije-u-duhu-daytonskog-sporazuma\\\/#primaryimage\"},\"thumbnailUrl\":\"https:\\\/\\\/radioljubuski.ba\\\/wp-content\\\/uploads\\\/2021\\\/06\\\/edward-joseph.jpeg\",\"datePublished\":\"2021-06-27T15:20:22+00:00\",\"dateModified\":\"2021-06-27T15:20:24+00:00\",\"breadcrumb\":{\"@id\":\"https:\\\/\\\/radioljubuski.ba\\\/index.php\\\/2021\\\/06\\\/27\\\/edward-joseph-bosnjaci-mogu-utjecati-na-izbor-hrvatskog-clana-predsjednistva-bih-to-nije-u-duhu-daytonskog-sporazuma\\\/#breadcrumb\"},\"inLanguage\":\"hr\",\"potentialAction\":[{\"@type\":\"ReadAction\",\"target\":[\"https:\\\/\\\/radioljubuski.ba\\\/index.php\\\/2021\\\/06\\\/27\\\/edward-joseph-bosnjaci-mogu-utjecati-na-izbor-hrvatskog-clana-predsjednistva-bih-to-nije-u-duhu-daytonskog-sporazuma\\\/\"]}]},{\"@type\":\"ImageObject\",\"inLanguage\":\"hr\",\"@id\":\"https:\\\/\\\/radioljubuski.ba\\\/index.php\\\/2021\\\/06\\\/27\\\/edward-joseph-bosnjaci-mogu-utjecati-na-izbor-hrvatskog-clana-predsjednistva-bih-to-nije-u-duhu-daytonskog-sporazuma\\\/#primaryimage\",\"url\":\"https:\\\/\\\/radioljubuski.ba\\\/wp-content\\\/uploads\\\/2021\\\/06\\\/edward-joseph.jpeg\",\"contentUrl\":\"https:\\\/\\\/radioljubuski.ba\\\/wp-content\\\/uploads\\\/2021\\\/06\\\/edward-joseph.jpeg\",\"width\":900,\"height\":506},{\"@type\":\"BreadcrumbList\",\"@id\":\"https:\\\/\\\/radioljubuski.ba\\\/index.php\\\/2021\\\/06\\\/27\\\/edward-joseph-bosnjaci-mogu-utjecati-na-izbor-hrvatskog-clana-predsjednistva-bih-to-nije-u-duhu-daytonskog-sporazuma\\\/#breadcrumb\",\"itemListElement\":[{\"@type\":\"ListItem\",\"position\":1,\"name\":\"Po\u010detna stranica\",\"item\":\"https:\\\/\\\/radioljubuski.ba\\\/\"},{\"@type\":\"ListItem\",\"position\":2,\"name\":\"Edward Joseph: Bo\u0161njaci mogu utjecati na izbor hrvatskog \u010dlana Predsjedni\u0161tva BiH, to nije u duhu Daytonskog sporazuma\"}]},{\"@type\":\"WebSite\",\"@id\":\"https:\\\/\\\/radioljubuski.ba\\\/#website\",\"url\":\"https:\\\/\\\/radioljubuski.ba\\\/\",\"name\":\"Radio Ljubu\u0161ki\",\"description\":\"Sun\u010dana frekvencija Hercegovine\",\"publisher\":{\"@id\":\"https:\\\/\\\/radioljubuski.ba\\\/#organization\"},\"potentialAction\":[{\"@type\":\"SearchAction\",\"target\":{\"@type\":\"EntryPoint\",\"urlTemplate\":\"https:\\\/\\\/radioljubuski.ba\\\/?s={search_term_string}\"},\"query-input\":{\"@type\":\"PropertyValueSpecification\",\"valueRequired\":true,\"valueName\":\"search_term_string\"}}],\"inLanguage\":\"hr\"},{\"@type\":\"Organization\",\"@id\":\"https:\\\/\\\/radioljubuski.ba\\\/#organization\",\"name\":\"Radio Ljubu\u0161ki\",\"url\":\"https:\\\/\\\/radioljubuski.ba\\\/\",\"logo\":{\"@type\":\"ImageObject\",\"inLanguage\":\"hr\",\"@id\":\"https:\\\/\\\/radioljubuski.ba\\\/#\\\/schema\\\/logo\\\/image\\\/\",\"url\":\"https:\\\/\\\/radioljubuski.ba\\\/wp-content\\\/uploads\\\/2021\\\/02\\\/cropped-Radio_Ljubuski_logo1.jpg\",\"contentUrl\":\"https:\\\/\\\/radioljubuski.ba\\\/wp-content\\\/uploads\\\/2021\\\/02\\\/cropped-Radio_Ljubuski_logo1.jpg\",\"width\":512,\"height\":512,\"caption\":\"Radio Ljubu\u0161ki\"},\"image\":{\"@id\":\"https:\\\/\\\/radioljubuski.ba\\\/#\\\/schema\\\/logo\\\/image\\\/\"},\"sameAs\":[\"https:\\\/\\\/www.facebook.com\\\/Radiio-Ljubuski-1490835324566332\",\"https:\\\/\\\/x.com\\\/radioljubuski\",\"https:\\\/\\\/hr.linkedin.com\\\/company\\\/radio-ljubuski\",\"https:\\\/\\\/www.youtube.com\\\/channel\\\/UCHYaeO_n0Db3tjNGudGpXyw\"]},{\"@type\":\"Person\",\"@id\":\"https:\\\/\\\/radioljubuski.ba\\\/#\\\/schema\\\/person\\\/19fc700381a780f69665d7956c469e3b\",\"name\":\"Radio Ljubu\u0161ki\"}]}<\/script>\n<!-- \/ Yoast SEO plugin. -->","yoast_head_json":{"title":"Edward Joseph: Bo\u0161njaci mogu utjecati na izbor hrvatskog \u010dlana Predsjedni\u0161tva BiH, to nije u duhu Daytonskog sporazuma - RADIO LJUBU\u0160KI","robots":{"index":"index","follow":"follow","max-snippet":"max-snippet:-1","max-image-preview":"max-image-preview:large","max-video-preview":"max-video-preview:-1"},"canonical":"https:\/\/radioljubuski.ba\/index.php\/2021\/06\/27\/edward-joseph-bosnjaci-mogu-utjecati-na-izbor-hrvatskog-clana-predsjednistva-bih-to-nije-u-duhu-daytonskog-sporazuma\/","og_locale":"hr_HR","og_type":"article","og_title":"Edward Joseph: Bo\u0161njaci mogu utjecati na izbor hrvatskog \u010dlana Predsjedni\u0161tva BiH, to nije u duhu Daytonskog sporazuma - RADIO LJUBU\u0160KI","og_description":"Profesor na ameri\u010dkom sveu\u010dili\u0161tu Johns Hopkins s dugogodi\u0161njim radnim iskustvom na Balkanu u intervju za&nbsp;Al Jazeeru&nbsp;govorio je o novoj Bidenovoj uredbi, odnosu Zapada prema Srbiji, situaciji u BiH. Edward P. Joseph je bio zamjenik \u0161efa Misije OSSE-a na Kosovu a \u0161est godina radio je i u Bosni i Hercegovini, od toga tri u ratu, kada [&hellip;]","og_url":"https:\/\/radioljubuski.ba\/index.php\/2021\/06\/27\/edward-joseph-bosnjaci-mogu-utjecati-na-izbor-hrvatskog-clana-predsjednistva-bih-to-nije-u-duhu-daytonskog-sporazuma\/","og_site_name":"RADIO LJUBU\u0160KI","article_publisher":"https:\/\/www.facebook.com\/Radiio-Ljubuski-1490835324566332","article_published_time":"2021-06-27T15:20:22+00:00","article_modified_time":"2021-06-27T15:20:24+00:00","og_image":[{"width":900,"height":506,"url":"https:\/\/radioljubuski.ba\/wp-content\/uploads\/2021\/06\/edward-joseph.jpeg","type":"image\/jpeg"}],"author":"Radio Ljubu\u0161ki","twitter_card":"summary_large_image","twitter_creator":"@radioljubuski","twitter_site":"@radioljubuski","twitter_misc":{"Napisao\/la":"Radio Ljubu\u0161ki","Procijenjeno vrijeme \u010ditanja":"4 minute"},"schema":{"@context":"https:\/\/schema.org","@graph":[{"@type":"Article","@id":"https:\/\/radioljubuski.ba\/index.php\/2021\/06\/27\/edward-joseph-bosnjaci-mogu-utjecati-na-izbor-hrvatskog-clana-predsjednistva-bih-to-nije-u-duhu-daytonskog-sporazuma\/#article","isPartOf":{"@id":"https:\/\/radioljubuski.ba\/index.php\/2021\/06\/27\/edward-joseph-bosnjaci-mogu-utjecati-na-izbor-hrvatskog-clana-predsjednistva-bih-to-nije-u-duhu-daytonskog-sporazuma\/"},"author":{"name":"Radio Ljubu\u0161ki","@id":"https:\/\/radioljubuski.ba\/#\/schema\/person\/19fc700381a780f69665d7956c469e3b"},"headline":"Edward Joseph: Bo\u0161njaci mogu utjecati na izbor hrvatskog \u010dlana Predsjedni\u0161tva BiH, to nije u duhu Daytonskog sporazuma","datePublished":"2021-06-27T15:20:22+00:00","dateModified":"2021-06-27T15:20:24+00:00","mainEntityOfPage":{"@id":"https:\/\/radioljubuski.ba\/index.php\/2021\/06\/27\/edward-joseph-bosnjaci-mogu-utjecati-na-izbor-hrvatskog-clana-predsjednistva-bih-to-nije-u-duhu-daytonskog-sporazuma\/"},"wordCount":785,"publisher":{"@id":"https:\/\/radioljubuski.ba\/#organization"},"image":{"@id":"https:\/\/radioljubuski.ba\/index.php\/2021\/06\/27\/edward-joseph-bosnjaci-mogu-utjecati-na-izbor-hrvatskog-clana-predsjednistva-bih-to-nije-u-duhu-daytonskog-sporazuma\/#primaryimage"},"thumbnailUrl":"https:\/\/radioljubuski.ba\/wp-content\/uploads\/2021\/06\/edward-joseph.jpeg","articleSection":["BIH i regija"],"inLanguage":"hr"},{"@type":"WebPage","@id":"https:\/\/radioljubuski.ba\/index.php\/2021\/06\/27\/edward-joseph-bosnjaci-mogu-utjecati-na-izbor-hrvatskog-clana-predsjednistva-bih-to-nije-u-duhu-daytonskog-sporazuma\/","url":"https:\/\/radioljubuski.ba\/index.php\/2021\/06\/27\/edward-joseph-bosnjaci-mogu-utjecati-na-izbor-hrvatskog-clana-predsjednistva-bih-to-nije-u-duhu-daytonskog-sporazuma\/","name":"Edward Joseph: Bo\u0161njaci mogu utjecati na izbor hrvatskog \u010dlana Predsjedni\u0161tva BiH, to nije u duhu Daytonskog sporazuma - RADIO LJUBU\u0160KI","isPartOf":{"@id":"https:\/\/radioljubuski.ba\/#website"},"primaryImageOfPage":{"@id":"https:\/\/radioljubuski.ba\/index.php\/2021\/06\/27\/edward-joseph-bosnjaci-mogu-utjecati-na-izbor-hrvatskog-clana-predsjednistva-bih-to-nije-u-duhu-daytonskog-sporazuma\/#primaryimage"},"image":{"@id":"https:\/\/radioljubuski.ba\/index.php\/2021\/06\/27\/edward-joseph-bosnjaci-mogu-utjecati-na-izbor-hrvatskog-clana-predsjednistva-bih-to-nije-u-duhu-daytonskog-sporazuma\/#primaryimage"},"thumbnailUrl":"https:\/\/radioljubuski.ba\/wp-content\/uploads\/2021\/06\/edward-joseph.jpeg","datePublished":"2021-06-27T15:20:22+00:00","dateModified":"2021-06-27T15:20:24+00:00","breadcrumb":{"@id":"https:\/\/radioljubuski.ba\/index.php\/2021\/06\/27\/edward-joseph-bosnjaci-mogu-utjecati-na-izbor-hrvatskog-clana-predsjednistva-bih-to-nije-u-duhu-daytonskog-sporazuma\/#breadcrumb"},"inLanguage":"hr","potentialAction":[{"@type":"ReadAction","target":["https:\/\/radioljubuski.ba\/index.php\/2021\/06\/27\/edward-joseph-bosnjaci-mogu-utjecati-na-izbor-hrvatskog-clana-predsjednistva-bih-to-nije-u-duhu-daytonskog-sporazuma\/"]}]},{"@type":"ImageObject","inLanguage":"hr","@id":"https:\/\/radioljubuski.ba\/index.php\/2021\/06\/27\/edward-joseph-bosnjaci-mogu-utjecati-na-izbor-hrvatskog-clana-predsjednistva-bih-to-nije-u-duhu-daytonskog-sporazuma\/#primaryimage","url":"https:\/\/radioljubuski.ba\/wp-content\/uploads\/2021\/06\/edward-joseph.jpeg","contentUrl":"https:\/\/radioljubuski.ba\/wp-content\/uploads\/2021\/06\/edward-joseph.jpeg","width":900,"height":506},{"@type":"BreadcrumbList","@id":"https:\/\/radioljubuski.ba\/index.php\/2021\/06\/27\/edward-joseph-bosnjaci-mogu-utjecati-na-izbor-hrvatskog-clana-predsjednistva-bih-to-nije-u-duhu-daytonskog-sporazuma\/#breadcrumb","itemListElement":[{"@type":"ListItem","position":1,"name":"Po\u010detna stranica","item":"https:\/\/radioljubuski.ba\/"},{"@type":"ListItem","position":2,"name":"Edward Joseph: Bo\u0161njaci mogu utjecati na izbor hrvatskog \u010dlana Predsjedni\u0161tva BiH, to nije u duhu Daytonskog sporazuma"}]},{"@type":"WebSite","@id":"https:\/\/radioljubuski.ba\/#website","url":"https:\/\/radioljubuski.ba\/","name":"Radio Ljubu\u0161ki","description":"Sun\u010dana frekvencija Hercegovine","publisher":{"@id":"https:\/\/radioljubuski.ba\/#organization"},"potentialAction":[{"@type":"SearchAction","target":{"@type":"EntryPoint","urlTemplate":"https:\/\/radioljubuski.ba\/?s={search_term_string}"},"query-input":{"@type":"PropertyValueSpecification","valueRequired":true,"valueName":"search_term_string"}}],"inLanguage":"hr"},{"@type":"Organization","@id":"https:\/\/radioljubuski.ba\/#organization","name":"Radio Ljubu\u0161ki","url":"https:\/\/radioljubuski.ba\/","logo":{"@type":"ImageObject","inLanguage":"hr","@id":"https:\/\/radioljubuski.ba\/#\/schema\/logo\/image\/","url":"https:\/\/radioljubuski.ba\/wp-content\/uploads\/2021\/02\/cropped-Radio_Ljubuski_logo1.jpg","contentUrl":"https:\/\/radioljubuski.ba\/wp-content\/uploads\/2021\/02\/cropped-Radio_Ljubuski_logo1.jpg","width":512,"height":512,"caption":"Radio Ljubu\u0161ki"},"image":{"@id":"https:\/\/radioljubuski.ba\/#\/schema\/logo\/image\/"},"sameAs":["https:\/\/www.facebook.com\/Radiio-Ljubuski-1490835324566332","https:\/\/x.com\/radioljubuski","https:\/\/hr.linkedin.com\/company\/radio-ljubuski","https:\/\/www.youtube.com\/channel\/UCHYaeO_n0Db3tjNGudGpXyw"]},{"@type":"Person","@id":"https:\/\/radioljubuski.ba\/#\/schema\/person\/19fc700381a780f69665d7956c469e3b","name":"Radio Ljubu\u0161ki"}]}},"_links":{"self":[{"href":"https:\/\/radioljubuski.ba\/index.php\/wp-json\/wp\/v2\/posts\/36453","targetHints":{"allow":["GET"]}}],"collection":[{"href":"https:\/\/radioljubuski.ba\/index.php\/wp-json\/wp\/v2\/posts"}],"about":[{"href":"https:\/\/radioljubuski.ba\/index.php\/wp-json\/wp\/v2\/types\/post"}],"author":[{"embeddable":true,"href":"https:\/\/radioljubuski.ba\/index.php\/wp-json\/wp\/v2\/users\/2"}],"replies":[{"embeddable":true,"href":"https:\/\/radioljubuski.ba\/index.php\/wp-json\/wp\/v2\/comments?post=36453"}],"version-history":[{"count":1,"href":"https:\/\/radioljubuski.ba\/index.php\/wp-json\/wp\/v2\/posts\/36453\/revisions"}],"predecessor-version":[{"id":36455,"href":"https:\/\/radioljubuski.ba\/index.php\/wp-json\/wp\/v2\/posts\/36453\/revisions\/36455"}],"wp:featuredmedia":[{"embeddable":true,"href":"https:\/\/radioljubuski.ba\/index.php\/wp-json\/wp\/v2\/media\/36454"}],"wp:attachment":[{"href":"https:\/\/radioljubuski.ba\/index.php\/wp-json\/wp\/v2\/media?parent=36453"}],"wp:term":[{"taxonomy":"category","embeddable":true,"href":"https:\/\/radioljubuski.ba\/index.php\/wp-json\/wp\/v2\/categories?post=36453"},{"taxonomy":"post_tag","embeddable":true,"href":"https:\/\/radioljubuski.ba\/index.php\/wp-json\/wp\/v2\/tags?post=36453"}],"curies":[{"name":"wp","href":"https:\/\/api.w.org\/{rel}","templated":true}]}}