{"id":36456,"date":"2021-06-27T16:22:07","date_gmt":"2021-06-27T15:22:07","guid":{"rendered":"https:\/\/radioljubuski.ba\/?p=36456"},"modified":"2021-06-27T16:22:08","modified_gmt":"2021-06-27T15:22:08","slug":"najava-predstavljanje-duhovne-knjige-slutnje-i-nemiri-autorice-matije-macan","status":"publish","type":"post","link":"https:\/\/radioljubuski.ba\/index.php\/2021\/06\/27\/najava-predstavljanje-duhovne-knjige-slutnje-i-nemiri-autorice-matije-macan\/","title":{"rendered":"Najava: Predstavljanje duhovne knjige \u201eSlutnje i nemiri\u201c autorice Matije Macan"},"content":{"rendered":"\n<p><strong>U srijedu, 30. lipnja 2021. godine u 20 sati, u sve\u010danoj dvorani Hotela Brotnjo u \u010citluku odr\u017eat \u0107e se predstavljanje duhovne knjige autorice Matije Macan.<\/strong><\/p>\n\n\n\n<p>Knjiga je recenzijom fra Miljenka Mi\u0107e Stoji\u0107a nazvana \u201cU lice krik\u201d \u010diji mali isje\u010dak glasi:<\/p>\n\n\n\n<p><em>A kakva nam se ona \u010dini dok listamo stranice ovih zapisa nastalih u vremenu ne\u010dega \u0161to je nazvano koronavirus, Covid -19 i nekim drugim imenima?<\/em><\/p>\n\n\n\n<p><em>\u2026 Stjerali su nas u \u201esakristije\u201c i kao sa smo navikli tamo biti, kao da smo se navikli da nam je tamo dobro. Nije! Trebamo govoriti s krovova, trebamo vikati u lice svijetu oko nas, mi posjedujemo istinu \u0161to ju nam je Bog dao, pi\u0161e \u010citluk.ba.<\/em><\/p>\n\n\n\n<p><em>Ona je neizmjerno ja\u010da od svih nazovi istina koje nam nastoji u glavu utuviti ova dana\u0161nja prevladavaju\u0107a uljudba. Ne, ne zavr\u0161ava sve na ovoj zemlji, \u010deka nas i nebo.<\/em><\/p>\n\n\n\n<p><em>Ali, lijepo je putovati ovom zemljom do tog neba, kad u svojoj ruci imamo Bo\u017eju ili On na\u0161u u svojoj, svejedno je.<\/em>&nbsp;\u2026<\/p>\n\n\n\n<p>Knjigu \u0107e predstaviti: fra Miljenko Mi\u0107a Stoji\u0107, prof. Ana Zubac, prof. Andrija Stoji\u0107 i prof. Matija Macan.<\/p>\n\n\n\n<p>Glazbeni prinos \u0107e dati: Gabrijela \u0160akota, Nikolina Pavlovi\u0107, Ljubica Menalo, Ana Mileti\u0107 i Ana Marija Su\u0161ac.<\/p>\n\n\n\n<p>Predstavljanje knjige \u201eSlutnje i nemiri\u201c humanitarnog je karaktera. Prihod knjige ide u ruke potrebitim obiteljima u \u017dupi Krista Kralja u \u010citluku i branitelju iz Ljubu\u0161kog koji \u017eivi u te\u0161kim uvjetima \u2013 navedeno je u priop\u0107enju Ogranka Matice hrvatske \u010citluk.<\/p>\n\n\n\n<p>\/HMS\/<\/p>\n","protected":false},"excerpt":{"rendered":"<p>U srijedu, 30. lipnja 2021. godine u 20 sati, u sve\u010danoj dvorani Hotela Brotnjo u \u010citluku odr\u017eat \u0107e se predstavljanje duhovne knjige autorice Matije Macan. Knjiga je recenzijom fra Miljenka Mi\u0107e Stoji\u0107a nazvana \u201cU lice krik\u201d \u010diji mali isje\u010dak glasi: A kakva nam se ona \u010dini dok listamo stranice ovih zapisa nastalih u vremenu ne\u010dega [&hellip;]<\/p>\n","protected":false},"author":2,"featured_media":36457,"comment_status":"closed","ping_status":"closed","sticky":false,"template":"","format":"standard","meta":{"h5ap_radio_sources":[],"footnotes":""},"categories":[1],"tags":[],"class_list":["post-36456","post","type-post","status-publish","format-standard","has-post-thumbnail","hentry","category-bihiregija"],"yoast_head":"<!-- This site is optimized with the Yoast SEO plugin v27.5 - https:\/\/yoast.com\/product\/yoast-seo-wordpress\/ -->\n<title>Najava: Predstavljanje duhovne knjige \u201eSlutnje i nemiri\u201c autorice Matije Macan - RADIO LJUBU\u0160KI<\/title>\n<meta name=\"robots\" content=\"index, follow, max-snippet:-1, max-image-preview:large, max-video-preview:-1\" \/>\n<link rel=\"canonical\" href=\"https:\/\/radioljubuski.ba\/index.php\/2021\/06\/27\/najava-predstavljanje-duhovne-knjige-slutnje-i-nemiri-autorice-matije-macan\/\" \/>\n<meta property=\"og:locale\" content=\"hr_HR\" \/>\n<meta property=\"og:type\" content=\"article\" \/>\n<meta property=\"og:title\" content=\"Najava: Predstavljanje duhovne knjige \u201eSlutnje i nemiri\u201c autorice Matije Macan - RADIO LJUBU\u0160KI\" \/>\n<meta property=\"og:description\" content=\"U srijedu, 30. lipnja 2021. godine u 20 sati, u sve\u010danoj dvorani Hotela Brotnjo u \u010citluku odr\u017eat \u0107e se predstavljanje duhovne knjige autorice Matije Macan. Knjiga je recenzijom fra Miljenka Mi\u0107e Stoji\u0107a nazvana \u201cU lice krik\u201d \u010diji mali isje\u010dak glasi: A kakva nam se ona \u010dini dok listamo stranice ovih zapisa nastalih u vremenu ne\u010dega [&hellip;]\" \/>\n<meta property=\"og:url\" content=\"https:\/\/radioljubuski.ba\/index.php\/2021\/06\/27\/najava-predstavljanje-duhovne-knjige-slutnje-i-nemiri-autorice-matije-macan\/\" \/>\n<meta property=\"og:site_name\" content=\"RADIO LJUBU\u0160KI\" \/>\n<meta property=\"article:publisher\" content=\"https:\/\/www.facebook.com\/Radiio-Ljubuski-1490835324566332\" \/>\n<meta property=\"article:published_time\" content=\"2021-06-27T15:22:07+00:00\" \/>\n<meta property=\"article:modified_time\" content=\"2021-06-27T15:22:08+00:00\" \/>\n<meta property=\"og:image\" content=\"https:\/\/radioljubuski.ba\/wp-content\/uploads\/2021\/06\/matija-macan-696x464-1.jpg\" \/>\n\t<meta property=\"og:image:width\" content=\"696\" \/>\n\t<meta property=\"og:image:height\" content=\"464\" \/>\n\t<meta property=\"og:image:type\" content=\"image\/jpeg\" \/>\n<meta name=\"author\" content=\"Radio Ljubu\u0161ki\" \/>\n<meta name=\"twitter:card\" content=\"summary_large_image\" \/>\n<meta name=\"twitter:creator\" content=\"@radioljubuski\" \/>\n<meta name=\"twitter:site\" content=\"@radioljubuski\" \/>\n<meta name=\"twitter:label1\" content=\"Napisao\/la\" \/>\n\t<meta name=\"twitter:data1\" content=\"Radio Ljubu\u0161ki\" \/>\n\t<meta name=\"twitter:label2\" content=\"Procijenjeno vrijeme \u010ditanja\" \/>\n\t<meta name=\"twitter:data2\" content=\"2 minute\" \/>\n<script type=\"application\/ld+json\" class=\"yoast-schema-graph\">{\"@context\":\"https:\\\/\\\/schema.org\",\"@graph\":[{\"@type\":\"Article\",\"@id\":\"https:\\\/\\\/radioljubuski.ba\\\/index.php\\\/2021\\\/06\\\/27\\\/najava-predstavljanje-duhovne-knjige-slutnje-i-nemiri-autorice-matije-macan\\\/#article\",\"isPartOf\":{\"@id\":\"https:\\\/\\\/radioljubuski.ba\\\/index.php\\\/2021\\\/06\\\/27\\\/najava-predstavljanje-duhovne-knjige-slutnje-i-nemiri-autorice-matije-macan\\\/\"},\"author\":{\"name\":\"Radio Ljubu\u0161ki\",\"@id\":\"https:\\\/\\\/radioljubuski.ba\\\/#\\\/schema\\\/person\\\/19fc700381a780f69665d7956c469e3b\"},\"headline\":\"Najava: Predstavljanje duhovne knjige \u201eSlutnje i nemiri\u201c autorice Matije Macan\",\"datePublished\":\"2021-06-27T15:22:07+00:00\",\"dateModified\":\"2021-06-27T15:22:08+00:00\",\"mainEntityOfPage\":{\"@id\":\"https:\\\/\\\/radioljubuski.ba\\\/index.php\\\/2021\\\/06\\\/27\\\/najava-predstavljanje-duhovne-knjige-slutnje-i-nemiri-autorice-matije-macan\\\/\"},\"wordCount\":260,\"publisher\":{\"@id\":\"https:\\\/\\\/radioljubuski.ba\\\/#organization\"},\"image\":{\"@id\":\"https:\\\/\\\/radioljubuski.ba\\\/index.php\\\/2021\\\/06\\\/27\\\/najava-predstavljanje-duhovne-knjige-slutnje-i-nemiri-autorice-matije-macan\\\/#primaryimage\"},\"thumbnailUrl\":\"https:\\\/\\\/radioljubuski.ba\\\/wp-content\\\/uploads\\\/2021\\\/06\\\/matija-macan-696x464-1.jpg\",\"articleSection\":[\"BIH i regija\"],\"inLanguage\":\"hr\"},{\"@type\":\"WebPage\",\"@id\":\"https:\\\/\\\/radioljubuski.ba\\\/index.php\\\/2021\\\/06\\\/27\\\/najava-predstavljanje-duhovne-knjige-slutnje-i-nemiri-autorice-matije-macan\\\/\",\"url\":\"https:\\\/\\\/radioljubuski.ba\\\/index.php\\\/2021\\\/06\\\/27\\\/najava-predstavljanje-duhovne-knjige-slutnje-i-nemiri-autorice-matije-macan\\\/\",\"name\":\"Najava: Predstavljanje duhovne knjige \u201eSlutnje i nemiri\u201c autorice Matije Macan - RADIO LJUBU\u0160KI\",\"isPartOf\":{\"@id\":\"https:\\\/\\\/radioljubuski.ba\\\/#website\"},\"primaryImageOfPage\":{\"@id\":\"https:\\\/\\\/radioljubuski.ba\\\/index.php\\\/2021\\\/06\\\/27\\\/najava-predstavljanje-duhovne-knjige-slutnje-i-nemiri-autorice-matije-macan\\\/#primaryimage\"},\"image\":{\"@id\":\"https:\\\/\\\/radioljubuski.ba\\\/index.php\\\/2021\\\/06\\\/27\\\/najava-predstavljanje-duhovne-knjige-slutnje-i-nemiri-autorice-matije-macan\\\/#primaryimage\"},\"thumbnailUrl\":\"https:\\\/\\\/radioljubuski.ba\\\/wp-content\\\/uploads\\\/2021\\\/06\\\/matija-macan-696x464-1.jpg\",\"datePublished\":\"2021-06-27T15:22:07+00:00\",\"dateModified\":\"2021-06-27T15:22:08+00:00\",\"breadcrumb\":{\"@id\":\"https:\\\/\\\/radioljubuski.ba\\\/index.php\\\/2021\\\/06\\\/27\\\/najava-predstavljanje-duhovne-knjige-slutnje-i-nemiri-autorice-matije-macan\\\/#breadcrumb\"},\"inLanguage\":\"hr\",\"potentialAction\":[{\"@type\":\"ReadAction\",\"target\":[\"https:\\\/\\\/radioljubuski.ba\\\/index.php\\\/2021\\\/06\\\/27\\\/najava-predstavljanje-duhovne-knjige-slutnje-i-nemiri-autorice-matije-macan\\\/\"]}]},{\"@type\":\"ImageObject\",\"inLanguage\":\"hr\",\"@id\":\"https:\\\/\\\/radioljubuski.ba\\\/index.php\\\/2021\\\/06\\\/27\\\/najava-predstavljanje-duhovne-knjige-slutnje-i-nemiri-autorice-matije-macan\\\/#primaryimage\",\"url\":\"https:\\\/\\\/radioljubuski.ba\\\/wp-content\\\/uploads\\\/2021\\\/06\\\/matija-macan-696x464-1.jpg\",\"contentUrl\":\"https:\\\/\\\/radioljubuski.ba\\\/wp-content\\\/uploads\\\/2021\\\/06\\\/matija-macan-696x464-1.jpg\",\"width\":696,\"height\":464},{\"@type\":\"BreadcrumbList\",\"@id\":\"https:\\\/\\\/radioljubuski.ba\\\/index.php\\\/2021\\\/06\\\/27\\\/najava-predstavljanje-duhovne-knjige-slutnje-i-nemiri-autorice-matije-macan\\\/#breadcrumb\",\"itemListElement\":[{\"@type\":\"ListItem\",\"position\":1,\"name\":\"Po\u010detna stranica\",\"item\":\"https:\\\/\\\/radioljubuski.ba\\\/\"},{\"@type\":\"ListItem\",\"position\":2,\"name\":\"Najava: Predstavljanje duhovne knjige \u201eSlutnje i nemiri\u201c autorice Matije Macan\"}]},{\"@type\":\"WebSite\",\"@id\":\"https:\\\/\\\/radioljubuski.ba\\\/#website\",\"url\":\"https:\\\/\\\/radioljubuski.ba\\\/\",\"name\":\"Radio Ljubu\u0161ki\",\"description\":\"Sun\u010dana frekvencija Hercegovine\",\"publisher\":{\"@id\":\"https:\\\/\\\/radioljubuski.ba\\\/#organization\"},\"potentialAction\":[{\"@type\":\"SearchAction\",\"target\":{\"@type\":\"EntryPoint\",\"urlTemplate\":\"https:\\\/\\\/radioljubuski.ba\\\/?s={search_term_string}\"},\"query-input\":{\"@type\":\"PropertyValueSpecification\",\"valueRequired\":true,\"valueName\":\"search_term_string\"}}],\"inLanguage\":\"hr\"},{\"@type\":\"Organization\",\"@id\":\"https:\\\/\\\/radioljubuski.ba\\\/#organization\",\"name\":\"Radio Ljubu\u0161ki\",\"url\":\"https:\\\/\\\/radioljubuski.ba\\\/\",\"logo\":{\"@type\":\"ImageObject\",\"inLanguage\":\"hr\",\"@id\":\"https:\\\/\\\/radioljubuski.ba\\\/#\\\/schema\\\/logo\\\/image\\\/\",\"url\":\"https:\\\/\\\/radioljubuski.ba\\\/wp-content\\\/uploads\\\/2021\\\/02\\\/cropped-Radio_Ljubuski_logo1.jpg\",\"contentUrl\":\"https:\\\/\\\/radioljubuski.ba\\\/wp-content\\\/uploads\\\/2021\\\/02\\\/cropped-Radio_Ljubuski_logo1.jpg\",\"width\":512,\"height\":512,\"caption\":\"Radio Ljubu\u0161ki\"},\"image\":{\"@id\":\"https:\\\/\\\/radioljubuski.ba\\\/#\\\/schema\\\/logo\\\/image\\\/\"},\"sameAs\":[\"https:\\\/\\\/www.facebook.com\\\/Radiio-Ljubuski-1490835324566332\",\"https:\\\/\\\/x.com\\\/radioljubuski\",\"https:\\\/\\\/hr.linkedin.com\\\/company\\\/radio-ljubuski\",\"https:\\\/\\\/www.youtube.com\\\/channel\\\/UCHYaeO_n0Db3tjNGudGpXyw\"]},{\"@type\":\"Person\",\"@id\":\"https:\\\/\\\/radioljubuski.ba\\\/#\\\/schema\\\/person\\\/19fc700381a780f69665d7956c469e3b\",\"name\":\"Radio Ljubu\u0161ki\"}]}<\/script>\n<!-- \/ Yoast SEO plugin. -->","yoast_head_json":{"title":"Najava: Predstavljanje duhovne knjige \u201eSlutnje i nemiri\u201c autorice Matije Macan - RADIO LJUBU\u0160KI","robots":{"index":"index","follow":"follow","max-snippet":"max-snippet:-1","max-image-preview":"max-image-preview:large","max-video-preview":"max-video-preview:-1"},"canonical":"https:\/\/radioljubuski.ba\/index.php\/2021\/06\/27\/najava-predstavljanje-duhovne-knjige-slutnje-i-nemiri-autorice-matije-macan\/","og_locale":"hr_HR","og_type":"article","og_title":"Najava: Predstavljanje duhovne knjige \u201eSlutnje i nemiri\u201c autorice Matije Macan - RADIO LJUBU\u0160KI","og_description":"U srijedu, 30. lipnja 2021. godine u 20 sati, u sve\u010danoj dvorani Hotela Brotnjo u \u010citluku odr\u017eat \u0107e se predstavljanje duhovne knjige autorice Matije Macan. Knjiga je recenzijom fra Miljenka Mi\u0107e Stoji\u0107a nazvana \u201cU lice krik\u201d \u010diji mali isje\u010dak glasi: A kakva nam se ona \u010dini dok listamo stranice ovih zapisa nastalih u vremenu ne\u010dega [&hellip;]","og_url":"https:\/\/radioljubuski.ba\/index.php\/2021\/06\/27\/najava-predstavljanje-duhovne-knjige-slutnje-i-nemiri-autorice-matije-macan\/","og_site_name":"RADIO LJUBU\u0160KI","article_publisher":"https:\/\/www.facebook.com\/Radiio-Ljubuski-1490835324566332","article_published_time":"2021-06-27T15:22:07+00:00","article_modified_time":"2021-06-27T15:22:08+00:00","og_image":[{"width":696,"height":464,"url":"https:\/\/radioljubuski.ba\/wp-content\/uploads\/2021\/06\/matija-macan-696x464-1.jpg","type":"image\/jpeg"}],"author":"Radio Ljubu\u0161ki","twitter_card":"summary_large_image","twitter_creator":"@radioljubuski","twitter_site":"@radioljubuski","twitter_misc":{"Napisao\/la":"Radio Ljubu\u0161ki","Procijenjeno vrijeme \u010ditanja":"2 minute"},"schema":{"@context":"https:\/\/schema.org","@graph":[{"@type":"Article","@id":"https:\/\/radioljubuski.ba\/index.php\/2021\/06\/27\/najava-predstavljanje-duhovne-knjige-slutnje-i-nemiri-autorice-matije-macan\/#article","isPartOf":{"@id":"https:\/\/radioljubuski.ba\/index.php\/2021\/06\/27\/najava-predstavljanje-duhovne-knjige-slutnje-i-nemiri-autorice-matije-macan\/"},"author":{"name":"Radio Ljubu\u0161ki","@id":"https:\/\/radioljubuski.ba\/#\/schema\/person\/19fc700381a780f69665d7956c469e3b"},"headline":"Najava: Predstavljanje duhovne knjige \u201eSlutnje i nemiri\u201c autorice Matije Macan","datePublished":"2021-06-27T15:22:07+00:00","dateModified":"2021-06-27T15:22:08+00:00","mainEntityOfPage":{"@id":"https:\/\/radioljubuski.ba\/index.php\/2021\/06\/27\/najava-predstavljanje-duhovne-knjige-slutnje-i-nemiri-autorice-matije-macan\/"},"wordCount":260,"publisher":{"@id":"https:\/\/radioljubuski.ba\/#organization"},"image":{"@id":"https:\/\/radioljubuski.ba\/index.php\/2021\/06\/27\/najava-predstavljanje-duhovne-knjige-slutnje-i-nemiri-autorice-matije-macan\/#primaryimage"},"thumbnailUrl":"https:\/\/radioljubuski.ba\/wp-content\/uploads\/2021\/06\/matija-macan-696x464-1.jpg","articleSection":["BIH i regija"],"inLanguage":"hr"},{"@type":"WebPage","@id":"https:\/\/radioljubuski.ba\/index.php\/2021\/06\/27\/najava-predstavljanje-duhovne-knjige-slutnje-i-nemiri-autorice-matije-macan\/","url":"https:\/\/radioljubuski.ba\/index.php\/2021\/06\/27\/najava-predstavljanje-duhovne-knjige-slutnje-i-nemiri-autorice-matije-macan\/","name":"Najava: Predstavljanje duhovne knjige \u201eSlutnje i nemiri\u201c autorice Matije Macan - RADIO LJUBU\u0160KI","isPartOf":{"@id":"https:\/\/radioljubuski.ba\/#website"},"primaryImageOfPage":{"@id":"https:\/\/radioljubuski.ba\/index.php\/2021\/06\/27\/najava-predstavljanje-duhovne-knjige-slutnje-i-nemiri-autorice-matije-macan\/#primaryimage"},"image":{"@id":"https:\/\/radioljubuski.ba\/index.php\/2021\/06\/27\/najava-predstavljanje-duhovne-knjige-slutnje-i-nemiri-autorice-matije-macan\/#primaryimage"},"thumbnailUrl":"https:\/\/radioljubuski.ba\/wp-content\/uploads\/2021\/06\/matija-macan-696x464-1.jpg","datePublished":"2021-06-27T15:22:07+00:00","dateModified":"2021-06-27T15:22:08+00:00","breadcrumb":{"@id":"https:\/\/radioljubuski.ba\/index.php\/2021\/06\/27\/najava-predstavljanje-duhovne-knjige-slutnje-i-nemiri-autorice-matije-macan\/#breadcrumb"},"inLanguage":"hr","potentialAction":[{"@type":"ReadAction","target":["https:\/\/radioljubuski.ba\/index.php\/2021\/06\/27\/najava-predstavljanje-duhovne-knjige-slutnje-i-nemiri-autorice-matije-macan\/"]}]},{"@type":"ImageObject","inLanguage":"hr","@id":"https:\/\/radioljubuski.ba\/index.php\/2021\/06\/27\/najava-predstavljanje-duhovne-knjige-slutnje-i-nemiri-autorice-matije-macan\/#primaryimage","url":"https:\/\/radioljubuski.ba\/wp-content\/uploads\/2021\/06\/matija-macan-696x464-1.jpg","contentUrl":"https:\/\/radioljubuski.ba\/wp-content\/uploads\/2021\/06\/matija-macan-696x464-1.jpg","width":696,"height":464},{"@type":"BreadcrumbList","@id":"https:\/\/radioljubuski.ba\/index.php\/2021\/06\/27\/najava-predstavljanje-duhovne-knjige-slutnje-i-nemiri-autorice-matije-macan\/#breadcrumb","itemListElement":[{"@type":"ListItem","position":1,"name":"Po\u010detna stranica","item":"https:\/\/radioljubuski.ba\/"},{"@type":"ListItem","position":2,"name":"Najava: Predstavljanje duhovne knjige \u201eSlutnje i nemiri\u201c autorice Matije Macan"}]},{"@type":"WebSite","@id":"https:\/\/radioljubuski.ba\/#website","url":"https:\/\/radioljubuski.ba\/","name":"Radio Ljubu\u0161ki","description":"Sun\u010dana frekvencija Hercegovine","publisher":{"@id":"https:\/\/radioljubuski.ba\/#organization"},"potentialAction":[{"@type":"SearchAction","target":{"@type":"EntryPoint","urlTemplate":"https:\/\/radioljubuski.ba\/?s={search_term_string}"},"query-input":{"@type":"PropertyValueSpecification","valueRequired":true,"valueName":"search_term_string"}}],"inLanguage":"hr"},{"@type":"Organization","@id":"https:\/\/radioljubuski.ba\/#organization","name":"Radio Ljubu\u0161ki","url":"https:\/\/radioljubuski.ba\/","logo":{"@type":"ImageObject","inLanguage":"hr","@id":"https:\/\/radioljubuski.ba\/#\/schema\/logo\/image\/","url":"https:\/\/radioljubuski.ba\/wp-content\/uploads\/2021\/02\/cropped-Radio_Ljubuski_logo1.jpg","contentUrl":"https:\/\/radioljubuski.ba\/wp-content\/uploads\/2021\/02\/cropped-Radio_Ljubuski_logo1.jpg","width":512,"height":512,"caption":"Radio Ljubu\u0161ki"},"image":{"@id":"https:\/\/radioljubuski.ba\/#\/schema\/logo\/image\/"},"sameAs":["https:\/\/www.facebook.com\/Radiio-Ljubuski-1490835324566332","https:\/\/x.com\/radioljubuski","https:\/\/hr.linkedin.com\/company\/radio-ljubuski","https:\/\/www.youtube.com\/channel\/UCHYaeO_n0Db3tjNGudGpXyw"]},{"@type":"Person","@id":"https:\/\/radioljubuski.ba\/#\/schema\/person\/19fc700381a780f69665d7956c469e3b","name":"Radio Ljubu\u0161ki"}]}},"_links":{"self":[{"href":"https:\/\/radioljubuski.ba\/index.php\/wp-json\/wp\/v2\/posts\/36456","targetHints":{"allow":["GET"]}}],"collection":[{"href":"https:\/\/radioljubuski.ba\/index.php\/wp-json\/wp\/v2\/posts"}],"about":[{"href":"https:\/\/radioljubuski.ba\/index.php\/wp-json\/wp\/v2\/types\/post"}],"author":[{"embeddable":true,"href":"https:\/\/radioljubuski.ba\/index.php\/wp-json\/wp\/v2\/users\/2"}],"replies":[{"embeddable":true,"href":"https:\/\/radioljubuski.ba\/index.php\/wp-json\/wp\/v2\/comments?post=36456"}],"version-history":[{"count":1,"href":"https:\/\/radioljubuski.ba\/index.php\/wp-json\/wp\/v2\/posts\/36456\/revisions"}],"predecessor-version":[{"id":36458,"href":"https:\/\/radioljubuski.ba\/index.php\/wp-json\/wp\/v2\/posts\/36456\/revisions\/36458"}],"wp:featuredmedia":[{"embeddable":true,"href":"https:\/\/radioljubuski.ba\/index.php\/wp-json\/wp\/v2\/media\/36457"}],"wp:attachment":[{"href":"https:\/\/radioljubuski.ba\/index.php\/wp-json\/wp\/v2\/media?parent=36456"}],"wp:term":[{"taxonomy":"category","embeddable":true,"href":"https:\/\/radioljubuski.ba\/index.php\/wp-json\/wp\/v2\/categories?post=36456"},{"taxonomy":"post_tag","embeddable":true,"href":"https:\/\/radioljubuski.ba\/index.php\/wp-json\/wp\/v2\/tags?post=36456"}],"curies":[{"name":"wp","href":"https:\/\/api.w.org\/{rel}","templated":true}]}}