{"id":36459,"date":"2021-06-27T16:23:33","date_gmt":"2021-06-27T15:23:33","guid":{"rendered":"https:\/\/radioljubuski.ba\/?p=36459"},"modified":"2021-06-27T16:23:34","modified_gmt":"2021-06-27T15:23:34","slug":"erdogan-otvorio-gradiliste-buduceg-istanbulskog-kanala","status":"publish","type":"post","link":"https:\/\/radioljubuski.ba\/index.php\/2021\/06\/27\/erdogan-otvorio-gradiliste-buduceg-istanbulskog-kanala\/","title":{"rendered":"Erdogan otvorio gradili\u0161te budu\u0107eg \u201cIstanbulskog kanala\u201d"},"content":{"rendered":"\n<p><strong>Turski predsjednik Recep Tayyip Erdogan otvorio je u subotu gradili\u0161te prvog mosta projekta \u201cIstanbulski kanal\u201d, gigantskog kanala paralelnog s Bosporskim tjesnacem u Istanbulu, dok tu inicijativu kritiziraju oporba i zagovornici za\u0161tite okoli\u0161a.<\/strong><\/p>\n\n\n\n<p>\u201cDanas otvaramo novu stranicu u povijesti razvoja Turske\u201d, rekao je \u0161ef dr\u017eave na sve\u010danosti polaganja kamena temeljca mosta koji je dio projekta.<\/p>\n\n\n\n<p>Kanal dug 45 kilometara, \u010diji projekt je osobno podr\u017eao turski predsjednik, trebao bi predstavljati umjetni tjesnac zapadno od Istanbula spajanjem od sjevera prema jugu Crnog i Mramornog mora.<\/p>\n\n\n\n<p>Kriti\u010dari optu\u017euju Erdogana, na vlasti od 2003., da \u0107e taj projekt odvesti Tursku u ekolo\u0161ku katastrofu i veliko nepotrebno zadu\u017eenje.<\/p>\n\n\n\n<p>Erdogan je gotovo cijeli govor posvetio obrani projekta i nabrojao je opasnosti sve gu\u0161\u0107eg brodskog prometa u Bosporu te izjavio da ovaj projekt jam\u010di sigurnost gra\u0111anima u Istanbulu i omogu\u0107uje Turskoj da zauzme va\u017enije mjesto u me\u0111unarodnoj trgovini. prometom brodova.<\/p>\n\n\n\n<p>Projekt je izazvao kritike u inozemstvu, posebice u Rusiji koja se boji olak\u0161anog pristupa Crnom moru brodovima ruskih protivnika iz NATO-a.<\/p>\n\n\n\n<p>Prema odredbama konvencije iz Montreuxa, koja regulira plovidbu Bosporskim tjesnacem, jedinim prirodnim pristupom Crnom moru zemlje koje na izlaze na to more moraju ranije najaviti prolazak svojih brodova koji se tamo mogu zadr\u017eati samo ograni\u010deno vrijeme.<\/p>\n\n\n\n<p>\u201cTaj projekt ne kr\u0161i ni u kojem slu\u010daju konvenciju iz Montreuxa\u201d, rekao je biv\u0161i premijer Binali Yildirim koji je na sve\u010danosti govorio nakon predsjednika.<\/p>\n\n\n\n<p>\/HMS\/<\/p>\n","protected":false},"excerpt":{"rendered":"<p>Turski predsjednik Recep Tayyip Erdogan otvorio je u subotu gradili\u0161te prvog mosta projekta \u201cIstanbulski kanal\u201d, gigantskog kanala paralelnog s Bosporskim tjesnacem u Istanbulu, dok tu inicijativu kritiziraju oporba i zagovornici za\u0161tite okoli\u0161a. \u201cDanas otvaramo novu stranicu u povijesti razvoja Turske\u201d, rekao je \u0161ef dr\u017eave na sve\u010danosti polaganja kamena temeljca mosta koji je dio projekta. Kanal [&hellip;]<\/p>\n","protected":false},"author":2,"featured_media":36460,"comment_status":"closed","ping_status":"closed","sticky":false,"template":"","format":"standard","meta":{"h5ap_radio_sources":[],"footnotes":""},"categories":[1],"tags":[],"class_list":["post-36459","post","type-post","status-publish","format-standard","has-post-thumbnail","hentry","category-bihiregija"],"yoast_head":"<!-- This site is optimized with the Yoast SEO plugin v27.5 - https:\/\/yoast.com\/product\/yoast-seo-wordpress\/ -->\n<title>Erdogan otvorio gradili\u0161te budu\u0107eg \u201cIstanbulskog kanala\u201d - RADIO LJUBU\u0160KI<\/title>\n<meta name=\"robots\" content=\"index, follow, max-snippet:-1, max-image-preview:large, max-video-preview:-1\" \/>\n<link rel=\"canonical\" href=\"https:\/\/radioljubuski.ba\/index.php\/2021\/06\/27\/erdogan-otvorio-gradiliste-buduceg-istanbulskog-kanala\/\" \/>\n<meta property=\"og:locale\" content=\"hr_HR\" \/>\n<meta property=\"og:type\" content=\"article\" \/>\n<meta property=\"og:title\" content=\"Erdogan otvorio gradili\u0161te budu\u0107eg \u201cIstanbulskog kanala\u201d - RADIO LJUBU\u0160KI\" \/>\n<meta property=\"og:description\" content=\"Turski predsjednik Recep Tayyip Erdogan otvorio je u subotu gradili\u0161te prvog mosta projekta \u201cIstanbulski kanal\u201d, gigantskog kanala paralelnog s Bosporskim tjesnacem u Istanbulu, dok tu inicijativu kritiziraju oporba i zagovornici za\u0161tite okoli\u0161a. \u201cDanas otvaramo novu stranicu u povijesti razvoja Turske\u201d, rekao je \u0161ef dr\u017eave na sve\u010danosti polaganja kamena temeljca mosta koji je dio projekta. Kanal [&hellip;]\" \/>\n<meta property=\"og:url\" content=\"https:\/\/radioljubuski.ba\/index.php\/2021\/06\/27\/erdogan-otvorio-gradiliste-buduceg-istanbulskog-kanala\/\" \/>\n<meta property=\"og:site_name\" content=\"RADIO LJUBU\u0160KI\" \/>\n<meta property=\"article:publisher\" content=\"https:\/\/www.facebook.com\/Radiio-Ljubuski-1490835324566332\" \/>\n<meta property=\"article:published_time\" content=\"2021-06-27T15:23:33+00:00\" \/>\n<meta property=\"article:modified_time\" content=\"2021-06-27T15:23:34+00:00\" \/>\n<meta property=\"og:image\" content=\"https:\/\/radioljubuski.ba\/wp-content\/uploads\/2021\/06\/erdonag-kanal-1-1068x686-1.jpg\" \/>\n\t<meta property=\"og:image:width\" content=\"1068\" \/>\n\t<meta property=\"og:image:height\" content=\"686\" \/>\n\t<meta property=\"og:image:type\" content=\"image\/jpeg\" \/>\n<meta name=\"author\" content=\"Radio Ljubu\u0161ki\" \/>\n<meta name=\"twitter:card\" content=\"summary_large_image\" \/>\n<meta name=\"twitter:creator\" content=\"@radioljubuski\" \/>\n<meta name=\"twitter:site\" content=\"@radioljubuski\" \/>\n<meta name=\"twitter:label1\" content=\"Napisao\/la\" \/>\n\t<meta name=\"twitter:data1\" content=\"Radio Ljubu\u0161ki\" \/>\n\t<meta name=\"twitter:label2\" content=\"Procijenjeno vrijeme \u010ditanja\" \/>\n\t<meta name=\"twitter:data2\" content=\"1 minuta\" \/>\n<script type=\"application\/ld+json\" class=\"yoast-schema-graph\">{\"@context\":\"https:\\\/\\\/schema.org\",\"@graph\":[{\"@type\":\"Article\",\"@id\":\"https:\\\/\\\/radioljubuski.ba\\\/index.php\\\/2021\\\/06\\\/27\\\/erdogan-otvorio-gradiliste-buduceg-istanbulskog-kanala\\\/#article\",\"isPartOf\":{\"@id\":\"https:\\\/\\\/radioljubuski.ba\\\/index.php\\\/2021\\\/06\\\/27\\\/erdogan-otvorio-gradiliste-buduceg-istanbulskog-kanala\\\/\"},\"author\":{\"name\":\"Radio Ljubu\u0161ki\",\"@id\":\"https:\\\/\\\/radioljubuski.ba\\\/#\\\/schema\\\/person\\\/19fc700381a780f69665d7956c469e3b\"},\"headline\":\"Erdogan otvorio gradili\u0161te budu\u0107eg \u201cIstanbulskog kanala\u201d\",\"datePublished\":\"2021-06-27T15:23:33+00:00\",\"dateModified\":\"2021-06-27T15:23:34+00:00\",\"mainEntityOfPage\":{\"@id\":\"https:\\\/\\\/radioljubuski.ba\\\/index.php\\\/2021\\\/06\\\/27\\\/erdogan-otvorio-gradiliste-buduceg-istanbulskog-kanala\\\/\"},\"wordCount\":253,\"publisher\":{\"@id\":\"https:\\\/\\\/radioljubuski.ba\\\/#organization\"},\"image\":{\"@id\":\"https:\\\/\\\/radioljubuski.ba\\\/index.php\\\/2021\\\/06\\\/27\\\/erdogan-otvorio-gradiliste-buduceg-istanbulskog-kanala\\\/#primaryimage\"},\"thumbnailUrl\":\"https:\\\/\\\/radioljubuski.ba\\\/wp-content\\\/uploads\\\/2021\\\/06\\\/erdonag-kanal-1-1068x686-1.jpg\",\"articleSection\":[\"BIH i regija\"],\"inLanguage\":\"hr\"},{\"@type\":\"WebPage\",\"@id\":\"https:\\\/\\\/radioljubuski.ba\\\/index.php\\\/2021\\\/06\\\/27\\\/erdogan-otvorio-gradiliste-buduceg-istanbulskog-kanala\\\/\",\"url\":\"https:\\\/\\\/radioljubuski.ba\\\/index.php\\\/2021\\\/06\\\/27\\\/erdogan-otvorio-gradiliste-buduceg-istanbulskog-kanala\\\/\",\"name\":\"Erdogan otvorio gradili\u0161te budu\u0107eg \u201cIstanbulskog kanala\u201d - RADIO LJUBU\u0160KI\",\"isPartOf\":{\"@id\":\"https:\\\/\\\/radioljubuski.ba\\\/#website\"},\"primaryImageOfPage\":{\"@id\":\"https:\\\/\\\/radioljubuski.ba\\\/index.php\\\/2021\\\/06\\\/27\\\/erdogan-otvorio-gradiliste-buduceg-istanbulskog-kanala\\\/#primaryimage\"},\"image\":{\"@id\":\"https:\\\/\\\/radioljubuski.ba\\\/index.php\\\/2021\\\/06\\\/27\\\/erdogan-otvorio-gradiliste-buduceg-istanbulskog-kanala\\\/#primaryimage\"},\"thumbnailUrl\":\"https:\\\/\\\/radioljubuski.ba\\\/wp-content\\\/uploads\\\/2021\\\/06\\\/erdonag-kanal-1-1068x686-1.jpg\",\"datePublished\":\"2021-06-27T15:23:33+00:00\",\"dateModified\":\"2021-06-27T15:23:34+00:00\",\"breadcrumb\":{\"@id\":\"https:\\\/\\\/radioljubuski.ba\\\/index.php\\\/2021\\\/06\\\/27\\\/erdogan-otvorio-gradiliste-buduceg-istanbulskog-kanala\\\/#breadcrumb\"},\"inLanguage\":\"hr\",\"potentialAction\":[{\"@type\":\"ReadAction\",\"target\":[\"https:\\\/\\\/radioljubuski.ba\\\/index.php\\\/2021\\\/06\\\/27\\\/erdogan-otvorio-gradiliste-buduceg-istanbulskog-kanala\\\/\"]}]},{\"@type\":\"ImageObject\",\"inLanguage\":\"hr\",\"@id\":\"https:\\\/\\\/radioljubuski.ba\\\/index.php\\\/2021\\\/06\\\/27\\\/erdogan-otvorio-gradiliste-buduceg-istanbulskog-kanala\\\/#primaryimage\",\"url\":\"https:\\\/\\\/radioljubuski.ba\\\/wp-content\\\/uploads\\\/2021\\\/06\\\/erdonag-kanal-1-1068x686-1.jpg\",\"contentUrl\":\"https:\\\/\\\/radioljubuski.ba\\\/wp-content\\\/uploads\\\/2021\\\/06\\\/erdonag-kanal-1-1068x686-1.jpg\",\"width\":1068,\"height\":686},{\"@type\":\"BreadcrumbList\",\"@id\":\"https:\\\/\\\/radioljubuski.ba\\\/index.php\\\/2021\\\/06\\\/27\\\/erdogan-otvorio-gradiliste-buduceg-istanbulskog-kanala\\\/#breadcrumb\",\"itemListElement\":[{\"@type\":\"ListItem\",\"position\":1,\"name\":\"Po\u010detna stranica\",\"item\":\"https:\\\/\\\/radioljubuski.ba\\\/\"},{\"@type\":\"ListItem\",\"position\":2,\"name\":\"Erdogan otvorio gradili\u0161te budu\u0107eg \u201cIstanbulskog kanala\u201d\"}]},{\"@type\":\"WebSite\",\"@id\":\"https:\\\/\\\/radioljubuski.ba\\\/#website\",\"url\":\"https:\\\/\\\/radioljubuski.ba\\\/\",\"name\":\"Radio Ljubu\u0161ki\",\"description\":\"Sun\u010dana frekvencija Hercegovine\",\"publisher\":{\"@id\":\"https:\\\/\\\/radioljubuski.ba\\\/#organization\"},\"potentialAction\":[{\"@type\":\"SearchAction\",\"target\":{\"@type\":\"EntryPoint\",\"urlTemplate\":\"https:\\\/\\\/radioljubuski.ba\\\/?s={search_term_string}\"},\"query-input\":{\"@type\":\"PropertyValueSpecification\",\"valueRequired\":true,\"valueName\":\"search_term_string\"}}],\"inLanguage\":\"hr\"},{\"@type\":\"Organization\",\"@id\":\"https:\\\/\\\/radioljubuski.ba\\\/#organization\",\"name\":\"Radio Ljubu\u0161ki\",\"url\":\"https:\\\/\\\/radioljubuski.ba\\\/\",\"logo\":{\"@type\":\"ImageObject\",\"inLanguage\":\"hr\",\"@id\":\"https:\\\/\\\/radioljubuski.ba\\\/#\\\/schema\\\/logo\\\/image\\\/\",\"url\":\"https:\\\/\\\/radioljubuski.ba\\\/wp-content\\\/uploads\\\/2021\\\/02\\\/cropped-Radio_Ljubuski_logo1.jpg\",\"contentUrl\":\"https:\\\/\\\/radioljubuski.ba\\\/wp-content\\\/uploads\\\/2021\\\/02\\\/cropped-Radio_Ljubuski_logo1.jpg\",\"width\":512,\"height\":512,\"caption\":\"Radio Ljubu\u0161ki\"},\"image\":{\"@id\":\"https:\\\/\\\/radioljubuski.ba\\\/#\\\/schema\\\/logo\\\/image\\\/\"},\"sameAs\":[\"https:\\\/\\\/www.facebook.com\\\/Radiio-Ljubuski-1490835324566332\",\"https:\\\/\\\/x.com\\\/radioljubuski\",\"https:\\\/\\\/hr.linkedin.com\\\/company\\\/radio-ljubuski\",\"https:\\\/\\\/www.youtube.com\\\/channel\\\/UCHYaeO_n0Db3tjNGudGpXyw\"]},{\"@type\":\"Person\",\"@id\":\"https:\\\/\\\/radioljubuski.ba\\\/#\\\/schema\\\/person\\\/19fc700381a780f69665d7956c469e3b\",\"name\":\"Radio Ljubu\u0161ki\"}]}<\/script>\n<!-- \/ Yoast SEO plugin. -->","yoast_head_json":{"title":"Erdogan otvorio gradili\u0161te budu\u0107eg \u201cIstanbulskog kanala\u201d - RADIO LJUBU\u0160KI","robots":{"index":"index","follow":"follow","max-snippet":"max-snippet:-1","max-image-preview":"max-image-preview:large","max-video-preview":"max-video-preview:-1"},"canonical":"https:\/\/radioljubuski.ba\/index.php\/2021\/06\/27\/erdogan-otvorio-gradiliste-buduceg-istanbulskog-kanala\/","og_locale":"hr_HR","og_type":"article","og_title":"Erdogan otvorio gradili\u0161te budu\u0107eg \u201cIstanbulskog kanala\u201d - RADIO LJUBU\u0160KI","og_description":"Turski predsjednik Recep Tayyip Erdogan otvorio je u subotu gradili\u0161te prvog mosta projekta \u201cIstanbulski kanal\u201d, gigantskog kanala paralelnog s Bosporskim tjesnacem u Istanbulu, dok tu inicijativu kritiziraju oporba i zagovornici za\u0161tite okoli\u0161a. \u201cDanas otvaramo novu stranicu u povijesti razvoja Turske\u201d, rekao je \u0161ef dr\u017eave na sve\u010danosti polaganja kamena temeljca mosta koji je dio projekta. Kanal [&hellip;]","og_url":"https:\/\/radioljubuski.ba\/index.php\/2021\/06\/27\/erdogan-otvorio-gradiliste-buduceg-istanbulskog-kanala\/","og_site_name":"RADIO LJUBU\u0160KI","article_publisher":"https:\/\/www.facebook.com\/Radiio-Ljubuski-1490835324566332","article_published_time":"2021-06-27T15:23:33+00:00","article_modified_time":"2021-06-27T15:23:34+00:00","og_image":[{"width":1068,"height":686,"url":"https:\/\/radioljubuski.ba\/wp-content\/uploads\/2021\/06\/erdonag-kanal-1-1068x686-1.jpg","type":"image\/jpeg"}],"author":"Radio Ljubu\u0161ki","twitter_card":"summary_large_image","twitter_creator":"@radioljubuski","twitter_site":"@radioljubuski","twitter_misc":{"Napisao\/la":"Radio Ljubu\u0161ki","Procijenjeno vrijeme \u010ditanja":"1 minuta"},"schema":{"@context":"https:\/\/schema.org","@graph":[{"@type":"Article","@id":"https:\/\/radioljubuski.ba\/index.php\/2021\/06\/27\/erdogan-otvorio-gradiliste-buduceg-istanbulskog-kanala\/#article","isPartOf":{"@id":"https:\/\/radioljubuski.ba\/index.php\/2021\/06\/27\/erdogan-otvorio-gradiliste-buduceg-istanbulskog-kanala\/"},"author":{"name":"Radio Ljubu\u0161ki","@id":"https:\/\/radioljubuski.ba\/#\/schema\/person\/19fc700381a780f69665d7956c469e3b"},"headline":"Erdogan otvorio gradili\u0161te budu\u0107eg \u201cIstanbulskog kanala\u201d","datePublished":"2021-06-27T15:23:33+00:00","dateModified":"2021-06-27T15:23:34+00:00","mainEntityOfPage":{"@id":"https:\/\/radioljubuski.ba\/index.php\/2021\/06\/27\/erdogan-otvorio-gradiliste-buduceg-istanbulskog-kanala\/"},"wordCount":253,"publisher":{"@id":"https:\/\/radioljubuski.ba\/#organization"},"image":{"@id":"https:\/\/radioljubuski.ba\/index.php\/2021\/06\/27\/erdogan-otvorio-gradiliste-buduceg-istanbulskog-kanala\/#primaryimage"},"thumbnailUrl":"https:\/\/radioljubuski.ba\/wp-content\/uploads\/2021\/06\/erdonag-kanal-1-1068x686-1.jpg","articleSection":["BIH i regija"],"inLanguage":"hr"},{"@type":"WebPage","@id":"https:\/\/radioljubuski.ba\/index.php\/2021\/06\/27\/erdogan-otvorio-gradiliste-buduceg-istanbulskog-kanala\/","url":"https:\/\/radioljubuski.ba\/index.php\/2021\/06\/27\/erdogan-otvorio-gradiliste-buduceg-istanbulskog-kanala\/","name":"Erdogan otvorio gradili\u0161te budu\u0107eg \u201cIstanbulskog kanala\u201d - RADIO LJUBU\u0160KI","isPartOf":{"@id":"https:\/\/radioljubuski.ba\/#website"},"primaryImageOfPage":{"@id":"https:\/\/radioljubuski.ba\/index.php\/2021\/06\/27\/erdogan-otvorio-gradiliste-buduceg-istanbulskog-kanala\/#primaryimage"},"image":{"@id":"https:\/\/radioljubuski.ba\/index.php\/2021\/06\/27\/erdogan-otvorio-gradiliste-buduceg-istanbulskog-kanala\/#primaryimage"},"thumbnailUrl":"https:\/\/radioljubuski.ba\/wp-content\/uploads\/2021\/06\/erdonag-kanal-1-1068x686-1.jpg","datePublished":"2021-06-27T15:23:33+00:00","dateModified":"2021-06-27T15:23:34+00:00","breadcrumb":{"@id":"https:\/\/radioljubuski.ba\/index.php\/2021\/06\/27\/erdogan-otvorio-gradiliste-buduceg-istanbulskog-kanala\/#breadcrumb"},"inLanguage":"hr","potentialAction":[{"@type":"ReadAction","target":["https:\/\/radioljubuski.ba\/index.php\/2021\/06\/27\/erdogan-otvorio-gradiliste-buduceg-istanbulskog-kanala\/"]}]},{"@type":"ImageObject","inLanguage":"hr","@id":"https:\/\/radioljubuski.ba\/index.php\/2021\/06\/27\/erdogan-otvorio-gradiliste-buduceg-istanbulskog-kanala\/#primaryimage","url":"https:\/\/radioljubuski.ba\/wp-content\/uploads\/2021\/06\/erdonag-kanal-1-1068x686-1.jpg","contentUrl":"https:\/\/radioljubuski.ba\/wp-content\/uploads\/2021\/06\/erdonag-kanal-1-1068x686-1.jpg","width":1068,"height":686},{"@type":"BreadcrumbList","@id":"https:\/\/radioljubuski.ba\/index.php\/2021\/06\/27\/erdogan-otvorio-gradiliste-buduceg-istanbulskog-kanala\/#breadcrumb","itemListElement":[{"@type":"ListItem","position":1,"name":"Po\u010detna stranica","item":"https:\/\/radioljubuski.ba\/"},{"@type":"ListItem","position":2,"name":"Erdogan otvorio gradili\u0161te budu\u0107eg \u201cIstanbulskog kanala\u201d"}]},{"@type":"WebSite","@id":"https:\/\/radioljubuski.ba\/#website","url":"https:\/\/radioljubuski.ba\/","name":"Radio Ljubu\u0161ki","description":"Sun\u010dana frekvencija Hercegovine","publisher":{"@id":"https:\/\/radioljubuski.ba\/#organization"},"potentialAction":[{"@type":"SearchAction","target":{"@type":"EntryPoint","urlTemplate":"https:\/\/radioljubuski.ba\/?s={search_term_string}"},"query-input":{"@type":"PropertyValueSpecification","valueRequired":true,"valueName":"search_term_string"}}],"inLanguage":"hr"},{"@type":"Organization","@id":"https:\/\/radioljubuski.ba\/#organization","name":"Radio Ljubu\u0161ki","url":"https:\/\/radioljubuski.ba\/","logo":{"@type":"ImageObject","inLanguage":"hr","@id":"https:\/\/radioljubuski.ba\/#\/schema\/logo\/image\/","url":"https:\/\/radioljubuski.ba\/wp-content\/uploads\/2021\/02\/cropped-Radio_Ljubuski_logo1.jpg","contentUrl":"https:\/\/radioljubuski.ba\/wp-content\/uploads\/2021\/02\/cropped-Radio_Ljubuski_logo1.jpg","width":512,"height":512,"caption":"Radio Ljubu\u0161ki"},"image":{"@id":"https:\/\/radioljubuski.ba\/#\/schema\/logo\/image\/"},"sameAs":["https:\/\/www.facebook.com\/Radiio-Ljubuski-1490835324566332","https:\/\/x.com\/radioljubuski","https:\/\/hr.linkedin.com\/company\/radio-ljubuski","https:\/\/www.youtube.com\/channel\/UCHYaeO_n0Db3tjNGudGpXyw"]},{"@type":"Person","@id":"https:\/\/radioljubuski.ba\/#\/schema\/person\/19fc700381a780f69665d7956c469e3b","name":"Radio Ljubu\u0161ki"}]}},"_links":{"self":[{"href":"https:\/\/radioljubuski.ba\/index.php\/wp-json\/wp\/v2\/posts\/36459","targetHints":{"allow":["GET"]}}],"collection":[{"href":"https:\/\/radioljubuski.ba\/index.php\/wp-json\/wp\/v2\/posts"}],"about":[{"href":"https:\/\/radioljubuski.ba\/index.php\/wp-json\/wp\/v2\/types\/post"}],"author":[{"embeddable":true,"href":"https:\/\/radioljubuski.ba\/index.php\/wp-json\/wp\/v2\/users\/2"}],"replies":[{"embeddable":true,"href":"https:\/\/radioljubuski.ba\/index.php\/wp-json\/wp\/v2\/comments?post=36459"}],"version-history":[{"count":1,"href":"https:\/\/radioljubuski.ba\/index.php\/wp-json\/wp\/v2\/posts\/36459\/revisions"}],"predecessor-version":[{"id":36461,"href":"https:\/\/radioljubuski.ba\/index.php\/wp-json\/wp\/v2\/posts\/36459\/revisions\/36461"}],"wp:featuredmedia":[{"embeddable":true,"href":"https:\/\/radioljubuski.ba\/index.php\/wp-json\/wp\/v2\/media\/36460"}],"wp:attachment":[{"href":"https:\/\/radioljubuski.ba\/index.php\/wp-json\/wp\/v2\/media?parent=36459"}],"wp:term":[{"taxonomy":"category","embeddable":true,"href":"https:\/\/radioljubuski.ba\/index.php\/wp-json\/wp\/v2\/categories?post=36459"},{"taxonomy":"post_tag","embeddable":true,"href":"https:\/\/radioljubuski.ba\/index.php\/wp-json\/wp\/v2\/tags?post=36459"}],"curies":[{"name":"wp","href":"https:\/\/api.w.org\/{rel}","templated":true}]}}