{"id":36468,"date":"2021-06-27T16:28:11","date_gmt":"2021-06-27T15:28:11","guid":{"rendered":"https:\/\/radioljubuski.ba\/?p=36468"},"modified":"2021-06-27T16:28:12","modified_gmt":"2021-06-27T15:28:12","slug":"jelovnik-najzdravijeg-naroda-na-svijetu-zive-preko-100-godina-i-ne-znaju-za-rak","status":"publish","type":"post","link":"https:\/\/radioljubuski.ba\/index.php\/2021\/06\/27\/jelovnik-najzdravijeg-naroda-na-svijetu-zive-preko-100-godina-i-ne-znaju-za-rak\/","title":{"rendered":"Jelovnik najzdravijeg naroda na svijetu. \u017dive preko 100 godina i ne znaju za rak"},"content":{"rendered":"\n<p><strong>Jo\u0161 uvijek se ne zna odakle su to\u010dno potekli ni kako je mogu\u0107e da su toliko dugovje\u010dni.<\/strong><\/p>\n\n\n\n<p>Na krajnjem sjeveru&nbsp;Pakistana<strong>,<\/strong>&nbsp;u planinskoj&nbsp;dolini Hunzakoja se smjestila u regiji&nbsp;Gilgit-Baltistan<strong>,&nbsp;<\/strong>stanuje narod \u010diji pripadnici redovito do\u017eive i do 120 ili 130 godina. Neki su \u010dak proslavi ili 145., ali koliko je tko teo\u010dno star te\u0161ko je odrediti jer Hunze nemaju rodne listova ni dokaze kojima bi potkrijepili svoju vitalnost.<\/p>\n\n\n\n<p>U ostatku Pakistana predvi\u0111eni \u017eivotni vijek je 67 godina, ali u izoliranom podru\u010dju na Himalaji uvjeti su posve druga\u010diji.&nbsp;Istra\u017eiva\u010di su zabilje\u017eili da \u017eene mogu zatrudnjeti vrlo kasno, u \u0161ezdesetima i kasnije, a smatra se i da ne boluju od raka. Znanstvenici obja\u0161njenje tra\u017ee u okoli\u0161u i hrani.<\/p>\n\n\n\n<p>Naime, Hunze piju vodu iz ledenjaka, uzgajaju svoju hranu, a s obzirom na to da su odsje\u010deni od obli\u017enjih gradova, ne jedu ni\u0161ta prera\u0111eno. Marelice su \u010desto na njihovu jelovniku, a tijekom posta danima, pa \u010dak i mjesecima, ne jedu ni\u0161ta osim svje\u017eeg soka i ko\u0161tica tog superzdravog vo\u0107a. Meso im nije svaki dan na jelovniku, dominiraju \u017eitarice i povr\u0107e. Prakticiraju jogu,vje\u017ebe disanja&nbsp;i meditaciju.<\/p>\n\n\n\n<p>Jo\u0161 uvijek se ne zna mnogo ni o njihovom porijeklu. Svjetlije su puti od susjednih naroda, a njihov jezik sli\u010dniji je baskijskom nego bilo kojem drugom koji ih ukru\u017euje. Neki misle da su potomci Aleksandra Velikog kojeg nisu mogli slijediti nego su odlu\u010dili ostati na Himalaji, pi\u0161e Punkufer.<\/p>\n\n\n\n<p>\/HMS\/<\/p>\n","protected":false},"excerpt":{"rendered":"<p>Jo\u0161 uvijek se ne zna odakle su to\u010dno potekli ni kako je mogu\u0107e da su toliko dugovje\u010dni. Na krajnjem sjeveru&nbsp;Pakistana,&nbsp;u planinskoj&nbsp;dolini Hunzakoja se smjestila u regiji&nbsp;Gilgit-Baltistan,&nbsp;stanuje narod \u010diji pripadnici redovito do\u017eive i do 120 ili 130 godina. Neki su \u010dak proslavi ili 145., ali koliko je tko teo\u010dno star te\u0161ko je odrediti jer Hunze nemaju [&hellip;]<\/p>\n","protected":false},"author":2,"featured_media":36469,"comment_status":"closed","ping_status":"closed","sticky":false,"template":"","format":"standard","meta":{"h5ap_radio_sources":[],"footnotes":""},"categories":[1],"tags":[],"class_list":["post-36468","post","type-post","status-publish","format-standard","has-post-thumbnail","hentry","category-bihiregija"],"yoast_head":"<!-- This site is optimized with the Yoast SEO plugin v27.5 - https:\/\/yoast.com\/product\/yoast-seo-wordpress\/ -->\n<title>Jelovnik najzdravijeg naroda na svijetu. \u017dive preko 100 godina i ne znaju za rak - RADIO LJUBU\u0160KI<\/title>\n<meta name=\"robots\" content=\"index, follow, max-snippet:-1, max-image-preview:large, max-video-preview:-1\" \/>\n<link rel=\"canonical\" href=\"https:\/\/radioljubuski.ba\/index.php\/2021\/06\/27\/jelovnik-najzdravijeg-naroda-na-svijetu-zive-preko-100-godina-i-ne-znaju-za-rak\/\" \/>\n<meta property=\"og:locale\" content=\"hr_HR\" \/>\n<meta property=\"og:type\" content=\"article\" \/>\n<meta property=\"og:title\" content=\"Jelovnik najzdravijeg naroda na svijetu. \u017dive preko 100 godina i ne znaju za rak - RADIO LJUBU\u0160KI\" \/>\n<meta property=\"og:description\" content=\"Jo\u0161 uvijek se ne zna odakle su to\u010dno potekli ni kako je mogu\u0107e da su toliko dugovje\u010dni. Na krajnjem sjeveru&nbsp;Pakistana,&nbsp;u planinskoj&nbsp;dolini Hunzakoja se smjestila u regiji&nbsp;Gilgit-Baltistan,&nbsp;stanuje narod \u010diji pripadnici redovito do\u017eive i do 120 ili 130 godina. Neki su \u010dak proslavi ili 145., ali koliko je tko teo\u010dno star te\u0161ko je odrediti jer Hunze nemaju [&hellip;]\" \/>\n<meta property=\"og:url\" content=\"https:\/\/radioljubuski.ba\/index.php\/2021\/06\/27\/jelovnik-najzdravijeg-naroda-na-svijetu-zive-preko-100-godina-i-ne-znaju-za-rak\/\" \/>\n<meta property=\"og:site_name\" content=\"RADIO LJUBU\u0160KI\" \/>\n<meta property=\"article:publisher\" content=\"https:\/\/www.facebook.com\/Radiio-Ljubuski-1490835324566332\" \/>\n<meta property=\"article:published_time\" content=\"2021-06-27T15:28:11+00:00\" \/>\n<meta property=\"article:modified_time\" content=\"2021-06-27T15:28:12+00:00\" \/>\n<meta property=\"og:image\" content=\"https:\/\/radioljubuski.ba\/wp-content\/uploads\/2021\/06\/nordwood-themes-wCOeExwF1JI-unsplash-750x500-1.jpg\" \/>\n\t<meta property=\"og:image:width\" content=\"750\" \/>\n\t<meta property=\"og:image:height\" content=\"500\" \/>\n\t<meta property=\"og:image:type\" content=\"image\/jpeg\" \/>\n<meta name=\"author\" content=\"Radio Ljubu\u0161ki\" \/>\n<meta name=\"twitter:card\" content=\"summary_large_image\" \/>\n<meta name=\"twitter:creator\" content=\"@radioljubuski\" \/>\n<meta name=\"twitter:site\" content=\"@radioljubuski\" \/>\n<meta name=\"twitter:label1\" content=\"Napisao\/la\" \/>\n\t<meta name=\"twitter:data1\" content=\"Radio Ljubu\u0161ki\" \/>\n\t<meta name=\"twitter:label2\" content=\"Procijenjeno vrijeme \u010ditanja\" \/>\n\t<meta name=\"twitter:data2\" content=\"1 minuta\" \/>\n<script type=\"application\/ld+json\" class=\"yoast-schema-graph\">{\"@context\":\"https:\\\/\\\/schema.org\",\"@graph\":[{\"@type\":\"Article\",\"@id\":\"https:\\\/\\\/radioljubuski.ba\\\/index.php\\\/2021\\\/06\\\/27\\\/jelovnik-najzdravijeg-naroda-na-svijetu-zive-preko-100-godina-i-ne-znaju-za-rak\\\/#article\",\"isPartOf\":{\"@id\":\"https:\\\/\\\/radioljubuski.ba\\\/index.php\\\/2021\\\/06\\\/27\\\/jelovnik-najzdravijeg-naroda-na-svijetu-zive-preko-100-godina-i-ne-znaju-za-rak\\\/\"},\"author\":{\"name\":\"Radio Ljubu\u0161ki\",\"@id\":\"https:\\\/\\\/radioljubuski.ba\\\/#\\\/schema\\\/person\\\/19fc700381a780f69665d7956c469e3b\"},\"headline\":\"Jelovnik najzdravijeg naroda na svijetu. \u017dive preko 100 godina i ne znaju za rak\",\"datePublished\":\"2021-06-27T15:28:11+00:00\",\"dateModified\":\"2021-06-27T15:28:12+00:00\",\"mainEntityOfPage\":{\"@id\":\"https:\\\/\\\/radioljubuski.ba\\\/index.php\\\/2021\\\/06\\\/27\\\/jelovnik-najzdravijeg-naroda-na-svijetu-zive-preko-100-godina-i-ne-znaju-za-rak\\\/\"},\"wordCount\":277,\"publisher\":{\"@id\":\"https:\\\/\\\/radioljubuski.ba\\\/#organization\"},\"image\":{\"@id\":\"https:\\\/\\\/radioljubuski.ba\\\/index.php\\\/2021\\\/06\\\/27\\\/jelovnik-najzdravijeg-naroda-na-svijetu-zive-preko-100-godina-i-ne-znaju-za-rak\\\/#primaryimage\"},\"thumbnailUrl\":\"https:\\\/\\\/radioljubuski.ba\\\/wp-content\\\/uploads\\\/2021\\\/06\\\/nordwood-themes-wCOeExwF1JI-unsplash-750x500-1.jpg\",\"articleSection\":[\"BIH i regija\"],\"inLanguage\":\"hr\"},{\"@type\":\"WebPage\",\"@id\":\"https:\\\/\\\/radioljubuski.ba\\\/index.php\\\/2021\\\/06\\\/27\\\/jelovnik-najzdravijeg-naroda-na-svijetu-zive-preko-100-godina-i-ne-znaju-za-rak\\\/\",\"url\":\"https:\\\/\\\/radioljubuski.ba\\\/index.php\\\/2021\\\/06\\\/27\\\/jelovnik-najzdravijeg-naroda-na-svijetu-zive-preko-100-godina-i-ne-znaju-za-rak\\\/\",\"name\":\"Jelovnik najzdravijeg naroda na svijetu. \u017dive preko 100 godina i ne znaju za rak - RADIO LJUBU\u0160KI\",\"isPartOf\":{\"@id\":\"https:\\\/\\\/radioljubuski.ba\\\/#website\"},\"primaryImageOfPage\":{\"@id\":\"https:\\\/\\\/radioljubuski.ba\\\/index.php\\\/2021\\\/06\\\/27\\\/jelovnik-najzdravijeg-naroda-na-svijetu-zive-preko-100-godina-i-ne-znaju-za-rak\\\/#primaryimage\"},\"image\":{\"@id\":\"https:\\\/\\\/radioljubuski.ba\\\/index.php\\\/2021\\\/06\\\/27\\\/jelovnik-najzdravijeg-naroda-na-svijetu-zive-preko-100-godina-i-ne-znaju-za-rak\\\/#primaryimage\"},\"thumbnailUrl\":\"https:\\\/\\\/radioljubuski.ba\\\/wp-content\\\/uploads\\\/2021\\\/06\\\/nordwood-themes-wCOeExwF1JI-unsplash-750x500-1.jpg\",\"datePublished\":\"2021-06-27T15:28:11+00:00\",\"dateModified\":\"2021-06-27T15:28:12+00:00\",\"breadcrumb\":{\"@id\":\"https:\\\/\\\/radioljubuski.ba\\\/index.php\\\/2021\\\/06\\\/27\\\/jelovnik-najzdravijeg-naroda-na-svijetu-zive-preko-100-godina-i-ne-znaju-za-rak\\\/#breadcrumb\"},\"inLanguage\":\"hr\",\"potentialAction\":[{\"@type\":\"ReadAction\",\"target\":[\"https:\\\/\\\/radioljubuski.ba\\\/index.php\\\/2021\\\/06\\\/27\\\/jelovnik-najzdravijeg-naroda-na-svijetu-zive-preko-100-godina-i-ne-znaju-za-rak\\\/\"]}]},{\"@type\":\"ImageObject\",\"inLanguage\":\"hr\",\"@id\":\"https:\\\/\\\/radioljubuski.ba\\\/index.php\\\/2021\\\/06\\\/27\\\/jelovnik-najzdravijeg-naroda-na-svijetu-zive-preko-100-godina-i-ne-znaju-za-rak\\\/#primaryimage\",\"url\":\"https:\\\/\\\/radioljubuski.ba\\\/wp-content\\\/uploads\\\/2021\\\/06\\\/nordwood-themes-wCOeExwF1JI-unsplash-750x500-1.jpg\",\"contentUrl\":\"https:\\\/\\\/radioljubuski.ba\\\/wp-content\\\/uploads\\\/2021\\\/06\\\/nordwood-themes-wCOeExwF1JI-unsplash-750x500-1.jpg\",\"width\":750,\"height\":500},{\"@type\":\"BreadcrumbList\",\"@id\":\"https:\\\/\\\/radioljubuski.ba\\\/index.php\\\/2021\\\/06\\\/27\\\/jelovnik-najzdravijeg-naroda-na-svijetu-zive-preko-100-godina-i-ne-znaju-za-rak\\\/#breadcrumb\",\"itemListElement\":[{\"@type\":\"ListItem\",\"position\":1,\"name\":\"Po\u010detna stranica\",\"item\":\"https:\\\/\\\/radioljubuski.ba\\\/\"},{\"@type\":\"ListItem\",\"position\":2,\"name\":\"Jelovnik najzdravijeg naroda na svijetu. \u017dive preko 100 godina i ne znaju za rak\"}]},{\"@type\":\"WebSite\",\"@id\":\"https:\\\/\\\/radioljubuski.ba\\\/#website\",\"url\":\"https:\\\/\\\/radioljubuski.ba\\\/\",\"name\":\"Radio Ljubu\u0161ki\",\"description\":\"Sun\u010dana frekvencija Hercegovine\",\"publisher\":{\"@id\":\"https:\\\/\\\/radioljubuski.ba\\\/#organization\"},\"potentialAction\":[{\"@type\":\"SearchAction\",\"target\":{\"@type\":\"EntryPoint\",\"urlTemplate\":\"https:\\\/\\\/radioljubuski.ba\\\/?s={search_term_string}\"},\"query-input\":{\"@type\":\"PropertyValueSpecification\",\"valueRequired\":true,\"valueName\":\"search_term_string\"}}],\"inLanguage\":\"hr\"},{\"@type\":\"Organization\",\"@id\":\"https:\\\/\\\/radioljubuski.ba\\\/#organization\",\"name\":\"Radio Ljubu\u0161ki\",\"url\":\"https:\\\/\\\/radioljubuski.ba\\\/\",\"logo\":{\"@type\":\"ImageObject\",\"inLanguage\":\"hr\",\"@id\":\"https:\\\/\\\/radioljubuski.ba\\\/#\\\/schema\\\/logo\\\/image\\\/\",\"url\":\"https:\\\/\\\/radioljubuski.ba\\\/wp-content\\\/uploads\\\/2021\\\/02\\\/cropped-Radio_Ljubuski_logo1.jpg\",\"contentUrl\":\"https:\\\/\\\/radioljubuski.ba\\\/wp-content\\\/uploads\\\/2021\\\/02\\\/cropped-Radio_Ljubuski_logo1.jpg\",\"width\":512,\"height\":512,\"caption\":\"Radio Ljubu\u0161ki\"},\"image\":{\"@id\":\"https:\\\/\\\/radioljubuski.ba\\\/#\\\/schema\\\/logo\\\/image\\\/\"},\"sameAs\":[\"https:\\\/\\\/www.facebook.com\\\/Radiio-Ljubuski-1490835324566332\",\"https:\\\/\\\/x.com\\\/radioljubuski\",\"https:\\\/\\\/hr.linkedin.com\\\/company\\\/radio-ljubuski\",\"https:\\\/\\\/www.youtube.com\\\/channel\\\/UCHYaeO_n0Db3tjNGudGpXyw\"]},{\"@type\":\"Person\",\"@id\":\"https:\\\/\\\/radioljubuski.ba\\\/#\\\/schema\\\/person\\\/19fc700381a780f69665d7956c469e3b\",\"name\":\"Radio Ljubu\u0161ki\"}]}<\/script>\n<!-- \/ Yoast SEO plugin. -->","yoast_head_json":{"title":"Jelovnik najzdravijeg naroda na svijetu. \u017dive preko 100 godina i ne znaju za rak - RADIO LJUBU\u0160KI","robots":{"index":"index","follow":"follow","max-snippet":"max-snippet:-1","max-image-preview":"max-image-preview:large","max-video-preview":"max-video-preview:-1"},"canonical":"https:\/\/radioljubuski.ba\/index.php\/2021\/06\/27\/jelovnik-najzdravijeg-naroda-na-svijetu-zive-preko-100-godina-i-ne-znaju-za-rak\/","og_locale":"hr_HR","og_type":"article","og_title":"Jelovnik najzdravijeg naroda na svijetu. \u017dive preko 100 godina i ne znaju za rak - RADIO LJUBU\u0160KI","og_description":"Jo\u0161 uvijek se ne zna odakle su to\u010dno potekli ni kako je mogu\u0107e da su toliko dugovje\u010dni. Na krajnjem sjeveru&nbsp;Pakistana,&nbsp;u planinskoj&nbsp;dolini Hunzakoja se smjestila u regiji&nbsp;Gilgit-Baltistan,&nbsp;stanuje narod \u010diji pripadnici redovito do\u017eive i do 120 ili 130 godina. Neki su \u010dak proslavi ili 145., ali koliko je tko teo\u010dno star te\u0161ko je odrediti jer Hunze nemaju [&hellip;]","og_url":"https:\/\/radioljubuski.ba\/index.php\/2021\/06\/27\/jelovnik-najzdravijeg-naroda-na-svijetu-zive-preko-100-godina-i-ne-znaju-za-rak\/","og_site_name":"RADIO LJUBU\u0160KI","article_publisher":"https:\/\/www.facebook.com\/Radiio-Ljubuski-1490835324566332","article_published_time":"2021-06-27T15:28:11+00:00","article_modified_time":"2021-06-27T15:28:12+00:00","og_image":[{"width":750,"height":500,"url":"https:\/\/radioljubuski.ba\/wp-content\/uploads\/2021\/06\/nordwood-themes-wCOeExwF1JI-unsplash-750x500-1.jpg","type":"image\/jpeg"}],"author":"Radio Ljubu\u0161ki","twitter_card":"summary_large_image","twitter_creator":"@radioljubuski","twitter_site":"@radioljubuski","twitter_misc":{"Napisao\/la":"Radio Ljubu\u0161ki","Procijenjeno vrijeme \u010ditanja":"1 minuta"},"schema":{"@context":"https:\/\/schema.org","@graph":[{"@type":"Article","@id":"https:\/\/radioljubuski.ba\/index.php\/2021\/06\/27\/jelovnik-najzdravijeg-naroda-na-svijetu-zive-preko-100-godina-i-ne-znaju-za-rak\/#article","isPartOf":{"@id":"https:\/\/radioljubuski.ba\/index.php\/2021\/06\/27\/jelovnik-najzdravijeg-naroda-na-svijetu-zive-preko-100-godina-i-ne-znaju-za-rak\/"},"author":{"name":"Radio Ljubu\u0161ki","@id":"https:\/\/radioljubuski.ba\/#\/schema\/person\/19fc700381a780f69665d7956c469e3b"},"headline":"Jelovnik najzdravijeg naroda na svijetu. \u017dive preko 100 godina i ne znaju za rak","datePublished":"2021-06-27T15:28:11+00:00","dateModified":"2021-06-27T15:28:12+00:00","mainEntityOfPage":{"@id":"https:\/\/radioljubuski.ba\/index.php\/2021\/06\/27\/jelovnik-najzdravijeg-naroda-na-svijetu-zive-preko-100-godina-i-ne-znaju-za-rak\/"},"wordCount":277,"publisher":{"@id":"https:\/\/radioljubuski.ba\/#organization"},"image":{"@id":"https:\/\/radioljubuski.ba\/index.php\/2021\/06\/27\/jelovnik-najzdravijeg-naroda-na-svijetu-zive-preko-100-godina-i-ne-znaju-za-rak\/#primaryimage"},"thumbnailUrl":"https:\/\/radioljubuski.ba\/wp-content\/uploads\/2021\/06\/nordwood-themes-wCOeExwF1JI-unsplash-750x500-1.jpg","articleSection":["BIH i regija"],"inLanguage":"hr"},{"@type":"WebPage","@id":"https:\/\/radioljubuski.ba\/index.php\/2021\/06\/27\/jelovnik-najzdravijeg-naroda-na-svijetu-zive-preko-100-godina-i-ne-znaju-za-rak\/","url":"https:\/\/radioljubuski.ba\/index.php\/2021\/06\/27\/jelovnik-najzdravijeg-naroda-na-svijetu-zive-preko-100-godina-i-ne-znaju-za-rak\/","name":"Jelovnik najzdravijeg naroda na svijetu. \u017dive preko 100 godina i ne znaju za rak - RADIO LJUBU\u0160KI","isPartOf":{"@id":"https:\/\/radioljubuski.ba\/#website"},"primaryImageOfPage":{"@id":"https:\/\/radioljubuski.ba\/index.php\/2021\/06\/27\/jelovnik-najzdravijeg-naroda-na-svijetu-zive-preko-100-godina-i-ne-znaju-za-rak\/#primaryimage"},"image":{"@id":"https:\/\/radioljubuski.ba\/index.php\/2021\/06\/27\/jelovnik-najzdravijeg-naroda-na-svijetu-zive-preko-100-godina-i-ne-znaju-za-rak\/#primaryimage"},"thumbnailUrl":"https:\/\/radioljubuski.ba\/wp-content\/uploads\/2021\/06\/nordwood-themes-wCOeExwF1JI-unsplash-750x500-1.jpg","datePublished":"2021-06-27T15:28:11+00:00","dateModified":"2021-06-27T15:28:12+00:00","breadcrumb":{"@id":"https:\/\/radioljubuski.ba\/index.php\/2021\/06\/27\/jelovnik-najzdravijeg-naroda-na-svijetu-zive-preko-100-godina-i-ne-znaju-za-rak\/#breadcrumb"},"inLanguage":"hr","potentialAction":[{"@type":"ReadAction","target":["https:\/\/radioljubuski.ba\/index.php\/2021\/06\/27\/jelovnik-najzdravijeg-naroda-na-svijetu-zive-preko-100-godina-i-ne-znaju-za-rak\/"]}]},{"@type":"ImageObject","inLanguage":"hr","@id":"https:\/\/radioljubuski.ba\/index.php\/2021\/06\/27\/jelovnik-najzdravijeg-naroda-na-svijetu-zive-preko-100-godina-i-ne-znaju-za-rak\/#primaryimage","url":"https:\/\/radioljubuski.ba\/wp-content\/uploads\/2021\/06\/nordwood-themes-wCOeExwF1JI-unsplash-750x500-1.jpg","contentUrl":"https:\/\/radioljubuski.ba\/wp-content\/uploads\/2021\/06\/nordwood-themes-wCOeExwF1JI-unsplash-750x500-1.jpg","width":750,"height":500},{"@type":"BreadcrumbList","@id":"https:\/\/radioljubuski.ba\/index.php\/2021\/06\/27\/jelovnik-najzdravijeg-naroda-na-svijetu-zive-preko-100-godina-i-ne-znaju-za-rak\/#breadcrumb","itemListElement":[{"@type":"ListItem","position":1,"name":"Po\u010detna stranica","item":"https:\/\/radioljubuski.ba\/"},{"@type":"ListItem","position":2,"name":"Jelovnik najzdravijeg naroda na svijetu. \u017dive preko 100 godina i ne znaju za rak"}]},{"@type":"WebSite","@id":"https:\/\/radioljubuski.ba\/#website","url":"https:\/\/radioljubuski.ba\/","name":"Radio Ljubu\u0161ki","description":"Sun\u010dana frekvencija Hercegovine","publisher":{"@id":"https:\/\/radioljubuski.ba\/#organization"},"potentialAction":[{"@type":"SearchAction","target":{"@type":"EntryPoint","urlTemplate":"https:\/\/radioljubuski.ba\/?s={search_term_string}"},"query-input":{"@type":"PropertyValueSpecification","valueRequired":true,"valueName":"search_term_string"}}],"inLanguage":"hr"},{"@type":"Organization","@id":"https:\/\/radioljubuski.ba\/#organization","name":"Radio Ljubu\u0161ki","url":"https:\/\/radioljubuski.ba\/","logo":{"@type":"ImageObject","inLanguage":"hr","@id":"https:\/\/radioljubuski.ba\/#\/schema\/logo\/image\/","url":"https:\/\/radioljubuski.ba\/wp-content\/uploads\/2021\/02\/cropped-Radio_Ljubuski_logo1.jpg","contentUrl":"https:\/\/radioljubuski.ba\/wp-content\/uploads\/2021\/02\/cropped-Radio_Ljubuski_logo1.jpg","width":512,"height":512,"caption":"Radio Ljubu\u0161ki"},"image":{"@id":"https:\/\/radioljubuski.ba\/#\/schema\/logo\/image\/"},"sameAs":["https:\/\/www.facebook.com\/Radiio-Ljubuski-1490835324566332","https:\/\/x.com\/radioljubuski","https:\/\/hr.linkedin.com\/company\/radio-ljubuski","https:\/\/www.youtube.com\/channel\/UCHYaeO_n0Db3tjNGudGpXyw"]},{"@type":"Person","@id":"https:\/\/radioljubuski.ba\/#\/schema\/person\/19fc700381a780f69665d7956c469e3b","name":"Radio Ljubu\u0161ki"}]}},"_links":{"self":[{"href":"https:\/\/radioljubuski.ba\/index.php\/wp-json\/wp\/v2\/posts\/36468","targetHints":{"allow":["GET"]}}],"collection":[{"href":"https:\/\/radioljubuski.ba\/index.php\/wp-json\/wp\/v2\/posts"}],"about":[{"href":"https:\/\/radioljubuski.ba\/index.php\/wp-json\/wp\/v2\/types\/post"}],"author":[{"embeddable":true,"href":"https:\/\/radioljubuski.ba\/index.php\/wp-json\/wp\/v2\/users\/2"}],"replies":[{"embeddable":true,"href":"https:\/\/radioljubuski.ba\/index.php\/wp-json\/wp\/v2\/comments?post=36468"}],"version-history":[{"count":1,"href":"https:\/\/radioljubuski.ba\/index.php\/wp-json\/wp\/v2\/posts\/36468\/revisions"}],"predecessor-version":[{"id":36470,"href":"https:\/\/radioljubuski.ba\/index.php\/wp-json\/wp\/v2\/posts\/36468\/revisions\/36470"}],"wp:featuredmedia":[{"embeddable":true,"href":"https:\/\/radioljubuski.ba\/index.php\/wp-json\/wp\/v2\/media\/36469"}],"wp:attachment":[{"href":"https:\/\/radioljubuski.ba\/index.php\/wp-json\/wp\/v2\/media?parent=36468"}],"wp:term":[{"taxonomy":"category","embeddable":true,"href":"https:\/\/radioljubuski.ba\/index.php\/wp-json\/wp\/v2\/categories?post=36468"},{"taxonomy":"post_tag","embeddable":true,"href":"https:\/\/radioljubuski.ba\/index.php\/wp-json\/wp\/v2\/tags?post=36468"}],"curies":[{"name":"wp","href":"https:\/\/api.w.org\/{rel}","templated":true}]}}