{"id":36480,"date":"2021-06-27T16:34:34","date_gmt":"2021-06-27T15:34:34","guid":{"rendered":"https:\/\/radioljubuski.ba\/?p=36480"},"modified":"2021-06-27T16:34:35","modified_gmt":"2021-06-27T15:34:35","slug":"kresic-sdp-bih-je-bosnjacka-stranka-njihovu-pricu-u-zagrebu-promicu-samo-nevazni-umirovljenici","status":"publish","type":"post","link":"https:\/\/radioljubuski.ba\/index.php\/2021\/06\/27\/kresic-sdp-bih-je-bosnjacka-stranka-njihovu-pricu-u-zagrebu-promicu-samo-nevazni-umirovljenici\/","title":{"rendered":"Kre\u0161i\u0107: SDP BiH je bo\u0161nja\u010dka stranka. Njihovu pri\u010du u Zagrebu promi\u010du samo neva\u017eni umirovljenici"},"content":{"rendered":"\n<p>\u201cAko se izuzmu neva\u017eni penzioneri Stjepan Mesi\u0107, Jadranka Kosor \u2026 ponajprije zahvaljuju\u0107i Zoranu Milanovi\u0107u, Toninu Piculi, ali i Orsatu Miljeni\u0107u, Biljani Borzan \u2026 i nizu drugih va\u017enih politi\u010dara \u2026 u Hrvatskoj na ljevici, dok se desnica podrazumijeva, se odli\u010dno razumije da se Hrvati&nbsp; u BiH nalaze pod ugrozom bo\u0161nja\u010dkog nacionalizma\u201d, ocijenio je.<\/p>\n\n\n\n<p>Politi\u010dki sukob zagreba\u010dkog i sarajevskog SDP-a za&nbsp;<a href=\"https:\/\/www.bild.ba\/vijesti\/kresic-sdp-bih-je-bosnjacka-stranka-njihovu-pricu-u-zagrebu-promicu-samo-nevazni-penzioneri\/\">Bild.ba<\/a>&nbsp;je komentirao novinar Ve\u010dernjeg lista Zoran Kre\u0161i\u0107.<\/p>\n\n\n\n<p>Po njegovim rije\u010dima, to je bilo o\u010dekivano jer je, naime, SDP BiH bo\u0161nja\u010dka stranka.<\/p>\n\n\n\n<p>\u201cSDP BiH uputio je ne ba\u0161 \u2018drugarsku\u2019 kritiku SDP-u Hrvatske nazivaju\u0107i ih desni\u010darima nakon \u0161to su stali u obranu ravnopravnosti bh. Hrvata. Takva reakcija drugova iz BiH bila je posve o\u010dekivana iz prostog razloga \u0161to je SDP u BiH bo\u0161nja\u010dka stranka\u201d, ka\u017ee nam on.<\/p>\n\n\n\n<p>Svojom probo\u0161nja\u010dkom politikom SDP BiH je pitanje obespravljenosti Hrvata, zapravo, pribli\u017eio Zagrebu, stava je Kre\u0161i\u0107.<\/p>\n\n\n\n<p>\u201cSvojedobno je biv\u0161i ameri\u010dki veleposlanik Charles English uputio jednu od depe\u0161a u Washington, \u010diji je sadr\u017eaj objavio Wikileaks. I jo\u0161 uvijek je dostupan na webu. \u201cSDP je bo\u0161nja\u010dka stranka koja ima multietni\u010dko vodstvo\u201d! To je o\u010dito i slu\u017ebeni stav ameri\u010dke administracije. Zanimljivo je da je to English napisao u trenutku kada je na \u010delu SDP-a BiH bio Zlatko Lagumd\u017eija, a \u010dlan Predsjedni\u0161tva BiH, te ujedno vodstva ove stranke i \u017deljko Kom\u0161i\u0107. Ustvari je SDP BiH trasirao put onome \u0161to se danas naziva prikriveni i stvarni bo\u0161nja\u010dki nacionalizam i poku\u0161aj ovladavanja cijelom Federacijom BiH. SDP je ugurao \u017deljka Kom\u0161i\u0107a, odnosno Sejdu Bajramovi\u0107a (aluzija na Milo\u0161evi\u0107eva poslu\u0161nika na Kosovu) u Predsjedni\u0161tvo BiH kako bi zloporabio poziciju Hrvata. Tu je istu igru nastavio SDA prigrliv\u0161i Kom\u0161i\u0107a i uz pomo\u0107 ma\u0161inerije tri i pol puta brojnijih Bo\u0161njaka preglasao Hrvate. Nisu zapravo ni svjesni koliko je ovo treniranje demokracije milo\u0161evi\u0107evskog tipa pomoglo Hrvatima da se njihovo pitanje kona\u010dno internacionalizira i bolje razumije u Zagrebu\u201d, rekao je.<\/p>\n\n\n\n<p>Kre\u0161i\u0107 podsje\u0107a kako je politiku SDP-a BiH prvi shvatio Zoran Milanovi\u0107.<\/p>\n\n\n\n<p>\u201cOpasnosti ovoga poku\u0161aj stvaranja Bo\u0161njakoslavije s jednim narodom, jednim identitetom me\u0111u prvima je shvatio Zoran Milanovi\u0107, hrvatski predsjednik (desni\u010dar) kako ga nazivaju iz SDP-a BiH. I to puno prije nego \u0161to je do\u0161ao na Pantov\u010dak. Zanimljivo je kako je Milanovi\u0107 \u010dak bio na predizbornom skupu SDP-a BiH prije drugog izbora Kom\u0161i\u0107a 2010. godine daju\u0107i im otvorenu potporu. No, samo nekoliko mjeseci kasnije nakon niza razgovora s Hrvatima iz BiH shvatio je da je potporu dao bo\u0161nja\u010dkim nacionalistima, a ne socijaldemokratima. Koji su na\u017ealost dio sastavnog cilja potpune eliminacije Hrvata kao politi\u010dkog naroda u BiH i njegova pretvaranja u nacionalnu manjinu\u201d, kazao je i dodao: \u201cHrvatska je potpisnica Daytonskog sporazuma i sigurno \u0107e je se pitati oko njihova statusa\u201d.<\/p>\n\n\n\n<p>Bo\u0161nja\u010dku pri\u010du u Hrvatskoj, ka\u017ee Kre\u0161i\u0107, propagiraju jo\u0161 samo neva\u017eni penzioneri.<\/p>\n\n\n\n<p>\u201cAko se izuzmu neva\u017eni penzioneri Stjepan Mesi\u0107, Jadranka Kosor \u2026 ponajprije zahvaljuju\u0107i Zoranu Milanovi\u0107u, Toninu Piculi, ali i Orsatu Miljeni\u0107u, Biljani Borzan \u2026 i nizu drugih va\u017enih politi\u010dara \u2026 u Hrvatskoj na ljevici, dok se desnica podrazumijeva, se odli\u010dno razumije da se Hrvati&nbsp; u BiH nalaze pod ugrozom bo\u0161nja\u010dkog nacionalizma\u201d, ocijenio je.<\/p>\n\n\n\n<p>SDP-u BiH i drugim bo\u0161nja\u010dkim strankama, ka\u017ee Kre\u0161i\u0107, nije drago \u0161to Zagreb shva\u0107a probleme bh. Hrvata.<\/p>\n\n\n\n<p>\u201cPosve je jasno da to ne godi u\u0161ima SDP-u BiH niti drugim probo\u0161nja\u010djkim strankama. Zapravo otvaranjem rata s \u2018drugovima\u2019 iz Hrvatske dodatno poja\u010davaju uvjerenje da su Hrvati u BiH ugro\u017eeni!\u201d, zaklju\u010dio je Ve\u010dernjakov novinar u izjavi za&nbsp;<a href=\"https:\/\/www.bild.ba\/vijesti\/kresic-sdp-bih-je-bosnjacka-stranka-njihovu-pricu-u-zagrebu-promicu-samo-nevazni-penzioneri\/\">Bild.ba<\/a>.<\/p>\n\n\n\n<p>Dnevnik.ba<\/p>\n","protected":false},"excerpt":{"rendered":"<p>\u201cAko se izuzmu neva\u017eni penzioneri Stjepan Mesi\u0107, Jadranka Kosor \u2026 ponajprije zahvaljuju\u0107i Zoranu Milanovi\u0107u, Toninu Piculi, ali i Orsatu Miljeni\u0107u, Biljani Borzan \u2026 i nizu drugih va\u017enih politi\u010dara \u2026 u Hrvatskoj na ljevici, dok se desnica podrazumijeva, se odli\u010dno razumije da se Hrvati&nbsp; u BiH nalaze pod ugrozom bo\u0161nja\u010dkog nacionalizma\u201d, ocijenio je. Politi\u010dki sukob zagreba\u010dkog [&hellip;]<\/p>\n","protected":false},"author":2,"featured_media":36481,"comment_status":"closed","ping_status":"closed","sticky":false,"template":"","format":"standard","meta":{"h5ap_radio_sources":[],"footnotes":""},"categories":[1],"tags":[],"class_list":["post-36480","post","type-post","status-publish","format-standard","has-post-thumbnail","hentry","category-bihiregija"],"yoast_head":"<!-- This site is optimized with the Yoast SEO plugin v27.5 - https:\/\/yoast.com\/product\/yoast-seo-wordpress\/ -->\n<title>Kre\u0161i\u0107: SDP BiH je bo\u0161nja\u010dka stranka. Njihovu pri\u010du u Zagrebu promi\u010du samo neva\u017eni umirovljenici - RADIO LJUBU\u0160KI<\/title>\n<meta name=\"robots\" content=\"index, follow, max-snippet:-1, max-image-preview:large, max-video-preview:-1\" \/>\n<link rel=\"canonical\" href=\"https:\/\/radioljubuski.ba\/index.php\/2021\/06\/27\/kresic-sdp-bih-je-bosnjacka-stranka-njihovu-pricu-u-zagrebu-promicu-samo-nevazni-umirovljenici\/\" \/>\n<meta property=\"og:locale\" content=\"hr_HR\" \/>\n<meta property=\"og:type\" content=\"article\" \/>\n<meta property=\"og:title\" content=\"Kre\u0161i\u0107: SDP BiH je bo\u0161nja\u010dka stranka. Njihovu pri\u010du u Zagrebu promi\u010du samo neva\u017eni umirovljenici - RADIO LJUBU\u0160KI\" \/>\n<meta property=\"og:description\" content=\"\u201cAko se izuzmu neva\u017eni penzioneri Stjepan Mesi\u0107, Jadranka Kosor \u2026 ponajprije zahvaljuju\u0107i Zoranu Milanovi\u0107u, Toninu Piculi, ali i Orsatu Miljeni\u0107u, Biljani Borzan \u2026 i nizu drugih va\u017enih politi\u010dara \u2026 u Hrvatskoj na ljevici, dok se desnica podrazumijeva, se odli\u010dno razumije da se Hrvati&nbsp; u BiH nalaze pod ugrozom bo\u0161nja\u010dkog nacionalizma\u201d, ocijenio je. Politi\u010dki sukob zagreba\u010dkog [&hellip;]\" \/>\n<meta property=\"og:url\" content=\"https:\/\/radioljubuski.ba\/index.php\/2021\/06\/27\/kresic-sdp-bih-je-bosnjacka-stranka-njihovu-pricu-u-zagrebu-promicu-samo-nevazni-umirovljenici\/\" \/>\n<meta property=\"og:site_name\" content=\"RADIO LJUBU\u0160KI\" \/>\n<meta property=\"article:publisher\" content=\"https:\/\/www.facebook.com\/Radiio-Ljubuski-1490835324566332\" \/>\n<meta property=\"article:published_time\" content=\"2021-06-27T15:34:34+00:00\" \/>\n<meta property=\"article:modified_time\" content=\"2021-06-27T15:34:35+00:00\" \/>\n<meta property=\"og:image\" content=\"https:\/\/radioljubuski.ba\/wp-content\/uploads\/2021\/06\/kresic_4.jpg\" \/>\n\t<meta property=\"og:image:width\" content=\"840\" \/>\n\t<meta property=\"og:image:height\" content=\"470\" \/>\n\t<meta property=\"og:image:type\" content=\"image\/jpeg\" \/>\n<meta name=\"author\" content=\"Radio Ljubu\u0161ki\" \/>\n<meta name=\"twitter:card\" content=\"summary_large_image\" \/>\n<meta name=\"twitter:creator\" content=\"@radioljubuski\" \/>\n<meta name=\"twitter:site\" content=\"@radioljubuski\" \/>\n<meta name=\"twitter:label1\" content=\"Napisao\/la\" \/>\n\t<meta name=\"twitter:data1\" content=\"Radio Ljubu\u0161ki\" \/>\n\t<meta name=\"twitter:label2\" content=\"Procijenjeno vrijeme \u010ditanja\" \/>\n\t<meta name=\"twitter:data2\" content=\"3 minute\" \/>\n<script type=\"application\/ld+json\" class=\"yoast-schema-graph\">{\"@context\":\"https:\\\/\\\/schema.org\",\"@graph\":[{\"@type\":\"Article\",\"@id\":\"https:\\\/\\\/radioljubuski.ba\\\/index.php\\\/2021\\\/06\\\/27\\\/kresic-sdp-bih-je-bosnjacka-stranka-njihovu-pricu-u-zagrebu-promicu-samo-nevazni-umirovljenici\\\/#article\",\"isPartOf\":{\"@id\":\"https:\\\/\\\/radioljubuski.ba\\\/index.php\\\/2021\\\/06\\\/27\\\/kresic-sdp-bih-je-bosnjacka-stranka-njihovu-pricu-u-zagrebu-promicu-samo-nevazni-umirovljenici\\\/\"},\"author\":{\"name\":\"Radio Ljubu\u0161ki\",\"@id\":\"https:\\\/\\\/radioljubuski.ba\\\/#\\\/schema\\\/person\\\/19fc700381a780f69665d7956c469e3b\"},\"headline\":\"Kre\u0161i\u0107: SDP BiH je bo\u0161nja\u010dka stranka. Njihovu pri\u010du u Zagrebu promi\u010du samo neva\u017eni umirovljenici\",\"datePublished\":\"2021-06-27T15:34:34+00:00\",\"dateModified\":\"2021-06-27T15:34:35+00:00\",\"mainEntityOfPage\":{\"@id\":\"https:\\\/\\\/radioljubuski.ba\\\/index.php\\\/2021\\\/06\\\/27\\\/kresic-sdp-bih-je-bosnjacka-stranka-njihovu-pricu-u-zagrebu-promicu-samo-nevazni-umirovljenici\\\/\"},\"wordCount\":669,\"publisher\":{\"@id\":\"https:\\\/\\\/radioljubuski.ba\\\/#organization\"},\"image\":{\"@id\":\"https:\\\/\\\/radioljubuski.ba\\\/index.php\\\/2021\\\/06\\\/27\\\/kresic-sdp-bih-je-bosnjacka-stranka-njihovu-pricu-u-zagrebu-promicu-samo-nevazni-umirovljenici\\\/#primaryimage\"},\"thumbnailUrl\":\"https:\\\/\\\/radioljubuski.ba\\\/wp-content\\\/uploads\\\/2021\\\/06\\\/kresic_4.jpg\",\"articleSection\":[\"BIH i regija\"],\"inLanguage\":\"hr\"},{\"@type\":\"WebPage\",\"@id\":\"https:\\\/\\\/radioljubuski.ba\\\/index.php\\\/2021\\\/06\\\/27\\\/kresic-sdp-bih-je-bosnjacka-stranka-njihovu-pricu-u-zagrebu-promicu-samo-nevazni-umirovljenici\\\/\",\"url\":\"https:\\\/\\\/radioljubuski.ba\\\/index.php\\\/2021\\\/06\\\/27\\\/kresic-sdp-bih-je-bosnjacka-stranka-njihovu-pricu-u-zagrebu-promicu-samo-nevazni-umirovljenici\\\/\",\"name\":\"Kre\u0161i\u0107: SDP BiH je bo\u0161nja\u010dka stranka. Njihovu pri\u010du u Zagrebu promi\u010du samo neva\u017eni umirovljenici - RADIO LJUBU\u0160KI\",\"isPartOf\":{\"@id\":\"https:\\\/\\\/radioljubuski.ba\\\/#website\"},\"primaryImageOfPage\":{\"@id\":\"https:\\\/\\\/radioljubuski.ba\\\/index.php\\\/2021\\\/06\\\/27\\\/kresic-sdp-bih-je-bosnjacka-stranka-njihovu-pricu-u-zagrebu-promicu-samo-nevazni-umirovljenici\\\/#primaryimage\"},\"image\":{\"@id\":\"https:\\\/\\\/radioljubuski.ba\\\/index.php\\\/2021\\\/06\\\/27\\\/kresic-sdp-bih-je-bosnjacka-stranka-njihovu-pricu-u-zagrebu-promicu-samo-nevazni-umirovljenici\\\/#primaryimage\"},\"thumbnailUrl\":\"https:\\\/\\\/radioljubuski.ba\\\/wp-content\\\/uploads\\\/2021\\\/06\\\/kresic_4.jpg\",\"datePublished\":\"2021-06-27T15:34:34+00:00\",\"dateModified\":\"2021-06-27T15:34:35+00:00\",\"breadcrumb\":{\"@id\":\"https:\\\/\\\/radioljubuski.ba\\\/index.php\\\/2021\\\/06\\\/27\\\/kresic-sdp-bih-je-bosnjacka-stranka-njihovu-pricu-u-zagrebu-promicu-samo-nevazni-umirovljenici\\\/#breadcrumb\"},\"inLanguage\":\"hr\",\"potentialAction\":[{\"@type\":\"ReadAction\",\"target\":[\"https:\\\/\\\/radioljubuski.ba\\\/index.php\\\/2021\\\/06\\\/27\\\/kresic-sdp-bih-je-bosnjacka-stranka-njihovu-pricu-u-zagrebu-promicu-samo-nevazni-umirovljenici\\\/\"]}]},{\"@type\":\"ImageObject\",\"inLanguage\":\"hr\",\"@id\":\"https:\\\/\\\/radioljubuski.ba\\\/index.php\\\/2021\\\/06\\\/27\\\/kresic-sdp-bih-je-bosnjacka-stranka-njihovu-pricu-u-zagrebu-promicu-samo-nevazni-umirovljenici\\\/#primaryimage\",\"url\":\"https:\\\/\\\/radioljubuski.ba\\\/wp-content\\\/uploads\\\/2021\\\/06\\\/kresic_4.jpg\",\"contentUrl\":\"https:\\\/\\\/radioljubuski.ba\\\/wp-content\\\/uploads\\\/2021\\\/06\\\/kresic_4.jpg\",\"width\":840,\"height\":470},{\"@type\":\"BreadcrumbList\",\"@id\":\"https:\\\/\\\/radioljubuski.ba\\\/index.php\\\/2021\\\/06\\\/27\\\/kresic-sdp-bih-je-bosnjacka-stranka-njihovu-pricu-u-zagrebu-promicu-samo-nevazni-umirovljenici\\\/#breadcrumb\",\"itemListElement\":[{\"@type\":\"ListItem\",\"position\":1,\"name\":\"Po\u010detna stranica\",\"item\":\"https:\\\/\\\/radioljubuski.ba\\\/\"},{\"@type\":\"ListItem\",\"position\":2,\"name\":\"Kre\u0161i\u0107: SDP BiH je bo\u0161nja\u010dka stranka. Njihovu pri\u010du u Zagrebu promi\u010du samo neva\u017eni umirovljenici\"}]},{\"@type\":\"WebSite\",\"@id\":\"https:\\\/\\\/radioljubuski.ba\\\/#website\",\"url\":\"https:\\\/\\\/radioljubuski.ba\\\/\",\"name\":\"Radio Ljubu\u0161ki\",\"description\":\"Sun\u010dana frekvencija Hercegovine\",\"publisher\":{\"@id\":\"https:\\\/\\\/radioljubuski.ba\\\/#organization\"},\"potentialAction\":[{\"@type\":\"SearchAction\",\"target\":{\"@type\":\"EntryPoint\",\"urlTemplate\":\"https:\\\/\\\/radioljubuski.ba\\\/?s={search_term_string}\"},\"query-input\":{\"@type\":\"PropertyValueSpecification\",\"valueRequired\":true,\"valueName\":\"search_term_string\"}}],\"inLanguage\":\"hr\"},{\"@type\":\"Organization\",\"@id\":\"https:\\\/\\\/radioljubuski.ba\\\/#organization\",\"name\":\"Radio Ljubu\u0161ki\",\"url\":\"https:\\\/\\\/radioljubuski.ba\\\/\",\"logo\":{\"@type\":\"ImageObject\",\"inLanguage\":\"hr\",\"@id\":\"https:\\\/\\\/radioljubuski.ba\\\/#\\\/schema\\\/logo\\\/image\\\/\",\"url\":\"https:\\\/\\\/radioljubuski.ba\\\/wp-content\\\/uploads\\\/2021\\\/02\\\/cropped-Radio_Ljubuski_logo1.jpg\",\"contentUrl\":\"https:\\\/\\\/radioljubuski.ba\\\/wp-content\\\/uploads\\\/2021\\\/02\\\/cropped-Radio_Ljubuski_logo1.jpg\",\"width\":512,\"height\":512,\"caption\":\"Radio Ljubu\u0161ki\"},\"image\":{\"@id\":\"https:\\\/\\\/radioljubuski.ba\\\/#\\\/schema\\\/logo\\\/image\\\/\"},\"sameAs\":[\"https:\\\/\\\/www.facebook.com\\\/Radiio-Ljubuski-1490835324566332\",\"https:\\\/\\\/x.com\\\/radioljubuski\",\"https:\\\/\\\/hr.linkedin.com\\\/company\\\/radio-ljubuski\",\"https:\\\/\\\/www.youtube.com\\\/channel\\\/UCHYaeO_n0Db3tjNGudGpXyw\"]},{\"@type\":\"Person\",\"@id\":\"https:\\\/\\\/radioljubuski.ba\\\/#\\\/schema\\\/person\\\/19fc700381a780f69665d7956c469e3b\",\"name\":\"Radio Ljubu\u0161ki\"}]}<\/script>\n<!-- \/ Yoast SEO plugin. -->","yoast_head_json":{"title":"Kre\u0161i\u0107: SDP BiH je bo\u0161nja\u010dka stranka. Njihovu pri\u010du u Zagrebu promi\u010du samo neva\u017eni umirovljenici - RADIO LJUBU\u0160KI","robots":{"index":"index","follow":"follow","max-snippet":"max-snippet:-1","max-image-preview":"max-image-preview:large","max-video-preview":"max-video-preview:-1"},"canonical":"https:\/\/radioljubuski.ba\/index.php\/2021\/06\/27\/kresic-sdp-bih-je-bosnjacka-stranka-njihovu-pricu-u-zagrebu-promicu-samo-nevazni-umirovljenici\/","og_locale":"hr_HR","og_type":"article","og_title":"Kre\u0161i\u0107: SDP BiH je bo\u0161nja\u010dka stranka. Njihovu pri\u010du u Zagrebu promi\u010du samo neva\u017eni umirovljenici - RADIO LJUBU\u0160KI","og_description":"\u201cAko se izuzmu neva\u017eni penzioneri Stjepan Mesi\u0107, Jadranka Kosor \u2026 ponajprije zahvaljuju\u0107i Zoranu Milanovi\u0107u, Toninu Piculi, ali i Orsatu Miljeni\u0107u, Biljani Borzan \u2026 i nizu drugih va\u017enih politi\u010dara \u2026 u Hrvatskoj na ljevici, dok se desnica podrazumijeva, se odli\u010dno razumije da se Hrvati&nbsp; u BiH nalaze pod ugrozom bo\u0161nja\u010dkog nacionalizma\u201d, ocijenio je. Politi\u010dki sukob zagreba\u010dkog [&hellip;]","og_url":"https:\/\/radioljubuski.ba\/index.php\/2021\/06\/27\/kresic-sdp-bih-je-bosnjacka-stranka-njihovu-pricu-u-zagrebu-promicu-samo-nevazni-umirovljenici\/","og_site_name":"RADIO LJUBU\u0160KI","article_publisher":"https:\/\/www.facebook.com\/Radiio-Ljubuski-1490835324566332","article_published_time":"2021-06-27T15:34:34+00:00","article_modified_time":"2021-06-27T15:34:35+00:00","og_image":[{"width":840,"height":470,"url":"https:\/\/radioljubuski.ba\/wp-content\/uploads\/2021\/06\/kresic_4.jpg","type":"image\/jpeg"}],"author":"Radio Ljubu\u0161ki","twitter_card":"summary_large_image","twitter_creator":"@radioljubuski","twitter_site":"@radioljubuski","twitter_misc":{"Napisao\/la":"Radio Ljubu\u0161ki","Procijenjeno vrijeme \u010ditanja":"3 minute"},"schema":{"@context":"https:\/\/schema.org","@graph":[{"@type":"Article","@id":"https:\/\/radioljubuski.ba\/index.php\/2021\/06\/27\/kresic-sdp-bih-je-bosnjacka-stranka-njihovu-pricu-u-zagrebu-promicu-samo-nevazni-umirovljenici\/#article","isPartOf":{"@id":"https:\/\/radioljubuski.ba\/index.php\/2021\/06\/27\/kresic-sdp-bih-je-bosnjacka-stranka-njihovu-pricu-u-zagrebu-promicu-samo-nevazni-umirovljenici\/"},"author":{"name":"Radio Ljubu\u0161ki","@id":"https:\/\/radioljubuski.ba\/#\/schema\/person\/19fc700381a780f69665d7956c469e3b"},"headline":"Kre\u0161i\u0107: SDP BiH je bo\u0161nja\u010dka stranka. Njihovu pri\u010du u Zagrebu promi\u010du samo neva\u017eni umirovljenici","datePublished":"2021-06-27T15:34:34+00:00","dateModified":"2021-06-27T15:34:35+00:00","mainEntityOfPage":{"@id":"https:\/\/radioljubuski.ba\/index.php\/2021\/06\/27\/kresic-sdp-bih-je-bosnjacka-stranka-njihovu-pricu-u-zagrebu-promicu-samo-nevazni-umirovljenici\/"},"wordCount":669,"publisher":{"@id":"https:\/\/radioljubuski.ba\/#organization"},"image":{"@id":"https:\/\/radioljubuski.ba\/index.php\/2021\/06\/27\/kresic-sdp-bih-je-bosnjacka-stranka-njihovu-pricu-u-zagrebu-promicu-samo-nevazni-umirovljenici\/#primaryimage"},"thumbnailUrl":"https:\/\/radioljubuski.ba\/wp-content\/uploads\/2021\/06\/kresic_4.jpg","articleSection":["BIH i regija"],"inLanguage":"hr"},{"@type":"WebPage","@id":"https:\/\/radioljubuski.ba\/index.php\/2021\/06\/27\/kresic-sdp-bih-je-bosnjacka-stranka-njihovu-pricu-u-zagrebu-promicu-samo-nevazni-umirovljenici\/","url":"https:\/\/radioljubuski.ba\/index.php\/2021\/06\/27\/kresic-sdp-bih-je-bosnjacka-stranka-njihovu-pricu-u-zagrebu-promicu-samo-nevazni-umirovljenici\/","name":"Kre\u0161i\u0107: SDP BiH je bo\u0161nja\u010dka stranka. Njihovu pri\u010du u Zagrebu promi\u010du samo neva\u017eni umirovljenici - RADIO LJUBU\u0160KI","isPartOf":{"@id":"https:\/\/radioljubuski.ba\/#website"},"primaryImageOfPage":{"@id":"https:\/\/radioljubuski.ba\/index.php\/2021\/06\/27\/kresic-sdp-bih-je-bosnjacka-stranka-njihovu-pricu-u-zagrebu-promicu-samo-nevazni-umirovljenici\/#primaryimage"},"image":{"@id":"https:\/\/radioljubuski.ba\/index.php\/2021\/06\/27\/kresic-sdp-bih-je-bosnjacka-stranka-njihovu-pricu-u-zagrebu-promicu-samo-nevazni-umirovljenici\/#primaryimage"},"thumbnailUrl":"https:\/\/radioljubuski.ba\/wp-content\/uploads\/2021\/06\/kresic_4.jpg","datePublished":"2021-06-27T15:34:34+00:00","dateModified":"2021-06-27T15:34:35+00:00","breadcrumb":{"@id":"https:\/\/radioljubuski.ba\/index.php\/2021\/06\/27\/kresic-sdp-bih-je-bosnjacka-stranka-njihovu-pricu-u-zagrebu-promicu-samo-nevazni-umirovljenici\/#breadcrumb"},"inLanguage":"hr","potentialAction":[{"@type":"ReadAction","target":["https:\/\/radioljubuski.ba\/index.php\/2021\/06\/27\/kresic-sdp-bih-je-bosnjacka-stranka-njihovu-pricu-u-zagrebu-promicu-samo-nevazni-umirovljenici\/"]}]},{"@type":"ImageObject","inLanguage":"hr","@id":"https:\/\/radioljubuski.ba\/index.php\/2021\/06\/27\/kresic-sdp-bih-je-bosnjacka-stranka-njihovu-pricu-u-zagrebu-promicu-samo-nevazni-umirovljenici\/#primaryimage","url":"https:\/\/radioljubuski.ba\/wp-content\/uploads\/2021\/06\/kresic_4.jpg","contentUrl":"https:\/\/radioljubuski.ba\/wp-content\/uploads\/2021\/06\/kresic_4.jpg","width":840,"height":470},{"@type":"BreadcrumbList","@id":"https:\/\/radioljubuski.ba\/index.php\/2021\/06\/27\/kresic-sdp-bih-je-bosnjacka-stranka-njihovu-pricu-u-zagrebu-promicu-samo-nevazni-umirovljenici\/#breadcrumb","itemListElement":[{"@type":"ListItem","position":1,"name":"Po\u010detna stranica","item":"https:\/\/radioljubuski.ba\/"},{"@type":"ListItem","position":2,"name":"Kre\u0161i\u0107: SDP BiH je bo\u0161nja\u010dka stranka. Njihovu pri\u010du u Zagrebu promi\u010du samo neva\u017eni umirovljenici"}]},{"@type":"WebSite","@id":"https:\/\/radioljubuski.ba\/#website","url":"https:\/\/radioljubuski.ba\/","name":"Radio Ljubu\u0161ki","description":"Sun\u010dana frekvencija Hercegovine","publisher":{"@id":"https:\/\/radioljubuski.ba\/#organization"},"potentialAction":[{"@type":"SearchAction","target":{"@type":"EntryPoint","urlTemplate":"https:\/\/radioljubuski.ba\/?s={search_term_string}"},"query-input":{"@type":"PropertyValueSpecification","valueRequired":true,"valueName":"search_term_string"}}],"inLanguage":"hr"},{"@type":"Organization","@id":"https:\/\/radioljubuski.ba\/#organization","name":"Radio Ljubu\u0161ki","url":"https:\/\/radioljubuski.ba\/","logo":{"@type":"ImageObject","inLanguage":"hr","@id":"https:\/\/radioljubuski.ba\/#\/schema\/logo\/image\/","url":"https:\/\/radioljubuski.ba\/wp-content\/uploads\/2021\/02\/cropped-Radio_Ljubuski_logo1.jpg","contentUrl":"https:\/\/radioljubuski.ba\/wp-content\/uploads\/2021\/02\/cropped-Radio_Ljubuski_logo1.jpg","width":512,"height":512,"caption":"Radio Ljubu\u0161ki"},"image":{"@id":"https:\/\/radioljubuski.ba\/#\/schema\/logo\/image\/"},"sameAs":["https:\/\/www.facebook.com\/Radiio-Ljubuski-1490835324566332","https:\/\/x.com\/radioljubuski","https:\/\/hr.linkedin.com\/company\/radio-ljubuski","https:\/\/www.youtube.com\/channel\/UCHYaeO_n0Db3tjNGudGpXyw"]},{"@type":"Person","@id":"https:\/\/radioljubuski.ba\/#\/schema\/person\/19fc700381a780f69665d7956c469e3b","name":"Radio Ljubu\u0161ki"}]}},"_links":{"self":[{"href":"https:\/\/radioljubuski.ba\/index.php\/wp-json\/wp\/v2\/posts\/36480","targetHints":{"allow":["GET"]}}],"collection":[{"href":"https:\/\/radioljubuski.ba\/index.php\/wp-json\/wp\/v2\/posts"}],"about":[{"href":"https:\/\/radioljubuski.ba\/index.php\/wp-json\/wp\/v2\/types\/post"}],"author":[{"embeddable":true,"href":"https:\/\/radioljubuski.ba\/index.php\/wp-json\/wp\/v2\/users\/2"}],"replies":[{"embeddable":true,"href":"https:\/\/radioljubuski.ba\/index.php\/wp-json\/wp\/v2\/comments?post=36480"}],"version-history":[{"count":1,"href":"https:\/\/radioljubuski.ba\/index.php\/wp-json\/wp\/v2\/posts\/36480\/revisions"}],"predecessor-version":[{"id":36482,"href":"https:\/\/radioljubuski.ba\/index.php\/wp-json\/wp\/v2\/posts\/36480\/revisions\/36482"}],"wp:featuredmedia":[{"embeddable":true,"href":"https:\/\/radioljubuski.ba\/index.php\/wp-json\/wp\/v2\/media\/36481"}],"wp:attachment":[{"href":"https:\/\/radioljubuski.ba\/index.php\/wp-json\/wp\/v2\/media?parent=36480"}],"wp:term":[{"taxonomy":"category","embeddable":true,"href":"https:\/\/radioljubuski.ba\/index.php\/wp-json\/wp\/v2\/categories?post=36480"},{"taxonomy":"post_tag","embeddable":true,"href":"https:\/\/radioljubuski.ba\/index.php\/wp-json\/wp\/v2\/tags?post=36480"}],"curies":[{"name":"wp","href":"https:\/\/api.w.org\/{rel}","templated":true}]}}