{"id":36483,"date":"2021-06-27T16:35:51","date_gmt":"2021-06-27T15:35:51","guid":{"rendered":"https:\/\/radioljubuski.ba\/?p=36483"},"modified":"2021-06-27T16:35:53","modified_gmt":"2021-06-27T15:35:53","slug":"mladi-u-sarajevu-predstavili-svoje-videnje-buduceg-uredenja-bih","status":"publish","type":"post","link":"https:\/\/radioljubuski.ba\/index.php\/2021\/06\/27\/mladi-u-sarajevu-predstavili-svoje-videnje-buduceg-uredenja-bih\/","title":{"rendered":"Mladi u Sarajevu predstavili svoje vi\u0111enje budu\u0107eg ure\u0111enja BiH"},"content":{"rendered":"\n<p>Ustavotvorna skup\u0161tina mladih danas je na pres-konferenciji u Sarajevu predstavila svoj prijedlog novog Ustava Bosne i Hercegovine koji, izme\u0111u ostalog, predvi\u0111a izmjenu Izbornog zakona BiH, provedbu presuda Europskog suda za ljudska prava, prepoznaje vitalnu ulogu mladih, nadopunjava katalog ljudskih prava, ja\u010da dr\u017eavnu vlast, te uvodi regionalna vije\u0107a na ni\u017eim nivoima vlasti.<\/p>\n\n\n\n<p>Istaknuto je da su analiza trenutnog ustavnog ure\u0111enja, identificiranje mana i nedostataka, te prijedlozi za unaprje\u0111enje ideje 15 mladih ljudi iz cijele BiH koji su sudjelovali u provedbi projekta Ustavotvorna skup\u0161tina mladih: Mladi za budu\u0107nost Bosne i Hercegovine, prenosi Fena.<\/p>\n\n\n\n<p>Tako\u0111er, navedeno je da je vizija tih mladih ljudi da Bosna i Hercegovina bude federalna demokratska dr\u017eava s tri federalne jedinice, da tro\u010dlano Predsjedni\u0161tvo BiH bude zamijenjeno jednim predsjednikom\/com, a da se \u010dlanovi Ustavnog suda BiH biraju isklju\u010divo s prostora BiH<\/p>\n\n\n\n<p>Predlo\u017eeni Ustav BiH princip konstitutivnosti mijenja principom pluralnosti, a vitalni nacionalni interes postaje interes svih naroda koji \u017eive na prostoru BiH i naziva se vitalni narodni interes.&nbsp;<\/p>\n\n\n\n<p>Koordinatorica projekta Enna Zone \u0110onli\u0107 rekla je da smo obilje\u017eili 25. godi\u0161njicu Daytonskog mirovnog sporazuma i njegovog Aneksa 4 bez ve\u0107ih promjena u Ustavu BiH, te da novi Ustav mora dolaziti iznutra i da ga trebaju kreirati mladi u zemlji jer je kona\u010dno vrijeme da mladi dignu svoj glas i vokaliziraju promjene koje \u017eele vidjeti.<\/p>\n\n\n\n<p>&#8211; Projekt je proiza\u0161ao iz zasi\u0107enosti da svi analiziraju i isti\u010du probleme, bez nu\u0111enja konkretnih rje\u0161enja. Na\u0161 Ustav nudi rje\u0161enja koja pojedine europske i svjetske dr\u017eave tek treba da uklju\u010de u svoje pravne poretke i inkluzivan je prema svim narodima koji \u017eive u BiH. Nadamo se da \u0107e Ustav potaknuti diskusiju i pokrenuti prijeko potrebne promjene &#8211; izjavila je Enna Zone \u0110onli\u0107 iz Ustavotvorne skup\u0161tine mladih.<\/p>\n\n\n\n<p>Dnevnik.ba<\/p>\n","protected":false},"excerpt":{"rendered":"<p>Ustavotvorna skup\u0161tina mladih danas je na pres-konferenciji u Sarajevu predstavila svoj prijedlog novog Ustava Bosne i Hercegovine koji, izme\u0111u ostalog, predvi\u0111a izmjenu Izbornog zakona BiH, provedbu presuda Europskog suda za ljudska prava, prepoznaje vitalnu ulogu mladih, nadopunjava katalog ljudskih prava, ja\u010da dr\u017eavnu vlast, te uvodi regionalna vije\u0107a na ni\u017eim nivoima vlasti. Istaknuto je da su [&hellip;]<\/p>\n","protected":false},"author":2,"featured_media":36484,"comment_status":"closed","ping_status":"closed","sticky":false,"template":"","format":"standard","meta":{"h5ap_radio_sources":[],"footnotes":""},"categories":[1],"tags":[],"class_list":["post-36483","post","type-post","status-publish","format-standard","has-post-thumbnail","hentry","category-bihiregija"],"yoast_head":"<!-- This site is optimized with the Yoast SEO plugin v27.5 - https:\/\/yoast.com\/product\/yoast-seo-wordpress\/ -->\n<title>Mladi u Sarajevu predstavili svoje vi\u0111enje budu\u0107eg ure\u0111enja BiH - RADIO LJUBU\u0160KI<\/title>\n<meta name=\"robots\" content=\"index, follow, max-snippet:-1, max-image-preview:large, max-video-preview:-1\" \/>\n<link rel=\"canonical\" href=\"https:\/\/radioljubuski.ba\/index.php\/2021\/06\/27\/mladi-u-sarajevu-predstavili-svoje-videnje-buduceg-uredenja-bih\/\" \/>\n<meta property=\"og:locale\" content=\"hr_HR\" \/>\n<meta property=\"og:type\" content=\"article\" \/>\n<meta property=\"og:title\" content=\"Mladi u Sarajevu predstavili svoje vi\u0111enje budu\u0107eg ure\u0111enja BiH - RADIO LJUBU\u0160KI\" \/>\n<meta property=\"og:description\" content=\"Ustavotvorna skup\u0161tina mladih danas je na pres-konferenciji u Sarajevu predstavila svoj prijedlog novog Ustava Bosne i Hercegovine koji, izme\u0111u ostalog, predvi\u0111a izmjenu Izbornog zakona BiH, provedbu presuda Europskog suda za ljudska prava, prepoznaje vitalnu ulogu mladih, nadopunjava katalog ljudskih prava, ja\u010da dr\u017eavnu vlast, te uvodi regionalna vije\u0107a na ni\u017eim nivoima vlasti. Istaknuto je da su [&hellip;]\" \/>\n<meta property=\"og:url\" content=\"https:\/\/radioljubuski.ba\/index.php\/2021\/06\/27\/mladi-u-sarajevu-predstavili-svoje-videnje-buduceg-uredenja-bih\/\" \/>\n<meta property=\"og:site_name\" content=\"RADIO LJUBU\u0160KI\" \/>\n<meta property=\"article:publisher\" content=\"https:\/\/www.facebook.com\/Radiio-Ljubuski-1490835324566332\" \/>\n<meta property=\"article:published_time\" content=\"2021-06-27T15:35:51+00:00\" \/>\n<meta property=\"article:modified_time\" content=\"2021-06-27T15:35:53+00:00\" \/>\n<meta property=\"og:image\" content=\"https:\/\/radioljubuski.ba\/wp-content\/uploads\/2021\/06\/bih_zastava.jpg\" \/>\n\t<meta property=\"og:image:width\" content=\"840\" \/>\n\t<meta property=\"og:image:height\" content=\"470\" \/>\n\t<meta property=\"og:image:type\" content=\"image\/jpeg\" \/>\n<meta name=\"author\" content=\"Radio Ljubu\u0161ki\" \/>\n<meta name=\"twitter:card\" content=\"summary_large_image\" \/>\n<meta name=\"twitter:creator\" content=\"@radioljubuski\" \/>\n<meta name=\"twitter:site\" content=\"@radioljubuski\" \/>\n<meta name=\"twitter:label1\" content=\"Napisao\/la\" \/>\n\t<meta name=\"twitter:data1\" content=\"Radio Ljubu\u0161ki\" \/>\n\t<meta name=\"twitter:label2\" content=\"Procijenjeno vrijeme \u010ditanja\" \/>\n\t<meta name=\"twitter:data2\" content=\"2 minute\" \/>\n<script type=\"application\/ld+json\" class=\"yoast-schema-graph\">{\"@context\":\"https:\\\/\\\/schema.org\",\"@graph\":[{\"@type\":\"Article\",\"@id\":\"https:\\\/\\\/radioljubuski.ba\\\/index.php\\\/2021\\\/06\\\/27\\\/mladi-u-sarajevu-predstavili-svoje-videnje-buduceg-uredenja-bih\\\/#article\",\"isPartOf\":{\"@id\":\"https:\\\/\\\/radioljubuski.ba\\\/index.php\\\/2021\\\/06\\\/27\\\/mladi-u-sarajevu-predstavili-svoje-videnje-buduceg-uredenja-bih\\\/\"},\"author\":{\"name\":\"Radio Ljubu\u0161ki\",\"@id\":\"https:\\\/\\\/radioljubuski.ba\\\/#\\\/schema\\\/person\\\/19fc700381a780f69665d7956c469e3b\"},\"headline\":\"Mladi u Sarajevu predstavili svoje vi\u0111enje budu\u0107eg ure\u0111enja BiH\",\"datePublished\":\"2021-06-27T15:35:51+00:00\",\"dateModified\":\"2021-06-27T15:35:53+00:00\",\"mainEntityOfPage\":{\"@id\":\"https:\\\/\\\/radioljubuski.ba\\\/index.php\\\/2021\\\/06\\\/27\\\/mladi-u-sarajevu-predstavili-svoje-videnje-buduceg-uredenja-bih\\\/\"},\"wordCount\":323,\"publisher\":{\"@id\":\"https:\\\/\\\/radioljubuski.ba\\\/#organization\"},\"image\":{\"@id\":\"https:\\\/\\\/radioljubuski.ba\\\/index.php\\\/2021\\\/06\\\/27\\\/mladi-u-sarajevu-predstavili-svoje-videnje-buduceg-uredenja-bih\\\/#primaryimage\"},\"thumbnailUrl\":\"https:\\\/\\\/radioljubuski.ba\\\/wp-content\\\/uploads\\\/2021\\\/06\\\/bih_zastava.jpg\",\"articleSection\":[\"BIH i regija\"],\"inLanguage\":\"hr\"},{\"@type\":\"WebPage\",\"@id\":\"https:\\\/\\\/radioljubuski.ba\\\/index.php\\\/2021\\\/06\\\/27\\\/mladi-u-sarajevu-predstavili-svoje-videnje-buduceg-uredenja-bih\\\/\",\"url\":\"https:\\\/\\\/radioljubuski.ba\\\/index.php\\\/2021\\\/06\\\/27\\\/mladi-u-sarajevu-predstavili-svoje-videnje-buduceg-uredenja-bih\\\/\",\"name\":\"Mladi u Sarajevu predstavili svoje vi\u0111enje budu\u0107eg ure\u0111enja BiH - RADIO LJUBU\u0160KI\",\"isPartOf\":{\"@id\":\"https:\\\/\\\/radioljubuski.ba\\\/#website\"},\"primaryImageOfPage\":{\"@id\":\"https:\\\/\\\/radioljubuski.ba\\\/index.php\\\/2021\\\/06\\\/27\\\/mladi-u-sarajevu-predstavili-svoje-videnje-buduceg-uredenja-bih\\\/#primaryimage\"},\"image\":{\"@id\":\"https:\\\/\\\/radioljubuski.ba\\\/index.php\\\/2021\\\/06\\\/27\\\/mladi-u-sarajevu-predstavili-svoje-videnje-buduceg-uredenja-bih\\\/#primaryimage\"},\"thumbnailUrl\":\"https:\\\/\\\/radioljubuski.ba\\\/wp-content\\\/uploads\\\/2021\\\/06\\\/bih_zastava.jpg\",\"datePublished\":\"2021-06-27T15:35:51+00:00\",\"dateModified\":\"2021-06-27T15:35:53+00:00\",\"breadcrumb\":{\"@id\":\"https:\\\/\\\/radioljubuski.ba\\\/index.php\\\/2021\\\/06\\\/27\\\/mladi-u-sarajevu-predstavili-svoje-videnje-buduceg-uredenja-bih\\\/#breadcrumb\"},\"inLanguage\":\"hr\",\"potentialAction\":[{\"@type\":\"ReadAction\",\"target\":[\"https:\\\/\\\/radioljubuski.ba\\\/index.php\\\/2021\\\/06\\\/27\\\/mladi-u-sarajevu-predstavili-svoje-videnje-buduceg-uredenja-bih\\\/\"]}]},{\"@type\":\"ImageObject\",\"inLanguage\":\"hr\",\"@id\":\"https:\\\/\\\/radioljubuski.ba\\\/index.php\\\/2021\\\/06\\\/27\\\/mladi-u-sarajevu-predstavili-svoje-videnje-buduceg-uredenja-bih\\\/#primaryimage\",\"url\":\"https:\\\/\\\/radioljubuski.ba\\\/wp-content\\\/uploads\\\/2021\\\/06\\\/bih_zastava.jpg\",\"contentUrl\":\"https:\\\/\\\/radioljubuski.ba\\\/wp-content\\\/uploads\\\/2021\\\/06\\\/bih_zastava.jpg\",\"width\":840,\"height\":470},{\"@type\":\"BreadcrumbList\",\"@id\":\"https:\\\/\\\/radioljubuski.ba\\\/index.php\\\/2021\\\/06\\\/27\\\/mladi-u-sarajevu-predstavili-svoje-videnje-buduceg-uredenja-bih\\\/#breadcrumb\",\"itemListElement\":[{\"@type\":\"ListItem\",\"position\":1,\"name\":\"Po\u010detna stranica\",\"item\":\"https:\\\/\\\/radioljubuski.ba\\\/\"},{\"@type\":\"ListItem\",\"position\":2,\"name\":\"Mladi u Sarajevu predstavili svoje vi\u0111enje budu\u0107eg ure\u0111enja BiH\"}]},{\"@type\":\"WebSite\",\"@id\":\"https:\\\/\\\/radioljubuski.ba\\\/#website\",\"url\":\"https:\\\/\\\/radioljubuski.ba\\\/\",\"name\":\"Radio Ljubu\u0161ki\",\"description\":\"Sun\u010dana frekvencija Hercegovine\",\"publisher\":{\"@id\":\"https:\\\/\\\/radioljubuski.ba\\\/#organization\"},\"potentialAction\":[{\"@type\":\"SearchAction\",\"target\":{\"@type\":\"EntryPoint\",\"urlTemplate\":\"https:\\\/\\\/radioljubuski.ba\\\/?s={search_term_string}\"},\"query-input\":{\"@type\":\"PropertyValueSpecification\",\"valueRequired\":true,\"valueName\":\"search_term_string\"}}],\"inLanguage\":\"hr\"},{\"@type\":\"Organization\",\"@id\":\"https:\\\/\\\/radioljubuski.ba\\\/#organization\",\"name\":\"Radio Ljubu\u0161ki\",\"url\":\"https:\\\/\\\/radioljubuski.ba\\\/\",\"logo\":{\"@type\":\"ImageObject\",\"inLanguage\":\"hr\",\"@id\":\"https:\\\/\\\/radioljubuski.ba\\\/#\\\/schema\\\/logo\\\/image\\\/\",\"url\":\"https:\\\/\\\/radioljubuski.ba\\\/wp-content\\\/uploads\\\/2021\\\/02\\\/cropped-Radio_Ljubuski_logo1.jpg\",\"contentUrl\":\"https:\\\/\\\/radioljubuski.ba\\\/wp-content\\\/uploads\\\/2021\\\/02\\\/cropped-Radio_Ljubuski_logo1.jpg\",\"width\":512,\"height\":512,\"caption\":\"Radio Ljubu\u0161ki\"},\"image\":{\"@id\":\"https:\\\/\\\/radioljubuski.ba\\\/#\\\/schema\\\/logo\\\/image\\\/\"},\"sameAs\":[\"https:\\\/\\\/www.facebook.com\\\/Radiio-Ljubuski-1490835324566332\",\"https:\\\/\\\/x.com\\\/radioljubuski\",\"https:\\\/\\\/hr.linkedin.com\\\/company\\\/radio-ljubuski\",\"https:\\\/\\\/www.youtube.com\\\/channel\\\/UCHYaeO_n0Db3tjNGudGpXyw\"]},{\"@type\":\"Person\",\"@id\":\"https:\\\/\\\/radioljubuski.ba\\\/#\\\/schema\\\/person\\\/19fc700381a780f69665d7956c469e3b\",\"name\":\"Radio Ljubu\u0161ki\"}]}<\/script>\n<!-- \/ Yoast SEO plugin. -->","yoast_head_json":{"title":"Mladi u Sarajevu predstavili svoje vi\u0111enje budu\u0107eg ure\u0111enja BiH - RADIO LJUBU\u0160KI","robots":{"index":"index","follow":"follow","max-snippet":"max-snippet:-1","max-image-preview":"max-image-preview:large","max-video-preview":"max-video-preview:-1"},"canonical":"https:\/\/radioljubuski.ba\/index.php\/2021\/06\/27\/mladi-u-sarajevu-predstavili-svoje-videnje-buduceg-uredenja-bih\/","og_locale":"hr_HR","og_type":"article","og_title":"Mladi u Sarajevu predstavili svoje vi\u0111enje budu\u0107eg ure\u0111enja BiH - RADIO LJUBU\u0160KI","og_description":"Ustavotvorna skup\u0161tina mladih danas je na pres-konferenciji u Sarajevu predstavila svoj prijedlog novog Ustava Bosne i Hercegovine koji, izme\u0111u ostalog, predvi\u0111a izmjenu Izbornog zakona BiH, provedbu presuda Europskog suda za ljudska prava, prepoznaje vitalnu ulogu mladih, nadopunjava katalog ljudskih prava, ja\u010da dr\u017eavnu vlast, te uvodi regionalna vije\u0107a na ni\u017eim nivoima vlasti. Istaknuto je da su [&hellip;]","og_url":"https:\/\/radioljubuski.ba\/index.php\/2021\/06\/27\/mladi-u-sarajevu-predstavili-svoje-videnje-buduceg-uredenja-bih\/","og_site_name":"RADIO LJUBU\u0160KI","article_publisher":"https:\/\/www.facebook.com\/Radiio-Ljubuski-1490835324566332","article_published_time":"2021-06-27T15:35:51+00:00","article_modified_time":"2021-06-27T15:35:53+00:00","og_image":[{"width":840,"height":470,"url":"https:\/\/radioljubuski.ba\/wp-content\/uploads\/2021\/06\/bih_zastava.jpg","type":"image\/jpeg"}],"author":"Radio Ljubu\u0161ki","twitter_card":"summary_large_image","twitter_creator":"@radioljubuski","twitter_site":"@radioljubuski","twitter_misc":{"Napisao\/la":"Radio Ljubu\u0161ki","Procijenjeno vrijeme \u010ditanja":"2 minute"},"schema":{"@context":"https:\/\/schema.org","@graph":[{"@type":"Article","@id":"https:\/\/radioljubuski.ba\/index.php\/2021\/06\/27\/mladi-u-sarajevu-predstavili-svoje-videnje-buduceg-uredenja-bih\/#article","isPartOf":{"@id":"https:\/\/radioljubuski.ba\/index.php\/2021\/06\/27\/mladi-u-sarajevu-predstavili-svoje-videnje-buduceg-uredenja-bih\/"},"author":{"name":"Radio Ljubu\u0161ki","@id":"https:\/\/radioljubuski.ba\/#\/schema\/person\/19fc700381a780f69665d7956c469e3b"},"headline":"Mladi u Sarajevu predstavili svoje vi\u0111enje budu\u0107eg ure\u0111enja BiH","datePublished":"2021-06-27T15:35:51+00:00","dateModified":"2021-06-27T15:35:53+00:00","mainEntityOfPage":{"@id":"https:\/\/radioljubuski.ba\/index.php\/2021\/06\/27\/mladi-u-sarajevu-predstavili-svoje-videnje-buduceg-uredenja-bih\/"},"wordCount":323,"publisher":{"@id":"https:\/\/radioljubuski.ba\/#organization"},"image":{"@id":"https:\/\/radioljubuski.ba\/index.php\/2021\/06\/27\/mladi-u-sarajevu-predstavili-svoje-videnje-buduceg-uredenja-bih\/#primaryimage"},"thumbnailUrl":"https:\/\/radioljubuski.ba\/wp-content\/uploads\/2021\/06\/bih_zastava.jpg","articleSection":["BIH i regija"],"inLanguage":"hr"},{"@type":"WebPage","@id":"https:\/\/radioljubuski.ba\/index.php\/2021\/06\/27\/mladi-u-sarajevu-predstavili-svoje-videnje-buduceg-uredenja-bih\/","url":"https:\/\/radioljubuski.ba\/index.php\/2021\/06\/27\/mladi-u-sarajevu-predstavili-svoje-videnje-buduceg-uredenja-bih\/","name":"Mladi u Sarajevu predstavili svoje vi\u0111enje budu\u0107eg ure\u0111enja BiH - RADIO LJUBU\u0160KI","isPartOf":{"@id":"https:\/\/radioljubuski.ba\/#website"},"primaryImageOfPage":{"@id":"https:\/\/radioljubuski.ba\/index.php\/2021\/06\/27\/mladi-u-sarajevu-predstavili-svoje-videnje-buduceg-uredenja-bih\/#primaryimage"},"image":{"@id":"https:\/\/radioljubuski.ba\/index.php\/2021\/06\/27\/mladi-u-sarajevu-predstavili-svoje-videnje-buduceg-uredenja-bih\/#primaryimage"},"thumbnailUrl":"https:\/\/radioljubuski.ba\/wp-content\/uploads\/2021\/06\/bih_zastava.jpg","datePublished":"2021-06-27T15:35:51+00:00","dateModified":"2021-06-27T15:35:53+00:00","breadcrumb":{"@id":"https:\/\/radioljubuski.ba\/index.php\/2021\/06\/27\/mladi-u-sarajevu-predstavili-svoje-videnje-buduceg-uredenja-bih\/#breadcrumb"},"inLanguage":"hr","potentialAction":[{"@type":"ReadAction","target":["https:\/\/radioljubuski.ba\/index.php\/2021\/06\/27\/mladi-u-sarajevu-predstavili-svoje-videnje-buduceg-uredenja-bih\/"]}]},{"@type":"ImageObject","inLanguage":"hr","@id":"https:\/\/radioljubuski.ba\/index.php\/2021\/06\/27\/mladi-u-sarajevu-predstavili-svoje-videnje-buduceg-uredenja-bih\/#primaryimage","url":"https:\/\/radioljubuski.ba\/wp-content\/uploads\/2021\/06\/bih_zastava.jpg","contentUrl":"https:\/\/radioljubuski.ba\/wp-content\/uploads\/2021\/06\/bih_zastava.jpg","width":840,"height":470},{"@type":"BreadcrumbList","@id":"https:\/\/radioljubuski.ba\/index.php\/2021\/06\/27\/mladi-u-sarajevu-predstavili-svoje-videnje-buduceg-uredenja-bih\/#breadcrumb","itemListElement":[{"@type":"ListItem","position":1,"name":"Po\u010detna stranica","item":"https:\/\/radioljubuski.ba\/"},{"@type":"ListItem","position":2,"name":"Mladi u Sarajevu predstavili svoje vi\u0111enje budu\u0107eg ure\u0111enja BiH"}]},{"@type":"WebSite","@id":"https:\/\/radioljubuski.ba\/#website","url":"https:\/\/radioljubuski.ba\/","name":"Radio Ljubu\u0161ki","description":"Sun\u010dana frekvencija Hercegovine","publisher":{"@id":"https:\/\/radioljubuski.ba\/#organization"},"potentialAction":[{"@type":"SearchAction","target":{"@type":"EntryPoint","urlTemplate":"https:\/\/radioljubuski.ba\/?s={search_term_string}"},"query-input":{"@type":"PropertyValueSpecification","valueRequired":true,"valueName":"search_term_string"}}],"inLanguage":"hr"},{"@type":"Organization","@id":"https:\/\/radioljubuski.ba\/#organization","name":"Radio Ljubu\u0161ki","url":"https:\/\/radioljubuski.ba\/","logo":{"@type":"ImageObject","inLanguage":"hr","@id":"https:\/\/radioljubuski.ba\/#\/schema\/logo\/image\/","url":"https:\/\/radioljubuski.ba\/wp-content\/uploads\/2021\/02\/cropped-Radio_Ljubuski_logo1.jpg","contentUrl":"https:\/\/radioljubuski.ba\/wp-content\/uploads\/2021\/02\/cropped-Radio_Ljubuski_logo1.jpg","width":512,"height":512,"caption":"Radio Ljubu\u0161ki"},"image":{"@id":"https:\/\/radioljubuski.ba\/#\/schema\/logo\/image\/"},"sameAs":["https:\/\/www.facebook.com\/Radiio-Ljubuski-1490835324566332","https:\/\/x.com\/radioljubuski","https:\/\/hr.linkedin.com\/company\/radio-ljubuski","https:\/\/www.youtube.com\/channel\/UCHYaeO_n0Db3tjNGudGpXyw"]},{"@type":"Person","@id":"https:\/\/radioljubuski.ba\/#\/schema\/person\/19fc700381a780f69665d7956c469e3b","name":"Radio Ljubu\u0161ki"}]}},"_links":{"self":[{"href":"https:\/\/radioljubuski.ba\/index.php\/wp-json\/wp\/v2\/posts\/36483","targetHints":{"allow":["GET"]}}],"collection":[{"href":"https:\/\/radioljubuski.ba\/index.php\/wp-json\/wp\/v2\/posts"}],"about":[{"href":"https:\/\/radioljubuski.ba\/index.php\/wp-json\/wp\/v2\/types\/post"}],"author":[{"embeddable":true,"href":"https:\/\/radioljubuski.ba\/index.php\/wp-json\/wp\/v2\/users\/2"}],"replies":[{"embeddable":true,"href":"https:\/\/radioljubuski.ba\/index.php\/wp-json\/wp\/v2\/comments?post=36483"}],"version-history":[{"count":1,"href":"https:\/\/radioljubuski.ba\/index.php\/wp-json\/wp\/v2\/posts\/36483\/revisions"}],"predecessor-version":[{"id":36485,"href":"https:\/\/radioljubuski.ba\/index.php\/wp-json\/wp\/v2\/posts\/36483\/revisions\/36485"}],"wp:featuredmedia":[{"embeddable":true,"href":"https:\/\/radioljubuski.ba\/index.php\/wp-json\/wp\/v2\/media\/36484"}],"wp:attachment":[{"href":"https:\/\/radioljubuski.ba\/index.php\/wp-json\/wp\/v2\/media?parent=36483"}],"wp:term":[{"taxonomy":"category","embeddable":true,"href":"https:\/\/radioljubuski.ba\/index.php\/wp-json\/wp\/v2\/categories?post=36483"},{"taxonomy":"post_tag","embeddable":true,"href":"https:\/\/radioljubuski.ba\/index.php\/wp-json\/wp\/v2\/tags?post=36483"}],"curies":[{"name":"wp","href":"https:\/\/api.w.org\/{rel}","templated":true}]}}