{"id":36490,"date":"2021-06-27T16:38:48","date_gmt":"2021-06-27T15:38:48","guid":{"rendered":"https:\/\/radioljubuski.ba\/?p=36490"},"modified":"2021-06-27T16:38:49","modified_gmt":"2021-06-27T15:38:49","slug":"sukob-oko-decka-prijateljicu-25-puta-ubola-nozem-u-grudi","status":"publish","type":"post","link":"https:\/\/radioljubuski.ba\/index.php\/2021\/06\/27\/sukob-oko-decka-prijateljicu-25-puta-ubola-nozem-u-grudi\/","title":{"rendered":"Sukob oko de\u010dka: Prijateljicu 25 puta ubola no\u017eem u grudi"},"content":{"rendered":"\n<p>Prema neslu\u017ebenim izvorima, A. G., koja se ranije profesionalno bavila boksom, i S.R. su se prvo potukle kod stare tvornice \u0161e\u0161ira u Zrenjaninu, pi\u0161u tamo\u0161nji mediji.<\/p>\n\n\n\n<p>Dvadesetosmogodi\u0161nja Zrenjaninka A. G., koja je u \u010detvrtak uhi\u0107ena zbog sumnje da je 25 puta u grudi ubola S.R. navodno je htjela usmrtiti&nbsp;prijateljicu iz ljubomore, prenose srbijanski mediji.<\/p>\n\n\n\n<p>Sva\u0111a&nbsp;je nastala zbog jednog mu\u0161karca. Prema neslu\u017ebenim izvorima, A. G., koja se ranije profesionalno bavila boksom, i S.R. su se prvo potukle kod stare tvornice \u0161e\u0161ira u Zrenjaninu, pi\u0161u tamo\u0161nji mediji.<\/p>\n\n\n\n<p>\u2013 Kako su posvjedo\u010dili o\u010devici, oni su kroz prozor vidjeli da se djevojke tuku. Onda se vidjelo navodno da jedna vadi no\u017e iz torbe i mahnito ubada drugu \u017eenu. Kada su joj pri\u0161li, vidjeli su zariven no\u017e. Upla\u0161ili se i po\u010deli zvati policiju i Hitnu pomo\u0107, navode izvori. \u010cak su razmi\u0161ljali i trebaju li sami izvaditi&nbsp;sje\u010divo ubodenog no\u017ea, ali su odustali da ne bi jo\u0161 vi\u0161e ozlijedili \u017eenu \u2013 prenose mediji iz Srbije.<\/p>\n\n\n\n<p>Kako poja\u0161njava sugovornik srbijanskog medija, motiv nezapam\u0107enog zlo\u010dina navodno je ljubomora djevojke napada\u010da.<\/p>\n\n\n\n<p>Dnevnik.ba<\/p>\n","protected":false},"excerpt":{"rendered":"<p>Prema neslu\u017ebenim izvorima, A. G., koja se ranije profesionalno bavila boksom, i S.R. su se prvo potukle kod stare tvornice \u0161e\u0161ira u Zrenjaninu, pi\u0161u tamo\u0161nji mediji. Dvadesetosmogodi\u0161nja Zrenjaninka A. G., koja je u \u010detvrtak uhi\u0107ena zbog sumnje da je 25 puta u grudi ubola S.R. navodno je htjela usmrtiti&nbsp;prijateljicu iz ljubomore, prenose srbijanski mediji. Sva\u0111a&nbsp;je [&hellip;]<\/p>\n","protected":false},"author":2,"featured_media":36491,"comment_status":"closed","ping_status":"closed","sticky":false,"template":"","format":"standard","meta":{"h5ap_radio_sources":[],"footnotes":""},"categories":[1],"tags":[],"class_list":["post-36490","post","type-post","status-publish","format-standard","has-post-thumbnail","hentry","category-bihiregija"],"yoast_head":"<!-- This site is optimized with the Yoast SEO plugin v27.5 - https:\/\/yoast.com\/product\/yoast-seo-wordpress\/ -->\n<title>Sukob oko de\u010dka: Prijateljicu 25 puta ubola no\u017eem u grudi - RADIO LJUBU\u0160KI<\/title>\n<meta name=\"robots\" content=\"index, follow, max-snippet:-1, max-image-preview:large, max-video-preview:-1\" \/>\n<link rel=\"canonical\" href=\"https:\/\/radioljubuski.ba\/index.php\/2021\/06\/27\/sukob-oko-decka-prijateljicu-25-puta-ubola-nozem-u-grudi\/\" \/>\n<meta property=\"og:locale\" content=\"hr_HR\" \/>\n<meta property=\"og:type\" content=\"article\" \/>\n<meta property=\"og:title\" content=\"Sukob oko de\u010dka: Prijateljicu 25 puta ubola no\u017eem u grudi - RADIO LJUBU\u0160KI\" \/>\n<meta property=\"og:description\" content=\"Prema neslu\u017ebenim izvorima, A. G., koja se ranije profesionalno bavila boksom, i S.R. su se prvo potukle kod stare tvornice \u0161e\u0161ira u Zrenjaninu, pi\u0161u tamo\u0161nji mediji. Dvadesetosmogodi\u0161nja Zrenjaninka A. G., koja je u \u010detvrtak uhi\u0107ena zbog sumnje da je 25 puta u grudi ubola S.R. navodno je htjela usmrtiti&nbsp;prijateljicu iz ljubomore, prenose srbijanski mediji. Sva\u0111a&nbsp;je [&hellip;]\" \/>\n<meta property=\"og:url\" content=\"https:\/\/radioljubuski.ba\/index.php\/2021\/06\/27\/sukob-oko-decka-prijateljicu-25-puta-ubola-nozem-u-grudi\/\" \/>\n<meta property=\"og:site_name\" content=\"RADIO LJUBU\u0160KI\" \/>\n<meta property=\"article:publisher\" content=\"https:\/\/www.facebook.com\/Radiio-Ljubuski-1490835324566332\" \/>\n<meta property=\"article:published_time\" content=\"2021-06-27T15:38:48+00:00\" \/>\n<meta property=\"article:modified_time\" content=\"2021-06-27T15:38:49+00:00\" \/>\n<meta property=\"og:image\" content=\"https:\/\/radioljubuski.ba\/wp-content\/uploads\/2021\/06\/screenshot_9-30.png\" \/>\n\t<meta property=\"og:image:width\" content=\"840\" \/>\n\t<meta property=\"og:image:height\" content=\"470\" \/>\n\t<meta property=\"og:image:type\" content=\"image\/png\" \/>\n<meta name=\"author\" content=\"Radio Ljubu\u0161ki\" \/>\n<meta name=\"twitter:card\" content=\"summary_large_image\" \/>\n<meta name=\"twitter:creator\" content=\"@radioljubuski\" \/>\n<meta name=\"twitter:site\" content=\"@radioljubuski\" \/>\n<meta name=\"twitter:label1\" content=\"Napisao\/la\" \/>\n\t<meta name=\"twitter:data1\" content=\"Radio Ljubu\u0161ki\" \/>\n\t<meta name=\"twitter:label2\" content=\"Procijenjeno vrijeme \u010ditanja\" \/>\n\t<meta name=\"twitter:data2\" content=\"1 minuta\" \/>\n<script type=\"application\/ld+json\" class=\"yoast-schema-graph\">{\"@context\":\"https:\\\/\\\/schema.org\",\"@graph\":[{\"@type\":\"Article\",\"@id\":\"https:\\\/\\\/radioljubuski.ba\\\/index.php\\\/2021\\\/06\\\/27\\\/sukob-oko-decka-prijateljicu-25-puta-ubola-nozem-u-grudi\\\/#article\",\"isPartOf\":{\"@id\":\"https:\\\/\\\/radioljubuski.ba\\\/index.php\\\/2021\\\/06\\\/27\\\/sukob-oko-decka-prijateljicu-25-puta-ubola-nozem-u-grudi\\\/\"},\"author\":{\"name\":\"Radio Ljubu\u0161ki\",\"@id\":\"https:\\\/\\\/radioljubuski.ba\\\/#\\\/schema\\\/person\\\/19fc700381a780f69665d7956c469e3b\"},\"headline\":\"Sukob oko de\u010dka: Prijateljicu 25 puta ubola no\u017eem u grudi\",\"datePublished\":\"2021-06-27T15:38:48+00:00\",\"dateModified\":\"2021-06-27T15:38:49+00:00\",\"mainEntityOfPage\":{\"@id\":\"https:\\\/\\\/radioljubuski.ba\\\/index.php\\\/2021\\\/06\\\/27\\\/sukob-oko-decka-prijateljicu-25-puta-ubola-nozem-u-grudi\\\/\"},\"wordCount\":215,\"publisher\":{\"@id\":\"https:\\\/\\\/radioljubuski.ba\\\/#organization\"},\"image\":{\"@id\":\"https:\\\/\\\/radioljubuski.ba\\\/index.php\\\/2021\\\/06\\\/27\\\/sukob-oko-decka-prijateljicu-25-puta-ubola-nozem-u-grudi\\\/#primaryimage\"},\"thumbnailUrl\":\"https:\\\/\\\/radioljubuski.ba\\\/wp-content\\\/uploads\\\/2021\\\/06\\\/screenshot_9-30.png\",\"articleSection\":[\"BIH i regija\"],\"inLanguage\":\"hr\"},{\"@type\":\"WebPage\",\"@id\":\"https:\\\/\\\/radioljubuski.ba\\\/index.php\\\/2021\\\/06\\\/27\\\/sukob-oko-decka-prijateljicu-25-puta-ubola-nozem-u-grudi\\\/\",\"url\":\"https:\\\/\\\/radioljubuski.ba\\\/index.php\\\/2021\\\/06\\\/27\\\/sukob-oko-decka-prijateljicu-25-puta-ubola-nozem-u-grudi\\\/\",\"name\":\"Sukob oko de\u010dka: Prijateljicu 25 puta ubola no\u017eem u grudi - RADIO LJUBU\u0160KI\",\"isPartOf\":{\"@id\":\"https:\\\/\\\/radioljubuski.ba\\\/#website\"},\"primaryImageOfPage\":{\"@id\":\"https:\\\/\\\/radioljubuski.ba\\\/index.php\\\/2021\\\/06\\\/27\\\/sukob-oko-decka-prijateljicu-25-puta-ubola-nozem-u-grudi\\\/#primaryimage\"},\"image\":{\"@id\":\"https:\\\/\\\/radioljubuski.ba\\\/index.php\\\/2021\\\/06\\\/27\\\/sukob-oko-decka-prijateljicu-25-puta-ubola-nozem-u-grudi\\\/#primaryimage\"},\"thumbnailUrl\":\"https:\\\/\\\/radioljubuski.ba\\\/wp-content\\\/uploads\\\/2021\\\/06\\\/screenshot_9-30.png\",\"datePublished\":\"2021-06-27T15:38:48+00:00\",\"dateModified\":\"2021-06-27T15:38:49+00:00\",\"breadcrumb\":{\"@id\":\"https:\\\/\\\/radioljubuski.ba\\\/index.php\\\/2021\\\/06\\\/27\\\/sukob-oko-decka-prijateljicu-25-puta-ubola-nozem-u-grudi\\\/#breadcrumb\"},\"inLanguage\":\"hr\",\"potentialAction\":[{\"@type\":\"ReadAction\",\"target\":[\"https:\\\/\\\/radioljubuski.ba\\\/index.php\\\/2021\\\/06\\\/27\\\/sukob-oko-decka-prijateljicu-25-puta-ubola-nozem-u-grudi\\\/\"]}]},{\"@type\":\"ImageObject\",\"inLanguage\":\"hr\",\"@id\":\"https:\\\/\\\/radioljubuski.ba\\\/index.php\\\/2021\\\/06\\\/27\\\/sukob-oko-decka-prijateljicu-25-puta-ubola-nozem-u-grudi\\\/#primaryimage\",\"url\":\"https:\\\/\\\/radioljubuski.ba\\\/wp-content\\\/uploads\\\/2021\\\/06\\\/screenshot_9-30.png\",\"contentUrl\":\"https:\\\/\\\/radioljubuski.ba\\\/wp-content\\\/uploads\\\/2021\\\/06\\\/screenshot_9-30.png\",\"width\":840,\"height\":470},{\"@type\":\"BreadcrumbList\",\"@id\":\"https:\\\/\\\/radioljubuski.ba\\\/index.php\\\/2021\\\/06\\\/27\\\/sukob-oko-decka-prijateljicu-25-puta-ubola-nozem-u-grudi\\\/#breadcrumb\",\"itemListElement\":[{\"@type\":\"ListItem\",\"position\":1,\"name\":\"Po\u010detna stranica\",\"item\":\"https:\\\/\\\/radioljubuski.ba\\\/\"},{\"@type\":\"ListItem\",\"position\":2,\"name\":\"Sukob oko de\u010dka: Prijateljicu 25 puta ubola no\u017eem u grudi\"}]},{\"@type\":\"WebSite\",\"@id\":\"https:\\\/\\\/radioljubuski.ba\\\/#website\",\"url\":\"https:\\\/\\\/radioljubuski.ba\\\/\",\"name\":\"Radio Ljubu\u0161ki\",\"description\":\"Sun\u010dana frekvencija Hercegovine\",\"publisher\":{\"@id\":\"https:\\\/\\\/radioljubuski.ba\\\/#organization\"},\"potentialAction\":[{\"@type\":\"SearchAction\",\"target\":{\"@type\":\"EntryPoint\",\"urlTemplate\":\"https:\\\/\\\/radioljubuski.ba\\\/?s={search_term_string}\"},\"query-input\":{\"@type\":\"PropertyValueSpecification\",\"valueRequired\":true,\"valueName\":\"search_term_string\"}}],\"inLanguage\":\"hr\"},{\"@type\":\"Organization\",\"@id\":\"https:\\\/\\\/radioljubuski.ba\\\/#organization\",\"name\":\"Radio Ljubu\u0161ki\",\"url\":\"https:\\\/\\\/radioljubuski.ba\\\/\",\"logo\":{\"@type\":\"ImageObject\",\"inLanguage\":\"hr\",\"@id\":\"https:\\\/\\\/radioljubuski.ba\\\/#\\\/schema\\\/logo\\\/image\\\/\",\"url\":\"https:\\\/\\\/radioljubuski.ba\\\/wp-content\\\/uploads\\\/2021\\\/02\\\/cropped-Radio_Ljubuski_logo1.jpg\",\"contentUrl\":\"https:\\\/\\\/radioljubuski.ba\\\/wp-content\\\/uploads\\\/2021\\\/02\\\/cropped-Radio_Ljubuski_logo1.jpg\",\"width\":512,\"height\":512,\"caption\":\"Radio Ljubu\u0161ki\"},\"image\":{\"@id\":\"https:\\\/\\\/radioljubuski.ba\\\/#\\\/schema\\\/logo\\\/image\\\/\"},\"sameAs\":[\"https:\\\/\\\/www.facebook.com\\\/Radiio-Ljubuski-1490835324566332\",\"https:\\\/\\\/x.com\\\/radioljubuski\",\"https:\\\/\\\/hr.linkedin.com\\\/company\\\/radio-ljubuski\",\"https:\\\/\\\/www.youtube.com\\\/channel\\\/UCHYaeO_n0Db3tjNGudGpXyw\"]},{\"@type\":\"Person\",\"@id\":\"https:\\\/\\\/radioljubuski.ba\\\/#\\\/schema\\\/person\\\/19fc700381a780f69665d7956c469e3b\",\"name\":\"Radio Ljubu\u0161ki\"}]}<\/script>\n<!-- \/ Yoast SEO plugin. -->","yoast_head_json":{"title":"Sukob oko de\u010dka: Prijateljicu 25 puta ubola no\u017eem u grudi - RADIO LJUBU\u0160KI","robots":{"index":"index","follow":"follow","max-snippet":"max-snippet:-1","max-image-preview":"max-image-preview:large","max-video-preview":"max-video-preview:-1"},"canonical":"https:\/\/radioljubuski.ba\/index.php\/2021\/06\/27\/sukob-oko-decka-prijateljicu-25-puta-ubola-nozem-u-grudi\/","og_locale":"hr_HR","og_type":"article","og_title":"Sukob oko de\u010dka: Prijateljicu 25 puta ubola no\u017eem u grudi - RADIO LJUBU\u0160KI","og_description":"Prema neslu\u017ebenim izvorima, A. G., koja se ranije profesionalno bavila boksom, i S.R. su se prvo potukle kod stare tvornice \u0161e\u0161ira u Zrenjaninu, pi\u0161u tamo\u0161nji mediji. Dvadesetosmogodi\u0161nja Zrenjaninka A. G., koja je u \u010detvrtak uhi\u0107ena zbog sumnje da je 25 puta u grudi ubola S.R. navodno je htjela usmrtiti&nbsp;prijateljicu iz ljubomore, prenose srbijanski mediji. Sva\u0111a&nbsp;je [&hellip;]","og_url":"https:\/\/radioljubuski.ba\/index.php\/2021\/06\/27\/sukob-oko-decka-prijateljicu-25-puta-ubola-nozem-u-grudi\/","og_site_name":"RADIO LJUBU\u0160KI","article_publisher":"https:\/\/www.facebook.com\/Radiio-Ljubuski-1490835324566332","article_published_time":"2021-06-27T15:38:48+00:00","article_modified_time":"2021-06-27T15:38:49+00:00","og_image":[{"width":840,"height":470,"url":"https:\/\/radioljubuski.ba\/wp-content\/uploads\/2021\/06\/screenshot_9-30.png","type":"image\/png"}],"author":"Radio Ljubu\u0161ki","twitter_card":"summary_large_image","twitter_creator":"@radioljubuski","twitter_site":"@radioljubuski","twitter_misc":{"Napisao\/la":"Radio Ljubu\u0161ki","Procijenjeno vrijeme \u010ditanja":"1 minuta"},"schema":{"@context":"https:\/\/schema.org","@graph":[{"@type":"Article","@id":"https:\/\/radioljubuski.ba\/index.php\/2021\/06\/27\/sukob-oko-decka-prijateljicu-25-puta-ubola-nozem-u-grudi\/#article","isPartOf":{"@id":"https:\/\/radioljubuski.ba\/index.php\/2021\/06\/27\/sukob-oko-decka-prijateljicu-25-puta-ubola-nozem-u-grudi\/"},"author":{"name":"Radio Ljubu\u0161ki","@id":"https:\/\/radioljubuski.ba\/#\/schema\/person\/19fc700381a780f69665d7956c469e3b"},"headline":"Sukob oko de\u010dka: Prijateljicu 25 puta ubola no\u017eem u grudi","datePublished":"2021-06-27T15:38:48+00:00","dateModified":"2021-06-27T15:38:49+00:00","mainEntityOfPage":{"@id":"https:\/\/radioljubuski.ba\/index.php\/2021\/06\/27\/sukob-oko-decka-prijateljicu-25-puta-ubola-nozem-u-grudi\/"},"wordCount":215,"publisher":{"@id":"https:\/\/radioljubuski.ba\/#organization"},"image":{"@id":"https:\/\/radioljubuski.ba\/index.php\/2021\/06\/27\/sukob-oko-decka-prijateljicu-25-puta-ubola-nozem-u-grudi\/#primaryimage"},"thumbnailUrl":"https:\/\/radioljubuski.ba\/wp-content\/uploads\/2021\/06\/screenshot_9-30.png","articleSection":["BIH i regija"],"inLanguage":"hr"},{"@type":"WebPage","@id":"https:\/\/radioljubuski.ba\/index.php\/2021\/06\/27\/sukob-oko-decka-prijateljicu-25-puta-ubola-nozem-u-grudi\/","url":"https:\/\/radioljubuski.ba\/index.php\/2021\/06\/27\/sukob-oko-decka-prijateljicu-25-puta-ubola-nozem-u-grudi\/","name":"Sukob oko de\u010dka: Prijateljicu 25 puta ubola no\u017eem u grudi - RADIO LJUBU\u0160KI","isPartOf":{"@id":"https:\/\/radioljubuski.ba\/#website"},"primaryImageOfPage":{"@id":"https:\/\/radioljubuski.ba\/index.php\/2021\/06\/27\/sukob-oko-decka-prijateljicu-25-puta-ubola-nozem-u-grudi\/#primaryimage"},"image":{"@id":"https:\/\/radioljubuski.ba\/index.php\/2021\/06\/27\/sukob-oko-decka-prijateljicu-25-puta-ubola-nozem-u-grudi\/#primaryimage"},"thumbnailUrl":"https:\/\/radioljubuski.ba\/wp-content\/uploads\/2021\/06\/screenshot_9-30.png","datePublished":"2021-06-27T15:38:48+00:00","dateModified":"2021-06-27T15:38:49+00:00","breadcrumb":{"@id":"https:\/\/radioljubuski.ba\/index.php\/2021\/06\/27\/sukob-oko-decka-prijateljicu-25-puta-ubola-nozem-u-grudi\/#breadcrumb"},"inLanguage":"hr","potentialAction":[{"@type":"ReadAction","target":["https:\/\/radioljubuski.ba\/index.php\/2021\/06\/27\/sukob-oko-decka-prijateljicu-25-puta-ubola-nozem-u-grudi\/"]}]},{"@type":"ImageObject","inLanguage":"hr","@id":"https:\/\/radioljubuski.ba\/index.php\/2021\/06\/27\/sukob-oko-decka-prijateljicu-25-puta-ubola-nozem-u-grudi\/#primaryimage","url":"https:\/\/radioljubuski.ba\/wp-content\/uploads\/2021\/06\/screenshot_9-30.png","contentUrl":"https:\/\/radioljubuski.ba\/wp-content\/uploads\/2021\/06\/screenshot_9-30.png","width":840,"height":470},{"@type":"BreadcrumbList","@id":"https:\/\/radioljubuski.ba\/index.php\/2021\/06\/27\/sukob-oko-decka-prijateljicu-25-puta-ubola-nozem-u-grudi\/#breadcrumb","itemListElement":[{"@type":"ListItem","position":1,"name":"Po\u010detna stranica","item":"https:\/\/radioljubuski.ba\/"},{"@type":"ListItem","position":2,"name":"Sukob oko de\u010dka: Prijateljicu 25 puta ubola no\u017eem u grudi"}]},{"@type":"WebSite","@id":"https:\/\/radioljubuski.ba\/#website","url":"https:\/\/radioljubuski.ba\/","name":"Radio Ljubu\u0161ki","description":"Sun\u010dana frekvencija Hercegovine","publisher":{"@id":"https:\/\/radioljubuski.ba\/#organization"},"potentialAction":[{"@type":"SearchAction","target":{"@type":"EntryPoint","urlTemplate":"https:\/\/radioljubuski.ba\/?s={search_term_string}"},"query-input":{"@type":"PropertyValueSpecification","valueRequired":true,"valueName":"search_term_string"}}],"inLanguage":"hr"},{"@type":"Organization","@id":"https:\/\/radioljubuski.ba\/#organization","name":"Radio Ljubu\u0161ki","url":"https:\/\/radioljubuski.ba\/","logo":{"@type":"ImageObject","inLanguage":"hr","@id":"https:\/\/radioljubuski.ba\/#\/schema\/logo\/image\/","url":"https:\/\/radioljubuski.ba\/wp-content\/uploads\/2021\/02\/cropped-Radio_Ljubuski_logo1.jpg","contentUrl":"https:\/\/radioljubuski.ba\/wp-content\/uploads\/2021\/02\/cropped-Radio_Ljubuski_logo1.jpg","width":512,"height":512,"caption":"Radio Ljubu\u0161ki"},"image":{"@id":"https:\/\/radioljubuski.ba\/#\/schema\/logo\/image\/"},"sameAs":["https:\/\/www.facebook.com\/Radiio-Ljubuski-1490835324566332","https:\/\/x.com\/radioljubuski","https:\/\/hr.linkedin.com\/company\/radio-ljubuski","https:\/\/www.youtube.com\/channel\/UCHYaeO_n0Db3tjNGudGpXyw"]},{"@type":"Person","@id":"https:\/\/radioljubuski.ba\/#\/schema\/person\/19fc700381a780f69665d7956c469e3b","name":"Radio Ljubu\u0161ki"}]}},"_links":{"self":[{"href":"https:\/\/radioljubuski.ba\/index.php\/wp-json\/wp\/v2\/posts\/36490","targetHints":{"allow":["GET"]}}],"collection":[{"href":"https:\/\/radioljubuski.ba\/index.php\/wp-json\/wp\/v2\/posts"}],"about":[{"href":"https:\/\/radioljubuski.ba\/index.php\/wp-json\/wp\/v2\/types\/post"}],"author":[{"embeddable":true,"href":"https:\/\/radioljubuski.ba\/index.php\/wp-json\/wp\/v2\/users\/2"}],"replies":[{"embeddable":true,"href":"https:\/\/radioljubuski.ba\/index.php\/wp-json\/wp\/v2\/comments?post=36490"}],"version-history":[{"count":1,"href":"https:\/\/radioljubuski.ba\/index.php\/wp-json\/wp\/v2\/posts\/36490\/revisions"}],"predecessor-version":[{"id":36492,"href":"https:\/\/radioljubuski.ba\/index.php\/wp-json\/wp\/v2\/posts\/36490\/revisions\/36492"}],"wp:featuredmedia":[{"embeddable":true,"href":"https:\/\/radioljubuski.ba\/index.php\/wp-json\/wp\/v2\/media\/36491"}],"wp:attachment":[{"href":"https:\/\/radioljubuski.ba\/index.php\/wp-json\/wp\/v2\/media?parent=36490"}],"wp:term":[{"taxonomy":"category","embeddable":true,"href":"https:\/\/radioljubuski.ba\/index.php\/wp-json\/wp\/v2\/categories?post=36490"},{"taxonomy":"post_tag","embeddable":true,"href":"https:\/\/radioljubuski.ba\/index.php\/wp-json\/wp\/v2\/tags?post=36490"}],"curies":[{"name":"wp","href":"https:\/\/api.w.org\/{rel}","templated":true}]}}