{"id":36496,"date":"2021-06-27T16:42:30","date_gmt":"2021-06-27T15:42:30","guid":{"rendered":"https:\/\/radioljubuski.ba\/?p=36496"},"modified":"2021-06-27T16:42:31","modified_gmt":"2021-06-27T15:42:31","slug":"dobio-nobelovu-nagradu-za-mir-pa-pokrenuo-rat-u-svojoj-zemlji-optuzbe-su-uzasne","status":"publish","type":"post","link":"https:\/\/radioljubuski.ba\/index.php\/2021\/06\/27\/dobio-nobelovu-nagradu-za-mir-pa-pokrenuo-rat-u-svojoj-zemlji-optuzbe-su-uzasne\/","title":{"rendered":"Dobio Nobelovu nagradu za mir pa pokrenuo rat u svojoj zemlji, optu\u017ebe su u\u017easne"},"content":{"rendered":"\n<p>Prije dvije godine dobio je Nobela za mir jer je oslobodio politi\u010dke zatvorenike i pomirio se s Eritrejom. Odbacuje sve optu\u017ebe Stravi\u010dan pokolj dogodio se u gradu Togoga u etiopskoj regiji Tigray, gdje su bombarderi vladinih snaga u utorak raketirali tr\u017enicu pri \u010demu je ubijeno najmanje 60 ljudi. Napad je uslijedio nakon \u0161to su posljednjih dana stanovnici svjedo\u010dili novim sukobima sjeverno od regionalne prijestolnice Mekelle. U Tigrayu, gdje se vojska od studenoga pro\u0161le godine bori sa snagama lojalnim Narodnooslobodila\u010dkom frontu (TPLF), biv\u0161oj vladaju\u0107oj stranci u regiji, nisu odr\u017eani izbori koji su u ponedjeljak organizirani diljem zemlje.<\/p>\n\n\n\n<p><strong>Gladuje 90 posto ljudi<\/strong><\/p>\n\n\n\n<p>Zbog sigurnosnih problema i problema s glasa\u010dkim listi\u0107ima odgo\u0111eni su izbori u jo\u0161 dvije regije. Etiopski vojni glasnogovornik Getnet Adane nije ni potvrdio ni porekao incident. Po njegovim rije\u010dima, zra\u010dni napadi uobi\u010dajena su vojna taktika, a vladine snage, tvrdi, ne ciljaju civile. Svjedoci tvrde da je bomba pala na tr\u017enicu oko 13 sati, u vrijeme kada je na njoj bilo najvi\u0161e ljudi.<\/p>\n\n\n\n<p>Prema rije\u010dima svjedoka, \u010dula se stra\u0161na detonacija, a nakon toga uslijedio je zastra\u0161uju\u0107i prizor, ranjeni i mrtvi na sve strane, jauci i pla\u010d djece i dozivanje u pomo\u0107. Nevladine organizacije i aktivisti za ljudska prava za napad optu\u017euju etiopskog premijera Abiya Ahmeda kojeg, uz ostalo, optu\u017euju i da koristi glad kao oru\u017eje protiv neposlu\u0161ne regije Tigray s kojom je vodio rat pro\u0161le godine. Vladi spo\u010ditavaju da civilima u Tigrayu odbija dopremiti hranu zbog \u010dega se njih vi\u0161e od 350 tisu\u0107a suo\u010dava s katastrofalnom nesta\u0161icom hrane, prema procjenama agencija Ujedinjenih naroda, pi\u0161e&nbsp;<a href=\"https:\/\/www.vecernji.hr\/vijesti\/dobio-nobelovu-nagradu-za-mir-pa-pokrenuo-rat-u-svojoj-zemlji-optuzbe-protiv-njega-su-uzasne-1503194\" target=\"_blank\" rel=\"noreferrer noopener\">Vecernji.hr<\/a>.<\/p>\n\n\n\n<p>Tako\u0111er, Linda Thomas-Greenfield, ameri\u010dka veleposlanica pri UN-u, kazala je da u Tigrayu vi\u0161e od 90 posto stanovni\u0161tva treba hitnu pomo\u0107 u hrani. Premijer odbacuje optu\u017ebe i govori da je njegova vlada spremna rije\u0161iti probleme u Tigrayu.<\/p>\n\n\n\n<p>Premijer Ahmed je prije dvije godine dobio Nobelovu nagradu za mir jer je oslobodio politi\u010dke zatvorenike i pomirio se s Eritrejom, ali sada mnogi \u017eale zbog te dodjele, a neki ka\u017eu da ga je to samo potaknulo na jo\u0161 ve\u0107e pokolje<\/p>\n\n\n\n<p>Nagradu je osvojio zahvaljuju\u0107i naporima da prekine dugogodi\u0161nji konflikt izme\u0111u Etiopije i susjedne Eritreje. A to je u\u010dinio tako \u0161to je odmah nakon preuzimanja premijerske funkcije donio odluku o prepu\u0161tanju grada Badme Eritreji. To je bilo podru\u010dje sukoba vi\u0161e od 20 godina, a nijedan dosada\u0161nji vo\u0111a Etiopije nije ni pomi\u0161ljao na kompromis. No, nakon posljednjih doga\u0111aja optu\u017euju ga da koristi gnusne metode protiv svog naroda.<\/p>\n\n\n\n<p><strong>Usporedbe sa Suu Kyi<\/strong><\/p>\n\n\n\n<p>Sve vi\u0161e kritika dolazi na ra\u010dun premijera Abiya Ahmeda i mnogi analiti\u010dari ne isklju\u010duju mogu\u0107nost da \u0107e jednog dana odgovarati za zlo\u010dine koje je po\u010dinila njegova vlada. Neki ga uspore\u0111uju s biv\u0161om \u010delnicom Mjanmara Aung San Suu Kyi, koja je 1991. tako\u0111er dobila Nobelovu nagradu za mir, ali je kasnije izgubila me\u0111unarodno povjerenje jer nije reagirala na progon Rohind\u017ea koji je provodila vojska Mjanmara.<\/p>\n\n\n\n<p>Dnevnik.ba<\/p>\n","protected":false},"excerpt":{"rendered":"<p>Prije dvije godine dobio je Nobela za mir jer je oslobodio politi\u010dke zatvorenike i pomirio se s Eritrejom. Odbacuje sve optu\u017ebe Stravi\u010dan pokolj dogodio se u gradu Togoga u etiopskoj regiji Tigray, gdje su bombarderi vladinih snaga u utorak raketirali tr\u017enicu pri \u010demu je ubijeno najmanje 60 ljudi. Napad je uslijedio nakon \u0161to su posljednjih [&hellip;]<\/p>\n","protected":false},"author":2,"featured_media":36497,"comment_status":"closed","ping_status":"closed","sticky":false,"template":"","format":"standard","meta":{"h5ap_radio_sources":[],"footnotes":""},"categories":[1],"tags":[],"class_list":["post-36496","post","type-post","status-publish","format-standard","has-post-thumbnail","hentry","category-bihiregija"],"yoast_head":"<!-- This site is optimized with the Yoast SEO plugin v27.5 - https:\/\/yoast.com\/product\/yoast-seo-wordpress\/ -->\n<title>Dobio Nobelovu nagradu za mir pa pokrenuo rat u svojoj zemlji, optu\u017ebe su u\u017easne - RADIO LJUBU\u0160KI<\/title>\n<meta name=\"robots\" content=\"index, follow, max-snippet:-1, max-image-preview:large, max-video-preview:-1\" \/>\n<link rel=\"canonical\" href=\"https:\/\/radioljubuski.ba\/index.php\/2021\/06\/27\/dobio-nobelovu-nagradu-za-mir-pa-pokrenuo-rat-u-svojoj-zemlji-optuzbe-su-uzasne\/\" \/>\n<meta property=\"og:locale\" content=\"hr_HR\" \/>\n<meta property=\"og:type\" content=\"article\" \/>\n<meta property=\"og:title\" content=\"Dobio Nobelovu nagradu za mir pa pokrenuo rat u svojoj zemlji, optu\u017ebe su u\u017easne - RADIO LJUBU\u0160KI\" \/>\n<meta property=\"og:description\" content=\"Prije dvije godine dobio je Nobela za mir jer je oslobodio politi\u010dke zatvorenike i pomirio se s Eritrejom. Odbacuje sve optu\u017ebe Stravi\u010dan pokolj dogodio se u gradu Togoga u etiopskoj regiji Tigray, gdje su bombarderi vladinih snaga u utorak raketirali tr\u017enicu pri \u010demu je ubijeno najmanje 60 ljudi. Napad je uslijedio nakon \u0161to su posljednjih [&hellip;]\" \/>\n<meta property=\"og:url\" content=\"https:\/\/radioljubuski.ba\/index.php\/2021\/06\/27\/dobio-nobelovu-nagradu-za-mir-pa-pokrenuo-rat-u-svojoj-zemlji-optuzbe-su-uzasne\/\" \/>\n<meta property=\"og:site_name\" content=\"RADIO LJUBU\u0160KI\" \/>\n<meta property=\"article:publisher\" content=\"https:\/\/www.facebook.com\/Radiio-Ljubuski-1490835324566332\" \/>\n<meta property=\"article:published_time\" content=\"2021-06-27T15:42:30+00:00\" \/>\n<meta property=\"article:modified_time\" content=\"2021-06-27T15:42:31+00:00\" \/>\n<meta property=\"og:image\" content=\"https:\/\/radioljubuski.ba\/wp-content\/uploads\/2021\/06\/4d85dfdfbd1f9d20ee2d.jpeg\" \/>\n\t<meta property=\"og:image:width\" content=\"840\" \/>\n\t<meta property=\"og:image:height\" content=\"470\" \/>\n\t<meta property=\"og:image:type\" content=\"image\/jpeg\" \/>\n<meta name=\"author\" content=\"Radio Ljubu\u0161ki\" \/>\n<meta name=\"twitter:card\" content=\"summary_large_image\" \/>\n<meta name=\"twitter:creator\" content=\"@radioljubuski\" \/>\n<meta name=\"twitter:site\" content=\"@radioljubuski\" \/>\n<meta name=\"twitter:label1\" content=\"Napisao\/la\" \/>\n\t<meta name=\"twitter:data1\" content=\"Radio Ljubu\u0161ki\" \/>\n\t<meta name=\"twitter:label2\" content=\"Procijenjeno vrijeme \u010ditanja\" \/>\n\t<meta name=\"twitter:data2\" content=\"3 minute\" \/>\n<script type=\"application\/ld+json\" class=\"yoast-schema-graph\">{\"@context\":\"https:\\\/\\\/schema.org\",\"@graph\":[{\"@type\":\"Article\",\"@id\":\"https:\\\/\\\/radioljubuski.ba\\\/index.php\\\/2021\\\/06\\\/27\\\/dobio-nobelovu-nagradu-za-mir-pa-pokrenuo-rat-u-svojoj-zemlji-optuzbe-su-uzasne\\\/#article\",\"isPartOf\":{\"@id\":\"https:\\\/\\\/radioljubuski.ba\\\/index.php\\\/2021\\\/06\\\/27\\\/dobio-nobelovu-nagradu-za-mir-pa-pokrenuo-rat-u-svojoj-zemlji-optuzbe-su-uzasne\\\/\"},\"author\":{\"name\":\"Radio Ljubu\u0161ki\",\"@id\":\"https:\\\/\\\/radioljubuski.ba\\\/#\\\/schema\\\/person\\\/19fc700381a780f69665d7956c469e3b\"},\"headline\":\"Dobio Nobelovu nagradu za mir pa pokrenuo rat u svojoj zemlji, optu\u017ebe su u\u017easne\",\"datePublished\":\"2021-06-27T15:42:30+00:00\",\"dateModified\":\"2021-06-27T15:42:31+00:00\",\"mainEntityOfPage\":{\"@id\":\"https:\\\/\\\/radioljubuski.ba\\\/index.php\\\/2021\\\/06\\\/27\\\/dobio-nobelovu-nagradu-za-mir-pa-pokrenuo-rat-u-svojoj-zemlji-optuzbe-su-uzasne\\\/\"},\"wordCount\":543,\"publisher\":{\"@id\":\"https:\\\/\\\/radioljubuski.ba\\\/#organization\"},\"image\":{\"@id\":\"https:\\\/\\\/radioljubuski.ba\\\/index.php\\\/2021\\\/06\\\/27\\\/dobio-nobelovu-nagradu-za-mir-pa-pokrenuo-rat-u-svojoj-zemlji-optuzbe-su-uzasne\\\/#primaryimage\"},\"thumbnailUrl\":\"https:\\\/\\\/radioljubuski.ba\\\/wp-content\\\/uploads\\\/2021\\\/06\\\/4d85dfdfbd1f9d20ee2d.jpeg\",\"articleSection\":[\"BIH i regija\"],\"inLanguage\":\"hr\"},{\"@type\":\"WebPage\",\"@id\":\"https:\\\/\\\/radioljubuski.ba\\\/index.php\\\/2021\\\/06\\\/27\\\/dobio-nobelovu-nagradu-za-mir-pa-pokrenuo-rat-u-svojoj-zemlji-optuzbe-su-uzasne\\\/\",\"url\":\"https:\\\/\\\/radioljubuski.ba\\\/index.php\\\/2021\\\/06\\\/27\\\/dobio-nobelovu-nagradu-za-mir-pa-pokrenuo-rat-u-svojoj-zemlji-optuzbe-su-uzasne\\\/\",\"name\":\"Dobio Nobelovu nagradu za mir pa pokrenuo rat u svojoj zemlji, optu\u017ebe su u\u017easne - RADIO LJUBU\u0160KI\",\"isPartOf\":{\"@id\":\"https:\\\/\\\/radioljubuski.ba\\\/#website\"},\"primaryImageOfPage\":{\"@id\":\"https:\\\/\\\/radioljubuski.ba\\\/index.php\\\/2021\\\/06\\\/27\\\/dobio-nobelovu-nagradu-za-mir-pa-pokrenuo-rat-u-svojoj-zemlji-optuzbe-su-uzasne\\\/#primaryimage\"},\"image\":{\"@id\":\"https:\\\/\\\/radioljubuski.ba\\\/index.php\\\/2021\\\/06\\\/27\\\/dobio-nobelovu-nagradu-za-mir-pa-pokrenuo-rat-u-svojoj-zemlji-optuzbe-su-uzasne\\\/#primaryimage\"},\"thumbnailUrl\":\"https:\\\/\\\/radioljubuski.ba\\\/wp-content\\\/uploads\\\/2021\\\/06\\\/4d85dfdfbd1f9d20ee2d.jpeg\",\"datePublished\":\"2021-06-27T15:42:30+00:00\",\"dateModified\":\"2021-06-27T15:42:31+00:00\",\"breadcrumb\":{\"@id\":\"https:\\\/\\\/radioljubuski.ba\\\/index.php\\\/2021\\\/06\\\/27\\\/dobio-nobelovu-nagradu-za-mir-pa-pokrenuo-rat-u-svojoj-zemlji-optuzbe-su-uzasne\\\/#breadcrumb\"},\"inLanguage\":\"hr\",\"potentialAction\":[{\"@type\":\"ReadAction\",\"target\":[\"https:\\\/\\\/radioljubuski.ba\\\/index.php\\\/2021\\\/06\\\/27\\\/dobio-nobelovu-nagradu-za-mir-pa-pokrenuo-rat-u-svojoj-zemlji-optuzbe-su-uzasne\\\/\"]}]},{\"@type\":\"ImageObject\",\"inLanguage\":\"hr\",\"@id\":\"https:\\\/\\\/radioljubuski.ba\\\/index.php\\\/2021\\\/06\\\/27\\\/dobio-nobelovu-nagradu-za-mir-pa-pokrenuo-rat-u-svojoj-zemlji-optuzbe-su-uzasne\\\/#primaryimage\",\"url\":\"https:\\\/\\\/radioljubuski.ba\\\/wp-content\\\/uploads\\\/2021\\\/06\\\/4d85dfdfbd1f9d20ee2d.jpeg\",\"contentUrl\":\"https:\\\/\\\/radioljubuski.ba\\\/wp-content\\\/uploads\\\/2021\\\/06\\\/4d85dfdfbd1f9d20ee2d.jpeg\",\"width\":840,\"height\":470},{\"@type\":\"BreadcrumbList\",\"@id\":\"https:\\\/\\\/radioljubuski.ba\\\/index.php\\\/2021\\\/06\\\/27\\\/dobio-nobelovu-nagradu-za-mir-pa-pokrenuo-rat-u-svojoj-zemlji-optuzbe-su-uzasne\\\/#breadcrumb\",\"itemListElement\":[{\"@type\":\"ListItem\",\"position\":1,\"name\":\"Po\u010detna stranica\",\"item\":\"https:\\\/\\\/radioljubuski.ba\\\/\"},{\"@type\":\"ListItem\",\"position\":2,\"name\":\"Dobio Nobelovu nagradu za mir pa pokrenuo rat u svojoj zemlji, optu\u017ebe su u\u017easne\"}]},{\"@type\":\"WebSite\",\"@id\":\"https:\\\/\\\/radioljubuski.ba\\\/#website\",\"url\":\"https:\\\/\\\/radioljubuski.ba\\\/\",\"name\":\"Radio Ljubu\u0161ki\",\"description\":\"Sun\u010dana frekvencija Hercegovine\",\"publisher\":{\"@id\":\"https:\\\/\\\/radioljubuski.ba\\\/#organization\"},\"potentialAction\":[{\"@type\":\"SearchAction\",\"target\":{\"@type\":\"EntryPoint\",\"urlTemplate\":\"https:\\\/\\\/radioljubuski.ba\\\/?s={search_term_string}\"},\"query-input\":{\"@type\":\"PropertyValueSpecification\",\"valueRequired\":true,\"valueName\":\"search_term_string\"}}],\"inLanguage\":\"hr\"},{\"@type\":\"Organization\",\"@id\":\"https:\\\/\\\/radioljubuski.ba\\\/#organization\",\"name\":\"Radio Ljubu\u0161ki\",\"url\":\"https:\\\/\\\/radioljubuski.ba\\\/\",\"logo\":{\"@type\":\"ImageObject\",\"inLanguage\":\"hr\",\"@id\":\"https:\\\/\\\/radioljubuski.ba\\\/#\\\/schema\\\/logo\\\/image\\\/\",\"url\":\"https:\\\/\\\/radioljubuski.ba\\\/wp-content\\\/uploads\\\/2021\\\/02\\\/cropped-Radio_Ljubuski_logo1.jpg\",\"contentUrl\":\"https:\\\/\\\/radioljubuski.ba\\\/wp-content\\\/uploads\\\/2021\\\/02\\\/cropped-Radio_Ljubuski_logo1.jpg\",\"width\":512,\"height\":512,\"caption\":\"Radio Ljubu\u0161ki\"},\"image\":{\"@id\":\"https:\\\/\\\/radioljubuski.ba\\\/#\\\/schema\\\/logo\\\/image\\\/\"},\"sameAs\":[\"https:\\\/\\\/www.facebook.com\\\/Radiio-Ljubuski-1490835324566332\",\"https:\\\/\\\/x.com\\\/radioljubuski\",\"https:\\\/\\\/hr.linkedin.com\\\/company\\\/radio-ljubuski\",\"https:\\\/\\\/www.youtube.com\\\/channel\\\/UCHYaeO_n0Db3tjNGudGpXyw\"]},{\"@type\":\"Person\",\"@id\":\"https:\\\/\\\/radioljubuski.ba\\\/#\\\/schema\\\/person\\\/19fc700381a780f69665d7956c469e3b\",\"name\":\"Radio Ljubu\u0161ki\"}]}<\/script>\n<!-- \/ Yoast SEO plugin. -->","yoast_head_json":{"title":"Dobio Nobelovu nagradu za mir pa pokrenuo rat u svojoj zemlji, optu\u017ebe su u\u017easne - RADIO LJUBU\u0160KI","robots":{"index":"index","follow":"follow","max-snippet":"max-snippet:-1","max-image-preview":"max-image-preview:large","max-video-preview":"max-video-preview:-1"},"canonical":"https:\/\/radioljubuski.ba\/index.php\/2021\/06\/27\/dobio-nobelovu-nagradu-za-mir-pa-pokrenuo-rat-u-svojoj-zemlji-optuzbe-su-uzasne\/","og_locale":"hr_HR","og_type":"article","og_title":"Dobio Nobelovu nagradu za mir pa pokrenuo rat u svojoj zemlji, optu\u017ebe su u\u017easne - RADIO LJUBU\u0160KI","og_description":"Prije dvije godine dobio je Nobela za mir jer je oslobodio politi\u010dke zatvorenike i pomirio se s Eritrejom. Odbacuje sve optu\u017ebe Stravi\u010dan pokolj dogodio se u gradu Togoga u etiopskoj regiji Tigray, gdje su bombarderi vladinih snaga u utorak raketirali tr\u017enicu pri \u010demu je ubijeno najmanje 60 ljudi. Napad je uslijedio nakon \u0161to su posljednjih [&hellip;]","og_url":"https:\/\/radioljubuski.ba\/index.php\/2021\/06\/27\/dobio-nobelovu-nagradu-za-mir-pa-pokrenuo-rat-u-svojoj-zemlji-optuzbe-su-uzasne\/","og_site_name":"RADIO LJUBU\u0160KI","article_publisher":"https:\/\/www.facebook.com\/Radiio-Ljubuski-1490835324566332","article_published_time":"2021-06-27T15:42:30+00:00","article_modified_time":"2021-06-27T15:42:31+00:00","og_image":[{"width":840,"height":470,"url":"https:\/\/radioljubuski.ba\/wp-content\/uploads\/2021\/06\/4d85dfdfbd1f9d20ee2d.jpeg","type":"image\/jpeg"}],"author":"Radio Ljubu\u0161ki","twitter_card":"summary_large_image","twitter_creator":"@radioljubuski","twitter_site":"@radioljubuski","twitter_misc":{"Napisao\/la":"Radio Ljubu\u0161ki","Procijenjeno vrijeme \u010ditanja":"3 minute"},"schema":{"@context":"https:\/\/schema.org","@graph":[{"@type":"Article","@id":"https:\/\/radioljubuski.ba\/index.php\/2021\/06\/27\/dobio-nobelovu-nagradu-za-mir-pa-pokrenuo-rat-u-svojoj-zemlji-optuzbe-su-uzasne\/#article","isPartOf":{"@id":"https:\/\/radioljubuski.ba\/index.php\/2021\/06\/27\/dobio-nobelovu-nagradu-za-mir-pa-pokrenuo-rat-u-svojoj-zemlji-optuzbe-su-uzasne\/"},"author":{"name":"Radio Ljubu\u0161ki","@id":"https:\/\/radioljubuski.ba\/#\/schema\/person\/19fc700381a780f69665d7956c469e3b"},"headline":"Dobio Nobelovu nagradu za mir pa pokrenuo rat u svojoj zemlji, optu\u017ebe su u\u017easne","datePublished":"2021-06-27T15:42:30+00:00","dateModified":"2021-06-27T15:42:31+00:00","mainEntityOfPage":{"@id":"https:\/\/radioljubuski.ba\/index.php\/2021\/06\/27\/dobio-nobelovu-nagradu-za-mir-pa-pokrenuo-rat-u-svojoj-zemlji-optuzbe-su-uzasne\/"},"wordCount":543,"publisher":{"@id":"https:\/\/radioljubuski.ba\/#organization"},"image":{"@id":"https:\/\/radioljubuski.ba\/index.php\/2021\/06\/27\/dobio-nobelovu-nagradu-za-mir-pa-pokrenuo-rat-u-svojoj-zemlji-optuzbe-su-uzasne\/#primaryimage"},"thumbnailUrl":"https:\/\/radioljubuski.ba\/wp-content\/uploads\/2021\/06\/4d85dfdfbd1f9d20ee2d.jpeg","articleSection":["BIH i regija"],"inLanguage":"hr"},{"@type":"WebPage","@id":"https:\/\/radioljubuski.ba\/index.php\/2021\/06\/27\/dobio-nobelovu-nagradu-za-mir-pa-pokrenuo-rat-u-svojoj-zemlji-optuzbe-su-uzasne\/","url":"https:\/\/radioljubuski.ba\/index.php\/2021\/06\/27\/dobio-nobelovu-nagradu-za-mir-pa-pokrenuo-rat-u-svojoj-zemlji-optuzbe-su-uzasne\/","name":"Dobio Nobelovu nagradu za mir pa pokrenuo rat u svojoj zemlji, optu\u017ebe su u\u017easne - RADIO LJUBU\u0160KI","isPartOf":{"@id":"https:\/\/radioljubuski.ba\/#website"},"primaryImageOfPage":{"@id":"https:\/\/radioljubuski.ba\/index.php\/2021\/06\/27\/dobio-nobelovu-nagradu-za-mir-pa-pokrenuo-rat-u-svojoj-zemlji-optuzbe-su-uzasne\/#primaryimage"},"image":{"@id":"https:\/\/radioljubuski.ba\/index.php\/2021\/06\/27\/dobio-nobelovu-nagradu-za-mir-pa-pokrenuo-rat-u-svojoj-zemlji-optuzbe-su-uzasne\/#primaryimage"},"thumbnailUrl":"https:\/\/radioljubuski.ba\/wp-content\/uploads\/2021\/06\/4d85dfdfbd1f9d20ee2d.jpeg","datePublished":"2021-06-27T15:42:30+00:00","dateModified":"2021-06-27T15:42:31+00:00","breadcrumb":{"@id":"https:\/\/radioljubuski.ba\/index.php\/2021\/06\/27\/dobio-nobelovu-nagradu-za-mir-pa-pokrenuo-rat-u-svojoj-zemlji-optuzbe-su-uzasne\/#breadcrumb"},"inLanguage":"hr","potentialAction":[{"@type":"ReadAction","target":["https:\/\/radioljubuski.ba\/index.php\/2021\/06\/27\/dobio-nobelovu-nagradu-za-mir-pa-pokrenuo-rat-u-svojoj-zemlji-optuzbe-su-uzasne\/"]}]},{"@type":"ImageObject","inLanguage":"hr","@id":"https:\/\/radioljubuski.ba\/index.php\/2021\/06\/27\/dobio-nobelovu-nagradu-za-mir-pa-pokrenuo-rat-u-svojoj-zemlji-optuzbe-su-uzasne\/#primaryimage","url":"https:\/\/radioljubuski.ba\/wp-content\/uploads\/2021\/06\/4d85dfdfbd1f9d20ee2d.jpeg","contentUrl":"https:\/\/radioljubuski.ba\/wp-content\/uploads\/2021\/06\/4d85dfdfbd1f9d20ee2d.jpeg","width":840,"height":470},{"@type":"BreadcrumbList","@id":"https:\/\/radioljubuski.ba\/index.php\/2021\/06\/27\/dobio-nobelovu-nagradu-za-mir-pa-pokrenuo-rat-u-svojoj-zemlji-optuzbe-su-uzasne\/#breadcrumb","itemListElement":[{"@type":"ListItem","position":1,"name":"Po\u010detna stranica","item":"https:\/\/radioljubuski.ba\/"},{"@type":"ListItem","position":2,"name":"Dobio Nobelovu nagradu za mir pa pokrenuo rat u svojoj zemlji, optu\u017ebe su u\u017easne"}]},{"@type":"WebSite","@id":"https:\/\/radioljubuski.ba\/#website","url":"https:\/\/radioljubuski.ba\/","name":"Radio Ljubu\u0161ki","description":"Sun\u010dana frekvencija Hercegovine","publisher":{"@id":"https:\/\/radioljubuski.ba\/#organization"},"potentialAction":[{"@type":"SearchAction","target":{"@type":"EntryPoint","urlTemplate":"https:\/\/radioljubuski.ba\/?s={search_term_string}"},"query-input":{"@type":"PropertyValueSpecification","valueRequired":true,"valueName":"search_term_string"}}],"inLanguage":"hr"},{"@type":"Organization","@id":"https:\/\/radioljubuski.ba\/#organization","name":"Radio Ljubu\u0161ki","url":"https:\/\/radioljubuski.ba\/","logo":{"@type":"ImageObject","inLanguage":"hr","@id":"https:\/\/radioljubuski.ba\/#\/schema\/logo\/image\/","url":"https:\/\/radioljubuski.ba\/wp-content\/uploads\/2021\/02\/cropped-Radio_Ljubuski_logo1.jpg","contentUrl":"https:\/\/radioljubuski.ba\/wp-content\/uploads\/2021\/02\/cropped-Radio_Ljubuski_logo1.jpg","width":512,"height":512,"caption":"Radio Ljubu\u0161ki"},"image":{"@id":"https:\/\/radioljubuski.ba\/#\/schema\/logo\/image\/"},"sameAs":["https:\/\/www.facebook.com\/Radiio-Ljubuski-1490835324566332","https:\/\/x.com\/radioljubuski","https:\/\/hr.linkedin.com\/company\/radio-ljubuski","https:\/\/www.youtube.com\/channel\/UCHYaeO_n0Db3tjNGudGpXyw"]},{"@type":"Person","@id":"https:\/\/radioljubuski.ba\/#\/schema\/person\/19fc700381a780f69665d7956c469e3b","name":"Radio Ljubu\u0161ki"}]}},"_links":{"self":[{"href":"https:\/\/radioljubuski.ba\/index.php\/wp-json\/wp\/v2\/posts\/36496","targetHints":{"allow":["GET"]}}],"collection":[{"href":"https:\/\/radioljubuski.ba\/index.php\/wp-json\/wp\/v2\/posts"}],"about":[{"href":"https:\/\/radioljubuski.ba\/index.php\/wp-json\/wp\/v2\/types\/post"}],"author":[{"embeddable":true,"href":"https:\/\/radioljubuski.ba\/index.php\/wp-json\/wp\/v2\/users\/2"}],"replies":[{"embeddable":true,"href":"https:\/\/radioljubuski.ba\/index.php\/wp-json\/wp\/v2\/comments?post=36496"}],"version-history":[{"count":1,"href":"https:\/\/radioljubuski.ba\/index.php\/wp-json\/wp\/v2\/posts\/36496\/revisions"}],"predecessor-version":[{"id":36498,"href":"https:\/\/radioljubuski.ba\/index.php\/wp-json\/wp\/v2\/posts\/36496\/revisions\/36498"}],"wp:featuredmedia":[{"embeddable":true,"href":"https:\/\/radioljubuski.ba\/index.php\/wp-json\/wp\/v2\/media\/36497"}],"wp:attachment":[{"href":"https:\/\/radioljubuski.ba\/index.php\/wp-json\/wp\/v2\/media?parent=36496"}],"wp:term":[{"taxonomy":"category","embeddable":true,"href":"https:\/\/radioljubuski.ba\/index.php\/wp-json\/wp\/v2\/categories?post=36496"},{"taxonomy":"post_tag","embeddable":true,"href":"https:\/\/radioljubuski.ba\/index.php\/wp-json\/wp\/v2\/tags?post=36496"}],"curies":[{"name":"wp","href":"https:\/\/api.w.org\/{rel}","templated":true}]}}