{"id":36523,"date":"2021-06-27T16:56:59","date_gmt":"2021-06-27T15:56:59","guid":{"rendered":"https:\/\/radioljubuski.ba\/?p=36523"},"modified":"2021-06-27T16:56:59","modified_gmt":"2021-06-27T15:56:59","slug":"regionalni-izbori-u-francuskoj-povratak-tradicionalnih-konzervativaca","status":"publish","type":"post","link":"https:\/\/radioljubuski.ba\/index.php\/2021\/06\/27\/regionalni-izbori-u-francuskoj-povratak-tradicionalnih-konzervativaca\/","title":{"rendered":"Regionalni izbori u Francuskoj: povratak tradicionalnih konzervativaca"},"content":{"rendered":"\n<p><strong>U Francuskoj se u nedjelju odr\u017eava drugi krug regionalnih izbora koji bi mogli promijeniti odnos politi\u010dkih &#8220;te\u0161ka\u0161a&#8221; koji \u0107e se idu\u0107e godine natjecati u predsjedni\u010dkoj utrci.<\/strong><\/p>\n\n\n\n<p>Rezultati prvog kruga pro\u0161le nedjelje bili su razo\u010daravaju\u0107i za predsjednika&nbsp;<strong>Emmanuela Macrona<\/strong>, \u010dija stranka vjerojatno ne\u0107e osvojiti nijednu od 13 francuskih kopnenih regija.<br><br>Krajnje desna stranka na \u010delu s<strong>&nbsp;Marine Le Pen<\/strong>&nbsp;tako\u0111er je ostvarila slabiji rezultat od o\u010dekivanog.<br><br>Prvo pitanje dana bit \u0107e izlaznost, koja je bila izrazito niska u prvom krugu. Oko 48 milijuna bira\u010da pozvano je na birali\u0161ta, uz strogi epidemiolo\u0161ki protokol zbog COVID-a, pogotovo zbog delta varijante koronavirusa.<br><br>Uz vrlo malu izlaznost, stranka Marine Le Pen preuzela je vodstvo u prvom krugu u samo jednoj regiji, Provansa-Alpe-Azurna obala, a ankete su predvi\u0111ale da bi mogla osvojiti \u0161est regija.<br><br>Umjesto njih, tradicionalni konzervativci, koje je Macron porazio na predsjedni\u010dkim i parlamentarnim izborima 2017., iznenada su se vratili. Troje glavnih \u010dlanove, sve biv\u0161i ministri i trenuta\u010dni \u010delnici nekih od najmnogoljudnijih regija Francuske, u nedjelju se natje\u010du za reizbor, \u0161to \u0107e im, vjeruju, biti odsko\u010dna daska za predsjedni\u010dke izbore 2022.<br><br><strong>Xavier Bertrand<\/strong>&nbsp;iz sjeverne regije Hauts-de-France, prema anketama, postao je favorit konzervativaca za zastupanje stranke u predsjedni\u010dkoj utrci. Macronovi savjetnici vide biv\u0161eg ministra zdravstva kao prijetnju koja bi mogla ugroziti predsjednikovu bira\u010dku bazu desnog centra u prvom krugu izbora u travnju.<br><br>Predsjednica regije \u00cele-de-France u kojoj je i Pariz,&nbsp;<strong>Val\u00e9rie P\u00e9cresse<\/strong>, i&nbsp;<strong>Laurent Wauquiez<\/strong>&nbsp;iz \u0161ireg podru\u010dja Lyona, jo\u0161 su dvoje konzervativaca \u010diji bi nedjeljni rezultat mogao biti odlu\u010duju\u0107i za to ho\u0107e li sljede\u0107e godine izazvati Bertranda.<br><br>Stranka Marine Le Pen, Nacionalno okupljanje, i dalje se nada da \u0107e osvojiti regiju Provansa-Alpe-Azurna obala oko Marseillea i Nice.<br><br>Osvajanje te regije dalo bi zamah Le Pen i platformu da se suprotstavi Macronu 2022., \u0161to bi bilo ponavljanje dvoboja iz 2017., u kojem bi, prema anketama, ponovno pobijedio Macron, ali ovaj put s manjom predno\u0161\u0107u.&nbsp;<\/p>\n\n\n\n<p>Izvor:hrt.hr<\/p>\n","protected":false},"excerpt":{"rendered":"<p>U Francuskoj se u nedjelju odr\u017eava drugi krug regionalnih izbora koji bi mogli promijeniti odnos politi\u010dkih &#8220;te\u0161ka\u0161a&#8221; koji \u0107e se idu\u0107e godine natjecati u predsjedni\u010dkoj utrci. Rezultati prvog kruga pro\u0161le nedjelje bili su razo\u010daravaju\u0107i za predsjednika&nbsp;Emmanuela Macrona, \u010dija stranka vjerojatno ne\u0107e osvojiti nijednu od 13 francuskih kopnenih regija. Krajnje desna stranka na \u010delu s&nbsp;Marine Le [&hellip;]<\/p>\n","protected":false},"author":2,"featured_media":36524,"comment_status":"closed","ping_status":"closed","sticky":false,"template":"","format":"standard","meta":{"h5ap_radio_sources":[],"footnotes":""},"categories":[1],"tags":[],"class_list":["post-36523","post","type-post","status-publish","format-standard","has-post-thumbnail","hentry","category-bihiregija"],"yoast_head":"<!-- This site is optimized with the Yoast SEO plugin v27.5 - https:\/\/yoast.com\/product\/yoast-seo-wordpress\/ -->\n<title>Regionalni izbori u Francuskoj: povratak tradicionalnih konzervativaca - RADIO LJUBU\u0160KI<\/title>\n<meta name=\"robots\" content=\"index, follow, max-snippet:-1, max-image-preview:large, max-video-preview:-1\" \/>\n<link rel=\"canonical\" href=\"https:\/\/radioljubuski.ba\/index.php\/2021\/06\/27\/regionalni-izbori-u-francuskoj-povratak-tradicionalnih-konzervativaca\/\" \/>\n<meta property=\"og:locale\" content=\"hr_HR\" \/>\n<meta property=\"og:type\" content=\"article\" \/>\n<meta property=\"og:title\" content=\"Regionalni izbori u Francuskoj: povratak tradicionalnih konzervativaca - RADIO LJUBU\u0160KI\" \/>\n<meta property=\"og:description\" content=\"U Francuskoj se u nedjelju odr\u017eava drugi krug regionalnih izbora koji bi mogli promijeniti odnos politi\u010dkih &#8220;te\u0161ka\u0161a&#8221; koji \u0107e se idu\u0107e godine natjecati u predsjedni\u010dkoj utrci. Rezultati prvog kruga pro\u0161le nedjelje bili su razo\u010daravaju\u0107i za predsjednika&nbsp;Emmanuela Macrona, \u010dija stranka vjerojatno ne\u0107e osvojiti nijednu od 13 francuskih kopnenih regija. Krajnje desna stranka na \u010delu s&nbsp;Marine Le [&hellip;]\" \/>\n<meta property=\"og:url\" content=\"https:\/\/radioljubuski.ba\/index.php\/2021\/06\/27\/regionalni-izbori-u-francuskoj-povratak-tradicionalnih-konzervativaca\/\" \/>\n<meta property=\"og:site_name\" content=\"RADIO LJUBU\u0160KI\" \/>\n<meta property=\"article:publisher\" content=\"https:\/\/www.facebook.com\/Radiio-Ljubuski-1490835324566332\" \/>\n<meta property=\"article:published_time\" content=\"2021-06-27T15:56:59+00:00\" \/>\n<meta property=\"og:image\" content=\"https:\/\/radioljubuski.ba\/wp-content\/uploads\/2021\/06\/preuzmi-4-4.jpg\" \/>\n\t<meta property=\"og:image:width\" content=\"275\" \/>\n\t<meta property=\"og:image:height\" content=\"183\" \/>\n\t<meta property=\"og:image:type\" content=\"image\/jpeg\" \/>\n<meta name=\"author\" content=\"Radio Ljubu\u0161ki\" \/>\n<meta name=\"twitter:card\" content=\"summary_large_image\" \/>\n<meta name=\"twitter:creator\" content=\"@radioljubuski\" \/>\n<meta name=\"twitter:site\" content=\"@radioljubuski\" \/>\n<meta name=\"twitter:label1\" content=\"Napisao\/la\" \/>\n\t<meta name=\"twitter:data1\" content=\"Radio Ljubu\u0161ki\" \/>\n\t<meta name=\"twitter:label2\" content=\"Procijenjeno vrijeme \u010ditanja\" \/>\n\t<meta name=\"twitter:data2\" content=\"2 minute\" \/>\n<script type=\"application\/ld+json\" class=\"yoast-schema-graph\">{\"@context\":\"https:\\\/\\\/schema.org\",\"@graph\":[{\"@type\":\"Article\",\"@id\":\"https:\\\/\\\/radioljubuski.ba\\\/index.php\\\/2021\\\/06\\\/27\\\/regionalni-izbori-u-francuskoj-povratak-tradicionalnih-konzervativaca\\\/#article\",\"isPartOf\":{\"@id\":\"https:\\\/\\\/radioljubuski.ba\\\/index.php\\\/2021\\\/06\\\/27\\\/regionalni-izbori-u-francuskoj-povratak-tradicionalnih-konzervativaca\\\/\"},\"author\":{\"name\":\"Radio Ljubu\u0161ki\",\"@id\":\"https:\\\/\\\/radioljubuski.ba\\\/#\\\/schema\\\/person\\\/19fc700381a780f69665d7956c469e3b\"},\"headline\":\"Regionalni izbori u Francuskoj: povratak tradicionalnih konzervativaca\",\"datePublished\":\"2021-06-27T15:56:59+00:00\",\"mainEntityOfPage\":{\"@id\":\"https:\\\/\\\/radioljubuski.ba\\\/index.php\\\/2021\\\/06\\\/27\\\/regionalni-izbori-u-francuskoj-povratak-tradicionalnih-konzervativaca\\\/\"},\"wordCount\":355,\"publisher\":{\"@id\":\"https:\\\/\\\/radioljubuski.ba\\\/#organization\"},\"image\":{\"@id\":\"https:\\\/\\\/radioljubuski.ba\\\/index.php\\\/2021\\\/06\\\/27\\\/regionalni-izbori-u-francuskoj-povratak-tradicionalnih-konzervativaca\\\/#primaryimage\"},\"thumbnailUrl\":\"https:\\\/\\\/radioljubuski.ba\\\/wp-content\\\/uploads\\\/2021\\\/06\\\/preuzmi-4-4.jpg\",\"articleSection\":[\"BIH i regija\"],\"inLanguage\":\"hr\"},{\"@type\":\"WebPage\",\"@id\":\"https:\\\/\\\/radioljubuski.ba\\\/index.php\\\/2021\\\/06\\\/27\\\/regionalni-izbori-u-francuskoj-povratak-tradicionalnih-konzervativaca\\\/\",\"url\":\"https:\\\/\\\/radioljubuski.ba\\\/index.php\\\/2021\\\/06\\\/27\\\/regionalni-izbori-u-francuskoj-povratak-tradicionalnih-konzervativaca\\\/\",\"name\":\"Regionalni izbori u Francuskoj: povratak tradicionalnih konzervativaca - RADIO LJUBU\u0160KI\",\"isPartOf\":{\"@id\":\"https:\\\/\\\/radioljubuski.ba\\\/#website\"},\"primaryImageOfPage\":{\"@id\":\"https:\\\/\\\/radioljubuski.ba\\\/index.php\\\/2021\\\/06\\\/27\\\/regionalni-izbori-u-francuskoj-povratak-tradicionalnih-konzervativaca\\\/#primaryimage\"},\"image\":{\"@id\":\"https:\\\/\\\/radioljubuski.ba\\\/index.php\\\/2021\\\/06\\\/27\\\/regionalni-izbori-u-francuskoj-povratak-tradicionalnih-konzervativaca\\\/#primaryimage\"},\"thumbnailUrl\":\"https:\\\/\\\/radioljubuski.ba\\\/wp-content\\\/uploads\\\/2021\\\/06\\\/preuzmi-4-4.jpg\",\"datePublished\":\"2021-06-27T15:56:59+00:00\",\"breadcrumb\":{\"@id\":\"https:\\\/\\\/radioljubuski.ba\\\/index.php\\\/2021\\\/06\\\/27\\\/regionalni-izbori-u-francuskoj-povratak-tradicionalnih-konzervativaca\\\/#breadcrumb\"},\"inLanguage\":\"hr\",\"potentialAction\":[{\"@type\":\"ReadAction\",\"target\":[\"https:\\\/\\\/radioljubuski.ba\\\/index.php\\\/2021\\\/06\\\/27\\\/regionalni-izbori-u-francuskoj-povratak-tradicionalnih-konzervativaca\\\/\"]}]},{\"@type\":\"ImageObject\",\"inLanguage\":\"hr\",\"@id\":\"https:\\\/\\\/radioljubuski.ba\\\/index.php\\\/2021\\\/06\\\/27\\\/regionalni-izbori-u-francuskoj-povratak-tradicionalnih-konzervativaca\\\/#primaryimage\",\"url\":\"https:\\\/\\\/radioljubuski.ba\\\/wp-content\\\/uploads\\\/2021\\\/06\\\/preuzmi-4-4.jpg\",\"contentUrl\":\"https:\\\/\\\/radioljubuski.ba\\\/wp-content\\\/uploads\\\/2021\\\/06\\\/preuzmi-4-4.jpg\",\"width\":275,\"height\":183},{\"@type\":\"BreadcrumbList\",\"@id\":\"https:\\\/\\\/radioljubuski.ba\\\/index.php\\\/2021\\\/06\\\/27\\\/regionalni-izbori-u-francuskoj-povratak-tradicionalnih-konzervativaca\\\/#breadcrumb\",\"itemListElement\":[{\"@type\":\"ListItem\",\"position\":1,\"name\":\"Po\u010detna stranica\",\"item\":\"https:\\\/\\\/radioljubuski.ba\\\/\"},{\"@type\":\"ListItem\",\"position\":2,\"name\":\"Regionalni izbori u Francuskoj: povratak tradicionalnih konzervativaca\"}]},{\"@type\":\"WebSite\",\"@id\":\"https:\\\/\\\/radioljubuski.ba\\\/#website\",\"url\":\"https:\\\/\\\/radioljubuski.ba\\\/\",\"name\":\"Radio Ljubu\u0161ki\",\"description\":\"Sun\u010dana frekvencija Hercegovine\",\"publisher\":{\"@id\":\"https:\\\/\\\/radioljubuski.ba\\\/#organization\"},\"potentialAction\":[{\"@type\":\"SearchAction\",\"target\":{\"@type\":\"EntryPoint\",\"urlTemplate\":\"https:\\\/\\\/radioljubuski.ba\\\/?s={search_term_string}\"},\"query-input\":{\"@type\":\"PropertyValueSpecification\",\"valueRequired\":true,\"valueName\":\"search_term_string\"}}],\"inLanguage\":\"hr\"},{\"@type\":\"Organization\",\"@id\":\"https:\\\/\\\/radioljubuski.ba\\\/#organization\",\"name\":\"Radio Ljubu\u0161ki\",\"url\":\"https:\\\/\\\/radioljubuski.ba\\\/\",\"logo\":{\"@type\":\"ImageObject\",\"inLanguage\":\"hr\",\"@id\":\"https:\\\/\\\/radioljubuski.ba\\\/#\\\/schema\\\/logo\\\/image\\\/\",\"url\":\"https:\\\/\\\/radioljubuski.ba\\\/wp-content\\\/uploads\\\/2021\\\/02\\\/cropped-Radio_Ljubuski_logo1.jpg\",\"contentUrl\":\"https:\\\/\\\/radioljubuski.ba\\\/wp-content\\\/uploads\\\/2021\\\/02\\\/cropped-Radio_Ljubuski_logo1.jpg\",\"width\":512,\"height\":512,\"caption\":\"Radio Ljubu\u0161ki\"},\"image\":{\"@id\":\"https:\\\/\\\/radioljubuski.ba\\\/#\\\/schema\\\/logo\\\/image\\\/\"},\"sameAs\":[\"https:\\\/\\\/www.facebook.com\\\/Radiio-Ljubuski-1490835324566332\",\"https:\\\/\\\/x.com\\\/radioljubuski\",\"https:\\\/\\\/hr.linkedin.com\\\/company\\\/radio-ljubuski\",\"https:\\\/\\\/www.youtube.com\\\/channel\\\/UCHYaeO_n0Db3tjNGudGpXyw\"]},{\"@type\":\"Person\",\"@id\":\"https:\\\/\\\/radioljubuski.ba\\\/#\\\/schema\\\/person\\\/19fc700381a780f69665d7956c469e3b\",\"name\":\"Radio Ljubu\u0161ki\"}]}<\/script>\n<!-- \/ Yoast SEO plugin. -->","yoast_head_json":{"title":"Regionalni izbori u Francuskoj: povratak tradicionalnih konzervativaca - RADIO LJUBU\u0160KI","robots":{"index":"index","follow":"follow","max-snippet":"max-snippet:-1","max-image-preview":"max-image-preview:large","max-video-preview":"max-video-preview:-1"},"canonical":"https:\/\/radioljubuski.ba\/index.php\/2021\/06\/27\/regionalni-izbori-u-francuskoj-povratak-tradicionalnih-konzervativaca\/","og_locale":"hr_HR","og_type":"article","og_title":"Regionalni izbori u Francuskoj: povratak tradicionalnih konzervativaca - RADIO LJUBU\u0160KI","og_description":"U Francuskoj se u nedjelju odr\u017eava drugi krug regionalnih izbora koji bi mogli promijeniti odnos politi\u010dkih &#8220;te\u0161ka\u0161a&#8221; koji \u0107e se idu\u0107e godine natjecati u predsjedni\u010dkoj utrci. Rezultati prvog kruga pro\u0161le nedjelje bili su razo\u010daravaju\u0107i za predsjednika&nbsp;Emmanuela Macrona, \u010dija stranka vjerojatno ne\u0107e osvojiti nijednu od 13 francuskih kopnenih regija. Krajnje desna stranka na \u010delu s&nbsp;Marine Le [&hellip;]","og_url":"https:\/\/radioljubuski.ba\/index.php\/2021\/06\/27\/regionalni-izbori-u-francuskoj-povratak-tradicionalnih-konzervativaca\/","og_site_name":"RADIO LJUBU\u0160KI","article_publisher":"https:\/\/www.facebook.com\/Radiio-Ljubuski-1490835324566332","article_published_time":"2021-06-27T15:56:59+00:00","og_image":[{"width":275,"height":183,"url":"https:\/\/radioljubuski.ba\/wp-content\/uploads\/2021\/06\/preuzmi-4-4.jpg","type":"image\/jpeg"}],"author":"Radio Ljubu\u0161ki","twitter_card":"summary_large_image","twitter_creator":"@radioljubuski","twitter_site":"@radioljubuski","twitter_misc":{"Napisao\/la":"Radio Ljubu\u0161ki","Procijenjeno vrijeme \u010ditanja":"2 minute"},"schema":{"@context":"https:\/\/schema.org","@graph":[{"@type":"Article","@id":"https:\/\/radioljubuski.ba\/index.php\/2021\/06\/27\/regionalni-izbori-u-francuskoj-povratak-tradicionalnih-konzervativaca\/#article","isPartOf":{"@id":"https:\/\/radioljubuski.ba\/index.php\/2021\/06\/27\/regionalni-izbori-u-francuskoj-povratak-tradicionalnih-konzervativaca\/"},"author":{"name":"Radio Ljubu\u0161ki","@id":"https:\/\/radioljubuski.ba\/#\/schema\/person\/19fc700381a780f69665d7956c469e3b"},"headline":"Regionalni izbori u Francuskoj: povratak tradicionalnih konzervativaca","datePublished":"2021-06-27T15:56:59+00:00","mainEntityOfPage":{"@id":"https:\/\/radioljubuski.ba\/index.php\/2021\/06\/27\/regionalni-izbori-u-francuskoj-povratak-tradicionalnih-konzervativaca\/"},"wordCount":355,"publisher":{"@id":"https:\/\/radioljubuski.ba\/#organization"},"image":{"@id":"https:\/\/radioljubuski.ba\/index.php\/2021\/06\/27\/regionalni-izbori-u-francuskoj-povratak-tradicionalnih-konzervativaca\/#primaryimage"},"thumbnailUrl":"https:\/\/radioljubuski.ba\/wp-content\/uploads\/2021\/06\/preuzmi-4-4.jpg","articleSection":["BIH i regija"],"inLanguage":"hr"},{"@type":"WebPage","@id":"https:\/\/radioljubuski.ba\/index.php\/2021\/06\/27\/regionalni-izbori-u-francuskoj-povratak-tradicionalnih-konzervativaca\/","url":"https:\/\/radioljubuski.ba\/index.php\/2021\/06\/27\/regionalni-izbori-u-francuskoj-povratak-tradicionalnih-konzervativaca\/","name":"Regionalni izbori u Francuskoj: povratak tradicionalnih konzervativaca - RADIO LJUBU\u0160KI","isPartOf":{"@id":"https:\/\/radioljubuski.ba\/#website"},"primaryImageOfPage":{"@id":"https:\/\/radioljubuski.ba\/index.php\/2021\/06\/27\/regionalni-izbori-u-francuskoj-povratak-tradicionalnih-konzervativaca\/#primaryimage"},"image":{"@id":"https:\/\/radioljubuski.ba\/index.php\/2021\/06\/27\/regionalni-izbori-u-francuskoj-povratak-tradicionalnih-konzervativaca\/#primaryimage"},"thumbnailUrl":"https:\/\/radioljubuski.ba\/wp-content\/uploads\/2021\/06\/preuzmi-4-4.jpg","datePublished":"2021-06-27T15:56:59+00:00","breadcrumb":{"@id":"https:\/\/radioljubuski.ba\/index.php\/2021\/06\/27\/regionalni-izbori-u-francuskoj-povratak-tradicionalnih-konzervativaca\/#breadcrumb"},"inLanguage":"hr","potentialAction":[{"@type":"ReadAction","target":["https:\/\/radioljubuski.ba\/index.php\/2021\/06\/27\/regionalni-izbori-u-francuskoj-povratak-tradicionalnih-konzervativaca\/"]}]},{"@type":"ImageObject","inLanguage":"hr","@id":"https:\/\/radioljubuski.ba\/index.php\/2021\/06\/27\/regionalni-izbori-u-francuskoj-povratak-tradicionalnih-konzervativaca\/#primaryimage","url":"https:\/\/radioljubuski.ba\/wp-content\/uploads\/2021\/06\/preuzmi-4-4.jpg","contentUrl":"https:\/\/radioljubuski.ba\/wp-content\/uploads\/2021\/06\/preuzmi-4-4.jpg","width":275,"height":183},{"@type":"BreadcrumbList","@id":"https:\/\/radioljubuski.ba\/index.php\/2021\/06\/27\/regionalni-izbori-u-francuskoj-povratak-tradicionalnih-konzervativaca\/#breadcrumb","itemListElement":[{"@type":"ListItem","position":1,"name":"Po\u010detna stranica","item":"https:\/\/radioljubuski.ba\/"},{"@type":"ListItem","position":2,"name":"Regionalni izbori u Francuskoj: povratak tradicionalnih konzervativaca"}]},{"@type":"WebSite","@id":"https:\/\/radioljubuski.ba\/#website","url":"https:\/\/radioljubuski.ba\/","name":"Radio Ljubu\u0161ki","description":"Sun\u010dana frekvencija Hercegovine","publisher":{"@id":"https:\/\/radioljubuski.ba\/#organization"},"potentialAction":[{"@type":"SearchAction","target":{"@type":"EntryPoint","urlTemplate":"https:\/\/radioljubuski.ba\/?s={search_term_string}"},"query-input":{"@type":"PropertyValueSpecification","valueRequired":true,"valueName":"search_term_string"}}],"inLanguage":"hr"},{"@type":"Organization","@id":"https:\/\/radioljubuski.ba\/#organization","name":"Radio Ljubu\u0161ki","url":"https:\/\/radioljubuski.ba\/","logo":{"@type":"ImageObject","inLanguage":"hr","@id":"https:\/\/radioljubuski.ba\/#\/schema\/logo\/image\/","url":"https:\/\/radioljubuski.ba\/wp-content\/uploads\/2021\/02\/cropped-Radio_Ljubuski_logo1.jpg","contentUrl":"https:\/\/radioljubuski.ba\/wp-content\/uploads\/2021\/02\/cropped-Radio_Ljubuski_logo1.jpg","width":512,"height":512,"caption":"Radio Ljubu\u0161ki"},"image":{"@id":"https:\/\/radioljubuski.ba\/#\/schema\/logo\/image\/"},"sameAs":["https:\/\/www.facebook.com\/Radiio-Ljubuski-1490835324566332","https:\/\/x.com\/radioljubuski","https:\/\/hr.linkedin.com\/company\/radio-ljubuski","https:\/\/www.youtube.com\/channel\/UCHYaeO_n0Db3tjNGudGpXyw"]},{"@type":"Person","@id":"https:\/\/radioljubuski.ba\/#\/schema\/person\/19fc700381a780f69665d7956c469e3b","name":"Radio Ljubu\u0161ki"}]}},"_links":{"self":[{"href":"https:\/\/radioljubuski.ba\/index.php\/wp-json\/wp\/v2\/posts\/36523","targetHints":{"allow":["GET"]}}],"collection":[{"href":"https:\/\/radioljubuski.ba\/index.php\/wp-json\/wp\/v2\/posts"}],"about":[{"href":"https:\/\/radioljubuski.ba\/index.php\/wp-json\/wp\/v2\/types\/post"}],"author":[{"embeddable":true,"href":"https:\/\/radioljubuski.ba\/index.php\/wp-json\/wp\/v2\/users\/2"}],"replies":[{"embeddable":true,"href":"https:\/\/radioljubuski.ba\/index.php\/wp-json\/wp\/v2\/comments?post=36523"}],"version-history":[{"count":1,"href":"https:\/\/radioljubuski.ba\/index.php\/wp-json\/wp\/v2\/posts\/36523\/revisions"}],"predecessor-version":[{"id":36525,"href":"https:\/\/radioljubuski.ba\/index.php\/wp-json\/wp\/v2\/posts\/36523\/revisions\/36525"}],"wp:featuredmedia":[{"embeddable":true,"href":"https:\/\/radioljubuski.ba\/index.php\/wp-json\/wp\/v2\/media\/36524"}],"wp:attachment":[{"href":"https:\/\/radioljubuski.ba\/index.php\/wp-json\/wp\/v2\/media?parent=36523"}],"wp:term":[{"taxonomy":"category","embeddable":true,"href":"https:\/\/radioljubuski.ba\/index.php\/wp-json\/wp\/v2\/categories?post=36523"},{"taxonomy":"post_tag","embeddable":true,"href":"https:\/\/radioljubuski.ba\/index.php\/wp-json\/wp\/v2\/tags?post=36523"}],"curies":[{"name":"wp","href":"https:\/\/api.w.org\/{rel}","templated":true}]}}