{"id":36526,"date":"2021-06-27T16:59:06","date_gmt":"2021-06-27T15:59:06","guid":{"rendered":"https:\/\/radioljubuski.ba\/?p=36526"},"modified":"2021-06-27T16:59:07","modified_gmt":"2021-06-27T15:59:07","slug":"cafe-raceri-opasni-motociklisti-koji-zele-biti-videni","status":"publish","type":"post","link":"https:\/\/radioljubuski.ba\/index.php\/2021\/06\/27\/cafe-raceri-opasni-motociklisti-koji-zele-biti-videni\/","title":{"rendered":"&#8216;Cafe raceri&#8217;, opasni motociklisti koji \u017eele biti vi\u0111eni"},"content":{"rendered":"\n<p><strong>Proteklih dana, na\u017ealost, izvje\u0161tavamo o prometnim nesre\u0107ama s tragi\u010dnim ishodom. Jutros je u Zagrebu u naletu motocikla poginula pje\u0161akinja. U sli\u010dnim okolnostima ju\u010der je dvoje ljudi poginulo kod Senja &#8211; pje\u0161ak i suputnica motociklista. Voza\u010d je s te\u0161kim ozljedama prevezen u rije\u010dki KBC. Ni rije\u010dko podru\u010dje nije po\u0161te\u0111eno nesre\u0107a.<\/strong><\/p>\n\n\n\n<p>Brojke su jako lo\u0161e, u ne\u0161to vi\u0161e od tjedan dana poginulo je \u010dak 10 osoba u prometnim nesre\u0107ama koje su vezane uz motocikle.<br><strong><br>Goran Husinec<\/strong>, prometni stru\u010dnjak i stalni sudski vje\u0161tak za cestovni promet, kazao je za Dnevnik HTV-a da je u zadnje vrijeme poginulo puno motociklista, tzv. &#8220;cafe racera&#8221;.\u00a0\u00a0<br><br>&#8211; To su oni koji se s jakim, brzim motociklom voze od kafi\u0107a do kafi\u0107a, naglo ubrzavaju, rade buku, kako bi bili vi\u0111eni, i to u gradskim \u010detvrtima gdje ima puno ljudi. Neminovno je da do\u0111e do te\u0161kog smrtnog ishoda kod takve vo\u017enje. Rade to dok god imaju publiku koja im se divi, a kada takvo pona\u0161anje postane neprihvatljivo, prestat \u0107e, rekao je.\u00a0<br><br>Ka\u017ee da im je &#8220;te\u0161ko stati na kraj&#8221;, navode\u0107i da nijedna svjetska policija u tome nije uspjela.\u00a0<br><br>&#8211; Oni u\u017eivaju u opasnosti i u tome da su vi\u0111eni. Policija nije svemogu\u0107a, mo\u017ee s i\u0107i na ku\u0107ne adrese, ili ih tra\u017eiti od kafi\u0107a do kafi\u0107a, ali policija za to ima premalo ljudstva, rekao je Husinec. No, dodao je ni ta se metoda\u00a0nije pokazala kao najbolje rje\u0161enje.\u00a0<br><br>Savjetovao je svima koji dugo voze da se odmaraju tijekom puta te apelirao na voza\u010de da, kada vide auto stranih registracija, da se kre\u0107e \u010dudno, polako, paze na njih jer, dodao je, tko zna koliko dugo voze i iz kakvih dalekih destinacija.<br><br>&#8211; Moramo biti odgovorni jedni prema drugima, poru\u010dio je.<\/p>\n\n\n\n<div style=\"width: 640px;\" class=\"wp-video\"><video class=\"wp-video-shortcode\" id=\"video-36526-1\" width=\"640\" height=\"360\" preload=\"metadata\" controls=\"controls\"><source type=\"video\/mp4\" src=\"https:\/\/api.hrt.hr\/media\/05\/66\/tvd2-husinec-2606-20210626174644.mp4?_=1\" \/><a href=\"https:\/\/api.hrt.hr\/media\/05\/66\/tvd2-husinec-2606-20210626174644.mp4\">https:\/\/api.hrt.hr\/media\/05\/66\/tvd2-husinec-2606-20210626174644.mp4<\/a><\/video><\/div>\n\n\n\n<p>Izvor:hrt.hr<\/p>\n","protected":false},"excerpt":{"rendered":"<p>Proteklih dana, na\u017ealost, izvje\u0161tavamo o prometnim nesre\u0107ama s tragi\u010dnim ishodom. Jutros je u Zagrebu u naletu motocikla poginula pje\u0161akinja. U sli\u010dnim okolnostima ju\u010der je dvoje ljudi poginulo kod Senja &#8211; pje\u0161ak i suputnica motociklista. Voza\u010d je s te\u0161kim ozljedama prevezen u rije\u010dki KBC. Ni rije\u010dko podru\u010dje nije po\u0161te\u0111eno nesre\u0107a. Brojke su jako lo\u0161e, u ne\u0161to [&hellip;]<\/p>\n","protected":false},"author":2,"featured_media":36527,"comment_status":"closed","ping_status":"closed","sticky":false,"template":"","format":"standard","meta":{"h5ap_radio_sources":[],"footnotes":""},"categories":[1],"tags":[],"class_list":["post-36526","post","type-post","status-publish","format-standard","has-post-thumbnail","hentry","category-bihiregija"],"yoast_head":"<!-- This site is optimized with the Yoast SEO plugin v27.5 - https:\/\/yoast.com\/product\/yoast-seo-wordpress\/ -->\n<title>&#039;Cafe raceri&#039;, opasni motociklisti koji \u017eele biti vi\u0111eni - RADIO LJUBU\u0160KI<\/title>\n<meta name=\"robots\" content=\"index, follow, max-snippet:-1, max-image-preview:large, max-video-preview:-1\" \/>\n<link rel=\"canonical\" href=\"https:\/\/radioljubuski.ba\/index.php\/2021\/06\/27\/cafe-raceri-opasni-motociklisti-koji-zele-biti-videni\/\" \/>\n<meta property=\"og:locale\" content=\"hr_HR\" \/>\n<meta property=\"og:type\" content=\"article\" \/>\n<meta property=\"og:title\" content=\"&#039;Cafe raceri&#039;, opasni motociklisti koji \u017eele biti vi\u0111eni - RADIO LJUBU\u0160KI\" \/>\n<meta property=\"og:description\" content=\"Proteklih dana, na\u017ealost, izvje\u0161tavamo o prometnim nesre\u0107ama s tragi\u010dnim ishodom. Jutros je u Zagrebu u naletu motocikla poginula pje\u0161akinja. U sli\u010dnim okolnostima ju\u010der je dvoje ljudi poginulo kod Senja &#8211; pje\u0161ak i suputnica motociklista. Voza\u010d je s te\u0161kim ozljedama prevezen u rije\u010dki KBC. Ni rije\u010dko podru\u010dje nije po\u0161te\u0111eno nesre\u0107a. Brojke su jako lo\u0161e, u ne\u0161to [&hellip;]\" \/>\n<meta property=\"og:url\" content=\"https:\/\/radioljubuski.ba\/index.php\/2021\/06\/27\/cafe-raceri-opasni-motociklisti-koji-zele-biti-videni\/\" \/>\n<meta property=\"og:site_name\" content=\"RADIO LJUBU\u0160KI\" \/>\n<meta property=\"article:publisher\" content=\"https:\/\/www.facebook.com\/Radiio-Ljubuski-1490835324566332\" \/>\n<meta property=\"article:published_time\" content=\"2021-06-27T15:59:06+00:00\" \/>\n<meta property=\"article:modified_time\" content=\"2021-06-27T15:59:07+00:00\" \/>\n<meta property=\"og:image\" content=\"https:\/\/radioljubuski.ba\/wp-content\/uploads\/2021\/06\/preuzmi-5-4.jpg\" \/>\n\t<meta property=\"og:image:width\" content=\"285\" \/>\n\t<meta property=\"og:image:height\" content=\"177\" \/>\n\t<meta property=\"og:image:type\" content=\"image\/jpeg\" \/>\n<meta name=\"author\" content=\"Radio Ljubu\u0161ki\" \/>\n<meta name=\"twitter:card\" content=\"summary_large_image\" \/>\n<meta name=\"twitter:creator\" content=\"@radioljubuski\" \/>\n<meta name=\"twitter:site\" content=\"@radioljubuski\" \/>\n<meta name=\"twitter:label1\" content=\"Napisao\/la\" \/>\n\t<meta name=\"twitter:data1\" content=\"Radio Ljubu\u0161ki\" \/>\n\t<meta name=\"twitter:label2\" content=\"Procijenjeno vrijeme \u010ditanja\" \/>\n\t<meta name=\"twitter:data2\" content=\"2 minute\" \/>\n<script type=\"application\/ld+json\" class=\"yoast-schema-graph\">{\"@context\":\"https:\\\/\\\/schema.org\",\"@graph\":[{\"@type\":\"Article\",\"@id\":\"https:\\\/\\\/radioljubuski.ba\\\/index.php\\\/2021\\\/06\\\/27\\\/cafe-raceri-opasni-motociklisti-koji-zele-biti-videni\\\/#article\",\"isPartOf\":{\"@id\":\"https:\\\/\\\/radioljubuski.ba\\\/index.php\\\/2021\\\/06\\\/27\\\/cafe-raceri-opasni-motociklisti-koji-zele-biti-videni\\\/\"},\"author\":{\"name\":\"Radio Ljubu\u0161ki\",\"@id\":\"https:\\\/\\\/radioljubuski.ba\\\/#\\\/schema\\\/person\\\/19fc700381a780f69665d7956c469e3b\"},\"headline\":\"&#8216;Cafe raceri&#8217;, opasni motociklisti koji \u017eele biti vi\u0111eni\",\"datePublished\":\"2021-06-27T15:59:06+00:00\",\"dateModified\":\"2021-06-27T15:59:07+00:00\",\"mainEntityOfPage\":{\"@id\":\"https:\\\/\\\/radioljubuski.ba\\\/index.php\\\/2021\\\/06\\\/27\\\/cafe-raceri-opasni-motociklisti-koji-zele-biti-videni\\\/\"},\"wordCount\":343,\"publisher\":{\"@id\":\"https:\\\/\\\/radioljubuski.ba\\\/#organization\"},\"image\":{\"@id\":\"https:\\\/\\\/radioljubuski.ba\\\/index.php\\\/2021\\\/06\\\/27\\\/cafe-raceri-opasni-motociklisti-koji-zele-biti-videni\\\/#primaryimage\"},\"thumbnailUrl\":\"https:\\\/\\\/radioljubuski.ba\\\/wp-content\\\/uploads\\\/2021\\\/06\\\/preuzmi-5-4.jpg\",\"articleSection\":[\"BIH i regija\"],\"inLanguage\":\"hr\"},{\"@type\":\"WebPage\",\"@id\":\"https:\\\/\\\/radioljubuski.ba\\\/index.php\\\/2021\\\/06\\\/27\\\/cafe-raceri-opasni-motociklisti-koji-zele-biti-videni\\\/\",\"url\":\"https:\\\/\\\/radioljubuski.ba\\\/index.php\\\/2021\\\/06\\\/27\\\/cafe-raceri-opasni-motociklisti-koji-zele-biti-videni\\\/\",\"name\":\"'Cafe raceri', opasni motociklisti koji \u017eele biti vi\u0111eni - RADIO LJUBU\u0160KI\",\"isPartOf\":{\"@id\":\"https:\\\/\\\/radioljubuski.ba\\\/#website\"},\"primaryImageOfPage\":{\"@id\":\"https:\\\/\\\/radioljubuski.ba\\\/index.php\\\/2021\\\/06\\\/27\\\/cafe-raceri-opasni-motociklisti-koji-zele-biti-videni\\\/#primaryimage\"},\"image\":{\"@id\":\"https:\\\/\\\/radioljubuski.ba\\\/index.php\\\/2021\\\/06\\\/27\\\/cafe-raceri-opasni-motociklisti-koji-zele-biti-videni\\\/#primaryimage\"},\"thumbnailUrl\":\"https:\\\/\\\/radioljubuski.ba\\\/wp-content\\\/uploads\\\/2021\\\/06\\\/preuzmi-5-4.jpg\",\"datePublished\":\"2021-06-27T15:59:06+00:00\",\"dateModified\":\"2021-06-27T15:59:07+00:00\",\"breadcrumb\":{\"@id\":\"https:\\\/\\\/radioljubuski.ba\\\/index.php\\\/2021\\\/06\\\/27\\\/cafe-raceri-opasni-motociklisti-koji-zele-biti-videni\\\/#breadcrumb\"},\"inLanguage\":\"hr\",\"potentialAction\":[{\"@type\":\"ReadAction\",\"target\":[\"https:\\\/\\\/radioljubuski.ba\\\/index.php\\\/2021\\\/06\\\/27\\\/cafe-raceri-opasni-motociklisti-koji-zele-biti-videni\\\/\"]}]},{\"@type\":\"ImageObject\",\"inLanguage\":\"hr\",\"@id\":\"https:\\\/\\\/radioljubuski.ba\\\/index.php\\\/2021\\\/06\\\/27\\\/cafe-raceri-opasni-motociklisti-koji-zele-biti-videni\\\/#primaryimage\",\"url\":\"https:\\\/\\\/radioljubuski.ba\\\/wp-content\\\/uploads\\\/2021\\\/06\\\/preuzmi-5-4.jpg\",\"contentUrl\":\"https:\\\/\\\/radioljubuski.ba\\\/wp-content\\\/uploads\\\/2021\\\/06\\\/preuzmi-5-4.jpg\",\"width\":285,\"height\":177},{\"@type\":\"BreadcrumbList\",\"@id\":\"https:\\\/\\\/radioljubuski.ba\\\/index.php\\\/2021\\\/06\\\/27\\\/cafe-raceri-opasni-motociklisti-koji-zele-biti-videni\\\/#breadcrumb\",\"itemListElement\":[{\"@type\":\"ListItem\",\"position\":1,\"name\":\"Po\u010detna stranica\",\"item\":\"https:\\\/\\\/radioljubuski.ba\\\/\"},{\"@type\":\"ListItem\",\"position\":2,\"name\":\"&#8216;Cafe raceri&#8217;, opasni motociklisti koji \u017eele biti vi\u0111eni\"}]},{\"@type\":\"WebSite\",\"@id\":\"https:\\\/\\\/radioljubuski.ba\\\/#website\",\"url\":\"https:\\\/\\\/radioljubuski.ba\\\/\",\"name\":\"Radio Ljubu\u0161ki\",\"description\":\"Sun\u010dana frekvencija Hercegovine\",\"publisher\":{\"@id\":\"https:\\\/\\\/radioljubuski.ba\\\/#organization\"},\"potentialAction\":[{\"@type\":\"SearchAction\",\"target\":{\"@type\":\"EntryPoint\",\"urlTemplate\":\"https:\\\/\\\/radioljubuski.ba\\\/?s={search_term_string}\"},\"query-input\":{\"@type\":\"PropertyValueSpecification\",\"valueRequired\":true,\"valueName\":\"search_term_string\"}}],\"inLanguage\":\"hr\"},{\"@type\":\"Organization\",\"@id\":\"https:\\\/\\\/radioljubuski.ba\\\/#organization\",\"name\":\"Radio Ljubu\u0161ki\",\"url\":\"https:\\\/\\\/radioljubuski.ba\\\/\",\"logo\":{\"@type\":\"ImageObject\",\"inLanguage\":\"hr\",\"@id\":\"https:\\\/\\\/radioljubuski.ba\\\/#\\\/schema\\\/logo\\\/image\\\/\",\"url\":\"https:\\\/\\\/radioljubuski.ba\\\/wp-content\\\/uploads\\\/2021\\\/02\\\/cropped-Radio_Ljubuski_logo1.jpg\",\"contentUrl\":\"https:\\\/\\\/radioljubuski.ba\\\/wp-content\\\/uploads\\\/2021\\\/02\\\/cropped-Radio_Ljubuski_logo1.jpg\",\"width\":512,\"height\":512,\"caption\":\"Radio Ljubu\u0161ki\"},\"image\":{\"@id\":\"https:\\\/\\\/radioljubuski.ba\\\/#\\\/schema\\\/logo\\\/image\\\/\"},\"sameAs\":[\"https:\\\/\\\/www.facebook.com\\\/Radiio-Ljubuski-1490835324566332\",\"https:\\\/\\\/x.com\\\/radioljubuski\",\"https:\\\/\\\/hr.linkedin.com\\\/company\\\/radio-ljubuski\",\"https:\\\/\\\/www.youtube.com\\\/channel\\\/UCHYaeO_n0Db3tjNGudGpXyw\"]},{\"@type\":\"Person\",\"@id\":\"https:\\\/\\\/radioljubuski.ba\\\/#\\\/schema\\\/person\\\/19fc700381a780f69665d7956c469e3b\",\"name\":\"Radio Ljubu\u0161ki\"}]}<\/script>\n<!-- \/ Yoast SEO plugin. -->","yoast_head_json":{"title":"'Cafe raceri', opasni motociklisti koji \u017eele biti vi\u0111eni - RADIO LJUBU\u0160KI","robots":{"index":"index","follow":"follow","max-snippet":"max-snippet:-1","max-image-preview":"max-image-preview:large","max-video-preview":"max-video-preview:-1"},"canonical":"https:\/\/radioljubuski.ba\/index.php\/2021\/06\/27\/cafe-raceri-opasni-motociklisti-koji-zele-biti-videni\/","og_locale":"hr_HR","og_type":"article","og_title":"'Cafe raceri', opasni motociklisti koji \u017eele biti vi\u0111eni - RADIO LJUBU\u0160KI","og_description":"Proteklih dana, na\u017ealost, izvje\u0161tavamo o prometnim nesre\u0107ama s tragi\u010dnim ishodom. Jutros je u Zagrebu u naletu motocikla poginula pje\u0161akinja. U sli\u010dnim okolnostima ju\u010der je dvoje ljudi poginulo kod Senja &#8211; pje\u0161ak i suputnica motociklista. Voza\u010d je s te\u0161kim ozljedama prevezen u rije\u010dki KBC. Ni rije\u010dko podru\u010dje nije po\u0161te\u0111eno nesre\u0107a. Brojke su jako lo\u0161e, u ne\u0161to [&hellip;]","og_url":"https:\/\/radioljubuski.ba\/index.php\/2021\/06\/27\/cafe-raceri-opasni-motociklisti-koji-zele-biti-videni\/","og_site_name":"RADIO LJUBU\u0160KI","article_publisher":"https:\/\/www.facebook.com\/Radiio-Ljubuski-1490835324566332","article_published_time":"2021-06-27T15:59:06+00:00","article_modified_time":"2021-06-27T15:59:07+00:00","og_image":[{"width":285,"height":177,"url":"https:\/\/radioljubuski.ba\/wp-content\/uploads\/2021\/06\/preuzmi-5-4.jpg","type":"image\/jpeg"}],"author":"Radio Ljubu\u0161ki","twitter_card":"summary_large_image","twitter_creator":"@radioljubuski","twitter_site":"@radioljubuski","twitter_misc":{"Napisao\/la":"Radio Ljubu\u0161ki","Procijenjeno vrijeme \u010ditanja":"2 minute"},"schema":{"@context":"https:\/\/schema.org","@graph":[{"@type":"Article","@id":"https:\/\/radioljubuski.ba\/index.php\/2021\/06\/27\/cafe-raceri-opasni-motociklisti-koji-zele-biti-videni\/#article","isPartOf":{"@id":"https:\/\/radioljubuski.ba\/index.php\/2021\/06\/27\/cafe-raceri-opasni-motociklisti-koji-zele-biti-videni\/"},"author":{"name":"Radio Ljubu\u0161ki","@id":"https:\/\/radioljubuski.ba\/#\/schema\/person\/19fc700381a780f69665d7956c469e3b"},"headline":"&#8216;Cafe raceri&#8217;, opasni motociklisti koji \u017eele biti vi\u0111eni","datePublished":"2021-06-27T15:59:06+00:00","dateModified":"2021-06-27T15:59:07+00:00","mainEntityOfPage":{"@id":"https:\/\/radioljubuski.ba\/index.php\/2021\/06\/27\/cafe-raceri-opasni-motociklisti-koji-zele-biti-videni\/"},"wordCount":343,"publisher":{"@id":"https:\/\/radioljubuski.ba\/#organization"},"image":{"@id":"https:\/\/radioljubuski.ba\/index.php\/2021\/06\/27\/cafe-raceri-opasni-motociklisti-koji-zele-biti-videni\/#primaryimage"},"thumbnailUrl":"https:\/\/radioljubuski.ba\/wp-content\/uploads\/2021\/06\/preuzmi-5-4.jpg","articleSection":["BIH i regija"],"inLanguage":"hr"},{"@type":"WebPage","@id":"https:\/\/radioljubuski.ba\/index.php\/2021\/06\/27\/cafe-raceri-opasni-motociklisti-koji-zele-biti-videni\/","url":"https:\/\/radioljubuski.ba\/index.php\/2021\/06\/27\/cafe-raceri-opasni-motociklisti-koji-zele-biti-videni\/","name":"'Cafe raceri', opasni motociklisti koji \u017eele biti vi\u0111eni - RADIO LJUBU\u0160KI","isPartOf":{"@id":"https:\/\/radioljubuski.ba\/#website"},"primaryImageOfPage":{"@id":"https:\/\/radioljubuski.ba\/index.php\/2021\/06\/27\/cafe-raceri-opasni-motociklisti-koji-zele-biti-videni\/#primaryimage"},"image":{"@id":"https:\/\/radioljubuski.ba\/index.php\/2021\/06\/27\/cafe-raceri-opasni-motociklisti-koji-zele-biti-videni\/#primaryimage"},"thumbnailUrl":"https:\/\/radioljubuski.ba\/wp-content\/uploads\/2021\/06\/preuzmi-5-4.jpg","datePublished":"2021-06-27T15:59:06+00:00","dateModified":"2021-06-27T15:59:07+00:00","breadcrumb":{"@id":"https:\/\/radioljubuski.ba\/index.php\/2021\/06\/27\/cafe-raceri-opasni-motociklisti-koji-zele-biti-videni\/#breadcrumb"},"inLanguage":"hr","potentialAction":[{"@type":"ReadAction","target":["https:\/\/radioljubuski.ba\/index.php\/2021\/06\/27\/cafe-raceri-opasni-motociklisti-koji-zele-biti-videni\/"]}]},{"@type":"ImageObject","inLanguage":"hr","@id":"https:\/\/radioljubuski.ba\/index.php\/2021\/06\/27\/cafe-raceri-opasni-motociklisti-koji-zele-biti-videni\/#primaryimage","url":"https:\/\/radioljubuski.ba\/wp-content\/uploads\/2021\/06\/preuzmi-5-4.jpg","contentUrl":"https:\/\/radioljubuski.ba\/wp-content\/uploads\/2021\/06\/preuzmi-5-4.jpg","width":285,"height":177},{"@type":"BreadcrumbList","@id":"https:\/\/radioljubuski.ba\/index.php\/2021\/06\/27\/cafe-raceri-opasni-motociklisti-koji-zele-biti-videni\/#breadcrumb","itemListElement":[{"@type":"ListItem","position":1,"name":"Po\u010detna stranica","item":"https:\/\/radioljubuski.ba\/"},{"@type":"ListItem","position":2,"name":"&#8216;Cafe raceri&#8217;, opasni motociklisti koji \u017eele biti vi\u0111eni"}]},{"@type":"WebSite","@id":"https:\/\/radioljubuski.ba\/#website","url":"https:\/\/radioljubuski.ba\/","name":"Radio Ljubu\u0161ki","description":"Sun\u010dana frekvencija Hercegovine","publisher":{"@id":"https:\/\/radioljubuski.ba\/#organization"},"potentialAction":[{"@type":"SearchAction","target":{"@type":"EntryPoint","urlTemplate":"https:\/\/radioljubuski.ba\/?s={search_term_string}"},"query-input":{"@type":"PropertyValueSpecification","valueRequired":true,"valueName":"search_term_string"}}],"inLanguage":"hr"},{"@type":"Organization","@id":"https:\/\/radioljubuski.ba\/#organization","name":"Radio Ljubu\u0161ki","url":"https:\/\/radioljubuski.ba\/","logo":{"@type":"ImageObject","inLanguage":"hr","@id":"https:\/\/radioljubuski.ba\/#\/schema\/logo\/image\/","url":"https:\/\/radioljubuski.ba\/wp-content\/uploads\/2021\/02\/cropped-Radio_Ljubuski_logo1.jpg","contentUrl":"https:\/\/radioljubuski.ba\/wp-content\/uploads\/2021\/02\/cropped-Radio_Ljubuski_logo1.jpg","width":512,"height":512,"caption":"Radio Ljubu\u0161ki"},"image":{"@id":"https:\/\/radioljubuski.ba\/#\/schema\/logo\/image\/"},"sameAs":["https:\/\/www.facebook.com\/Radiio-Ljubuski-1490835324566332","https:\/\/x.com\/radioljubuski","https:\/\/hr.linkedin.com\/company\/radio-ljubuski","https:\/\/www.youtube.com\/channel\/UCHYaeO_n0Db3tjNGudGpXyw"]},{"@type":"Person","@id":"https:\/\/radioljubuski.ba\/#\/schema\/person\/19fc700381a780f69665d7956c469e3b","name":"Radio Ljubu\u0161ki"}]}},"_links":{"self":[{"href":"https:\/\/radioljubuski.ba\/index.php\/wp-json\/wp\/v2\/posts\/36526","targetHints":{"allow":["GET"]}}],"collection":[{"href":"https:\/\/radioljubuski.ba\/index.php\/wp-json\/wp\/v2\/posts"}],"about":[{"href":"https:\/\/radioljubuski.ba\/index.php\/wp-json\/wp\/v2\/types\/post"}],"author":[{"embeddable":true,"href":"https:\/\/radioljubuski.ba\/index.php\/wp-json\/wp\/v2\/users\/2"}],"replies":[{"embeddable":true,"href":"https:\/\/radioljubuski.ba\/index.php\/wp-json\/wp\/v2\/comments?post=36526"}],"version-history":[{"count":1,"href":"https:\/\/radioljubuski.ba\/index.php\/wp-json\/wp\/v2\/posts\/36526\/revisions"}],"predecessor-version":[{"id":36528,"href":"https:\/\/radioljubuski.ba\/index.php\/wp-json\/wp\/v2\/posts\/36526\/revisions\/36528"}],"wp:featuredmedia":[{"embeddable":true,"href":"https:\/\/radioljubuski.ba\/index.php\/wp-json\/wp\/v2\/media\/36527"}],"wp:attachment":[{"href":"https:\/\/radioljubuski.ba\/index.php\/wp-json\/wp\/v2\/media?parent=36526"}],"wp:term":[{"taxonomy":"category","embeddable":true,"href":"https:\/\/radioljubuski.ba\/index.php\/wp-json\/wp\/v2\/categories?post=36526"},{"taxonomy":"post_tag","embeddable":true,"href":"https:\/\/radioljubuski.ba\/index.php\/wp-json\/wp\/v2\/tags?post=36526"}],"curies":[{"name":"wp","href":"https:\/\/api.w.org\/{rel}","templated":true}]}}