{"id":36534,"date":"2021-06-27T17:53:55","date_gmt":"2021-06-27T16:53:55","guid":{"rendered":"https:\/\/radioljubuski.ba\/?p=36534"},"modified":"2021-06-27T17:53:56","modified_gmt":"2021-06-27T16:53:56","slug":"baketa-djeca-u-vukovaru-su-podjeljenija-od-odraslih","status":"publish","type":"post","link":"https:\/\/radioljubuski.ba\/index.php\/2021\/06\/27\/baketa-djeca-u-vukovaru-su-podjeljenija-od-odraslih\/","title":{"rendered":"Baketa: Djeca u Vukovaru su podjeljenija od odraslih"},"content":{"rendered":"\n<p><strong>Prvo smo polazili radionice u Vukovaru, a zatim kampove u Austriji jer je ideja da se izmakne iz te okoline koja \u010desto mo\u017ee biti osu\u0111uju\u0107a prema dru\u017eenjima razli\u010ditih grupa, i onda smo radili na temama medijacije, rje\u0161avanje konflikata i kroz niz godina sam upoznavao sve vi\u0161e i vi\u0161e ljudi, obja\u0161njava politolog Nikola Baketa i&nbsp; u emisiji &#8220;Nedjeljom u 2&#8221; govori o pitanju mije\u0161anih razreda djece hrvatske i srpske nacionalnosti u Vukovaru.<\/strong><\/p>\n\n\n\n<p><a href=\"https:\/\/vijesti.hrt.hr\/hrvatska\/kolar-o-spajanju-skola-u-vukovaru-to-je-direktno-ugrozavanje-prava-srpske-manjine-2152623\"><br><\/a><\/p>\n\n\n\n<p><strong>Nikola Baketa<\/strong>&nbsp;s Instituta za dru\u0161tvena istra\u017eivanja u Zagrebu je ro\u0111eni Vukovarac koji se u svojim znanstvenim radovima bavi obrazovnim politikama govori o tome je li do\u0161lo vrijeme da se promijeni sustav \u0161kolstva u Vukovaru.<br><br>Pitanje je trebaju li djeca hrvatske i srpske nacionalnosti biti u zajedni\u010dkim razredima u Vukovaru?<br><br>Na pitanje smeta li mu kada ga zovu govori o problemima u Vukovaru dok kao politolog prou\u010dava i govori i o drugim problemima, Baketa je odvratio kako to ne smeta izravno njega, ali da mo\u017eda smeta ljude u Vukovaru \u0161to o problemima Vukovara govori osoba koja nije tamo svakodnevno. No, dodao je kako odlazi tamo i kontaktom s obitelji i prijateljima je upoznat s problemima.<\/p>\n\n\n\n<p><strong>Rani dani u Vukovaru<\/strong><strong><br><\/strong><br>Nikola Baketa ka\u017ee kako mu je prvi kontakt s mije\u0161anim skupinama mladih hrvatske i srpske nacionalnosti bio u srednjoj \u0161koli kroz natjecanje odbojke, a kasnije kroz strane organizacije koje su se bavile problemom.<br><br>&#8211; Prvo smo polazili radionice u Vukovaru, a zatim kampove u Austriji jer je ideja da se izmakne iz te okoline koja \u010desto mo\u017ee biti osu\u0111uju\u0107a prema dru\u017eenjima razli\u010ditih grupa,i onda smo radili na temama medijacije, rje\u0161avanje konflikata i kroz niz godina sam upoznavao sve vi\u0161e i vi\u0161e ljudi, obja\u0161njava Baketa.<br><br>&#8211; Po povratku smo radili na nekim zajedni\u010dkim aktivnostima, one nisu nu\u017eno morale biti o nacionalnim pitanjima, radili smo da ponudimo zajednici ne\u0161to \u0161to mislimo da je potrebno, dodao je.<\/p>\n\n\n\n<p><strong>Osobni incident<\/strong><br><br>&#8211; Kako sam \u010desto odlazio u Vukovar i s prijateljima izlazio van, dru\u017eili smo se, i jednom smo bili napadnuti nas trojica s le\u0111a. Njih 5-6, bez ikakvog razloga, vjerojatno im nismo bili poznati. Prijatelju je bio napukao nos i spominjali su nam majku srpsku, \u010detni\u010dku i sli\u010dno, iako nitko od nas nije bio Srbin, prisje\u0107a se Nikola Baketa.<br><br>&#8211; Nakon \u0161to smo podnijeli i prijavu, i kad se saznalo tko je, pitali su me neki &#8220;pa ne\u0107ete ih valjda sad prijavljivati, to su ipak na\u0161i, Hrvati&#8221;. Ono \u0161to ja mogu re\u0107i da netko tko tako napada ljude sigurno nije moj, zaklju\u010duje.<\/p>\n\n\n\n<p><strong>Istra\u017eivanje &#8211; kako razmi\u0161ljaju djeca?<\/strong><br><br>Istra\u017eivanje koje je 2018. godine napravila<strong>\u00a0prof.dr.sc. Dinka \u010corkalo Biru\u0161ki<\/strong>, s filozofskog fakulteta u Zagrebu, gdje zaklju\u010dcima konstatira: &#8220;djeca u Vukovaru podjeljenija su od odraslih, znaju koje su im nacionalnosti prijatelji, znaju koje su nacionalnosti druga djeca&#8221;.<br><br>Nemaju potrebu i\u0107i u drugo dvori\u0161te, prijatelji su im, pa istra\u017eivanju, u 70 posto slu\u010dajeva iste nacionalnosti.<br><br>Politolog dodaje da nije istina da ovaj problem postoji samo Hrvatskoj i nigdje drugdje.<br><br>&#8211; Postoje poljske \u0161kole u \u010ce\u0161koj, srpske \u0161kole u Ma\u0111arskoj, i postoje hrvatske \u0161kole u Srbiji. Takvi modeli obrazovanja postoje. Tako\u0111er postoje i drugdje u Hrvatskoj, Talijani u Istri, \u010cesi u Daruvaru, Ma\u0111ari u Baranji, to je jedno postkonfliktno podru\u010dje, nabraja Baketa.<br><br>&#8211; Bitno je istaknuti da prema nekim vi\u0111enjima obrazovanja za mir i rada s mladima, postoje kratkoro\u010dni planovi, do 5 godina, dugoro\u010dni planovi od 5 do 10 godina, i generacijska vizija od 20 godina. Prili\u010dno bolno je da 2003. kad sam ja bio \u0161koli i kad smo trebali implementirati generacijsku viziju da to danas, skoro 20 godina poslije, bude ve\u0107 rije\u0161eno, a mi smo na istoj stepenici, zaklju\u010duje Nikola Baketa.<br><br>Baketa je rekao kako je istra\u017eivanje profesorice \u010corkalo Biru\u0161ki sjajno i komentirao rezultate koji ukazuju da su djeca podjeljenija od odraslih.<br><br>&#8211; Istra\u017eivanje isti\u010de da su stariji \u010dak imali iskustvo predratnog \u017eivota zajedno, dok nove generacije nikad nisu imale to iskustvo i jedino su nau\u010dile funkcionirati u svojim malim jednoetni\u010dkim zajednicama, bez kontakta i potrebe za kontaktom s ikim drugim, obja\u0161njava Baketa.<br><br>Istra\u017eivanje prou\u010dava monoetni\u010dno biranje prijateljstava u Vukovaru i da je ono posljedica pritiska vr\u0161njaka, a ne roditelja.<br><br>&#8211; Vr\u0161nja\u010dki pritisak je ovdje vezan uz to s kim \u0107ete se dru\u017eiti. Onima kojima nije stalo izdvajati se po tom pitanju \u0107e jednostavno prihvatiti mi\u0161ljenje svoje skupine i ne\u0107e uop\u0107e poku\u0161avati upoznati onoga drugoga, navodi Baketa.<br><br>&#8211; Druga zamka je ta \u0161to, za razliku od drugih sredina u kojima postoji obrazovanje po modelu A, primjerice u talijanskim \u0161kolama u Istri gdje oni koji se izja\u0161njavaju kao Hrvati i dalje \u010dine velik postotak onih koji idu u te \u0161kole, u Vukovaru je prili\u010dno homogeno, dodaje.<\/p>\n\n\n\n<figure class=\"wp-block-embed is-type-video is-provider-youtube wp-block-embed-youtube wp-embed-aspect-16-9 wp-has-aspect-ratio\"><div class=\"wp-block-embed__wrapper\">\n<iframe loading=\"lazy\" title=\"NEDJELJOM U 2: Nikola Baketa, 27. lipnja 2021.\" width=\"640\" height=\"360\" src=\"https:\/\/www.youtube.com\/embed\/ronB5Bbvsbk?feature=oembed\" frameborder=\"0\" allow=\"accelerometer; autoplay; clipboard-write; encrypted-media; gyroscope; picture-in-picture; web-share\" referrerpolicy=\"strict-origin-when-cross-origin\" allowfullscreen><\/iframe>\n<\/div><\/figure>\n\n\n\n<p><strong>\u0160to u\u010de djeca srpske nacionalnosti?<\/strong><br><br>Model \u0161kole A je zajedni\u010dka \u0161kola u koju ide vi\u0161e nacionalnosti, koje su onda podijeljene po razredima. U Vukovaru djeca srpske nacionalnosti poha\u0111aju nastavu na srpskom jeziku i pi\u0161u \u0107irili\u010dnim pismom, ali je program sli\u010dan onome u razredima s hrvatskom djecom.<br><br>&#8211; Srpski jezik i kulturu u\u010de dodatno, ali u jednakoj satnici se mora u\u010diti hrvatski jezik i kultura. To su hrvatski kurikulumi koji se onda izvode na srpskom jeziku i pismu, isti\u010de Baketa.<br><br>&#8211; Naravno kod takvih stvari je uvijek pitanje postoji li negdje skriveni kurikulum i ono \u0161to nastavnik zapravo predaje u u\u010dionici. To mo\u017ee biti zamka i u bilo kojoj drugoj vrsti programa, mo\u017eete imati najbolje napisan ud\u017ebenik iz povijesti i onda imati profesora koji \u0107e ga tuma\u010diti po nekim svojim osobnim uvjerenjima, ka\u017ee.<br><br>Model \u0161kole B je model koji nije trenutno dominantan u Vukovaru, a \u010dine ju zajedni\u010dka \u0161kola i razredi u koje ide vi\u0161e nacionalnosti. Dru\u0161tveni predmeti poput jezika i povijesti su odvojeni, a prirodni predmeti kao \u0161to su matematika, fizika i biologija su zajedni\u010dki.<br><br>Baketa navodi kako je model B najmanje zastupljen u obrazovanju manjina u Hrvatskoj, a bio bi jako dobar model za provoditi jer bi djeca bila zajedno u razredima, a s druge strane u\u010denje kulture i jezika odr\u017eavalo bi se odvojeno i na materinjem jeziku.<br><br>&#8211; S jedne strane tu imate tehni\u010dke probleme, poput pitanja infrastrukture, ima li dovoljno u\u010dionica, nemate mogu\u0107nosti jednosmjenske nastave. S druge strane pitanje je i informiranost roditelja nacionalnih manjina i znaju li oni dovoljno o modelima koji su ponu\u0111eni i na koji na\u010din uop\u0107e odlu\u010duju o tome \u0161to odabrati, ka\u017ee Baketa.<br><br>Ka\u017ee kako je istra\u017eivanju navedeno da i djeca i roditelji srpske nacionalne manjine preferiraju rad po modelu B, me\u0111utim kada do\u0111e upis u \u0161kole, iz nekog razloga se ipak odlu\u010duju za model A.<\/p>\n\n\n\n<p><strong>Politika obrazovanja<\/strong><br><br>Baketa je bio za\u010du\u0111en izjavom vukovarskog gradona\u010delnika Penave da ne\u0107e i\u0107i protiv zakona, i da mu je \u017eelja samo da roditeljima budu dostupniji modeli B ili C.<br><br>&#8211; Drago mi je da se iteriralo takvih inicijativa ako ih nije ni bilo, ali da su ponu\u0111eni neki stavovi koji su mo\u017eda primjereniji. O\u010dito se kolegica Jeckov isto referirala na takvu inicijativu, nismo \u010duli kakav je njen stav o tome na koji na\u010din bi se mo\u017eda drugi modeli promovirali,&nbsp;<br><br>Stankovi\u0107 je rekao kako su iz srpskog narodnog vije\u0107a su govorili da bi oni prihvatili razmatranje modela B kada bi inicijativa do\u0161la s obje strane i kada bi odnosi izme\u0111u politi\u010dkih faktora, prvenstveno u Vukovaru, bili bolji.<br><br>&#8211; Svakako, ali to nije do\u0161lo ni u onim trenucima kada su SDSS i HDZ bili koalicijski partneri u Vukovaru, a sumnjam da \u0107e do\u0107i sada kada su te politi\u010dke razlike jo\u0161 ve\u0107e,&nbsp;<br><br>&#8211; Kao prvo nije istina da se to mo\u017ee raditi samo kroz obrazovanje, mo\u017ee se raditi kroz rad s mladima, \u0161to su i pokazale mirovne organizacije. Svakako bi trebalo imati neku viziju i ulagati sredstva u takav na\u010din rada. Druga stvar, imate razrede pod istim krov pa mo\u017eete imati izvannastavne aktivnosti, mo\u017eete napraviti zajedni\u010dki sat s tom djecom, idemo svaki puta korak dalje,<br><br>Baketa ka\u017ee kako ovakve inicijative li\u010de na neku \u0161iru politi\u010dku igru, ali je rekao da ne\u0107e mije\u0161ati nacionalnu politiku u to.<br><br>&#8211; Jo\u0161 jedna bitna stavka su godine rada na uspostavi interkulturne \u0161kole u Vukovaru koji su trajali od 2003. godine gdje je ideja bila da se ide u jednu \u0161kolu, radi se po jednom kurikulumu koji prati sav plan i program koji propisuje ministarstvo znanosti i obrazovanja, me\u0111utim uvode se predmeti koji se ti\u010du zavi\u010daja jer je prepoznato da tu postoje poveznice, kazao je Baketa.<br><br>&#8211; U multikulturalnom dru\u0161tvu mi u\u010dimo \u0161to je karakteristika jedne, a \u0161to druge kulture. U interkulturalnom dru\u0161tvu mi u\u010dimo \u0161to nas povezuje, kako se na\u0161e kulture isprepli\u0107u. Me\u0111utim na lokalnoj razini ona nije nai\u0161la na podr\u0161ku ni s jedne strane, ka\u017ee.<\/p>\n\n\n\n<p><strong>Rije\u0161enje?<\/strong><br><br>Baketa isti\u010de kako rje\u0161enje nije &#8220;lomljenje preko koljena&#8221; odnosno poslati djecu zajedno u \u0161kole bez saznanja ho\u0107e ili ili ne to ispasti dobro.<br><br>Dodao je i kako otvaranje \u0161kole isklju\u010divo za djecu srpske nacionalne manjine kako &#8220;zadovoljili&#8221; Srbe nije dobar potez jer to nikako ne rje\u0161ava problem segregacije, ve\u0107 ga pove\u0107ava.<br><br>&#8211; Pitanje nije da ili ne zajedni\u010dkim razredima, nego je pitanje \u0161to sve mo\u017eemo napraviti osim toga da integriramo djecu, da u\u010de jedni od drugima, da funkcioniraju zajedno, a da po\u0161tujemo pravo manjine na obrazovanje, zaklju\u010dio je Nikola Baketa, politolog.<br><br>Istra\u017eivanje je pokazalo da je \u010dak 93 posto Srba i 77 posto Hrvata za to da djeca zajedno slave blagdane u \u0161kolama, Baketa ka\u017ee da iako su to dobre naznake da je dovoljno 10 posto ljudi koji \u0107e osporavati takav na\u010din rada.<br><br>Ka\u017ee da treba imati na umu da se radi o generacijskim traumama koje naj\u010de\u0161\u0107e nisu tretirane.<\/p>\n\n\n\n<p>Izvor:hrt.hr<\/p>\n","protected":false},"excerpt":{"rendered":"<p>Prvo smo polazili radionice u Vukovaru, a zatim kampove u Austriji jer je ideja da se izmakne iz te okoline koja \u010desto mo\u017ee biti osu\u0111uju\u0107a prema dru\u017eenjima razli\u010ditih grupa, i onda smo radili na temama medijacije, rje\u0161avanje konflikata i kroz niz godina sam upoznavao sve vi\u0161e i vi\u0161e ljudi, obja\u0161njava politolog Nikola Baketa i&nbsp; u [&hellip;]<\/p>\n","protected":false},"author":2,"featured_media":36535,"comment_status":"closed","ping_status":"closed","sticky":false,"template":"","format":"standard","meta":{"h5ap_radio_sources":[],"footnotes":""},"categories":[1],"tags":[],"class_list":["post-36534","post","type-post","status-publish","format-standard","has-post-thumbnail","hentry","category-bihiregija"],"yoast_head":"<!-- This site is optimized with the Yoast SEO plugin v27.5 - https:\/\/yoast.com\/product\/yoast-seo-wordpress\/ -->\n<title>Baketa: Djeca u Vukovaru su podjeljenija od odraslih - RADIO LJUBU\u0160KI<\/title>\n<meta name=\"robots\" content=\"index, follow, max-snippet:-1, max-image-preview:large, max-video-preview:-1\" \/>\n<link rel=\"canonical\" href=\"https:\/\/radioljubuski.ba\/index.php\/2021\/06\/27\/baketa-djeca-u-vukovaru-su-podjeljenija-od-odraslih\/\" \/>\n<meta property=\"og:locale\" content=\"hr_HR\" \/>\n<meta property=\"og:type\" content=\"article\" \/>\n<meta property=\"og:title\" content=\"Baketa: Djeca u Vukovaru su podjeljenija od odraslih - RADIO LJUBU\u0160KI\" \/>\n<meta property=\"og:description\" content=\"Prvo smo polazili radionice u Vukovaru, a zatim kampove u Austriji jer je ideja da se izmakne iz te okoline koja \u010desto mo\u017ee biti osu\u0111uju\u0107a prema dru\u017eenjima razli\u010ditih grupa, i onda smo radili na temama medijacije, rje\u0161avanje konflikata i kroz niz godina sam upoznavao sve vi\u0161e i vi\u0161e ljudi, obja\u0161njava politolog Nikola Baketa i&nbsp; u [&hellip;]\" \/>\n<meta property=\"og:url\" content=\"https:\/\/radioljubuski.ba\/index.php\/2021\/06\/27\/baketa-djeca-u-vukovaru-su-podjeljenija-od-odraslih\/\" \/>\n<meta property=\"og:site_name\" content=\"RADIO LJUBU\u0160KI\" \/>\n<meta property=\"article:publisher\" content=\"https:\/\/www.facebook.com\/Radiio-Ljubuski-1490835324566332\" \/>\n<meta property=\"article:published_time\" content=\"2021-06-27T16:53:55+00:00\" \/>\n<meta property=\"article:modified_time\" content=\"2021-06-27T16:53:56+00:00\" \/>\n<meta property=\"og:image\" content=\"https:\/\/radioljubuski.ba\/wp-content\/uploads\/2021\/06\/1488933.jpeg\" \/>\n\t<meta property=\"og:image:width\" content=\"900\" \/>\n\t<meta property=\"og:image:height\" content=\"540\" \/>\n\t<meta property=\"og:image:type\" content=\"image\/jpeg\" \/>\n<meta name=\"author\" content=\"Radio Ljubu\u0161ki\" \/>\n<meta name=\"twitter:card\" content=\"summary_large_image\" \/>\n<meta name=\"twitter:creator\" content=\"@radioljubuski\" \/>\n<meta name=\"twitter:site\" content=\"@radioljubuski\" \/>\n<meta name=\"twitter:label1\" content=\"Napisao\/la\" \/>\n\t<meta name=\"twitter:data1\" content=\"Radio Ljubu\u0161ki\" \/>\n\t<meta name=\"twitter:label2\" content=\"Procijenjeno vrijeme \u010ditanja\" \/>\n\t<meta name=\"twitter:data2\" content=\"7 minuta\" \/>\n<script type=\"application\/ld+json\" class=\"yoast-schema-graph\">{\"@context\":\"https:\\\/\\\/schema.org\",\"@graph\":[{\"@type\":\"Article\",\"@id\":\"https:\\\/\\\/radioljubuski.ba\\\/index.php\\\/2021\\\/06\\\/27\\\/baketa-djeca-u-vukovaru-su-podjeljenija-od-odraslih\\\/#article\",\"isPartOf\":{\"@id\":\"https:\\\/\\\/radioljubuski.ba\\\/index.php\\\/2021\\\/06\\\/27\\\/baketa-djeca-u-vukovaru-su-podjeljenija-od-odraslih\\\/\"},\"author\":{\"name\":\"Radio Ljubu\u0161ki\",\"@id\":\"https:\\\/\\\/radioljubuski.ba\\\/#\\\/schema\\\/person\\\/19fc700381a780f69665d7956c469e3b\"},\"headline\":\"Baketa: Djeca u Vukovaru su podjeljenija od odraslih\",\"datePublished\":\"2021-06-27T16:53:55+00:00\",\"dateModified\":\"2021-06-27T16:53:56+00:00\",\"mainEntityOfPage\":{\"@id\":\"https:\\\/\\\/radioljubuski.ba\\\/index.php\\\/2021\\\/06\\\/27\\\/baketa-djeca-u-vukovaru-su-podjeljenija-od-odraslih\\\/\"},\"wordCount\":1737,\"publisher\":{\"@id\":\"https:\\\/\\\/radioljubuski.ba\\\/#organization\"},\"image\":{\"@id\":\"https:\\\/\\\/radioljubuski.ba\\\/index.php\\\/2021\\\/06\\\/27\\\/baketa-djeca-u-vukovaru-su-podjeljenija-od-odraslih\\\/#primaryimage\"},\"thumbnailUrl\":\"https:\\\/\\\/radioljubuski.ba\\\/wp-content\\\/uploads\\\/2021\\\/06\\\/1488933.jpeg\",\"articleSection\":[\"BIH i regija\"],\"inLanguage\":\"hr\"},{\"@type\":\"WebPage\",\"@id\":\"https:\\\/\\\/radioljubuski.ba\\\/index.php\\\/2021\\\/06\\\/27\\\/baketa-djeca-u-vukovaru-su-podjeljenija-od-odraslih\\\/\",\"url\":\"https:\\\/\\\/radioljubuski.ba\\\/index.php\\\/2021\\\/06\\\/27\\\/baketa-djeca-u-vukovaru-su-podjeljenija-od-odraslih\\\/\",\"name\":\"Baketa: Djeca u Vukovaru su podjeljenija od odraslih - RADIO LJUBU\u0160KI\",\"isPartOf\":{\"@id\":\"https:\\\/\\\/radioljubuski.ba\\\/#website\"},\"primaryImageOfPage\":{\"@id\":\"https:\\\/\\\/radioljubuski.ba\\\/index.php\\\/2021\\\/06\\\/27\\\/baketa-djeca-u-vukovaru-su-podjeljenija-od-odraslih\\\/#primaryimage\"},\"image\":{\"@id\":\"https:\\\/\\\/radioljubuski.ba\\\/index.php\\\/2021\\\/06\\\/27\\\/baketa-djeca-u-vukovaru-su-podjeljenija-od-odraslih\\\/#primaryimage\"},\"thumbnailUrl\":\"https:\\\/\\\/radioljubuski.ba\\\/wp-content\\\/uploads\\\/2021\\\/06\\\/1488933.jpeg\",\"datePublished\":\"2021-06-27T16:53:55+00:00\",\"dateModified\":\"2021-06-27T16:53:56+00:00\",\"breadcrumb\":{\"@id\":\"https:\\\/\\\/radioljubuski.ba\\\/index.php\\\/2021\\\/06\\\/27\\\/baketa-djeca-u-vukovaru-su-podjeljenija-od-odraslih\\\/#breadcrumb\"},\"inLanguage\":\"hr\",\"potentialAction\":[{\"@type\":\"ReadAction\",\"target\":[\"https:\\\/\\\/radioljubuski.ba\\\/index.php\\\/2021\\\/06\\\/27\\\/baketa-djeca-u-vukovaru-su-podjeljenija-od-odraslih\\\/\"]}]},{\"@type\":\"ImageObject\",\"inLanguage\":\"hr\",\"@id\":\"https:\\\/\\\/radioljubuski.ba\\\/index.php\\\/2021\\\/06\\\/27\\\/baketa-djeca-u-vukovaru-su-podjeljenija-od-odraslih\\\/#primaryimage\",\"url\":\"https:\\\/\\\/radioljubuski.ba\\\/wp-content\\\/uploads\\\/2021\\\/06\\\/1488933.jpeg\",\"contentUrl\":\"https:\\\/\\\/radioljubuski.ba\\\/wp-content\\\/uploads\\\/2021\\\/06\\\/1488933.jpeg\",\"width\":900,\"height\":540},{\"@type\":\"BreadcrumbList\",\"@id\":\"https:\\\/\\\/radioljubuski.ba\\\/index.php\\\/2021\\\/06\\\/27\\\/baketa-djeca-u-vukovaru-su-podjeljenija-od-odraslih\\\/#breadcrumb\",\"itemListElement\":[{\"@type\":\"ListItem\",\"position\":1,\"name\":\"Po\u010detna stranica\",\"item\":\"https:\\\/\\\/radioljubuski.ba\\\/\"},{\"@type\":\"ListItem\",\"position\":2,\"name\":\"Baketa: Djeca u Vukovaru su podjeljenija od odraslih\"}]},{\"@type\":\"WebSite\",\"@id\":\"https:\\\/\\\/radioljubuski.ba\\\/#website\",\"url\":\"https:\\\/\\\/radioljubuski.ba\\\/\",\"name\":\"Radio Ljubu\u0161ki\",\"description\":\"Sun\u010dana frekvencija Hercegovine\",\"publisher\":{\"@id\":\"https:\\\/\\\/radioljubuski.ba\\\/#organization\"},\"potentialAction\":[{\"@type\":\"SearchAction\",\"target\":{\"@type\":\"EntryPoint\",\"urlTemplate\":\"https:\\\/\\\/radioljubuski.ba\\\/?s={search_term_string}\"},\"query-input\":{\"@type\":\"PropertyValueSpecification\",\"valueRequired\":true,\"valueName\":\"search_term_string\"}}],\"inLanguage\":\"hr\"},{\"@type\":\"Organization\",\"@id\":\"https:\\\/\\\/radioljubuski.ba\\\/#organization\",\"name\":\"Radio Ljubu\u0161ki\",\"url\":\"https:\\\/\\\/radioljubuski.ba\\\/\",\"logo\":{\"@type\":\"ImageObject\",\"inLanguage\":\"hr\",\"@id\":\"https:\\\/\\\/radioljubuski.ba\\\/#\\\/schema\\\/logo\\\/image\\\/\",\"url\":\"https:\\\/\\\/radioljubuski.ba\\\/wp-content\\\/uploads\\\/2021\\\/02\\\/cropped-Radio_Ljubuski_logo1.jpg\",\"contentUrl\":\"https:\\\/\\\/radioljubuski.ba\\\/wp-content\\\/uploads\\\/2021\\\/02\\\/cropped-Radio_Ljubuski_logo1.jpg\",\"width\":512,\"height\":512,\"caption\":\"Radio Ljubu\u0161ki\"},\"image\":{\"@id\":\"https:\\\/\\\/radioljubuski.ba\\\/#\\\/schema\\\/logo\\\/image\\\/\"},\"sameAs\":[\"https:\\\/\\\/www.facebook.com\\\/Radiio-Ljubuski-1490835324566332\",\"https:\\\/\\\/x.com\\\/radioljubuski\",\"https:\\\/\\\/hr.linkedin.com\\\/company\\\/radio-ljubuski\",\"https:\\\/\\\/www.youtube.com\\\/channel\\\/UCHYaeO_n0Db3tjNGudGpXyw\"]},{\"@type\":\"Person\",\"@id\":\"https:\\\/\\\/radioljubuski.ba\\\/#\\\/schema\\\/person\\\/19fc700381a780f69665d7956c469e3b\",\"name\":\"Radio Ljubu\u0161ki\"}]}<\/script>\n<!-- \/ Yoast SEO plugin. -->","yoast_head_json":{"title":"Baketa: Djeca u Vukovaru su podjeljenija od odraslih - RADIO LJUBU\u0160KI","robots":{"index":"index","follow":"follow","max-snippet":"max-snippet:-1","max-image-preview":"max-image-preview:large","max-video-preview":"max-video-preview:-1"},"canonical":"https:\/\/radioljubuski.ba\/index.php\/2021\/06\/27\/baketa-djeca-u-vukovaru-su-podjeljenija-od-odraslih\/","og_locale":"hr_HR","og_type":"article","og_title":"Baketa: Djeca u Vukovaru su podjeljenija od odraslih - RADIO LJUBU\u0160KI","og_description":"Prvo smo polazili radionice u Vukovaru, a zatim kampove u Austriji jer je ideja da se izmakne iz te okoline koja \u010desto mo\u017ee biti osu\u0111uju\u0107a prema dru\u017eenjima razli\u010ditih grupa, i onda smo radili na temama medijacije, rje\u0161avanje konflikata i kroz niz godina sam upoznavao sve vi\u0161e i vi\u0161e ljudi, obja\u0161njava politolog Nikola Baketa i&nbsp; u [&hellip;]","og_url":"https:\/\/radioljubuski.ba\/index.php\/2021\/06\/27\/baketa-djeca-u-vukovaru-su-podjeljenija-od-odraslih\/","og_site_name":"RADIO LJUBU\u0160KI","article_publisher":"https:\/\/www.facebook.com\/Radiio-Ljubuski-1490835324566332","article_published_time":"2021-06-27T16:53:55+00:00","article_modified_time":"2021-06-27T16:53:56+00:00","og_image":[{"width":900,"height":540,"url":"https:\/\/radioljubuski.ba\/wp-content\/uploads\/2021\/06\/1488933.jpeg","type":"image\/jpeg"}],"author":"Radio Ljubu\u0161ki","twitter_card":"summary_large_image","twitter_creator":"@radioljubuski","twitter_site":"@radioljubuski","twitter_misc":{"Napisao\/la":"Radio Ljubu\u0161ki","Procijenjeno vrijeme \u010ditanja":"7 minuta"},"schema":{"@context":"https:\/\/schema.org","@graph":[{"@type":"Article","@id":"https:\/\/radioljubuski.ba\/index.php\/2021\/06\/27\/baketa-djeca-u-vukovaru-su-podjeljenija-od-odraslih\/#article","isPartOf":{"@id":"https:\/\/radioljubuski.ba\/index.php\/2021\/06\/27\/baketa-djeca-u-vukovaru-su-podjeljenija-od-odraslih\/"},"author":{"name":"Radio Ljubu\u0161ki","@id":"https:\/\/radioljubuski.ba\/#\/schema\/person\/19fc700381a780f69665d7956c469e3b"},"headline":"Baketa: Djeca u Vukovaru su podjeljenija od odraslih","datePublished":"2021-06-27T16:53:55+00:00","dateModified":"2021-06-27T16:53:56+00:00","mainEntityOfPage":{"@id":"https:\/\/radioljubuski.ba\/index.php\/2021\/06\/27\/baketa-djeca-u-vukovaru-su-podjeljenija-od-odraslih\/"},"wordCount":1737,"publisher":{"@id":"https:\/\/radioljubuski.ba\/#organization"},"image":{"@id":"https:\/\/radioljubuski.ba\/index.php\/2021\/06\/27\/baketa-djeca-u-vukovaru-su-podjeljenija-od-odraslih\/#primaryimage"},"thumbnailUrl":"https:\/\/radioljubuski.ba\/wp-content\/uploads\/2021\/06\/1488933.jpeg","articleSection":["BIH i regija"],"inLanguage":"hr"},{"@type":"WebPage","@id":"https:\/\/radioljubuski.ba\/index.php\/2021\/06\/27\/baketa-djeca-u-vukovaru-su-podjeljenija-od-odraslih\/","url":"https:\/\/radioljubuski.ba\/index.php\/2021\/06\/27\/baketa-djeca-u-vukovaru-su-podjeljenija-od-odraslih\/","name":"Baketa: Djeca u Vukovaru su podjeljenija od odraslih - RADIO LJUBU\u0160KI","isPartOf":{"@id":"https:\/\/radioljubuski.ba\/#website"},"primaryImageOfPage":{"@id":"https:\/\/radioljubuski.ba\/index.php\/2021\/06\/27\/baketa-djeca-u-vukovaru-su-podjeljenija-od-odraslih\/#primaryimage"},"image":{"@id":"https:\/\/radioljubuski.ba\/index.php\/2021\/06\/27\/baketa-djeca-u-vukovaru-su-podjeljenija-od-odraslih\/#primaryimage"},"thumbnailUrl":"https:\/\/radioljubuski.ba\/wp-content\/uploads\/2021\/06\/1488933.jpeg","datePublished":"2021-06-27T16:53:55+00:00","dateModified":"2021-06-27T16:53:56+00:00","breadcrumb":{"@id":"https:\/\/radioljubuski.ba\/index.php\/2021\/06\/27\/baketa-djeca-u-vukovaru-su-podjeljenija-od-odraslih\/#breadcrumb"},"inLanguage":"hr","potentialAction":[{"@type":"ReadAction","target":["https:\/\/radioljubuski.ba\/index.php\/2021\/06\/27\/baketa-djeca-u-vukovaru-su-podjeljenija-od-odraslih\/"]}]},{"@type":"ImageObject","inLanguage":"hr","@id":"https:\/\/radioljubuski.ba\/index.php\/2021\/06\/27\/baketa-djeca-u-vukovaru-su-podjeljenija-od-odraslih\/#primaryimage","url":"https:\/\/radioljubuski.ba\/wp-content\/uploads\/2021\/06\/1488933.jpeg","contentUrl":"https:\/\/radioljubuski.ba\/wp-content\/uploads\/2021\/06\/1488933.jpeg","width":900,"height":540},{"@type":"BreadcrumbList","@id":"https:\/\/radioljubuski.ba\/index.php\/2021\/06\/27\/baketa-djeca-u-vukovaru-su-podjeljenija-od-odraslih\/#breadcrumb","itemListElement":[{"@type":"ListItem","position":1,"name":"Po\u010detna stranica","item":"https:\/\/radioljubuski.ba\/"},{"@type":"ListItem","position":2,"name":"Baketa: Djeca u Vukovaru su podjeljenija od odraslih"}]},{"@type":"WebSite","@id":"https:\/\/radioljubuski.ba\/#website","url":"https:\/\/radioljubuski.ba\/","name":"Radio Ljubu\u0161ki","description":"Sun\u010dana frekvencija Hercegovine","publisher":{"@id":"https:\/\/radioljubuski.ba\/#organization"},"potentialAction":[{"@type":"SearchAction","target":{"@type":"EntryPoint","urlTemplate":"https:\/\/radioljubuski.ba\/?s={search_term_string}"},"query-input":{"@type":"PropertyValueSpecification","valueRequired":true,"valueName":"search_term_string"}}],"inLanguage":"hr"},{"@type":"Organization","@id":"https:\/\/radioljubuski.ba\/#organization","name":"Radio Ljubu\u0161ki","url":"https:\/\/radioljubuski.ba\/","logo":{"@type":"ImageObject","inLanguage":"hr","@id":"https:\/\/radioljubuski.ba\/#\/schema\/logo\/image\/","url":"https:\/\/radioljubuski.ba\/wp-content\/uploads\/2021\/02\/cropped-Radio_Ljubuski_logo1.jpg","contentUrl":"https:\/\/radioljubuski.ba\/wp-content\/uploads\/2021\/02\/cropped-Radio_Ljubuski_logo1.jpg","width":512,"height":512,"caption":"Radio Ljubu\u0161ki"},"image":{"@id":"https:\/\/radioljubuski.ba\/#\/schema\/logo\/image\/"},"sameAs":["https:\/\/www.facebook.com\/Radiio-Ljubuski-1490835324566332","https:\/\/x.com\/radioljubuski","https:\/\/hr.linkedin.com\/company\/radio-ljubuski","https:\/\/www.youtube.com\/channel\/UCHYaeO_n0Db3tjNGudGpXyw"]},{"@type":"Person","@id":"https:\/\/radioljubuski.ba\/#\/schema\/person\/19fc700381a780f69665d7956c469e3b","name":"Radio Ljubu\u0161ki"}]}},"_links":{"self":[{"href":"https:\/\/radioljubuski.ba\/index.php\/wp-json\/wp\/v2\/posts\/36534","targetHints":{"allow":["GET"]}}],"collection":[{"href":"https:\/\/radioljubuski.ba\/index.php\/wp-json\/wp\/v2\/posts"}],"about":[{"href":"https:\/\/radioljubuski.ba\/index.php\/wp-json\/wp\/v2\/types\/post"}],"author":[{"embeddable":true,"href":"https:\/\/radioljubuski.ba\/index.php\/wp-json\/wp\/v2\/users\/2"}],"replies":[{"embeddable":true,"href":"https:\/\/radioljubuski.ba\/index.php\/wp-json\/wp\/v2\/comments?post=36534"}],"version-history":[{"count":1,"href":"https:\/\/radioljubuski.ba\/index.php\/wp-json\/wp\/v2\/posts\/36534\/revisions"}],"predecessor-version":[{"id":36536,"href":"https:\/\/radioljubuski.ba\/index.php\/wp-json\/wp\/v2\/posts\/36534\/revisions\/36536"}],"wp:featuredmedia":[{"embeddable":true,"href":"https:\/\/radioljubuski.ba\/index.php\/wp-json\/wp\/v2\/media\/36535"}],"wp:attachment":[{"href":"https:\/\/radioljubuski.ba\/index.php\/wp-json\/wp\/v2\/media?parent=36534"}],"wp:term":[{"taxonomy":"category","embeddable":true,"href":"https:\/\/radioljubuski.ba\/index.php\/wp-json\/wp\/v2\/categories?post=36534"},{"taxonomy":"post_tag","embeddable":true,"href":"https:\/\/radioljubuski.ba\/index.php\/wp-json\/wp\/v2\/tags?post=36534"}],"curies":[{"name":"wp","href":"https:\/\/api.w.org\/{rel}","templated":true}]}}