{"id":36537,"date":"2021-06-27T17:57:00","date_gmt":"2021-06-27T16:57:00","guid":{"rendered":"https:\/\/radioljubuski.ba\/?p=36537"},"modified":"2021-06-27T17:57:01","modified_gmt":"2021-06-27T16:57:01","slug":"nevrijeme-za-sobom-ostavilo-velik-broj-ptica-slomljenih-krila","status":"publish","type":"post","link":"https:\/\/radioljubuski.ba\/index.php\/2021\/06\/27\/nevrijeme-za-sobom-ostavilo-velik-broj-ptica-slomljenih-krila\/","title":{"rendered":"Nevrijeme za sobom ostavilo velik broj ptica slomljenih krila"},"content":{"rendered":"\n<p><strong>Nevrijeme koje je u petak poslijepodne sna\u017eno pogodilo sredi\u0161nju Slavoniju, nije samo nanijelo veliku materijalnu \u0161tetu ljudima. Oluja s tu\u010dom posljedice je ostavila i na biljnom te \u017eivotinjskom svijetu.<\/strong><\/p>\n\n\n\n<p>Iz azila Dumovec ka\u017eu kako su jutros dobili informaciju o velikom broju uginulih i ozlije\u0111enih ptica te je jedna njihova ekipa odmah krenula prema Po\u017eegi. U dogovoru s volonterma Udruge za za\u0161titu \u017eivotinja &#8216;Sirius Po\u017eega&#8217; odmah su 16 te\u0161ko ozlije\u0111enih ga\u010daca prebacili u oporavili\u0161te za divlje \u017eivotinje zagreba\u010dkog ZOO-a.<br><br>U Po\u017eegi ih je do\u010dekalo jo\u0161 pedeset ptica iste vrste, a u njihovu zbrinjavanju od velike su pomo\u0107i bili i \u010dlanovi PK Vu\u010dje Bratstvo. I te su ptice smje\u0161tene u oporavili\u0161te Zoolo\u0161kog vrta.<br><br>Veterinari su utvrdili da ve\u0107ina ptica ima prijelome krila, pa su dobile sredstvo protiv bolova i antibiotik. A sutra \u0107e biti operirane, izvijestili su iz azila Dumovec.&nbsp;<\/p>\n\n\n\n<p>Izvor:hrt.hr<\/p>\n","protected":false},"excerpt":{"rendered":"<p>Nevrijeme koje je u petak poslijepodne sna\u017eno pogodilo sredi\u0161nju Slavoniju, nije samo nanijelo veliku materijalnu \u0161tetu ljudima. Oluja s tu\u010dom posljedice je ostavila i na biljnom te \u017eivotinjskom svijetu. Iz azila Dumovec ka\u017eu kako su jutros dobili informaciju o velikom broju uginulih i ozlije\u0111enih ptica te je jedna njihova ekipa odmah krenula prema Po\u017eegi. U [&hellip;]<\/p>\n","protected":false},"author":2,"featured_media":36538,"comment_status":"closed","ping_status":"closed","sticky":false,"template":"","format":"standard","meta":{"h5ap_radio_sources":[],"footnotes":""},"categories":[1],"tags":[],"class_list":["post-36537","post","type-post","status-publish","format-standard","has-post-thumbnail","hentry","category-bihiregija"],"yoast_head":"<!-- This site is optimized with the Yoast SEO plugin v27.5 - https:\/\/yoast.com\/product\/yoast-seo-wordpress\/ -->\n<title>Nevrijeme za sobom ostavilo velik broj ptica slomljenih krila - RADIO LJUBU\u0160KI<\/title>\n<meta name=\"robots\" content=\"index, follow, max-snippet:-1, max-image-preview:large, max-video-preview:-1\" \/>\n<link rel=\"canonical\" href=\"https:\/\/radioljubuski.ba\/index.php\/2021\/06\/27\/nevrijeme-za-sobom-ostavilo-velik-broj-ptica-slomljenih-krila\/\" \/>\n<meta property=\"og:locale\" content=\"hr_HR\" \/>\n<meta property=\"og:type\" content=\"article\" \/>\n<meta property=\"og:title\" content=\"Nevrijeme za sobom ostavilo velik broj ptica slomljenih krila - RADIO LJUBU\u0160KI\" \/>\n<meta property=\"og:description\" content=\"Nevrijeme koje je u petak poslijepodne sna\u017eno pogodilo sredi\u0161nju Slavoniju, nije samo nanijelo veliku materijalnu \u0161tetu ljudima. Oluja s tu\u010dom posljedice je ostavila i na biljnom te \u017eivotinjskom svijetu. Iz azila Dumovec ka\u017eu kako su jutros dobili informaciju o velikom broju uginulih i ozlije\u0111enih ptica te je jedna njihova ekipa odmah krenula prema Po\u017eegi. U [&hellip;]\" \/>\n<meta property=\"og:url\" content=\"https:\/\/radioljubuski.ba\/index.php\/2021\/06\/27\/nevrijeme-za-sobom-ostavilo-velik-broj-ptica-slomljenih-krila\/\" \/>\n<meta property=\"og:site_name\" content=\"RADIO LJUBU\u0160KI\" \/>\n<meta property=\"article:publisher\" content=\"https:\/\/www.facebook.com\/Radiio-Ljubuski-1490835324566332\" \/>\n<meta property=\"article:published_time\" content=\"2021-06-27T16:57:00+00:00\" \/>\n<meta property=\"article:modified_time\" content=\"2021-06-27T16:57:01+00:00\" \/>\n<meta property=\"og:image\" content=\"https:\/\/radioljubuski.ba\/wp-content\/uploads\/2021\/06\/740x438-207095525-771231956899122-6280936745038234302-n-20210627154456.jpg\" \/>\n\t<meta property=\"og:image:width\" content=\"740\" \/>\n\t<meta property=\"og:image:height\" content=\"438\" \/>\n\t<meta property=\"og:image:type\" content=\"image\/jpeg\" \/>\n<meta name=\"author\" content=\"Radio Ljubu\u0161ki\" \/>\n<meta name=\"twitter:card\" content=\"summary_large_image\" \/>\n<meta name=\"twitter:creator\" content=\"@radioljubuski\" \/>\n<meta name=\"twitter:site\" content=\"@radioljubuski\" \/>\n<meta name=\"twitter:label1\" content=\"Napisao\/la\" \/>\n\t<meta name=\"twitter:data1\" content=\"Radio Ljubu\u0161ki\" \/>\n\t<meta name=\"twitter:label2\" content=\"Procijenjeno vrijeme \u010ditanja\" \/>\n\t<meta name=\"twitter:data2\" content=\"1 minuta\" \/>\n<script type=\"application\/ld+json\" class=\"yoast-schema-graph\">{\"@context\":\"https:\\\/\\\/schema.org\",\"@graph\":[{\"@type\":\"Article\",\"@id\":\"https:\\\/\\\/radioljubuski.ba\\\/index.php\\\/2021\\\/06\\\/27\\\/nevrijeme-za-sobom-ostavilo-velik-broj-ptica-slomljenih-krila\\\/#article\",\"isPartOf\":{\"@id\":\"https:\\\/\\\/radioljubuski.ba\\\/index.php\\\/2021\\\/06\\\/27\\\/nevrijeme-za-sobom-ostavilo-velik-broj-ptica-slomljenih-krila\\\/\"},\"author\":{\"name\":\"Radio Ljubu\u0161ki\",\"@id\":\"https:\\\/\\\/radioljubuski.ba\\\/#\\\/schema\\\/person\\\/19fc700381a780f69665d7956c469e3b\"},\"headline\":\"Nevrijeme za sobom ostavilo velik broj ptica slomljenih krila\",\"datePublished\":\"2021-06-27T16:57:00+00:00\",\"dateModified\":\"2021-06-27T16:57:01+00:00\",\"mainEntityOfPage\":{\"@id\":\"https:\\\/\\\/radioljubuski.ba\\\/index.php\\\/2021\\\/06\\\/27\\\/nevrijeme-za-sobom-ostavilo-velik-broj-ptica-slomljenih-krila\\\/\"},\"wordCount\":171,\"publisher\":{\"@id\":\"https:\\\/\\\/radioljubuski.ba\\\/#organization\"},\"image\":{\"@id\":\"https:\\\/\\\/radioljubuski.ba\\\/index.php\\\/2021\\\/06\\\/27\\\/nevrijeme-za-sobom-ostavilo-velik-broj-ptica-slomljenih-krila\\\/#primaryimage\"},\"thumbnailUrl\":\"https:\\\/\\\/radioljubuski.ba\\\/wp-content\\\/uploads\\\/2021\\\/06\\\/740x438-207095525-771231956899122-6280936745038234302-n-20210627154456.jpg\",\"articleSection\":[\"BIH i regija\"],\"inLanguage\":\"hr\"},{\"@type\":\"WebPage\",\"@id\":\"https:\\\/\\\/radioljubuski.ba\\\/index.php\\\/2021\\\/06\\\/27\\\/nevrijeme-za-sobom-ostavilo-velik-broj-ptica-slomljenih-krila\\\/\",\"url\":\"https:\\\/\\\/radioljubuski.ba\\\/index.php\\\/2021\\\/06\\\/27\\\/nevrijeme-za-sobom-ostavilo-velik-broj-ptica-slomljenih-krila\\\/\",\"name\":\"Nevrijeme za sobom ostavilo velik broj ptica slomljenih krila - RADIO LJUBU\u0160KI\",\"isPartOf\":{\"@id\":\"https:\\\/\\\/radioljubuski.ba\\\/#website\"},\"primaryImageOfPage\":{\"@id\":\"https:\\\/\\\/radioljubuski.ba\\\/index.php\\\/2021\\\/06\\\/27\\\/nevrijeme-za-sobom-ostavilo-velik-broj-ptica-slomljenih-krila\\\/#primaryimage\"},\"image\":{\"@id\":\"https:\\\/\\\/radioljubuski.ba\\\/index.php\\\/2021\\\/06\\\/27\\\/nevrijeme-za-sobom-ostavilo-velik-broj-ptica-slomljenih-krila\\\/#primaryimage\"},\"thumbnailUrl\":\"https:\\\/\\\/radioljubuski.ba\\\/wp-content\\\/uploads\\\/2021\\\/06\\\/740x438-207095525-771231956899122-6280936745038234302-n-20210627154456.jpg\",\"datePublished\":\"2021-06-27T16:57:00+00:00\",\"dateModified\":\"2021-06-27T16:57:01+00:00\",\"breadcrumb\":{\"@id\":\"https:\\\/\\\/radioljubuski.ba\\\/index.php\\\/2021\\\/06\\\/27\\\/nevrijeme-za-sobom-ostavilo-velik-broj-ptica-slomljenih-krila\\\/#breadcrumb\"},\"inLanguage\":\"hr\",\"potentialAction\":[{\"@type\":\"ReadAction\",\"target\":[\"https:\\\/\\\/radioljubuski.ba\\\/index.php\\\/2021\\\/06\\\/27\\\/nevrijeme-za-sobom-ostavilo-velik-broj-ptica-slomljenih-krila\\\/\"]}]},{\"@type\":\"ImageObject\",\"inLanguage\":\"hr\",\"@id\":\"https:\\\/\\\/radioljubuski.ba\\\/index.php\\\/2021\\\/06\\\/27\\\/nevrijeme-za-sobom-ostavilo-velik-broj-ptica-slomljenih-krila\\\/#primaryimage\",\"url\":\"https:\\\/\\\/radioljubuski.ba\\\/wp-content\\\/uploads\\\/2021\\\/06\\\/740x438-207095525-771231956899122-6280936745038234302-n-20210627154456.jpg\",\"contentUrl\":\"https:\\\/\\\/radioljubuski.ba\\\/wp-content\\\/uploads\\\/2021\\\/06\\\/740x438-207095525-771231956899122-6280936745038234302-n-20210627154456.jpg\",\"width\":740,\"height\":438},{\"@type\":\"BreadcrumbList\",\"@id\":\"https:\\\/\\\/radioljubuski.ba\\\/index.php\\\/2021\\\/06\\\/27\\\/nevrijeme-za-sobom-ostavilo-velik-broj-ptica-slomljenih-krila\\\/#breadcrumb\",\"itemListElement\":[{\"@type\":\"ListItem\",\"position\":1,\"name\":\"Po\u010detna stranica\",\"item\":\"https:\\\/\\\/radioljubuski.ba\\\/\"},{\"@type\":\"ListItem\",\"position\":2,\"name\":\"Nevrijeme za sobom ostavilo velik broj ptica slomljenih krila\"}]},{\"@type\":\"WebSite\",\"@id\":\"https:\\\/\\\/radioljubuski.ba\\\/#website\",\"url\":\"https:\\\/\\\/radioljubuski.ba\\\/\",\"name\":\"Radio Ljubu\u0161ki\",\"description\":\"Sun\u010dana frekvencija Hercegovine\",\"publisher\":{\"@id\":\"https:\\\/\\\/radioljubuski.ba\\\/#organization\"},\"potentialAction\":[{\"@type\":\"SearchAction\",\"target\":{\"@type\":\"EntryPoint\",\"urlTemplate\":\"https:\\\/\\\/radioljubuski.ba\\\/?s={search_term_string}\"},\"query-input\":{\"@type\":\"PropertyValueSpecification\",\"valueRequired\":true,\"valueName\":\"search_term_string\"}}],\"inLanguage\":\"hr\"},{\"@type\":\"Organization\",\"@id\":\"https:\\\/\\\/radioljubuski.ba\\\/#organization\",\"name\":\"Radio Ljubu\u0161ki\",\"url\":\"https:\\\/\\\/radioljubuski.ba\\\/\",\"logo\":{\"@type\":\"ImageObject\",\"inLanguage\":\"hr\",\"@id\":\"https:\\\/\\\/radioljubuski.ba\\\/#\\\/schema\\\/logo\\\/image\\\/\",\"url\":\"https:\\\/\\\/radioljubuski.ba\\\/wp-content\\\/uploads\\\/2021\\\/02\\\/cropped-Radio_Ljubuski_logo1.jpg\",\"contentUrl\":\"https:\\\/\\\/radioljubuski.ba\\\/wp-content\\\/uploads\\\/2021\\\/02\\\/cropped-Radio_Ljubuski_logo1.jpg\",\"width\":512,\"height\":512,\"caption\":\"Radio Ljubu\u0161ki\"},\"image\":{\"@id\":\"https:\\\/\\\/radioljubuski.ba\\\/#\\\/schema\\\/logo\\\/image\\\/\"},\"sameAs\":[\"https:\\\/\\\/www.facebook.com\\\/Radiio-Ljubuski-1490835324566332\",\"https:\\\/\\\/x.com\\\/radioljubuski\",\"https:\\\/\\\/hr.linkedin.com\\\/company\\\/radio-ljubuski\",\"https:\\\/\\\/www.youtube.com\\\/channel\\\/UCHYaeO_n0Db3tjNGudGpXyw\"]},{\"@type\":\"Person\",\"@id\":\"https:\\\/\\\/radioljubuski.ba\\\/#\\\/schema\\\/person\\\/19fc700381a780f69665d7956c469e3b\",\"name\":\"Radio Ljubu\u0161ki\"}]}<\/script>\n<!-- \/ Yoast SEO plugin. -->","yoast_head_json":{"title":"Nevrijeme za sobom ostavilo velik broj ptica slomljenih krila - RADIO LJUBU\u0160KI","robots":{"index":"index","follow":"follow","max-snippet":"max-snippet:-1","max-image-preview":"max-image-preview:large","max-video-preview":"max-video-preview:-1"},"canonical":"https:\/\/radioljubuski.ba\/index.php\/2021\/06\/27\/nevrijeme-za-sobom-ostavilo-velik-broj-ptica-slomljenih-krila\/","og_locale":"hr_HR","og_type":"article","og_title":"Nevrijeme za sobom ostavilo velik broj ptica slomljenih krila - RADIO LJUBU\u0160KI","og_description":"Nevrijeme koje je u petak poslijepodne sna\u017eno pogodilo sredi\u0161nju Slavoniju, nije samo nanijelo veliku materijalnu \u0161tetu ljudima. Oluja s tu\u010dom posljedice je ostavila i na biljnom te \u017eivotinjskom svijetu. Iz azila Dumovec ka\u017eu kako su jutros dobili informaciju o velikom broju uginulih i ozlije\u0111enih ptica te je jedna njihova ekipa odmah krenula prema Po\u017eegi. U [&hellip;]","og_url":"https:\/\/radioljubuski.ba\/index.php\/2021\/06\/27\/nevrijeme-za-sobom-ostavilo-velik-broj-ptica-slomljenih-krila\/","og_site_name":"RADIO LJUBU\u0160KI","article_publisher":"https:\/\/www.facebook.com\/Radiio-Ljubuski-1490835324566332","article_published_time":"2021-06-27T16:57:00+00:00","article_modified_time":"2021-06-27T16:57:01+00:00","og_image":[{"width":740,"height":438,"url":"https:\/\/radioljubuski.ba\/wp-content\/uploads\/2021\/06\/740x438-207095525-771231956899122-6280936745038234302-n-20210627154456.jpg","type":"image\/jpeg"}],"author":"Radio Ljubu\u0161ki","twitter_card":"summary_large_image","twitter_creator":"@radioljubuski","twitter_site":"@radioljubuski","twitter_misc":{"Napisao\/la":"Radio Ljubu\u0161ki","Procijenjeno vrijeme \u010ditanja":"1 minuta"},"schema":{"@context":"https:\/\/schema.org","@graph":[{"@type":"Article","@id":"https:\/\/radioljubuski.ba\/index.php\/2021\/06\/27\/nevrijeme-za-sobom-ostavilo-velik-broj-ptica-slomljenih-krila\/#article","isPartOf":{"@id":"https:\/\/radioljubuski.ba\/index.php\/2021\/06\/27\/nevrijeme-za-sobom-ostavilo-velik-broj-ptica-slomljenih-krila\/"},"author":{"name":"Radio Ljubu\u0161ki","@id":"https:\/\/radioljubuski.ba\/#\/schema\/person\/19fc700381a780f69665d7956c469e3b"},"headline":"Nevrijeme za sobom ostavilo velik broj ptica slomljenih krila","datePublished":"2021-06-27T16:57:00+00:00","dateModified":"2021-06-27T16:57:01+00:00","mainEntityOfPage":{"@id":"https:\/\/radioljubuski.ba\/index.php\/2021\/06\/27\/nevrijeme-za-sobom-ostavilo-velik-broj-ptica-slomljenih-krila\/"},"wordCount":171,"publisher":{"@id":"https:\/\/radioljubuski.ba\/#organization"},"image":{"@id":"https:\/\/radioljubuski.ba\/index.php\/2021\/06\/27\/nevrijeme-za-sobom-ostavilo-velik-broj-ptica-slomljenih-krila\/#primaryimage"},"thumbnailUrl":"https:\/\/radioljubuski.ba\/wp-content\/uploads\/2021\/06\/740x438-207095525-771231956899122-6280936745038234302-n-20210627154456.jpg","articleSection":["BIH i regija"],"inLanguage":"hr"},{"@type":"WebPage","@id":"https:\/\/radioljubuski.ba\/index.php\/2021\/06\/27\/nevrijeme-za-sobom-ostavilo-velik-broj-ptica-slomljenih-krila\/","url":"https:\/\/radioljubuski.ba\/index.php\/2021\/06\/27\/nevrijeme-za-sobom-ostavilo-velik-broj-ptica-slomljenih-krila\/","name":"Nevrijeme za sobom ostavilo velik broj ptica slomljenih krila - RADIO LJUBU\u0160KI","isPartOf":{"@id":"https:\/\/radioljubuski.ba\/#website"},"primaryImageOfPage":{"@id":"https:\/\/radioljubuski.ba\/index.php\/2021\/06\/27\/nevrijeme-za-sobom-ostavilo-velik-broj-ptica-slomljenih-krila\/#primaryimage"},"image":{"@id":"https:\/\/radioljubuski.ba\/index.php\/2021\/06\/27\/nevrijeme-za-sobom-ostavilo-velik-broj-ptica-slomljenih-krila\/#primaryimage"},"thumbnailUrl":"https:\/\/radioljubuski.ba\/wp-content\/uploads\/2021\/06\/740x438-207095525-771231956899122-6280936745038234302-n-20210627154456.jpg","datePublished":"2021-06-27T16:57:00+00:00","dateModified":"2021-06-27T16:57:01+00:00","breadcrumb":{"@id":"https:\/\/radioljubuski.ba\/index.php\/2021\/06\/27\/nevrijeme-za-sobom-ostavilo-velik-broj-ptica-slomljenih-krila\/#breadcrumb"},"inLanguage":"hr","potentialAction":[{"@type":"ReadAction","target":["https:\/\/radioljubuski.ba\/index.php\/2021\/06\/27\/nevrijeme-za-sobom-ostavilo-velik-broj-ptica-slomljenih-krila\/"]}]},{"@type":"ImageObject","inLanguage":"hr","@id":"https:\/\/radioljubuski.ba\/index.php\/2021\/06\/27\/nevrijeme-za-sobom-ostavilo-velik-broj-ptica-slomljenih-krila\/#primaryimage","url":"https:\/\/radioljubuski.ba\/wp-content\/uploads\/2021\/06\/740x438-207095525-771231956899122-6280936745038234302-n-20210627154456.jpg","contentUrl":"https:\/\/radioljubuski.ba\/wp-content\/uploads\/2021\/06\/740x438-207095525-771231956899122-6280936745038234302-n-20210627154456.jpg","width":740,"height":438},{"@type":"BreadcrumbList","@id":"https:\/\/radioljubuski.ba\/index.php\/2021\/06\/27\/nevrijeme-za-sobom-ostavilo-velik-broj-ptica-slomljenih-krila\/#breadcrumb","itemListElement":[{"@type":"ListItem","position":1,"name":"Po\u010detna stranica","item":"https:\/\/radioljubuski.ba\/"},{"@type":"ListItem","position":2,"name":"Nevrijeme za sobom ostavilo velik broj ptica slomljenih krila"}]},{"@type":"WebSite","@id":"https:\/\/radioljubuski.ba\/#website","url":"https:\/\/radioljubuski.ba\/","name":"Radio Ljubu\u0161ki","description":"Sun\u010dana frekvencija Hercegovine","publisher":{"@id":"https:\/\/radioljubuski.ba\/#organization"},"potentialAction":[{"@type":"SearchAction","target":{"@type":"EntryPoint","urlTemplate":"https:\/\/radioljubuski.ba\/?s={search_term_string}"},"query-input":{"@type":"PropertyValueSpecification","valueRequired":true,"valueName":"search_term_string"}}],"inLanguage":"hr"},{"@type":"Organization","@id":"https:\/\/radioljubuski.ba\/#organization","name":"Radio Ljubu\u0161ki","url":"https:\/\/radioljubuski.ba\/","logo":{"@type":"ImageObject","inLanguage":"hr","@id":"https:\/\/radioljubuski.ba\/#\/schema\/logo\/image\/","url":"https:\/\/radioljubuski.ba\/wp-content\/uploads\/2021\/02\/cropped-Radio_Ljubuski_logo1.jpg","contentUrl":"https:\/\/radioljubuski.ba\/wp-content\/uploads\/2021\/02\/cropped-Radio_Ljubuski_logo1.jpg","width":512,"height":512,"caption":"Radio Ljubu\u0161ki"},"image":{"@id":"https:\/\/radioljubuski.ba\/#\/schema\/logo\/image\/"},"sameAs":["https:\/\/www.facebook.com\/Radiio-Ljubuski-1490835324566332","https:\/\/x.com\/radioljubuski","https:\/\/hr.linkedin.com\/company\/radio-ljubuski","https:\/\/www.youtube.com\/channel\/UCHYaeO_n0Db3tjNGudGpXyw"]},{"@type":"Person","@id":"https:\/\/radioljubuski.ba\/#\/schema\/person\/19fc700381a780f69665d7956c469e3b","name":"Radio Ljubu\u0161ki"}]}},"_links":{"self":[{"href":"https:\/\/radioljubuski.ba\/index.php\/wp-json\/wp\/v2\/posts\/36537","targetHints":{"allow":["GET"]}}],"collection":[{"href":"https:\/\/radioljubuski.ba\/index.php\/wp-json\/wp\/v2\/posts"}],"about":[{"href":"https:\/\/radioljubuski.ba\/index.php\/wp-json\/wp\/v2\/types\/post"}],"author":[{"embeddable":true,"href":"https:\/\/radioljubuski.ba\/index.php\/wp-json\/wp\/v2\/users\/2"}],"replies":[{"embeddable":true,"href":"https:\/\/radioljubuski.ba\/index.php\/wp-json\/wp\/v2\/comments?post=36537"}],"version-history":[{"count":1,"href":"https:\/\/radioljubuski.ba\/index.php\/wp-json\/wp\/v2\/posts\/36537\/revisions"}],"predecessor-version":[{"id":36539,"href":"https:\/\/radioljubuski.ba\/index.php\/wp-json\/wp\/v2\/posts\/36537\/revisions\/36539"}],"wp:featuredmedia":[{"embeddable":true,"href":"https:\/\/radioljubuski.ba\/index.php\/wp-json\/wp\/v2\/media\/36538"}],"wp:attachment":[{"href":"https:\/\/radioljubuski.ba\/index.php\/wp-json\/wp\/v2\/media?parent=36537"}],"wp:term":[{"taxonomy":"category","embeddable":true,"href":"https:\/\/radioljubuski.ba\/index.php\/wp-json\/wp\/v2\/categories?post=36537"},{"taxonomy":"post_tag","embeddable":true,"href":"https:\/\/radioljubuski.ba\/index.php\/wp-json\/wp\/v2\/tags?post=36537"}],"curies":[{"name":"wp","href":"https:\/\/api.w.org\/{rel}","templated":true}]}}