{"id":366,"date":"2021-03-01T07:52:27","date_gmt":"2021-03-01T07:52:27","guid":{"rendered":"https:\/\/radioljubuski.ba\/?p=366"},"modified":"2021-03-01T07:52:28","modified_gmt":"2021-03-01T07:52:28","slug":"gradonacelnik-markotic-na-sastanku-s-covicem-i-milasom-te-predstavnicima-izvrsne-vlasti-hdz-a-bih-na-lokalnoj-razini","status":"publish","type":"post","link":"https:\/\/radioljubuski.ba\/index.php\/2021\/03\/01\/gradonacelnik-markotic-na-sastanku-s-covicem-i-milasom-te-predstavnicima-izvrsne-vlasti-hdz-a-bih-na-lokalnoj-razini\/","title":{"rendered":"Gradona\u010delnik Markoti\u0107 na sastanku s \u010covi\u0107em i Milasom te predstavnicima izvr\u0161ne vlasti HDZ-a BiH na lokalnoj razini"},"content":{"rendered":"\n<p>U petak je u Ora\u0161ju odr\u017ean radni sastanak predsjednika HDZ-a BiH dr. Dragana \u010covi\u0107a s gradona\u010delnicima i na\u010delnicima ispred HDZ-a BiH skupa s dr\u017eavnim tajnikom Sredi\u0161njeg ureda za Hrvate izvan RH Zvonkom Milasom i zastupnikom u Hrvatskom saboru Nikolom Ma\u017earom. <\/p>\n\n\n\n<p>Sastanku je nazo\u010dio i \u0110uro Topi\u0107, predsjednik Vlade \u017dupanije Posavske. <\/p>\n\n\n\n<p>Na sastanku je sudjelovao i gradona\u010delnik Ljubu\u0161kog Vedran Markoti\u0107.<\/p>\n\n\n\n<p>Drugi radni sastanak odr\u017ean u ovome formatu, bio je prilika da se razgovara o konkretnim koracima u\u010dinjenim od zadnjeg sastanka iz sije\u010dnja ove godine.<\/p>\n\n\n\n<p>U izjavi za medije nakon sastanka predsjednik HDZ BiH dr. Dragan \u010covi\u0107 izrazio je zadovoljstvo \u0161to gotovo svakih mjesec dana dolazi u Posavinu i Ora\u0161je, a tako \u0107e, obe\u0107ao je, biti i u budu\u0107nosti.<\/p>\n\n\n\n<figure class=\"wp-block-image\"><img decoding=\"async\" src=\"https:\/\/www.hdzbih.org\/sites\/default\/files\/styles\/1024x480\/public\/vijesti-slike\/o4%20%28Copy%29.jpg?itok=fgyjFvsD\" alt=\"\"\/><\/figure>\n\n\n\n<p><em>\u201c\u017deljeli smo napraviti jednu koordinaciju koja \u0107e biti redovita, bar svako mjesec i pol, dva, dana na drugoj lokaciji. Prva je bila u Mostaru, prije izbora gradona\u010delnika Mostara, a ovdje je sa nama&nbsp; dr. Kordi\u0107. Danas smo u Posavini, a ve\u0107 15. travnja bit \u0107emo u Kiseljaku. Razgovarali smo o svim problemima lokalne samouprave, da vidimo kako mo\u017eemo i kroz koordinaciju sa vi\u0161im razinama vlasti u BiH pomo\u0107i da se realiziraju svi projekti koje smo u kampanjama u zadnjih 5-6 mjeseci obe\u0107avali na\u0161em glasa\u010dkom tijelu od Posavine do juga Hercegovine. A s druge strane s nama su ovdje i na\u0161i dragi prijatelji koji \u010dine strukturu Vlade Republike Hrvatske zbog projekata koji se ve\u017eu za financiranje s te razine vlasti. Analizirali smo i aktualnu politi\u010dku situaciju u BiH. Ja sam informirao kolege ono \u0161to mi radimo na sredi\u0161njoj razini stranke oko izbornog zakona i ovo \u0161to smo ovih dana vodili razgovore s me\u0111unarodnim institucijama i predstavnicima Stranke demokratske akcije (SDA). Tema je bila vezana i za pandemiju koronavirusa i cjepiva te problematika migranata.&nbsp; Drago mi je da danas smo mogli u jednoj ovakvoj atmosferi osjetiti da sve ono \u0161to je obe\u0107ano, sve \u0161to smo planirali da \u0107e biti dio planova i na\u0161ih op\u0107ina i gradova, ali i na\u0161ih \u017eupanija, entitetske i dr\u017eavne razine da bi se to i realiziralo\u201c,<\/em>&nbsp;izjavio je u Ora\u0161ju dr. \u010covi\u0107.<\/p>\n\n\n\n<p>Zadovoljstvo dolaskom i vo\u0111enim razgovorima izrazio je i Zvonko Milas, dr\u017eavni tajnik Sredi\u0161njeg dr\u017eavnog ureda za Hrvate izvan RH.<\/p>\n\n\n\n<p><em>\u201cNaravno da ima mjesta zadovoljstvu. Vlada Republike Hrvatske dakle u svom nastojanju u pru\u017eanju potpore u politici koja \u0107e doprinijeti i konstitutivnosti, ravnopravnosti, dakle kvaliteti \u017eivota i polo\u017eaju Hrvata u Bosni i Hercegovini. Kroz politiku programa i projekata poku\u0161ava kroz suradnju sa na\u0161im narodom u BiH u\u010diniti sve kako bi njihov polo\u017eaj odnosno svakodnevni \u017eivot bio \u0161to bolji. U tom kontekstu odradili smo dosta projekata, planiramo to i dalje \u010diniti na zadovoljstvo, rekao bih svih, a i neke iskorake raditi kao \u0161to je nacionalni program, dakle program koji \u0107e se odnositi na Hrvate u Bosni i Hercegovini, na jedinice lokalne samouprave, po \u010dijim detaljima i drugim oblicima i okvirima \u0107emo se dalje dogovoriti i mislim da \u0107e to biti doista ono \u010demu te\u017eimo svi, dakle suradnja, pokazivanje zajedni\u0161tva, pripadnosti istom narodu i inicijativa i aktivnosti koje \u0107e doprinijeti da ljudi ostaju na mjestima svojeg ro\u0111enja, odnosno da tu \u017eive i rade i stvaraju sve ono \u0161to je potrebno za dobar \u017eivot\u201c,<\/em>&nbsp;izjavio je Milas.<\/p>\n\n\n\n<p>Doma\u0107in sastanka bio je na\u010delnik op\u0107ine Ora\u0161je Marijan Or\u0161oli\u0107 koji je ve\u0107 na samom po\u010detku mandat obilje\u017eio konkretno zapo\u010detim projektima kao i ambicioznim planovima.<\/p>\n\n\n\n<p><em>\u201cNa sastanku na\u010delnika i gradona\u010delnika ispred HDZ-a cilj je bio oja\u010davanje lokalnih sredina, te uvezanost lokalnih sredina, \u017eupanija, federalne vlade, dr\u017eavne vlade \u0161to bi u kona\u010dnici trebalo donijeti realizaciju brojnih projekata i programa i projekata prekograni\u010dne suradnje koji bi ovom prostoru kao i drugim omogu\u0107ili kvalitetniji \u017eivot i bolji standard,<\/em>\u00a0naglasio je na\u010delnik Or\u0161oli\u0107.<\/p>\n\n\n\n<p><strong>Izvor: Ljportal.com<\/strong><\/p>\n","protected":false},"excerpt":{"rendered":"<p>U petak je u Ora\u0161ju odr\u017ean radni sastanak predsjednika HDZ-a BiH dr. Dragana \u010covi\u0107a s gradona\u010delnicima i na\u010delnicima ispred HDZ-a BiH skupa s dr\u017eavnim tajnikom Sredi\u0161njeg ureda za Hrvate izvan RH Zvonkom Milasom i zastupnikom u Hrvatskom saboru Nikolom Ma\u017earom. Sastanku je nazo\u010dio i \u0110uro Topi\u0107, predsjednik Vlade \u017dupanije Posavske. Na sastanku je sudjelovao i [&hellip;]<\/p>\n","protected":false},"author":2,"featured_media":367,"comment_status":"closed","ping_status":"closed","sticky":false,"template":"","format":"standard","meta":{"h5ap_radio_sources":[],"footnotes":""},"categories":[3],"tags":[],"class_list":["post-366","post","type-post","status-publish","format-standard","has-post-thumbnail","hentry","category-ljubuski"],"yoast_head":"<!-- This site is optimized with the Yoast SEO plugin v27.5 - https:\/\/yoast.com\/product\/yoast-seo-wordpress\/ -->\n<title>Gradona\u010delnik Markoti\u0107 na sastanku s \u010covi\u0107em i Milasom te predstavnicima izvr\u0161ne vlasti HDZ-a BiH na lokalnoj razini - RADIO LJUBU\u0160KI<\/title>\n<meta name=\"robots\" content=\"index, follow, max-snippet:-1, max-image-preview:large, max-video-preview:-1\" \/>\n<link rel=\"canonical\" href=\"https:\/\/radioljubuski.ba\/index.php\/2021\/03\/01\/gradonacelnik-markotic-na-sastanku-s-covicem-i-milasom-te-predstavnicima-izvrsne-vlasti-hdz-a-bih-na-lokalnoj-razini\/\" \/>\n<meta property=\"og:locale\" content=\"hr_HR\" \/>\n<meta property=\"og:type\" content=\"article\" \/>\n<meta property=\"og:title\" content=\"Gradona\u010delnik Markoti\u0107 na sastanku s \u010covi\u0107em i Milasom te predstavnicima izvr\u0161ne vlasti HDZ-a BiH na lokalnoj razini - RADIO LJUBU\u0160KI\" \/>\n<meta property=\"og:description\" content=\"U petak je u Ora\u0161ju odr\u017ean radni sastanak predsjednika HDZ-a BiH dr. Dragana \u010covi\u0107a s gradona\u010delnicima i na\u010delnicima ispred HDZ-a BiH skupa s dr\u017eavnim tajnikom Sredi\u0161njeg ureda za Hrvate izvan RH Zvonkom Milasom i zastupnikom u Hrvatskom saboru Nikolom Ma\u017earom. Sastanku je nazo\u010dio i \u0110uro Topi\u0107, predsjednik Vlade \u017dupanije Posavske. Na sastanku je sudjelovao i [&hellip;]\" \/>\n<meta property=\"og:url\" content=\"https:\/\/radioljubuski.ba\/index.php\/2021\/03\/01\/gradonacelnik-markotic-na-sastanku-s-covicem-i-milasom-te-predstavnicima-izvrsne-vlasti-hdz-a-bih-na-lokalnoj-razini\/\" \/>\n<meta property=\"og:site_name\" content=\"RADIO LJUBU\u0160KI\" \/>\n<meta property=\"article:publisher\" content=\"https:\/\/www.facebook.com\/Radiio-Ljubuski-1490835324566332\" \/>\n<meta property=\"article:published_time\" content=\"2021-03-01T07:52:27+00:00\" \/>\n<meta property=\"article:modified_time\" content=\"2021-03-01T07:52:28+00:00\" \/>\n<meta property=\"og:image\" content=\"https:\/\/radioljubuski.ba\/wp-content\/uploads\/2021\/03\/gradonacelnici.jpg\" \/>\n\t<meta property=\"og:image:width\" content=\"600\" \/>\n\t<meta property=\"og:image:height\" content=\"400\" \/>\n\t<meta property=\"og:image:type\" content=\"image\/jpeg\" \/>\n<meta name=\"author\" content=\"Radio Ljubu\u0161ki\" \/>\n<meta name=\"twitter:card\" content=\"summary_large_image\" \/>\n<meta name=\"twitter:creator\" content=\"@radioljubuski\" \/>\n<meta name=\"twitter:site\" content=\"@radioljubuski\" \/>\n<meta name=\"twitter:label1\" content=\"Napisao\/la\" \/>\n\t<meta name=\"twitter:data1\" content=\"Radio Ljubu\u0161ki\" \/>\n\t<meta name=\"twitter:label2\" content=\"Procijenjeno vrijeme \u010ditanja\" \/>\n\t<meta name=\"twitter:data2\" content=\"3 minute\" \/>\n<script type=\"application\/ld+json\" class=\"yoast-schema-graph\">{\"@context\":\"https:\\\/\\\/schema.org\",\"@graph\":[{\"@type\":\"Article\",\"@id\":\"https:\\\/\\\/radioljubuski.ba\\\/index.php\\\/2021\\\/03\\\/01\\\/gradonacelnik-markotic-na-sastanku-s-covicem-i-milasom-te-predstavnicima-izvrsne-vlasti-hdz-a-bih-na-lokalnoj-razini\\\/#article\",\"isPartOf\":{\"@id\":\"https:\\\/\\\/radioljubuski.ba\\\/index.php\\\/2021\\\/03\\\/01\\\/gradonacelnik-markotic-na-sastanku-s-covicem-i-milasom-te-predstavnicima-izvrsne-vlasti-hdz-a-bih-na-lokalnoj-razini\\\/\"},\"author\":{\"name\":\"Radio Ljubu\u0161ki\",\"@id\":\"https:\\\/\\\/radioljubuski.ba\\\/#\\\/schema\\\/person\\\/19fc700381a780f69665d7956c469e3b\"},\"headline\":\"Gradona\u010delnik Markoti\u0107 na sastanku s \u010covi\u0107em i Milasom te predstavnicima izvr\u0161ne vlasti HDZ-a BiH na lokalnoj razini\",\"datePublished\":\"2021-03-01T07:52:27+00:00\",\"dateModified\":\"2021-03-01T07:52:28+00:00\",\"mainEntityOfPage\":{\"@id\":\"https:\\\/\\\/radioljubuski.ba\\\/index.php\\\/2021\\\/03\\\/01\\\/gradonacelnik-markotic-na-sastanku-s-covicem-i-milasom-te-predstavnicima-izvrsne-vlasti-hdz-a-bih-na-lokalnoj-razini\\\/\"},\"wordCount\":693,\"publisher\":{\"@id\":\"https:\\\/\\\/radioljubuski.ba\\\/#organization\"},\"image\":{\"@id\":\"https:\\\/\\\/radioljubuski.ba\\\/index.php\\\/2021\\\/03\\\/01\\\/gradonacelnik-markotic-na-sastanku-s-covicem-i-milasom-te-predstavnicima-izvrsne-vlasti-hdz-a-bih-na-lokalnoj-razini\\\/#primaryimage\"},\"thumbnailUrl\":\"https:\\\/\\\/radioljubuski.ba\\\/wp-content\\\/uploads\\\/2021\\\/03\\\/gradonacelnici.jpg\",\"articleSection\":[\"Ljubu\u0161ki\"],\"inLanguage\":\"hr\"},{\"@type\":\"WebPage\",\"@id\":\"https:\\\/\\\/radioljubuski.ba\\\/index.php\\\/2021\\\/03\\\/01\\\/gradonacelnik-markotic-na-sastanku-s-covicem-i-milasom-te-predstavnicima-izvrsne-vlasti-hdz-a-bih-na-lokalnoj-razini\\\/\",\"url\":\"https:\\\/\\\/radioljubuski.ba\\\/index.php\\\/2021\\\/03\\\/01\\\/gradonacelnik-markotic-na-sastanku-s-covicem-i-milasom-te-predstavnicima-izvrsne-vlasti-hdz-a-bih-na-lokalnoj-razini\\\/\",\"name\":\"Gradona\u010delnik Markoti\u0107 na sastanku s \u010covi\u0107em i Milasom te predstavnicima izvr\u0161ne vlasti HDZ-a BiH na lokalnoj razini - RADIO LJUBU\u0160KI\",\"isPartOf\":{\"@id\":\"https:\\\/\\\/radioljubuski.ba\\\/#website\"},\"primaryImageOfPage\":{\"@id\":\"https:\\\/\\\/radioljubuski.ba\\\/index.php\\\/2021\\\/03\\\/01\\\/gradonacelnik-markotic-na-sastanku-s-covicem-i-milasom-te-predstavnicima-izvrsne-vlasti-hdz-a-bih-na-lokalnoj-razini\\\/#primaryimage\"},\"image\":{\"@id\":\"https:\\\/\\\/radioljubuski.ba\\\/index.php\\\/2021\\\/03\\\/01\\\/gradonacelnik-markotic-na-sastanku-s-covicem-i-milasom-te-predstavnicima-izvrsne-vlasti-hdz-a-bih-na-lokalnoj-razini\\\/#primaryimage\"},\"thumbnailUrl\":\"https:\\\/\\\/radioljubuski.ba\\\/wp-content\\\/uploads\\\/2021\\\/03\\\/gradonacelnici.jpg\",\"datePublished\":\"2021-03-01T07:52:27+00:00\",\"dateModified\":\"2021-03-01T07:52:28+00:00\",\"breadcrumb\":{\"@id\":\"https:\\\/\\\/radioljubuski.ba\\\/index.php\\\/2021\\\/03\\\/01\\\/gradonacelnik-markotic-na-sastanku-s-covicem-i-milasom-te-predstavnicima-izvrsne-vlasti-hdz-a-bih-na-lokalnoj-razini\\\/#breadcrumb\"},\"inLanguage\":\"hr\",\"potentialAction\":[{\"@type\":\"ReadAction\",\"target\":[\"https:\\\/\\\/radioljubuski.ba\\\/index.php\\\/2021\\\/03\\\/01\\\/gradonacelnik-markotic-na-sastanku-s-covicem-i-milasom-te-predstavnicima-izvrsne-vlasti-hdz-a-bih-na-lokalnoj-razini\\\/\"]}]},{\"@type\":\"ImageObject\",\"inLanguage\":\"hr\",\"@id\":\"https:\\\/\\\/radioljubuski.ba\\\/index.php\\\/2021\\\/03\\\/01\\\/gradonacelnik-markotic-na-sastanku-s-covicem-i-milasom-te-predstavnicima-izvrsne-vlasti-hdz-a-bih-na-lokalnoj-razini\\\/#primaryimage\",\"url\":\"https:\\\/\\\/radioljubuski.ba\\\/wp-content\\\/uploads\\\/2021\\\/03\\\/gradonacelnici.jpg\",\"contentUrl\":\"https:\\\/\\\/radioljubuski.ba\\\/wp-content\\\/uploads\\\/2021\\\/03\\\/gradonacelnici.jpg\",\"width\":600,\"height\":400},{\"@type\":\"BreadcrumbList\",\"@id\":\"https:\\\/\\\/radioljubuski.ba\\\/index.php\\\/2021\\\/03\\\/01\\\/gradonacelnik-markotic-na-sastanku-s-covicem-i-milasom-te-predstavnicima-izvrsne-vlasti-hdz-a-bih-na-lokalnoj-razini\\\/#breadcrumb\",\"itemListElement\":[{\"@type\":\"ListItem\",\"position\":1,\"name\":\"Po\u010detna stranica\",\"item\":\"https:\\\/\\\/radioljubuski.ba\\\/\"},{\"@type\":\"ListItem\",\"position\":2,\"name\":\"Gradona\u010delnik Markoti\u0107 na sastanku s \u010covi\u0107em i Milasom te predstavnicima izvr\u0161ne vlasti HDZ-a BiH na lokalnoj razini\"}]},{\"@type\":\"WebSite\",\"@id\":\"https:\\\/\\\/radioljubuski.ba\\\/#website\",\"url\":\"https:\\\/\\\/radioljubuski.ba\\\/\",\"name\":\"Radio Ljubu\u0161ki\",\"description\":\"Sun\u010dana frekvencija Hercegovine\",\"publisher\":{\"@id\":\"https:\\\/\\\/radioljubuski.ba\\\/#organization\"},\"potentialAction\":[{\"@type\":\"SearchAction\",\"target\":{\"@type\":\"EntryPoint\",\"urlTemplate\":\"https:\\\/\\\/radioljubuski.ba\\\/?s={search_term_string}\"},\"query-input\":{\"@type\":\"PropertyValueSpecification\",\"valueRequired\":true,\"valueName\":\"search_term_string\"}}],\"inLanguage\":\"hr\"},{\"@type\":\"Organization\",\"@id\":\"https:\\\/\\\/radioljubuski.ba\\\/#organization\",\"name\":\"Radio Ljubu\u0161ki\",\"url\":\"https:\\\/\\\/radioljubuski.ba\\\/\",\"logo\":{\"@type\":\"ImageObject\",\"inLanguage\":\"hr\",\"@id\":\"https:\\\/\\\/radioljubuski.ba\\\/#\\\/schema\\\/logo\\\/image\\\/\",\"url\":\"https:\\\/\\\/radioljubuski.ba\\\/wp-content\\\/uploads\\\/2021\\\/02\\\/cropped-Radio_Ljubuski_logo1.jpg\",\"contentUrl\":\"https:\\\/\\\/radioljubuski.ba\\\/wp-content\\\/uploads\\\/2021\\\/02\\\/cropped-Radio_Ljubuski_logo1.jpg\",\"width\":512,\"height\":512,\"caption\":\"Radio Ljubu\u0161ki\"},\"image\":{\"@id\":\"https:\\\/\\\/radioljubuski.ba\\\/#\\\/schema\\\/logo\\\/image\\\/\"},\"sameAs\":[\"https:\\\/\\\/www.facebook.com\\\/Radiio-Ljubuski-1490835324566332\",\"https:\\\/\\\/x.com\\\/radioljubuski\",\"https:\\\/\\\/hr.linkedin.com\\\/company\\\/radio-ljubuski\",\"https:\\\/\\\/www.youtube.com\\\/channel\\\/UCHYaeO_n0Db3tjNGudGpXyw\"]},{\"@type\":\"Person\",\"@id\":\"https:\\\/\\\/radioljubuski.ba\\\/#\\\/schema\\\/person\\\/19fc700381a780f69665d7956c469e3b\",\"name\":\"Radio Ljubu\u0161ki\"}]}<\/script>\n<!-- \/ Yoast SEO plugin. -->","yoast_head_json":{"title":"Gradona\u010delnik Markoti\u0107 na sastanku s \u010covi\u0107em i Milasom te predstavnicima izvr\u0161ne vlasti HDZ-a BiH na lokalnoj razini - RADIO LJUBU\u0160KI","robots":{"index":"index","follow":"follow","max-snippet":"max-snippet:-1","max-image-preview":"max-image-preview:large","max-video-preview":"max-video-preview:-1"},"canonical":"https:\/\/radioljubuski.ba\/index.php\/2021\/03\/01\/gradonacelnik-markotic-na-sastanku-s-covicem-i-milasom-te-predstavnicima-izvrsne-vlasti-hdz-a-bih-na-lokalnoj-razini\/","og_locale":"hr_HR","og_type":"article","og_title":"Gradona\u010delnik Markoti\u0107 na sastanku s \u010covi\u0107em i Milasom te predstavnicima izvr\u0161ne vlasti HDZ-a BiH na lokalnoj razini - RADIO LJUBU\u0160KI","og_description":"U petak je u Ora\u0161ju odr\u017ean radni sastanak predsjednika HDZ-a BiH dr. Dragana \u010covi\u0107a s gradona\u010delnicima i na\u010delnicima ispred HDZ-a BiH skupa s dr\u017eavnim tajnikom Sredi\u0161njeg ureda za Hrvate izvan RH Zvonkom Milasom i zastupnikom u Hrvatskom saboru Nikolom Ma\u017earom. Sastanku je nazo\u010dio i \u0110uro Topi\u0107, predsjednik Vlade \u017dupanije Posavske. Na sastanku je sudjelovao i [&hellip;]","og_url":"https:\/\/radioljubuski.ba\/index.php\/2021\/03\/01\/gradonacelnik-markotic-na-sastanku-s-covicem-i-milasom-te-predstavnicima-izvrsne-vlasti-hdz-a-bih-na-lokalnoj-razini\/","og_site_name":"RADIO LJUBU\u0160KI","article_publisher":"https:\/\/www.facebook.com\/Radiio-Ljubuski-1490835324566332","article_published_time":"2021-03-01T07:52:27+00:00","article_modified_time":"2021-03-01T07:52:28+00:00","og_image":[{"width":600,"height":400,"url":"https:\/\/radioljubuski.ba\/wp-content\/uploads\/2021\/03\/gradonacelnici.jpg","type":"image\/jpeg"}],"author":"Radio Ljubu\u0161ki","twitter_card":"summary_large_image","twitter_creator":"@radioljubuski","twitter_site":"@radioljubuski","twitter_misc":{"Napisao\/la":"Radio Ljubu\u0161ki","Procijenjeno vrijeme \u010ditanja":"3 minute"},"schema":{"@context":"https:\/\/schema.org","@graph":[{"@type":"Article","@id":"https:\/\/radioljubuski.ba\/index.php\/2021\/03\/01\/gradonacelnik-markotic-na-sastanku-s-covicem-i-milasom-te-predstavnicima-izvrsne-vlasti-hdz-a-bih-na-lokalnoj-razini\/#article","isPartOf":{"@id":"https:\/\/radioljubuski.ba\/index.php\/2021\/03\/01\/gradonacelnik-markotic-na-sastanku-s-covicem-i-milasom-te-predstavnicima-izvrsne-vlasti-hdz-a-bih-na-lokalnoj-razini\/"},"author":{"name":"Radio Ljubu\u0161ki","@id":"https:\/\/radioljubuski.ba\/#\/schema\/person\/19fc700381a780f69665d7956c469e3b"},"headline":"Gradona\u010delnik Markoti\u0107 na sastanku s \u010covi\u0107em i Milasom te predstavnicima izvr\u0161ne vlasti HDZ-a BiH na lokalnoj razini","datePublished":"2021-03-01T07:52:27+00:00","dateModified":"2021-03-01T07:52:28+00:00","mainEntityOfPage":{"@id":"https:\/\/radioljubuski.ba\/index.php\/2021\/03\/01\/gradonacelnik-markotic-na-sastanku-s-covicem-i-milasom-te-predstavnicima-izvrsne-vlasti-hdz-a-bih-na-lokalnoj-razini\/"},"wordCount":693,"publisher":{"@id":"https:\/\/radioljubuski.ba\/#organization"},"image":{"@id":"https:\/\/radioljubuski.ba\/index.php\/2021\/03\/01\/gradonacelnik-markotic-na-sastanku-s-covicem-i-milasom-te-predstavnicima-izvrsne-vlasti-hdz-a-bih-na-lokalnoj-razini\/#primaryimage"},"thumbnailUrl":"https:\/\/radioljubuski.ba\/wp-content\/uploads\/2021\/03\/gradonacelnici.jpg","articleSection":["Ljubu\u0161ki"],"inLanguage":"hr"},{"@type":"WebPage","@id":"https:\/\/radioljubuski.ba\/index.php\/2021\/03\/01\/gradonacelnik-markotic-na-sastanku-s-covicem-i-milasom-te-predstavnicima-izvrsne-vlasti-hdz-a-bih-na-lokalnoj-razini\/","url":"https:\/\/radioljubuski.ba\/index.php\/2021\/03\/01\/gradonacelnik-markotic-na-sastanku-s-covicem-i-milasom-te-predstavnicima-izvrsne-vlasti-hdz-a-bih-na-lokalnoj-razini\/","name":"Gradona\u010delnik Markoti\u0107 na sastanku s \u010covi\u0107em i Milasom te predstavnicima izvr\u0161ne vlasti HDZ-a BiH na lokalnoj razini - RADIO LJUBU\u0160KI","isPartOf":{"@id":"https:\/\/radioljubuski.ba\/#website"},"primaryImageOfPage":{"@id":"https:\/\/radioljubuski.ba\/index.php\/2021\/03\/01\/gradonacelnik-markotic-na-sastanku-s-covicem-i-milasom-te-predstavnicima-izvrsne-vlasti-hdz-a-bih-na-lokalnoj-razini\/#primaryimage"},"image":{"@id":"https:\/\/radioljubuski.ba\/index.php\/2021\/03\/01\/gradonacelnik-markotic-na-sastanku-s-covicem-i-milasom-te-predstavnicima-izvrsne-vlasti-hdz-a-bih-na-lokalnoj-razini\/#primaryimage"},"thumbnailUrl":"https:\/\/radioljubuski.ba\/wp-content\/uploads\/2021\/03\/gradonacelnici.jpg","datePublished":"2021-03-01T07:52:27+00:00","dateModified":"2021-03-01T07:52:28+00:00","breadcrumb":{"@id":"https:\/\/radioljubuski.ba\/index.php\/2021\/03\/01\/gradonacelnik-markotic-na-sastanku-s-covicem-i-milasom-te-predstavnicima-izvrsne-vlasti-hdz-a-bih-na-lokalnoj-razini\/#breadcrumb"},"inLanguage":"hr","potentialAction":[{"@type":"ReadAction","target":["https:\/\/radioljubuski.ba\/index.php\/2021\/03\/01\/gradonacelnik-markotic-na-sastanku-s-covicem-i-milasom-te-predstavnicima-izvrsne-vlasti-hdz-a-bih-na-lokalnoj-razini\/"]}]},{"@type":"ImageObject","inLanguage":"hr","@id":"https:\/\/radioljubuski.ba\/index.php\/2021\/03\/01\/gradonacelnik-markotic-na-sastanku-s-covicem-i-milasom-te-predstavnicima-izvrsne-vlasti-hdz-a-bih-na-lokalnoj-razini\/#primaryimage","url":"https:\/\/radioljubuski.ba\/wp-content\/uploads\/2021\/03\/gradonacelnici.jpg","contentUrl":"https:\/\/radioljubuski.ba\/wp-content\/uploads\/2021\/03\/gradonacelnici.jpg","width":600,"height":400},{"@type":"BreadcrumbList","@id":"https:\/\/radioljubuski.ba\/index.php\/2021\/03\/01\/gradonacelnik-markotic-na-sastanku-s-covicem-i-milasom-te-predstavnicima-izvrsne-vlasti-hdz-a-bih-na-lokalnoj-razini\/#breadcrumb","itemListElement":[{"@type":"ListItem","position":1,"name":"Po\u010detna stranica","item":"https:\/\/radioljubuski.ba\/"},{"@type":"ListItem","position":2,"name":"Gradona\u010delnik Markoti\u0107 na sastanku s \u010covi\u0107em i Milasom te predstavnicima izvr\u0161ne vlasti HDZ-a BiH na lokalnoj razini"}]},{"@type":"WebSite","@id":"https:\/\/radioljubuski.ba\/#website","url":"https:\/\/radioljubuski.ba\/","name":"Radio Ljubu\u0161ki","description":"Sun\u010dana frekvencija Hercegovine","publisher":{"@id":"https:\/\/radioljubuski.ba\/#organization"},"potentialAction":[{"@type":"SearchAction","target":{"@type":"EntryPoint","urlTemplate":"https:\/\/radioljubuski.ba\/?s={search_term_string}"},"query-input":{"@type":"PropertyValueSpecification","valueRequired":true,"valueName":"search_term_string"}}],"inLanguage":"hr"},{"@type":"Organization","@id":"https:\/\/radioljubuski.ba\/#organization","name":"Radio Ljubu\u0161ki","url":"https:\/\/radioljubuski.ba\/","logo":{"@type":"ImageObject","inLanguage":"hr","@id":"https:\/\/radioljubuski.ba\/#\/schema\/logo\/image\/","url":"https:\/\/radioljubuski.ba\/wp-content\/uploads\/2021\/02\/cropped-Radio_Ljubuski_logo1.jpg","contentUrl":"https:\/\/radioljubuski.ba\/wp-content\/uploads\/2021\/02\/cropped-Radio_Ljubuski_logo1.jpg","width":512,"height":512,"caption":"Radio Ljubu\u0161ki"},"image":{"@id":"https:\/\/radioljubuski.ba\/#\/schema\/logo\/image\/"},"sameAs":["https:\/\/www.facebook.com\/Radiio-Ljubuski-1490835324566332","https:\/\/x.com\/radioljubuski","https:\/\/hr.linkedin.com\/company\/radio-ljubuski","https:\/\/www.youtube.com\/channel\/UCHYaeO_n0Db3tjNGudGpXyw"]},{"@type":"Person","@id":"https:\/\/radioljubuski.ba\/#\/schema\/person\/19fc700381a780f69665d7956c469e3b","name":"Radio Ljubu\u0161ki"}]}},"_links":{"self":[{"href":"https:\/\/radioljubuski.ba\/index.php\/wp-json\/wp\/v2\/posts\/366","targetHints":{"allow":["GET"]}}],"collection":[{"href":"https:\/\/radioljubuski.ba\/index.php\/wp-json\/wp\/v2\/posts"}],"about":[{"href":"https:\/\/radioljubuski.ba\/index.php\/wp-json\/wp\/v2\/types\/post"}],"author":[{"embeddable":true,"href":"https:\/\/radioljubuski.ba\/index.php\/wp-json\/wp\/v2\/users\/2"}],"replies":[{"embeddable":true,"href":"https:\/\/radioljubuski.ba\/index.php\/wp-json\/wp\/v2\/comments?post=366"}],"version-history":[{"count":1,"href":"https:\/\/radioljubuski.ba\/index.php\/wp-json\/wp\/v2\/posts\/366\/revisions"}],"predecessor-version":[{"id":368,"href":"https:\/\/radioljubuski.ba\/index.php\/wp-json\/wp\/v2\/posts\/366\/revisions\/368"}],"wp:featuredmedia":[{"embeddable":true,"href":"https:\/\/radioljubuski.ba\/index.php\/wp-json\/wp\/v2\/media\/367"}],"wp:attachment":[{"href":"https:\/\/radioljubuski.ba\/index.php\/wp-json\/wp\/v2\/media?parent=366"}],"wp:term":[{"taxonomy":"category","embeddable":true,"href":"https:\/\/radioljubuski.ba\/index.php\/wp-json\/wp\/v2\/categories?post=366"},{"taxonomy":"post_tag","embeddable":true,"href":"https:\/\/radioljubuski.ba\/index.php\/wp-json\/wp\/v2\/tags?post=366"}],"curies":[{"name":"wp","href":"https:\/\/api.w.org\/{rel}","templated":true}]}}