{"id":37585,"date":"2021-06-30T22:54:58","date_gmt":"2021-06-30T21:54:58","guid":{"rendered":"https:\/\/radioljubuski.ba\/?p=37585"},"modified":"2021-06-30T22:54:58","modified_gmt":"2021-06-30T21:54:58","slug":"aco-petrovic-komentirao-pljesak-splitske-publike-sigurno-da-mi-je-srce-puno","status":"publish","type":"post","link":"https:\/\/radioljubuski.ba\/index.php\/2021\/06\/30\/aco-petrovic-komentirao-pljesak-splitske-publike-sigurno-da-mi-je-srce-puno\/","title":{"rendered":"Aco Petrovi\u0107 komentirao pljesak splitske publike: Sigurno da mi je srce puno"},"content":{"rendered":"\n<p><strong>Hrvatski stru\u010dnjak na klupi Brazila, Aleksandar &#8220;Aco&#8221; Petrovi\u0107, bio je zadovoljan s predstavom svoje mom\u010dadi nakon slavlja protiv hrvatske ko\u0161arka\u0161ke reprezentacije u prvom susretu olimpijskih kvalifikacija u Splitu.<\/strong><\/p>\n\n\n\n<p>&#8211; Te\u0161ko je govoriti nakon ovakve utakmice kad je sve i\u0161lo savr\u0161eno, imali smo dovoljno energije da zaustavimo hrvatske napade. Druga mom\u010dad je odigrala savr\u0161eno, 37 minuta igrali smo najbolje otkad sam ja brazilski izbornik. Va\u017eno je da, ako se opet susretnemo, znamo da se mo\u017eemo nositi s hrvatskim igra\u010dima, rekao je Petrovi\u0107 na konferenciji za novinare.<br><br>Brazilce su predvodili<strong>&nbsp;Rafael Hettsthaimer&nbsp;<\/strong>(20) i<strong>&nbsp;Bruno Cabocio<\/strong>&nbsp;(17).<br><br>&#8211; Odigrali smo sjajnu utakmicu protiv odli\u010dnog protivnika na njihovom terenu, sve je po\u010delo s obranom. No, ovo je samo jedna utakmica, rekao je igra\u010d Rafael Hettsthaimer.<br><br>&#8211; Te\u0161ko mi je komentirati Hrvatsku jer sam gledao svoju mom\u010dad. Bilo mi je te\u0161ko pripremiti utakmicu, ali igra\u010di su mi puno pomogli. Mislim da Hrvatska mo\u017ee nau\u010diti puno iz ovoga, vjerojatno nisu o\u010dekivali \u0161to \u0107e Brazil pripremiti za njih danas. Ako \u0107emo igrati protiv Hrvatske u finalu, ne mogu pripremiti ista iznena\u0111enja, kazao je Petrovi\u0107.<br><br>&#8211; Moja ideja u startu je bila sakriti sve mogu\u0107e &#8220;match-upove&#8221;, vidjeli ste petorke na po\u010detku. Na\u010din na koji smo kontrolirali&nbsp;<strong>Hezonju&nbsp;<\/strong>i&nbsp;<strong>Bogdanovi\u0107a<\/strong>, bio je besprijekoran, dodao je Petrovi\u0107 koji je na kraju dobio pljesak splitske publike.<br><br>&#8211; Gledajte, znate kako je bilo u Hrvatskoj, bilo je lijepih i ru\u017enih trenutaka. Kad dobijete pljesak, i ekipa koja je igrala besprijekorno, sigurno da mi je srce puno, zaklju\u010dio je Petrovi\u0107.<\/p>\n\n\n\n<p>Izvor:hrt.hr<\/p>\n","protected":false},"excerpt":{"rendered":"<p>Hrvatski stru\u010dnjak na klupi Brazila, Aleksandar &#8220;Aco&#8221; Petrovi\u0107, bio je zadovoljan s predstavom svoje mom\u010dadi nakon slavlja protiv hrvatske ko\u0161arka\u0161ke reprezentacije u prvom susretu olimpijskih kvalifikacija u Splitu. &#8211; Te\u0161ko je govoriti nakon ovakve utakmice kad je sve i\u0161lo savr\u0161eno, imali smo dovoljno energije da zaustavimo hrvatske napade. Druga mom\u010dad je odigrala savr\u0161eno, 37 minuta [&hellip;]<\/p>\n","protected":false},"author":2,"featured_media":37586,"comment_status":"closed","ping_status":"closed","sticky":false,"template":"","format":"standard","meta":{"h5ap_radio_sources":[],"footnotes":""},"categories":[7],"tags":[],"class_list":["post-37585","post","type-post","status-publish","format-standard","has-post-thumbnail","hentry","category-sport"],"yoast_head":"<!-- This site is optimized with the Yoast SEO plugin v27.5 - https:\/\/yoast.com\/product\/yoast-seo-wordpress\/ -->\n<title>Aco Petrovi\u0107 komentirao pljesak splitske publike: Sigurno da mi je srce puno - RADIO LJUBU\u0160KI<\/title>\n<meta name=\"robots\" content=\"index, follow, max-snippet:-1, max-image-preview:large, max-video-preview:-1\" \/>\n<link rel=\"canonical\" href=\"https:\/\/radioljubuski.ba\/index.php\/2021\/06\/30\/aco-petrovic-komentirao-pljesak-splitske-publike-sigurno-da-mi-je-srce-puno\/\" \/>\n<meta property=\"og:locale\" content=\"hr_HR\" \/>\n<meta property=\"og:type\" content=\"article\" \/>\n<meta property=\"og:title\" content=\"Aco Petrovi\u0107 komentirao pljesak splitske publike: Sigurno da mi je srce puno - RADIO LJUBU\u0160KI\" \/>\n<meta property=\"og:description\" content=\"Hrvatski stru\u010dnjak na klupi Brazila, Aleksandar &#8220;Aco&#8221; Petrovi\u0107, bio je zadovoljan s predstavom svoje mom\u010dadi nakon slavlja protiv hrvatske ko\u0161arka\u0161ke reprezentacije u prvom susretu olimpijskih kvalifikacija u Splitu. &#8211; Te\u0161ko je govoriti nakon ovakve utakmice kad je sve i\u0161lo savr\u0161eno, imali smo dovoljno energije da zaustavimo hrvatske napade. Druga mom\u010dad je odigrala savr\u0161eno, 37 minuta [&hellip;]\" \/>\n<meta property=\"og:url\" content=\"https:\/\/radioljubuski.ba\/index.php\/2021\/06\/30\/aco-petrovic-komentirao-pljesak-splitske-publike-sigurno-da-mi-je-srce-puno\/\" \/>\n<meta property=\"og:site_name\" content=\"RADIO LJUBU\u0160KI\" \/>\n<meta property=\"article:publisher\" content=\"https:\/\/www.facebook.com\/Radiio-Ljubuski-1490835324566332\" \/>\n<meta property=\"article:published_time\" content=\"2021-06-30T21:54:58+00:00\" \/>\n<meta property=\"og:image\" content=\"https:\/\/radioljubuski.ba\/wp-content\/uploads\/2021\/06\/pxl-290621-33469009-20210630202229.jpg\" \/>\n\t<meta property=\"og:image:width\" content=\"1600\" \/>\n\t<meta property=\"og:image:height\" content=\"1066\" \/>\n\t<meta property=\"og:image:type\" content=\"image\/jpeg\" \/>\n<meta name=\"author\" content=\"Radio Ljubu\u0161ki\" \/>\n<meta name=\"twitter:card\" content=\"summary_large_image\" \/>\n<meta name=\"twitter:creator\" content=\"@radioljubuski\" \/>\n<meta name=\"twitter:site\" content=\"@radioljubuski\" \/>\n<meta name=\"twitter:label1\" content=\"Napisao\/la\" \/>\n\t<meta name=\"twitter:data1\" content=\"Radio Ljubu\u0161ki\" \/>\n\t<meta name=\"twitter:label2\" content=\"Procijenjeno vrijeme \u010ditanja\" \/>\n\t<meta name=\"twitter:data2\" content=\"2 minute\" \/>\n<script type=\"application\/ld+json\" class=\"yoast-schema-graph\">{\"@context\":\"https:\\\/\\\/schema.org\",\"@graph\":[{\"@type\":\"Article\",\"@id\":\"https:\\\/\\\/radioljubuski.ba\\\/index.php\\\/2021\\\/06\\\/30\\\/aco-petrovic-komentirao-pljesak-splitske-publike-sigurno-da-mi-je-srce-puno\\\/#article\",\"isPartOf\":{\"@id\":\"https:\\\/\\\/radioljubuski.ba\\\/index.php\\\/2021\\\/06\\\/30\\\/aco-petrovic-komentirao-pljesak-splitske-publike-sigurno-da-mi-je-srce-puno\\\/\"},\"author\":{\"name\":\"Radio Ljubu\u0161ki\",\"@id\":\"https:\\\/\\\/radioljubuski.ba\\\/#\\\/schema\\\/person\\\/19fc700381a780f69665d7956c469e3b\"},\"headline\":\"Aco Petrovi\u0107 komentirao pljesak splitske publike: Sigurno da mi je srce puno\",\"datePublished\":\"2021-06-30T21:54:58+00:00\",\"mainEntityOfPage\":{\"@id\":\"https:\\\/\\\/radioljubuski.ba\\\/index.php\\\/2021\\\/06\\\/30\\\/aco-petrovic-komentirao-pljesak-splitske-publike-sigurno-da-mi-je-srce-puno\\\/\"},\"wordCount\":295,\"publisher\":{\"@id\":\"https:\\\/\\\/radioljubuski.ba\\\/#organization\"},\"image\":{\"@id\":\"https:\\\/\\\/radioljubuski.ba\\\/index.php\\\/2021\\\/06\\\/30\\\/aco-petrovic-komentirao-pljesak-splitske-publike-sigurno-da-mi-je-srce-puno\\\/#primaryimage\"},\"thumbnailUrl\":\"https:\\\/\\\/radioljubuski.ba\\\/wp-content\\\/uploads\\\/2021\\\/06\\\/pxl-290621-33469009-20210630202229.jpg\",\"articleSection\":[\"\u0160port\"],\"inLanguage\":\"hr\"},{\"@type\":\"WebPage\",\"@id\":\"https:\\\/\\\/radioljubuski.ba\\\/index.php\\\/2021\\\/06\\\/30\\\/aco-petrovic-komentirao-pljesak-splitske-publike-sigurno-da-mi-je-srce-puno\\\/\",\"url\":\"https:\\\/\\\/radioljubuski.ba\\\/index.php\\\/2021\\\/06\\\/30\\\/aco-petrovic-komentirao-pljesak-splitske-publike-sigurno-da-mi-je-srce-puno\\\/\",\"name\":\"Aco Petrovi\u0107 komentirao pljesak splitske publike: Sigurno da mi je srce puno - RADIO LJUBU\u0160KI\",\"isPartOf\":{\"@id\":\"https:\\\/\\\/radioljubuski.ba\\\/#website\"},\"primaryImageOfPage\":{\"@id\":\"https:\\\/\\\/radioljubuski.ba\\\/index.php\\\/2021\\\/06\\\/30\\\/aco-petrovic-komentirao-pljesak-splitske-publike-sigurno-da-mi-je-srce-puno\\\/#primaryimage\"},\"image\":{\"@id\":\"https:\\\/\\\/radioljubuski.ba\\\/index.php\\\/2021\\\/06\\\/30\\\/aco-petrovic-komentirao-pljesak-splitske-publike-sigurno-da-mi-je-srce-puno\\\/#primaryimage\"},\"thumbnailUrl\":\"https:\\\/\\\/radioljubuski.ba\\\/wp-content\\\/uploads\\\/2021\\\/06\\\/pxl-290621-33469009-20210630202229.jpg\",\"datePublished\":\"2021-06-30T21:54:58+00:00\",\"breadcrumb\":{\"@id\":\"https:\\\/\\\/radioljubuski.ba\\\/index.php\\\/2021\\\/06\\\/30\\\/aco-petrovic-komentirao-pljesak-splitske-publike-sigurno-da-mi-je-srce-puno\\\/#breadcrumb\"},\"inLanguage\":\"hr\",\"potentialAction\":[{\"@type\":\"ReadAction\",\"target\":[\"https:\\\/\\\/radioljubuski.ba\\\/index.php\\\/2021\\\/06\\\/30\\\/aco-petrovic-komentirao-pljesak-splitske-publike-sigurno-da-mi-je-srce-puno\\\/\"]}]},{\"@type\":\"ImageObject\",\"inLanguage\":\"hr\",\"@id\":\"https:\\\/\\\/radioljubuski.ba\\\/index.php\\\/2021\\\/06\\\/30\\\/aco-petrovic-komentirao-pljesak-splitske-publike-sigurno-da-mi-je-srce-puno\\\/#primaryimage\",\"url\":\"https:\\\/\\\/radioljubuski.ba\\\/wp-content\\\/uploads\\\/2021\\\/06\\\/pxl-290621-33469009-20210630202229.jpg\",\"contentUrl\":\"https:\\\/\\\/radioljubuski.ba\\\/wp-content\\\/uploads\\\/2021\\\/06\\\/pxl-290621-33469009-20210630202229.jpg\",\"width\":1600,\"height\":1066,\"caption\":\"29.06.2021.,Split - Utakmica grupe B kosarkaskog kvalifikacijskog turnira za plasman na Olimpijske igre izmedju Tunisa i Brazila u Spaladium Areni.Aleksandar Petrovic Photo: Ivo Cagalj\\\/PIXSELL\"},{\"@type\":\"BreadcrumbList\",\"@id\":\"https:\\\/\\\/radioljubuski.ba\\\/index.php\\\/2021\\\/06\\\/30\\\/aco-petrovic-komentirao-pljesak-splitske-publike-sigurno-da-mi-je-srce-puno\\\/#breadcrumb\",\"itemListElement\":[{\"@type\":\"ListItem\",\"position\":1,\"name\":\"Po\u010detna stranica\",\"item\":\"https:\\\/\\\/radioljubuski.ba\\\/\"},{\"@type\":\"ListItem\",\"position\":2,\"name\":\"Aco Petrovi\u0107 komentirao pljesak splitske publike: Sigurno da mi je srce puno\"}]},{\"@type\":\"WebSite\",\"@id\":\"https:\\\/\\\/radioljubuski.ba\\\/#website\",\"url\":\"https:\\\/\\\/radioljubuski.ba\\\/\",\"name\":\"Radio Ljubu\u0161ki\",\"description\":\"Sun\u010dana frekvencija Hercegovine\",\"publisher\":{\"@id\":\"https:\\\/\\\/radioljubuski.ba\\\/#organization\"},\"potentialAction\":[{\"@type\":\"SearchAction\",\"target\":{\"@type\":\"EntryPoint\",\"urlTemplate\":\"https:\\\/\\\/radioljubuski.ba\\\/?s={search_term_string}\"},\"query-input\":{\"@type\":\"PropertyValueSpecification\",\"valueRequired\":true,\"valueName\":\"search_term_string\"}}],\"inLanguage\":\"hr\"},{\"@type\":\"Organization\",\"@id\":\"https:\\\/\\\/radioljubuski.ba\\\/#organization\",\"name\":\"Radio Ljubu\u0161ki\",\"url\":\"https:\\\/\\\/radioljubuski.ba\\\/\",\"logo\":{\"@type\":\"ImageObject\",\"inLanguage\":\"hr\",\"@id\":\"https:\\\/\\\/radioljubuski.ba\\\/#\\\/schema\\\/logo\\\/image\\\/\",\"url\":\"https:\\\/\\\/radioljubuski.ba\\\/wp-content\\\/uploads\\\/2021\\\/02\\\/cropped-Radio_Ljubuski_logo1.jpg\",\"contentUrl\":\"https:\\\/\\\/radioljubuski.ba\\\/wp-content\\\/uploads\\\/2021\\\/02\\\/cropped-Radio_Ljubuski_logo1.jpg\",\"width\":512,\"height\":512,\"caption\":\"Radio Ljubu\u0161ki\"},\"image\":{\"@id\":\"https:\\\/\\\/radioljubuski.ba\\\/#\\\/schema\\\/logo\\\/image\\\/\"},\"sameAs\":[\"https:\\\/\\\/www.facebook.com\\\/Radiio-Ljubuski-1490835324566332\",\"https:\\\/\\\/x.com\\\/radioljubuski\",\"https:\\\/\\\/hr.linkedin.com\\\/company\\\/radio-ljubuski\",\"https:\\\/\\\/www.youtube.com\\\/channel\\\/UCHYaeO_n0Db3tjNGudGpXyw\"]},{\"@type\":\"Person\",\"@id\":\"https:\\\/\\\/radioljubuski.ba\\\/#\\\/schema\\\/person\\\/19fc700381a780f69665d7956c469e3b\",\"name\":\"Radio Ljubu\u0161ki\"}]}<\/script>\n<!-- \/ Yoast SEO plugin. -->","yoast_head_json":{"title":"Aco Petrovi\u0107 komentirao pljesak splitske publike: Sigurno da mi je srce puno - RADIO LJUBU\u0160KI","robots":{"index":"index","follow":"follow","max-snippet":"max-snippet:-1","max-image-preview":"max-image-preview:large","max-video-preview":"max-video-preview:-1"},"canonical":"https:\/\/radioljubuski.ba\/index.php\/2021\/06\/30\/aco-petrovic-komentirao-pljesak-splitske-publike-sigurno-da-mi-je-srce-puno\/","og_locale":"hr_HR","og_type":"article","og_title":"Aco Petrovi\u0107 komentirao pljesak splitske publike: Sigurno da mi je srce puno - RADIO LJUBU\u0160KI","og_description":"Hrvatski stru\u010dnjak na klupi Brazila, Aleksandar &#8220;Aco&#8221; Petrovi\u0107, bio je zadovoljan s predstavom svoje mom\u010dadi nakon slavlja protiv hrvatske ko\u0161arka\u0161ke reprezentacije u prvom susretu olimpijskih kvalifikacija u Splitu. &#8211; Te\u0161ko je govoriti nakon ovakve utakmice kad je sve i\u0161lo savr\u0161eno, imali smo dovoljno energije da zaustavimo hrvatske napade. Druga mom\u010dad je odigrala savr\u0161eno, 37 minuta [&hellip;]","og_url":"https:\/\/radioljubuski.ba\/index.php\/2021\/06\/30\/aco-petrovic-komentirao-pljesak-splitske-publike-sigurno-da-mi-je-srce-puno\/","og_site_name":"RADIO LJUBU\u0160KI","article_publisher":"https:\/\/www.facebook.com\/Radiio-Ljubuski-1490835324566332","article_published_time":"2021-06-30T21:54:58+00:00","og_image":[{"width":1600,"height":1066,"url":"https:\/\/radioljubuski.ba\/wp-content\/uploads\/2021\/06\/pxl-290621-33469009-20210630202229.jpg","type":"image\/jpeg"}],"author":"Radio Ljubu\u0161ki","twitter_card":"summary_large_image","twitter_creator":"@radioljubuski","twitter_site":"@radioljubuski","twitter_misc":{"Napisao\/la":"Radio Ljubu\u0161ki","Procijenjeno vrijeme \u010ditanja":"2 minute"},"schema":{"@context":"https:\/\/schema.org","@graph":[{"@type":"Article","@id":"https:\/\/radioljubuski.ba\/index.php\/2021\/06\/30\/aco-petrovic-komentirao-pljesak-splitske-publike-sigurno-da-mi-je-srce-puno\/#article","isPartOf":{"@id":"https:\/\/radioljubuski.ba\/index.php\/2021\/06\/30\/aco-petrovic-komentirao-pljesak-splitske-publike-sigurno-da-mi-je-srce-puno\/"},"author":{"name":"Radio Ljubu\u0161ki","@id":"https:\/\/radioljubuski.ba\/#\/schema\/person\/19fc700381a780f69665d7956c469e3b"},"headline":"Aco Petrovi\u0107 komentirao pljesak splitske publike: Sigurno da mi je srce puno","datePublished":"2021-06-30T21:54:58+00:00","mainEntityOfPage":{"@id":"https:\/\/radioljubuski.ba\/index.php\/2021\/06\/30\/aco-petrovic-komentirao-pljesak-splitske-publike-sigurno-da-mi-je-srce-puno\/"},"wordCount":295,"publisher":{"@id":"https:\/\/radioljubuski.ba\/#organization"},"image":{"@id":"https:\/\/radioljubuski.ba\/index.php\/2021\/06\/30\/aco-petrovic-komentirao-pljesak-splitske-publike-sigurno-da-mi-je-srce-puno\/#primaryimage"},"thumbnailUrl":"https:\/\/radioljubuski.ba\/wp-content\/uploads\/2021\/06\/pxl-290621-33469009-20210630202229.jpg","articleSection":["\u0160port"],"inLanguage":"hr"},{"@type":"WebPage","@id":"https:\/\/radioljubuski.ba\/index.php\/2021\/06\/30\/aco-petrovic-komentirao-pljesak-splitske-publike-sigurno-da-mi-je-srce-puno\/","url":"https:\/\/radioljubuski.ba\/index.php\/2021\/06\/30\/aco-petrovic-komentirao-pljesak-splitske-publike-sigurno-da-mi-je-srce-puno\/","name":"Aco Petrovi\u0107 komentirao pljesak splitske publike: Sigurno da mi je srce puno - RADIO LJUBU\u0160KI","isPartOf":{"@id":"https:\/\/radioljubuski.ba\/#website"},"primaryImageOfPage":{"@id":"https:\/\/radioljubuski.ba\/index.php\/2021\/06\/30\/aco-petrovic-komentirao-pljesak-splitske-publike-sigurno-da-mi-je-srce-puno\/#primaryimage"},"image":{"@id":"https:\/\/radioljubuski.ba\/index.php\/2021\/06\/30\/aco-petrovic-komentirao-pljesak-splitske-publike-sigurno-da-mi-je-srce-puno\/#primaryimage"},"thumbnailUrl":"https:\/\/radioljubuski.ba\/wp-content\/uploads\/2021\/06\/pxl-290621-33469009-20210630202229.jpg","datePublished":"2021-06-30T21:54:58+00:00","breadcrumb":{"@id":"https:\/\/radioljubuski.ba\/index.php\/2021\/06\/30\/aco-petrovic-komentirao-pljesak-splitske-publike-sigurno-da-mi-je-srce-puno\/#breadcrumb"},"inLanguage":"hr","potentialAction":[{"@type":"ReadAction","target":["https:\/\/radioljubuski.ba\/index.php\/2021\/06\/30\/aco-petrovic-komentirao-pljesak-splitske-publike-sigurno-da-mi-je-srce-puno\/"]}]},{"@type":"ImageObject","inLanguage":"hr","@id":"https:\/\/radioljubuski.ba\/index.php\/2021\/06\/30\/aco-petrovic-komentirao-pljesak-splitske-publike-sigurno-da-mi-je-srce-puno\/#primaryimage","url":"https:\/\/radioljubuski.ba\/wp-content\/uploads\/2021\/06\/pxl-290621-33469009-20210630202229.jpg","contentUrl":"https:\/\/radioljubuski.ba\/wp-content\/uploads\/2021\/06\/pxl-290621-33469009-20210630202229.jpg","width":1600,"height":1066,"caption":"29.06.2021.,Split - Utakmica grupe B kosarkaskog kvalifikacijskog turnira za plasman na Olimpijske igre izmedju Tunisa i Brazila u Spaladium Areni.Aleksandar Petrovic Photo: Ivo Cagalj\/PIXSELL"},{"@type":"BreadcrumbList","@id":"https:\/\/radioljubuski.ba\/index.php\/2021\/06\/30\/aco-petrovic-komentirao-pljesak-splitske-publike-sigurno-da-mi-je-srce-puno\/#breadcrumb","itemListElement":[{"@type":"ListItem","position":1,"name":"Po\u010detna stranica","item":"https:\/\/radioljubuski.ba\/"},{"@type":"ListItem","position":2,"name":"Aco Petrovi\u0107 komentirao pljesak splitske publike: Sigurno da mi je srce puno"}]},{"@type":"WebSite","@id":"https:\/\/radioljubuski.ba\/#website","url":"https:\/\/radioljubuski.ba\/","name":"Radio Ljubu\u0161ki","description":"Sun\u010dana frekvencija Hercegovine","publisher":{"@id":"https:\/\/radioljubuski.ba\/#organization"},"potentialAction":[{"@type":"SearchAction","target":{"@type":"EntryPoint","urlTemplate":"https:\/\/radioljubuski.ba\/?s={search_term_string}"},"query-input":{"@type":"PropertyValueSpecification","valueRequired":true,"valueName":"search_term_string"}}],"inLanguage":"hr"},{"@type":"Organization","@id":"https:\/\/radioljubuski.ba\/#organization","name":"Radio Ljubu\u0161ki","url":"https:\/\/radioljubuski.ba\/","logo":{"@type":"ImageObject","inLanguage":"hr","@id":"https:\/\/radioljubuski.ba\/#\/schema\/logo\/image\/","url":"https:\/\/radioljubuski.ba\/wp-content\/uploads\/2021\/02\/cropped-Radio_Ljubuski_logo1.jpg","contentUrl":"https:\/\/radioljubuski.ba\/wp-content\/uploads\/2021\/02\/cropped-Radio_Ljubuski_logo1.jpg","width":512,"height":512,"caption":"Radio Ljubu\u0161ki"},"image":{"@id":"https:\/\/radioljubuski.ba\/#\/schema\/logo\/image\/"},"sameAs":["https:\/\/www.facebook.com\/Radiio-Ljubuski-1490835324566332","https:\/\/x.com\/radioljubuski","https:\/\/hr.linkedin.com\/company\/radio-ljubuski","https:\/\/www.youtube.com\/channel\/UCHYaeO_n0Db3tjNGudGpXyw"]},{"@type":"Person","@id":"https:\/\/radioljubuski.ba\/#\/schema\/person\/19fc700381a780f69665d7956c469e3b","name":"Radio Ljubu\u0161ki"}]}},"_links":{"self":[{"href":"https:\/\/radioljubuski.ba\/index.php\/wp-json\/wp\/v2\/posts\/37585","targetHints":{"allow":["GET"]}}],"collection":[{"href":"https:\/\/radioljubuski.ba\/index.php\/wp-json\/wp\/v2\/posts"}],"about":[{"href":"https:\/\/radioljubuski.ba\/index.php\/wp-json\/wp\/v2\/types\/post"}],"author":[{"embeddable":true,"href":"https:\/\/radioljubuski.ba\/index.php\/wp-json\/wp\/v2\/users\/2"}],"replies":[{"embeddable":true,"href":"https:\/\/radioljubuski.ba\/index.php\/wp-json\/wp\/v2\/comments?post=37585"}],"version-history":[{"count":1,"href":"https:\/\/radioljubuski.ba\/index.php\/wp-json\/wp\/v2\/posts\/37585\/revisions"}],"predecessor-version":[{"id":37587,"href":"https:\/\/radioljubuski.ba\/index.php\/wp-json\/wp\/v2\/posts\/37585\/revisions\/37587"}],"wp:featuredmedia":[{"embeddable":true,"href":"https:\/\/radioljubuski.ba\/index.php\/wp-json\/wp\/v2\/media\/37586"}],"wp:attachment":[{"href":"https:\/\/radioljubuski.ba\/index.php\/wp-json\/wp\/v2\/media?parent=37585"}],"wp:term":[{"taxonomy":"category","embeddable":true,"href":"https:\/\/radioljubuski.ba\/index.php\/wp-json\/wp\/v2\/categories?post=37585"},{"taxonomy":"post_tag","embeddable":true,"href":"https:\/\/radioljubuski.ba\/index.php\/wp-json\/wp\/v2\/tags?post=37585"}],"curies":[{"name":"wp","href":"https:\/\/api.w.org\/{rel}","templated":true}]}}