{"id":37588,"date":"2021-06-30T22:56:55","date_gmt":"2021-06-30T21:56:55","guid":{"rendered":"https:\/\/radioljubuski.ba\/?p=37588"},"modified":"2021-06-30T22:56:56","modified_gmt":"2021-06-30T21:56:56","slug":"ukic-nema-nikakvih-isprika-jednostavno-smo-bili-losi","status":"publish","type":"post","link":"https:\/\/radioljubuski.ba\/index.php\/2021\/06\/30\/ukic-nema-nikakvih-isprika-jednostavno-smo-bili-losi\/","title":{"rendered":"Uki\u0107: Nema nikakvih isprika, jednostavno smo bili lo\u0161i"},"content":{"rendered":"\n<p><strong>Veljko Mr\u0161i\u0107, izbornik hrvatske ko\u0161arka\u0161ke reprezentacije, \u010destitao je brazilskom izborniku\u00b8Aleksandru Petrovi\u0107u na pobjedi u prvom susretu olimpijskih kvalifikacija na turniru u Splitu.<\/strong><\/p>\n\n\n\n<p>&#8211; \u010cestitam treneru Petrovi\u0107u na zaslu\u017eenoj pobjedi, bili su bolji od po\u010detka do kraja, mi smo imali samo neke momente. Nismo igrali dobro, previ\u0161e individualno, lopta nam je bila stati\u010dna, previ\u0161e smo \u010dekali kod prijema lopte. Nismo bili dobri, ali sutra je nova utakmica, moramo se vratiti i mentalno i fizi\u010dki, prou\u010diti pogre\u0161ke jer nam je svaka utakmica do kraja turnira biti ili ne biti. Idemo dalje, ali moramo vi\u0161e igrati mom\u010dadski, rekao je Mr\u0161i\u0107 na konferenciji za novinare.<br><br>Hrvatski kapetan&nbsp;<strong>Roko Uki\u0107&nbsp;<\/strong>\u010destitao je, tako\u0111er, Brazilu te istaknuo da ipak jo\u0161 ni\u0161ta nije gotovo.<br><br>&#8211; Nema se \u0161to puno za re\u0107i, moramo biti bolji u svakom segmentu igre. Moramo igrati vi\u0161e timski, mo\u017eemo tra\u017eiti 300 razloga za\u0161to se ne\u0161to dogodilo, ali nema nikakvih isprika, jednostavno smo bili lo\u0161i. Igramo sutra s Tunisom, jedini izbor je pobijediti i vratiti neki normalan ritam na oba kraja terena. Ni\u0161ta nije izgubljeno, bez obzira \u0161to je dana\u0161nji ru\u017eni poraz, objasnio je Uki\u0107.<\/p>\n\n\n\n<p>Izvor:hrt.hr<\/p>\n","protected":false},"excerpt":{"rendered":"<p>Veljko Mr\u0161i\u0107, izbornik hrvatske ko\u0161arka\u0161ke reprezentacije, \u010destitao je brazilskom izborniku\u00b8Aleksandru Petrovi\u0107u na pobjedi u prvom susretu olimpijskih kvalifikacija na turniru u Splitu. &#8211; \u010cestitam treneru Petrovi\u0107u na zaslu\u017eenoj pobjedi, bili su bolji od po\u010detka do kraja, mi smo imali samo neke momente. Nismo igrali dobro, previ\u0161e individualno, lopta nam je bila stati\u010dna, previ\u0161e smo \u010dekali [&hellip;]<\/p>\n","protected":false},"author":2,"featured_media":37589,"comment_status":"closed","ping_status":"closed","sticky":false,"template":"","format":"standard","meta":{"h5ap_radio_sources":[],"footnotes":""},"categories":[7],"tags":[],"class_list":["post-37588","post","type-post","status-publish","format-standard","has-post-thumbnail","hentry","category-sport"],"yoast_head":"<!-- This site is optimized with the Yoast SEO plugin v27.5 - https:\/\/yoast.com\/product\/yoast-seo-wordpress\/ -->\n<title>Uki\u0107: Nema nikakvih isprika, jednostavno smo bili lo\u0161i - RADIO LJUBU\u0160KI<\/title>\n<meta name=\"robots\" content=\"index, follow, max-snippet:-1, max-image-preview:large, max-video-preview:-1\" \/>\n<link rel=\"canonical\" href=\"https:\/\/radioljubuski.ba\/index.php\/2021\/06\/30\/ukic-nema-nikakvih-isprika-jednostavno-smo-bili-losi\/\" \/>\n<meta property=\"og:locale\" content=\"hr_HR\" \/>\n<meta property=\"og:type\" content=\"article\" \/>\n<meta property=\"og:title\" content=\"Uki\u0107: Nema nikakvih isprika, jednostavno smo bili lo\u0161i - RADIO LJUBU\u0160KI\" \/>\n<meta property=\"og:description\" content=\"Veljko Mr\u0161i\u0107, izbornik hrvatske ko\u0161arka\u0161ke reprezentacije, \u010destitao je brazilskom izborniku\u00b8Aleksandru Petrovi\u0107u na pobjedi u prvom susretu olimpijskih kvalifikacija na turniru u Splitu. &#8211; \u010cestitam treneru Petrovi\u0107u na zaslu\u017eenoj pobjedi, bili su bolji od po\u010detka do kraja, mi smo imali samo neke momente. Nismo igrali dobro, previ\u0161e individualno, lopta nam je bila stati\u010dna, previ\u0161e smo \u010dekali [&hellip;]\" \/>\n<meta property=\"og:url\" content=\"https:\/\/radioljubuski.ba\/index.php\/2021\/06\/30\/ukic-nema-nikakvih-isprika-jednostavno-smo-bili-losi\/\" \/>\n<meta property=\"og:site_name\" content=\"RADIO LJUBU\u0160KI\" \/>\n<meta property=\"article:publisher\" content=\"https:\/\/www.facebook.com\/Radiio-Ljubuski-1490835324566332\" \/>\n<meta property=\"article:published_time\" content=\"2021-06-30T21:56:55+00:00\" \/>\n<meta property=\"article:modified_time\" content=\"2021-06-30T21:56:56+00:00\" \/>\n<meta property=\"og:image\" content=\"https:\/\/radioljubuski.ba\/wp-content\/uploads\/2021\/06\/pxl-300621-33481061-20210630203520.jpg\" \/>\n\t<meta property=\"og:image:width\" content=\"1600\" \/>\n\t<meta property=\"og:image:height\" content=\"1066\" \/>\n\t<meta property=\"og:image:type\" content=\"image\/jpeg\" \/>\n<meta name=\"author\" content=\"Radio Ljubu\u0161ki\" \/>\n<meta name=\"twitter:card\" content=\"summary_large_image\" \/>\n<meta name=\"twitter:creator\" content=\"@radioljubuski\" \/>\n<meta name=\"twitter:site\" content=\"@radioljubuski\" \/>\n<meta name=\"twitter:label1\" content=\"Napisao\/la\" \/>\n\t<meta name=\"twitter:data1\" content=\"Radio Ljubu\u0161ki\" \/>\n\t<meta name=\"twitter:label2\" content=\"Procijenjeno vrijeme \u010ditanja\" \/>\n\t<meta name=\"twitter:data2\" content=\"1 minuta\" \/>\n<script type=\"application\/ld+json\" class=\"yoast-schema-graph\">{\"@context\":\"https:\\\/\\\/schema.org\",\"@graph\":[{\"@type\":\"Article\",\"@id\":\"https:\\\/\\\/radioljubuski.ba\\\/index.php\\\/2021\\\/06\\\/30\\\/ukic-nema-nikakvih-isprika-jednostavno-smo-bili-losi\\\/#article\",\"isPartOf\":{\"@id\":\"https:\\\/\\\/radioljubuski.ba\\\/index.php\\\/2021\\\/06\\\/30\\\/ukic-nema-nikakvih-isprika-jednostavno-smo-bili-losi\\\/\"},\"author\":{\"name\":\"Radio Ljubu\u0161ki\",\"@id\":\"https:\\\/\\\/radioljubuski.ba\\\/#\\\/schema\\\/person\\\/19fc700381a780f69665d7956c469e3b\"},\"headline\":\"Uki\u0107: Nema nikakvih isprika, jednostavno smo bili lo\u0161i\",\"datePublished\":\"2021-06-30T21:56:55+00:00\",\"dateModified\":\"2021-06-30T21:56:56+00:00\",\"mainEntityOfPage\":{\"@id\":\"https:\\\/\\\/radioljubuski.ba\\\/index.php\\\/2021\\\/06\\\/30\\\/ukic-nema-nikakvih-isprika-jednostavno-smo-bili-losi\\\/\"},\"wordCount\":223,\"publisher\":{\"@id\":\"https:\\\/\\\/radioljubuski.ba\\\/#organization\"},\"image\":{\"@id\":\"https:\\\/\\\/radioljubuski.ba\\\/index.php\\\/2021\\\/06\\\/30\\\/ukic-nema-nikakvih-isprika-jednostavno-smo-bili-losi\\\/#primaryimage\"},\"thumbnailUrl\":\"https:\\\/\\\/radioljubuski.ba\\\/wp-content\\\/uploads\\\/2021\\\/06\\\/pxl-300621-33481061-20210630203520.jpg\",\"articleSection\":[\"\u0160port\"],\"inLanguage\":\"hr\"},{\"@type\":\"WebPage\",\"@id\":\"https:\\\/\\\/radioljubuski.ba\\\/index.php\\\/2021\\\/06\\\/30\\\/ukic-nema-nikakvih-isprika-jednostavno-smo-bili-losi\\\/\",\"url\":\"https:\\\/\\\/radioljubuski.ba\\\/index.php\\\/2021\\\/06\\\/30\\\/ukic-nema-nikakvih-isprika-jednostavno-smo-bili-losi\\\/\",\"name\":\"Uki\u0107: Nema nikakvih isprika, jednostavno smo bili lo\u0161i - RADIO LJUBU\u0160KI\",\"isPartOf\":{\"@id\":\"https:\\\/\\\/radioljubuski.ba\\\/#website\"},\"primaryImageOfPage\":{\"@id\":\"https:\\\/\\\/radioljubuski.ba\\\/index.php\\\/2021\\\/06\\\/30\\\/ukic-nema-nikakvih-isprika-jednostavno-smo-bili-losi\\\/#primaryimage\"},\"image\":{\"@id\":\"https:\\\/\\\/radioljubuski.ba\\\/index.php\\\/2021\\\/06\\\/30\\\/ukic-nema-nikakvih-isprika-jednostavno-smo-bili-losi\\\/#primaryimage\"},\"thumbnailUrl\":\"https:\\\/\\\/radioljubuski.ba\\\/wp-content\\\/uploads\\\/2021\\\/06\\\/pxl-300621-33481061-20210630203520.jpg\",\"datePublished\":\"2021-06-30T21:56:55+00:00\",\"dateModified\":\"2021-06-30T21:56:56+00:00\",\"breadcrumb\":{\"@id\":\"https:\\\/\\\/radioljubuski.ba\\\/index.php\\\/2021\\\/06\\\/30\\\/ukic-nema-nikakvih-isprika-jednostavno-smo-bili-losi\\\/#breadcrumb\"},\"inLanguage\":\"hr\",\"potentialAction\":[{\"@type\":\"ReadAction\",\"target\":[\"https:\\\/\\\/radioljubuski.ba\\\/index.php\\\/2021\\\/06\\\/30\\\/ukic-nema-nikakvih-isprika-jednostavno-smo-bili-losi\\\/\"]}]},{\"@type\":\"ImageObject\",\"inLanguage\":\"hr\",\"@id\":\"https:\\\/\\\/radioljubuski.ba\\\/index.php\\\/2021\\\/06\\\/30\\\/ukic-nema-nikakvih-isprika-jednostavno-smo-bili-losi\\\/#primaryimage\",\"url\":\"https:\\\/\\\/radioljubuski.ba\\\/wp-content\\\/uploads\\\/2021\\\/06\\\/pxl-300621-33481061-20210630203520.jpg\",\"contentUrl\":\"https:\\\/\\\/radioljubuski.ba\\\/wp-content\\\/uploads\\\/2021\\\/06\\\/pxl-300621-33481061-20210630203520.jpg\",\"width\":1600,\"height\":1066,\"caption\":\"30.06.2021.,Split - Utakmica skupine B kosarkaskog kvalifikacijskog turnira za plasman na Olimpijske igre izmedju Hrvatske i Brazila u Spaladium areni.Roko Rogic,Roko Leni Ukic Photo: Ivo Cagalj\\\/PIXSELL\"},{\"@type\":\"BreadcrumbList\",\"@id\":\"https:\\\/\\\/radioljubuski.ba\\\/index.php\\\/2021\\\/06\\\/30\\\/ukic-nema-nikakvih-isprika-jednostavno-smo-bili-losi\\\/#breadcrumb\",\"itemListElement\":[{\"@type\":\"ListItem\",\"position\":1,\"name\":\"Po\u010detna stranica\",\"item\":\"https:\\\/\\\/radioljubuski.ba\\\/\"},{\"@type\":\"ListItem\",\"position\":2,\"name\":\"Uki\u0107: Nema nikakvih isprika, jednostavno smo bili lo\u0161i\"}]},{\"@type\":\"WebSite\",\"@id\":\"https:\\\/\\\/radioljubuski.ba\\\/#website\",\"url\":\"https:\\\/\\\/radioljubuski.ba\\\/\",\"name\":\"Radio Ljubu\u0161ki\",\"description\":\"Sun\u010dana frekvencija Hercegovine\",\"publisher\":{\"@id\":\"https:\\\/\\\/radioljubuski.ba\\\/#organization\"},\"potentialAction\":[{\"@type\":\"SearchAction\",\"target\":{\"@type\":\"EntryPoint\",\"urlTemplate\":\"https:\\\/\\\/radioljubuski.ba\\\/?s={search_term_string}\"},\"query-input\":{\"@type\":\"PropertyValueSpecification\",\"valueRequired\":true,\"valueName\":\"search_term_string\"}}],\"inLanguage\":\"hr\"},{\"@type\":\"Organization\",\"@id\":\"https:\\\/\\\/radioljubuski.ba\\\/#organization\",\"name\":\"Radio Ljubu\u0161ki\",\"url\":\"https:\\\/\\\/radioljubuski.ba\\\/\",\"logo\":{\"@type\":\"ImageObject\",\"inLanguage\":\"hr\",\"@id\":\"https:\\\/\\\/radioljubuski.ba\\\/#\\\/schema\\\/logo\\\/image\\\/\",\"url\":\"https:\\\/\\\/radioljubuski.ba\\\/wp-content\\\/uploads\\\/2021\\\/02\\\/cropped-Radio_Ljubuski_logo1.jpg\",\"contentUrl\":\"https:\\\/\\\/radioljubuski.ba\\\/wp-content\\\/uploads\\\/2021\\\/02\\\/cropped-Radio_Ljubuski_logo1.jpg\",\"width\":512,\"height\":512,\"caption\":\"Radio Ljubu\u0161ki\"},\"image\":{\"@id\":\"https:\\\/\\\/radioljubuski.ba\\\/#\\\/schema\\\/logo\\\/image\\\/\"},\"sameAs\":[\"https:\\\/\\\/www.facebook.com\\\/Radiio-Ljubuski-1490835324566332\",\"https:\\\/\\\/x.com\\\/radioljubuski\",\"https:\\\/\\\/hr.linkedin.com\\\/company\\\/radio-ljubuski\",\"https:\\\/\\\/www.youtube.com\\\/channel\\\/UCHYaeO_n0Db3tjNGudGpXyw\"]},{\"@type\":\"Person\",\"@id\":\"https:\\\/\\\/radioljubuski.ba\\\/#\\\/schema\\\/person\\\/19fc700381a780f69665d7956c469e3b\",\"name\":\"Radio Ljubu\u0161ki\"}]}<\/script>\n<!-- \/ Yoast SEO plugin. -->","yoast_head_json":{"title":"Uki\u0107: Nema nikakvih isprika, jednostavno smo bili lo\u0161i - RADIO LJUBU\u0160KI","robots":{"index":"index","follow":"follow","max-snippet":"max-snippet:-1","max-image-preview":"max-image-preview:large","max-video-preview":"max-video-preview:-1"},"canonical":"https:\/\/radioljubuski.ba\/index.php\/2021\/06\/30\/ukic-nema-nikakvih-isprika-jednostavno-smo-bili-losi\/","og_locale":"hr_HR","og_type":"article","og_title":"Uki\u0107: Nema nikakvih isprika, jednostavno smo bili lo\u0161i - RADIO LJUBU\u0160KI","og_description":"Veljko Mr\u0161i\u0107, izbornik hrvatske ko\u0161arka\u0161ke reprezentacije, \u010destitao je brazilskom izborniku\u00b8Aleksandru Petrovi\u0107u na pobjedi u prvom susretu olimpijskih kvalifikacija na turniru u Splitu. &#8211; \u010cestitam treneru Petrovi\u0107u na zaslu\u017eenoj pobjedi, bili su bolji od po\u010detka do kraja, mi smo imali samo neke momente. Nismo igrali dobro, previ\u0161e individualno, lopta nam je bila stati\u010dna, previ\u0161e smo \u010dekali [&hellip;]","og_url":"https:\/\/radioljubuski.ba\/index.php\/2021\/06\/30\/ukic-nema-nikakvih-isprika-jednostavno-smo-bili-losi\/","og_site_name":"RADIO LJUBU\u0160KI","article_publisher":"https:\/\/www.facebook.com\/Radiio-Ljubuski-1490835324566332","article_published_time":"2021-06-30T21:56:55+00:00","article_modified_time":"2021-06-30T21:56:56+00:00","og_image":[{"width":1600,"height":1066,"url":"https:\/\/radioljubuski.ba\/wp-content\/uploads\/2021\/06\/pxl-300621-33481061-20210630203520.jpg","type":"image\/jpeg"}],"author":"Radio Ljubu\u0161ki","twitter_card":"summary_large_image","twitter_creator":"@radioljubuski","twitter_site":"@radioljubuski","twitter_misc":{"Napisao\/la":"Radio Ljubu\u0161ki","Procijenjeno vrijeme \u010ditanja":"1 minuta"},"schema":{"@context":"https:\/\/schema.org","@graph":[{"@type":"Article","@id":"https:\/\/radioljubuski.ba\/index.php\/2021\/06\/30\/ukic-nema-nikakvih-isprika-jednostavno-smo-bili-losi\/#article","isPartOf":{"@id":"https:\/\/radioljubuski.ba\/index.php\/2021\/06\/30\/ukic-nema-nikakvih-isprika-jednostavno-smo-bili-losi\/"},"author":{"name":"Radio Ljubu\u0161ki","@id":"https:\/\/radioljubuski.ba\/#\/schema\/person\/19fc700381a780f69665d7956c469e3b"},"headline":"Uki\u0107: Nema nikakvih isprika, jednostavno smo bili lo\u0161i","datePublished":"2021-06-30T21:56:55+00:00","dateModified":"2021-06-30T21:56:56+00:00","mainEntityOfPage":{"@id":"https:\/\/radioljubuski.ba\/index.php\/2021\/06\/30\/ukic-nema-nikakvih-isprika-jednostavno-smo-bili-losi\/"},"wordCount":223,"publisher":{"@id":"https:\/\/radioljubuski.ba\/#organization"},"image":{"@id":"https:\/\/radioljubuski.ba\/index.php\/2021\/06\/30\/ukic-nema-nikakvih-isprika-jednostavno-smo-bili-losi\/#primaryimage"},"thumbnailUrl":"https:\/\/radioljubuski.ba\/wp-content\/uploads\/2021\/06\/pxl-300621-33481061-20210630203520.jpg","articleSection":["\u0160port"],"inLanguage":"hr"},{"@type":"WebPage","@id":"https:\/\/radioljubuski.ba\/index.php\/2021\/06\/30\/ukic-nema-nikakvih-isprika-jednostavno-smo-bili-losi\/","url":"https:\/\/radioljubuski.ba\/index.php\/2021\/06\/30\/ukic-nema-nikakvih-isprika-jednostavno-smo-bili-losi\/","name":"Uki\u0107: Nema nikakvih isprika, jednostavno smo bili lo\u0161i - RADIO LJUBU\u0160KI","isPartOf":{"@id":"https:\/\/radioljubuski.ba\/#website"},"primaryImageOfPage":{"@id":"https:\/\/radioljubuski.ba\/index.php\/2021\/06\/30\/ukic-nema-nikakvih-isprika-jednostavno-smo-bili-losi\/#primaryimage"},"image":{"@id":"https:\/\/radioljubuski.ba\/index.php\/2021\/06\/30\/ukic-nema-nikakvih-isprika-jednostavno-smo-bili-losi\/#primaryimage"},"thumbnailUrl":"https:\/\/radioljubuski.ba\/wp-content\/uploads\/2021\/06\/pxl-300621-33481061-20210630203520.jpg","datePublished":"2021-06-30T21:56:55+00:00","dateModified":"2021-06-30T21:56:56+00:00","breadcrumb":{"@id":"https:\/\/radioljubuski.ba\/index.php\/2021\/06\/30\/ukic-nema-nikakvih-isprika-jednostavno-smo-bili-losi\/#breadcrumb"},"inLanguage":"hr","potentialAction":[{"@type":"ReadAction","target":["https:\/\/radioljubuski.ba\/index.php\/2021\/06\/30\/ukic-nema-nikakvih-isprika-jednostavno-smo-bili-losi\/"]}]},{"@type":"ImageObject","inLanguage":"hr","@id":"https:\/\/radioljubuski.ba\/index.php\/2021\/06\/30\/ukic-nema-nikakvih-isprika-jednostavno-smo-bili-losi\/#primaryimage","url":"https:\/\/radioljubuski.ba\/wp-content\/uploads\/2021\/06\/pxl-300621-33481061-20210630203520.jpg","contentUrl":"https:\/\/radioljubuski.ba\/wp-content\/uploads\/2021\/06\/pxl-300621-33481061-20210630203520.jpg","width":1600,"height":1066,"caption":"30.06.2021.,Split - Utakmica skupine B kosarkaskog kvalifikacijskog turnira za plasman na Olimpijske igre izmedju Hrvatske i Brazila u Spaladium areni.Roko Rogic,Roko Leni Ukic Photo: Ivo Cagalj\/PIXSELL"},{"@type":"BreadcrumbList","@id":"https:\/\/radioljubuski.ba\/index.php\/2021\/06\/30\/ukic-nema-nikakvih-isprika-jednostavno-smo-bili-losi\/#breadcrumb","itemListElement":[{"@type":"ListItem","position":1,"name":"Po\u010detna stranica","item":"https:\/\/radioljubuski.ba\/"},{"@type":"ListItem","position":2,"name":"Uki\u0107: Nema nikakvih isprika, jednostavno smo bili lo\u0161i"}]},{"@type":"WebSite","@id":"https:\/\/radioljubuski.ba\/#website","url":"https:\/\/radioljubuski.ba\/","name":"Radio Ljubu\u0161ki","description":"Sun\u010dana frekvencija Hercegovine","publisher":{"@id":"https:\/\/radioljubuski.ba\/#organization"},"potentialAction":[{"@type":"SearchAction","target":{"@type":"EntryPoint","urlTemplate":"https:\/\/radioljubuski.ba\/?s={search_term_string}"},"query-input":{"@type":"PropertyValueSpecification","valueRequired":true,"valueName":"search_term_string"}}],"inLanguage":"hr"},{"@type":"Organization","@id":"https:\/\/radioljubuski.ba\/#organization","name":"Radio Ljubu\u0161ki","url":"https:\/\/radioljubuski.ba\/","logo":{"@type":"ImageObject","inLanguage":"hr","@id":"https:\/\/radioljubuski.ba\/#\/schema\/logo\/image\/","url":"https:\/\/radioljubuski.ba\/wp-content\/uploads\/2021\/02\/cropped-Radio_Ljubuski_logo1.jpg","contentUrl":"https:\/\/radioljubuski.ba\/wp-content\/uploads\/2021\/02\/cropped-Radio_Ljubuski_logo1.jpg","width":512,"height":512,"caption":"Radio Ljubu\u0161ki"},"image":{"@id":"https:\/\/radioljubuski.ba\/#\/schema\/logo\/image\/"},"sameAs":["https:\/\/www.facebook.com\/Radiio-Ljubuski-1490835324566332","https:\/\/x.com\/radioljubuski","https:\/\/hr.linkedin.com\/company\/radio-ljubuski","https:\/\/www.youtube.com\/channel\/UCHYaeO_n0Db3tjNGudGpXyw"]},{"@type":"Person","@id":"https:\/\/radioljubuski.ba\/#\/schema\/person\/19fc700381a780f69665d7956c469e3b","name":"Radio Ljubu\u0161ki"}]}},"_links":{"self":[{"href":"https:\/\/radioljubuski.ba\/index.php\/wp-json\/wp\/v2\/posts\/37588","targetHints":{"allow":["GET"]}}],"collection":[{"href":"https:\/\/radioljubuski.ba\/index.php\/wp-json\/wp\/v2\/posts"}],"about":[{"href":"https:\/\/radioljubuski.ba\/index.php\/wp-json\/wp\/v2\/types\/post"}],"author":[{"embeddable":true,"href":"https:\/\/radioljubuski.ba\/index.php\/wp-json\/wp\/v2\/users\/2"}],"replies":[{"embeddable":true,"href":"https:\/\/radioljubuski.ba\/index.php\/wp-json\/wp\/v2\/comments?post=37588"}],"version-history":[{"count":1,"href":"https:\/\/radioljubuski.ba\/index.php\/wp-json\/wp\/v2\/posts\/37588\/revisions"}],"predecessor-version":[{"id":37590,"href":"https:\/\/radioljubuski.ba\/index.php\/wp-json\/wp\/v2\/posts\/37588\/revisions\/37590"}],"wp:featuredmedia":[{"embeddable":true,"href":"https:\/\/radioljubuski.ba\/index.php\/wp-json\/wp\/v2\/media\/37589"}],"wp:attachment":[{"href":"https:\/\/radioljubuski.ba\/index.php\/wp-json\/wp\/v2\/media?parent=37588"}],"wp:term":[{"taxonomy":"category","embeddable":true,"href":"https:\/\/radioljubuski.ba\/index.php\/wp-json\/wp\/v2\/categories?post=37588"},{"taxonomy":"post_tag","embeddable":true,"href":"https:\/\/radioljubuski.ba\/index.php\/wp-json\/wp\/v2\/tags?post=37588"}],"curies":[{"name":"wp","href":"https:\/\/api.w.org\/{rel}","templated":true}]}}