{"id":37681,"date":"2021-07-01T00:24:58","date_gmt":"2021-06-30T23:24:58","guid":{"rendered":"https:\/\/radioljubuski.ba\/?p=37681"},"modified":"2021-07-01T00:24:59","modified_gmt":"2021-06-30T23:24:59","slug":"crveni-koralj-se-nemilice-unistava-potrebno-je-hitno-zastititi-kolonije","status":"publish","type":"post","link":"https:\/\/radioljubuski.ba\/index.php\/2021\/07\/01\/crveni-koralj-se-nemilice-unistava-potrebno-je-hitno-zastititi-kolonije\/","title":{"rendered":"Crveni koralj se nemilice uni\u0161tava, potrebno je hitno za\u0161tititi kolonije"},"content":{"rendered":"\n<p><strong>Crveni koralj, kolonija sastavljena od tisu\u0107a \u017eivotinjica, na tr\u017ei\u0161tu posti\u017ee visoku vrijednost, a to je u posljednjih 20 godina dovelo do njegova velikog uni\u0161tenja i zato je za za\u0161titu koralja potrebna je hitna i konkretna reakcija.<\/strong><\/p>\n\n\n\n<p>Prema legendi, crveni koralj nastao je kada je Perzej odsjekao Meduzinu glavu i bacio je u more, nakon \u010dega su se krvlju prekrivene morske alge okamenile.<br><br>Radi se o za\u0161ti\u0107enoj vrsti atraktivnog izgleda s tvrdim kosturom koji je cijenjen kao materijal za izradu nakita.<\/p>\n\n\n\n<p><br>Mnoge ova vrsta zbunjuje jer izgleda kao biljka, po kosturu je mineral, a zapravo je kolonija sastavljena od tisu\u0107a sitnih \u017eivotinjica.<br><br>Crveni koralj nalazi se u dubinama izme\u0111u 30 i 200 metara, gdje god postoji tvrda podloga koja je relativno \u010dista i pod utjecajem struja. Morske struje \u010diste to podru\u010dje od sedimentacije, ali donose i plankton kojim se koralji hrane, objasnio je za Hinu biolog Petar Kru\u017ei\u0107, izvanredni profesor na Prirodoslovno-matemati\u010dkom fakultetu (PMF) u Zagrebu koji radi na projektima vezanim uz klimatske promjene i more, a primarno se bavi koraljima.<br><br><\/p>\n\n\n\n<p>Ovo fascinantno bi\u0107e koje zahtijeva \u010disto more s malo sedimentacije naraste do 50 cm u promjeru i mo\u017ee ga se na\u0107i u Sredozemnom moru. U Jadranu crveni koralj obitava du\u017e isto\u010dne obale na potezu od Kvarnera do Albanije i to naj\u010de\u0161\u0107e na vanjskoj strani otoka.<br><br><\/p>\n\n\n\n<p>Crveni koralj mo\u017ee \u017eivjeti i vi\u0161e od sto godina, ali vrlo sporo raste i stoga je osjetljiv na ljudsko djelovanje.<\/p>\n\n\n\n<p>Na tr\u017ei\u0161tu posti\u017ee visoku cijenu pa ga se enormno eksploatira \u0161to je u posljednjih 20 godina dovelo do smanjenja populacije u pli\u0107im podru\u010djima, a na mnogim mjestima i do istrebljenja.<br><br><\/p>\n\n\n\n<p>Me\u0111utim, kako tehnike ronjenja svakodnevno napreduju, tako se morsko dno br\u017ee osiroma\u0161uje i u dubinama. U dana\u0161nje vrijeme podmorje istra\u017euju roboti pa ronioci lako otkriju kolonije do kojih zaranjaju tek nakon pomo\u0107i moderne tehnologije.<\/p>\n\n\n\n<p><br><strong>Za\u0161ti\u0107en je, ali i nije<\/strong><strong><br><br><\/strong>Op\u0107a komisija za ribarstvo Sredozemlja (GFCM) od 2011. godine donijela je brojne preporuke vezane za eksploataciju crvenih koralja, uklju\u010duju\u0107i plan upravljanja s ciljem suzbijanja i sprje\u010davanja prekomjernog ulova.<br><br><\/p>\n\n\n\n<p>Jedna od glavnih odredbi je vezana za opremu kojom se skupljaju, a propisuje da se mo\u017ee koristiti samo \u010deki\u0107 koji koristi ronilac.<\/p>\n\n\n\n<p><br>Nadalje, berba na dubini do 50 m je zabranjena kako bi se omogu\u0107io oporavak plitkih populacija. Zabranjeno je tako\u0111er sakupljati kolonije crvenih koralja \u010diji je promjer manji od 7 mm, mjereno unutar jednog centimetra od dna kolonije.<br><br><\/p>\n\n\n\n<p>Kru\u017ei\u0107 ocjenjuje da je u vezi s crvenim koraljem dosta velika zbrka i da se posljednjih 50-ak godina vrlo malo posve\u0107ivalo njihovoj stvarnoj za\u0161titi iako je danas za\u0161ti\u0107en propisima u gotovo svim dr\u017eavama Mediterana.<br><br>Za\u0161ti\u0107en je i kod nas, \u010dak je jedno vrijeme bila na snazi i stroga za\u0161tita, me\u0111utim ljudi koji imaju koncesiju na va\u0111enje koralja, mogu se tim pravom i dalje koristiti. To je kontradiktorno ako je ne\u0161to za\u0161ti\u0107eno, trebalo bi zna\u010diti da se uop\u0107e ne smije dirati, kazao je.<\/p>\n\n\n\n<p><br>&#8211; Naj\u010de\u0161\u0107e nismo sposobni za\u0161tititi na\u0161e nacionalne parkove i parkove prirode, a za\u0161tititi vrstu jo\u0161 manje, rekao je.<br><br>Najslabija kontrola je bila u vrijeme rata i tada se radilo \u0161to se htjelo. Stradala su za\u0161ti\u0107ena podru\u010dja, primjerice Kornati, gdje je dosta lokacija o\u010di\u0161\u0107eno od koralja, navodi Kru\u017ei\u0107.<\/p>\n\n\n\n<p>Problem je, napominje Kru\u017ei\u0107, i \u0161to su zaposlenici nacionalnih parkova i parkova prirode bazirani uglavnom na naplatu ulaznica, a manje na za\u0161titu prirode.<br><br><\/p>\n\n\n\n<p>&#8211; Problem je rend\u017eera u parkovima, njihove osposobljenosti i naobrazbe za taj posao. Problem je i pomorska policija koje nema dovoljno, a uglavnom je aktivna kada je turisti\u010dka sezona, u drugim dijelovima godine gotovo da ih na terenu nema, napominje Kru\u017ei\u0107.<br><br>Kru\u017ei\u0107 poziva da se omogu\u0107i ve\u0107i broj brodova i rend\u017eera koji \u0107e \u010duvati parkove jer oni postoje da bi se sa\u010duvala prirodna ba\u0161tina.<br><br>U me\u0111unarodni istra\u017eiva\u010dki projekt kojemu je cilj popuniti praznine u znanju o stanju crvenog koralja u regiji uklju\u010dena je i Hrvatska. Od 2020. godine Ministarstvo poljoprivrede i Sveu\u010dili\u0161te u Zagrebu sura\u0111uju s Al\u017eirom, Francuskom, Gr\u010dkom, Italijom, \u0160panjolskom i Tunisom.<br><br><\/p>\n\n\n\n<p>Rezultati istra\u017eivanja koje \u0107e biti dovr\u0161eno sljede\u0107e godine pru\u017eit \u0107e znanstvenu osnovu za odre\u0111ivanje najprikladnijih mjera upravljanja za o\u010duvanje dragocjenog crvenog koralja.<br><br><\/p>\n\n\n\n<p>Monitoring i istra\u017eivanje nisu jednostavni jer je zaron u takve dubine slo\u017een postupak.<\/p>\n\n\n\n<p>Ronjenje je rizi\u010dan posao za koji treba imati izvrsnu naobrazbu, a u tim dubinama se ne mo\u017ee ostati dulje od 20-ak minuta, kazao je Kru\u017ei\u0107 i dodao da samo izron traje jedan sat.<br><strong><br>Klimatske promjene i dinamit u more<\/strong><\/p>\n\n\n\n<p><strong><br><\/strong>Nije samo izlov ono \u0161to uni\u0161tava populaciju, va\u017ean uzrok su i klimatske promjene. Crveni koralj je naviknut na temperature od 12 do maksimalno 14 stupnjeva i na vi\u0161im temperaturama ugiba.<\/p>\n\n\n\n<p><br>Lokacije izme\u0111u 30 i 50 m dubine su dosta ugro\u017eene zbog klimatskih promjena i to je uo\u010dljivo posljednjih 20-ak godina, nastavlja Kru\u017ei\u0107. Danas se zbog vrlo visokih temperatura ljeti zagrijava i more pa topliji sloj prodire dublje.<\/p>\n\n\n\n<p><br>Postalo je normalno da potkraj kolovoza ili po\u010detkom rujna na dubini 40-50 m temperatura mora bude \u010dak i 24 stupnja \u0161to je neusporedivo vi\u0161e nego prije 50 godina, upozorava.<br><br>Nije preveliki problem za morske organizme ako visoke temperature mora potraju samo nekoliko dana, ali zna se dogoditi da potraje mjesec dana, \u0161to je pogubno, isti\u010de.<\/p>\n\n\n\n<p><br>Neki organizmi, kao \u0161to je palamida, spu\u0161taju se ni\u017ee, ali ribari su tomu dosko\u010dili pa bacaju dinamit u more da je natjeraju u pli\u0107a podru\u010dja \u010dime uni\u0161tavaju morsko dno.<\/p>\n\n\n\n<p><br>To je tako\u0111er pojava koja se ne ka\u017enjava, a trebala bi, upozorava Kru\u017ei\u0107.<br><br>Ka\u017ee da ima rje\u0161enja za navedene probleme, a jedno od njih je isplata odre\u0111ene svote novca koraljarima kako bi se mogli po\u010deti baviti ne\u010dim drugim. Smatra da bi se sredstva bez problema mogla povu\u0107i iz socijalnih fondova EU-a.<br><br><strong>Jadran je bara<\/strong><br><br>Jadran nije ono \u0161to je bio prije 20-30 godina, polako postaje bara, ka\u017ee. Tomu pridonosi kanalizacija koja se slijeva u more bez pro\u010di\u0161\u0107iva\u010da, masovni turizam, akvakultura. Vjeruje da bi se moglo ne\u0161to u\u010diniti kada bi odgovorni i odgovarali za svoje postupke.<br><br><\/p>\n\n\n\n<p>More nam izgleda predivno kada ga gledamo s obale, a kada zaronimo, do\u017eivljavamo razo\u010daranje. Dosta toga stradava, nije dobro, priznaje.<br><br>Nova strategija EU-a za bioraznolikost pak predvi\u0111a konkretne korake u cilju oporavka bioraznolikosti do 2030., uklju\u010duju\u0107i pretvaranje najmanje 30 posto europskog kopna i mora u za\u0161ti\u0107ena podru\u010dja.<br><br>Za bioraznolikost bi se prema planovima EU-a trebalo osigurati 20 milijardi eura godi\u0161nje iz raznih izvora, uklju\u010duju\u0107i sredstva EU-a te nacionalna i privatna sredstva.<br><br>Europski parlament je od stupanja na snagu EU-ovog Ugovora iz Lisabona 2009. imao odlu\u010duju\u0107u ulogu u oblikovanju zakonodavstva u podru\u010dju upravljanja ribarstvom.<br><br>Parlament i Vije\u0107e donijeli su 20. lipnja 2019. Uredbu (EU) 2019\/1241 o o\u010duvanju ribolovnih resursa i za\u0161titi morskih ekosustava putem tehni\u010dkih mjera kojom se utvr\u0111uju zajedni\u010dke mjere u svim vodama Unije.<br><br>Njome se zabranjuje i uporaba odre\u0111enih destruktivnih ribolovnih alata ili metoda, me\u0111u ostalim, eksploziva, povla\u010dnih naprava i trgaju\u0107ih ribolovnih alata za skupljanje crvenog i drugih vrsta koralja.<br><br>Kru\u017ei\u0107 se sla\u017ee da bi trebale postojati zone u kojima se crveni koralj ne smije ubirati kao i zone u kojima se ne smije loviti riba.<br><br>Riba \u0107e se ondje razmno\u017eavati, a populacija se \u0161iriti izvan za\u0161ti\u0107enog podru\u010dja, tako da se ribari ne trebaju bojati, rekao je za Hinu.<br><br>Uvjeren je da danas ne bismo imali problem s crvenim koraljima da smo dobro \u010duvali za\u0161ti\u0107ena podru\u010dja jer bi opstali barem u netaknutim sredinama. Sada imamo ranjene populacije u za\u0161ti\u0107enim podru\u010djima i uni\u0161tene u neza\u0161ti\u0107enim.<\/p>\n\n\n\n<p>Izvor:hrt.hr<\/p>\n","protected":false},"excerpt":{"rendered":"<p>Crveni koralj, kolonija sastavljena od tisu\u0107a \u017eivotinjica, na tr\u017ei\u0161tu posti\u017ee visoku vrijednost, a to je u posljednjih 20 godina dovelo do njegova velikog uni\u0161tenja i zato je za za\u0161titu koralja potrebna je hitna i konkretna reakcija. Prema legendi, crveni koralj nastao je kada je Perzej odsjekao Meduzinu glavu i bacio je u more, nakon \u010dega [&hellip;]<\/p>\n","protected":false},"author":2,"featured_media":37682,"comment_status":"closed","ping_status":"closed","sticky":false,"template":"","format":"standard","meta":{"h5ap_radio_sources":[],"footnotes":""},"categories":[1],"tags":[],"class_list":["post-37681","post","type-post","status-publish","format-standard","has-post-thumbnail","hentry","category-bihiregija"],"yoast_head":"<!-- This site is optimized with the Yoast SEO plugin v27.5 - https:\/\/yoast.com\/product\/yoast-seo-wordpress\/ -->\n<title>Crveni koralj se nemilice uni\u0161tava, potrebno je hitno za\u0161tititi kolonije - RADIO LJUBU\u0160KI<\/title>\n<meta name=\"robots\" content=\"index, follow, max-snippet:-1, max-image-preview:large, max-video-preview:-1\" \/>\n<link rel=\"canonical\" href=\"https:\/\/radioljubuski.ba\/index.php\/2021\/07\/01\/crveni-koralj-se-nemilice-unistava-potrebno-je-hitno-zastititi-kolonije\/\" \/>\n<meta property=\"og:locale\" content=\"hr_HR\" \/>\n<meta property=\"og:type\" content=\"article\" \/>\n<meta property=\"og:title\" content=\"Crveni koralj se nemilice uni\u0161tava, potrebno je hitno za\u0161tititi kolonije - RADIO LJUBU\u0160KI\" \/>\n<meta property=\"og:description\" content=\"Crveni koralj, kolonija sastavljena od tisu\u0107a \u017eivotinjica, na tr\u017ei\u0161tu posti\u017ee visoku vrijednost, a to je u posljednjih 20 godina dovelo do njegova velikog uni\u0161tenja i zato je za za\u0161titu koralja potrebna je hitna i konkretna reakcija. Prema legendi, crveni koralj nastao je kada je Perzej odsjekao Meduzinu glavu i bacio je u more, nakon \u010dega [&hellip;]\" \/>\n<meta property=\"og:url\" content=\"https:\/\/radioljubuski.ba\/index.php\/2021\/07\/01\/crveni-koralj-se-nemilice-unistava-potrebno-je-hitno-zastititi-kolonije\/\" \/>\n<meta property=\"og:site_name\" content=\"RADIO LJUBU\u0160KI\" \/>\n<meta property=\"article:publisher\" content=\"https:\/\/www.facebook.com\/Radiio-Ljubuski-1490835324566332\" \/>\n<meta property=\"article:published_time\" content=\"2021-06-30T23:24:58+00:00\" \/>\n<meta property=\"article:modified_time\" content=\"2021-06-30T23:24:59+00:00\" \/>\n<meta property=\"og:image\" content=\"https:\/\/radioljubuski.ba\/wp-content\/uploads\/2021\/07\/preuzmi-4.jpg\" \/>\n\t<meta property=\"og:image:width\" content=\"276\" \/>\n\t<meta property=\"og:image:height\" content=\"183\" \/>\n\t<meta property=\"og:image:type\" content=\"image\/jpeg\" \/>\n<meta name=\"author\" content=\"Radio Ljubu\u0161ki\" \/>\n<meta name=\"twitter:card\" content=\"summary_large_image\" \/>\n<meta name=\"twitter:creator\" content=\"@radioljubuski\" \/>\n<meta name=\"twitter:site\" content=\"@radioljubuski\" \/>\n<meta name=\"twitter:label1\" content=\"Napisao\/la\" \/>\n\t<meta name=\"twitter:data1\" content=\"Radio Ljubu\u0161ki\" \/>\n\t<meta name=\"twitter:label2\" content=\"Procijenjeno vrijeme \u010ditanja\" \/>\n\t<meta name=\"twitter:data2\" content=\"6 minuta\" \/>\n<script type=\"application\/ld+json\" class=\"yoast-schema-graph\">{\"@context\":\"https:\\\/\\\/schema.org\",\"@graph\":[{\"@type\":\"Article\",\"@id\":\"https:\\\/\\\/radioljubuski.ba\\\/index.php\\\/2021\\\/07\\\/01\\\/crveni-koralj-se-nemilice-unistava-potrebno-je-hitno-zastititi-kolonije\\\/#article\",\"isPartOf\":{\"@id\":\"https:\\\/\\\/radioljubuski.ba\\\/index.php\\\/2021\\\/07\\\/01\\\/crveni-koralj-se-nemilice-unistava-potrebno-je-hitno-zastititi-kolonije\\\/\"},\"author\":{\"name\":\"Radio Ljubu\u0161ki\",\"@id\":\"https:\\\/\\\/radioljubuski.ba\\\/#\\\/schema\\\/person\\\/19fc700381a780f69665d7956c469e3b\"},\"headline\":\"Crveni koralj se nemilice uni\u0161tava, potrebno je hitno za\u0161tititi kolonije\",\"datePublished\":\"2021-06-30T23:24:58+00:00\",\"dateModified\":\"2021-06-30T23:24:59+00:00\",\"mainEntityOfPage\":{\"@id\":\"https:\\\/\\\/radioljubuski.ba\\\/index.php\\\/2021\\\/07\\\/01\\\/crveni-koralj-se-nemilice-unistava-potrebno-je-hitno-zastititi-kolonije\\\/\"},\"wordCount\":1363,\"publisher\":{\"@id\":\"https:\\\/\\\/radioljubuski.ba\\\/#organization\"},\"image\":{\"@id\":\"https:\\\/\\\/radioljubuski.ba\\\/index.php\\\/2021\\\/07\\\/01\\\/crveni-koralj-se-nemilice-unistava-potrebno-je-hitno-zastititi-kolonije\\\/#primaryimage\"},\"thumbnailUrl\":\"https:\\\/\\\/radioljubuski.ba\\\/wp-content\\\/uploads\\\/2021\\\/07\\\/preuzmi-4.jpg\",\"articleSection\":[\"BIH i regija\"],\"inLanguage\":\"hr\"},{\"@type\":\"WebPage\",\"@id\":\"https:\\\/\\\/radioljubuski.ba\\\/index.php\\\/2021\\\/07\\\/01\\\/crveni-koralj-se-nemilice-unistava-potrebno-je-hitno-zastititi-kolonije\\\/\",\"url\":\"https:\\\/\\\/radioljubuski.ba\\\/index.php\\\/2021\\\/07\\\/01\\\/crveni-koralj-se-nemilice-unistava-potrebno-je-hitno-zastititi-kolonije\\\/\",\"name\":\"Crveni koralj se nemilice uni\u0161tava, potrebno je hitno za\u0161tititi kolonije - RADIO LJUBU\u0160KI\",\"isPartOf\":{\"@id\":\"https:\\\/\\\/radioljubuski.ba\\\/#website\"},\"primaryImageOfPage\":{\"@id\":\"https:\\\/\\\/radioljubuski.ba\\\/index.php\\\/2021\\\/07\\\/01\\\/crveni-koralj-se-nemilice-unistava-potrebno-je-hitno-zastititi-kolonije\\\/#primaryimage\"},\"image\":{\"@id\":\"https:\\\/\\\/radioljubuski.ba\\\/index.php\\\/2021\\\/07\\\/01\\\/crveni-koralj-se-nemilice-unistava-potrebno-je-hitno-zastititi-kolonije\\\/#primaryimage\"},\"thumbnailUrl\":\"https:\\\/\\\/radioljubuski.ba\\\/wp-content\\\/uploads\\\/2021\\\/07\\\/preuzmi-4.jpg\",\"datePublished\":\"2021-06-30T23:24:58+00:00\",\"dateModified\":\"2021-06-30T23:24:59+00:00\",\"breadcrumb\":{\"@id\":\"https:\\\/\\\/radioljubuski.ba\\\/index.php\\\/2021\\\/07\\\/01\\\/crveni-koralj-se-nemilice-unistava-potrebno-je-hitno-zastititi-kolonije\\\/#breadcrumb\"},\"inLanguage\":\"hr\",\"potentialAction\":[{\"@type\":\"ReadAction\",\"target\":[\"https:\\\/\\\/radioljubuski.ba\\\/index.php\\\/2021\\\/07\\\/01\\\/crveni-koralj-se-nemilice-unistava-potrebno-je-hitno-zastititi-kolonije\\\/\"]}]},{\"@type\":\"ImageObject\",\"inLanguage\":\"hr\",\"@id\":\"https:\\\/\\\/radioljubuski.ba\\\/index.php\\\/2021\\\/07\\\/01\\\/crveni-koralj-se-nemilice-unistava-potrebno-je-hitno-zastititi-kolonije\\\/#primaryimage\",\"url\":\"https:\\\/\\\/radioljubuski.ba\\\/wp-content\\\/uploads\\\/2021\\\/07\\\/preuzmi-4.jpg\",\"contentUrl\":\"https:\\\/\\\/radioljubuski.ba\\\/wp-content\\\/uploads\\\/2021\\\/07\\\/preuzmi-4.jpg\",\"width\":276,\"height\":183},{\"@type\":\"BreadcrumbList\",\"@id\":\"https:\\\/\\\/radioljubuski.ba\\\/index.php\\\/2021\\\/07\\\/01\\\/crveni-koralj-se-nemilice-unistava-potrebno-je-hitno-zastititi-kolonije\\\/#breadcrumb\",\"itemListElement\":[{\"@type\":\"ListItem\",\"position\":1,\"name\":\"Po\u010detna stranica\",\"item\":\"https:\\\/\\\/radioljubuski.ba\\\/\"},{\"@type\":\"ListItem\",\"position\":2,\"name\":\"Crveni koralj se nemilice uni\u0161tava, potrebno je hitno za\u0161tititi kolonije\"}]},{\"@type\":\"WebSite\",\"@id\":\"https:\\\/\\\/radioljubuski.ba\\\/#website\",\"url\":\"https:\\\/\\\/radioljubuski.ba\\\/\",\"name\":\"Radio Ljubu\u0161ki\",\"description\":\"Sun\u010dana frekvencija Hercegovine\",\"publisher\":{\"@id\":\"https:\\\/\\\/radioljubuski.ba\\\/#organization\"},\"potentialAction\":[{\"@type\":\"SearchAction\",\"target\":{\"@type\":\"EntryPoint\",\"urlTemplate\":\"https:\\\/\\\/radioljubuski.ba\\\/?s={search_term_string}\"},\"query-input\":{\"@type\":\"PropertyValueSpecification\",\"valueRequired\":true,\"valueName\":\"search_term_string\"}}],\"inLanguage\":\"hr\"},{\"@type\":\"Organization\",\"@id\":\"https:\\\/\\\/radioljubuski.ba\\\/#organization\",\"name\":\"Radio Ljubu\u0161ki\",\"url\":\"https:\\\/\\\/radioljubuski.ba\\\/\",\"logo\":{\"@type\":\"ImageObject\",\"inLanguage\":\"hr\",\"@id\":\"https:\\\/\\\/radioljubuski.ba\\\/#\\\/schema\\\/logo\\\/image\\\/\",\"url\":\"https:\\\/\\\/radioljubuski.ba\\\/wp-content\\\/uploads\\\/2021\\\/02\\\/cropped-Radio_Ljubuski_logo1.jpg\",\"contentUrl\":\"https:\\\/\\\/radioljubuski.ba\\\/wp-content\\\/uploads\\\/2021\\\/02\\\/cropped-Radio_Ljubuski_logo1.jpg\",\"width\":512,\"height\":512,\"caption\":\"Radio Ljubu\u0161ki\"},\"image\":{\"@id\":\"https:\\\/\\\/radioljubuski.ba\\\/#\\\/schema\\\/logo\\\/image\\\/\"},\"sameAs\":[\"https:\\\/\\\/www.facebook.com\\\/Radiio-Ljubuski-1490835324566332\",\"https:\\\/\\\/x.com\\\/radioljubuski\",\"https:\\\/\\\/hr.linkedin.com\\\/company\\\/radio-ljubuski\",\"https:\\\/\\\/www.youtube.com\\\/channel\\\/UCHYaeO_n0Db3tjNGudGpXyw\"]},{\"@type\":\"Person\",\"@id\":\"https:\\\/\\\/radioljubuski.ba\\\/#\\\/schema\\\/person\\\/19fc700381a780f69665d7956c469e3b\",\"name\":\"Radio Ljubu\u0161ki\"}]}<\/script>\n<!-- \/ Yoast SEO plugin. -->","yoast_head_json":{"title":"Crveni koralj se nemilice uni\u0161tava, potrebno je hitno za\u0161tititi kolonije - RADIO LJUBU\u0160KI","robots":{"index":"index","follow":"follow","max-snippet":"max-snippet:-1","max-image-preview":"max-image-preview:large","max-video-preview":"max-video-preview:-1"},"canonical":"https:\/\/radioljubuski.ba\/index.php\/2021\/07\/01\/crveni-koralj-se-nemilice-unistava-potrebno-je-hitno-zastititi-kolonije\/","og_locale":"hr_HR","og_type":"article","og_title":"Crveni koralj se nemilice uni\u0161tava, potrebno je hitno za\u0161tititi kolonije - RADIO LJUBU\u0160KI","og_description":"Crveni koralj, kolonija sastavljena od tisu\u0107a \u017eivotinjica, na tr\u017ei\u0161tu posti\u017ee visoku vrijednost, a to je u posljednjih 20 godina dovelo do njegova velikog uni\u0161tenja i zato je za za\u0161titu koralja potrebna je hitna i konkretna reakcija. Prema legendi, crveni koralj nastao je kada je Perzej odsjekao Meduzinu glavu i bacio je u more, nakon \u010dega [&hellip;]","og_url":"https:\/\/radioljubuski.ba\/index.php\/2021\/07\/01\/crveni-koralj-se-nemilice-unistava-potrebno-je-hitno-zastititi-kolonije\/","og_site_name":"RADIO LJUBU\u0160KI","article_publisher":"https:\/\/www.facebook.com\/Radiio-Ljubuski-1490835324566332","article_published_time":"2021-06-30T23:24:58+00:00","article_modified_time":"2021-06-30T23:24:59+00:00","og_image":[{"width":276,"height":183,"url":"https:\/\/radioljubuski.ba\/wp-content\/uploads\/2021\/07\/preuzmi-4.jpg","type":"image\/jpeg"}],"author":"Radio Ljubu\u0161ki","twitter_card":"summary_large_image","twitter_creator":"@radioljubuski","twitter_site":"@radioljubuski","twitter_misc":{"Napisao\/la":"Radio Ljubu\u0161ki","Procijenjeno vrijeme \u010ditanja":"6 minuta"},"schema":{"@context":"https:\/\/schema.org","@graph":[{"@type":"Article","@id":"https:\/\/radioljubuski.ba\/index.php\/2021\/07\/01\/crveni-koralj-se-nemilice-unistava-potrebno-je-hitno-zastititi-kolonije\/#article","isPartOf":{"@id":"https:\/\/radioljubuski.ba\/index.php\/2021\/07\/01\/crveni-koralj-se-nemilice-unistava-potrebno-je-hitno-zastititi-kolonije\/"},"author":{"name":"Radio Ljubu\u0161ki","@id":"https:\/\/radioljubuski.ba\/#\/schema\/person\/19fc700381a780f69665d7956c469e3b"},"headline":"Crveni koralj se nemilice uni\u0161tava, potrebno je hitno za\u0161tititi kolonije","datePublished":"2021-06-30T23:24:58+00:00","dateModified":"2021-06-30T23:24:59+00:00","mainEntityOfPage":{"@id":"https:\/\/radioljubuski.ba\/index.php\/2021\/07\/01\/crveni-koralj-se-nemilice-unistava-potrebno-je-hitno-zastititi-kolonije\/"},"wordCount":1363,"publisher":{"@id":"https:\/\/radioljubuski.ba\/#organization"},"image":{"@id":"https:\/\/radioljubuski.ba\/index.php\/2021\/07\/01\/crveni-koralj-se-nemilice-unistava-potrebno-je-hitno-zastititi-kolonije\/#primaryimage"},"thumbnailUrl":"https:\/\/radioljubuski.ba\/wp-content\/uploads\/2021\/07\/preuzmi-4.jpg","articleSection":["BIH i regija"],"inLanguage":"hr"},{"@type":"WebPage","@id":"https:\/\/radioljubuski.ba\/index.php\/2021\/07\/01\/crveni-koralj-se-nemilice-unistava-potrebno-je-hitno-zastititi-kolonije\/","url":"https:\/\/radioljubuski.ba\/index.php\/2021\/07\/01\/crveni-koralj-se-nemilice-unistava-potrebno-je-hitno-zastititi-kolonije\/","name":"Crveni koralj se nemilice uni\u0161tava, potrebno je hitno za\u0161tititi kolonije - RADIO LJUBU\u0160KI","isPartOf":{"@id":"https:\/\/radioljubuski.ba\/#website"},"primaryImageOfPage":{"@id":"https:\/\/radioljubuski.ba\/index.php\/2021\/07\/01\/crveni-koralj-se-nemilice-unistava-potrebno-je-hitno-zastititi-kolonije\/#primaryimage"},"image":{"@id":"https:\/\/radioljubuski.ba\/index.php\/2021\/07\/01\/crveni-koralj-se-nemilice-unistava-potrebno-je-hitno-zastititi-kolonije\/#primaryimage"},"thumbnailUrl":"https:\/\/radioljubuski.ba\/wp-content\/uploads\/2021\/07\/preuzmi-4.jpg","datePublished":"2021-06-30T23:24:58+00:00","dateModified":"2021-06-30T23:24:59+00:00","breadcrumb":{"@id":"https:\/\/radioljubuski.ba\/index.php\/2021\/07\/01\/crveni-koralj-se-nemilice-unistava-potrebno-je-hitno-zastititi-kolonije\/#breadcrumb"},"inLanguage":"hr","potentialAction":[{"@type":"ReadAction","target":["https:\/\/radioljubuski.ba\/index.php\/2021\/07\/01\/crveni-koralj-se-nemilice-unistava-potrebno-je-hitno-zastititi-kolonije\/"]}]},{"@type":"ImageObject","inLanguage":"hr","@id":"https:\/\/radioljubuski.ba\/index.php\/2021\/07\/01\/crveni-koralj-se-nemilice-unistava-potrebno-je-hitno-zastititi-kolonije\/#primaryimage","url":"https:\/\/radioljubuski.ba\/wp-content\/uploads\/2021\/07\/preuzmi-4.jpg","contentUrl":"https:\/\/radioljubuski.ba\/wp-content\/uploads\/2021\/07\/preuzmi-4.jpg","width":276,"height":183},{"@type":"BreadcrumbList","@id":"https:\/\/radioljubuski.ba\/index.php\/2021\/07\/01\/crveni-koralj-se-nemilice-unistava-potrebno-je-hitno-zastititi-kolonije\/#breadcrumb","itemListElement":[{"@type":"ListItem","position":1,"name":"Po\u010detna stranica","item":"https:\/\/radioljubuski.ba\/"},{"@type":"ListItem","position":2,"name":"Crveni koralj se nemilice uni\u0161tava, potrebno je hitno za\u0161tititi kolonije"}]},{"@type":"WebSite","@id":"https:\/\/radioljubuski.ba\/#website","url":"https:\/\/radioljubuski.ba\/","name":"Radio Ljubu\u0161ki","description":"Sun\u010dana frekvencija Hercegovine","publisher":{"@id":"https:\/\/radioljubuski.ba\/#organization"},"potentialAction":[{"@type":"SearchAction","target":{"@type":"EntryPoint","urlTemplate":"https:\/\/radioljubuski.ba\/?s={search_term_string}"},"query-input":{"@type":"PropertyValueSpecification","valueRequired":true,"valueName":"search_term_string"}}],"inLanguage":"hr"},{"@type":"Organization","@id":"https:\/\/radioljubuski.ba\/#organization","name":"Radio Ljubu\u0161ki","url":"https:\/\/radioljubuski.ba\/","logo":{"@type":"ImageObject","inLanguage":"hr","@id":"https:\/\/radioljubuski.ba\/#\/schema\/logo\/image\/","url":"https:\/\/radioljubuski.ba\/wp-content\/uploads\/2021\/02\/cropped-Radio_Ljubuski_logo1.jpg","contentUrl":"https:\/\/radioljubuski.ba\/wp-content\/uploads\/2021\/02\/cropped-Radio_Ljubuski_logo1.jpg","width":512,"height":512,"caption":"Radio Ljubu\u0161ki"},"image":{"@id":"https:\/\/radioljubuski.ba\/#\/schema\/logo\/image\/"},"sameAs":["https:\/\/www.facebook.com\/Radiio-Ljubuski-1490835324566332","https:\/\/x.com\/radioljubuski","https:\/\/hr.linkedin.com\/company\/radio-ljubuski","https:\/\/www.youtube.com\/channel\/UCHYaeO_n0Db3tjNGudGpXyw"]},{"@type":"Person","@id":"https:\/\/radioljubuski.ba\/#\/schema\/person\/19fc700381a780f69665d7956c469e3b","name":"Radio Ljubu\u0161ki"}]}},"_links":{"self":[{"href":"https:\/\/radioljubuski.ba\/index.php\/wp-json\/wp\/v2\/posts\/37681","targetHints":{"allow":["GET"]}}],"collection":[{"href":"https:\/\/radioljubuski.ba\/index.php\/wp-json\/wp\/v2\/posts"}],"about":[{"href":"https:\/\/radioljubuski.ba\/index.php\/wp-json\/wp\/v2\/types\/post"}],"author":[{"embeddable":true,"href":"https:\/\/radioljubuski.ba\/index.php\/wp-json\/wp\/v2\/users\/2"}],"replies":[{"embeddable":true,"href":"https:\/\/radioljubuski.ba\/index.php\/wp-json\/wp\/v2\/comments?post=37681"}],"version-history":[{"count":1,"href":"https:\/\/radioljubuski.ba\/index.php\/wp-json\/wp\/v2\/posts\/37681\/revisions"}],"predecessor-version":[{"id":37683,"href":"https:\/\/radioljubuski.ba\/index.php\/wp-json\/wp\/v2\/posts\/37681\/revisions\/37683"}],"wp:featuredmedia":[{"embeddable":true,"href":"https:\/\/radioljubuski.ba\/index.php\/wp-json\/wp\/v2\/media\/37682"}],"wp:attachment":[{"href":"https:\/\/radioljubuski.ba\/index.php\/wp-json\/wp\/v2\/media?parent=37681"}],"wp:term":[{"taxonomy":"category","embeddable":true,"href":"https:\/\/radioljubuski.ba\/index.php\/wp-json\/wp\/v2\/categories?post=37681"},{"taxonomy":"post_tag","embeddable":true,"href":"https:\/\/radioljubuski.ba\/index.php\/wp-json\/wp\/v2\/tags?post=37681"}],"curies":[{"name":"wp","href":"https:\/\/api.w.org\/{rel}","templated":true}]}}