{"id":37710,"date":"2021-07-01T09:11:34","date_gmt":"2021-07-01T08:11:34","guid":{"rendered":"https:\/\/radioljubuski.ba\/?p=37710"},"modified":"2021-07-01T09:11:36","modified_gmt":"2021-07-01T08:11:36","slug":"picula-ono-sto-vrijedi-u-slucaju-valonaca-flamanaca-ali-i-njemacke-zajednice-u-belgiji-nije-pred-ocima-zagovornika-unitarnoga-uredenja-bih","status":"publish","type":"post","link":"https:\/\/radioljubuski.ba\/index.php\/2021\/07\/01\/picula-ono-sto-vrijedi-u-slucaju-valonaca-flamanaca-ali-i-njemacke-zajednice-u-belgiji-nije-pred-ocima-zagovornika-unitarnoga-uredenja-bih\/","title":{"rendered":"Picula: Ono \u0161to vrijedi u slu\u010daju Valonaca, Flamanaca, ali i njema\u010dke zajednice u Belgiji, nije pred o\u010dima zagovornika unitarnoga ure\u0111enja BiH"},"content":{"rendered":"\n<p>U rezoluciji koja je usvojena, nagla\u0161ava se da bilo kakvi rezultati u BiH ovise isklju\u010divo o politi\u010dkoj volji i predanosti politi\u010dkih \u010delnika i institucija te zemlje. Izvjestitelj dodaje kako EU treba biti na raspolaganju da<br>pomogne unutarnji dijalog koji bi omogu\u0107io BiH da dobije status kandidatkinje za \u010dlanstvo u EU. Po mom mi\u0161ljenju, ustavne reforme i reforma izbornog zakonodavstva su klju\u010dni za europsku perspektivu.<\/p>\n\n\n\n<p><strong><em>Pi\u0161e: Tonino Picula, zastupnik u Europskom parlamentu<\/em><\/strong><\/p>\n\n\n\n<p>U rezoluciji se nagla\u0161ava da BiH mora na svom putu prema EU provesti 14 klju\u010dnih prioriteta iz mi\u0161ljenja Europske komisije. Za tako ne\u0161to je potreban nadstrana\u010dki i nadinstitucionalni konsenzus, te su upravo me\u0111u prioritetima i ustavne i izborne reforme. Na primjeru Mostara i odr\u017eavanja lokalnih izbora vidimo da je sna\u017enijim pritiskom mogu\u0107e posti\u0107i izlazak iz slijepe ulice. U rezoluciji EP-a se izra\u017eava nada da se reforma izbornog zakonodavstva mo\u017ee ostvariti prije Op\u0107ih izbora 2022. Poti\u010de se Komisiju da u svom sljede\u0107em izvje\u0161\u0107u stavi ve\u0107i naglasak ba\u0161 na pitanje ustavnih reformi.<\/p>\n\n\n\n<p>Rezolucija konstatira kako BiH kr\u0161i presude Europskog suda za ljudska prava, te se navode predmeti Sejdi\u0107-Finci, Zorni\u0107, Pilav i \u0160laku, ali, na\u017ealost, ne i slu\u010daj Ljubi\u0107. Govori se o neprestanim nepravilnostima u izbornom postupku, ali nema konkretnih primjera. Samo se ponavlja poziv na rje\u0161avanje diskriminacije prava na kandidaturu na temelju etni\u010dke pripadnosti i prebivali\u0161ta. Svakako nedovoljno za cjelovitiji opis ozbiljnog problema.<\/p>\n\n\n\n<p>Nema sumnje da ustavne i izborne reforme ovise prije svega o politi\u010dkoj volji. U raspravi bi trebalo prou\u010diti primjere nekih drugih dr\u017eava, \u010dlanica EU-a, jer BiH nije jedina europska vi\u0161eetni\u010dka dr\u017eava. Ali upravo tu je problem, budu\u0107i da ono \u0161to vrijedi u slu\u010daju npr. Valonaca, Flamanaca, ali i njema\u010dke zajednice u Belgiji, nije pred o\u010dima zagovornika unitarnoga ure\u0111enja BiH. Oni o\u010dito izbjegavaju dosljednost u komparaciji s dr\u017eavom koja ima sli\u010dne karakteristike. Ustavnopravna ravnopravnost tri konstitutivna naroda mora biti jedan od stupova vi\u0161enacionalne dr\u017eavne strukture; njega treba po\u0161tovati i svakako nadogra\u0111ivati, a nikako anulirati.<\/p>\n\n\n\n<p>Dodao bih i da je manjkavost usvojene rezolucije odnosno takvih tendencioznih i ponekad naivnih gledanja na kompleksnu situaciju u BiH, ignoriranje prija\u0161njih rezolucija Europskog parlamenta. One su ipak ostavile traga i u\u010dinile neke pozitivne pomake u percepciji kako tra\u017eiti rje\u0161enja za transformaciju BiH u zaista funkcionalnu dr\u017eavu.<\/p>\n\n\n\n<p>Bez po\u0161tivanja elementarne politi\u010dke realnosti u BiH mogu jedino ja\u010dati podjele i daljnje blokade.<\/p>\n\n\n\n<p>Dobar primjer odmjerenijeg pristupa BiH stvarnosti sadr\u017ei rezolucija EP- a iz 2015. povodom 20. godi\u0161njice Daytonskog mirovnog sporazuma.&nbsp;<em>U tom dokumentu se navodi da je tako\u0111er klju\u010dno usporedno nastaviti s ustavnim i politi\u010dkim reformama te demokratizacijom politi\u010dkog sustava, \u0161to \u0107e biti korak u smjeru jam\u010denja istinske jednakosti i demokratske zastupljenosti svih triju konstitutivnih naroda i svih gra\u0111ana u zemlji.<\/em><\/p>\n\n\n\n<p>Na\u017ealost, ovogodi\u0161nja rezolucija o BiH nije uklju\u010dila takve poruke. Na\u010dela jednakopravnosti, supsidijarnosti i federalizma su se nalazila u izvje\u0161\u0107ima od 2013. do 2018., a njihovo po\u0161tivanje smatram nu\u017enim da BiH dovr\u0161i tranziciju u efikasnu, uklju\u010divu i funkcionalnu dr\u017eavu gdje je zajam\u010dena jednakost i jednakopravnost.<\/p>\n\n\n\n<p>Gledaju\u0107i u retrovizor jasno je da je BiH izgubila puno vremena u politi\u010dkim borbama koje su samo oja\u010dale unutarnje podjele. Podsjetio bih i da je tek nedavno, nakon pet godina raznovrsnih blokada, krenuo s radom Zajedni\u010dki parlamentarni odbor za stabilizaciju i pridru\u017eivanje. Kompleksne dejtonske podjele sprije\u010davale su usvajanje poslovnika o radu odbora od strane dijela BiH parlamentaraca. U svim drugim slu\u010dajevima taj poslovnik je predstavljao tek tehni\u010dki dokument.&nbsp; Me\u0111utim, kada je rije\u010d o BiH sve se pretvorilo u pitanje mogu\u0107eg nadglasavanja.<\/p>\n\n\n\n<p>Ako je trebalo toliko vremena da se otklone problemi kod usvajanja jednog poslovnika o radu, mo\u017eemo samo zamisliti koliko \u0107e napora trebati za ustavne promjene. A one su neumitne. Kao \u0161to je to bilo kod svake zemlje kandidatkinje za \u010dlanstvo u EU. A BiH jo\u0161 nema ni status kandidata.<\/p>\n\n\n\n<p>U me\u0111uvremenu su uglavnom izostale krupnije politi\u010dke, gospodarske i socijalne reforme. To je rezultat programirano lo\u0161ih me\u0111ustrana\u010dkih odnosa i ciljanog blokiranja rada institucija. Reforme se rade, prije svega, radi napretka svoje dr\u017eave, a ne samo radi budu\u0107eg \u010dlanstva u EU. To je pitanje dugoro\u010dne politi\u010dke stabilnosti, sigurnosti i ekonomskog razvoja, ali to kao da nije prioritet u kroni\u010dnim \u00a0nevnopoliti\u010dkim prepucavanjima u BiH. U tako zamr\u0161enim unutarnjim odnosima institucije EU moraju pomo\u0107i u ja\u010danju povjerenja izme\u0111u onih koji u BiH trebaju posti\u0107i dogovor. Pri tome je i jam\u010denje ravnopravnog polo\u017eaja hrvatskog naroda u BiH svojevrsni test za Uniju koliko je sposobna promovirati interese onih koji u slo\u017eenim zajednicama na svojoj strani nemaju velike brojeve ili \u010dvrste mehanizme za\u0161tite od majorizacije.<\/p>\n\n\n\n<p><strong><a href=\"https:\/\/pogled.ba\/teme\/kolumne\/ono-sto-vrijedi-u-slucaju-valonaca-flamanaca-ali-i-njemacke-zajednice-u-belgiji-nije-pred-ocima-zagovornika-unitarnoga-uredenja-bih\/220567\">Izvor: Pogled.ba<\/a><\/strong><\/p>\n","protected":false},"excerpt":{"rendered":"<p>U rezoluciji koja je usvojena, nagla\u0161ava se da bilo kakvi rezultati u BiH ovise isklju\u010divo o politi\u010dkoj volji i predanosti politi\u010dkih \u010delnika i institucija te zemlje. Izvjestitelj dodaje kako EU treba biti na raspolaganju dapomogne unutarnji dijalog koji bi omogu\u0107io BiH da dobije status kandidatkinje za \u010dlanstvo u EU. Po mom mi\u0161ljenju, ustavne reforme i [&hellip;]<\/p>\n","protected":false},"author":2,"featured_media":976,"comment_status":"closed","ping_status":"closed","sticky":false,"template":"","format":"standard","meta":{"h5ap_radio_sources":[],"footnotes":""},"categories":[1],"tags":[],"class_list":["post-37710","post","type-post","status-publish","format-standard","has-post-thumbnail","hentry","category-bihiregija"],"yoast_head":"<!-- This site is optimized with the Yoast SEO plugin v27.5 - https:\/\/yoast.com\/product\/yoast-seo-wordpress\/ -->\n<title>Picula: Ono \u0161to vrijedi u slu\u010daju Valonaca, Flamanaca, ali i njema\u010dke zajednice u Belgiji, nije pred o\u010dima zagovornika unitarnoga ure\u0111enja BiH - RADIO LJUBU\u0160KI<\/title>\n<meta name=\"robots\" content=\"index, follow, max-snippet:-1, max-image-preview:large, max-video-preview:-1\" \/>\n<link rel=\"canonical\" href=\"https:\/\/radioljubuski.ba\/index.php\/2021\/07\/01\/picula-ono-sto-vrijedi-u-slucaju-valonaca-flamanaca-ali-i-njemacke-zajednice-u-belgiji-nije-pred-ocima-zagovornika-unitarnoga-uredenja-bih\/\" \/>\n<meta property=\"og:locale\" content=\"hr_HR\" \/>\n<meta property=\"og:type\" content=\"article\" \/>\n<meta property=\"og:title\" content=\"Picula: Ono \u0161to vrijedi u slu\u010daju Valonaca, Flamanaca, ali i njema\u010dke zajednice u Belgiji, nije pred o\u010dima zagovornika unitarnoga ure\u0111enja BiH - RADIO LJUBU\u0160KI\" \/>\n<meta property=\"og:description\" content=\"U rezoluciji koja je usvojena, nagla\u0161ava se da bilo kakvi rezultati u BiH ovise isklju\u010divo o politi\u010dkoj volji i predanosti politi\u010dkih \u010delnika i institucija te zemlje. Izvjestitelj dodaje kako EU treba biti na raspolaganju dapomogne unutarnji dijalog koji bi omogu\u0107io BiH da dobije status kandidatkinje za \u010dlanstvo u EU. Po mom mi\u0161ljenju, ustavne reforme i [&hellip;]\" \/>\n<meta property=\"og:url\" content=\"https:\/\/radioljubuski.ba\/index.php\/2021\/07\/01\/picula-ono-sto-vrijedi-u-slucaju-valonaca-flamanaca-ali-i-njemacke-zajednice-u-belgiji-nije-pred-ocima-zagovornika-unitarnoga-uredenja-bih\/\" \/>\n<meta property=\"og:site_name\" content=\"RADIO LJUBU\u0160KI\" \/>\n<meta property=\"article:publisher\" content=\"https:\/\/www.facebook.com\/Radiio-Ljubuski-1490835324566332\" \/>\n<meta property=\"article:published_time\" content=\"2021-07-01T08:11:34+00:00\" \/>\n<meta property=\"article:modified_time\" content=\"2021-07-01T08:11:36+00:00\" \/>\n<meta property=\"og:image\" content=\"https:\/\/radioljubuski.ba\/wp-content\/uploads\/2021\/03\/picula-ep.jpg\" \/>\n\t<meta property=\"og:image:width\" content=\"1010\" \/>\n\t<meta property=\"og:image:height\" content=\"577\" \/>\n\t<meta property=\"og:image:type\" content=\"image\/jpeg\" \/>\n<meta name=\"author\" content=\"Radio Ljubu\u0161ki\" \/>\n<meta name=\"twitter:card\" content=\"summary_large_image\" \/>\n<meta name=\"twitter:creator\" content=\"@radioljubuski\" \/>\n<meta name=\"twitter:site\" content=\"@radioljubuski\" \/>\n<meta name=\"twitter:label1\" content=\"Napisao\/la\" \/>\n\t<meta name=\"twitter:data1\" content=\"Radio Ljubu\u0161ki\" \/>\n\t<meta name=\"twitter:label2\" content=\"Procijenjeno vrijeme \u010ditanja\" \/>\n\t<meta name=\"twitter:data2\" content=\"4 minute\" \/>\n<script type=\"application\/ld+json\" class=\"yoast-schema-graph\">{\"@context\":\"https:\\\/\\\/schema.org\",\"@graph\":[{\"@type\":\"Article\",\"@id\":\"https:\\\/\\\/radioljubuski.ba\\\/index.php\\\/2021\\\/07\\\/01\\\/picula-ono-sto-vrijedi-u-slucaju-valonaca-flamanaca-ali-i-njemacke-zajednice-u-belgiji-nije-pred-ocima-zagovornika-unitarnoga-uredenja-bih\\\/#article\",\"isPartOf\":{\"@id\":\"https:\\\/\\\/radioljubuski.ba\\\/index.php\\\/2021\\\/07\\\/01\\\/picula-ono-sto-vrijedi-u-slucaju-valonaca-flamanaca-ali-i-njemacke-zajednice-u-belgiji-nije-pred-ocima-zagovornika-unitarnoga-uredenja-bih\\\/\"},\"author\":{\"name\":\"Radio Ljubu\u0161ki\",\"@id\":\"https:\\\/\\\/radioljubuski.ba\\\/#\\\/schema\\\/person\\\/19fc700381a780f69665d7956c469e3b\"},\"headline\":\"Picula: Ono \u0161to vrijedi u slu\u010daju Valonaca, Flamanaca, ali i njema\u010dke zajednice u Belgiji, nije pred o\u010dima zagovornika unitarnoga ure\u0111enja BiH\",\"datePublished\":\"2021-07-01T08:11:34+00:00\",\"dateModified\":\"2021-07-01T08:11:36+00:00\",\"mainEntityOfPage\":{\"@id\":\"https:\\\/\\\/radioljubuski.ba\\\/index.php\\\/2021\\\/07\\\/01\\\/picula-ono-sto-vrijedi-u-slucaju-valonaca-flamanaca-ali-i-njemacke-zajednice-u-belgiji-nije-pred-ocima-zagovornika-unitarnoga-uredenja-bih\\\/\"},\"wordCount\":859,\"publisher\":{\"@id\":\"https:\\\/\\\/radioljubuski.ba\\\/#organization\"},\"image\":{\"@id\":\"https:\\\/\\\/radioljubuski.ba\\\/index.php\\\/2021\\\/07\\\/01\\\/picula-ono-sto-vrijedi-u-slucaju-valonaca-flamanaca-ali-i-njemacke-zajednice-u-belgiji-nije-pred-ocima-zagovornika-unitarnoga-uredenja-bih\\\/#primaryimage\"},\"thumbnailUrl\":\"https:\\\/\\\/radioljubuski.ba\\\/wp-content\\\/uploads\\\/2021\\\/03\\\/picula-ep.jpg\",\"articleSection\":[\"BIH i regija\"],\"inLanguage\":\"hr\"},{\"@type\":\"WebPage\",\"@id\":\"https:\\\/\\\/radioljubuski.ba\\\/index.php\\\/2021\\\/07\\\/01\\\/picula-ono-sto-vrijedi-u-slucaju-valonaca-flamanaca-ali-i-njemacke-zajednice-u-belgiji-nije-pred-ocima-zagovornika-unitarnoga-uredenja-bih\\\/\",\"url\":\"https:\\\/\\\/radioljubuski.ba\\\/index.php\\\/2021\\\/07\\\/01\\\/picula-ono-sto-vrijedi-u-slucaju-valonaca-flamanaca-ali-i-njemacke-zajednice-u-belgiji-nije-pred-ocima-zagovornika-unitarnoga-uredenja-bih\\\/\",\"name\":\"Picula: Ono \u0161to vrijedi u slu\u010daju Valonaca, Flamanaca, ali i njema\u010dke zajednice u Belgiji, nije pred o\u010dima zagovornika unitarnoga ure\u0111enja BiH - RADIO LJUBU\u0160KI\",\"isPartOf\":{\"@id\":\"https:\\\/\\\/radioljubuski.ba\\\/#website\"},\"primaryImageOfPage\":{\"@id\":\"https:\\\/\\\/radioljubuski.ba\\\/index.php\\\/2021\\\/07\\\/01\\\/picula-ono-sto-vrijedi-u-slucaju-valonaca-flamanaca-ali-i-njemacke-zajednice-u-belgiji-nije-pred-ocima-zagovornika-unitarnoga-uredenja-bih\\\/#primaryimage\"},\"image\":{\"@id\":\"https:\\\/\\\/radioljubuski.ba\\\/index.php\\\/2021\\\/07\\\/01\\\/picula-ono-sto-vrijedi-u-slucaju-valonaca-flamanaca-ali-i-njemacke-zajednice-u-belgiji-nije-pred-ocima-zagovornika-unitarnoga-uredenja-bih\\\/#primaryimage\"},\"thumbnailUrl\":\"https:\\\/\\\/radioljubuski.ba\\\/wp-content\\\/uploads\\\/2021\\\/03\\\/picula-ep.jpg\",\"datePublished\":\"2021-07-01T08:11:34+00:00\",\"dateModified\":\"2021-07-01T08:11:36+00:00\",\"breadcrumb\":{\"@id\":\"https:\\\/\\\/radioljubuski.ba\\\/index.php\\\/2021\\\/07\\\/01\\\/picula-ono-sto-vrijedi-u-slucaju-valonaca-flamanaca-ali-i-njemacke-zajednice-u-belgiji-nije-pred-ocima-zagovornika-unitarnoga-uredenja-bih\\\/#breadcrumb\"},\"inLanguage\":\"hr\",\"potentialAction\":[{\"@type\":\"ReadAction\",\"target\":[\"https:\\\/\\\/radioljubuski.ba\\\/index.php\\\/2021\\\/07\\\/01\\\/picula-ono-sto-vrijedi-u-slucaju-valonaca-flamanaca-ali-i-njemacke-zajednice-u-belgiji-nije-pred-ocima-zagovornika-unitarnoga-uredenja-bih\\\/\"]}]},{\"@type\":\"ImageObject\",\"inLanguage\":\"hr\",\"@id\":\"https:\\\/\\\/radioljubuski.ba\\\/index.php\\\/2021\\\/07\\\/01\\\/picula-ono-sto-vrijedi-u-slucaju-valonaca-flamanaca-ali-i-njemacke-zajednice-u-belgiji-nije-pred-ocima-zagovornika-unitarnoga-uredenja-bih\\\/#primaryimage\",\"url\":\"https:\\\/\\\/radioljubuski.ba\\\/wp-content\\\/uploads\\\/2021\\\/03\\\/picula-ep.jpg\",\"contentUrl\":\"https:\\\/\\\/radioljubuski.ba\\\/wp-content\\\/uploads\\\/2021\\\/03\\\/picula-ep.jpg\",\"width\":1010,\"height\":577},{\"@type\":\"BreadcrumbList\",\"@id\":\"https:\\\/\\\/radioljubuski.ba\\\/index.php\\\/2021\\\/07\\\/01\\\/picula-ono-sto-vrijedi-u-slucaju-valonaca-flamanaca-ali-i-njemacke-zajednice-u-belgiji-nije-pred-ocima-zagovornika-unitarnoga-uredenja-bih\\\/#breadcrumb\",\"itemListElement\":[{\"@type\":\"ListItem\",\"position\":1,\"name\":\"Po\u010detna stranica\",\"item\":\"https:\\\/\\\/radioljubuski.ba\\\/\"},{\"@type\":\"ListItem\",\"position\":2,\"name\":\"Picula: Ono \u0161to vrijedi u slu\u010daju Valonaca, Flamanaca, ali i njema\u010dke zajednice u Belgiji, nije pred o\u010dima zagovornika unitarnoga ure\u0111enja BiH\"}]},{\"@type\":\"WebSite\",\"@id\":\"https:\\\/\\\/radioljubuski.ba\\\/#website\",\"url\":\"https:\\\/\\\/radioljubuski.ba\\\/\",\"name\":\"Radio Ljubu\u0161ki\",\"description\":\"Sun\u010dana frekvencija Hercegovine\",\"publisher\":{\"@id\":\"https:\\\/\\\/radioljubuski.ba\\\/#organization\"},\"potentialAction\":[{\"@type\":\"SearchAction\",\"target\":{\"@type\":\"EntryPoint\",\"urlTemplate\":\"https:\\\/\\\/radioljubuski.ba\\\/?s={search_term_string}\"},\"query-input\":{\"@type\":\"PropertyValueSpecification\",\"valueRequired\":true,\"valueName\":\"search_term_string\"}}],\"inLanguage\":\"hr\"},{\"@type\":\"Organization\",\"@id\":\"https:\\\/\\\/radioljubuski.ba\\\/#organization\",\"name\":\"Radio Ljubu\u0161ki\",\"url\":\"https:\\\/\\\/radioljubuski.ba\\\/\",\"logo\":{\"@type\":\"ImageObject\",\"inLanguage\":\"hr\",\"@id\":\"https:\\\/\\\/radioljubuski.ba\\\/#\\\/schema\\\/logo\\\/image\\\/\",\"url\":\"https:\\\/\\\/radioljubuski.ba\\\/wp-content\\\/uploads\\\/2021\\\/02\\\/cropped-Radio_Ljubuski_logo1.jpg\",\"contentUrl\":\"https:\\\/\\\/radioljubuski.ba\\\/wp-content\\\/uploads\\\/2021\\\/02\\\/cropped-Radio_Ljubuski_logo1.jpg\",\"width\":512,\"height\":512,\"caption\":\"Radio Ljubu\u0161ki\"},\"image\":{\"@id\":\"https:\\\/\\\/radioljubuski.ba\\\/#\\\/schema\\\/logo\\\/image\\\/\"},\"sameAs\":[\"https:\\\/\\\/www.facebook.com\\\/Radiio-Ljubuski-1490835324566332\",\"https:\\\/\\\/x.com\\\/radioljubuski\",\"https:\\\/\\\/hr.linkedin.com\\\/company\\\/radio-ljubuski\",\"https:\\\/\\\/www.youtube.com\\\/channel\\\/UCHYaeO_n0Db3tjNGudGpXyw\"]},{\"@type\":\"Person\",\"@id\":\"https:\\\/\\\/radioljubuski.ba\\\/#\\\/schema\\\/person\\\/19fc700381a780f69665d7956c469e3b\",\"name\":\"Radio Ljubu\u0161ki\"}]}<\/script>\n<!-- \/ Yoast SEO plugin. -->","yoast_head_json":{"title":"Picula: Ono \u0161to vrijedi u slu\u010daju Valonaca, Flamanaca, ali i njema\u010dke zajednice u Belgiji, nije pred o\u010dima zagovornika unitarnoga ure\u0111enja BiH - RADIO LJUBU\u0160KI","robots":{"index":"index","follow":"follow","max-snippet":"max-snippet:-1","max-image-preview":"max-image-preview:large","max-video-preview":"max-video-preview:-1"},"canonical":"https:\/\/radioljubuski.ba\/index.php\/2021\/07\/01\/picula-ono-sto-vrijedi-u-slucaju-valonaca-flamanaca-ali-i-njemacke-zajednice-u-belgiji-nije-pred-ocima-zagovornika-unitarnoga-uredenja-bih\/","og_locale":"hr_HR","og_type":"article","og_title":"Picula: Ono \u0161to vrijedi u slu\u010daju Valonaca, Flamanaca, ali i njema\u010dke zajednice u Belgiji, nije pred o\u010dima zagovornika unitarnoga ure\u0111enja BiH - RADIO LJUBU\u0160KI","og_description":"U rezoluciji koja je usvojena, nagla\u0161ava se da bilo kakvi rezultati u BiH ovise isklju\u010divo o politi\u010dkoj volji i predanosti politi\u010dkih \u010delnika i institucija te zemlje. Izvjestitelj dodaje kako EU treba biti na raspolaganju dapomogne unutarnji dijalog koji bi omogu\u0107io BiH da dobije status kandidatkinje za \u010dlanstvo u EU. Po mom mi\u0161ljenju, ustavne reforme i [&hellip;]","og_url":"https:\/\/radioljubuski.ba\/index.php\/2021\/07\/01\/picula-ono-sto-vrijedi-u-slucaju-valonaca-flamanaca-ali-i-njemacke-zajednice-u-belgiji-nije-pred-ocima-zagovornika-unitarnoga-uredenja-bih\/","og_site_name":"RADIO LJUBU\u0160KI","article_publisher":"https:\/\/www.facebook.com\/Radiio-Ljubuski-1490835324566332","article_published_time":"2021-07-01T08:11:34+00:00","article_modified_time":"2021-07-01T08:11:36+00:00","og_image":[{"width":1010,"height":577,"url":"https:\/\/radioljubuski.ba\/wp-content\/uploads\/2021\/03\/picula-ep.jpg","type":"image\/jpeg"}],"author":"Radio Ljubu\u0161ki","twitter_card":"summary_large_image","twitter_creator":"@radioljubuski","twitter_site":"@radioljubuski","twitter_misc":{"Napisao\/la":"Radio Ljubu\u0161ki","Procijenjeno vrijeme \u010ditanja":"4 minute"},"schema":{"@context":"https:\/\/schema.org","@graph":[{"@type":"Article","@id":"https:\/\/radioljubuski.ba\/index.php\/2021\/07\/01\/picula-ono-sto-vrijedi-u-slucaju-valonaca-flamanaca-ali-i-njemacke-zajednice-u-belgiji-nije-pred-ocima-zagovornika-unitarnoga-uredenja-bih\/#article","isPartOf":{"@id":"https:\/\/radioljubuski.ba\/index.php\/2021\/07\/01\/picula-ono-sto-vrijedi-u-slucaju-valonaca-flamanaca-ali-i-njemacke-zajednice-u-belgiji-nije-pred-ocima-zagovornika-unitarnoga-uredenja-bih\/"},"author":{"name":"Radio Ljubu\u0161ki","@id":"https:\/\/radioljubuski.ba\/#\/schema\/person\/19fc700381a780f69665d7956c469e3b"},"headline":"Picula: Ono \u0161to vrijedi u slu\u010daju Valonaca, Flamanaca, ali i njema\u010dke zajednice u Belgiji, nije pred o\u010dima zagovornika unitarnoga ure\u0111enja BiH","datePublished":"2021-07-01T08:11:34+00:00","dateModified":"2021-07-01T08:11:36+00:00","mainEntityOfPage":{"@id":"https:\/\/radioljubuski.ba\/index.php\/2021\/07\/01\/picula-ono-sto-vrijedi-u-slucaju-valonaca-flamanaca-ali-i-njemacke-zajednice-u-belgiji-nije-pred-ocima-zagovornika-unitarnoga-uredenja-bih\/"},"wordCount":859,"publisher":{"@id":"https:\/\/radioljubuski.ba\/#organization"},"image":{"@id":"https:\/\/radioljubuski.ba\/index.php\/2021\/07\/01\/picula-ono-sto-vrijedi-u-slucaju-valonaca-flamanaca-ali-i-njemacke-zajednice-u-belgiji-nije-pred-ocima-zagovornika-unitarnoga-uredenja-bih\/#primaryimage"},"thumbnailUrl":"https:\/\/radioljubuski.ba\/wp-content\/uploads\/2021\/03\/picula-ep.jpg","articleSection":["BIH i regija"],"inLanguage":"hr"},{"@type":"WebPage","@id":"https:\/\/radioljubuski.ba\/index.php\/2021\/07\/01\/picula-ono-sto-vrijedi-u-slucaju-valonaca-flamanaca-ali-i-njemacke-zajednice-u-belgiji-nije-pred-ocima-zagovornika-unitarnoga-uredenja-bih\/","url":"https:\/\/radioljubuski.ba\/index.php\/2021\/07\/01\/picula-ono-sto-vrijedi-u-slucaju-valonaca-flamanaca-ali-i-njemacke-zajednice-u-belgiji-nije-pred-ocima-zagovornika-unitarnoga-uredenja-bih\/","name":"Picula: Ono \u0161to vrijedi u slu\u010daju Valonaca, Flamanaca, ali i njema\u010dke zajednice u Belgiji, nije pred o\u010dima zagovornika unitarnoga ure\u0111enja BiH - RADIO LJUBU\u0160KI","isPartOf":{"@id":"https:\/\/radioljubuski.ba\/#website"},"primaryImageOfPage":{"@id":"https:\/\/radioljubuski.ba\/index.php\/2021\/07\/01\/picula-ono-sto-vrijedi-u-slucaju-valonaca-flamanaca-ali-i-njemacke-zajednice-u-belgiji-nije-pred-ocima-zagovornika-unitarnoga-uredenja-bih\/#primaryimage"},"image":{"@id":"https:\/\/radioljubuski.ba\/index.php\/2021\/07\/01\/picula-ono-sto-vrijedi-u-slucaju-valonaca-flamanaca-ali-i-njemacke-zajednice-u-belgiji-nije-pred-ocima-zagovornika-unitarnoga-uredenja-bih\/#primaryimage"},"thumbnailUrl":"https:\/\/radioljubuski.ba\/wp-content\/uploads\/2021\/03\/picula-ep.jpg","datePublished":"2021-07-01T08:11:34+00:00","dateModified":"2021-07-01T08:11:36+00:00","breadcrumb":{"@id":"https:\/\/radioljubuski.ba\/index.php\/2021\/07\/01\/picula-ono-sto-vrijedi-u-slucaju-valonaca-flamanaca-ali-i-njemacke-zajednice-u-belgiji-nije-pred-ocima-zagovornika-unitarnoga-uredenja-bih\/#breadcrumb"},"inLanguage":"hr","potentialAction":[{"@type":"ReadAction","target":["https:\/\/radioljubuski.ba\/index.php\/2021\/07\/01\/picula-ono-sto-vrijedi-u-slucaju-valonaca-flamanaca-ali-i-njemacke-zajednice-u-belgiji-nije-pred-ocima-zagovornika-unitarnoga-uredenja-bih\/"]}]},{"@type":"ImageObject","inLanguage":"hr","@id":"https:\/\/radioljubuski.ba\/index.php\/2021\/07\/01\/picula-ono-sto-vrijedi-u-slucaju-valonaca-flamanaca-ali-i-njemacke-zajednice-u-belgiji-nije-pred-ocima-zagovornika-unitarnoga-uredenja-bih\/#primaryimage","url":"https:\/\/radioljubuski.ba\/wp-content\/uploads\/2021\/03\/picula-ep.jpg","contentUrl":"https:\/\/radioljubuski.ba\/wp-content\/uploads\/2021\/03\/picula-ep.jpg","width":1010,"height":577},{"@type":"BreadcrumbList","@id":"https:\/\/radioljubuski.ba\/index.php\/2021\/07\/01\/picula-ono-sto-vrijedi-u-slucaju-valonaca-flamanaca-ali-i-njemacke-zajednice-u-belgiji-nije-pred-ocima-zagovornika-unitarnoga-uredenja-bih\/#breadcrumb","itemListElement":[{"@type":"ListItem","position":1,"name":"Po\u010detna stranica","item":"https:\/\/radioljubuski.ba\/"},{"@type":"ListItem","position":2,"name":"Picula: Ono \u0161to vrijedi u slu\u010daju Valonaca, Flamanaca, ali i njema\u010dke zajednice u Belgiji, nije pred o\u010dima zagovornika unitarnoga ure\u0111enja BiH"}]},{"@type":"WebSite","@id":"https:\/\/radioljubuski.ba\/#website","url":"https:\/\/radioljubuski.ba\/","name":"Radio Ljubu\u0161ki","description":"Sun\u010dana frekvencija Hercegovine","publisher":{"@id":"https:\/\/radioljubuski.ba\/#organization"},"potentialAction":[{"@type":"SearchAction","target":{"@type":"EntryPoint","urlTemplate":"https:\/\/radioljubuski.ba\/?s={search_term_string}"},"query-input":{"@type":"PropertyValueSpecification","valueRequired":true,"valueName":"search_term_string"}}],"inLanguage":"hr"},{"@type":"Organization","@id":"https:\/\/radioljubuski.ba\/#organization","name":"Radio Ljubu\u0161ki","url":"https:\/\/radioljubuski.ba\/","logo":{"@type":"ImageObject","inLanguage":"hr","@id":"https:\/\/radioljubuski.ba\/#\/schema\/logo\/image\/","url":"https:\/\/radioljubuski.ba\/wp-content\/uploads\/2021\/02\/cropped-Radio_Ljubuski_logo1.jpg","contentUrl":"https:\/\/radioljubuski.ba\/wp-content\/uploads\/2021\/02\/cropped-Radio_Ljubuski_logo1.jpg","width":512,"height":512,"caption":"Radio Ljubu\u0161ki"},"image":{"@id":"https:\/\/radioljubuski.ba\/#\/schema\/logo\/image\/"},"sameAs":["https:\/\/www.facebook.com\/Radiio-Ljubuski-1490835324566332","https:\/\/x.com\/radioljubuski","https:\/\/hr.linkedin.com\/company\/radio-ljubuski","https:\/\/www.youtube.com\/channel\/UCHYaeO_n0Db3tjNGudGpXyw"]},{"@type":"Person","@id":"https:\/\/radioljubuski.ba\/#\/schema\/person\/19fc700381a780f69665d7956c469e3b","name":"Radio Ljubu\u0161ki"}]}},"_links":{"self":[{"href":"https:\/\/radioljubuski.ba\/index.php\/wp-json\/wp\/v2\/posts\/37710","targetHints":{"allow":["GET"]}}],"collection":[{"href":"https:\/\/radioljubuski.ba\/index.php\/wp-json\/wp\/v2\/posts"}],"about":[{"href":"https:\/\/radioljubuski.ba\/index.php\/wp-json\/wp\/v2\/types\/post"}],"author":[{"embeddable":true,"href":"https:\/\/radioljubuski.ba\/index.php\/wp-json\/wp\/v2\/users\/2"}],"replies":[{"embeddable":true,"href":"https:\/\/radioljubuski.ba\/index.php\/wp-json\/wp\/v2\/comments?post=37710"}],"version-history":[{"count":1,"href":"https:\/\/radioljubuski.ba\/index.php\/wp-json\/wp\/v2\/posts\/37710\/revisions"}],"predecessor-version":[{"id":37711,"href":"https:\/\/radioljubuski.ba\/index.php\/wp-json\/wp\/v2\/posts\/37710\/revisions\/37711"}],"wp:featuredmedia":[{"embeddable":true,"href":"https:\/\/radioljubuski.ba\/index.php\/wp-json\/wp\/v2\/media\/976"}],"wp:attachment":[{"href":"https:\/\/radioljubuski.ba\/index.php\/wp-json\/wp\/v2\/media?parent=37710"}],"wp:term":[{"taxonomy":"category","embeddable":true,"href":"https:\/\/radioljubuski.ba\/index.php\/wp-json\/wp\/v2\/categories?post=37710"},{"taxonomy":"post_tag","embeddable":true,"href":"https:\/\/radioljubuski.ba\/index.php\/wp-json\/wp\/v2\/tags?post=37710"}],"curies":[{"name":"wp","href":"https:\/\/api.w.org\/{rel}","templated":true}]}}