{"id":37751,"date":"2021-07-01T10:52:08","date_gmt":"2021-07-01T09:52:08","guid":{"rendered":"https:\/\/radioljubuski.ba\/?p=37751"},"modified":"2021-07-01T10:52:10","modified_gmt":"2021-07-01T09:52:10","slug":"1-srpnja-1966-roden-jean-michel-nicolier-vukovarski-simbol-hrabrosti-i-mucenistva","status":"publish","type":"post","link":"https:\/\/radioljubuski.ba\/index.php\/2021\/07\/01\/1-srpnja-1966-roden-jean-michel-nicolier-vukovarski-simbol-hrabrosti-i-mucenistva\/","title":{"rendered":"1. srpnja 1966. ro\u0111en Jean Michel Nicolier \u2013 vukovarski simbol hrabrosti i mu\u010deni\u0161tva"},"content":{"rendered":"\n<p><strong>Na dana\u0161nji dan 1. srpnja 1966. rodio se Jean Michel Nicolier, francuski dragovoljac Domovinskog rata, vukovarski borac i mu\u010denik sa Ov\u010dare. Pogubljen je od srpske vojske u studenom 1991. na Ov\u010dari zajedno sa ostalim ranjenicima, civilima i zarobljenicima vukovarske bolnice.<\/strong><\/p>\n\n\n\n<p>Jean Michel Nicolier do\u0161ao je kao mlad \u010dovjek u ljeto 1991. u obranu golorukog i nenaoru\u017eanog hrvatskog naroda izlo\u017eenog stra\u0161noj agresiji do zuba naoru\u017eane JNA i srpskih \u010detnika. Dragovoljno je oti\u0161ao na najte\u017ee rati\u0161te u Hrvatskoj, grad Vukovar koji se na\u0161ao u okru\u017eenju desetina tisu\u0107a neprijateljskih vojnika. Tamo je bio ranjen i odveden u vukovarsku bolnicu. Nakon okupacije i ru\u0161enja cijelog grada, kao i bolnice, zarobljen je i ubijen sa ostalim zarobljenicima.<\/p>\n\n\n\n<p>Zbog toga Jean Michel Nicolier predstavlja simbol hrabrosti, nesebi\u010dnosti i mu\u010deni\u0161tva Vukovara i njegovih vojnika, kao i svih hrvatskih vojnika Domovinskog rata.<\/p>\n\n\n\n<p><strong>Jean Michel Nicolier \u2013 ratni put i posljednji intervju<\/strong><\/p>\n\n\n\n<p>Jean-Michel Nicolier rodio se u Vesoulu u Francuskoj. U kolovozu 1991. pristupio je redovima HOS-a u Meja\u0161kom Selu, op\u0107ina Barilovi\u0107 kod Duge Rese, s kojima je kasnije dragovoljno oti\u0161ao braniti Hrvatsku i to u grad Vukovar. Sam je rekao da je bio potaknut televizijskim snimkama u Francuskoj koje su prikazivale svu tragediju pred kojom se na\u0161ao hrvatski narod.<\/p>\n\n\n\n<p>Bio je mlad i neiskusan u ratovanju kao i ve\u0107ina hrvatskih vojnika u to vrijeme, ali se pokazao vrlo dobrim i hrabrim bojovnikom koji nije odstupao u borbi. Jean-Michel ratovao je na Sajmi\u0161tu u svakodnevnim borbama prsa o prsa, a ranjen je\u00a09. studenoga.\u00a0Nakon pada Vukovara i ulaska\u00a0JNA\u00a0u\u00a0Op\u0107u bolnicu Vukovar, a usprkos potpisanom sporazumu da JNA ne\u0107e ulaziti u bolnicu, odveden je zajedno s ostalim ranjenicima, bolesnicima, medicinskim osobljem i civilima u nepoznatom smjeru.\u00a0Pogubljen je u masakru na\u00a0Ov\u010dari, vjerojatno u no\u0107i s 20. na 21. studenoga 1991. godine.<\/p>\n\n\n\n<figure class=\"wp-block-embed is-type-video is-provider-youtube wp-block-embed-youtube wp-embed-aspect-4-3 wp-has-aspect-ratio\"><div class=\"wp-block-embed__wrapper\">\n<iframe loading=\"lazy\" title=\"Jean-Michel Nicolier - Francuski dragovoljac u Vukovaru u postrojbi HOS-a - by Kutina12\" width=\"640\" height=\"480\" src=\"https:\/\/www.youtube.com\/embed\/bXlxyQznCgQ?feature=oembed\" frameborder=\"0\" allow=\"accelerometer; autoplay; clipboard-write; encrypted-media; gyroscope; picture-in-picture; web-share\" referrerpolicy=\"strict-origin-when-cross-origin\" allowfullscreen><\/iframe>\n<\/div><\/figure>\n\n\n\n<p>U podrumu vukovarske bolnice nekoliko sati pred smrt dao je kratki intervju francuskim reporterima. Njegove rije\u010di rekle su sve o mladom hrvatskom Francuzu i hrvatskoj borbi za slobodu:<\/p>\n\n\n\n<p>\u201cIzgubio sam previ\u0161e prijatelja, vidio sam previ\u0161e ljudi kako pla\u010du, previ\u0161e patnji. Vi\u0161e su mi puta predlo\u017eili da iza\u0111em iz Vukovara i vratim se u Francusku, ali ja sam ostao. Izgubili smo. Znao sam da \u0107e biti te\u0161ko, ali nisam mislio da \u0107e biti tako stra\u0161no, osobito za civile. Ja sam kao dragovoljac do\u0161ao u Vukovar. To je moj izbor, i u dobru i u zlu.&nbsp;Za\u0161to kao dragovoljac?&nbsp;Jer mislim da im treba pomo\u0107i. Zbog toga sam izabrao njihovu stranu.&nbsp;\u0160to za vas zapravo simbolizira Vukovar?&nbsp;Klaonicu. Klaonicu. Klaonicu.\u201d<\/p>\n\n\n\n<p><strong>Jean-Michel jo\u0161 uvijek tra\u017ei grobnicu i mjesto mira<\/strong><\/p>\n\n\n\n<p>Jo\u0161 uvijek se ne zna gdje su pokopani njegovi posmrtni ostatci jer su tijela iz skupne grobnice prijeko puta hangara na Ov\u010dari odvezena na nepoznato mjesto.<\/p>\n\n\n\n<p>U povijesnom romanu Nevenke Neki\u0107 o sudbini mladog Francuza \u201eJean ili miris smrti\u201c zapisane su slijede\u0107e rije\u010di koje duboko odra\u017eavaju svu tragiku Jean-Michel Nicoliera, ali i tisu\u0107a hrvatskih vojnika i civila svih ratova 20. stolje\u0107a \u010dije kosti le\u017ee nepokopane diljem hrvatskih polja i livada, te \u010dekaju na posljednji ispra\u0107aj dostojan \u010dovjeka:<\/p>\n\n\n\n<p><em>Ako na\u0111e\u0161 grob na zaboravljenu rubu srijemskoga polja, nedaleko Dunava, na\u0107i \u0107e\u0161 \u010darobni klju\u010d jednog sna. Otklju\u010daj ga i u\u0111i u nj. Samo pjesnik i junak mogu od oranice stvoriti domovinu. (Nevenka Neki\u0107, 2012.)<\/em><\/p>\n\n\n\n<p><em>Izvor: narod.hr<\/em><\/p>\n","protected":false},"excerpt":{"rendered":"<p>Na dana\u0161nji dan 1. srpnja 1966. rodio se Jean Michel Nicolier, francuski dragovoljac Domovinskog rata, vukovarski borac i mu\u010denik sa Ov\u010dare. Pogubljen je od srpske vojske u studenom 1991. na Ov\u010dari zajedno sa ostalim ranjenicima, civilima i zarobljenicima vukovarske bolnice. Jean Michel Nicolier do\u0161ao je kao mlad \u010dovjek u ljeto 1991. u obranu golorukog i [&hellip;]<\/p>\n","protected":false},"author":2,"featured_media":37752,"comment_status":"closed","ping_status":"closed","sticky":false,"template":"","format":"standard","meta":{"h5ap_radio_sources":[],"footnotes":""},"categories":[1],"tags":[],"class_list":["post-37751","post","type-post","status-publish","format-standard","has-post-thumbnail","hentry","category-bihiregija"],"yoast_head":"<!-- This site is optimized with the Yoast SEO plugin v27.5 - https:\/\/yoast.com\/product\/yoast-seo-wordpress\/ -->\n<title>1. srpnja 1966. ro\u0111en Jean Michel Nicolier \u2013 vukovarski simbol hrabrosti i mu\u010deni\u0161tva - RADIO LJUBU\u0160KI<\/title>\n<meta name=\"robots\" content=\"index, follow, max-snippet:-1, max-image-preview:large, max-video-preview:-1\" \/>\n<link rel=\"canonical\" href=\"https:\/\/radioljubuski.ba\/index.php\/2021\/07\/01\/1-srpnja-1966-roden-jean-michel-nicolier-vukovarski-simbol-hrabrosti-i-mucenistva\/\" \/>\n<meta property=\"og:locale\" content=\"hr_HR\" \/>\n<meta property=\"og:type\" content=\"article\" \/>\n<meta property=\"og:title\" content=\"1. srpnja 1966. ro\u0111en Jean Michel Nicolier \u2013 vukovarski simbol hrabrosti i mu\u010deni\u0161tva - RADIO LJUBU\u0160KI\" \/>\n<meta property=\"og:description\" content=\"Na dana\u0161nji dan 1. srpnja 1966. rodio se Jean Michel Nicolier, francuski dragovoljac Domovinskog rata, vukovarski borac i mu\u010denik sa Ov\u010dare. Pogubljen je od srpske vojske u studenom 1991. na Ov\u010dari zajedno sa ostalim ranjenicima, civilima i zarobljenicima vukovarske bolnice. Jean Michel Nicolier do\u0161ao je kao mlad \u010dovjek u ljeto 1991. u obranu golorukog i [&hellip;]\" \/>\n<meta property=\"og:url\" content=\"https:\/\/radioljubuski.ba\/index.php\/2021\/07\/01\/1-srpnja-1966-roden-jean-michel-nicolier-vukovarski-simbol-hrabrosti-i-mucenistva\/\" \/>\n<meta property=\"og:site_name\" content=\"RADIO LJUBU\u0160KI\" \/>\n<meta property=\"article:publisher\" content=\"https:\/\/www.facebook.com\/Radiio-Ljubuski-1490835324566332\" \/>\n<meta property=\"article:published_time\" content=\"2021-07-01T09:52:08+00:00\" \/>\n<meta property=\"article:modified_time\" content=\"2021-07-01T09:52:10+00:00\" \/>\n<meta property=\"og:image\" content=\"https:\/\/radioljubuski.ba\/wp-content\/uploads\/2021\/07\/Jean-Michel_Nicolier-696x392-1.jpeg\" \/>\n\t<meta property=\"og:image:width\" content=\"696\" \/>\n\t<meta property=\"og:image:height\" content=\"392\" \/>\n\t<meta property=\"og:image:type\" content=\"image\/jpeg\" \/>\n<meta name=\"author\" content=\"Radio Ljubu\u0161ki\" \/>\n<meta name=\"twitter:card\" content=\"summary_large_image\" \/>\n<meta name=\"twitter:creator\" content=\"@radioljubuski\" \/>\n<meta name=\"twitter:site\" content=\"@radioljubuski\" \/>\n<meta name=\"twitter:label1\" content=\"Napisao\/la\" \/>\n\t<meta name=\"twitter:data1\" content=\"Radio Ljubu\u0161ki\" \/>\n\t<meta name=\"twitter:label2\" content=\"Procijenjeno vrijeme \u010ditanja\" \/>\n\t<meta name=\"twitter:data2\" content=\"3 minute\" \/>\n<script type=\"application\/ld+json\" class=\"yoast-schema-graph\">{\"@context\":\"https:\\\/\\\/schema.org\",\"@graph\":[{\"@type\":\"Article\",\"@id\":\"https:\\\/\\\/radioljubuski.ba\\\/index.php\\\/2021\\\/07\\\/01\\\/1-srpnja-1966-roden-jean-michel-nicolier-vukovarski-simbol-hrabrosti-i-mucenistva\\\/#article\",\"isPartOf\":{\"@id\":\"https:\\\/\\\/radioljubuski.ba\\\/index.php\\\/2021\\\/07\\\/01\\\/1-srpnja-1966-roden-jean-michel-nicolier-vukovarski-simbol-hrabrosti-i-mucenistva\\\/\"},\"author\":{\"name\":\"Radio Ljubu\u0161ki\",\"@id\":\"https:\\\/\\\/radioljubuski.ba\\\/#\\\/schema\\\/person\\\/19fc700381a780f69665d7956c469e3b\"},\"headline\":\"1. srpnja 1966. ro\u0111en Jean Michel Nicolier \u2013 vukovarski simbol hrabrosti i mu\u010deni\u0161tva\",\"datePublished\":\"2021-07-01T09:52:08+00:00\",\"dateModified\":\"2021-07-01T09:52:10+00:00\",\"mainEntityOfPage\":{\"@id\":\"https:\\\/\\\/radioljubuski.ba\\\/index.php\\\/2021\\\/07\\\/01\\\/1-srpnja-1966-roden-jean-michel-nicolier-vukovarski-simbol-hrabrosti-i-mucenistva\\\/\"},\"wordCount\":602,\"publisher\":{\"@id\":\"https:\\\/\\\/radioljubuski.ba\\\/#organization\"},\"image\":{\"@id\":\"https:\\\/\\\/radioljubuski.ba\\\/index.php\\\/2021\\\/07\\\/01\\\/1-srpnja-1966-roden-jean-michel-nicolier-vukovarski-simbol-hrabrosti-i-mucenistva\\\/#primaryimage\"},\"thumbnailUrl\":\"https:\\\/\\\/radioljubuski.ba\\\/wp-content\\\/uploads\\\/2021\\\/07\\\/Jean-Michel_Nicolier-696x392-1.jpeg\",\"articleSection\":[\"BIH i regija\"],\"inLanguage\":\"hr\"},{\"@type\":\"WebPage\",\"@id\":\"https:\\\/\\\/radioljubuski.ba\\\/index.php\\\/2021\\\/07\\\/01\\\/1-srpnja-1966-roden-jean-michel-nicolier-vukovarski-simbol-hrabrosti-i-mucenistva\\\/\",\"url\":\"https:\\\/\\\/radioljubuski.ba\\\/index.php\\\/2021\\\/07\\\/01\\\/1-srpnja-1966-roden-jean-michel-nicolier-vukovarski-simbol-hrabrosti-i-mucenistva\\\/\",\"name\":\"1. srpnja 1966. ro\u0111en Jean Michel Nicolier \u2013 vukovarski simbol hrabrosti i mu\u010deni\u0161tva - RADIO LJUBU\u0160KI\",\"isPartOf\":{\"@id\":\"https:\\\/\\\/radioljubuski.ba\\\/#website\"},\"primaryImageOfPage\":{\"@id\":\"https:\\\/\\\/radioljubuski.ba\\\/index.php\\\/2021\\\/07\\\/01\\\/1-srpnja-1966-roden-jean-michel-nicolier-vukovarski-simbol-hrabrosti-i-mucenistva\\\/#primaryimage\"},\"image\":{\"@id\":\"https:\\\/\\\/radioljubuski.ba\\\/index.php\\\/2021\\\/07\\\/01\\\/1-srpnja-1966-roden-jean-michel-nicolier-vukovarski-simbol-hrabrosti-i-mucenistva\\\/#primaryimage\"},\"thumbnailUrl\":\"https:\\\/\\\/radioljubuski.ba\\\/wp-content\\\/uploads\\\/2021\\\/07\\\/Jean-Michel_Nicolier-696x392-1.jpeg\",\"datePublished\":\"2021-07-01T09:52:08+00:00\",\"dateModified\":\"2021-07-01T09:52:10+00:00\",\"breadcrumb\":{\"@id\":\"https:\\\/\\\/radioljubuski.ba\\\/index.php\\\/2021\\\/07\\\/01\\\/1-srpnja-1966-roden-jean-michel-nicolier-vukovarski-simbol-hrabrosti-i-mucenistva\\\/#breadcrumb\"},\"inLanguage\":\"hr\",\"potentialAction\":[{\"@type\":\"ReadAction\",\"target\":[\"https:\\\/\\\/radioljubuski.ba\\\/index.php\\\/2021\\\/07\\\/01\\\/1-srpnja-1966-roden-jean-michel-nicolier-vukovarski-simbol-hrabrosti-i-mucenistva\\\/\"]}]},{\"@type\":\"ImageObject\",\"inLanguage\":\"hr\",\"@id\":\"https:\\\/\\\/radioljubuski.ba\\\/index.php\\\/2021\\\/07\\\/01\\\/1-srpnja-1966-roden-jean-michel-nicolier-vukovarski-simbol-hrabrosti-i-mucenistva\\\/#primaryimage\",\"url\":\"https:\\\/\\\/radioljubuski.ba\\\/wp-content\\\/uploads\\\/2021\\\/07\\\/Jean-Michel_Nicolier-696x392-1.jpeg\",\"contentUrl\":\"https:\\\/\\\/radioljubuski.ba\\\/wp-content\\\/uploads\\\/2021\\\/07\\\/Jean-Michel_Nicolier-696x392-1.jpeg\",\"width\":696,\"height\":392},{\"@type\":\"BreadcrumbList\",\"@id\":\"https:\\\/\\\/radioljubuski.ba\\\/index.php\\\/2021\\\/07\\\/01\\\/1-srpnja-1966-roden-jean-michel-nicolier-vukovarski-simbol-hrabrosti-i-mucenistva\\\/#breadcrumb\",\"itemListElement\":[{\"@type\":\"ListItem\",\"position\":1,\"name\":\"Po\u010detna stranica\",\"item\":\"https:\\\/\\\/radioljubuski.ba\\\/\"},{\"@type\":\"ListItem\",\"position\":2,\"name\":\"1. srpnja 1966. ro\u0111en Jean Michel Nicolier \u2013 vukovarski simbol hrabrosti i mu\u010deni\u0161tva\"}]},{\"@type\":\"WebSite\",\"@id\":\"https:\\\/\\\/radioljubuski.ba\\\/#website\",\"url\":\"https:\\\/\\\/radioljubuski.ba\\\/\",\"name\":\"Radio Ljubu\u0161ki\",\"description\":\"Sun\u010dana frekvencija Hercegovine\",\"publisher\":{\"@id\":\"https:\\\/\\\/radioljubuski.ba\\\/#organization\"},\"potentialAction\":[{\"@type\":\"SearchAction\",\"target\":{\"@type\":\"EntryPoint\",\"urlTemplate\":\"https:\\\/\\\/radioljubuski.ba\\\/?s={search_term_string}\"},\"query-input\":{\"@type\":\"PropertyValueSpecification\",\"valueRequired\":true,\"valueName\":\"search_term_string\"}}],\"inLanguage\":\"hr\"},{\"@type\":\"Organization\",\"@id\":\"https:\\\/\\\/radioljubuski.ba\\\/#organization\",\"name\":\"Radio Ljubu\u0161ki\",\"url\":\"https:\\\/\\\/radioljubuski.ba\\\/\",\"logo\":{\"@type\":\"ImageObject\",\"inLanguage\":\"hr\",\"@id\":\"https:\\\/\\\/radioljubuski.ba\\\/#\\\/schema\\\/logo\\\/image\\\/\",\"url\":\"https:\\\/\\\/radioljubuski.ba\\\/wp-content\\\/uploads\\\/2021\\\/02\\\/cropped-Radio_Ljubuski_logo1.jpg\",\"contentUrl\":\"https:\\\/\\\/radioljubuski.ba\\\/wp-content\\\/uploads\\\/2021\\\/02\\\/cropped-Radio_Ljubuski_logo1.jpg\",\"width\":512,\"height\":512,\"caption\":\"Radio Ljubu\u0161ki\"},\"image\":{\"@id\":\"https:\\\/\\\/radioljubuski.ba\\\/#\\\/schema\\\/logo\\\/image\\\/\"},\"sameAs\":[\"https:\\\/\\\/www.facebook.com\\\/Radiio-Ljubuski-1490835324566332\",\"https:\\\/\\\/x.com\\\/radioljubuski\",\"https:\\\/\\\/hr.linkedin.com\\\/company\\\/radio-ljubuski\",\"https:\\\/\\\/www.youtube.com\\\/channel\\\/UCHYaeO_n0Db3tjNGudGpXyw\"]},{\"@type\":\"Person\",\"@id\":\"https:\\\/\\\/radioljubuski.ba\\\/#\\\/schema\\\/person\\\/19fc700381a780f69665d7956c469e3b\",\"name\":\"Radio Ljubu\u0161ki\"}]}<\/script>\n<!-- \/ Yoast SEO plugin. -->","yoast_head_json":{"title":"1. srpnja 1966. ro\u0111en Jean Michel Nicolier \u2013 vukovarski simbol hrabrosti i mu\u010deni\u0161tva - RADIO LJUBU\u0160KI","robots":{"index":"index","follow":"follow","max-snippet":"max-snippet:-1","max-image-preview":"max-image-preview:large","max-video-preview":"max-video-preview:-1"},"canonical":"https:\/\/radioljubuski.ba\/index.php\/2021\/07\/01\/1-srpnja-1966-roden-jean-michel-nicolier-vukovarski-simbol-hrabrosti-i-mucenistva\/","og_locale":"hr_HR","og_type":"article","og_title":"1. srpnja 1966. ro\u0111en Jean Michel Nicolier \u2013 vukovarski simbol hrabrosti i mu\u010deni\u0161tva - RADIO LJUBU\u0160KI","og_description":"Na dana\u0161nji dan 1. srpnja 1966. rodio se Jean Michel Nicolier, francuski dragovoljac Domovinskog rata, vukovarski borac i mu\u010denik sa Ov\u010dare. Pogubljen je od srpske vojske u studenom 1991. na Ov\u010dari zajedno sa ostalim ranjenicima, civilima i zarobljenicima vukovarske bolnice. Jean Michel Nicolier do\u0161ao je kao mlad \u010dovjek u ljeto 1991. u obranu golorukog i [&hellip;]","og_url":"https:\/\/radioljubuski.ba\/index.php\/2021\/07\/01\/1-srpnja-1966-roden-jean-michel-nicolier-vukovarski-simbol-hrabrosti-i-mucenistva\/","og_site_name":"RADIO LJUBU\u0160KI","article_publisher":"https:\/\/www.facebook.com\/Radiio-Ljubuski-1490835324566332","article_published_time":"2021-07-01T09:52:08+00:00","article_modified_time":"2021-07-01T09:52:10+00:00","og_image":[{"width":696,"height":392,"url":"https:\/\/radioljubuski.ba\/wp-content\/uploads\/2021\/07\/Jean-Michel_Nicolier-696x392-1.jpeg","type":"image\/jpeg"}],"author":"Radio Ljubu\u0161ki","twitter_card":"summary_large_image","twitter_creator":"@radioljubuski","twitter_site":"@radioljubuski","twitter_misc":{"Napisao\/la":"Radio Ljubu\u0161ki","Procijenjeno vrijeme \u010ditanja":"3 minute"},"schema":{"@context":"https:\/\/schema.org","@graph":[{"@type":"Article","@id":"https:\/\/radioljubuski.ba\/index.php\/2021\/07\/01\/1-srpnja-1966-roden-jean-michel-nicolier-vukovarski-simbol-hrabrosti-i-mucenistva\/#article","isPartOf":{"@id":"https:\/\/radioljubuski.ba\/index.php\/2021\/07\/01\/1-srpnja-1966-roden-jean-michel-nicolier-vukovarski-simbol-hrabrosti-i-mucenistva\/"},"author":{"name":"Radio Ljubu\u0161ki","@id":"https:\/\/radioljubuski.ba\/#\/schema\/person\/19fc700381a780f69665d7956c469e3b"},"headline":"1. srpnja 1966. ro\u0111en Jean Michel Nicolier \u2013 vukovarski simbol hrabrosti i mu\u010deni\u0161tva","datePublished":"2021-07-01T09:52:08+00:00","dateModified":"2021-07-01T09:52:10+00:00","mainEntityOfPage":{"@id":"https:\/\/radioljubuski.ba\/index.php\/2021\/07\/01\/1-srpnja-1966-roden-jean-michel-nicolier-vukovarski-simbol-hrabrosti-i-mucenistva\/"},"wordCount":602,"publisher":{"@id":"https:\/\/radioljubuski.ba\/#organization"},"image":{"@id":"https:\/\/radioljubuski.ba\/index.php\/2021\/07\/01\/1-srpnja-1966-roden-jean-michel-nicolier-vukovarski-simbol-hrabrosti-i-mucenistva\/#primaryimage"},"thumbnailUrl":"https:\/\/radioljubuski.ba\/wp-content\/uploads\/2021\/07\/Jean-Michel_Nicolier-696x392-1.jpeg","articleSection":["BIH i regija"],"inLanguage":"hr"},{"@type":"WebPage","@id":"https:\/\/radioljubuski.ba\/index.php\/2021\/07\/01\/1-srpnja-1966-roden-jean-michel-nicolier-vukovarski-simbol-hrabrosti-i-mucenistva\/","url":"https:\/\/radioljubuski.ba\/index.php\/2021\/07\/01\/1-srpnja-1966-roden-jean-michel-nicolier-vukovarski-simbol-hrabrosti-i-mucenistva\/","name":"1. srpnja 1966. ro\u0111en Jean Michel Nicolier \u2013 vukovarski simbol hrabrosti i mu\u010deni\u0161tva - RADIO LJUBU\u0160KI","isPartOf":{"@id":"https:\/\/radioljubuski.ba\/#website"},"primaryImageOfPage":{"@id":"https:\/\/radioljubuski.ba\/index.php\/2021\/07\/01\/1-srpnja-1966-roden-jean-michel-nicolier-vukovarski-simbol-hrabrosti-i-mucenistva\/#primaryimage"},"image":{"@id":"https:\/\/radioljubuski.ba\/index.php\/2021\/07\/01\/1-srpnja-1966-roden-jean-michel-nicolier-vukovarski-simbol-hrabrosti-i-mucenistva\/#primaryimage"},"thumbnailUrl":"https:\/\/radioljubuski.ba\/wp-content\/uploads\/2021\/07\/Jean-Michel_Nicolier-696x392-1.jpeg","datePublished":"2021-07-01T09:52:08+00:00","dateModified":"2021-07-01T09:52:10+00:00","breadcrumb":{"@id":"https:\/\/radioljubuski.ba\/index.php\/2021\/07\/01\/1-srpnja-1966-roden-jean-michel-nicolier-vukovarski-simbol-hrabrosti-i-mucenistva\/#breadcrumb"},"inLanguage":"hr","potentialAction":[{"@type":"ReadAction","target":["https:\/\/radioljubuski.ba\/index.php\/2021\/07\/01\/1-srpnja-1966-roden-jean-michel-nicolier-vukovarski-simbol-hrabrosti-i-mucenistva\/"]}]},{"@type":"ImageObject","inLanguage":"hr","@id":"https:\/\/radioljubuski.ba\/index.php\/2021\/07\/01\/1-srpnja-1966-roden-jean-michel-nicolier-vukovarski-simbol-hrabrosti-i-mucenistva\/#primaryimage","url":"https:\/\/radioljubuski.ba\/wp-content\/uploads\/2021\/07\/Jean-Michel_Nicolier-696x392-1.jpeg","contentUrl":"https:\/\/radioljubuski.ba\/wp-content\/uploads\/2021\/07\/Jean-Michel_Nicolier-696x392-1.jpeg","width":696,"height":392},{"@type":"BreadcrumbList","@id":"https:\/\/radioljubuski.ba\/index.php\/2021\/07\/01\/1-srpnja-1966-roden-jean-michel-nicolier-vukovarski-simbol-hrabrosti-i-mucenistva\/#breadcrumb","itemListElement":[{"@type":"ListItem","position":1,"name":"Po\u010detna stranica","item":"https:\/\/radioljubuski.ba\/"},{"@type":"ListItem","position":2,"name":"1. srpnja 1966. ro\u0111en Jean Michel Nicolier \u2013 vukovarski simbol hrabrosti i mu\u010deni\u0161tva"}]},{"@type":"WebSite","@id":"https:\/\/radioljubuski.ba\/#website","url":"https:\/\/radioljubuski.ba\/","name":"Radio Ljubu\u0161ki","description":"Sun\u010dana frekvencija Hercegovine","publisher":{"@id":"https:\/\/radioljubuski.ba\/#organization"},"potentialAction":[{"@type":"SearchAction","target":{"@type":"EntryPoint","urlTemplate":"https:\/\/radioljubuski.ba\/?s={search_term_string}"},"query-input":{"@type":"PropertyValueSpecification","valueRequired":true,"valueName":"search_term_string"}}],"inLanguage":"hr"},{"@type":"Organization","@id":"https:\/\/radioljubuski.ba\/#organization","name":"Radio Ljubu\u0161ki","url":"https:\/\/radioljubuski.ba\/","logo":{"@type":"ImageObject","inLanguage":"hr","@id":"https:\/\/radioljubuski.ba\/#\/schema\/logo\/image\/","url":"https:\/\/radioljubuski.ba\/wp-content\/uploads\/2021\/02\/cropped-Radio_Ljubuski_logo1.jpg","contentUrl":"https:\/\/radioljubuski.ba\/wp-content\/uploads\/2021\/02\/cropped-Radio_Ljubuski_logo1.jpg","width":512,"height":512,"caption":"Radio Ljubu\u0161ki"},"image":{"@id":"https:\/\/radioljubuski.ba\/#\/schema\/logo\/image\/"},"sameAs":["https:\/\/www.facebook.com\/Radiio-Ljubuski-1490835324566332","https:\/\/x.com\/radioljubuski","https:\/\/hr.linkedin.com\/company\/radio-ljubuski","https:\/\/www.youtube.com\/channel\/UCHYaeO_n0Db3tjNGudGpXyw"]},{"@type":"Person","@id":"https:\/\/radioljubuski.ba\/#\/schema\/person\/19fc700381a780f69665d7956c469e3b","name":"Radio Ljubu\u0161ki"}]}},"_links":{"self":[{"href":"https:\/\/radioljubuski.ba\/index.php\/wp-json\/wp\/v2\/posts\/37751","targetHints":{"allow":["GET"]}}],"collection":[{"href":"https:\/\/radioljubuski.ba\/index.php\/wp-json\/wp\/v2\/posts"}],"about":[{"href":"https:\/\/radioljubuski.ba\/index.php\/wp-json\/wp\/v2\/types\/post"}],"author":[{"embeddable":true,"href":"https:\/\/radioljubuski.ba\/index.php\/wp-json\/wp\/v2\/users\/2"}],"replies":[{"embeddable":true,"href":"https:\/\/radioljubuski.ba\/index.php\/wp-json\/wp\/v2\/comments?post=37751"}],"version-history":[{"count":1,"href":"https:\/\/radioljubuski.ba\/index.php\/wp-json\/wp\/v2\/posts\/37751\/revisions"}],"predecessor-version":[{"id":37753,"href":"https:\/\/radioljubuski.ba\/index.php\/wp-json\/wp\/v2\/posts\/37751\/revisions\/37753"}],"wp:featuredmedia":[{"embeddable":true,"href":"https:\/\/radioljubuski.ba\/index.php\/wp-json\/wp\/v2\/media\/37752"}],"wp:attachment":[{"href":"https:\/\/radioljubuski.ba\/index.php\/wp-json\/wp\/v2\/media?parent=37751"}],"wp:term":[{"taxonomy":"category","embeddable":true,"href":"https:\/\/radioljubuski.ba\/index.php\/wp-json\/wp\/v2\/categories?post=37751"},{"taxonomy":"post_tag","embeddable":true,"href":"https:\/\/radioljubuski.ba\/index.php\/wp-json\/wp\/v2\/tags?post=37751"}],"curies":[{"name":"wp","href":"https:\/\/api.w.org\/{rel}","templated":true}]}}