{"id":37754,"date":"2021-07-01T10:53:35","date_gmt":"2021-07-01T09:53:35","guid":{"rendered":"https:\/\/radioljubuski.ba\/?p=37754"},"modified":"2021-07-01T10:53:36","modified_gmt":"2021-07-01T09:53:36","slug":"1-srpnja-1992-operacija-tigar-hrvatska-vojska-nize-uspjehe-na-jugu-hrvatske","status":"publish","type":"post","link":"https:\/\/radioljubuski.ba\/index.php\/2021\/07\/01\/1-srpnja-1992-operacija-tigar-hrvatska-vojska-nize-uspjehe-na-jugu-hrvatske\/","title":{"rendered":"1. srpnja 1992. Operacija Tigar \u2013 Hrvatska vojska ni\u017ee uspjehe na jugu Hrvatske!"},"content":{"rendered":"\n<p><strong>Nakon niza uspje\u0161nih akcija na Ju\u017enom boji\u0161tu i Dubrovniku, provedenih tijekom svibnja i lipnja, Hrvatska vojska zapo\u010dela je 1. srpnja operaciju Tigar, koja je zavr\u0161ena 13. srpnja 1992., pi\u0161e <a href=\"https:\/\/daniponosa.hrt.hr\/dani-ponosa\/377\/13-srpnja-1992-operacija-tigar\">hrt.hr<\/a><\/strong><\/p>\n\n\n\n<p>Glavni cilj bio je ovladati visovima iznad Dubrovnika, potisnuti okupatora na ju\u017eni rub Popova polja te uspostaviti polo\u017eaje za osloba\u0111anje Konavala. <strong>Nositelji operacije bile su 1., 2. i 4. gardijska brigada.<\/strong> Najzahtjevniju zada\u0107u imala je 3. bojna 4. brigade koja je vi\u0161e puta napadala Golubov kamen, golemi brdski masiv koji je agresoru omogu\u0107avao kontrolu jedine prometnice prema Dubrovniku.<\/p>\n\n\n\n<p>U te\u0161kim borbama poginulo je 11 pripadnika 4. brigade. 1. brigada uspje\u0161no je osloba\u0111ala prostor od Slanog prema Popovu polju, unato\u010d tomu \u0161to je okupator pru\u017eio \u017eilav otpor na svakoj koti, izvode\u0107i protunapade. Tigrovi su uz gubitke ostvarili ciljeve pri \u010demu se kao vrstan zapovjednik istaknuo<strong>&nbsp;Damir Tomljanovi\u0107 Gavran<\/strong>.<\/p>\n\n\n\n<p>Vrlo zahtjevnu zada\u0107u, uz 10 poginulih pripadnika u te\u0161kim borbama, odradila je 2. brigada Gromovi, koja je zauzela va\u017eno upori\u0161te Ivanicu. Specijalna postrojba Glavnog sto\u017eera, bojna Zrinski, tako\u0111er je imala istaknutu ulogu u akcijama, a napredovanje gardijskih brigada pratile su i osiguravale pri\u010duvne postrojbe. U operaciji Tigar prvi &nbsp;su put djelovali MIG-ovi Hrvatskog ratnog zrakoplovstva.<\/p>\n\n\n\n<p>Oklopni\u0161tvo se posebno iskazalo, ponajvi\u0161e u borbama za selo Uskoplje i Ivanicu. Unato\u010d te\u0161ko prohodnom brdskom terenu zapovjednik oklopne satnije 4. brigade&nbsp;<strong>Andrija Matija\u0161 Pauk<\/strong>&nbsp;organizirao je tenkovski napad trasom stare pruge Uskoplje-Dubrovnik, pri \u010demu su ciljevi ga\u0111ani izravno u pokretu. Tako je razbijen centar neprijateljskog topni\u0161tva \u0161to je omogu\u0107ilo napredovanje 2. i 4. brigade prema Ivanici.<\/p>\n\n\n\n<p>Slijedili su osvetni\u010dki udari topni\u0161tva agresora, ali bez u\u010dinka jer je operacija Tigar samo jedna u nizu mukotrpno odra\u0111enih etapa koje su rezultirale osloba\u0111anjem cijelog dubrova\u010dkog zale\u0111a.<\/p>\n\n\n\n<p><em>Izvor: narod.hr\/hrt<\/em><\/p>\n","protected":false},"excerpt":{"rendered":"<p>Nakon niza uspje\u0161nih akcija na Ju\u017enom boji\u0161tu i Dubrovniku, provedenih tijekom svibnja i lipnja, Hrvatska vojska zapo\u010dela je 1. srpnja operaciju Tigar, koja je zavr\u0161ena 13. srpnja 1992., pi\u0161e hrt.hr Glavni cilj bio je ovladati visovima iznad Dubrovnika, potisnuti okupatora na ju\u017eni rub Popova polja te uspostaviti polo\u017eaje za osloba\u0111anje Konavala. Nositelji operacije bile su [&hellip;]<\/p>\n","protected":false},"author":2,"featured_media":37755,"comment_status":"closed","ping_status":"closed","sticky":false,"template":"","format":"standard","meta":{"h5ap_radio_sources":[],"footnotes":""},"categories":[1],"tags":[],"class_list":["post-37754","post","type-post","status-publish","format-standard","has-post-thumbnail","hentry","category-bihiregija"],"yoast_head":"<!-- This site is optimized with the Yoast SEO plugin v27.5 - https:\/\/yoast.com\/product\/yoast-seo-wordpress\/ -->\n<title>1. srpnja 1992. Operacija Tigar \u2013 Hrvatska vojska ni\u017ee uspjehe na jugu Hrvatske! - RADIO LJUBU\u0160KI<\/title>\n<meta name=\"robots\" content=\"index, follow, max-snippet:-1, max-image-preview:large, max-video-preview:-1\" \/>\n<link rel=\"canonical\" href=\"https:\/\/radioljubuski.ba\/index.php\/2021\/07\/01\/1-srpnja-1992-operacija-tigar-hrvatska-vojska-nize-uspjehe-na-jugu-hrvatske\/\" \/>\n<meta property=\"og:locale\" content=\"hr_HR\" \/>\n<meta property=\"og:type\" content=\"article\" \/>\n<meta property=\"og:title\" content=\"1. srpnja 1992. Operacija Tigar \u2013 Hrvatska vojska ni\u017ee uspjehe na jugu Hrvatske! - RADIO LJUBU\u0160KI\" \/>\n<meta property=\"og:description\" content=\"Nakon niza uspje\u0161nih akcija na Ju\u017enom boji\u0161tu i Dubrovniku, provedenih tijekom svibnja i lipnja, Hrvatska vojska zapo\u010dela je 1. srpnja operaciju Tigar, koja je zavr\u0161ena 13. srpnja 1992., pi\u0161e hrt.hr Glavni cilj bio je ovladati visovima iznad Dubrovnika, potisnuti okupatora na ju\u017eni rub Popova polja te uspostaviti polo\u017eaje za osloba\u0111anje Konavala. Nositelji operacije bile su [&hellip;]\" \/>\n<meta property=\"og:url\" content=\"https:\/\/radioljubuski.ba\/index.php\/2021\/07\/01\/1-srpnja-1992-operacija-tigar-hrvatska-vojska-nize-uspjehe-na-jugu-hrvatske\/\" \/>\n<meta property=\"og:site_name\" content=\"RADIO LJUBU\u0160KI\" \/>\n<meta property=\"article:publisher\" content=\"https:\/\/www.facebook.com\/Radiio-Ljubuski-1490835324566332\" \/>\n<meta property=\"article:published_time\" content=\"2021-07-01T09:53:35+00:00\" \/>\n<meta property=\"article:modified_time\" content=\"2021-07-01T09:53:36+00:00\" \/>\n<meta property=\"og:image\" content=\"https:\/\/radioljubuski.ba\/wp-content\/uploads\/2021\/07\/Dubrovnik_1991_Domovinski_rat-696x481-1.jpg\" \/>\n\t<meta property=\"og:image:width\" content=\"696\" \/>\n\t<meta property=\"og:image:height\" content=\"481\" \/>\n\t<meta property=\"og:image:type\" content=\"image\/jpeg\" \/>\n<meta name=\"author\" content=\"Radio Ljubu\u0161ki\" \/>\n<meta name=\"twitter:card\" content=\"summary_large_image\" \/>\n<meta name=\"twitter:creator\" content=\"@radioljubuski\" \/>\n<meta name=\"twitter:site\" content=\"@radioljubuski\" \/>\n<meta name=\"twitter:label1\" content=\"Napisao\/la\" \/>\n\t<meta name=\"twitter:data1\" content=\"Radio Ljubu\u0161ki\" \/>\n\t<meta name=\"twitter:label2\" content=\"Procijenjeno vrijeme \u010ditanja\" \/>\n\t<meta name=\"twitter:data2\" content=\"2 minute\" \/>\n<script type=\"application\/ld+json\" class=\"yoast-schema-graph\">{\"@context\":\"https:\\\/\\\/schema.org\",\"@graph\":[{\"@type\":\"Article\",\"@id\":\"https:\\\/\\\/radioljubuski.ba\\\/index.php\\\/2021\\\/07\\\/01\\\/1-srpnja-1992-operacija-tigar-hrvatska-vojska-nize-uspjehe-na-jugu-hrvatske\\\/#article\",\"isPartOf\":{\"@id\":\"https:\\\/\\\/radioljubuski.ba\\\/index.php\\\/2021\\\/07\\\/01\\\/1-srpnja-1992-operacija-tigar-hrvatska-vojska-nize-uspjehe-na-jugu-hrvatske\\\/\"},\"author\":{\"name\":\"Radio Ljubu\u0161ki\",\"@id\":\"https:\\\/\\\/radioljubuski.ba\\\/#\\\/schema\\\/person\\\/19fc700381a780f69665d7956c469e3b\"},\"headline\":\"1. srpnja 1992. Operacija Tigar \u2013 Hrvatska vojska ni\u017ee uspjehe na jugu Hrvatske!\",\"datePublished\":\"2021-07-01T09:53:35+00:00\",\"dateModified\":\"2021-07-01T09:53:36+00:00\",\"mainEntityOfPage\":{\"@id\":\"https:\\\/\\\/radioljubuski.ba\\\/index.php\\\/2021\\\/07\\\/01\\\/1-srpnja-1992-operacija-tigar-hrvatska-vojska-nize-uspjehe-na-jugu-hrvatske\\\/\"},\"wordCount\":317,\"publisher\":{\"@id\":\"https:\\\/\\\/radioljubuski.ba\\\/#organization\"},\"image\":{\"@id\":\"https:\\\/\\\/radioljubuski.ba\\\/index.php\\\/2021\\\/07\\\/01\\\/1-srpnja-1992-operacija-tigar-hrvatska-vojska-nize-uspjehe-na-jugu-hrvatske\\\/#primaryimage\"},\"thumbnailUrl\":\"https:\\\/\\\/radioljubuski.ba\\\/wp-content\\\/uploads\\\/2021\\\/07\\\/Dubrovnik_1991_Domovinski_rat-696x481-1.jpg\",\"articleSection\":[\"BIH i regija\"],\"inLanguage\":\"hr\"},{\"@type\":\"WebPage\",\"@id\":\"https:\\\/\\\/radioljubuski.ba\\\/index.php\\\/2021\\\/07\\\/01\\\/1-srpnja-1992-operacija-tigar-hrvatska-vojska-nize-uspjehe-na-jugu-hrvatske\\\/\",\"url\":\"https:\\\/\\\/radioljubuski.ba\\\/index.php\\\/2021\\\/07\\\/01\\\/1-srpnja-1992-operacija-tigar-hrvatska-vojska-nize-uspjehe-na-jugu-hrvatske\\\/\",\"name\":\"1. srpnja 1992. Operacija Tigar \u2013 Hrvatska vojska ni\u017ee uspjehe na jugu Hrvatske! - RADIO LJUBU\u0160KI\",\"isPartOf\":{\"@id\":\"https:\\\/\\\/radioljubuski.ba\\\/#website\"},\"primaryImageOfPage\":{\"@id\":\"https:\\\/\\\/radioljubuski.ba\\\/index.php\\\/2021\\\/07\\\/01\\\/1-srpnja-1992-operacija-tigar-hrvatska-vojska-nize-uspjehe-na-jugu-hrvatske\\\/#primaryimage\"},\"image\":{\"@id\":\"https:\\\/\\\/radioljubuski.ba\\\/index.php\\\/2021\\\/07\\\/01\\\/1-srpnja-1992-operacija-tigar-hrvatska-vojska-nize-uspjehe-na-jugu-hrvatske\\\/#primaryimage\"},\"thumbnailUrl\":\"https:\\\/\\\/radioljubuski.ba\\\/wp-content\\\/uploads\\\/2021\\\/07\\\/Dubrovnik_1991_Domovinski_rat-696x481-1.jpg\",\"datePublished\":\"2021-07-01T09:53:35+00:00\",\"dateModified\":\"2021-07-01T09:53:36+00:00\",\"breadcrumb\":{\"@id\":\"https:\\\/\\\/radioljubuski.ba\\\/index.php\\\/2021\\\/07\\\/01\\\/1-srpnja-1992-operacija-tigar-hrvatska-vojska-nize-uspjehe-na-jugu-hrvatske\\\/#breadcrumb\"},\"inLanguage\":\"hr\",\"potentialAction\":[{\"@type\":\"ReadAction\",\"target\":[\"https:\\\/\\\/radioljubuski.ba\\\/index.php\\\/2021\\\/07\\\/01\\\/1-srpnja-1992-operacija-tigar-hrvatska-vojska-nize-uspjehe-na-jugu-hrvatske\\\/\"]}]},{\"@type\":\"ImageObject\",\"inLanguage\":\"hr\",\"@id\":\"https:\\\/\\\/radioljubuski.ba\\\/index.php\\\/2021\\\/07\\\/01\\\/1-srpnja-1992-operacija-tigar-hrvatska-vojska-nize-uspjehe-na-jugu-hrvatske\\\/#primaryimage\",\"url\":\"https:\\\/\\\/radioljubuski.ba\\\/wp-content\\\/uploads\\\/2021\\\/07\\\/Dubrovnik_1991_Domovinski_rat-696x481-1.jpg\",\"contentUrl\":\"https:\\\/\\\/radioljubuski.ba\\\/wp-content\\\/uploads\\\/2021\\\/07\\\/Dubrovnik_1991_Domovinski_rat-696x481-1.jpg\",\"width\":696,\"height\":481},{\"@type\":\"BreadcrumbList\",\"@id\":\"https:\\\/\\\/radioljubuski.ba\\\/index.php\\\/2021\\\/07\\\/01\\\/1-srpnja-1992-operacija-tigar-hrvatska-vojska-nize-uspjehe-na-jugu-hrvatske\\\/#breadcrumb\",\"itemListElement\":[{\"@type\":\"ListItem\",\"position\":1,\"name\":\"Po\u010detna stranica\",\"item\":\"https:\\\/\\\/radioljubuski.ba\\\/\"},{\"@type\":\"ListItem\",\"position\":2,\"name\":\"1. srpnja 1992. Operacija Tigar \u2013 Hrvatska vojska ni\u017ee uspjehe na jugu Hrvatske!\"}]},{\"@type\":\"WebSite\",\"@id\":\"https:\\\/\\\/radioljubuski.ba\\\/#website\",\"url\":\"https:\\\/\\\/radioljubuski.ba\\\/\",\"name\":\"Radio Ljubu\u0161ki\",\"description\":\"Sun\u010dana frekvencija Hercegovine\",\"publisher\":{\"@id\":\"https:\\\/\\\/radioljubuski.ba\\\/#organization\"},\"potentialAction\":[{\"@type\":\"SearchAction\",\"target\":{\"@type\":\"EntryPoint\",\"urlTemplate\":\"https:\\\/\\\/radioljubuski.ba\\\/?s={search_term_string}\"},\"query-input\":{\"@type\":\"PropertyValueSpecification\",\"valueRequired\":true,\"valueName\":\"search_term_string\"}}],\"inLanguage\":\"hr\"},{\"@type\":\"Organization\",\"@id\":\"https:\\\/\\\/radioljubuski.ba\\\/#organization\",\"name\":\"Radio Ljubu\u0161ki\",\"url\":\"https:\\\/\\\/radioljubuski.ba\\\/\",\"logo\":{\"@type\":\"ImageObject\",\"inLanguage\":\"hr\",\"@id\":\"https:\\\/\\\/radioljubuski.ba\\\/#\\\/schema\\\/logo\\\/image\\\/\",\"url\":\"https:\\\/\\\/radioljubuski.ba\\\/wp-content\\\/uploads\\\/2021\\\/02\\\/cropped-Radio_Ljubuski_logo1.jpg\",\"contentUrl\":\"https:\\\/\\\/radioljubuski.ba\\\/wp-content\\\/uploads\\\/2021\\\/02\\\/cropped-Radio_Ljubuski_logo1.jpg\",\"width\":512,\"height\":512,\"caption\":\"Radio Ljubu\u0161ki\"},\"image\":{\"@id\":\"https:\\\/\\\/radioljubuski.ba\\\/#\\\/schema\\\/logo\\\/image\\\/\"},\"sameAs\":[\"https:\\\/\\\/www.facebook.com\\\/Radiio-Ljubuski-1490835324566332\",\"https:\\\/\\\/x.com\\\/radioljubuski\",\"https:\\\/\\\/hr.linkedin.com\\\/company\\\/radio-ljubuski\",\"https:\\\/\\\/www.youtube.com\\\/channel\\\/UCHYaeO_n0Db3tjNGudGpXyw\"]},{\"@type\":\"Person\",\"@id\":\"https:\\\/\\\/radioljubuski.ba\\\/#\\\/schema\\\/person\\\/19fc700381a780f69665d7956c469e3b\",\"name\":\"Radio Ljubu\u0161ki\"}]}<\/script>\n<!-- \/ Yoast SEO plugin. -->","yoast_head_json":{"title":"1. srpnja 1992. Operacija Tigar \u2013 Hrvatska vojska ni\u017ee uspjehe na jugu Hrvatske! - RADIO LJUBU\u0160KI","robots":{"index":"index","follow":"follow","max-snippet":"max-snippet:-1","max-image-preview":"max-image-preview:large","max-video-preview":"max-video-preview:-1"},"canonical":"https:\/\/radioljubuski.ba\/index.php\/2021\/07\/01\/1-srpnja-1992-operacija-tigar-hrvatska-vojska-nize-uspjehe-na-jugu-hrvatske\/","og_locale":"hr_HR","og_type":"article","og_title":"1. srpnja 1992. Operacija Tigar \u2013 Hrvatska vojska ni\u017ee uspjehe na jugu Hrvatske! - RADIO LJUBU\u0160KI","og_description":"Nakon niza uspje\u0161nih akcija na Ju\u017enom boji\u0161tu i Dubrovniku, provedenih tijekom svibnja i lipnja, Hrvatska vojska zapo\u010dela je 1. srpnja operaciju Tigar, koja je zavr\u0161ena 13. srpnja 1992., pi\u0161e hrt.hr Glavni cilj bio je ovladati visovima iznad Dubrovnika, potisnuti okupatora na ju\u017eni rub Popova polja te uspostaviti polo\u017eaje za osloba\u0111anje Konavala. Nositelji operacije bile su [&hellip;]","og_url":"https:\/\/radioljubuski.ba\/index.php\/2021\/07\/01\/1-srpnja-1992-operacija-tigar-hrvatska-vojska-nize-uspjehe-na-jugu-hrvatske\/","og_site_name":"RADIO LJUBU\u0160KI","article_publisher":"https:\/\/www.facebook.com\/Radiio-Ljubuski-1490835324566332","article_published_time":"2021-07-01T09:53:35+00:00","article_modified_time":"2021-07-01T09:53:36+00:00","og_image":[{"width":696,"height":481,"url":"https:\/\/radioljubuski.ba\/wp-content\/uploads\/2021\/07\/Dubrovnik_1991_Domovinski_rat-696x481-1.jpg","type":"image\/jpeg"}],"author":"Radio Ljubu\u0161ki","twitter_card":"summary_large_image","twitter_creator":"@radioljubuski","twitter_site":"@radioljubuski","twitter_misc":{"Napisao\/la":"Radio Ljubu\u0161ki","Procijenjeno vrijeme \u010ditanja":"2 minute"},"schema":{"@context":"https:\/\/schema.org","@graph":[{"@type":"Article","@id":"https:\/\/radioljubuski.ba\/index.php\/2021\/07\/01\/1-srpnja-1992-operacija-tigar-hrvatska-vojska-nize-uspjehe-na-jugu-hrvatske\/#article","isPartOf":{"@id":"https:\/\/radioljubuski.ba\/index.php\/2021\/07\/01\/1-srpnja-1992-operacija-tigar-hrvatska-vojska-nize-uspjehe-na-jugu-hrvatske\/"},"author":{"name":"Radio Ljubu\u0161ki","@id":"https:\/\/radioljubuski.ba\/#\/schema\/person\/19fc700381a780f69665d7956c469e3b"},"headline":"1. srpnja 1992. Operacija Tigar \u2013 Hrvatska vojska ni\u017ee uspjehe na jugu Hrvatske!","datePublished":"2021-07-01T09:53:35+00:00","dateModified":"2021-07-01T09:53:36+00:00","mainEntityOfPage":{"@id":"https:\/\/radioljubuski.ba\/index.php\/2021\/07\/01\/1-srpnja-1992-operacija-tigar-hrvatska-vojska-nize-uspjehe-na-jugu-hrvatske\/"},"wordCount":317,"publisher":{"@id":"https:\/\/radioljubuski.ba\/#organization"},"image":{"@id":"https:\/\/radioljubuski.ba\/index.php\/2021\/07\/01\/1-srpnja-1992-operacija-tigar-hrvatska-vojska-nize-uspjehe-na-jugu-hrvatske\/#primaryimage"},"thumbnailUrl":"https:\/\/radioljubuski.ba\/wp-content\/uploads\/2021\/07\/Dubrovnik_1991_Domovinski_rat-696x481-1.jpg","articleSection":["BIH i regija"],"inLanguage":"hr"},{"@type":"WebPage","@id":"https:\/\/radioljubuski.ba\/index.php\/2021\/07\/01\/1-srpnja-1992-operacija-tigar-hrvatska-vojska-nize-uspjehe-na-jugu-hrvatske\/","url":"https:\/\/radioljubuski.ba\/index.php\/2021\/07\/01\/1-srpnja-1992-operacija-tigar-hrvatska-vojska-nize-uspjehe-na-jugu-hrvatske\/","name":"1. srpnja 1992. Operacija Tigar \u2013 Hrvatska vojska ni\u017ee uspjehe na jugu Hrvatske! - RADIO LJUBU\u0160KI","isPartOf":{"@id":"https:\/\/radioljubuski.ba\/#website"},"primaryImageOfPage":{"@id":"https:\/\/radioljubuski.ba\/index.php\/2021\/07\/01\/1-srpnja-1992-operacija-tigar-hrvatska-vojska-nize-uspjehe-na-jugu-hrvatske\/#primaryimage"},"image":{"@id":"https:\/\/radioljubuski.ba\/index.php\/2021\/07\/01\/1-srpnja-1992-operacija-tigar-hrvatska-vojska-nize-uspjehe-na-jugu-hrvatske\/#primaryimage"},"thumbnailUrl":"https:\/\/radioljubuski.ba\/wp-content\/uploads\/2021\/07\/Dubrovnik_1991_Domovinski_rat-696x481-1.jpg","datePublished":"2021-07-01T09:53:35+00:00","dateModified":"2021-07-01T09:53:36+00:00","breadcrumb":{"@id":"https:\/\/radioljubuski.ba\/index.php\/2021\/07\/01\/1-srpnja-1992-operacija-tigar-hrvatska-vojska-nize-uspjehe-na-jugu-hrvatske\/#breadcrumb"},"inLanguage":"hr","potentialAction":[{"@type":"ReadAction","target":["https:\/\/radioljubuski.ba\/index.php\/2021\/07\/01\/1-srpnja-1992-operacija-tigar-hrvatska-vojska-nize-uspjehe-na-jugu-hrvatske\/"]}]},{"@type":"ImageObject","inLanguage":"hr","@id":"https:\/\/radioljubuski.ba\/index.php\/2021\/07\/01\/1-srpnja-1992-operacija-tigar-hrvatska-vojska-nize-uspjehe-na-jugu-hrvatske\/#primaryimage","url":"https:\/\/radioljubuski.ba\/wp-content\/uploads\/2021\/07\/Dubrovnik_1991_Domovinski_rat-696x481-1.jpg","contentUrl":"https:\/\/radioljubuski.ba\/wp-content\/uploads\/2021\/07\/Dubrovnik_1991_Domovinski_rat-696x481-1.jpg","width":696,"height":481},{"@type":"BreadcrumbList","@id":"https:\/\/radioljubuski.ba\/index.php\/2021\/07\/01\/1-srpnja-1992-operacija-tigar-hrvatska-vojska-nize-uspjehe-na-jugu-hrvatske\/#breadcrumb","itemListElement":[{"@type":"ListItem","position":1,"name":"Po\u010detna stranica","item":"https:\/\/radioljubuski.ba\/"},{"@type":"ListItem","position":2,"name":"1. srpnja 1992. Operacija Tigar \u2013 Hrvatska vojska ni\u017ee uspjehe na jugu Hrvatske!"}]},{"@type":"WebSite","@id":"https:\/\/radioljubuski.ba\/#website","url":"https:\/\/radioljubuski.ba\/","name":"Radio Ljubu\u0161ki","description":"Sun\u010dana frekvencija Hercegovine","publisher":{"@id":"https:\/\/radioljubuski.ba\/#organization"},"potentialAction":[{"@type":"SearchAction","target":{"@type":"EntryPoint","urlTemplate":"https:\/\/radioljubuski.ba\/?s={search_term_string}"},"query-input":{"@type":"PropertyValueSpecification","valueRequired":true,"valueName":"search_term_string"}}],"inLanguage":"hr"},{"@type":"Organization","@id":"https:\/\/radioljubuski.ba\/#organization","name":"Radio Ljubu\u0161ki","url":"https:\/\/radioljubuski.ba\/","logo":{"@type":"ImageObject","inLanguage":"hr","@id":"https:\/\/radioljubuski.ba\/#\/schema\/logo\/image\/","url":"https:\/\/radioljubuski.ba\/wp-content\/uploads\/2021\/02\/cropped-Radio_Ljubuski_logo1.jpg","contentUrl":"https:\/\/radioljubuski.ba\/wp-content\/uploads\/2021\/02\/cropped-Radio_Ljubuski_logo1.jpg","width":512,"height":512,"caption":"Radio Ljubu\u0161ki"},"image":{"@id":"https:\/\/radioljubuski.ba\/#\/schema\/logo\/image\/"},"sameAs":["https:\/\/www.facebook.com\/Radiio-Ljubuski-1490835324566332","https:\/\/x.com\/radioljubuski","https:\/\/hr.linkedin.com\/company\/radio-ljubuski","https:\/\/www.youtube.com\/channel\/UCHYaeO_n0Db3tjNGudGpXyw"]},{"@type":"Person","@id":"https:\/\/radioljubuski.ba\/#\/schema\/person\/19fc700381a780f69665d7956c469e3b","name":"Radio Ljubu\u0161ki"}]}},"_links":{"self":[{"href":"https:\/\/radioljubuski.ba\/index.php\/wp-json\/wp\/v2\/posts\/37754","targetHints":{"allow":["GET"]}}],"collection":[{"href":"https:\/\/radioljubuski.ba\/index.php\/wp-json\/wp\/v2\/posts"}],"about":[{"href":"https:\/\/radioljubuski.ba\/index.php\/wp-json\/wp\/v2\/types\/post"}],"author":[{"embeddable":true,"href":"https:\/\/radioljubuski.ba\/index.php\/wp-json\/wp\/v2\/users\/2"}],"replies":[{"embeddable":true,"href":"https:\/\/radioljubuski.ba\/index.php\/wp-json\/wp\/v2\/comments?post=37754"}],"version-history":[{"count":1,"href":"https:\/\/radioljubuski.ba\/index.php\/wp-json\/wp\/v2\/posts\/37754\/revisions"}],"predecessor-version":[{"id":37756,"href":"https:\/\/radioljubuski.ba\/index.php\/wp-json\/wp\/v2\/posts\/37754\/revisions\/37756"}],"wp:featuredmedia":[{"embeddable":true,"href":"https:\/\/radioljubuski.ba\/index.php\/wp-json\/wp\/v2\/media\/37755"}],"wp:attachment":[{"href":"https:\/\/radioljubuski.ba\/index.php\/wp-json\/wp\/v2\/media?parent=37754"}],"wp:term":[{"taxonomy":"category","embeddable":true,"href":"https:\/\/radioljubuski.ba\/index.php\/wp-json\/wp\/v2\/categories?post=37754"},{"taxonomy":"post_tag","embeddable":true,"href":"https:\/\/radioljubuski.ba\/index.php\/wp-json\/wp\/v2\/tags?post=37754"}],"curies":[{"name":"wp","href":"https:\/\/api.w.org\/{rel}","templated":true}]}}