{"id":37757,"date":"2021-07-01T10:54:57","date_gmt":"2021-07-01T09:54:57","guid":{"rendered":"https:\/\/radioljubuski.ba\/?p=37757"},"modified":"2021-07-01T10:54:57","modified_gmt":"2021-07-01T09:54:57","slug":"uhicenja-nastavljena-i-jutros-medu-privedenima-i-bandicev-rodak","status":"publish","type":"post","link":"https:\/\/radioljubuski.ba\/index.php\/2021\/07\/01\/uhicenja-nastavljena-i-jutros-medu-privedenima-i-bandicev-rodak\/","title":{"rendered":"Uhi\u0107enja nastavljena i jutros, me\u0111u privedenima i Bandi\u0107ev ro\u0111ak"},"content":{"rendered":"\n<p>Usko\u010dka \u2013 policijska akcija koja je po\u010dela u srijedu te koja je za sada rezultirala uhi\u0107enjem ve\u0107eg broja ljudi, me\u0111u kojima su i Kazimir Ba\u010di\u0107, glavni ravnatelj HRT-a te Ana Stavljeni\u0107 Rukavina, po svemu sude\u0107i jo\u0161 nije okon\u010dana, jer su po neslu\u017ebenim informacijama uhi\u0107enja nastavljena i jutros.<\/p>\n\n\n\n<p>Pod sumnjom na korupciju, kako se neslu\u017ebeno doznaje, u ovom, \u010detvrtom kraku istrage na\u0161lo se desetak osoba, me\u0111u kojima su uglavnom privatni poduzetnici, no i dva zaposlenika Grada Zagreba. Kako se neslu\u017ebeno doznaje ovaj se put sumnja da su zaposlenici Grada Zagreba uzimali mito od poduzetnika kako bi im ishodovali razne dozvole. Me\u0111u uhi\u0107enima je prema neslu\u017ebenim informacijama i jedan ro\u0111ak Milana Bandi\u0107a, pi\u0161e <a href=\"https:\/\/www.vecernji.hr\/vijesti\/uhiceno-desetak-osoba-medu-njima-i-bandicev-rodak-1504614\">Ve\u010dernji list.<\/a><\/p>\n\n\n\n<p>Istra\u017eitelji su po\u010deli s pretragama koje \u0107e vjerojatno potrajati cijeli dan. \u0160to se ti\u010de skupine koja je uhi\u0107ena u \u010detvrtak dio njih je ve\u0107 ispitan na USKOK-u, dio \u0107e se ispitati danas, a nakon toga slijedi dovo\u0111enje na zagreba\u010dki \u017dupanijski sud radi odre\u0111ivanja istra\u017enog zatvora.<\/p>\n\n\n\n<p>Podsjetimo, me\u0111u uhi\u0107enima u ju\u010dera\u0161njoj akciji je i <strong>Andrea \u0160ulenti\u0107<\/strong>&nbsp;koja je bila pro\u010delnica stru\u010dne slu\u017ebe gradona\u010delnika u vrijeme pokojnog Milana Bandi\u0107a, te&nbsp;<strong>Zdravko Krajina<\/strong>,&nbsp;<strong>Velimir \u017daja<\/strong>, <strong>Ana Stavljeni\u0107 Rukavina, Jelena \u010cekli\u0107<\/strong>&nbsp;i&nbsp;<strong>Denis Mohenski<\/strong>.<\/p>\n\n\n\n<p><em>Izvor: narod.hr<\/em><\/p>\n","protected":false},"excerpt":{"rendered":"<p>Usko\u010dka \u2013 policijska akcija koja je po\u010dela u srijedu te koja je za sada rezultirala uhi\u0107enjem ve\u0107eg broja ljudi, me\u0111u kojima su i Kazimir Ba\u010di\u0107, glavni ravnatelj HRT-a te Ana Stavljeni\u0107 Rukavina, po svemu sude\u0107i jo\u0161 nije okon\u010dana, jer su po neslu\u017ebenim informacijama uhi\u0107enja nastavljena i jutros. Pod sumnjom na korupciju, kako se neslu\u017ebeno doznaje, [&hellip;]<\/p>\n","protected":false},"author":2,"featured_media":37758,"comment_status":"closed","ping_status":"closed","sticky":false,"template":"","format":"standard","meta":{"h5ap_radio_sources":[],"footnotes":""},"categories":[1],"tags":[],"class_list":["post-37757","post","type-post","status-publish","format-standard","has-post-thumbnail","hentry","category-bihiregija"],"yoast_head":"<!-- This site is optimized with the Yoast SEO plugin v27.5 - https:\/\/yoast.com\/product\/yoast-seo-wordpress\/ -->\n<title>Uhi\u0107enja nastavljena i jutros, me\u0111u privedenima i Bandi\u0107ev ro\u0111ak - RADIO LJUBU\u0160KI<\/title>\n<meta name=\"robots\" content=\"index, follow, max-snippet:-1, max-image-preview:large, max-video-preview:-1\" \/>\n<link rel=\"canonical\" href=\"https:\/\/radioljubuski.ba\/index.php\/2021\/07\/01\/uhicenja-nastavljena-i-jutros-medu-privedenima-i-bandicev-rodak\/\" \/>\n<meta property=\"og:locale\" content=\"hr_HR\" \/>\n<meta property=\"og:type\" content=\"article\" \/>\n<meta property=\"og:title\" content=\"Uhi\u0107enja nastavljena i jutros, me\u0111u privedenima i Bandi\u0107ev ro\u0111ak - RADIO LJUBU\u0160KI\" \/>\n<meta property=\"og:description\" content=\"Usko\u010dka \u2013 policijska akcija koja je po\u010dela u srijedu te koja je za sada rezultirala uhi\u0107enjem ve\u0107eg broja ljudi, me\u0111u kojima su i Kazimir Ba\u010di\u0107, glavni ravnatelj HRT-a te Ana Stavljeni\u0107 Rukavina, po svemu sude\u0107i jo\u0161 nije okon\u010dana, jer su po neslu\u017ebenim informacijama uhi\u0107enja nastavljena i jutros. Pod sumnjom na korupciju, kako se neslu\u017ebeno doznaje, [&hellip;]\" \/>\n<meta property=\"og:url\" content=\"https:\/\/radioljubuski.ba\/index.php\/2021\/07\/01\/uhicenja-nastavljena-i-jutros-medu-privedenima-i-bandicev-rodak\/\" \/>\n<meta property=\"og:site_name\" content=\"RADIO LJUBU\u0160KI\" \/>\n<meta property=\"article:publisher\" content=\"https:\/\/www.facebook.com\/Radiio-Ljubuski-1490835324566332\" \/>\n<meta property=\"article:published_time\" content=\"2021-07-01T09:54:57+00:00\" \/>\n<meta property=\"og:image\" content=\"https:\/\/radioljubuski.ba\/wp-content\/uploads\/2021\/07\/HN20210630100874-696x464-1.jpg\" \/>\n\t<meta property=\"og:image:width\" content=\"696\" \/>\n\t<meta property=\"og:image:height\" content=\"464\" \/>\n\t<meta property=\"og:image:type\" content=\"image\/jpeg\" \/>\n<meta name=\"author\" content=\"Radio Ljubu\u0161ki\" \/>\n<meta name=\"twitter:card\" content=\"summary_large_image\" \/>\n<meta name=\"twitter:creator\" content=\"@radioljubuski\" \/>\n<meta name=\"twitter:site\" content=\"@radioljubuski\" \/>\n<meta name=\"twitter:label1\" content=\"Napisao\/la\" \/>\n\t<meta name=\"twitter:data1\" content=\"Radio Ljubu\u0161ki\" \/>\n\t<meta name=\"twitter:label2\" content=\"Procijenjeno vrijeme \u010ditanja\" \/>\n\t<meta name=\"twitter:data2\" content=\"1 minuta\" \/>\n<script type=\"application\/ld+json\" class=\"yoast-schema-graph\">{\"@context\":\"https:\\\/\\\/schema.org\",\"@graph\":[{\"@type\":\"Article\",\"@id\":\"https:\\\/\\\/radioljubuski.ba\\\/index.php\\\/2021\\\/07\\\/01\\\/uhicenja-nastavljena-i-jutros-medu-privedenima-i-bandicev-rodak\\\/#article\",\"isPartOf\":{\"@id\":\"https:\\\/\\\/radioljubuski.ba\\\/index.php\\\/2021\\\/07\\\/01\\\/uhicenja-nastavljena-i-jutros-medu-privedenima-i-bandicev-rodak\\\/\"},\"author\":{\"name\":\"Radio Ljubu\u0161ki\",\"@id\":\"https:\\\/\\\/radioljubuski.ba\\\/#\\\/schema\\\/person\\\/19fc700381a780f69665d7956c469e3b\"},\"headline\":\"Uhi\u0107enja nastavljena i jutros, me\u0111u privedenima i Bandi\u0107ev ro\u0111ak\",\"datePublished\":\"2021-07-01T09:54:57+00:00\",\"mainEntityOfPage\":{\"@id\":\"https:\\\/\\\/radioljubuski.ba\\\/index.php\\\/2021\\\/07\\\/01\\\/uhicenja-nastavljena-i-jutros-medu-privedenima-i-bandicev-rodak\\\/\"},\"wordCount\":251,\"publisher\":{\"@id\":\"https:\\\/\\\/radioljubuski.ba\\\/#organization\"},\"image\":{\"@id\":\"https:\\\/\\\/radioljubuski.ba\\\/index.php\\\/2021\\\/07\\\/01\\\/uhicenja-nastavljena-i-jutros-medu-privedenima-i-bandicev-rodak\\\/#primaryimage\"},\"thumbnailUrl\":\"https:\\\/\\\/radioljubuski.ba\\\/wp-content\\\/uploads\\\/2021\\\/07\\\/HN20210630100874-696x464-1.jpg\",\"articleSection\":[\"BIH i regija\"],\"inLanguage\":\"hr\"},{\"@type\":\"WebPage\",\"@id\":\"https:\\\/\\\/radioljubuski.ba\\\/index.php\\\/2021\\\/07\\\/01\\\/uhicenja-nastavljena-i-jutros-medu-privedenima-i-bandicev-rodak\\\/\",\"url\":\"https:\\\/\\\/radioljubuski.ba\\\/index.php\\\/2021\\\/07\\\/01\\\/uhicenja-nastavljena-i-jutros-medu-privedenima-i-bandicev-rodak\\\/\",\"name\":\"Uhi\u0107enja nastavljena i jutros, me\u0111u privedenima i Bandi\u0107ev ro\u0111ak - RADIO LJUBU\u0160KI\",\"isPartOf\":{\"@id\":\"https:\\\/\\\/radioljubuski.ba\\\/#website\"},\"primaryImageOfPage\":{\"@id\":\"https:\\\/\\\/radioljubuski.ba\\\/index.php\\\/2021\\\/07\\\/01\\\/uhicenja-nastavljena-i-jutros-medu-privedenima-i-bandicev-rodak\\\/#primaryimage\"},\"image\":{\"@id\":\"https:\\\/\\\/radioljubuski.ba\\\/index.php\\\/2021\\\/07\\\/01\\\/uhicenja-nastavljena-i-jutros-medu-privedenima-i-bandicev-rodak\\\/#primaryimage\"},\"thumbnailUrl\":\"https:\\\/\\\/radioljubuski.ba\\\/wp-content\\\/uploads\\\/2021\\\/07\\\/HN20210630100874-696x464-1.jpg\",\"datePublished\":\"2021-07-01T09:54:57+00:00\",\"breadcrumb\":{\"@id\":\"https:\\\/\\\/radioljubuski.ba\\\/index.php\\\/2021\\\/07\\\/01\\\/uhicenja-nastavljena-i-jutros-medu-privedenima-i-bandicev-rodak\\\/#breadcrumb\"},\"inLanguage\":\"hr\",\"potentialAction\":[{\"@type\":\"ReadAction\",\"target\":[\"https:\\\/\\\/radioljubuski.ba\\\/index.php\\\/2021\\\/07\\\/01\\\/uhicenja-nastavljena-i-jutros-medu-privedenima-i-bandicev-rodak\\\/\"]}]},{\"@type\":\"ImageObject\",\"inLanguage\":\"hr\",\"@id\":\"https:\\\/\\\/radioljubuski.ba\\\/index.php\\\/2021\\\/07\\\/01\\\/uhicenja-nastavljena-i-jutros-medu-privedenima-i-bandicev-rodak\\\/#primaryimage\",\"url\":\"https:\\\/\\\/radioljubuski.ba\\\/wp-content\\\/uploads\\\/2021\\\/07\\\/HN20210630100874-696x464-1.jpg\",\"contentUrl\":\"https:\\\/\\\/radioljubuski.ba\\\/wp-content\\\/uploads\\\/2021\\\/07\\\/HN20210630100874-696x464-1.jpg\",\"width\":696,\"height\":464},{\"@type\":\"BreadcrumbList\",\"@id\":\"https:\\\/\\\/radioljubuski.ba\\\/index.php\\\/2021\\\/07\\\/01\\\/uhicenja-nastavljena-i-jutros-medu-privedenima-i-bandicev-rodak\\\/#breadcrumb\",\"itemListElement\":[{\"@type\":\"ListItem\",\"position\":1,\"name\":\"Po\u010detna stranica\",\"item\":\"https:\\\/\\\/radioljubuski.ba\\\/\"},{\"@type\":\"ListItem\",\"position\":2,\"name\":\"Uhi\u0107enja nastavljena i jutros, me\u0111u privedenima i Bandi\u0107ev ro\u0111ak\"}]},{\"@type\":\"WebSite\",\"@id\":\"https:\\\/\\\/radioljubuski.ba\\\/#website\",\"url\":\"https:\\\/\\\/radioljubuski.ba\\\/\",\"name\":\"Radio Ljubu\u0161ki\",\"description\":\"Sun\u010dana frekvencija Hercegovine\",\"publisher\":{\"@id\":\"https:\\\/\\\/radioljubuski.ba\\\/#organization\"},\"potentialAction\":[{\"@type\":\"SearchAction\",\"target\":{\"@type\":\"EntryPoint\",\"urlTemplate\":\"https:\\\/\\\/radioljubuski.ba\\\/?s={search_term_string}\"},\"query-input\":{\"@type\":\"PropertyValueSpecification\",\"valueRequired\":true,\"valueName\":\"search_term_string\"}}],\"inLanguage\":\"hr\"},{\"@type\":\"Organization\",\"@id\":\"https:\\\/\\\/radioljubuski.ba\\\/#organization\",\"name\":\"Radio Ljubu\u0161ki\",\"url\":\"https:\\\/\\\/radioljubuski.ba\\\/\",\"logo\":{\"@type\":\"ImageObject\",\"inLanguage\":\"hr\",\"@id\":\"https:\\\/\\\/radioljubuski.ba\\\/#\\\/schema\\\/logo\\\/image\\\/\",\"url\":\"https:\\\/\\\/radioljubuski.ba\\\/wp-content\\\/uploads\\\/2021\\\/02\\\/cropped-Radio_Ljubuski_logo1.jpg\",\"contentUrl\":\"https:\\\/\\\/radioljubuski.ba\\\/wp-content\\\/uploads\\\/2021\\\/02\\\/cropped-Radio_Ljubuski_logo1.jpg\",\"width\":512,\"height\":512,\"caption\":\"Radio Ljubu\u0161ki\"},\"image\":{\"@id\":\"https:\\\/\\\/radioljubuski.ba\\\/#\\\/schema\\\/logo\\\/image\\\/\"},\"sameAs\":[\"https:\\\/\\\/www.facebook.com\\\/Radiio-Ljubuski-1490835324566332\",\"https:\\\/\\\/x.com\\\/radioljubuski\",\"https:\\\/\\\/hr.linkedin.com\\\/company\\\/radio-ljubuski\",\"https:\\\/\\\/www.youtube.com\\\/channel\\\/UCHYaeO_n0Db3tjNGudGpXyw\"]},{\"@type\":\"Person\",\"@id\":\"https:\\\/\\\/radioljubuski.ba\\\/#\\\/schema\\\/person\\\/19fc700381a780f69665d7956c469e3b\",\"name\":\"Radio Ljubu\u0161ki\"}]}<\/script>\n<!-- \/ Yoast SEO plugin. -->","yoast_head_json":{"title":"Uhi\u0107enja nastavljena i jutros, me\u0111u privedenima i Bandi\u0107ev ro\u0111ak - RADIO LJUBU\u0160KI","robots":{"index":"index","follow":"follow","max-snippet":"max-snippet:-1","max-image-preview":"max-image-preview:large","max-video-preview":"max-video-preview:-1"},"canonical":"https:\/\/radioljubuski.ba\/index.php\/2021\/07\/01\/uhicenja-nastavljena-i-jutros-medu-privedenima-i-bandicev-rodak\/","og_locale":"hr_HR","og_type":"article","og_title":"Uhi\u0107enja nastavljena i jutros, me\u0111u privedenima i Bandi\u0107ev ro\u0111ak - RADIO LJUBU\u0160KI","og_description":"Usko\u010dka \u2013 policijska akcija koja je po\u010dela u srijedu te koja je za sada rezultirala uhi\u0107enjem ve\u0107eg broja ljudi, me\u0111u kojima su i Kazimir Ba\u010di\u0107, glavni ravnatelj HRT-a te Ana Stavljeni\u0107 Rukavina, po svemu sude\u0107i jo\u0161 nije okon\u010dana, jer su po neslu\u017ebenim informacijama uhi\u0107enja nastavljena i jutros. Pod sumnjom na korupciju, kako se neslu\u017ebeno doznaje, [&hellip;]","og_url":"https:\/\/radioljubuski.ba\/index.php\/2021\/07\/01\/uhicenja-nastavljena-i-jutros-medu-privedenima-i-bandicev-rodak\/","og_site_name":"RADIO LJUBU\u0160KI","article_publisher":"https:\/\/www.facebook.com\/Radiio-Ljubuski-1490835324566332","article_published_time":"2021-07-01T09:54:57+00:00","og_image":[{"width":696,"height":464,"url":"https:\/\/radioljubuski.ba\/wp-content\/uploads\/2021\/07\/HN20210630100874-696x464-1.jpg","type":"image\/jpeg"}],"author":"Radio Ljubu\u0161ki","twitter_card":"summary_large_image","twitter_creator":"@radioljubuski","twitter_site":"@radioljubuski","twitter_misc":{"Napisao\/la":"Radio Ljubu\u0161ki","Procijenjeno vrijeme \u010ditanja":"1 minuta"},"schema":{"@context":"https:\/\/schema.org","@graph":[{"@type":"Article","@id":"https:\/\/radioljubuski.ba\/index.php\/2021\/07\/01\/uhicenja-nastavljena-i-jutros-medu-privedenima-i-bandicev-rodak\/#article","isPartOf":{"@id":"https:\/\/radioljubuski.ba\/index.php\/2021\/07\/01\/uhicenja-nastavljena-i-jutros-medu-privedenima-i-bandicev-rodak\/"},"author":{"name":"Radio Ljubu\u0161ki","@id":"https:\/\/radioljubuski.ba\/#\/schema\/person\/19fc700381a780f69665d7956c469e3b"},"headline":"Uhi\u0107enja nastavljena i jutros, me\u0111u privedenima i Bandi\u0107ev ro\u0111ak","datePublished":"2021-07-01T09:54:57+00:00","mainEntityOfPage":{"@id":"https:\/\/radioljubuski.ba\/index.php\/2021\/07\/01\/uhicenja-nastavljena-i-jutros-medu-privedenima-i-bandicev-rodak\/"},"wordCount":251,"publisher":{"@id":"https:\/\/radioljubuski.ba\/#organization"},"image":{"@id":"https:\/\/radioljubuski.ba\/index.php\/2021\/07\/01\/uhicenja-nastavljena-i-jutros-medu-privedenima-i-bandicev-rodak\/#primaryimage"},"thumbnailUrl":"https:\/\/radioljubuski.ba\/wp-content\/uploads\/2021\/07\/HN20210630100874-696x464-1.jpg","articleSection":["BIH i regija"],"inLanguage":"hr"},{"@type":"WebPage","@id":"https:\/\/radioljubuski.ba\/index.php\/2021\/07\/01\/uhicenja-nastavljena-i-jutros-medu-privedenima-i-bandicev-rodak\/","url":"https:\/\/radioljubuski.ba\/index.php\/2021\/07\/01\/uhicenja-nastavljena-i-jutros-medu-privedenima-i-bandicev-rodak\/","name":"Uhi\u0107enja nastavljena i jutros, me\u0111u privedenima i Bandi\u0107ev ro\u0111ak - RADIO LJUBU\u0160KI","isPartOf":{"@id":"https:\/\/radioljubuski.ba\/#website"},"primaryImageOfPage":{"@id":"https:\/\/radioljubuski.ba\/index.php\/2021\/07\/01\/uhicenja-nastavljena-i-jutros-medu-privedenima-i-bandicev-rodak\/#primaryimage"},"image":{"@id":"https:\/\/radioljubuski.ba\/index.php\/2021\/07\/01\/uhicenja-nastavljena-i-jutros-medu-privedenima-i-bandicev-rodak\/#primaryimage"},"thumbnailUrl":"https:\/\/radioljubuski.ba\/wp-content\/uploads\/2021\/07\/HN20210630100874-696x464-1.jpg","datePublished":"2021-07-01T09:54:57+00:00","breadcrumb":{"@id":"https:\/\/radioljubuski.ba\/index.php\/2021\/07\/01\/uhicenja-nastavljena-i-jutros-medu-privedenima-i-bandicev-rodak\/#breadcrumb"},"inLanguage":"hr","potentialAction":[{"@type":"ReadAction","target":["https:\/\/radioljubuski.ba\/index.php\/2021\/07\/01\/uhicenja-nastavljena-i-jutros-medu-privedenima-i-bandicev-rodak\/"]}]},{"@type":"ImageObject","inLanguage":"hr","@id":"https:\/\/radioljubuski.ba\/index.php\/2021\/07\/01\/uhicenja-nastavljena-i-jutros-medu-privedenima-i-bandicev-rodak\/#primaryimage","url":"https:\/\/radioljubuski.ba\/wp-content\/uploads\/2021\/07\/HN20210630100874-696x464-1.jpg","contentUrl":"https:\/\/radioljubuski.ba\/wp-content\/uploads\/2021\/07\/HN20210630100874-696x464-1.jpg","width":696,"height":464},{"@type":"BreadcrumbList","@id":"https:\/\/radioljubuski.ba\/index.php\/2021\/07\/01\/uhicenja-nastavljena-i-jutros-medu-privedenima-i-bandicev-rodak\/#breadcrumb","itemListElement":[{"@type":"ListItem","position":1,"name":"Po\u010detna stranica","item":"https:\/\/radioljubuski.ba\/"},{"@type":"ListItem","position":2,"name":"Uhi\u0107enja nastavljena i jutros, me\u0111u privedenima i Bandi\u0107ev ro\u0111ak"}]},{"@type":"WebSite","@id":"https:\/\/radioljubuski.ba\/#website","url":"https:\/\/radioljubuski.ba\/","name":"Radio Ljubu\u0161ki","description":"Sun\u010dana frekvencija Hercegovine","publisher":{"@id":"https:\/\/radioljubuski.ba\/#organization"},"potentialAction":[{"@type":"SearchAction","target":{"@type":"EntryPoint","urlTemplate":"https:\/\/radioljubuski.ba\/?s={search_term_string}"},"query-input":{"@type":"PropertyValueSpecification","valueRequired":true,"valueName":"search_term_string"}}],"inLanguage":"hr"},{"@type":"Organization","@id":"https:\/\/radioljubuski.ba\/#organization","name":"Radio Ljubu\u0161ki","url":"https:\/\/radioljubuski.ba\/","logo":{"@type":"ImageObject","inLanguage":"hr","@id":"https:\/\/radioljubuski.ba\/#\/schema\/logo\/image\/","url":"https:\/\/radioljubuski.ba\/wp-content\/uploads\/2021\/02\/cropped-Radio_Ljubuski_logo1.jpg","contentUrl":"https:\/\/radioljubuski.ba\/wp-content\/uploads\/2021\/02\/cropped-Radio_Ljubuski_logo1.jpg","width":512,"height":512,"caption":"Radio Ljubu\u0161ki"},"image":{"@id":"https:\/\/radioljubuski.ba\/#\/schema\/logo\/image\/"},"sameAs":["https:\/\/www.facebook.com\/Radiio-Ljubuski-1490835324566332","https:\/\/x.com\/radioljubuski","https:\/\/hr.linkedin.com\/company\/radio-ljubuski","https:\/\/www.youtube.com\/channel\/UCHYaeO_n0Db3tjNGudGpXyw"]},{"@type":"Person","@id":"https:\/\/radioljubuski.ba\/#\/schema\/person\/19fc700381a780f69665d7956c469e3b","name":"Radio Ljubu\u0161ki"}]}},"_links":{"self":[{"href":"https:\/\/radioljubuski.ba\/index.php\/wp-json\/wp\/v2\/posts\/37757","targetHints":{"allow":["GET"]}}],"collection":[{"href":"https:\/\/radioljubuski.ba\/index.php\/wp-json\/wp\/v2\/posts"}],"about":[{"href":"https:\/\/radioljubuski.ba\/index.php\/wp-json\/wp\/v2\/types\/post"}],"author":[{"embeddable":true,"href":"https:\/\/radioljubuski.ba\/index.php\/wp-json\/wp\/v2\/users\/2"}],"replies":[{"embeddable":true,"href":"https:\/\/radioljubuski.ba\/index.php\/wp-json\/wp\/v2\/comments?post=37757"}],"version-history":[{"count":1,"href":"https:\/\/radioljubuski.ba\/index.php\/wp-json\/wp\/v2\/posts\/37757\/revisions"}],"predecessor-version":[{"id":37759,"href":"https:\/\/radioljubuski.ba\/index.php\/wp-json\/wp\/v2\/posts\/37757\/revisions\/37759"}],"wp:featuredmedia":[{"embeddable":true,"href":"https:\/\/radioljubuski.ba\/index.php\/wp-json\/wp\/v2\/media\/37758"}],"wp:attachment":[{"href":"https:\/\/radioljubuski.ba\/index.php\/wp-json\/wp\/v2\/media?parent=37757"}],"wp:term":[{"taxonomy":"category","embeddable":true,"href":"https:\/\/radioljubuski.ba\/index.php\/wp-json\/wp\/v2\/categories?post=37757"},{"taxonomy":"post_tag","embeddable":true,"href":"https:\/\/radioljubuski.ba\/index.php\/wp-json\/wp\/v2\/tags?post=37757"}],"curies":[{"name":"wp","href":"https:\/\/api.w.org\/{rel}","templated":true}]}}