{"id":37760,"date":"2021-07-01T10:57:24","date_gmt":"2021-07-01T09:57:24","guid":{"rendered":"https:\/\/radioljubuski.ba\/?p=37760"},"modified":"2021-07-01T10:57:25","modified_gmt":"2021-07-01T09:57:25","slug":"stavljenic-rukavina-bandicevom-kandidatu-za-ravnatelja-srebrenjaka-napisala-plan-razvoja-bolnice-i-prijavu-sama-poslala-postom","status":"publish","type":"post","link":"https:\/\/radioljubuski.ba\/index.php\/2021\/07\/01\/stavljenic-rukavina-bandicevom-kandidatu-za-ravnatelja-srebrenjaka-napisala-plan-razvoja-bolnice-i-prijavu-sama-poslala-postom\/","title":{"rendered":"Stavljeni\u0107 Rukavina Bandi\u0107evom kandidatu za ravnatelja Srebrenjaka napisala plan razvoja bolnice i prijavu sama poslala po\u0161tom?"},"content":{"rendered":"\n<p><strong>Ana Stavljeni\u0107 Rukavina<\/strong> bila je jedna od najbli\u017eih suradnica pokojnog Milana Bandi\u0107a, a zbog njihove \u201csuradnje\u201d oko izbora novog ravnatelja Dje\u010dje bolnice Srebrenjak, nakon \u0161to je naprasno smijenjen raniji ravnatelj dr. Boro Nogalo, biv\u0161a je ministrica zdravstva u Vladi Ivice Ra\u010dana sada zavr\u0161ila s lisicama na rukama.<\/p>\n\n\n\n<p>Sumnji\u010de je za zloporabu polo\u017eaja i ovlasti koju je, kako tvrdi USKOK, po\u010dinila na poticaj sada pokojnog Milana Bandi\u0107a od sije\u010dnja do lipnja 2020. U to se vrijeme birao novi ravnatelj Dje\u010dje bolnice, a Bandi\u0107 je to\u010dno znao koga ho\u0107e ili ne\u0107e na toj funkciji. Ana Stavljeni\u0107 Rukavina bila je predsjednica Upravnog vije\u0107a Dje\u010dje bolnice Srebrenjak, \u010diji je osniva\u010d Grad Zagreb, pa je nakon naprasne i nezakonite smjene dr. Nogala, Bandi\u0107 na tu poziciju odlu\u010dio postaviti osobu koju je on izabrao i to prije no \u0161to je raspisan natje\u010daj te neovisno o njegovim referencama i referencama ostalih kandidata.<\/p>\n\n\n\n<p>Prema zamislima pokojnog gradona\u010delnika, novi ravnatelj Srebrenjaka trebao je biti Marko Brki\u0107, kojem je, kako se sumnja, Ana Stavljeni\u0107 Rukavina sa\u010dinila Program rada i razvoja Dje\u010dje bolnice Srebrenjak, pi\u0161e<a href=\"https:\/\/www.vecernji.hr\/vijesti\/bandicevom-kandidatu-za-ravnatelja-srebrenjaka-napisala-plan-razvoja-bolnice-i-njegovu-prijavu-sama-poslala-postom-1504613\"> Ve\u010dernji list.<\/a><\/p>\n\n\n\n<p>Sumnji\u010di je se da je pri tome koristila informacije koje su joj bile dostupne kao predsjednici Upravnog vije\u0107a, a zatim je taj program uvrstila u Brki\u0107evu prijavu i sama je poslala po\u0161tom!? No nije sve teklo po Bandi\u0107evu planu, jer kada je do\u0161lo do glasanja, jedna \u010dlanica Upravnog vije\u0107a, koju je imenovao Grad Zagreb, nije glasala za Brki\u0107a, kako su to Bandi\u0107 i Ana Stavljeni\u0107 Rukavina tra\u017eili, ve\u0107 za drugog kandidata. Bandi\u0107 je taj problem promptno rije\u0161io tako \u0161to je neposlu\u0161nu \u010dlanicu Upravnog vije\u0107a smijenio te je poni\u0161tio prethodni natje\u010daj.<\/p>\n\n\n\n<p>Novi natje\u010daj raspisan je 5. lipnja 2020, a odluku o njegovu raspisivanju donio je Bandi\u0107, dok se Ana Stavljeni\u0107 Rukavina sumnji\u010di da mu je predlo\u017eila da za ravnatelja bude izabran Ivo Dumi\u0107 \u010cule, nakon \u010dega je od ostalih \u010dlanova Upravnog vije\u0107a koje je imenovao Grad Zagreb tra\u017eila da za njega glasaju. Oni su to i u\u010dinili pa je Dumi\u0107 \u010cule ve\u0107inom glasova izabran za ravnatelja Srebrenjaka 30. lipnja 2020.<\/p>\n\n\n\n<p>S Anom Stavljeni\u0107 Rukavinom suosumnji\u010dena je i Andrea \u0160ulenti\u0107, koja je bila voditeljica slu\u017ebe gradona\u010delnika te \u010dlanica Upravnog vije\u0107a. Nakon ispitivanja USKOK \u0107e odlu\u010diti ho\u0107e li za njih tra\u017eiti istra\u017eni zatvor. Lako je mogu\u0107e da Stavljeni\u0107 Rukavina bude pu\u0161tena da se brani sa slobode jer je rije\u010d o \u017eeni koja ima 82 godine, a nije uobi\u010dajeno da se ljude te \u017eivotne dobi pritvara.<\/p>\n\n\n\n<p><em>Izvor: narod.hr\/Ve\u010dernji list<\/em><\/p>\n","protected":false},"excerpt":{"rendered":"<p>Ana Stavljeni\u0107 Rukavina bila je jedna od najbli\u017eih suradnica pokojnog Milana Bandi\u0107a, a zbog njihove \u201csuradnje\u201d oko izbora novog ravnatelja Dje\u010dje bolnice Srebrenjak, nakon \u0161to je naprasno smijenjen raniji ravnatelj dr. Boro Nogalo, biv\u0161a je ministrica zdravstva u Vladi Ivice Ra\u010dana sada zavr\u0161ila s lisicama na rukama. Sumnji\u010de je za zloporabu polo\u017eaja i ovlasti koju [&hellip;]<\/p>\n","protected":false},"author":2,"featured_media":37761,"comment_status":"closed","ping_status":"closed","sticky":false,"template":"","format":"standard","meta":{"h5ap_radio_sources":[],"footnotes":""},"categories":[1],"tags":[],"class_list":["post-37760","post","type-post","status-publish","format-standard","has-post-thumbnail","hentry","category-bihiregija"],"yoast_head":"<!-- This site is optimized with the Yoast SEO plugin v27.5 - https:\/\/yoast.com\/product\/yoast-seo-wordpress\/ -->\n<title>Stavljeni\u0107 Rukavina Bandi\u0107evom kandidatu za ravnatelja Srebrenjaka napisala plan razvoja bolnice i prijavu sama poslala po\u0161tom? - RADIO LJUBU\u0160KI<\/title>\n<meta name=\"robots\" content=\"index, follow, max-snippet:-1, max-image-preview:large, max-video-preview:-1\" \/>\n<link rel=\"canonical\" href=\"https:\/\/radioljubuski.ba\/index.php\/2021\/07\/01\/stavljenic-rukavina-bandicevom-kandidatu-za-ravnatelja-srebrenjaka-napisala-plan-razvoja-bolnice-i-prijavu-sama-poslala-postom\/\" \/>\n<meta property=\"og:locale\" content=\"hr_HR\" \/>\n<meta property=\"og:type\" content=\"article\" \/>\n<meta property=\"og:title\" content=\"Stavljeni\u0107 Rukavina Bandi\u0107evom kandidatu za ravnatelja Srebrenjaka napisala plan razvoja bolnice i prijavu sama poslala po\u0161tom? - RADIO LJUBU\u0160KI\" \/>\n<meta property=\"og:description\" content=\"Ana Stavljeni\u0107 Rukavina bila je jedna od najbli\u017eih suradnica pokojnog Milana Bandi\u0107a, a zbog njihove \u201csuradnje\u201d oko izbora novog ravnatelja Dje\u010dje bolnice Srebrenjak, nakon \u0161to je naprasno smijenjen raniji ravnatelj dr. Boro Nogalo, biv\u0161a je ministrica zdravstva u Vladi Ivice Ra\u010dana sada zavr\u0161ila s lisicama na rukama. Sumnji\u010de je za zloporabu polo\u017eaja i ovlasti koju [&hellip;]\" \/>\n<meta property=\"og:url\" content=\"https:\/\/radioljubuski.ba\/index.php\/2021\/07\/01\/stavljenic-rukavina-bandicevom-kandidatu-za-ravnatelja-srebrenjaka-napisala-plan-razvoja-bolnice-i-prijavu-sama-poslala-postom\/\" \/>\n<meta property=\"og:site_name\" content=\"RADIO LJUBU\u0160KI\" \/>\n<meta property=\"article:publisher\" content=\"https:\/\/www.facebook.com\/Radiio-Ljubuski-1490835324566332\" \/>\n<meta property=\"article:published_time\" content=\"2021-07-01T09:57:24+00:00\" \/>\n<meta property=\"article:modified_time\" content=\"2021-07-01T09:57:25+00:00\" \/>\n<meta property=\"og:image\" content=\"https:\/\/radioljubuski.ba\/wp-content\/uploads\/2021\/07\/HN20210630101674-696x428-1.jpg\" \/>\n\t<meta property=\"og:image:width\" content=\"696\" \/>\n\t<meta property=\"og:image:height\" content=\"428\" \/>\n\t<meta property=\"og:image:type\" content=\"image\/jpeg\" \/>\n<meta name=\"author\" content=\"Radio Ljubu\u0161ki\" \/>\n<meta name=\"twitter:card\" content=\"summary_large_image\" \/>\n<meta name=\"twitter:creator\" content=\"@radioljubuski\" \/>\n<meta name=\"twitter:site\" content=\"@radioljubuski\" \/>\n<meta name=\"twitter:label1\" content=\"Napisao\/la\" \/>\n\t<meta name=\"twitter:data1\" content=\"Radio Ljubu\u0161ki\" \/>\n\t<meta name=\"twitter:label2\" content=\"Procijenjeno vrijeme \u010ditanja\" \/>\n\t<meta name=\"twitter:data2\" content=\"2 minute\" \/>\n<script type=\"application\/ld+json\" class=\"yoast-schema-graph\">{\"@context\":\"https:\\\/\\\/schema.org\",\"@graph\":[{\"@type\":\"Article\",\"@id\":\"https:\\\/\\\/radioljubuski.ba\\\/index.php\\\/2021\\\/07\\\/01\\\/stavljenic-rukavina-bandicevom-kandidatu-za-ravnatelja-srebrenjaka-napisala-plan-razvoja-bolnice-i-prijavu-sama-poslala-postom\\\/#article\",\"isPartOf\":{\"@id\":\"https:\\\/\\\/radioljubuski.ba\\\/index.php\\\/2021\\\/07\\\/01\\\/stavljenic-rukavina-bandicevom-kandidatu-za-ravnatelja-srebrenjaka-napisala-plan-razvoja-bolnice-i-prijavu-sama-poslala-postom\\\/\"},\"author\":{\"name\":\"Radio Ljubu\u0161ki\",\"@id\":\"https:\\\/\\\/radioljubuski.ba\\\/#\\\/schema\\\/person\\\/19fc700381a780f69665d7956c469e3b\"},\"headline\":\"Stavljeni\u0107 Rukavina Bandi\u0107evom kandidatu za ravnatelja Srebrenjaka napisala plan razvoja bolnice i prijavu sama poslala po\u0161tom?\",\"datePublished\":\"2021-07-01T09:57:24+00:00\",\"dateModified\":\"2021-07-01T09:57:25+00:00\",\"mainEntityOfPage\":{\"@id\":\"https:\\\/\\\/radioljubuski.ba\\\/index.php\\\/2021\\\/07\\\/01\\\/stavljenic-rukavina-bandicevom-kandidatu-za-ravnatelja-srebrenjaka-napisala-plan-razvoja-bolnice-i-prijavu-sama-poslala-postom\\\/\"},\"wordCount\":472,\"publisher\":{\"@id\":\"https:\\\/\\\/radioljubuski.ba\\\/#organization\"},\"image\":{\"@id\":\"https:\\\/\\\/radioljubuski.ba\\\/index.php\\\/2021\\\/07\\\/01\\\/stavljenic-rukavina-bandicevom-kandidatu-za-ravnatelja-srebrenjaka-napisala-plan-razvoja-bolnice-i-prijavu-sama-poslala-postom\\\/#primaryimage\"},\"thumbnailUrl\":\"https:\\\/\\\/radioljubuski.ba\\\/wp-content\\\/uploads\\\/2021\\\/07\\\/HN20210630101674-696x428-1.jpg\",\"articleSection\":[\"BIH i regija\"],\"inLanguage\":\"hr\"},{\"@type\":\"WebPage\",\"@id\":\"https:\\\/\\\/radioljubuski.ba\\\/index.php\\\/2021\\\/07\\\/01\\\/stavljenic-rukavina-bandicevom-kandidatu-za-ravnatelja-srebrenjaka-napisala-plan-razvoja-bolnice-i-prijavu-sama-poslala-postom\\\/\",\"url\":\"https:\\\/\\\/radioljubuski.ba\\\/index.php\\\/2021\\\/07\\\/01\\\/stavljenic-rukavina-bandicevom-kandidatu-za-ravnatelja-srebrenjaka-napisala-plan-razvoja-bolnice-i-prijavu-sama-poslala-postom\\\/\",\"name\":\"Stavljeni\u0107 Rukavina Bandi\u0107evom kandidatu za ravnatelja Srebrenjaka napisala plan razvoja bolnice i prijavu sama poslala po\u0161tom? - RADIO LJUBU\u0160KI\",\"isPartOf\":{\"@id\":\"https:\\\/\\\/radioljubuski.ba\\\/#website\"},\"primaryImageOfPage\":{\"@id\":\"https:\\\/\\\/radioljubuski.ba\\\/index.php\\\/2021\\\/07\\\/01\\\/stavljenic-rukavina-bandicevom-kandidatu-za-ravnatelja-srebrenjaka-napisala-plan-razvoja-bolnice-i-prijavu-sama-poslala-postom\\\/#primaryimage\"},\"image\":{\"@id\":\"https:\\\/\\\/radioljubuski.ba\\\/index.php\\\/2021\\\/07\\\/01\\\/stavljenic-rukavina-bandicevom-kandidatu-za-ravnatelja-srebrenjaka-napisala-plan-razvoja-bolnice-i-prijavu-sama-poslala-postom\\\/#primaryimage\"},\"thumbnailUrl\":\"https:\\\/\\\/radioljubuski.ba\\\/wp-content\\\/uploads\\\/2021\\\/07\\\/HN20210630101674-696x428-1.jpg\",\"datePublished\":\"2021-07-01T09:57:24+00:00\",\"dateModified\":\"2021-07-01T09:57:25+00:00\",\"breadcrumb\":{\"@id\":\"https:\\\/\\\/radioljubuski.ba\\\/index.php\\\/2021\\\/07\\\/01\\\/stavljenic-rukavina-bandicevom-kandidatu-za-ravnatelja-srebrenjaka-napisala-plan-razvoja-bolnice-i-prijavu-sama-poslala-postom\\\/#breadcrumb\"},\"inLanguage\":\"hr\",\"potentialAction\":[{\"@type\":\"ReadAction\",\"target\":[\"https:\\\/\\\/radioljubuski.ba\\\/index.php\\\/2021\\\/07\\\/01\\\/stavljenic-rukavina-bandicevom-kandidatu-za-ravnatelja-srebrenjaka-napisala-plan-razvoja-bolnice-i-prijavu-sama-poslala-postom\\\/\"]}]},{\"@type\":\"ImageObject\",\"inLanguage\":\"hr\",\"@id\":\"https:\\\/\\\/radioljubuski.ba\\\/index.php\\\/2021\\\/07\\\/01\\\/stavljenic-rukavina-bandicevom-kandidatu-za-ravnatelja-srebrenjaka-napisala-plan-razvoja-bolnice-i-prijavu-sama-poslala-postom\\\/#primaryimage\",\"url\":\"https:\\\/\\\/radioljubuski.ba\\\/wp-content\\\/uploads\\\/2021\\\/07\\\/HN20210630101674-696x428-1.jpg\",\"contentUrl\":\"https:\\\/\\\/radioljubuski.ba\\\/wp-content\\\/uploads\\\/2021\\\/07\\\/HN20210630101674-696x428-1.jpg\",\"width\":696,\"height\":428},{\"@type\":\"BreadcrumbList\",\"@id\":\"https:\\\/\\\/radioljubuski.ba\\\/index.php\\\/2021\\\/07\\\/01\\\/stavljenic-rukavina-bandicevom-kandidatu-za-ravnatelja-srebrenjaka-napisala-plan-razvoja-bolnice-i-prijavu-sama-poslala-postom\\\/#breadcrumb\",\"itemListElement\":[{\"@type\":\"ListItem\",\"position\":1,\"name\":\"Po\u010detna stranica\",\"item\":\"https:\\\/\\\/radioljubuski.ba\\\/\"},{\"@type\":\"ListItem\",\"position\":2,\"name\":\"Stavljeni\u0107 Rukavina Bandi\u0107evom kandidatu za ravnatelja Srebrenjaka napisala plan razvoja bolnice i prijavu sama poslala po\u0161tom?\"}]},{\"@type\":\"WebSite\",\"@id\":\"https:\\\/\\\/radioljubuski.ba\\\/#website\",\"url\":\"https:\\\/\\\/radioljubuski.ba\\\/\",\"name\":\"Radio Ljubu\u0161ki\",\"description\":\"Sun\u010dana frekvencija Hercegovine\",\"publisher\":{\"@id\":\"https:\\\/\\\/radioljubuski.ba\\\/#organization\"},\"potentialAction\":[{\"@type\":\"SearchAction\",\"target\":{\"@type\":\"EntryPoint\",\"urlTemplate\":\"https:\\\/\\\/radioljubuski.ba\\\/?s={search_term_string}\"},\"query-input\":{\"@type\":\"PropertyValueSpecification\",\"valueRequired\":true,\"valueName\":\"search_term_string\"}}],\"inLanguage\":\"hr\"},{\"@type\":\"Organization\",\"@id\":\"https:\\\/\\\/radioljubuski.ba\\\/#organization\",\"name\":\"Radio Ljubu\u0161ki\",\"url\":\"https:\\\/\\\/radioljubuski.ba\\\/\",\"logo\":{\"@type\":\"ImageObject\",\"inLanguage\":\"hr\",\"@id\":\"https:\\\/\\\/radioljubuski.ba\\\/#\\\/schema\\\/logo\\\/image\\\/\",\"url\":\"https:\\\/\\\/radioljubuski.ba\\\/wp-content\\\/uploads\\\/2021\\\/02\\\/cropped-Radio_Ljubuski_logo1.jpg\",\"contentUrl\":\"https:\\\/\\\/radioljubuski.ba\\\/wp-content\\\/uploads\\\/2021\\\/02\\\/cropped-Radio_Ljubuski_logo1.jpg\",\"width\":512,\"height\":512,\"caption\":\"Radio Ljubu\u0161ki\"},\"image\":{\"@id\":\"https:\\\/\\\/radioljubuski.ba\\\/#\\\/schema\\\/logo\\\/image\\\/\"},\"sameAs\":[\"https:\\\/\\\/www.facebook.com\\\/Radiio-Ljubuski-1490835324566332\",\"https:\\\/\\\/x.com\\\/radioljubuski\",\"https:\\\/\\\/hr.linkedin.com\\\/company\\\/radio-ljubuski\",\"https:\\\/\\\/www.youtube.com\\\/channel\\\/UCHYaeO_n0Db3tjNGudGpXyw\"]},{\"@type\":\"Person\",\"@id\":\"https:\\\/\\\/radioljubuski.ba\\\/#\\\/schema\\\/person\\\/19fc700381a780f69665d7956c469e3b\",\"name\":\"Radio Ljubu\u0161ki\"}]}<\/script>\n<!-- \/ Yoast SEO plugin. -->","yoast_head_json":{"title":"Stavljeni\u0107 Rukavina Bandi\u0107evom kandidatu za ravnatelja Srebrenjaka napisala plan razvoja bolnice i prijavu sama poslala po\u0161tom? - RADIO LJUBU\u0160KI","robots":{"index":"index","follow":"follow","max-snippet":"max-snippet:-1","max-image-preview":"max-image-preview:large","max-video-preview":"max-video-preview:-1"},"canonical":"https:\/\/radioljubuski.ba\/index.php\/2021\/07\/01\/stavljenic-rukavina-bandicevom-kandidatu-za-ravnatelja-srebrenjaka-napisala-plan-razvoja-bolnice-i-prijavu-sama-poslala-postom\/","og_locale":"hr_HR","og_type":"article","og_title":"Stavljeni\u0107 Rukavina Bandi\u0107evom kandidatu za ravnatelja Srebrenjaka napisala plan razvoja bolnice i prijavu sama poslala po\u0161tom? - RADIO LJUBU\u0160KI","og_description":"Ana Stavljeni\u0107 Rukavina bila je jedna od najbli\u017eih suradnica pokojnog Milana Bandi\u0107a, a zbog njihove \u201csuradnje\u201d oko izbora novog ravnatelja Dje\u010dje bolnice Srebrenjak, nakon \u0161to je naprasno smijenjen raniji ravnatelj dr. Boro Nogalo, biv\u0161a je ministrica zdravstva u Vladi Ivice Ra\u010dana sada zavr\u0161ila s lisicama na rukama. Sumnji\u010de je za zloporabu polo\u017eaja i ovlasti koju [&hellip;]","og_url":"https:\/\/radioljubuski.ba\/index.php\/2021\/07\/01\/stavljenic-rukavina-bandicevom-kandidatu-za-ravnatelja-srebrenjaka-napisala-plan-razvoja-bolnice-i-prijavu-sama-poslala-postom\/","og_site_name":"RADIO LJUBU\u0160KI","article_publisher":"https:\/\/www.facebook.com\/Radiio-Ljubuski-1490835324566332","article_published_time":"2021-07-01T09:57:24+00:00","article_modified_time":"2021-07-01T09:57:25+00:00","og_image":[{"width":696,"height":428,"url":"https:\/\/radioljubuski.ba\/wp-content\/uploads\/2021\/07\/HN20210630101674-696x428-1.jpg","type":"image\/jpeg"}],"author":"Radio Ljubu\u0161ki","twitter_card":"summary_large_image","twitter_creator":"@radioljubuski","twitter_site":"@radioljubuski","twitter_misc":{"Napisao\/la":"Radio Ljubu\u0161ki","Procijenjeno vrijeme \u010ditanja":"2 minute"},"schema":{"@context":"https:\/\/schema.org","@graph":[{"@type":"Article","@id":"https:\/\/radioljubuski.ba\/index.php\/2021\/07\/01\/stavljenic-rukavina-bandicevom-kandidatu-za-ravnatelja-srebrenjaka-napisala-plan-razvoja-bolnice-i-prijavu-sama-poslala-postom\/#article","isPartOf":{"@id":"https:\/\/radioljubuski.ba\/index.php\/2021\/07\/01\/stavljenic-rukavina-bandicevom-kandidatu-za-ravnatelja-srebrenjaka-napisala-plan-razvoja-bolnice-i-prijavu-sama-poslala-postom\/"},"author":{"name":"Radio Ljubu\u0161ki","@id":"https:\/\/radioljubuski.ba\/#\/schema\/person\/19fc700381a780f69665d7956c469e3b"},"headline":"Stavljeni\u0107 Rukavina Bandi\u0107evom kandidatu za ravnatelja Srebrenjaka napisala plan razvoja bolnice i prijavu sama poslala po\u0161tom?","datePublished":"2021-07-01T09:57:24+00:00","dateModified":"2021-07-01T09:57:25+00:00","mainEntityOfPage":{"@id":"https:\/\/radioljubuski.ba\/index.php\/2021\/07\/01\/stavljenic-rukavina-bandicevom-kandidatu-za-ravnatelja-srebrenjaka-napisala-plan-razvoja-bolnice-i-prijavu-sama-poslala-postom\/"},"wordCount":472,"publisher":{"@id":"https:\/\/radioljubuski.ba\/#organization"},"image":{"@id":"https:\/\/radioljubuski.ba\/index.php\/2021\/07\/01\/stavljenic-rukavina-bandicevom-kandidatu-za-ravnatelja-srebrenjaka-napisala-plan-razvoja-bolnice-i-prijavu-sama-poslala-postom\/#primaryimage"},"thumbnailUrl":"https:\/\/radioljubuski.ba\/wp-content\/uploads\/2021\/07\/HN20210630101674-696x428-1.jpg","articleSection":["BIH i regija"],"inLanguage":"hr"},{"@type":"WebPage","@id":"https:\/\/radioljubuski.ba\/index.php\/2021\/07\/01\/stavljenic-rukavina-bandicevom-kandidatu-za-ravnatelja-srebrenjaka-napisala-plan-razvoja-bolnice-i-prijavu-sama-poslala-postom\/","url":"https:\/\/radioljubuski.ba\/index.php\/2021\/07\/01\/stavljenic-rukavina-bandicevom-kandidatu-za-ravnatelja-srebrenjaka-napisala-plan-razvoja-bolnice-i-prijavu-sama-poslala-postom\/","name":"Stavljeni\u0107 Rukavina Bandi\u0107evom kandidatu za ravnatelja Srebrenjaka napisala plan razvoja bolnice i prijavu sama poslala po\u0161tom? - RADIO LJUBU\u0160KI","isPartOf":{"@id":"https:\/\/radioljubuski.ba\/#website"},"primaryImageOfPage":{"@id":"https:\/\/radioljubuski.ba\/index.php\/2021\/07\/01\/stavljenic-rukavina-bandicevom-kandidatu-za-ravnatelja-srebrenjaka-napisala-plan-razvoja-bolnice-i-prijavu-sama-poslala-postom\/#primaryimage"},"image":{"@id":"https:\/\/radioljubuski.ba\/index.php\/2021\/07\/01\/stavljenic-rukavina-bandicevom-kandidatu-za-ravnatelja-srebrenjaka-napisala-plan-razvoja-bolnice-i-prijavu-sama-poslala-postom\/#primaryimage"},"thumbnailUrl":"https:\/\/radioljubuski.ba\/wp-content\/uploads\/2021\/07\/HN20210630101674-696x428-1.jpg","datePublished":"2021-07-01T09:57:24+00:00","dateModified":"2021-07-01T09:57:25+00:00","breadcrumb":{"@id":"https:\/\/radioljubuski.ba\/index.php\/2021\/07\/01\/stavljenic-rukavina-bandicevom-kandidatu-za-ravnatelja-srebrenjaka-napisala-plan-razvoja-bolnice-i-prijavu-sama-poslala-postom\/#breadcrumb"},"inLanguage":"hr","potentialAction":[{"@type":"ReadAction","target":["https:\/\/radioljubuski.ba\/index.php\/2021\/07\/01\/stavljenic-rukavina-bandicevom-kandidatu-za-ravnatelja-srebrenjaka-napisala-plan-razvoja-bolnice-i-prijavu-sama-poslala-postom\/"]}]},{"@type":"ImageObject","inLanguage":"hr","@id":"https:\/\/radioljubuski.ba\/index.php\/2021\/07\/01\/stavljenic-rukavina-bandicevom-kandidatu-za-ravnatelja-srebrenjaka-napisala-plan-razvoja-bolnice-i-prijavu-sama-poslala-postom\/#primaryimage","url":"https:\/\/radioljubuski.ba\/wp-content\/uploads\/2021\/07\/HN20210630101674-696x428-1.jpg","contentUrl":"https:\/\/radioljubuski.ba\/wp-content\/uploads\/2021\/07\/HN20210630101674-696x428-1.jpg","width":696,"height":428},{"@type":"BreadcrumbList","@id":"https:\/\/radioljubuski.ba\/index.php\/2021\/07\/01\/stavljenic-rukavina-bandicevom-kandidatu-za-ravnatelja-srebrenjaka-napisala-plan-razvoja-bolnice-i-prijavu-sama-poslala-postom\/#breadcrumb","itemListElement":[{"@type":"ListItem","position":1,"name":"Po\u010detna stranica","item":"https:\/\/radioljubuski.ba\/"},{"@type":"ListItem","position":2,"name":"Stavljeni\u0107 Rukavina Bandi\u0107evom kandidatu za ravnatelja Srebrenjaka napisala plan razvoja bolnice i prijavu sama poslala po\u0161tom?"}]},{"@type":"WebSite","@id":"https:\/\/radioljubuski.ba\/#website","url":"https:\/\/radioljubuski.ba\/","name":"Radio Ljubu\u0161ki","description":"Sun\u010dana frekvencija Hercegovine","publisher":{"@id":"https:\/\/radioljubuski.ba\/#organization"},"potentialAction":[{"@type":"SearchAction","target":{"@type":"EntryPoint","urlTemplate":"https:\/\/radioljubuski.ba\/?s={search_term_string}"},"query-input":{"@type":"PropertyValueSpecification","valueRequired":true,"valueName":"search_term_string"}}],"inLanguage":"hr"},{"@type":"Organization","@id":"https:\/\/radioljubuski.ba\/#organization","name":"Radio Ljubu\u0161ki","url":"https:\/\/radioljubuski.ba\/","logo":{"@type":"ImageObject","inLanguage":"hr","@id":"https:\/\/radioljubuski.ba\/#\/schema\/logo\/image\/","url":"https:\/\/radioljubuski.ba\/wp-content\/uploads\/2021\/02\/cropped-Radio_Ljubuski_logo1.jpg","contentUrl":"https:\/\/radioljubuski.ba\/wp-content\/uploads\/2021\/02\/cropped-Radio_Ljubuski_logo1.jpg","width":512,"height":512,"caption":"Radio Ljubu\u0161ki"},"image":{"@id":"https:\/\/radioljubuski.ba\/#\/schema\/logo\/image\/"},"sameAs":["https:\/\/www.facebook.com\/Radiio-Ljubuski-1490835324566332","https:\/\/x.com\/radioljubuski","https:\/\/hr.linkedin.com\/company\/radio-ljubuski","https:\/\/www.youtube.com\/channel\/UCHYaeO_n0Db3tjNGudGpXyw"]},{"@type":"Person","@id":"https:\/\/radioljubuski.ba\/#\/schema\/person\/19fc700381a780f69665d7956c469e3b","name":"Radio Ljubu\u0161ki"}]}},"_links":{"self":[{"href":"https:\/\/radioljubuski.ba\/index.php\/wp-json\/wp\/v2\/posts\/37760","targetHints":{"allow":["GET"]}}],"collection":[{"href":"https:\/\/radioljubuski.ba\/index.php\/wp-json\/wp\/v2\/posts"}],"about":[{"href":"https:\/\/radioljubuski.ba\/index.php\/wp-json\/wp\/v2\/types\/post"}],"author":[{"embeddable":true,"href":"https:\/\/radioljubuski.ba\/index.php\/wp-json\/wp\/v2\/users\/2"}],"replies":[{"embeddable":true,"href":"https:\/\/radioljubuski.ba\/index.php\/wp-json\/wp\/v2\/comments?post=37760"}],"version-history":[{"count":1,"href":"https:\/\/radioljubuski.ba\/index.php\/wp-json\/wp\/v2\/posts\/37760\/revisions"}],"predecessor-version":[{"id":37762,"href":"https:\/\/radioljubuski.ba\/index.php\/wp-json\/wp\/v2\/posts\/37760\/revisions\/37762"}],"wp:featuredmedia":[{"embeddable":true,"href":"https:\/\/radioljubuski.ba\/index.php\/wp-json\/wp\/v2\/media\/37761"}],"wp:attachment":[{"href":"https:\/\/radioljubuski.ba\/index.php\/wp-json\/wp\/v2\/media?parent=37760"}],"wp:term":[{"taxonomy":"category","embeddable":true,"href":"https:\/\/radioljubuski.ba\/index.php\/wp-json\/wp\/v2\/categories?post=37760"},{"taxonomy":"post_tag","embeddable":true,"href":"https:\/\/radioljubuski.ba\/index.php\/wp-json\/wp\/v2\/tags?post=37760"}],"curies":[{"name":"wp","href":"https:\/\/api.w.org\/{rel}","templated":true}]}}