{"id":37773,"date":"2021-07-01T11:05:29","date_gmt":"2021-07-01T10:05:29","guid":{"rendered":"https:\/\/radioljubuski.ba\/?p=37773"},"modified":"2021-07-01T11:05:31","modified_gmt":"2021-07-01T10:05:31","slug":"zatvorski-cuvari-u-italiji-divljacki-mlate-zatvorenike-snimka-zgrozila-italiju-video","status":"publish","type":"post","link":"https:\/\/radioljubuski.ba\/index.php\/2021\/07\/01\/zatvorski-cuvari-u-italiji-divljacki-mlate-zatvorenike-snimka-zgrozila-italiju-video\/","title":{"rendered":"Zatvorski \u010duvari u Italiji divlja\u010dki mlate zatvorenike, snimka zgrozila Italiju &#8211; video"},"content":{"rendered":"\n<p>Snimke talijanskih zatvorskih \u010duvara koji mlate zatvorenike palicama i \u0161akama nakon lanjskih prosvjeda u vezi s pandemijom koronavirusa zgrozile su Italiju u srijedu i razbjesnile ministricu pravosu\u0111a.<\/p>\n\n\n\n<p>Premla\u0107ivanje se dogodilo 6. travnja 2020. u zatvoru Santa Maria Capua Vetere, sjeverno od Napulja, a snimke videonadzora objavio je u srijedu dnevni list Domani.&nbsp;<\/p>\n\n\n\n<p>Snimka je izazvala osudu iz dijela politi\u010dke klase, ali i izraze potpore \u010duvarima.<\/p>\n\n\n\n<figure class=\"wp-block-embed is-type-video is-provider-youtube wp-block-embed-youtube wp-embed-aspect-4-3 wp-has-aspect-ratio\"><div class=\"wp-block-embed__wrapper\">\n<iframe loading=\"lazy\" title=\"ESCLUSIVO - Il video delle violenze in carcere a Santa Maria Capua Vetere\" width=\"640\" height=\"480\" src=\"https:\/\/www.youtube.com\/embed\/uflnqQD37y0?feature=oembed\" frameborder=\"0\" allow=\"accelerometer; autoplay; clipboard-write; encrypted-media; gyroscope; picture-in-picture; web-share\" referrerpolicy=\"strict-origin-when-cross-origin\" allowfullscreen><\/iframe>\n<\/div><\/figure>\n\n\n\n<p>Ministrica pravosu\u0111a Marta Cartabia rekla je da je time &#8220;povrije\u0111eno dostojanstvo zatvorenika, ali i odore koju svaki zaposlenik zatvora, mu\u0161karac i \u017eena, trebaju nositi s ponosom&#8221; te je zatra\u017eila temeljitu analizu doga\u0111aja.<\/p>\n\n\n\n<p>Dr\u017eavno tu\u017eiteljstvo je lani pokrenulo istragu nakon podno\u0161enja tu\u017ebi zbog nasilja zatvorskih \u010duvara dan nakon prosvjeda koji je potaknula informacija o pozitivnom slu\u010daju covida-19 me\u0111u zatvorenicima.<\/p>\n\n\n\n<p>52 zaposlenika zatvora uhi\u0107ena su ovog tjedna ili su obavije\u0161tena o pokretanju sudskog postupka protiv njih pod sumnjom za mu\u010denje, nasilje i zlouporabu ovlasti. Istragom je obuhva\u0107eno vi\u0161e od 110 ljudi.<\/p>\n\n\n\n<p>Na videosnimci, koja traje ne\u0161to vi\u0161e od \u0161est minuta, a napravljena je od snimki nadzornih kamera postavljenih u hodnicima i na stubama ustanove, mogu se vidjeti desetci \u010duvara, me\u0111u kojima mnogi imaju kacige i \u0161titove, kako nemilosrdno tuku zatvorenike.<\/p>\n\n\n\n<p>Ovi se poku\u0161avaju za\u0161tititi preska\u010du\u0107i kordon \u010duvara koji ih nogama i palicama tuku po glavi. Neki pu\u017eu i vidi se da trpe bol.<\/p>\n\n\n\n<p>Zatvorenik u invalidskim kolicima je dobio udarac u le\u0111a, a najmanje trojicu mu\u0161karaca \u010duvari tuku dok le\u017ee na tlu.<\/p>\n\n\n\n<p>Iz SMS poruka koje su razmjenjivali \u010duvari vidi se da je akcija u kojoj je sudjelovalo vi\u0161e od 280 pripadnika zatvorske policije bila planirana i zami\u0161ljena kao odmazda.<\/p>\n\n\n\n<p>Izvor:pogled.ba<\/p>\n","protected":false},"excerpt":{"rendered":"<p>Snimke talijanskih zatvorskih \u010duvara koji mlate zatvorenike palicama i \u0161akama nakon lanjskih prosvjeda u vezi s pandemijom koronavirusa zgrozile su Italiju u srijedu i razbjesnile ministricu pravosu\u0111a. Premla\u0107ivanje se dogodilo 6. travnja 2020. u zatvoru Santa Maria Capua Vetere, sjeverno od Napulja, a snimke videonadzora objavio je u srijedu dnevni list Domani.&nbsp; Snimka je izazvala [&hellip;]<\/p>\n","protected":false},"author":2,"featured_media":37774,"comment_status":"closed","ping_status":"closed","sticky":false,"template":"","format":"standard","meta":{"h5ap_radio_sources":[],"footnotes":""},"categories":[1],"tags":[],"class_list":["post-37773","post","type-post","status-publish","format-standard","has-post-thumbnail","hentry","category-bihiregija"],"yoast_head":"<!-- This site is optimized with the Yoast SEO plugin v27.5 - https:\/\/yoast.com\/product\/yoast-seo-wordpress\/ -->\n<title>Zatvorski \u010duvari u Italiji divlja\u010dki mlate zatvorenike, snimka zgrozila Italiju - video - RADIO LJUBU\u0160KI<\/title>\n<meta name=\"robots\" content=\"index, follow, max-snippet:-1, max-image-preview:large, max-video-preview:-1\" \/>\n<link rel=\"canonical\" href=\"https:\/\/radioljubuski.ba\/index.php\/2021\/07\/01\/zatvorski-cuvari-u-italiji-divljacki-mlate-zatvorenike-snimka-zgrozila-italiju-video\/\" \/>\n<meta property=\"og:locale\" content=\"hr_HR\" \/>\n<meta property=\"og:type\" content=\"article\" \/>\n<meta property=\"og:title\" content=\"Zatvorski \u010duvari u Italiji divlja\u010dki mlate zatvorenike, snimka zgrozila Italiju - video - RADIO LJUBU\u0160KI\" \/>\n<meta property=\"og:description\" content=\"Snimke talijanskih zatvorskih \u010duvara koji mlate zatvorenike palicama i \u0161akama nakon lanjskih prosvjeda u vezi s pandemijom koronavirusa zgrozile su Italiju u srijedu i razbjesnile ministricu pravosu\u0111a. Premla\u0107ivanje se dogodilo 6. travnja 2020. u zatvoru Santa Maria Capua Vetere, sjeverno od Napulja, a snimke videonadzora objavio je u srijedu dnevni list Domani.&nbsp; Snimka je izazvala [&hellip;]\" \/>\n<meta property=\"og:url\" content=\"https:\/\/radioljubuski.ba\/index.php\/2021\/07\/01\/zatvorski-cuvari-u-italiji-divljacki-mlate-zatvorenike-snimka-zgrozila-italiju-video\/\" \/>\n<meta property=\"og:site_name\" content=\"RADIO LJUBU\u0160KI\" \/>\n<meta property=\"article:publisher\" content=\"https:\/\/www.facebook.com\/Radiio-Ljubuski-1490835324566332\" \/>\n<meta property=\"article:published_time\" content=\"2021-07-01T10:05:29+00:00\" \/>\n<meta property=\"article:modified_time\" content=\"2021-07-01T10:05:31+00:00\" \/>\n<meta property=\"og:image\" content=\"https:\/\/radioljubuski.ba\/wp-content\/uploads\/2021\/07\/2-2021-07-01-08-11-56-screeen.jpg\" \/>\n\t<meta property=\"og:image:width\" content=\"1000\" \/>\n\t<meta property=\"og:image:height\" content=\"625\" \/>\n\t<meta property=\"og:image:type\" content=\"image\/jpeg\" \/>\n<meta name=\"author\" content=\"Radio Ljubu\u0161ki\" \/>\n<meta name=\"twitter:card\" content=\"summary_large_image\" \/>\n<meta name=\"twitter:creator\" content=\"@radioljubuski\" \/>\n<meta name=\"twitter:site\" content=\"@radioljubuski\" \/>\n<meta name=\"twitter:label1\" content=\"Napisao\/la\" \/>\n\t<meta name=\"twitter:data1\" content=\"Radio Ljubu\u0161ki\" \/>\n\t<meta name=\"twitter:label2\" content=\"Procijenjeno vrijeme \u010ditanja\" \/>\n\t<meta name=\"twitter:data2\" content=\"2 minute\" \/>\n<script type=\"application\/ld+json\" class=\"yoast-schema-graph\">{\"@context\":\"https:\\\/\\\/schema.org\",\"@graph\":[{\"@type\":\"Article\",\"@id\":\"https:\\\/\\\/radioljubuski.ba\\\/index.php\\\/2021\\\/07\\\/01\\\/zatvorski-cuvari-u-italiji-divljacki-mlate-zatvorenike-snimka-zgrozila-italiju-video\\\/#article\",\"isPartOf\":{\"@id\":\"https:\\\/\\\/radioljubuski.ba\\\/index.php\\\/2021\\\/07\\\/01\\\/zatvorski-cuvari-u-italiji-divljacki-mlate-zatvorenike-snimka-zgrozila-italiju-video\\\/\"},\"author\":{\"name\":\"Radio Ljubu\u0161ki\",\"@id\":\"https:\\\/\\\/radioljubuski.ba\\\/#\\\/schema\\\/person\\\/19fc700381a780f69665d7956c469e3b\"},\"headline\":\"Zatvorski \u010duvari u Italiji divlja\u010dki mlate zatvorenike, snimka zgrozila Italiju &#8211; video\",\"datePublished\":\"2021-07-01T10:05:29+00:00\",\"dateModified\":\"2021-07-01T10:05:31+00:00\",\"mainEntityOfPage\":{\"@id\":\"https:\\\/\\\/radioljubuski.ba\\\/index.php\\\/2021\\\/07\\\/01\\\/zatvorski-cuvari-u-italiji-divljacki-mlate-zatvorenike-snimka-zgrozila-italiju-video\\\/\"},\"wordCount\":315,\"publisher\":{\"@id\":\"https:\\\/\\\/radioljubuski.ba\\\/#organization\"},\"image\":{\"@id\":\"https:\\\/\\\/radioljubuski.ba\\\/index.php\\\/2021\\\/07\\\/01\\\/zatvorski-cuvari-u-italiji-divljacki-mlate-zatvorenike-snimka-zgrozila-italiju-video\\\/#primaryimage\"},\"thumbnailUrl\":\"https:\\\/\\\/radioljubuski.ba\\\/wp-content\\\/uploads\\\/2021\\\/07\\\/2-2021-07-01-08-11-56-screeen.jpg\",\"articleSection\":[\"BIH i regija\"],\"inLanguage\":\"hr\"},{\"@type\":\"WebPage\",\"@id\":\"https:\\\/\\\/radioljubuski.ba\\\/index.php\\\/2021\\\/07\\\/01\\\/zatvorski-cuvari-u-italiji-divljacki-mlate-zatvorenike-snimka-zgrozila-italiju-video\\\/\",\"url\":\"https:\\\/\\\/radioljubuski.ba\\\/index.php\\\/2021\\\/07\\\/01\\\/zatvorski-cuvari-u-italiji-divljacki-mlate-zatvorenike-snimka-zgrozila-italiju-video\\\/\",\"name\":\"Zatvorski \u010duvari u Italiji divlja\u010dki mlate zatvorenike, snimka zgrozila Italiju - video - RADIO LJUBU\u0160KI\",\"isPartOf\":{\"@id\":\"https:\\\/\\\/radioljubuski.ba\\\/#website\"},\"primaryImageOfPage\":{\"@id\":\"https:\\\/\\\/radioljubuski.ba\\\/index.php\\\/2021\\\/07\\\/01\\\/zatvorski-cuvari-u-italiji-divljacki-mlate-zatvorenike-snimka-zgrozila-italiju-video\\\/#primaryimage\"},\"image\":{\"@id\":\"https:\\\/\\\/radioljubuski.ba\\\/index.php\\\/2021\\\/07\\\/01\\\/zatvorski-cuvari-u-italiji-divljacki-mlate-zatvorenike-snimka-zgrozila-italiju-video\\\/#primaryimage\"},\"thumbnailUrl\":\"https:\\\/\\\/radioljubuski.ba\\\/wp-content\\\/uploads\\\/2021\\\/07\\\/2-2021-07-01-08-11-56-screeen.jpg\",\"datePublished\":\"2021-07-01T10:05:29+00:00\",\"dateModified\":\"2021-07-01T10:05:31+00:00\",\"breadcrumb\":{\"@id\":\"https:\\\/\\\/radioljubuski.ba\\\/index.php\\\/2021\\\/07\\\/01\\\/zatvorski-cuvari-u-italiji-divljacki-mlate-zatvorenike-snimka-zgrozila-italiju-video\\\/#breadcrumb\"},\"inLanguage\":\"hr\",\"potentialAction\":[{\"@type\":\"ReadAction\",\"target\":[\"https:\\\/\\\/radioljubuski.ba\\\/index.php\\\/2021\\\/07\\\/01\\\/zatvorski-cuvari-u-italiji-divljacki-mlate-zatvorenike-snimka-zgrozila-italiju-video\\\/\"]}]},{\"@type\":\"ImageObject\",\"inLanguage\":\"hr\",\"@id\":\"https:\\\/\\\/radioljubuski.ba\\\/index.php\\\/2021\\\/07\\\/01\\\/zatvorski-cuvari-u-italiji-divljacki-mlate-zatvorenike-snimka-zgrozila-italiju-video\\\/#primaryimage\",\"url\":\"https:\\\/\\\/radioljubuski.ba\\\/wp-content\\\/uploads\\\/2021\\\/07\\\/2-2021-07-01-08-11-56-screeen.jpg\",\"contentUrl\":\"https:\\\/\\\/radioljubuski.ba\\\/wp-content\\\/uploads\\\/2021\\\/07\\\/2-2021-07-01-08-11-56-screeen.jpg\",\"width\":1000,\"height\":625},{\"@type\":\"BreadcrumbList\",\"@id\":\"https:\\\/\\\/radioljubuski.ba\\\/index.php\\\/2021\\\/07\\\/01\\\/zatvorski-cuvari-u-italiji-divljacki-mlate-zatvorenike-snimka-zgrozila-italiju-video\\\/#breadcrumb\",\"itemListElement\":[{\"@type\":\"ListItem\",\"position\":1,\"name\":\"Po\u010detna stranica\",\"item\":\"https:\\\/\\\/radioljubuski.ba\\\/\"},{\"@type\":\"ListItem\",\"position\":2,\"name\":\"Zatvorski \u010duvari u Italiji divlja\u010dki mlate zatvorenike, snimka zgrozila Italiju &#8211; video\"}]},{\"@type\":\"WebSite\",\"@id\":\"https:\\\/\\\/radioljubuski.ba\\\/#website\",\"url\":\"https:\\\/\\\/radioljubuski.ba\\\/\",\"name\":\"Radio Ljubu\u0161ki\",\"description\":\"Sun\u010dana frekvencija Hercegovine\",\"publisher\":{\"@id\":\"https:\\\/\\\/radioljubuski.ba\\\/#organization\"},\"potentialAction\":[{\"@type\":\"SearchAction\",\"target\":{\"@type\":\"EntryPoint\",\"urlTemplate\":\"https:\\\/\\\/radioljubuski.ba\\\/?s={search_term_string}\"},\"query-input\":{\"@type\":\"PropertyValueSpecification\",\"valueRequired\":true,\"valueName\":\"search_term_string\"}}],\"inLanguage\":\"hr\"},{\"@type\":\"Organization\",\"@id\":\"https:\\\/\\\/radioljubuski.ba\\\/#organization\",\"name\":\"Radio Ljubu\u0161ki\",\"url\":\"https:\\\/\\\/radioljubuski.ba\\\/\",\"logo\":{\"@type\":\"ImageObject\",\"inLanguage\":\"hr\",\"@id\":\"https:\\\/\\\/radioljubuski.ba\\\/#\\\/schema\\\/logo\\\/image\\\/\",\"url\":\"https:\\\/\\\/radioljubuski.ba\\\/wp-content\\\/uploads\\\/2021\\\/02\\\/cropped-Radio_Ljubuski_logo1.jpg\",\"contentUrl\":\"https:\\\/\\\/radioljubuski.ba\\\/wp-content\\\/uploads\\\/2021\\\/02\\\/cropped-Radio_Ljubuski_logo1.jpg\",\"width\":512,\"height\":512,\"caption\":\"Radio Ljubu\u0161ki\"},\"image\":{\"@id\":\"https:\\\/\\\/radioljubuski.ba\\\/#\\\/schema\\\/logo\\\/image\\\/\"},\"sameAs\":[\"https:\\\/\\\/www.facebook.com\\\/Radiio-Ljubuski-1490835324566332\",\"https:\\\/\\\/x.com\\\/radioljubuski\",\"https:\\\/\\\/hr.linkedin.com\\\/company\\\/radio-ljubuski\",\"https:\\\/\\\/www.youtube.com\\\/channel\\\/UCHYaeO_n0Db3tjNGudGpXyw\"]},{\"@type\":\"Person\",\"@id\":\"https:\\\/\\\/radioljubuski.ba\\\/#\\\/schema\\\/person\\\/19fc700381a780f69665d7956c469e3b\",\"name\":\"Radio Ljubu\u0161ki\"}]}<\/script>\n<!-- \/ Yoast SEO plugin. -->","yoast_head_json":{"title":"Zatvorski \u010duvari u Italiji divlja\u010dki mlate zatvorenike, snimka zgrozila Italiju - video - RADIO LJUBU\u0160KI","robots":{"index":"index","follow":"follow","max-snippet":"max-snippet:-1","max-image-preview":"max-image-preview:large","max-video-preview":"max-video-preview:-1"},"canonical":"https:\/\/radioljubuski.ba\/index.php\/2021\/07\/01\/zatvorski-cuvari-u-italiji-divljacki-mlate-zatvorenike-snimka-zgrozila-italiju-video\/","og_locale":"hr_HR","og_type":"article","og_title":"Zatvorski \u010duvari u Italiji divlja\u010dki mlate zatvorenike, snimka zgrozila Italiju - video - RADIO LJUBU\u0160KI","og_description":"Snimke talijanskih zatvorskih \u010duvara koji mlate zatvorenike palicama i \u0161akama nakon lanjskih prosvjeda u vezi s pandemijom koronavirusa zgrozile su Italiju u srijedu i razbjesnile ministricu pravosu\u0111a. Premla\u0107ivanje se dogodilo 6. travnja 2020. u zatvoru Santa Maria Capua Vetere, sjeverno od Napulja, a snimke videonadzora objavio je u srijedu dnevni list Domani.&nbsp; Snimka je izazvala [&hellip;]","og_url":"https:\/\/radioljubuski.ba\/index.php\/2021\/07\/01\/zatvorski-cuvari-u-italiji-divljacki-mlate-zatvorenike-snimka-zgrozila-italiju-video\/","og_site_name":"RADIO LJUBU\u0160KI","article_publisher":"https:\/\/www.facebook.com\/Radiio-Ljubuski-1490835324566332","article_published_time":"2021-07-01T10:05:29+00:00","article_modified_time":"2021-07-01T10:05:31+00:00","og_image":[{"width":1000,"height":625,"url":"https:\/\/radioljubuski.ba\/wp-content\/uploads\/2021\/07\/2-2021-07-01-08-11-56-screeen.jpg","type":"image\/jpeg"}],"author":"Radio Ljubu\u0161ki","twitter_card":"summary_large_image","twitter_creator":"@radioljubuski","twitter_site":"@radioljubuski","twitter_misc":{"Napisao\/la":"Radio Ljubu\u0161ki","Procijenjeno vrijeme \u010ditanja":"2 minute"},"schema":{"@context":"https:\/\/schema.org","@graph":[{"@type":"Article","@id":"https:\/\/radioljubuski.ba\/index.php\/2021\/07\/01\/zatvorski-cuvari-u-italiji-divljacki-mlate-zatvorenike-snimka-zgrozila-italiju-video\/#article","isPartOf":{"@id":"https:\/\/radioljubuski.ba\/index.php\/2021\/07\/01\/zatvorski-cuvari-u-italiji-divljacki-mlate-zatvorenike-snimka-zgrozila-italiju-video\/"},"author":{"name":"Radio Ljubu\u0161ki","@id":"https:\/\/radioljubuski.ba\/#\/schema\/person\/19fc700381a780f69665d7956c469e3b"},"headline":"Zatvorski \u010duvari u Italiji divlja\u010dki mlate zatvorenike, snimka zgrozila Italiju &#8211; video","datePublished":"2021-07-01T10:05:29+00:00","dateModified":"2021-07-01T10:05:31+00:00","mainEntityOfPage":{"@id":"https:\/\/radioljubuski.ba\/index.php\/2021\/07\/01\/zatvorski-cuvari-u-italiji-divljacki-mlate-zatvorenike-snimka-zgrozila-italiju-video\/"},"wordCount":315,"publisher":{"@id":"https:\/\/radioljubuski.ba\/#organization"},"image":{"@id":"https:\/\/radioljubuski.ba\/index.php\/2021\/07\/01\/zatvorski-cuvari-u-italiji-divljacki-mlate-zatvorenike-snimka-zgrozila-italiju-video\/#primaryimage"},"thumbnailUrl":"https:\/\/radioljubuski.ba\/wp-content\/uploads\/2021\/07\/2-2021-07-01-08-11-56-screeen.jpg","articleSection":["BIH i regija"],"inLanguage":"hr"},{"@type":"WebPage","@id":"https:\/\/radioljubuski.ba\/index.php\/2021\/07\/01\/zatvorski-cuvari-u-italiji-divljacki-mlate-zatvorenike-snimka-zgrozila-italiju-video\/","url":"https:\/\/radioljubuski.ba\/index.php\/2021\/07\/01\/zatvorski-cuvari-u-italiji-divljacki-mlate-zatvorenike-snimka-zgrozila-italiju-video\/","name":"Zatvorski \u010duvari u Italiji divlja\u010dki mlate zatvorenike, snimka zgrozila Italiju - video - RADIO LJUBU\u0160KI","isPartOf":{"@id":"https:\/\/radioljubuski.ba\/#website"},"primaryImageOfPage":{"@id":"https:\/\/radioljubuski.ba\/index.php\/2021\/07\/01\/zatvorski-cuvari-u-italiji-divljacki-mlate-zatvorenike-snimka-zgrozila-italiju-video\/#primaryimage"},"image":{"@id":"https:\/\/radioljubuski.ba\/index.php\/2021\/07\/01\/zatvorski-cuvari-u-italiji-divljacki-mlate-zatvorenike-snimka-zgrozila-italiju-video\/#primaryimage"},"thumbnailUrl":"https:\/\/radioljubuski.ba\/wp-content\/uploads\/2021\/07\/2-2021-07-01-08-11-56-screeen.jpg","datePublished":"2021-07-01T10:05:29+00:00","dateModified":"2021-07-01T10:05:31+00:00","breadcrumb":{"@id":"https:\/\/radioljubuski.ba\/index.php\/2021\/07\/01\/zatvorski-cuvari-u-italiji-divljacki-mlate-zatvorenike-snimka-zgrozila-italiju-video\/#breadcrumb"},"inLanguage":"hr","potentialAction":[{"@type":"ReadAction","target":["https:\/\/radioljubuski.ba\/index.php\/2021\/07\/01\/zatvorski-cuvari-u-italiji-divljacki-mlate-zatvorenike-snimka-zgrozila-italiju-video\/"]}]},{"@type":"ImageObject","inLanguage":"hr","@id":"https:\/\/radioljubuski.ba\/index.php\/2021\/07\/01\/zatvorski-cuvari-u-italiji-divljacki-mlate-zatvorenike-snimka-zgrozila-italiju-video\/#primaryimage","url":"https:\/\/radioljubuski.ba\/wp-content\/uploads\/2021\/07\/2-2021-07-01-08-11-56-screeen.jpg","contentUrl":"https:\/\/radioljubuski.ba\/wp-content\/uploads\/2021\/07\/2-2021-07-01-08-11-56-screeen.jpg","width":1000,"height":625},{"@type":"BreadcrumbList","@id":"https:\/\/radioljubuski.ba\/index.php\/2021\/07\/01\/zatvorski-cuvari-u-italiji-divljacki-mlate-zatvorenike-snimka-zgrozila-italiju-video\/#breadcrumb","itemListElement":[{"@type":"ListItem","position":1,"name":"Po\u010detna stranica","item":"https:\/\/radioljubuski.ba\/"},{"@type":"ListItem","position":2,"name":"Zatvorski \u010duvari u Italiji divlja\u010dki mlate zatvorenike, snimka zgrozila Italiju &#8211; video"}]},{"@type":"WebSite","@id":"https:\/\/radioljubuski.ba\/#website","url":"https:\/\/radioljubuski.ba\/","name":"Radio Ljubu\u0161ki","description":"Sun\u010dana frekvencija Hercegovine","publisher":{"@id":"https:\/\/radioljubuski.ba\/#organization"},"potentialAction":[{"@type":"SearchAction","target":{"@type":"EntryPoint","urlTemplate":"https:\/\/radioljubuski.ba\/?s={search_term_string}"},"query-input":{"@type":"PropertyValueSpecification","valueRequired":true,"valueName":"search_term_string"}}],"inLanguage":"hr"},{"@type":"Organization","@id":"https:\/\/radioljubuski.ba\/#organization","name":"Radio Ljubu\u0161ki","url":"https:\/\/radioljubuski.ba\/","logo":{"@type":"ImageObject","inLanguage":"hr","@id":"https:\/\/radioljubuski.ba\/#\/schema\/logo\/image\/","url":"https:\/\/radioljubuski.ba\/wp-content\/uploads\/2021\/02\/cropped-Radio_Ljubuski_logo1.jpg","contentUrl":"https:\/\/radioljubuski.ba\/wp-content\/uploads\/2021\/02\/cropped-Radio_Ljubuski_logo1.jpg","width":512,"height":512,"caption":"Radio Ljubu\u0161ki"},"image":{"@id":"https:\/\/radioljubuski.ba\/#\/schema\/logo\/image\/"},"sameAs":["https:\/\/www.facebook.com\/Radiio-Ljubuski-1490835324566332","https:\/\/x.com\/radioljubuski","https:\/\/hr.linkedin.com\/company\/radio-ljubuski","https:\/\/www.youtube.com\/channel\/UCHYaeO_n0Db3tjNGudGpXyw"]},{"@type":"Person","@id":"https:\/\/radioljubuski.ba\/#\/schema\/person\/19fc700381a780f69665d7956c469e3b","name":"Radio Ljubu\u0161ki"}]}},"_links":{"self":[{"href":"https:\/\/radioljubuski.ba\/index.php\/wp-json\/wp\/v2\/posts\/37773","targetHints":{"allow":["GET"]}}],"collection":[{"href":"https:\/\/radioljubuski.ba\/index.php\/wp-json\/wp\/v2\/posts"}],"about":[{"href":"https:\/\/radioljubuski.ba\/index.php\/wp-json\/wp\/v2\/types\/post"}],"author":[{"embeddable":true,"href":"https:\/\/radioljubuski.ba\/index.php\/wp-json\/wp\/v2\/users\/2"}],"replies":[{"embeddable":true,"href":"https:\/\/radioljubuski.ba\/index.php\/wp-json\/wp\/v2\/comments?post=37773"}],"version-history":[{"count":1,"href":"https:\/\/radioljubuski.ba\/index.php\/wp-json\/wp\/v2\/posts\/37773\/revisions"}],"predecessor-version":[{"id":37775,"href":"https:\/\/radioljubuski.ba\/index.php\/wp-json\/wp\/v2\/posts\/37773\/revisions\/37775"}],"wp:featuredmedia":[{"embeddable":true,"href":"https:\/\/radioljubuski.ba\/index.php\/wp-json\/wp\/v2\/media\/37774"}],"wp:attachment":[{"href":"https:\/\/radioljubuski.ba\/index.php\/wp-json\/wp\/v2\/media?parent=37773"}],"wp:term":[{"taxonomy":"category","embeddable":true,"href":"https:\/\/radioljubuski.ba\/index.php\/wp-json\/wp\/v2\/categories?post=37773"},{"taxonomy":"post_tag","embeddable":true,"href":"https:\/\/radioljubuski.ba\/index.php\/wp-json\/wp\/v2\/tags?post=37773"}],"curies":[{"name":"wp","href":"https:\/\/api.w.org\/{rel}","templated":true}]}}