{"id":37792,"date":"2021-07-01T11:16:57","date_gmt":"2021-07-01T10:16:57","guid":{"rendered":"https:\/\/radioljubuski.ba\/?p=37792"},"modified":"2021-07-01T11:16:58","modified_gmt":"2021-07-01T10:16:58","slug":"na-sve-posiljke-koje-idu-za-zemlje-eu-od-danas-se-placa-pdv","status":"publish","type":"post","link":"https:\/\/radioljubuski.ba\/index.php\/2021\/07\/01\/na-sve-posiljke-koje-idu-za-zemlje-eu-od-danas-se-placa-pdv\/","title":{"rendered":"Na sve po\u0161iljke koje idu za zemlje EU od danas se pla\u0107a PDV"},"content":{"rendered":"\n<p>Nova pravila Europske unije za prodaju robe na daljinu, unutar i van EU, stupila su na snagu danas.<\/p>\n\n\n\n<p>Kako je ranije re\u010deno iz BH Po\u0161te, ovo zna\u010di da se ukida osloba\u0111anje od poreza na dodanu vrijednost (PDV) za uvoz robe \u010dija vrijednost ne prelazi 22 eura.<\/p>\n\n\n\n<p>&#8220;Kao posljedica navedenog, sva komercijalna roba uvezena u EU podlijegat \u0107e obavezi pla\u0107anja PDV-a. U skladu s navedenim izmjenama, na komercijalnu robu sadr\u017eanu u po\u0161tanskim po\u0161iljkama, otpremljenim iz BiH u zemlje Europske unije, zemlja odredi\u0161ta \u0107e naplatit PDV primatelju po\u0161iljke, po stopi PDV-a koja se primjenjuje u dr\u017eavi \u010dlanici EU&#8221;, poru\u010dili su iz BH Po\u0161te.<\/p>\n\n\n\n<p>Navedena izmjena predstavlja pojednostavljenje pravila u vezi s prodajom usluga i robe na daljinu i osigurava jednake uvjete za porezne obveznike iz Europske unije u usporedbi s poreznim obveznicima iz tre\u0107ih zemalja.<\/p>\n\n\n\n<p>Izvor:klix.ba<\/p>\n","protected":false},"excerpt":{"rendered":"<p>Nova pravila Europske unije za prodaju robe na daljinu, unutar i van EU, stupila su na snagu danas. Kako je ranije re\u010deno iz BH Po\u0161te, ovo zna\u010di da se ukida osloba\u0111anje od poreza na dodanu vrijednost (PDV) za uvoz robe \u010dija vrijednost ne prelazi 22 eura. &#8220;Kao posljedica navedenog, sva komercijalna roba uvezena u EU [&hellip;]<\/p>\n","protected":false},"author":2,"featured_media":37793,"comment_status":"closed","ping_status":"closed","sticky":false,"template":"","format":"standard","meta":{"h5ap_radio_sources":[],"footnotes":""},"categories":[1],"tags":[],"class_list":["post-37792","post","type-post","status-publish","format-standard","has-post-thumbnail","hentry","category-bihiregija"],"yoast_head":"<!-- This site is optimized with the Yoast SEO plugin v27.5 - https:\/\/yoast.com\/product\/yoast-seo-wordpress\/ -->\n<title>Na sve po\u0161iljke koje idu za zemlje EU od danas se pla\u0107a PDV - RADIO LJUBU\u0160KI<\/title>\n<meta name=\"robots\" content=\"index, follow, max-snippet:-1, max-image-preview:large, max-video-preview:-1\" \/>\n<link rel=\"canonical\" href=\"https:\/\/radioljubuski.ba\/index.php\/2021\/07\/01\/na-sve-posiljke-koje-idu-za-zemlje-eu-od-danas-se-placa-pdv\/\" \/>\n<meta property=\"og:locale\" content=\"hr_HR\" \/>\n<meta property=\"og:type\" content=\"article\" \/>\n<meta property=\"og:title\" content=\"Na sve po\u0161iljke koje idu za zemlje EU od danas se pla\u0107a PDV - RADIO LJUBU\u0160KI\" \/>\n<meta property=\"og:description\" content=\"Nova pravila Europske unije za prodaju robe na daljinu, unutar i van EU, stupila su na snagu danas. Kako je ranije re\u010deno iz BH Po\u0161te, ovo zna\u010di da se ukida osloba\u0111anje od poreza na dodanu vrijednost (PDV) za uvoz robe \u010dija vrijednost ne prelazi 22 eura. &#8220;Kao posljedica navedenog, sva komercijalna roba uvezena u EU [&hellip;]\" \/>\n<meta property=\"og:url\" content=\"https:\/\/radioljubuski.ba\/index.php\/2021\/07\/01\/na-sve-posiljke-koje-idu-za-zemlje-eu-od-danas-se-placa-pdv\/\" \/>\n<meta property=\"og:site_name\" content=\"RADIO LJUBU\u0160KI\" \/>\n<meta property=\"article:publisher\" content=\"https:\/\/www.facebook.com\/Radiio-Ljubuski-1490835324566332\" \/>\n<meta property=\"article:published_time\" content=\"2021-07-01T10:16:57+00:00\" \/>\n<meta property=\"article:modified_time\" content=\"2021-07-01T10:16:58+00:00\" \/>\n<meta property=\"og:image\" content=\"https:\/\/radioljubuski.ba\/wp-content\/uploads\/2021\/07\/UgQGM0Nt_pdv.jpg\" \/>\n\t<meta property=\"og:image:width\" content=\"1000\" \/>\n\t<meta property=\"og:image:height\" content=\"625\" \/>\n\t<meta property=\"og:image:type\" content=\"image\/jpeg\" \/>\n<meta name=\"author\" content=\"Radio Ljubu\u0161ki\" \/>\n<meta name=\"twitter:card\" content=\"summary_large_image\" \/>\n<meta name=\"twitter:creator\" content=\"@radioljubuski\" \/>\n<meta name=\"twitter:site\" content=\"@radioljubuski\" \/>\n<meta name=\"twitter:label1\" content=\"Napisao\/la\" \/>\n\t<meta name=\"twitter:data1\" content=\"Radio Ljubu\u0161ki\" \/>\n\t<meta name=\"twitter:label2\" content=\"Procijenjeno vrijeme \u010ditanja\" \/>\n\t<meta name=\"twitter:data2\" content=\"1 minuta\" \/>\n<script type=\"application\/ld+json\" class=\"yoast-schema-graph\">{\"@context\":\"https:\\\/\\\/schema.org\",\"@graph\":[{\"@type\":\"Article\",\"@id\":\"https:\\\/\\\/radioljubuski.ba\\\/index.php\\\/2021\\\/07\\\/01\\\/na-sve-posiljke-koje-idu-za-zemlje-eu-od-danas-se-placa-pdv\\\/#article\",\"isPartOf\":{\"@id\":\"https:\\\/\\\/radioljubuski.ba\\\/index.php\\\/2021\\\/07\\\/01\\\/na-sve-posiljke-koje-idu-za-zemlje-eu-od-danas-se-placa-pdv\\\/\"},\"author\":{\"name\":\"Radio Ljubu\u0161ki\",\"@id\":\"https:\\\/\\\/radioljubuski.ba\\\/#\\\/schema\\\/person\\\/19fc700381a780f69665d7956c469e3b\"},\"headline\":\"Na sve po\u0161iljke koje idu za zemlje EU od danas se pla\u0107a PDV\",\"datePublished\":\"2021-07-01T10:16:57+00:00\",\"dateModified\":\"2021-07-01T10:16:58+00:00\",\"mainEntityOfPage\":{\"@id\":\"https:\\\/\\\/radioljubuski.ba\\\/index.php\\\/2021\\\/07\\\/01\\\/na-sve-posiljke-koje-idu-za-zemlje-eu-od-danas-se-placa-pdv\\\/\"},\"wordCount\":164,\"publisher\":{\"@id\":\"https:\\\/\\\/radioljubuski.ba\\\/#organization\"},\"image\":{\"@id\":\"https:\\\/\\\/radioljubuski.ba\\\/index.php\\\/2021\\\/07\\\/01\\\/na-sve-posiljke-koje-idu-za-zemlje-eu-od-danas-se-placa-pdv\\\/#primaryimage\"},\"thumbnailUrl\":\"https:\\\/\\\/radioljubuski.ba\\\/wp-content\\\/uploads\\\/2021\\\/07\\\/UgQGM0Nt_pdv.jpg\",\"articleSection\":[\"BIH i regija\"],\"inLanguage\":\"hr\"},{\"@type\":\"WebPage\",\"@id\":\"https:\\\/\\\/radioljubuski.ba\\\/index.php\\\/2021\\\/07\\\/01\\\/na-sve-posiljke-koje-idu-za-zemlje-eu-od-danas-se-placa-pdv\\\/\",\"url\":\"https:\\\/\\\/radioljubuski.ba\\\/index.php\\\/2021\\\/07\\\/01\\\/na-sve-posiljke-koje-idu-za-zemlje-eu-od-danas-se-placa-pdv\\\/\",\"name\":\"Na sve po\u0161iljke koje idu za zemlje EU od danas se pla\u0107a PDV - RADIO LJUBU\u0160KI\",\"isPartOf\":{\"@id\":\"https:\\\/\\\/radioljubuski.ba\\\/#website\"},\"primaryImageOfPage\":{\"@id\":\"https:\\\/\\\/radioljubuski.ba\\\/index.php\\\/2021\\\/07\\\/01\\\/na-sve-posiljke-koje-idu-za-zemlje-eu-od-danas-se-placa-pdv\\\/#primaryimage\"},\"image\":{\"@id\":\"https:\\\/\\\/radioljubuski.ba\\\/index.php\\\/2021\\\/07\\\/01\\\/na-sve-posiljke-koje-idu-za-zemlje-eu-od-danas-se-placa-pdv\\\/#primaryimage\"},\"thumbnailUrl\":\"https:\\\/\\\/radioljubuski.ba\\\/wp-content\\\/uploads\\\/2021\\\/07\\\/UgQGM0Nt_pdv.jpg\",\"datePublished\":\"2021-07-01T10:16:57+00:00\",\"dateModified\":\"2021-07-01T10:16:58+00:00\",\"breadcrumb\":{\"@id\":\"https:\\\/\\\/radioljubuski.ba\\\/index.php\\\/2021\\\/07\\\/01\\\/na-sve-posiljke-koje-idu-za-zemlje-eu-od-danas-se-placa-pdv\\\/#breadcrumb\"},\"inLanguage\":\"hr\",\"potentialAction\":[{\"@type\":\"ReadAction\",\"target\":[\"https:\\\/\\\/radioljubuski.ba\\\/index.php\\\/2021\\\/07\\\/01\\\/na-sve-posiljke-koje-idu-za-zemlje-eu-od-danas-se-placa-pdv\\\/\"]}]},{\"@type\":\"ImageObject\",\"inLanguage\":\"hr\",\"@id\":\"https:\\\/\\\/radioljubuski.ba\\\/index.php\\\/2021\\\/07\\\/01\\\/na-sve-posiljke-koje-idu-za-zemlje-eu-od-danas-se-placa-pdv\\\/#primaryimage\",\"url\":\"https:\\\/\\\/radioljubuski.ba\\\/wp-content\\\/uploads\\\/2021\\\/07\\\/UgQGM0Nt_pdv.jpg\",\"contentUrl\":\"https:\\\/\\\/radioljubuski.ba\\\/wp-content\\\/uploads\\\/2021\\\/07\\\/UgQGM0Nt_pdv.jpg\",\"width\":1000,\"height\":625},{\"@type\":\"BreadcrumbList\",\"@id\":\"https:\\\/\\\/radioljubuski.ba\\\/index.php\\\/2021\\\/07\\\/01\\\/na-sve-posiljke-koje-idu-za-zemlje-eu-od-danas-se-placa-pdv\\\/#breadcrumb\",\"itemListElement\":[{\"@type\":\"ListItem\",\"position\":1,\"name\":\"Po\u010detna stranica\",\"item\":\"https:\\\/\\\/radioljubuski.ba\\\/\"},{\"@type\":\"ListItem\",\"position\":2,\"name\":\"Na sve po\u0161iljke koje idu za zemlje EU od danas se pla\u0107a PDV\"}]},{\"@type\":\"WebSite\",\"@id\":\"https:\\\/\\\/radioljubuski.ba\\\/#website\",\"url\":\"https:\\\/\\\/radioljubuski.ba\\\/\",\"name\":\"Radio Ljubu\u0161ki\",\"description\":\"Sun\u010dana frekvencija Hercegovine\",\"publisher\":{\"@id\":\"https:\\\/\\\/radioljubuski.ba\\\/#organization\"},\"potentialAction\":[{\"@type\":\"SearchAction\",\"target\":{\"@type\":\"EntryPoint\",\"urlTemplate\":\"https:\\\/\\\/radioljubuski.ba\\\/?s={search_term_string}\"},\"query-input\":{\"@type\":\"PropertyValueSpecification\",\"valueRequired\":true,\"valueName\":\"search_term_string\"}}],\"inLanguage\":\"hr\"},{\"@type\":\"Organization\",\"@id\":\"https:\\\/\\\/radioljubuski.ba\\\/#organization\",\"name\":\"Radio Ljubu\u0161ki\",\"url\":\"https:\\\/\\\/radioljubuski.ba\\\/\",\"logo\":{\"@type\":\"ImageObject\",\"inLanguage\":\"hr\",\"@id\":\"https:\\\/\\\/radioljubuski.ba\\\/#\\\/schema\\\/logo\\\/image\\\/\",\"url\":\"https:\\\/\\\/radioljubuski.ba\\\/wp-content\\\/uploads\\\/2021\\\/02\\\/cropped-Radio_Ljubuski_logo1.jpg\",\"contentUrl\":\"https:\\\/\\\/radioljubuski.ba\\\/wp-content\\\/uploads\\\/2021\\\/02\\\/cropped-Radio_Ljubuski_logo1.jpg\",\"width\":512,\"height\":512,\"caption\":\"Radio Ljubu\u0161ki\"},\"image\":{\"@id\":\"https:\\\/\\\/radioljubuski.ba\\\/#\\\/schema\\\/logo\\\/image\\\/\"},\"sameAs\":[\"https:\\\/\\\/www.facebook.com\\\/Radiio-Ljubuski-1490835324566332\",\"https:\\\/\\\/x.com\\\/radioljubuski\",\"https:\\\/\\\/hr.linkedin.com\\\/company\\\/radio-ljubuski\",\"https:\\\/\\\/www.youtube.com\\\/channel\\\/UCHYaeO_n0Db3tjNGudGpXyw\"]},{\"@type\":\"Person\",\"@id\":\"https:\\\/\\\/radioljubuski.ba\\\/#\\\/schema\\\/person\\\/19fc700381a780f69665d7956c469e3b\",\"name\":\"Radio Ljubu\u0161ki\"}]}<\/script>\n<!-- \/ Yoast SEO plugin. -->","yoast_head_json":{"title":"Na sve po\u0161iljke koje idu za zemlje EU od danas se pla\u0107a PDV - RADIO LJUBU\u0160KI","robots":{"index":"index","follow":"follow","max-snippet":"max-snippet:-1","max-image-preview":"max-image-preview:large","max-video-preview":"max-video-preview:-1"},"canonical":"https:\/\/radioljubuski.ba\/index.php\/2021\/07\/01\/na-sve-posiljke-koje-idu-za-zemlje-eu-od-danas-se-placa-pdv\/","og_locale":"hr_HR","og_type":"article","og_title":"Na sve po\u0161iljke koje idu za zemlje EU od danas se pla\u0107a PDV - RADIO LJUBU\u0160KI","og_description":"Nova pravila Europske unije za prodaju robe na daljinu, unutar i van EU, stupila su na snagu danas. Kako je ranije re\u010deno iz BH Po\u0161te, ovo zna\u010di da se ukida osloba\u0111anje od poreza na dodanu vrijednost (PDV) za uvoz robe \u010dija vrijednost ne prelazi 22 eura. &#8220;Kao posljedica navedenog, sva komercijalna roba uvezena u EU [&hellip;]","og_url":"https:\/\/radioljubuski.ba\/index.php\/2021\/07\/01\/na-sve-posiljke-koje-idu-za-zemlje-eu-od-danas-se-placa-pdv\/","og_site_name":"RADIO LJUBU\u0160KI","article_publisher":"https:\/\/www.facebook.com\/Radiio-Ljubuski-1490835324566332","article_published_time":"2021-07-01T10:16:57+00:00","article_modified_time":"2021-07-01T10:16:58+00:00","og_image":[{"width":1000,"height":625,"url":"https:\/\/radioljubuski.ba\/wp-content\/uploads\/2021\/07\/UgQGM0Nt_pdv.jpg","type":"image\/jpeg"}],"author":"Radio Ljubu\u0161ki","twitter_card":"summary_large_image","twitter_creator":"@radioljubuski","twitter_site":"@radioljubuski","twitter_misc":{"Napisao\/la":"Radio Ljubu\u0161ki","Procijenjeno vrijeme \u010ditanja":"1 minuta"},"schema":{"@context":"https:\/\/schema.org","@graph":[{"@type":"Article","@id":"https:\/\/radioljubuski.ba\/index.php\/2021\/07\/01\/na-sve-posiljke-koje-idu-za-zemlje-eu-od-danas-se-placa-pdv\/#article","isPartOf":{"@id":"https:\/\/radioljubuski.ba\/index.php\/2021\/07\/01\/na-sve-posiljke-koje-idu-za-zemlje-eu-od-danas-se-placa-pdv\/"},"author":{"name":"Radio Ljubu\u0161ki","@id":"https:\/\/radioljubuski.ba\/#\/schema\/person\/19fc700381a780f69665d7956c469e3b"},"headline":"Na sve po\u0161iljke koje idu za zemlje EU od danas se pla\u0107a PDV","datePublished":"2021-07-01T10:16:57+00:00","dateModified":"2021-07-01T10:16:58+00:00","mainEntityOfPage":{"@id":"https:\/\/radioljubuski.ba\/index.php\/2021\/07\/01\/na-sve-posiljke-koje-idu-za-zemlje-eu-od-danas-se-placa-pdv\/"},"wordCount":164,"publisher":{"@id":"https:\/\/radioljubuski.ba\/#organization"},"image":{"@id":"https:\/\/radioljubuski.ba\/index.php\/2021\/07\/01\/na-sve-posiljke-koje-idu-za-zemlje-eu-od-danas-se-placa-pdv\/#primaryimage"},"thumbnailUrl":"https:\/\/radioljubuski.ba\/wp-content\/uploads\/2021\/07\/UgQGM0Nt_pdv.jpg","articleSection":["BIH i regija"],"inLanguage":"hr"},{"@type":"WebPage","@id":"https:\/\/radioljubuski.ba\/index.php\/2021\/07\/01\/na-sve-posiljke-koje-idu-za-zemlje-eu-od-danas-se-placa-pdv\/","url":"https:\/\/radioljubuski.ba\/index.php\/2021\/07\/01\/na-sve-posiljke-koje-idu-za-zemlje-eu-od-danas-se-placa-pdv\/","name":"Na sve po\u0161iljke koje idu za zemlje EU od danas se pla\u0107a PDV - RADIO LJUBU\u0160KI","isPartOf":{"@id":"https:\/\/radioljubuski.ba\/#website"},"primaryImageOfPage":{"@id":"https:\/\/radioljubuski.ba\/index.php\/2021\/07\/01\/na-sve-posiljke-koje-idu-za-zemlje-eu-od-danas-se-placa-pdv\/#primaryimage"},"image":{"@id":"https:\/\/radioljubuski.ba\/index.php\/2021\/07\/01\/na-sve-posiljke-koje-idu-za-zemlje-eu-od-danas-se-placa-pdv\/#primaryimage"},"thumbnailUrl":"https:\/\/radioljubuski.ba\/wp-content\/uploads\/2021\/07\/UgQGM0Nt_pdv.jpg","datePublished":"2021-07-01T10:16:57+00:00","dateModified":"2021-07-01T10:16:58+00:00","breadcrumb":{"@id":"https:\/\/radioljubuski.ba\/index.php\/2021\/07\/01\/na-sve-posiljke-koje-idu-za-zemlje-eu-od-danas-se-placa-pdv\/#breadcrumb"},"inLanguage":"hr","potentialAction":[{"@type":"ReadAction","target":["https:\/\/radioljubuski.ba\/index.php\/2021\/07\/01\/na-sve-posiljke-koje-idu-za-zemlje-eu-od-danas-se-placa-pdv\/"]}]},{"@type":"ImageObject","inLanguage":"hr","@id":"https:\/\/radioljubuski.ba\/index.php\/2021\/07\/01\/na-sve-posiljke-koje-idu-za-zemlje-eu-od-danas-se-placa-pdv\/#primaryimage","url":"https:\/\/radioljubuski.ba\/wp-content\/uploads\/2021\/07\/UgQGM0Nt_pdv.jpg","contentUrl":"https:\/\/radioljubuski.ba\/wp-content\/uploads\/2021\/07\/UgQGM0Nt_pdv.jpg","width":1000,"height":625},{"@type":"BreadcrumbList","@id":"https:\/\/radioljubuski.ba\/index.php\/2021\/07\/01\/na-sve-posiljke-koje-idu-za-zemlje-eu-od-danas-se-placa-pdv\/#breadcrumb","itemListElement":[{"@type":"ListItem","position":1,"name":"Po\u010detna stranica","item":"https:\/\/radioljubuski.ba\/"},{"@type":"ListItem","position":2,"name":"Na sve po\u0161iljke koje idu za zemlje EU od danas se pla\u0107a PDV"}]},{"@type":"WebSite","@id":"https:\/\/radioljubuski.ba\/#website","url":"https:\/\/radioljubuski.ba\/","name":"Radio Ljubu\u0161ki","description":"Sun\u010dana frekvencija Hercegovine","publisher":{"@id":"https:\/\/radioljubuski.ba\/#organization"},"potentialAction":[{"@type":"SearchAction","target":{"@type":"EntryPoint","urlTemplate":"https:\/\/radioljubuski.ba\/?s={search_term_string}"},"query-input":{"@type":"PropertyValueSpecification","valueRequired":true,"valueName":"search_term_string"}}],"inLanguage":"hr"},{"@type":"Organization","@id":"https:\/\/radioljubuski.ba\/#organization","name":"Radio Ljubu\u0161ki","url":"https:\/\/radioljubuski.ba\/","logo":{"@type":"ImageObject","inLanguage":"hr","@id":"https:\/\/radioljubuski.ba\/#\/schema\/logo\/image\/","url":"https:\/\/radioljubuski.ba\/wp-content\/uploads\/2021\/02\/cropped-Radio_Ljubuski_logo1.jpg","contentUrl":"https:\/\/radioljubuski.ba\/wp-content\/uploads\/2021\/02\/cropped-Radio_Ljubuski_logo1.jpg","width":512,"height":512,"caption":"Radio Ljubu\u0161ki"},"image":{"@id":"https:\/\/radioljubuski.ba\/#\/schema\/logo\/image\/"},"sameAs":["https:\/\/www.facebook.com\/Radiio-Ljubuski-1490835324566332","https:\/\/x.com\/radioljubuski","https:\/\/hr.linkedin.com\/company\/radio-ljubuski","https:\/\/www.youtube.com\/channel\/UCHYaeO_n0Db3tjNGudGpXyw"]},{"@type":"Person","@id":"https:\/\/radioljubuski.ba\/#\/schema\/person\/19fc700381a780f69665d7956c469e3b","name":"Radio Ljubu\u0161ki"}]}},"_links":{"self":[{"href":"https:\/\/radioljubuski.ba\/index.php\/wp-json\/wp\/v2\/posts\/37792","targetHints":{"allow":["GET"]}}],"collection":[{"href":"https:\/\/radioljubuski.ba\/index.php\/wp-json\/wp\/v2\/posts"}],"about":[{"href":"https:\/\/radioljubuski.ba\/index.php\/wp-json\/wp\/v2\/types\/post"}],"author":[{"embeddable":true,"href":"https:\/\/radioljubuski.ba\/index.php\/wp-json\/wp\/v2\/users\/2"}],"replies":[{"embeddable":true,"href":"https:\/\/radioljubuski.ba\/index.php\/wp-json\/wp\/v2\/comments?post=37792"}],"version-history":[{"count":1,"href":"https:\/\/radioljubuski.ba\/index.php\/wp-json\/wp\/v2\/posts\/37792\/revisions"}],"predecessor-version":[{"id":37794,"href":"https:\/\/radioljubuski.ba\/index.php\/wp-json\/wp\/v2\/posts\/37792\/revisions\/37794"}],"wp:featuredmedia":[{"embeddable":true,"href":"https:\/\/radioljubuski.ba\/index.php\/wp-json\/wp\/v2\/media\/37793"}],"wp:attachment":[{"href":"https:\/\/radioljubuski.ba\/index.php\/wp-json\/wp\/v2\/media?parent=37792"}],"wp:term":[{"taxonomy":"category","embeddable":true,"href":"https:\/\/radioljubuski.ba\/index.php\/wp-json\/wp\/v2\/categories?post=37792"},{"taxonomy":"post_tag","embeddable":true,"href":"https:\/\/radioljubuski.ba\/index.php\/wp-json\/wp\/v2\/tags?post=37792"}],"curies":[{"name":"wp","href":"https:\/\/api.w.org\/{rel}","templated":true}]}}