{"id":37797,"date":"2021-07-01T11:19:40","date_gmt":"2021-07-01T10:19:40","guid":{"rendered":"https:\/\/radioljubuski.ba\/?p=37797"},"modified":"2021-07-01T11:19:41","modified_gmt":"2021-07-01T10:19:41","slug":"covid-potvrde-stupaju-na-snagu-ali-delta-varijanta-predstavlja-prijetnju","status":"publish","type":"post","link":"https:\/\/radioljubuski.ba\/index.php\/2021\/07\/01\/covid-potvrde-stupaju-na-snagu-ali-delta-varijanta-predstavlja-prijetnju\/","title":{"rendered":"Covid potvrde stupaju na snagu, ali delta varijanta predstavlja prijetnju"},"content":{"rendered":"\n<p>Potvrda o lak\u0161im putovanjima na razini cijele Europske unije stupa na snagu u \u010detvrtak, u vrijeme ljetnih odmora u Europi, no zaraznija delta varijanta koronavirusa ve\u0107 prijeti smanjenju njezine upotrebe.&nbsp;<\/p>\n\n\n\n<p>Dokument EU-a, odnosno QR kod dostupan u digitalnom obliku na pametnim telefonima ili u papirnatom obliku, pokazuje je li putnik cijepljen jednim od cjepiva koje je odobrila EU (BioNTech\/Pfizer, AstraZeneca, Moderna ili Johnson &amp; Johnson), je li prebolio covid-19 ili ima negativan test na koronavirus.&nbsp;<\/p>\n\n\n\n<p>Certifikat slu\u017ei da se izbjegne potreba za karantenom i daljnjim testiranjima tijekom putovanja izme\u0111u 27 zemalja \u010dlanica EU-a i \u010detiri pridru\u017eene europske zemlje &#8211; Irske, Norve\u0161ke, \u0160vicarske i Lihten\u0161tajna.&nbsp;<\/p>\n\n\n\n<p>Europski povjerenik za pravosu\u0111e Didier Reynders rekao je da o\u010dekuje da \u0107e sve \u010dlanice EU-a biti povezane od \u010detvrtka. Jedino \u0107e Irska, \u010diji je zdravstveni sustav pretrpio kiberneti\u010dki napad u svibnju, kasniti s uvo\u0111enjem.&nbsp;<\/p>\n\n\n\n<p>Do srijede je ve\u0107 21 \u010dlanica EU-a prihvatila certifikat, uklju\u010duju\u0107i vode\u0107e turisti\u010dke destinacije &#8211; Francusku, \u0160panjolsku, Italiju, Gr\u010dku i Hrvatsku.&nbsp;<\/p>\n\n\n\n<p>&#8220;Preporu\u010dujemo svim zemljama \u010dlanicama da koriste taj alat ne samo za slobodno kretanje (&#8230;) ve\u0107 i za svaku mogu\u0107u nacionalnu uporabu te u druge svrhe: odlaske na koncerte, festivale, u kazali\u0161ta, restorane&#8221;, rekao je Reynders.&nbsp;<\/p>\n\n\n\n<p>No nagli porast delta varijante, koja je prvi put otkrivena u Indiji, a sada se \u0161iri u biv\u0161oj \u010dlanici EU-a, Britaniji, mogao bi pokrenuti odredbu &#8220;emergency brake&#8221; (ru\u010dna ko\u010dnica) kojom se suspendira prihva\u0107anje certifikata.&nbsp;<\/p>\n\n\n\n<p>Njema\u010dka je ve\u0107 najavila zabranu ulaska putnicima iz Portugala gdje je delta varijanta postala dominantna. Izuzeti su samo njema\u010dki dr\u017eavljani i stanovnici koji pri povratku u Njema\u010dku moraju biti dva tjedna u karanteni.&nbsp;<\/p>\n\n\n\n<p>Odluka Berlina razbjesnila je Bruxelles, a Reynders je rekao da &#8220;trebamo izbjegavati zabrane putovanja&#8221; unutar EU-a i istaknuo da se Njema\u010dka prvo trebala konzultirati s partnerima.&nbsp;<\/p>\n\n\n\n<p><strong>Delta varijanta<\/strong><\/p>\n\n\n\n<p>Zapanjuju\u0107i porast zaraza delta varijantom u Britaniji, koja ima dvotjednu stopu zaraza vi\u0161e od sedam puta ve\u0107u od one u EU &#8211; izaziva duboku zabrinutost na kontinentu.<\/p>\n\n\n\n<p>Na samitu EU-a pro\u0161li tjedan, njema\u010dka kancelarka Angela Merkel kritizirala je zemlje na jugu EU-a, koje vape za turistima, \u0161to su dopu\u0161tale ulazak Britancima s minimalnim covid provjerama.&nbsp;<\/p>\n\n\n\n<p>Portugal, \u0160panjolska i Malta ovaj tjedan su naglo pove\u0107ale ograni\u010denja za putnike iz Britanije i tra\u017ee potpuno cijepljenje za ulazak.&nbsp;<\/p>\n\n\n\n<p>Osim certifikata EU-a, Bruxelles poziva sve dr\u017eave \u010dlanice da dopuste ulazak samo potpuno cijepljenim putnicima izvan bloka ili onima s hitnim razlozima.<\/p>\n\n\n\n<p>No to je tek &#8220;preporuka&#8221; koja se, za razliku od certifikata, mo\u017ee ignorirati. &nbsp;<\/p>\n\n\n\n<p>\u010cak ni certifikat EU-a mo\u017eda ne\u0107e biti ono \u010demu se svi nadaju.&nbsp;<\/p>\n\n\n\n<p>&#8220;Nema sumnje da bi turisti\u010dka industrija mogla dobiti poticaj na vrijeme za ljetnu sezonu&#8221;, objavio je Capital Economics.&nbsp;<\/p>\n\n\n\n<p>No predvi\u0111a da \u0107e certifikat EU-a &#8220;imati vrlo mali utjecaj na europski turizam ove godine&#8221;, primje\u0107uju\u0107i da &#8220;ve\u0107ina odraslih nije potpuno cijepljena i da su ljudi i vlade zbog delta varijante sve oprezniji&#8221;.&nbsp;<\/p>\n\n\n\n<p><strong>Zrakoplovne tvrtke zabrinute<\/strong><\/p>\n\n\n\n<p>Zrakoplovne tvrtke okupljene u skupini A4E izrazile su zabrinutost da bi &#8220;nedosljedan pristup&#8221; me\u0111u zemljama EU-a u provjeri certifikata mogao stvoriti duge redove u zra\u010dnim lukama s potencijalom da se &#8220;stvore nove opasnosti za zdravlje&#8221;.<\/p>\n\n\n\n<p>Pozivaju na provjeru certifikata online prije nego \u0161to putnici uop\u0107e stignu u zra\u010dnu luku.&nbsp;<\/p>\n\n\n\n<p>Reynders im je odgovorio da je Europska komisija spremna pomo\u0107 s tehni\u010dkom provedbom, ali je naglasio \u010dinjenicu da postoji jedan certifikat EU-a umjesto 27 nacionalnih \u0161to uvelike pojednostavljuje putovanja unutar bloka.<\/p>\n\n\n\n<p>Vlade EU-a poku\u0161avaju uravnote\u017eiti \u017eelju javnosti za ljetnim odmorima nakon te\u0161ke godine ograni\u010denja s utrkom u cijepljenju i delta varijantom.<\/p>\n\n\n\n<p>Statistika AFP-a koja objedinjuje slu\u017ebene zdravstvene podatke iz cijele Unije pokazuje da je 50,4 posto stanovni\u0161tva bloka primilo barem jednu dozu cjepiva (u usporedbi sa 65,7 posto u Britaniji).<\/p>\n\n\n\n<p>Dosad se 32,7 posto stanovni\u0161tva EU-a potpuno cijepilo.&nbsp;<\/p>\n\n\n\n<p>Covid stru\u010dnjaci prvo su vjerovali da se kolektivni imunitet krda mo\u017ee dosti\u0107i potpunim cijepljenjem 70 posto populacije, ali sad procjenjuju da \u0107e biti potrebno 80 posto ili vi\u0161e, s obzirom na zaraze delta varijantom i \u010dinjenicom da su cjepiva manje u\u010dinkovita protiv te varijante.<\/p>\n\n\n\n<p>Izvor:pogled.ba<\/p>\n","protected":false},"excerpt":{"rendered":"<p>Potvrda o lak\u0161im putovanjima na razini cijele Europske unije stupa na snagu u \u010detvrtak, u vrijeme ljetnih odmora u Europi, no zaraznija delta varijanta koronavirusa ve\u0107 prijeti smanjenju njezine upotrebe.&nbsp; Dokument EU-a, odnosno QR kod dostupan u digitalnom obliku na pametnim telefonima ili u papirnatom obliku, pokazuje je li putnik cijepljen jednim od cjepiva koje [&hellip;]<\/p>\n","protected":false},"author":2,"featured_media":37799,"comment_status":"closed","ping_status":"closed","sticky":false,"template":"","format":"standard","meta":{"h5ap_radio_sources":[],"footnotes":""},"categories":[1],"tags":[],"class_list":["post-37797","post","type-post","status-publish","format-standard","has-post-thumbnail","hentry","category-bihiregija"],"yoast_head":"<!-- This site is optimized with the Yoast SEO plugin v27.5 - https:\/\/yoast.com\/product\/yoast-seo-wordpress\/ -->\n<title>Covid potvrde stupaju na snagu, ali delta varijanta predstavlja prijetnju - RADIO LJUBU\u0160KI<\/title>\n<meta name=\"robots\" content=\"index, follow, max-snippet:-1, max-image-preview:large, max-video-preview:-1\" \/>\n<link rel=\"canonical\" href=\"https:\/\/radioljubuski.ba\/index.php\/2021\/07\/01\/covid-potvrde-stupaju-na-snagu-ali-delta-varijanta-predstavlja-prijetnju\/\" \/>\n<meta property=\"og:locale\" content=\"hr_HR\" \/>\n<meta property=\"og:type\" content=\"article\" \/>\n<meta property=\"og:title\" content=\"Covid potvrde stupaju na snagu, ali delta varijanta predstavlja prijetnju - RADIO LJUBU\u0160KI\" \/>\n<meta property=\"og:description\" content=\"Potvrda o lak\u0161im putovanjima na razini cijele Europske unije stupa na snagu u \u010detvrtak, u vrijeme ljetnih odmora u Europi, no zaraznija delta varijanta koronavirusa ve\u0107 prijeti smanjenju njezine upotrebe.&nbsp; Dokument EU-a, odnosno QR kod dostupan u digitalnom obliku na pametnim telefonima ili u papirnatom obliku, pokazuje je li putnik cijepljen jednim od cjepiva koje [&hellip;]\" \/>\n<meta property=\"og:url\" content=\"https:\/\/radioljubuski.ba\/index.php\/2021\/07\/01\/covid-potvrde-stupaju-na-snagu-ali-delta-varijanta-predstavlja-prijetnju\/\" \/>\n<meta property=\"og:site_name\" content=\"RADIO LJUBU\u0160KI\" \/>\n<meta property=\"article:publisher\" content=\"https:\/\/www.facebook.com\/Radiio-Ljubuski-1490835324566332\" \/>\n<meta property=\"article:published_time\" content=\"2021-07-01T10:19:40+00:00\" \/>\n<meta property=\"article:modified_time\" content=\"2021-07-01T10:19:41+00:00\" \/>\n<meta property=\"og:image\" content=\"https:\/\/radioljubuski.ba\/wp-content\/uploads\/2021\/07\/aovTWfUe_Kina_koronavirus_putovanja_Twitter.jpg\" \/>\n\t<meta property=\"og:image:width\" content=\"1000\" \/>\n\t<meta property=\"og:image:height\" content=\"625\" \/>\n\t<meta property=\"og:image:type\" content=\"image\/jpeg\" \/>\n<meta name=\"author\" content=\"Radio Ljubu\u0161ki\" \/>\n<meta name=\"twitter:card\" content=\"summary_large_image\" \/>\n<meta name=\"twitter:creator\" content=\"@radioljubuski\" \/>\n<meta name=\"twitter:site\" content=\"@radioljubuski\" \/>\n<meta name=\"twitter:label1\" content=\"Napisao\/la\" \/>\n\t<meta name=\"twitter:data1\" content=\"Radio Ljubu\u0161ki\" \/>\n\t<meta name=\"twitter:label2\" content=\"Procijenjeno vrijeme \u010ditanja\" \/>\n\t<meta name=\"twitter:data2\" content=\"3 minute\" \/>\n<script type=\"application\/ld+json\" class=\"yoast-schema-graph\">{\"@context\":\"https:\\\/\\\/schema.org\",\"@graph\":[{\"@type\":\"Article\",\"@id\":\"https:\\\/\\\/radioljubuski.ba\\\/index.php\\\/2021\\\/07\\\/01\\\/covid-potvrde-stupaju-na-snagu-ali-delta-varijanta-predstavlja-prijetnju\\\/#article\",\"isPartOf\":{\"@id\":\"https:\\\/\\\/radioljubuski.ba\\\/index.php\\\/2021\\\/07\\\/01\\\/covid-potvrde-stupaju-na-snagu-ali-delta-varijanta-predstavlja-prijetnju\\\/\"},\"author\":{\"name\":\"Radio Ljubu\u0161ki\",\"@id\":\"https:\\\/\\\/radioljubuski.ba\\\/#\\\/schema\\\/person\\\/19fc700381a780f69665d7956c469e3b\"},\"headline\":\"Covid potvrde stupaju na snagu, ali delta varijanta predstavlja prijetnju\",\"datePublished\":\"2021-07-01T10:19:40+00:00\",\"dateModified\":\"2021-07-01T10:19:41+00:00\",\"mainEntityOfPage\":{\"@id\":\"https:\\\/\\\/radioljubuski.ba\\\/index.php\\\/2021\\\/07\\\/01\\\/covid-potvrde-stupaju-na-snagu-ali-delta-varijanta-predstavlja-prijetnju\\\/\"},\"wordCount\":730,\"publisher\":{\"@id\":\"https:\\\/\\\/radioljubuski.ba\\\/#organization\"},\"image\":{\"@id\":\"https:\\\/\\\/radioljubuski.ba\\\/index.php\\\/2021\\\/07\\\/01\\\/covid-potvrde-stupaju-na-snagu-ali-delta-varijanta-predstavlja-prijetnju\\\/#primaryimage\"},\"thumbnailUrl\":\"https:\\\/\\\/radioljubuski.ba\\\/wp-content\\\/uploads\\\/2021\\\/07\\\/aovTWfUe_Kina_koronavirus_putovanja_Twitter.jpg\",\"articleSection\":[\"BIH i regija\"],\"inLanguage\":\"hr\"},{\"@type\":\"WebPage\",\"@id\":\"https:\\\/\\\/radioljubuski.ba\\\/index.php\\\/2021\\\/07\\\/01\\\/covid-potvrde-stupaju-na-snagu-ali-delta-varijanta-predstavlja-prijetnju\\\/\",\"url\":\"https:\\\/\\\/radioljubuski.ba\\\/index.php\\\/2021\\\/07\\\/01\\\/covid-potvrde-stupaju-na-snagu-ali-delta-varijanta-predstavlja-prijetnju\\\/\",\"name\":\"Covid potvrde stupaju na snagu, ali delta varijanta predstavlja prijetnju - RADIO LJUBU\u0160KI\",\"isPartOf\":{\"@id\":\"https:\\\/\\\/radioljubuski.ba\\\/#website\"},\"primaryImageOfPage\":{\"@id\":\"https:\\\/\\\/radioljubuski.ba\\\/index.php\\\/2021\\\/07\\\/01\\\/covid-potvrde-stupaju-na-snagu-ali-delta-varijanta-predstavlja-prijetnju\\\/#primaryimage\"},\"image\":{\"@id\":\"https:\\\/\\\/radioljubuski.ba\\\/index.php\\\/2021\\\/07\\\/01\\\/covid-potvrde-stupaju-na-snagu-ali-delta-varijanta-predstavlja-prijetnju\\\/#primaryimage\"},\"thumbnailUrl\":\"https:\\\/\\\/radioljubuski.ba\\\/wp-content\\\/uploads\\\/2021\\\/07\\\/aovTWfUe_Kina_koronavirus_putovanja_Twitter.jpg\",\"datePublished\":\"2021-07-01T10:19:40+00:00\",\"dateModified\":\"2021-07-01T10:19:41+00:00\",\"breadcrumb\":{\"@id\":\"https:\\\/\\\/radioljubuski.ba\\\/index.php\\\/2021\\\/07\\\/01\\\/covid-potvrde-stupaju-na-snagu-ali-delta-varijanta-predstavlja-prijetnju\\\/#breadcrumb\"},\"inLanguage\":\"hr\",\"potentialAction\":[{\"@type\":\"ReadAction\",\"target\":[\"https:\\\/\\\/radioljubuski.ba\\\/index.php\\\/2021\\\/07\\\/01\\\/covid-potvrde-stupaju-na-snagu-ali-delta-varijanta-predstavlja-prijetnju\\\/\"]}]},{\"@type\":\"ImageObject\",\"inLanguage\":\"hr\",\"@id\":\"https:\\\/\\\/radioljubuski.ba\\\/index.php\\\/2021\\\/07\\\/01\\\/covid-potvrde-stupaju-na-snagu-ali-delta-varijanta-predstavlja-prijetnju\\\/#primaryimage\",\"url\":\"https:\\\/\\\/radioljubuski.ba\\\/wp-content\\\/uploads\\\/2021\\\/07\\\/aovTWfUe_Kina_koronavirus_putovanja_Twitter.jpg\",\"contentUrl\":\"https:\\\/\\\/radioljubuski.ba\\\/wp-content\\\/uploads\\\/2021\\\/07\\\/aovTWfUe_Kina_koronavirus_putovanja_Twitter.jpg\",\"width\":1000,\"height\":625},{\"@type\":\"BreadcrumbList\",\"@id\":\"https:\\\/\\\/radioljubuski.ba\\\/index.php\\\/2021\\\/07\\\/01\\\/covid-potvrde-stupaju-na-snagu-ali-delta-varijanta-predstavlja-prijetnju\\\/#breadcrumb\",\"itemListElement\":[{\"@type\":\"ListItem\",\"position\":1,\"name\":\"Po\u010detna stranica\",\"item\":\"https:\\\/\\\/radioljubuski.ba\\\/\"},{\"@type\":\"ListItem\",\"position\":2,\"name\":\"Covid potvrde stupaju na snagu, ali delta varijanta predstavlja prijetnju\"}]},{\"@type\":\"WebSite\",\"@id\":\"https:\\\/\\\/radioljubuski.ba\\\/#website\",\"url\":\"https:\\\/\\\/radioljubuski.ba\\\/\",\"name\":\"Radio Ljubu\u0161ki\",\"description\":\"Sun\u010dana frekvencija Hercegovine\",\"publisher\":{\"@id\":\"https:\\\/\\\/radioljubuski.ba\\\/#organization\"},\"potentialAction\":[{\"@type\":\"SearchAction\",\"target\":{\"@type\":\"EntryPoint\",\"urlTemplate\":\"https:\\\/\\\/radioljubuski.ba\\\/?s={search_term_string}\"},\"query-input\":{\"@type\":\"PropertyValueSpecification\",\"valueRequired\":true,\"valueName\":\"search_term_string\"}}],\"inLanguage\":\"hr\"},{\"@type\":\"Organization\",\"@id\":\"https:\\\/\\\/radioljubuski.ba\\\/#organization\",\"name\":\"Radio Ljubu\u0161ki\",\"url\":\"https:\\\/\\\/radioljubuski.ba\\\/\",\"logo\":{\"@type\":\"ImageObject\",\"inLanguage\":\"hr\",\"@id\":\"https:\\\/\\\/radioljubuski.ba\\\/#\\\/schema\\\/logo\\\/image\\\/\",\"url\":\"https:\\\/\\\/radioljubuski.ba\\\/wp-content\\\/uploads\\\/2021\\\/02\\\/cropped-Radio_Ljubuski_logo1.jpg\",\"contentUrl\":\"https:\\\/\\\/radioljubuski.ba\\\/wp-content\\\/uploads\\\/2021\\\/02\\\/cropped-Radio_Ljubuski_logo1.jpg\",\"width\":512,\"height\":512,\"caption\":\"Radio Ljubu\u0161ki\"},\"image\":{\"@id\":\"https:\\\/\\\/radioljubuski.ba\\\/#\\\/schema\\\/logo\\\/image\\\/\"},\"sameAs\":[\"https:\\\/\\\/www.facebook.com\\\/Radiio-Ljubuski-1490835324566332\",\"https:\\\/\\\/x.com\\\/radioljubuski\",\"https:\\\/\\\/hr.linkedin.com\\\/company\\\/radio-ljubuski\",\"https:\\\/\\\/www.youtube.com\\\/channel\\\/UCHYaeO_n0Db3tjNGudGpXyw\"]},{\"@type\":\"Person\",\"@id\":\"https:\\\/\\\/radioljubuski.ba\\\/#\\\/schema\\\/person\\\/19fc700381a780f69665d7956c469e3b\",\"name\":\"Radio Ljubu\u0161ki\"}]}<\/script>\n<!-- \/ Yoast SEO plugin. -->","yoast_head_json":{"title":"Covid potvrde stupaju na snagu, ali delta varijanta predstavlja prijetnju - RADIO LJUBU\u0160KI","robots":{"index":"index","follow":"follow","max-snippet":"max-snippet:-1","max-image-preview":"max-image-preview:large","max-video-preview":"max-video-preview:-1"},"canonical":"https:\/\/radioljubuski.ba\/index.php\/2021\/07\/01\/covid-potvrde-stupaju-na-snagu-ali-delta-varijanta-predstavlja-prijetnju\/","og_locale":"hr_HR","og_type":"article","og_title":"Covid potvrde stupaju na snagu, ali delta varijanta predstavlja prijetnju - RADIO LJUBU\u0160KI","og_description":"Potvrda o lak\u0161im putovanjima na razini cijele Europske unije stupa na snagu u \u010detvrtak, u vrijeme ljetnih odmora u Europi, no zaraznija delta varijanta koronavirusa ve\u0107 prijeti smanjenju njezine upotrebe.&nbsp; Dokument EU-a, odnosno QR kod dostupan u digitalnom obliku na pametnim telefonima ili u papirnatom obliku, pokazuje je li putnik cijepljen jednim od cjepiva koje [&hellip;]","og_url":"https:\/\/radioljubuski.ba\/index.php\/2021\/07\/01\/covid-potvrde-stupaju-na-snagu-ali-delta-varijanta-predstavlja-prijetnju\/","og_site_name":"RADIO LJUBU\u0160KI","article_publisher":"https:\/\/www.facebook.com\/Radiio-Ljubuski-1490835324566332","article_published_time":"2021-07-01T10:19:40+00:00","article_modified_time":"2021-07-01T10:19:41+00:00","og_image":[{"width":1000,"height":625,"url":"https:\/\/radioljubuski.ba\/wp-content\/uploads\/2021\/07\/aovTWfUe_Kina_koronavirus_putovanja_Twitter.jpg","type":"image\/jpeg"}],"author":"Radio Ljubu\u0161ki","twitter_card":"summary_large_image","twitter_creator":"@radioljubuski","twitter_site":"@radioljubuski","twitter_misc":{"Napisao\/la":"Radio Ljubu\u0161ki","Procijenjeno vrijeme \u010ditanja":"3 minute"},"schema":{"@context":"https:\/\/schema.org","@graph":[{"@type":"Article","@id":"https:\/\/radioljubuski.ba\/index.php\/2021\/07\/01\/covid-potvrde-stupaju-na-snagu-ali-delta-varijanta-predstavlja-prijetnju\/#article","isPartOf":{"@id":"https:\/\/radioljubuski.ba\/index.php\/2021\/07\/01\/covid-potvrde-stupaju-na-snagu-ali-delta-varijanta-predstavlja-prijetnju\/"},"author":{"name":"Radio Ljubu\u0161ki","@id":"https:\/\/radioljubuski.ba\/#\/schema\/person\/19fc700381a780f69665d7956c469e3b"},"headline":"Covid potvrde stupaju na snagu, ali delta varijanta predstavlja prijetnju","datePublished":"2021-07-01T10:19:40+00:00","dateModified":"2021-07-01T10:19:41+00:00","mainEntityOfPage":{"@id":"https:\/\/radioljubuski.ba\/index.php\/2021\/07\/01\/covid-potvrde-stupaju-na-snagu-ali-delta-varijanta-predstavlja-prijetnju\/"},"wordCount":730,"publisher":{"@id":"https:\/\/radioljubuski.ba\/#organization"},"image":{"@id":"https:\/\/radioljubuski.ba\/index.php\/2021\/07\/01\/covid-potvrde-stupaju-na-snagu-ali-delta-varijanta-predstavlja-prijetnju\/#primaryimage"},"thumbnailUrl":"https:\/\/radioljubuski.ba\/wp-content\/uploads\/2021\/07\/aovTWfUe_Kina_koronavirus_putovanja_Twitter.jpg","articleSection":["BIH i regija"],"inLanguage":"hr"},{"@type":"WebPage","@id":"https:\/\/radioljubuski.ba\/index.php\/2021\/07\/01\/covid-potvrde-stupaju-na-snagu-ali-delta-varijanta-predstavlja-prijetnju\/","url":"https:\/\/radioljubuski.ba\/index.php\/2021\/07\/01\/covid-potvrde-stupaju-na-snagu-ali-delta-varijanta-predstavlja-prijetnju\/","name":"Covid potvrde stupaju na snagu, ali delta varijanta predstavlja prijetnju - RADIO LJUBU\u0160KI","isPartOf":{"@id":"https:\/\/radioljubuski.ba\/#website"},"primaryImageOfPage":{"@id":"https:\/\/radioljubuski.ba\/index.php\/2021\/07\/01\/covid-potvrde-stupaju-na-snagu-ali-delta-varijanta-predstavlja-prijetnju\/#primaryimage"},"image":{"@id":"https:\/\/radioljubuski.ba\/index.php\/2021\/07\/01\/covid-potvrde-stupaju-na-snagu-ali-delta-varijanta-predstavlja-prijetnju\/#primaryimage"},"thumbnailUrl":"https:\/\/radioljubuski.ba\/wp-content\/uploads\/2021\/07\/aovTWfUe_Kina_koronavirus_putovanja_Twitter.jpg","datePublished":"2021-07-01T10:19:40+00:00","dateModified":"2021-07-01T10:19:41+00:00","breadcrumb":{"@id":"https:\/\/radioljubuski.ba\/index.php\/2021\/07\/01\/covid-potvrde-stupaju-na-snagu-ali-delta-varijanta-predstavlja-prijetnju\/#breadcrumb"},"inLanguage":"hr","potentialAction":[{"@type":"ReadAction","target":["https:\/\/radioljubuski.ba\/index.php\/2021\/07\/01\/covid-potvrde-stupaju-na-snagu-ali-delta-varijanta-predstavlja-prijetnju\/"]}]},{"@type":"ImageObject","inLanguage":"hr","@id":"https:\/\/radioljubuski.ba\/index.php\/2021\/07\/01\/covid-potvrde-stupaju-na-snagu-ali-delta-varijanta-predstavlja-prijetnju\/#primaryimage","url":"https:\/\/radioljubuski.ba\/wp-content\/uploads\/2021\/07\/aovTWfUe_Kina_koronavirus_putovanja_Twitter.jpg","contentUrl":"https:\/\/radioljubuski.ba\/wp-content\/uploads\/2021\/07\/aovTWfUe_Kina_koronavirus_putovanja_Twitter.jpg","width":1000,"height":625},{"@type":"BreadcrumbList","@id":"https:\/\/radioljubuski.ba\/index.php\/2021\/07\/01\/covid-potvrde-stupaju-na-snagu-ali-delta-varijanta-predstavlja-prijetnju\/#breadcrumb","itemListElement":[{"@type":"ListItem","position":1,"name":"Po\u010detna stranica","item":"https:\/\/radioljubuski.ba\/"},{"@type":"ListItem","position":2,"name":"Covid potvrde stupaju na snagu, ali delta varijanta predstavlja prijetnju"}]},{"@type":"WebSite","@id":"https:\/\/radioljubuski.ba\/#website","url":"https:\/\/radioljubuski.ba\/","name":"Radio Ljubu\u0161ki","description":"Sun\u010dana frekvencija Hercegovine","publisher":{"@id":"https:\/\/radioljubuski.ba\/#organization"},"potentialAction":[{"@type":"SearchAction","target":{"@type":"EntryPoint","urlTemplate":"https:\/\/radioljubuski.ba\/?s={search_term_string}"},"query-input":{"@type":"PropertyValueSpecification","valueRequired":true,"valueName":"search_term_string"}}],"inLanguage":"hr"},{"@type":"Organization","@id":"https:\/\/radioljubuski.ba\/#organization","name":"Radio Ljubu\u0161ki","url":"https:\/\/radioljubuski.ba\/","logo":{"@type":"ImageObject","inLanguage":"hr","@id":"https:\/\/radioljubuski.ba\/#\/schema\/logo\/image\/","url":"https:\/\/radioljubuski.ba\/wp-content\/uploads\/2021\/02\/cropped-Radio_Ljubuski_logo1.jpg","contentUrl":"https:\/\/radioljubuski.ba\/wp-content\/uploads\/2021\/02\/cropped-Radio_Ljubuski_logo1.jpg","width":512,"height":512,"caption":"Radio Ljubu\u0161ki"},"image":{"@id":"https:\/\/radioljubuski.ba\/#\/schema\/logo\/image\/"},"sameAs":["https:\/\/www.facebook.com\/Radiio-Ljubuski-1490835324566332","https:\/\/x.com\/radioljubuski","https:\/\/hr.linkedin.com\/company\/radio-ljubuski","https:\/\/www.youtube.com\/channel\/UCHYaeO_n0Db3tjNGudGpXyw"]},{"@type":"Person","@id":"https:\/\/radioljubuski.ba\/#\/schema\/person\/19fc700381a780f69665d7956c469e3b","name":"Radio Ljubu\u0161ki"}]}},"_links":{"self":[{"href":"https:\/\/radioljubuski.ba\/index.php\/wp-json\/wp\/v2\/posts\/37797","targetHints":{"allow":["GET"]}}],"collection":[{"href":"https:\/\/radioljubuski.ba\/index.php\/wp-json\/wp\/v2\/posts"}],"about":[{"href":"https:\/\/radioljubuski.ba\/index.php\/wp-json\/wp\/v2\/types\/post"}],"author":[{"embeddable":true,"href":"https:\/\/radioljubuski.ba\/index.php\/wp-json\/wp\/v2\/users\/2"}],"replies":[{"embeddable":true,"href":"https:\/\/radioljubuski.ba\/index.php\/wp-json\/wp\/v2\/comments?post=37797"}],"version-history":[{"count":1,"href":"https:\/\/radioljubuski.ba\/index.php\/wp-json\/wp\/v2\/posts\/37797\/revisions"}],"predecessor-version":[{"id":37800,"href":"https:\/\/radioljubuski.ba\/index.php\/wp-json\/wp\/v2\/posts\/37797\/revisions\/37800"}],"wp:featuredmedia":[{"embeddable":true,"href":"https:\/\/radioljubuski.ba\/index.php\/wp-json\/wp\/v2\/media\/37799"}],"wp:attachment":[{"href":"https:\/\/radioljubuski.ba\/index.php\/wp-json\/wp\/v2\/media?parent=37797"}],"wp:term":[{"taxonomy":"category","embeddable":true,"href":"https:\/\/radioljubuski.ba\/index.php\/wp-json\/wp\/v2\/categories?post=37797"},{"taxonomy":"post_tag","embeddable":true,"href":"https:\/\/radioljubuski.ba\/index.php\/wp-json\/wp\/v2\/tags?post=37797"}],"curies":[{"name":"wp","href":"https:\/\/api.w.org\/{rel}","templated":true}]}}