{"id":37811,"date":"2021-07-01T11:25:29","date_gmt":"2021-07-01T10:25:29","guid":{"rendered":"https:\/\/radioljubuski.ba\/?p=37811"},"modified":"2021-07-01T11:25:30","modified_gmt":"2021-07-01T10:25:30","slug":"zoran-galic-isti-migranti-i-po-20-puta-dnevno-pokusavaju-nelegalno-uci-u-bih","status":"publish","type":"post","link":"https:\/\/radioljubuski.ba\/index.php\/2021\/07\/01\/zoran-galic-isti-migranti-i-po-20-puta-dnevno-pokusavaju-nelegalno-uci-u-bih\/","title":{"rendered":"Zoran Gali\u0107: &#8216;Isti migranti i po 20 puta dnevno poku\u0161avaju nelegalno u\u0107i u BiH&#8217;"},"content":{"rendered":"\n<p>Ravnatelj Grani\u010dne policije BiH Zoran Gali\u0107 u intervjuu za Pogled.ba kazao je kako migranti ponovno masovno poku\u0161avaju nelegalno u\u0107i u BiH. Govorio je i o nedostatku policijskih slu\u017ebenika, prekograni\u010dnom kriminalu, la\u017enim PCR testovima&#8230;<\/p>\n\n\n\n<p><strong>Dolaskom toplijih dana, o\u010dekuje li se se priljev migranata u BiH i je li Grani\u010dna policija spremna za pove\u0107an broj migranata?<\/strong><\/p>\n\n\n\n<p>Grani\u010dna policija BiH je od po\u010detka ove godine odvratila vi\u0161e od 2 800 osoba od poku\u0161aja nezakonitog prelaska dr\u017eavne granice. Pobolj\u0161anjem vremenskih uvjeta, poja\u010dava se i migracijski pritisak, koji je najintenzivniji na isto\u010dnom dijelu dr\u017eavne granice. Iste migrante odvra\u0107amo i po 20 puta na dnevnoj bazi, masovno poku\u0161avaju nezakonito prije\u0107i dr\u017eavnu granicu. Ako ih zateknemo u grani\u010dnom pojasu unutar dr\u017eave te ako zatra\u017ee zahtjev za azil, isti ti migranti se mogu slobodno kretati, \u0161to je sramotno za na\u0161u dr\u017eavu. Sramotno je \u0161to imamo tako lo\u0161u zakonsku regulativu, a rje\u0161enja je upravo Grani\u010dna policija predlagala godinama unatrag, da je neophodno mijenjati zakon o grani\u010dnoj kontroli, zakon o strancima i azilu te da se isti ti migranti unutar dr\u017eave moraju ili pritvoriti ili biti ka\u017enjavani.&nbsp;<\/p>\n\n\n\n<p>Apsolutno smo za to da se zakoni mijenjaju i da Grani\u010dna policija mora imati ovlasti za kori\u0161tenje sankcija pa i represivnih mjera jer koliko je dr\u017eava jaka to se o\u010dituje i po zakonu i propisima i tu se vidi mo\u0107, odnosno nemo\u0107 dr\u017eave, \u0161to je poruka svim migrantima. A poruka kakvu \u0161alje dr\u017eava BiH je takva da migranti masovno poku\u0161avaju krijum\u010darenjem i na razne na\u010dine preko BiH do\u0107i do Europske unije.<\/p>\n\n\n\n<p><strong>\u010cesto se isti\u010de da nedostaje broj grani\u010dnih djelatnika. O kojem broju se radi?<\/strong><\/p>\n\n\n\n<p>Grani\u010dnoj policiji BiH, prema va\u017ee\u0107oj sistematizaciji, u ovom trenutku nedostaje 375 policijskih slu\u017ebenika za obavljanje redovitih aktivnosti i zada\u0107a u nadzoru dr\u017eavne granice, me\u0111utim da bi se za\u0161titile sve kriti\u010dne to\u010dke nezakonitih prelazaka dr\u017eavne granice, Grani\u010dnoj policiji BiH nedostaje vi\u0161e od 1 300 policijskih slu\u017ebenika.&nbsp;<\/p>\n\n\n\n<p><strong>\u0160to je s novim Pravilnikom o zapo\u0161ljavanju koji je napravljen 2018. godine, za\u0161to je zaustavljen?<\/strong><\/p>\n\n\n\n<p>Grani\u010dna policija BiH je od samog po\u010detka migrantske krize upozoravala na sve nedostatke i manjkavost postoje\u0107ih zakonskih i podzakonskih akata, kao i Pravilnika o unutarnjoj organizaciji Grani\u010dne policije BiH te da je nu\u017eno raditi na ja\u010danju kapaciteta Grani\u010dne policije BiH kako bismo se uspje\u0161no izborili s migrantskom krizom, me\u0111utim tada\u0161nja vlast je na to gledala kao na prolaznu fazu, ne smatraju\u0107i migracije problemom koji \u0107e nas pratiti i godinama kasnije.&nbsp;<\/p>\n\n\n\n<p>Kada je rije\u010d o Pravilniku o unutarnjoj organizaciji Grani\u010dne policije BiH, ve\u0107 20 &nbsp;godina je star i nepromijenjen, a njime nije predvi\u0111ena ni migrantska kriza, ni novi grani\u010dni prijelazi i sli\u010dno. Nekoliko puta smo mijenjali Pravilnik o unutarnjoj organizaciji Grani\u010dne policije, isti nikada nije bio usvojen. Jo\u0161 2018. smo izradili novi Pravilnik, prema eu standardima, na njemu su radili i stru\u010dnjaci Savezne Republike Njema\u010dke, ali taj Pravilnik je zaustavljen, ostao u ladici biv\u0161eg ministra sigurnosti i nikada nismo dobili poja\u0161njenje za\u0161to je stopiran.<\/p>\n\n\n\n<p>Pro\u0161le godine se kona\u010dno dogodio pomak po tom pitanju. Napravili smo ponovno Pravilnik &nbsp;o izmjenama i dopunama Pravilnika o unutarnjoj organizaciji koji smo dostavili Ministarstvu sigurnosti BiH, a koji je u najve\u0107oj mjeri uskla\u0111en sa eu standardima. I prema kojemu je naglasak na prijamu novih policijskih slu\u017ebenika, njih 95% u \u010dinu \u201epolicajac\u201c u nadzoru granice te se iskreno nadam da \u0107e kona\u010dno biti usvojen kako bismo imali dovoljan broj policijskih slu\u017ebenika prije svega u borbi protiv nezakonitih migracija. Dakle, prije svega je klju\u010dno ja\u010dati kapacitete Grani\u010dne policije BiH, a kada bismo imali dovoljno policijskih slu\u017ebenika i materijalno-tehni\u010dkih sredstava, uspje\u0161no bismo se mogli izboriti s migrantskom krizom. S jednim policajcem na 16km, odnosno jednom patrolom na 32km, to je izuzetno te\u0161ko.<\/p>\n\n\n\n<p><strong>Osim migracija, GP je u borbi protiv svih vidova prekograni\u010dnog kriminaliteta- trgovine ljudima, krijum\u010darenje droge, uhi\u0107enje i slu\u017ebenika GP BiH&#8230;Jeste li zadovoljni rezultatima?<\/strong><\/p>\n\n\n\n<p>Grani\u010dna policija BiH, iz godine u godinu, suo\u010dava sa sve ve\u0107im brojem zada\u0107a i izazova, uz permanentni nedostatak velikog broja policijskih slu\u017ebenika, kao i materijalno-tehni\u010dkih resursa, ponosan sam na \u010dinjenicu da je ova agencija, a \u0161to govore i statisti\u010dki podaci, ostvarila bolje rezultate rada, po\u010dev\u0161i od 2014. godine naovamo, u gotovo svim podru\u010djima. Pove\u0107an je broj otkrivenih kaznenih djela, prekograni\u010dnog kriminala, krivotvorenih dokumenata, evidentirane su ve\u0107e zaplijene opojnih droga, pove\u0107an je broj podnesenih krim-obavje\u0161tajnih izvje\u0161taja.&nbsp;<\/p>\n\n\n\n<p>Tijekom 2020. i 2021. godine, Grani\u010dna policija BiH provela je ve\u0107i broj operativnih akcija s ciljem spre\u010davanja krijum\u010darenja ljudi, roba, droga i drugo. Uz niz operativnih akcija, mo\u017eemo izdvojiti operativnu akciju Diablo, prilikom \u010dega je oduzeto 110 kilograma opojne droge marihuane, operativnu akciju Wolf, u suradnji s MUP-om R. Srpske, u sklopu koje je oduzeta ve\u0107a koli\u010dina cigareta, vrijednosti vi\u0161e stotina tisu\u0107a KM, &nbsp;zbog \u010dega je izvr\u0161en pretres na preko 14 lokacija, a slobode li\u0161eno i podnesen izvje\u0161taj o po\u010dinjenom krivi\u010dnom djelu protiv 14 osumnji\u010denih osoba. U operativnoj akciji Boat, slobode je li\u0161eno 13 osoba, razbijen je lanac kriminalne skupine koja je poku\u0161ala prokrijum\u010dariti preko 100 nezakonitih migranata, ve\u0107i broj \u017eive stoke i ve\u0107u koli\u010dinu tekstilne robe. U navedenoj akciji, slobode je li\u0161en i jedan policijski slu\u017ebenik Grani\u010dne policije, \u010dime dokazujemo da je GPBiH jasno usmjerena na borbu protiv kiminalnog pona\u0161anja i u vlastitim redovima. U operativnoj akciji Lipa, u suradnji s MUP-om R. Hrvatske, koje bila usmjerena protiv organiziranog kriminala, krijum\u010darenja nezakonitih migranata i drugih kaznenih djela., slobode su li\u0161ene 24 osobe. Nedavno smo realizirali i operativnu akcija kodnog naziva \u0160i\u0161a, &nbsp;u sklopu koje su aktivnosti bile usmjerene na dokazivanje nezakonitih aktivnosti prilikom uvoza duhana za nargilu, \u010dime je o\u0161te\u0107en prora\u010dun BiH u iznosu od preko 600 000 KM.<\/p>\n\n\n\n<p>Uz globalne probleme s kojima se suo\u010davamo, migrantske krize i pandemije virusa COVID-19, navedene akcije i niz drugih operativnih akcija dokazuju da Grani\u010dna policija ula\u017ee maksimalne napore u za\u0161titi dr\u017eavne granice i sprje\u010davanju svakog oblika prekograni\u010dnog kriminaliteta.<\/p>\n\n\n\n<p><strong>Kada je rije\u010d o pandemiji koronavirusa, odnosno PCR testovima, je li zabilje\u017een pove\u0107an broj la\u017enih PCR testova? Na kojim grani\u010dnim prijelazima najvi\u0161e?<\/strong><\/p>\n\n\n\n<p>Za vrijeme pandemije koronavirusa, odnosno stupanja na snagu odredbi Odluke Vije\u0107a ministara BiH o propisivanju dodatnih uvjeta za ulazak stranaca u BiH, evidentiran je ve\u0107i broj PCR testova tijekom obavljanja grani\u010dnih provjera na dr\u017eavnoj granici BiH za koje su iskazane sumnje u vjerodostojnost istih, i to na me\u0111unarodnim grani\u010dnim prijelazima Ra\u010da, Popovi, Karakaj, Ora\u0161je i Gradina.<\/p>\n\n\n\n<p><strong>Infrastruktura grani\u010dnih prijelaza nije na zavidnoj razini. No, uskoro se grade novi grani\u010dni prijelazi Doljani i Osoje u Hercegovini, a Svilaj i Bratunac na sjeveru. Koliko \u0107e to zna\u010diti za GP BiH, ali i za gospodarstvo dr\u017eave?<\/strong><\/p>\n\n\n\n<p>Prije svega, grani\u010dni prijelazi Doljani i Osoje nisu izgra\u0111eni i opremljeni prema europskim standardima u pogledu infrastrukture i trenutno tek nekoliko grani\u010dnih prijelaza zadovoljava eu standarde, a ostali prijelazi nemaju ni osnovne uvjete za rad. Izgradnjom novih grani\u010dnih prijelaza i rekonstrukcijom bit \u0107e ispunjeni uvjeti za kvalitetnije i u\u010dinkovitije obavljanje grani\u010dnih provjera u skladu s odredbama Pravilnika o standardima i uvjetima izgra\u0111enosti i opremljenosti grani\u010dnih prijelaza. Izgradnja novih grani\u010dnih prijelaza svakako \u0107e unaprijediti i obavljanje grani\u010dnih provjera na drugoj liniji te u velikoj mjeri uskladiti s dobrom praksom i standardima EU-a sadr\u017eanim u Zakoniku o schengenskim granicama i omogu\u0107iti br\u017ei protok prvenstveno ljudi, a tako i roba, uz istovremeno zadr\u017eavanje visoke razine sigurnosti, dok \u0107e policijski slu\u017ebenici GPBiH imati zadovoljavaju\u0107e uvjete radne sredine tijekom obavljanja poslova i zada\u0107a iz zakonom propisane nadle\u017enosti.<\/p>\n\n\n\n<p>Izgradnjom i pu\u0161tanjem u promet grani\u010dnog prijelaza Svilaj do\u0107i \u0107e do manjeg optere\u0107enja grani\u010dnog prijelaza Brod, na kojem trenutno zbog nedostatne infrastrukture i prevelikog optere\u0107enja putni\u010dkim i robnim prometom policijski slu\u017ebenici GPBiH moraju ulo\u017eiti dodatne napore kako bi se osiguralo u\u010dinkovito obavljanje grani\u010dnih provjera uz siguran i nesmetan protok ljudi i roba.<\/p>\n\n\n\n<p>Grani\u010dni prijelaz Bratunac \u0107e biti zajedni\u010dka lokacija na teritoriju BiH i njegovom izgradnjom \u0107e sigurno do\u0107i do rastere\u0107enja grani\u010dnih prijelaza Zvornik i Ra\u010da, dok \u0107e kao prioritet policijskim slu\u017ebenicima GPBiH biti mogu\u0107nost u\u010dinkovitijeg obavljanja grani\u010dnih provjera, uz siguran i nesmetan protok ljudi i roba, a s obzirom na to da se radi o zajedni\u010dkoj lokaciji zasigurno \u0107e utjecati i na pove\u0107anje u\u010dinkovitosti kada je u pitanju borba protiv svih oblika prekograni\u010dnog kriminaliteta.<\/p>\n\n\n\n<p>Generalno gledano, izgradnja navedenih grani\u010dnih prijelaza, kao i drugih u budu\u0107nosti, dodatno \u0107e povezati BiH sa susjednim zemljama te uveliko ubrzati promet robe i putnika, imaju\u0107i u vidu da je unaprje\u0111enje infrastrukture i povezivanja uvjet br\u017eeg razvoja gospodarstva, a samim time i pribli\u017eavanja standardima razvijenijih zemalja regije i Europske unije.<\/p>\n\n\n\n<p>Izvor:pogled.ba<\/p>\n","protected":false},"excerpt":{"rendered":"<p>Ravnatelj Grani\u010dne policije BiH Zoran Gali\u0107 u intervjuu za Pogled.ba kazao je kako migranti ponovno masovno poku\u0161avaju nelegalno u\u0107i u BiH. Govorio je i o nedostatku policijskih slu\u017ebenika, prekograni\u010dnom kriminalu, la\u017enim PCR testovima&#8230; Dolaskom toplijih dana, o\u010dekuje li se se priljev migranata u BiH i je li Grani\u010dna policija spremna za pove\u0107an broj migranata? Grani\u010dna [&hellip;]<\/p>\n","protected":false},"author":2,"featured_media":37813,"comment_status":"closed","ping_status":"closed","sticky":false,"template":"","format":"standard","meta":{"h5ap_radio_sources":[],"footnotes":""},"categories":[1],"tags":[],"class_list":["post-37811","post","type-post","status-publish","format-standard","has-post-thumbnail","hentry","category-bihiregija"],"yoast_head":"<!-- This site is optimized with the Yoast SEO plugin v27.5 - https:\/\/yoast.com\/product\/yoast-seo-wordpress\/ -->\n<title>Zoran Gali\u0107: &#039;Isti migranti i po 20 puta dnevno poku\u0161avaju nelegalno u\u0107i u BiH&#039; - RADIO LJUBU\u0160KI<\/title>\n<meta name=\"robots\" content=\"index, follow, max-snippet:-1, max-image-preview:large, max-video-preview:-1\" \/>\n<link rel=\"canonical\" href=\"https:\/\/radioljubuski.ba\/index.php\/2021\/07\/01\/zoran-galic-isti-migranti-i-po-20-puta-dnevno-pokusavaju-nelegalno-uci-u-bih\/\" \/>\n<meta property=\"og:locale\" content=\"hr_HR\" \/>\n<meta property=\"og:type\" content=\"article\" \/>\n<meta property=\"og:title\" content=\"Zoran Gali\u0107: &#039;Isti migranti i po 20 puta dnevno poku\u0161avaju nelegalno u\u0107i u BiH&#039; - RADIO LJUBU\u0160KI\" \/>\n<meta property=\"og:description\" content=\"Ravnatelj Grani\u010dne policije BiH Zoran Gali\u0107 u intervjuu za Pogled.ba kazao je kako migranti ponovno masovno poku\u0161avaju nelegalno u\u0107i u BiH. Govorio je i o nedostatku policijskih slu\u017ebenika, prekograni\u010dnom kriminalu, la\u017enim PCR testovima&#8230; Dolaskom toplijih dana, o\u010dekuje li se se priljev migranata u BiH i je li Grani\u010dna policija spremna za pove\u0107an broj migranata? Grani\u010dna [&hellip;]\" \/>\n<meta property=\"og:url\" content=\"https:\/\/radioljubuski.ba\/index.php\/2021\/07\/01\/zoran-galic-isti-migranti-i-po-20-puta-dnevno-pokusavaju-nelegalno-uci-u-bih\/\" \/>\n<meta property=\"og:site_name\" content=\"RADIO LJUBU\u0160KI\" \/>\n<meta property=\"article:publisher\" content=\"https:\/\/www.facebook.com\/Radiio-Ljubuski-1490835324566332\" \/>\n<meta property=\"article:published_time\" content=\"2021-07-01T10:25:29+00:00\" \/>\n<meta property=\"article:modified_time\" content=\"2021-07-01T10:25:30+00:00\" \/>\n<meta property=\"og:image\" content=\"https:\/\/radioljubuski.ba\/wp-content\/uploads\/2021\/07\/2-2021-07-01-07-36-30-RAVNATELJ-ZORAN-GALIC-GPBIH.jpg\" \/>\n\t<meta property=\"og:image:width\" content=\"1000\" \/>\n\t<meta property=\"og:image:height\" content=\"625\" \/>\n\t<meta property=\"og:image:type\" content=\"image\/jpeg\" \/>\n<meta name=\"author\" content=\"Radio Ljubu\u0161ki\" \/>\n<meta name=\"twitter:card\" content=\"summary_large_image\" \/>\n<meta name=\"twitter:creator\" content=\"@radioljubuski\" \/>\n<meta name=\"twitter:site\" content=\"@radioljubuski\" \/>\n<meta name=\"twitter:label1\" content=\"Napisao\/la\" \/>\n\t<meta name=\"twitter:data1\" content=\"Radio Ljubu\u0161ki\" \/>\n\t<meta name=\"twitter:label2\" content=\"Procijenjeno vrijeme \u010ditanja\" \/>\n\t<meta name=\"twitter:data2\" content=\"6 minuta\" \/>\n<script type=\"application\/ld+json\" class=\"yoast-schema-graph\">{\"@context\":\"https:\\\/\\\/schema.org\",\"@graph\":[{\"@type\":\"Article\",\"@id\":\"https:\\\/\\\/radioljubuski.ba\\\/index.php\\\/2021\\\/07\\\/01\\\/zoran-galic-isti-migranti-i-po-20-puta-dnevno-pokusavaju-nelegalno-uci-u-bih\\\/#article\",\"isPartOf\":{\"@id\":\"https:\\\/\\\/radioljubuski.ba\\\/index.php\\\/2021\\\/07\\\/01\\\/zoran-galic-isti-migranti-i-po-20-puta-dnevno-pokusavaju-nelegalno-uci-u-bih\\\/\"},\"author\":{\"name\":\"Radio Ljubu\u0161ki\",\"@id\":\"https:\\\/\\\/radioljubuski.ba\\\/#\\\/schema\\\/person\\\/19fc700381a780f69665d7956c469e3b\"},\"headline\":\"Zoran Gali\u0107: &#8216;Isti migranti i po 20 puta dnevno poku\u0161avaju nelegalno u\u0107i u BiH&#8217;\",\"datePublished\":\"2021-07-01T10:25:29+00:00\",\"dateModified\":\"2021-07-01T10:25:30+00:00\",\"mainEntityOfPage\":{\"@id\":\"https:\\\/\\\/radioljubuski.ba\\\/index.php\\\/2021\\\/07\\\/01\\\/zoran-galic-isti-migranti-i-po-20-puta-dnevno-pokusavaju-nelegalno-uci-u-bih\\\/\"},\"wordCount\":1587,\"publisher\":{\"@id\":\"https:\\\/\\\/radioljubuski.ba\\\/#organization\"},\"image\":{\"@id\":\"https:\\\/\\\/radioljubuski.ba\\\/index.php\\\/2021\\\/07\\\/01\\\/zoran-galic-isti-migranti-i-po-20-puta-dnevno-pokusavaju-nelegalno-uci-u-bih\\\/#primaryimage\"},\"thumbnailUrl\":\"https:\\\/\\\/radioljubuski.ba\\\/wp-content\\\/uploads\\\/2021\\\/07\\\/2-2021-07-01-07-36-30-RAVNATELJ-ZORAN-GALIC-GPBIH.jpg\",\"articleSection\":[\"BIH i regija\"],\"inLanguage\":\"hr\"},{\"@type\":\"WebPage\",\"@id\":\"https:\\\/\\\/radioljubuski.ba\\\/index.php\\\/2021\\\/07\\\/01\\\/zoran-galic-isti-migranti-i-po-20-puta-dnevno-pokusavaju-nelegalno-uci-u-bih\\\/\",\"url\":\"https:\\\/\\\/radioljubuski.ba\\\/index.php\\\/2021\\\/07\\\/01\\\/zoran-galic-isti-migranti-i-po-20-puta-dnevno-pokusavaju-nelegalno-uci-u-bih\\\/\",\"name\":\"Zoran Gali\u0107: 'Isti migranti i po 20 puta dnevno poku\u0161avaju nelegalno u\u0107i u BiH' - RADIO LJUBU\u0160KI\",\"isPartOf\":{\"@id\":\"https:\\\/\\\/radioljubuski.ba\\\/#website\"},\"primaryImageOfPage\":{\"@id\":\"https:\\\/\\\/radioljubuski.ba\\\/index.php\\\/2021\\\/07\\\/01\\\/zoran-galic-isti-migranti-i-po-20-puta-dnevno-pokusavaju-nelegalno-uci-u-bih\\\/#primaryimage\"},\"image\":{\"@id\":\"https:\\\/\\\/radioljubuski.ba\\\/index.php\\\/2021\\\/07\\\/01\\\/zoran-galic-isti-migranti-i-po-20-puta-dnevno-pokusavaju-nelegalno-uci-u-bih\\\/#primaryimage\"},\"thumbnailUrl\":\"https:\\\/\\\/radioljubuski.ba\\\/wp-content\\\/uploads\\\/2021\\\/07\\\/2-2021-07-01-07-36-30-RAVNATELJ-ZORAN-GALIC-GPBIH.jpg\",\"datePublished\":\"2021-07-01T10:25:29+00:00\",\"dateModified\":\"2021-07-01T10:25:30+00:00\",\"breadcrumb\":{\"@id\":\"https:\\\/\\\/radioljubuski.ba\\\/index.php\\\/2021\\\/07\\\/01\\\/zoran-galic-isti-migranti-i-po-20-puta-dnevno-pokusavaju-nelegalno-uci-u-bih\\\/#breadcrumb\"},\"inLanguage\":\"hr\",\"potentialAction\":[{\"@type\":\"ReadAction\",\"target\":[\"https:\\\/\\\/radioljubuski.ba\\\/index.php\\\/2021\\\/07\\\/01\\\/zoran-galic-isti-migranti-i-po-20-puta-dnevno-pokusavaju-nelegalno-uci-u-bih\\\/\"]}]},{\"@type\":\"ImageObject\",\"inLanguage\":\"hr\",\"@id\":\"https:\\\/\\\/radioljubuski.ba\\\/index.php\\\/2021\\\/07\\\/01\\\/zoran-galic-isti-migranti-i-po-20-puta-dnevno-pokusavaju-nelegalno-uci-u-bih\\\/#primaryimage\",\"url\":\"https:\\\/\\\/radioljubuski.ba\\\/wp-content\\\/uploads\\\/2021\\\/07\\\/2-2021-07-01-07-36-30-RAVNATELJ-ZORAN-GALIC-GPBIH.jpg\",\"contentUrl\":\"https:\\\/\\\/radioljubuski.ba\\\/wp-content\\\/uploads\\\/2021\\\/07\\\/2-2021-07-01-07-36-30-RAVNATELJ-ZORAN-GALIC-GPBIH.jpg\",\"width\":1000,\"height\":625},{\"@type\":\"BreadcrumbList\",\"@id\":\"https:\\\/\\\/radioljubuski.ba\\\/index.php\\\/2021\\\/07\\\/01\\\/zoran-galic-isti-migranti-i-po-20-puta-dnevno-pokusavaju-nelegalno-uci-u-bih\\\/#breadcrumb\",\"itemListElement\":[{\"@type\":\"ListItem\",\"position\":1,\"name\":\"Po\u010detna stranica\",\"item\":\"https:\\\/\\\/radioljubuski.ba\\\/\"},{\"@type\":\"ListItem\",\"position\":2,\"name\":\"Zoran Gali\u0107: &#8216;Isti migranti i po 20 puta dnevno poku\u0161avaju nelegalno u\u0107i u BiH&#8217;\"}]},{\"@type\":\"WebSite\",\"@id\":\"https:\\\/\\\/radioljubuski.ba\\\/#website\",\"url\":\"https:\\\/\\\/radioljubuski.ba\\\/\",\"name\":\"Radio Ljubu\u0161ki\",\"description\":\"Sun\u010dana frekvencija Hercegovine\",\"publisher\":{\"@id\":\"https:\\\/\\\/radioljubuski.ba\\\/#organization\"},\"potentialAction\":[{\"@type\":\"SearchAction\",\"target\":{\"@type\":\"EntryPoint\",\"urlTemplate\":\"https:\\\/\\\/radioljubuski.ba\\\/?s={search_term_string}\"},\"query-input\":{\"@type\":\"PropertyValueSpecification\",\"valueRequired\":true,\"valueName\":\"search_term_string\"}}],\"inLanguage\":\"hr\"},{\"@type\":\"Organization\",\"@id\":\"https:\\\/\\\/radioljubuski.ba\\\/#organization\",\"name\":\"Radio Ljubu\u0161ki\",\"url\":\"https:\\\/\\\/radioljubuski.ba\\\/\",\"logo\":{\"@type\":\"ImageObject\",\"inLanguage\":\"hr\",\"@id\":\"https:\\\/\\\/radioljubuski.ba\\\/#\\\/schema\\\/logo\\\/image\\\/\",\"url\":\"https:\\\/\\\/radioljubuski.ba\\\/wp-content\\\/uploads\\\/2021\\\/02\\\/cropped-Radio_Ljubuski_logo1.jpg\",\"contentUrl\":\"https:\\\/\\\/radioljubuski.ba\\\/wp-content\\\/uploads\\\/2021\\\/02\\\/cropped-Radio_Ljubuski_logo1.jpg\",\"width\":512,\"height\":512,\"caption\":\"Radio Ljubu\u0161ki\"},\"image\":{\"@id\":\"https:\\\/\\\/radioljubuski.ba\\\/#\\\/schema\\\/logo\\\/image\\\/\"},\"sameAs\":[\"https:\\\/\\\/www.facebook.com\\\/Radiio-Ljubuski-1490835324566332\",\"https:\\\/\\\/x.com\\\/radioljubuski\",\"https:\\\/\\\/hr.linkedin.com\\\/company\\\/radio-ljubuski\",\"https:\\\/\\\/www.youtube.com\\\/channel\\\/UCHYaeO_n0Db3tjNGudGpXyw\"]},{\"@type\":\"Person\",\"@id\":\"https:\\\/\\\/radioljubuski.ba\\\/#\\\/schema\\\/person\\\/19fc700381a780f69665d7956c469e3b\",\"name\":\"Radio Ljubu\u0161ki\"}]}<\/script>\n<!-- \/ Yoast SEO plugin. -->","yoast_head_json":{"title":"Zoran Gali\u0107: 'Isti migranti i po 20 puta dnevno poku\u0161avaju nelegalno u\u0107i u BiH' - RADIO LJUBU\u0160KI","robots":{"index":"index","follow":"follow","max-snippet":"max-snippet:-1","max-image-preview":"max-image-preview:large","max-video-preview":"max-video-preview:-1"},"canonical":"https:\/\/radioljubuski.ba\/index.php\/2021\/07\/01\/zoran-galic-isti-migranti-i-po-20-puta-dnevno-pokusavaju-nelegalno-uci-u-bih\/","og_locale":"hr_HR","og_type":"article","og_title":"Zoran Gali\u0107: 'Isti migranti i po 20 puta dnevno poku\u0161avaju nelegalno u\u0107i u BiH' - RADIO LJUBU\u0160KI","og_description":"Ravnatelj Grani\u010dne policije BiH Zoran Gali\u0107 u intervjuu za Pogled.ba kazao je kako migranti ponovno masovno poku\u0161avaju nelegalno u\u0107i u BiH. Govorio je i o nedostatku policijskih slu\u017ebenika, prekograni\u010dnom kriminalu, la\u017enim PCR testovima&#8230; Dolaskom toplijih dana, o\u010dekuje li se se priljev migranata u BiH i je li Grani\u010dna policija spremna za pove\u0107an broj migranata? Grani\u010dna [&hellip;]","og_url":"https:\/\/radioljubuski.ba\/index.php\/2021\/07\/01\/zoran-galic-isti-migranti-i-po-20-puta-dnevno-pokusavaju-nelegalno-uci-u-bih\/","og_site_name":"RADIO LJUBU\u0160KI","article_publisher":"https:\/\/www.facebook.com\/Radiio-Ljubuski-1490835324566332","article_published_time":"2021-07-01T10:25:29+00:00","article_modified_time":"2021-07-01T10:25:30+00:00","og_image":[{"width":1000,"height":625,"url":"https:\/\/radioljubuski.ba\/wp-content\/uploads\/2021\/07\/2-2021-07-01-07-36-30-RAVNATELJ-ZORAN-GALIC-GPBIH.jpg","type":"image\/jpeg"}],"author":"Radio Ljubu\u0161ki","twitter_card":"summary_large_image","twitter_creator":"@radioljubuski","twitter_site":"@radioljubuski","twitter_misc":{"Napisao\/la":"Radio Ljubu\u0161ki","Procijenjeno vrijeme \u010ditanja":"6 minuta"},"schema":{"@context":"https:\/\/schema.org","@graph":[{"@type":"Article","@id":"https:\/\/radioljubuski.ba\/index.php\/2021\/07\/01\/zoran-galic-isti-migranti-i-po-20-puta-dnevno-pokusavaju-nelegalno-uci-u-bih\/#article","isPartOf":{"@id":"https:\/\/radioljubuski.ba\/index.php\/2021\/07\/01\/zoran-galic-isti-migranti-i-po-20-puta-dnevno-pokusavaju-nelegalno-uci-u-bih\/"},"author":{"name":"Radio Ljubu\u0161ki","@id":"https:\/\/radioljubuski.ba\/#\/schema\/person\/19fc700381a780f69665d7956c469e3b"},"headline":"Zoran Gali\u0107: &#8216;Isti migranti i po 20 puta dnevno poku\u0161avaju nelegalno u\u0107i u BiH&#8217;","datePublished":"2021-07-01T10:25:29+00:00","dateModified":"2021-07-01T10:25:30+00:00","mainEntityOfPage":{"@id":"https:\/\/radioljubuski.ba\/index.php\/2021\/07\/01\/zoran-galic-isti-migranti-i-po-20-puta-dnevno-pokusavaju-nelegalno-uci-u-bih\/"},"wordCount":1587,"publisher":{"@id":"https:\/\/radioljubuski.ba\/#organization"},"image":{"@id":"https:\/\/radioljubuski.ba\/index.php\/2021\/07\/01\/zoran-galic-isti-migranti-i-po-20-puta-dnevno-pokusavaju-nelegalno-uci-u-bih\/#primaryimage"},"thumbnailUrl":"https:\/\/radioljubuski.ba\/wp-content\/uploads\/2021\/07\/2-2021-07-01-07-36-30-RAVNATELJ-ZORAN-GALIC-GPBIH.jpg","articleSection":["BIH i regija"],"inLanguage":"hr"},{"@type":"WebPage","@id":"https:\/\/radioljubuski.ba\/index.php\/2021\/07\/01\/zoran-galic-isti-migranti-i-po-20-puta-dnevno-pokusavaju-nelegalno-uci-u-bih\/","url":"https:\/\/radioljubuski.ba\/index.php\/2021\/07\/01\/zoran-galic-isti-migranti-i-po-20-puta-dnevno-pokusavaju-nelegalno-uci-u-bih\/","name":"Zoran Gali\u0107: 'Isti migranti i po 20 puta dnevno poku\u0161avaju nelegalno u\u0107i u BiH' - RADIO LJUBU\u0160KI","isPartOf":{"@id":"https:\/\/radioljubuski.ba\/#website"},"primaryImageOfPage":{"@id":"https:\/\/radioljubuski.ba\/index.php\/2021\/07\/01\/zoran-galic-isti-migranti-i-po-20-puta-dnevno-pokusavaju-nelegalno-uci-u-bih\/#primaryimage"},"image":{"@id":"https:\/\/radioljubuski.ba\/index.php\/2021\/07\/01\/zoran-galic-isti-migranti-i-po-20-puta-dnevno-pokusavaju-nelegalno-uci-u-bih\/#primaryimage"},"thumbnailUrl":"https:\/\/radioljubuski.ba\/wp-content\/uploads\/2021\/07\/2-2021-07-01-07-36-30-RAVNATELJ-ZORAN-GALIC-GPBIH.jpg","datePublished":"2021-07-01T10:25:29+00:00","dateModified":"2021-07-01T10:25:30+00:00","breadcrumb":{"@id":"https:\/\/radioljubuski.ba\/index.php\/2021\/07\/01\/zoran-galic-isti-migranti-i-po-20-puta-dnevno-pokusavaju-nelegalno-uci-u-bih\/#breadcrumb"},"inLanguage":"hr","potentialAction":[{"@type":"ReadAction","target":["https:\/\/radioljubuski.ba\/index.php\/2021\/07\/01\/zoran-galic-isti-migranti-i-po-20-puta-dnevno-pokusavaju-nelegalno-uci-u-bih\/"]}]},{"@type":"ImageObject","inLanguage":"hr","@id":"https:\/\/radioljubuski.ba\/index.php\/2021\/07\/01\/zoran-galic-isti-migranti-i-po-20-puta-dnevno-pokusavaju-nelegalno-uci-u-bih\/#primaryimage","url":"https:\/\/radioljubuski.ba\/wp-content\/uploads\/2021\/07\/2-2021-07-01-07-36-30-RAVNATELJ-ZORAN-GALIC-GPBIH.jpg","contentUrl":"https:\/\/radioljubuski.ba\/wp-content\/uploads\/2021\/07\/2-2021-07-01-07-36-30-RAVNATELJ-ZORAN-GALIC-GPBIH.jpg","width":1000,"height":625},{"@type":"BreadcrumbList","@id":"https:\/\/radioljubuski.ba\/index.php\/2021\/07\/01\/zoran-galic-isti-migranti-i-po-20-puta-dnevno-pokusavaju-nelegalno-uci-u-bih\/#breadcrumb","itemListElement":[{"@type":"ListItem","position":1,"name":"Po\u010detna stranica","item":"https:\/\/radioljubuski.ba\/"},{"@type":"ListItem","position":2,"name":"Zoran Gali\u0107: &#8216;Isti migranti i po 20 puta dnevno poku\u0161avaju nelegalno u\u0107i u BiH&#8217;"}]},{"@type":"WebSite","@id":"https:\/\/radioljubuski.ba\/#website","url":"https:\/\/radioljubuski.ba\/","name":"Radio Ljubu\u0161ki","description":"Sun\u010dana frekvencija Hercegovine","publisher":{"@id":"https:\/\/radioljubuski.ba\/#organization"},"potentialAction":[{"@type":"SearchAction","target":{"@type":"EntryPoint","urlTemplate":"https:\/\/radioljubuski.ba\/?s={search_term_string}"},"query-input":{"@type":"PropertyValueSpecification","valueRequired":true,"valueName":"search_term_string"}}],"inLanguage":"hr"},{"@type":"Organization","@id":"https:\/\/radioljubuski.ba\/#organization","name":"Radio Ljubu\u0161ki","url":"https:\/\/radioljubuski.ba\/","logo":{"@type":"ImageObject","inLanguage":"hr","@id":"https:\/\/radioljubuski.ba\/#\/schema\/logo\/image\/","url":"https:\/\/radioljubuski.ba\/wp-content\/uploads\/2021\/02\/cropped-Radio_Ljubuski_logo1.jpg","contentUrl":"https:\/\/radioljubuski.ba\/wp-content\/uploads\/2021\/02\/cropped-Radio_Ljubuski_logo1.jpg","width":512,"height":512,"caption":"Radio Ljubu\u0161ki"},"image":{"@id":"https:\/\/radioljubuski.ba\/#\/schema\/logo\/image\/"},"sameAs":["https:\/\/www.facebook.com\/Radiio-Ljubuski-1490835324566332","https:\/\/x.com\/radioljubuski","https:\/\/hr.linkedin.com\/company\/radio-ljubuski","https:\/\/www.youtube.com\/channel\/UCHYaeO_n0Db3tjNGudGpXyw"]},{"@type":"Person","@id":"https:\/\/radioljubuski.ba\/#\/schema\/person\/19fc700381a780f69665d7956c469e3b","name":"Radio Ljubu\u0161ki"}]}},"_links":{"self":[{"href":"https:\/\/radioljubuski.ba\/index.php\/wp-json\/wp\/v2\/posts\/37811","targetHints":{"allow":["GET"]}}],"collection":[{"href":"https:\/\/radioljubuski.ba\/index.php\/wp-json\/wp\/v2\/posts"}],"about":[{"href":"https:\/\/radioljubuski.ba\/index.php\/wp-json\/wp\/v2\/types\/post"}],"author":[{"embeddable":true,"href":"https:\/\/radioljubuski.ba\/index.php\/wp-json\/wp\/v2\/users\/2"}],"replies":[{"embeddable":true,"href":"https:\/\/radioljubuski.ba\/index.php\/wp-json\/wp\/v2\/comments?post=37811"}],"version-history":[{"count":1,"href":"https:\/\/radioljubuski.ba\/index.php\/wp-json\/wp\/v2\/posts\/37811\/revisions"}],"predecessor-version":[{"id":37814,"href":"https:\/\/radioljubuski.ba\/index.php\/wp-json\/wp\/v2\/posts\/37811\/revisions\/37814"}],"wp:featuredmedia":[{"embeddable":true,"href":"https:\/\/radioljubuski.ba\/index.php\/wp-json\/wp\/v2\/media\/37813"}],"wp:attachment":[{"href":"https:\/\/radioljubuski.ba\/index.php\/wp-json\/wp\/v2\/media?parent=37811"}],"wp:term":[{"taxonomy":"category","embeddable":true,"href":"https:\/\/radioljubuski.ba\/index.php\/wp-json\/wp\/v2\/categories?post=37811"},{"taxonomy":"post_tag","embeddable":true,"href":"https:\/\/radioljubuski.ba\/index.php\/wp-json\/wp\/v2\/tags?post=37811"}],"curies":[{"name":"wp","href":"https:\/\/api.w.org\/{rel}","templated":true}]}}