{"id":37815,"date":"2021-07-01T11:26:58","date_gmt":"2021-07-01T10:26:58","guid":{"rendered":"https:\/\/radioljubuski.ba\/?p=37815"},"modified":"2021-07-01T11:26:58","modified_gmt":"2021-07-01T10:26:58","slug":"turisti-koji-dolaze-u-francusku-morat-ce-platiti-za-covid-testove","status":"publish","type":"post","link":"https:\/\/radioljubuski.ba\/index.php\/2021\/07\/01\/turisti-koji-dolaze-u-francusku-morat-ce-platiti-za-covid-testove\/","title":{"rendered":"Turisti koji dolaze u Francusku morat \u0107e platiti za COVID testove"},"content":{"rendered":"\n<p>Strani turisti koji posje\u0107uju Francusku morat \u0107e pla\u0107ati testove na COVID-19 po\u010dev\u0161i od 7. srpnja, rekao je glasnogovornik vlade Gabriel Attal za &nbsp;novine Les Echos u intervjuu objavljenom u srijedu.<\/p>\n\n\n\n<p>\u201cOdlu\u010dili smo da strani turisti trebaju platiti te testove, 49 eura za PCR testove i 29 eura za antigenske testove. Ovdje se radi o reciprocitetu jer Francuzi koji putuju u inozemstvo moraju platiti te testove u ve\u0107ini zemalja\u201d, rekao je Attal.<\/p>\n\n\n\n<p>U vezi s francuskim gra\u0111anima koji se vi\u0161e vole testirati kad je potrebno \u2013 radi putovanja ili zabave \u2013 umjesto cijepljenja, Attal je rekao da \u0107e vlada razmisliti natjerati ih platiti te testove nakon \u0161to zavr\u0161i ljetni odmor.<\/p>\n\n\n\n<p>Vode\u0107i znanstveni savjetnik francuske vlade profesor Jean-Fran\u00e7ois Delfraissy izjavio je ranije u srijedu da \u0107e Francuska vjerojatno imati \u010detvrti val virusa COVID-19 zbog ponovnog pojavljivanja slu\u010dajeva zaraze uzrokovanih Delta varijantom virusa.<\/p>\n\n\n\n<p>Izvor:pogled.ba<\/p>\n","protected":false},"excerpt":{"rendered":"<p>Strani turisti koji posje\u0107uju Francusku morat \u0107e pla\u0107ati testove na COVID-19 po\u010dev\u0161i od 7. srpnja, rekao je glasnogovornik vlade Gabriel Attal za &nbsp;novine Les Echos u intervjuu objavljenom u srijedu. \u201cOdlu\u010dili smo da strani turisti trebaju platiti te testove, 49 eura za PCR testove i 29 eura za antigenske testove. Ovdje se radi o reciprocitetu [&hellip;]<\/p>\n","protected":false},"author":2,"featured_media":37816,"comment_status":"closed","ping_status":"closed","sticky":false,"template":"","format":"standard","meta":{"h5ap_radio_sources":[],"footnotes":""},"categories":[1],"tags":[],"class_list":["post-37815","post","type-post","status-publish","format-standard","has-post-thumbnail","hentry","category-bihiregija"],"yoast_head":"<!-- This site is optimized with the Yoast SEO plugin v27.5 - https:\/\/yoast.com\/product\/yoast-seo-wordpress\/ -->\n<title>Turisti koji dolaze u Francusku morat \u0107e platiti za COVID testove - RADIO LJUBU\u0160KI<\/title>\n<meta name=\"robots\" content=\"index, follow, max-snippet:-1, max-image-preview:large, max-video-preview:-1\" \/>\n<link rel=\"canonical\" href=\"https:\/\/radioljubuski.ba\/index.php\/2021\/07\/01\/turisti-koji-dolaze-u-francusku-morat-ce-platiti-za-covid-testove\/\" \/>\n<meta property=\"og:locale\" content=\"hr_HR\" \/>\n<meta property=\"og:type\" content=\"article\" \/>\n<meta property=\"og:title\" content=\"Turisti koji dolaze u Francusku morat \u0107e platiti za COVID testove - RADIO LJUBU\u0160KI\" \/>\n<meta property=\"og:description\" content=\"Strani turisti koji posje\u0107uju Francusku morat \u0107e pla\u0107ati testove na COVID-19 po\u010dev\u0161i od 7. srpnja, rekao je glasnogovornik vlade Gabriel Attal za &nbsp;novine Les Echos u intervjuu objavljenom u srijedu. \u201cOdlu\u010dili smo da strani turisti trebaju platiti te testove, 49 eura za PCR testove i 29 eura za antigenske testove. Ovdje se radi o reciprocitetu [&hellip;]\" \/>\n<meta property=\"og:url\" content=\"https:\/\/radioljubuski.ba\/index.php\/2021\/07\/01\/turisti-koji-dolaze-u-francusku-morat-ce-platiti-za-covid-testove\/\" \/>\n<meta property=\"og:site_name\" content=\"RADIO LJUBU\u0160KI\" \/>\n<meta property=\"article:publisher\" content=\"https:\/\/www.facebook.com\/Radiio-Ljubuski-1490835324566332\" \/>\n<meta property=\"article:published_time\" content=\"2021-07-01T10:26:58+00:00\" \/>\n<meta property=\"og:image\" content=\"https:\/\/radioljubuski.ba\/wp-content\/uploads\/2021\/07\/4-2021-03-08-13-58-58-covid-testiranje.jpg\" \/>\n\t<meta property=\"og:image:width\" content=\"1000\" \/>\n\t<meta property=\"og:image:height\" content=\"625\" \/>\n\t<meta property=\"og:image:type\" content=\"image\/jpeg\" \/>\n<meta name=\"author\" content=\"Radio Ljubu\u0161ki\" \/>\n<meta name=\"twitter:card\" content=\"summary_large_image\" \/>\n<meta name=\"twitter:creator\" content=\"@radioljubuski\" \/>\n<meta name=\"twitter:site\" content=\"@radioljubuski\" \/>\n<meta name=\"twitter:label1\" content=\"Napisao\/la\" \/>\n\t<meta name=\"twitter:data1\" content=\"Radio Ljubu\u0161ki\" \/>\n\t<meta name=\"twitter:label2\" content=\"Procijenjeno vrijeme \u010ditanja\" \/>\n\t<meta name=\"twitter:data2\" content=\"1 minuta\" \/>\n<script type=\"application\/ld+json\" class=\"yoast-schema-graph\">{\"@context\":\"https:\\\/\\\/schema.org\",\"@graph\":[{\"@type\":\"Article\",\"@id\":\"https:\\\/\\\/radioljubuski.ba\\\/index.php\\\/2021\\\/07\\\/01\\\/turisti-koji-dolaze-u-francusku-morat-ce-platiti-za-covid-testove\\\/#article\",\"isPartOf\":{\"@id\":\"https:\\\/\\\/radioljubuski.ba\\\/index.php\\\/2021\\\/07\\\/01\\\/turisti-koji-dolaze-u-francusku-morat-ce-platiti-za-covid-testove\\\/\"},\"author\":{\"name\":\"Radio Ljubu\u0161ki\",\"@id\":\"https:\\\/\\\/radioljubuski.ba\\\/#\\\/schema\\\/person\\\/19fc700381a780f69665d7956c469e3b\"},\"headline\":\"Turisti koji dolaze u Francusku morat \u0107e platiti za COVID testove\",\"datePublished\":\"2021-07-01T10:26:58+00:00\",\"mainEntityOfPage\":{\"@id\":\"https:\\\/\\\/radioljubuski.ba\\\/index.php\\\/2021\\\/07\\\/01\\\/turisti-koji-dolaze-u-francusku-morat-ce-platiti-za-covid-testove\\\/\"},\"wordCount\":162,\"publisher\":{\"@id\":\"https:\\\/\\\/radioljubuski.ba\\\/#organization\"},\"image\":{\"@id\":\"https:\\\/\\\/radioljubuski.ba\\\/index.php\\\/2021\\\/07\\\/01\\\/turisti-koji-dolaze-u-francusku-morat-ce-platiti-za-covid-testove\\\/#primaryimage\"},\"thumbnailUrl\":\"https:\\\/\\\/radioljubuski.ba\\\/wp-content\\\/uploads\\\/2021\\\/07\\\/4-2021-03-08-13-58-58-covid-testiranje.jpg\",\"articleSection\":[\"BIH i regija\"],\"inLanguage\":\"hr\"},{\"@type\":\"WebPage\",\"@id\":\"https:\\\/\\\/radioljubuski.ba\\\/index.php\\\/2021\\\/07\\\/01\\\/turisti-koji-dolaze-u-francusku-morat-ce-platiti-za-covid-testove\\\/\",\"url\":\"https:\\\/\\\/radioljubuski.ba\\\/index.php\\\/2021\\\/07\\\/01\\\/turisti-koji-dolaze-u-francusku-morat-ce-platiti-za-covid-testove\\\/\",\"name\":\"Turisti koji dolaze u Francusku morat \u0107e platiti za COVID testove - RADIO LJUBU\u0160KI\",\"isPartOf\":{\"@id\":\"https:\\\/\\\/radioljubuski.ba\\\/#website\"},\"primaryImageOfPage\":{\"@id\":\"https:\\\/\\\/radioljubuski.ba\\\/index.php\\\/2021\\\/07\\\/01\\\/turisti-koji-dolaze-u-francusku-morat-ce-platiti-za-covid-testove\\\/#primaryimage\"},\"image\":{\"@id\":\"https:\\\/\\\/radioljubuski.ba\\\/index.php\\\/2021\\\/07\\\/01\\\/turisti-koji-dolaze-u-francusku-morat-ce-platiti-za-covid-testove\\\/#primaryimage\"},\"thumbnailUrl\":\"https:\\\/\\\/radioljubuski.ba\\\/wp-content\\\/uploads\\\/2021\\\/07\\\/4-2021-03-08-13-58-58-covid-testiranje.jpg\",\"datePublished\":\"2021-07-01T10:26:58+00:00\",\"breadcrumb\":{\"@id\":\"https:\\\/\\\/radioljubuski.ba\\\/index.php\\\/2021\\\/07\\\/01\\\/turisti-koji-dolaze-u-francusku-morat-ce-platiti-za-covid-testove\\\/#breadcrumb\"},\"inLanguage\":\"hr\",\"potentialAction\":[{\"@type\":\"ReadAction\",\"target\":[\"https:\\\/\\\/radioljubuski.ba\\\/index.php\\\/2021\\\/07\\\/01\\\/turisti-koji-dolaze-u-francusku-morat-ce-platiti-za-covid-testove\\\/\"]}]},{\"@type\":\"ImageObject\",\"inLanguage\":\"hr\",\"@id\":\"https:\\\/\\\/radioljubuski.ba\\\/index.php\\\/2021\\\/07\\\/01\\\/turisti-koji-dolaze-u-francusku-morat-ce-platiti-za-covid-testove\\\/#primaryimage\",\"url\":\"https:\\\/\\\/radioljubuski.ba\\\/wp-content\\\/uploads\\\/2021\\\/07\\\/4-2021-03-08-13-58-58-covid-testiranje.jpg\",\"contentUrl\":\"https:\\\/\\\/radioljubuski.ba\\\/wp-content\\\/uploads\\\/2021\\\/07\\\/4-2021-03-08-13-58-58-covid-testiranje.jpg\",\"width\":1000,\"height\":625},{\"@type\":\"BreadcrumbList\",\"@id\":\"https:\\\/\\\/radioljubuski.ba\\\/index.php\\\/2021\\\/07\\\/01\\\/turisti-koji-dolaze-u-francusku-morat-ce-platiti-za-covid-testove\\\/#breadcrumb\",\"itemListElement\":[{\"@type\":\"ListItem\",\"position\":1,\"name\":\"Po\u010detna stranica\",\"item\":\"https:\\\/\\\/radioljubuski.ba\\\/\"},{\"@type\":\"ListItem\",\"position\":2,\"name\":\"Turisti koji dolaze u Francusku morat \u0107e platiti za COVID testove\"}]},{\"@type\":\"WebSite\",\"@id\":\"https:\\\/\\\/radioljubuski.ba\\\/#website\",\"url\":\"https:\\\/\\\/radioljubuski.ba\\\/\",\"name\":\"Radio Ljubu\u0161ki\",\"description\":\"Sun\u010dana frekvencija Hercegovine\",\"publisher\":{\"@id\":\"https:\\\/\\\/radioljubuski.ba\\\/#organization\"},\"potentialAction\":[{\"@type\":\"SearchAction\",\"target\":{\"@type\":\"EntryPoint\",\"urlTemplate\":\"https:\\\/\\\/radioljubuski.ba\\\/?s={search_term_string}\"},\"query-input\":{\"@type\":\"PropertyValueSpecification\",\"valueRequired\":true,\"valueName\":\"search_term_string\"}}],\"inLanguage\":\"hr\"},{\"@type\":\"Organization\",\"@id\":\"https:\\\/\\\/radioljubuski.ba\\\/#organization\",\"name\":\"Radio Ljubu\u0161ki\",\"url\":\"https:\\\/\\\/radioljubuski.ba\\\/\",\"logo\":{\"@type\":\"ImageObject\",\"inLanguage\":\"hr\",\"@id\":\"https:\\\/\\\/radioljubuski.ba\\\/#\\\/schema\\\/logo\\\/image\\\/\",\"url\":\"https:\\\/\\\/radioljubuski.ba\\\/wp-content\\\/uploads\\\/2021\\\/02\\\/cropped-Radio_Ljubuski_logo1.jpg\",\"contentUrl\":\"https:\\\/\\\/radioljubuski.ba\\\/wp-content\\\/uploads\\\/2021\\\/02\\\/cropped-Radio_Ljubuski_logo1.jpg\",\"width\":512,\"height\":512,\"caption\":\"Radio Ljubu\u0161ki\"},\"image\":{\"@id\":\"https:\\\/\\\/radioljubuski.ba\\\/#\\\/schema\\\/logo\\\/image\\\/\"},\"sameAs\":[\"https:\\\/\\\/www.facebook.com\\\/Radiio-Ljubuski-1490835324566332\",\"https:\\\/\\\/x.com\\\/radioljubuski\",\"https:\\\/\\\/hr.linkedin.com\\\/company\\\/radio-ljubuski\",\"https:\\\/\\\/www.youtube.com\\\/channel\\\/UCHYaeO_n0Db3tjNGudGpXyw\"]},{\"@type\":\"Person\",\"@id\":\"https:\\\/\\\/radioljubuski.ba\\\/#\\\/schema\\\/person\\\/19fc700381a780f69665d7956c469e3b\",\"name\":\"Radio Ljubu\u0161ki\"}]}<\/script>\n<!-- \/ Yoast SEO plugin. -->","yoast_head_json":{"title":"Turisti koji dolaze u Francusku morat \u0107e platiti za COVID testove - RADIO LJUBU\u0160KI","robots":{"index":"index","follow":"follow","max-snippet":"max-snippet:-1","max-image-preview":"max-image-preview:large","max-video-preview":"max-video-preview:-1"},"canonical":"https:\/\/radioljubuski.ba\/index.php\/2021\/07\/01\/turisti-koji-dolaze-u-francusku-morat-ce-platiti-za-covid-testove\/","og_locale":"hr_HR","og_type":"article","og_title":"Turisti koji dolaze u Francusku morat \u0107e platiti za COVID testove - RADIO LJUBU\u0160KI","og_description":"Strani turisti koji posje\u0107uju Francusku morat \u0107e pla\u0107ati testove na COVID-19 po\u010dev\u0161i od 7. srpnja, rekao je glasnogovornik vlade Gabriel Attal za &nbsp;novine Les Echos u intervjuu objavljenom u srijedu. \u201cOdlu\u010dili smo da strani turisti trebaju platiti te testove, 49 eura za PCR testove i 29 eura za antigenske testove. Ovdje se radi o reciprocitetu [&hellip;]","og_url":"https:\/\/radioljubuski.ba\/index.php\/2021\/07\/01\/turisti-koji-dolaze-u-francusku-morat-ce-platiti-za-covid-testove\/","og_site_name":"RADIO LJUBU\u0160KI","article_publisher":"https:\/\/www.facebook.com\/Radiio-Ljubuski-1490835324566332","article_published_time":"2021-07-01T10:26:58+00:00","og_image":[{"width":1000,"height":625,"url":"https:\/\/radioljubuski.ba\/wp-content\/uploads\/2021\/07\/4-2021-03-08-13-58-58-covid-testiranje.jpg","type":"image\/jpeg"}],"author":"Radio Ljubu\u0161ki","twitter_card":"summary_large_image","twitter_creator":"@radioljubuski","twitter_site":"@radioljubuski","twitter_misc":{"Napisao\/la":"Radio Ljubu\u0161ki","Procijenjeno vrijeme \u010ditanja":"1 minuta"},"schema":{"@context":"https:\/\/schema.org","@graph":[{"@type":"Article","@id":"https:\/\/radioljubuski.ba\/index.php\/2021\/07\/01\/turisti-koji-dolaze-u-francusku-morat-ce-platiti-za-covid-testove\/#article","isPartOf":{"@id":"https:\/\/radioljubuski.ba\/index.php\/2021\/07\/01\/turisti-koji-dolaze-u-francusku-morat-ce-platiti-za-covid-testove\/"},"author":{"name":"Radio Ljubu\u0161ki","@id":"https:\/\/radioljubuski.ba\/#\/schema\/person\/19fc700381a780f69665d7956c469e3b"},"headline":"Turisti koji dolaze u Francusku morat \u0107e platiti za COVID testove","datePublished":"2021-07-01T10:26:58+00:00","mainEntityOfPage":{"@id":"https:\/\/radioljubuski.ba\/index.php\/2021\/07\/01\/turisti-koji-dolaze-u-francusku-morat-ce-platiti-za-covid-testove\/"},"wordCount":162,"publisher":{"@id":"https:\/\/radioljubuski.ba\/#organization"},"image":{"@id":"https:\/\/radioljubuski.ba\/index.php\/2021\/07\/01\/turisti-koji-dolaze-u-francusku-morat-ce-platiti-za-covid-testove\/#primaryimage"},"thumbnailUrl":"https:\/\/radioljubuski.ba\/wp-content\/uploads\/2021\/07\/4-2021-03-08-13-58-58-covid-testiranje.jpg","articleSection":["BIH i regija"],"inLanguage":"hr"},{"@type":"WebPage","@id":"https:\/\/radioljubuski.ba\/index.php\/2021\/07\/01\/turisti-koji-dolaze-u-francusku-morat-ce-platiti-za-covid-testove\/","url":"https:\/\/radioljubuski.ba\/index.php\/2021\/07\/01\/turisti-koji-dolaze-u-francusku-morat-ce-platiti-za-covid-testove\/","name":"Turisti koji dolaze u Francusku morat \u0107e platiti za COVID testove - RADIO LJUBU\u0160KI","isPartOf":{"@id":"https:\/\/radioljubuski.ba\/#website"},"primaryImageOfPage":{"@id":"https:\/\/radioljubuski.ba\/index.php\/2021\/07\/01\/turisti-koji-dolaze-u-francusku-morat-ce-platiti-za-covid-testove\/#primaryimage"},"image":{"@id":"https:\/\/radioljubuski.ba\/index.php\/2021\/07\/01\/turisti-koji-dolaze-u-francusku-morat-ce-platiti-za-covid-testove\/#primaryimage"},"thumbnailUrl":"https:\/\/radioljubuski.ba\/wp-content\/uploads\/2021\/07\/4-2021-03-08-13-58-58-covid-testiranje.jpg","datePublished":"2021-07-01T10:26:58+00:00","breadcrumb":{"@id":"https:\/\/radioljubuski.ba\/index.php\/2021\/07\/01\/turisti-koji-dolaze-u-francusku-morat-ce-platiti-za-covid-testove\/#breadcrumb"},"inLanguage":"hr","potentialAction":[{"@type":"ReadAction","target":["https:\/\/radioljubuski.ba\/index.php\/2021\/07\/01\/turisti-koji-dolaze-u-francusku-morat-ce-platiti-za-covid-testove\/"]}]},{"@type":"ImageObject","inLanguage":"hr","@id":"https:\/\/radioljubuski.ba\/index.php\/2021\/07\/01\/turisti-koji-dolaze-u-francusku-morat-ce-platiti-za-covid-testove\/#primaryimage","url":"https:\/\/radioljubuski.ba\/wp-content\/uploads\/2021\/07\/4-2021-03-08-13-58-58-covid-testiranje.jpg","contentUrl":"https:\/\/radioljubuski.ba\/wp-content\/uploads\/2021\/07\/4-2021-03-08-13-58-58-covid-testiranje.jpg","width":1000,"height":625},{"@type":"BreadcrumbList","@id":"https:\/\/radioljubuski.ba\/index.php\/2021\/07\/01\/turisti-koji-dolaze-u-francusku-morat-ce-platiti-za-covid-testove\/#breadcrumb","itemListElement":[{"@type":"ListItem","position":1,"name":"Po\u010detna stranica","item":"https:\/\/radioljubuski.ba\/"},{"@type":"ListItem","position":2,"name":"Turisti koji dolaze u Francusku morat \u0107e platiti za COVID testove"}]},{"@type":"WebSite","@id":"https:\/\/radioljubuski.ba\/#website","url":"https:\/\/radioljubuski.ba\/","name":"Radio Ljubu\u0161ki","description":"Sun\u010dana frekvencija Hercegovine","publisher":{"@id":"https:\/\/radioljubuski.ba\/#organization"},"potentialAction":[{"@type":"SearchAction","target":{"@type":"EntryPoint","urlTemplate":"https:\/\/radioljubuski.ba\/?s={search_term_string}"},"query-input":{"@type":"PropertyValueSpecification","valueRequired":true,"valueName":"search_term_string"}}],"inLanguage":"hr"},{"@type":"Organization","@id":"https:\/\/radioljubuski.ba\/#organization","name":"Radio Ljubu\u0161ki","url":"https:\/\/radioljubuski.ba\/","logo":{"@type":"ImageObject","inLanguage":"hr","@id":"https:\/\/radioljubuski.ba\/#\/schema\/logo\/image\/","url":"https:\/\/radioljubuski.ba\/wp-content\/uploads\/2021\/02\/cropped-Radio_Ljubuski_logo1.jpg","contentUrl":"https:\/\/radioljubuski.ba\/wp-content\/uploads\/2021\/02\/cropped-Radio_Ljubuski_logo1.jpg","width":512,"height":512,"caption":"Radio Ljubu\u0161ki"},"image":{"@id":"https:\/\/radioljubuski.ba\/#\/schema\/logo\/image\/"},"sameAs":["https:\/\/www.facebook.com\/Radiio-Ljubuski-1490835324566332","https:\/\/x.com\/radioljubuski","https:\/\/hr.linkedin.com\/company\/radio-ljubuski","https:\/\/www.youtube.com\/channel\/UCHYaeO_n0Db3tjNGudGpXyw"]},{"@type":"Person","@id":"https:\/\/radioljubuski.ba\/#\/schema\/person\/19fc700381a780f69665d7956c469e3b","name":"Radio Ljubu\u0161ki"}]}},"_links":{"self":[{"href":"https:\/\/radioljubuski.ba\/index.php\/wp-json\/wp\/v2\/posts\/37815","targetHints":{"allow":["GET"]}}],"collection":[{"href":"https:\/\/radioljubuski.ba\/index.php\/wp-json\/wp\/v2\/posts"}],"about":[{"href":"https:\/\/radioljubuski.ba\/index.php\/wp-json\/wp\/v2\/types\/post"}],"author":[{"embeddable":true,"href":"https:\/\/radioljubuski.ba\/index.php\/wp-json\/wp\/v2\/users\/2"}],"replies":[{"embeddable":true,"href":"https:\/\/radioljubuski.ba\/index.php\/wp-json\/wp\/v2\/comments?post=37815"}],"version-history":[{"count":1,"href":"https:\/\/radioljubuski.ba\/index.php\/wp-json\/wp\/v2\/posts\/37815\/revisions"}],"predecessor-version":[{"id":37817,"href":"https:\/\/radioljubuski.ba\/index.php\/wp-json\/wp\/v2\/posts\/37815\/revisions\/37817"}],"wp:featuredmedia":[{"embeddable":true,"href":"https:\/\/radioljubuski.ba\/index.php\/wp-json\/wp\/v2\/media\/37816"}],"wp:attachment":[{"href":"https:\/\/radioljubuski.ba\/index.php\/wp-json\/wp\/v2\/media?parent=37815"}],"wp:term":[{"taxonomy":"category","embeddable":true,"href":"https:\/\/radioljubuski.ba\/index.php\/wp-json\/wp\/v2\/categories?post=37815"},{"taxonomy":"post_tag","embeddable":true,"href":"https:\/\/radioljubuski.ba\/index.php\/wp-json\/wp\/v2\/tags?post=37815"}],"curies":[{"name":"wp","href":"https:\/\/api.w.org\/{rel}","templated":true}]}}