{"id":37825,"date":"2021-07-01T11:31:01","date_gmt":"2021-07-01T10:31:01","guid":{"rendered":"https:\/\/radioljubuski.ba\/?p=37825"},"modified":"2021-07-01T11:31:02","modified_gmt":"2021-07-01T10:31:02","slug":"iz-tehnoloskog-parka-u-posusju-izlaze-prvi-kvalificirani-cnc-operateri","status":"publish","type":"post","link":"https:\/\/radioljubuski.ba\/index.php\/2021\/07\/01\/iz-tehnoloskog-parka-u-posusju-izlaze-prvi-kvalificirani-cnc-operateri\/","title":{"rendered":"Iz Tehnolo\u0161kog parka u Posu\u0161ju izlaze prvi kvalificirani CNC operateri"},"content":{"rendered":"\n<p>Ju\u010der su u Tehnolo\u0161kom parku Posu\u0161je dodijeljene Svjedod\u017ebe o osposobljavanju za zanimanje CNC programer\/operater, u skladu s Rje\u0161enjem Ministarstva obrazovanja, znanosti, kulture i \u0161porta \u017dupanije Zapadnohercegova\u010dke.&nbsp;<\/p>\n\n\n\n<p>Rije\u010d je o zavr\u0161enom ciklusu obuke po prvom Javnom pozivu u Tehnolo\u0161kom parku. Ukupno su bila &nbsp;prijavljena 32 polaznika, od kojih su 23 uspje\u0161no zavr\u0161ila osposobljavanje. Edukacija je trajala ukupno 150 sati, a polaznici su bili podjeljeni u 4 grupe.<\/p>\n\n\n\n<p>O procesu osposobljavanja koordinator u Tehnolo\u0161kom parku Stipe Be\u0161li\u0107 je kazao: \u201eMogu re\u0107i da je Obuka privukla mnoge mlade osobe koje su se prijavile na program osposobljavanja za CNC programera\/operatera. Ovim putem \u017eelio bih \u010destitati svima koji su uspje\u0161no polo\u017eili obuke. Do sada su bila raspisana dva Javna poziva za obuke, te na jesen mo\u017eemo o\u010dekivati novi Javni poziv za nove polaznike koji budu zainteresirani.\u201c<\/p>\n\n\n\n<p>Fondaciju tehnolo\u0161ki Park pokrenula je Op\u0107ina Posu\u0161je, a samu izgradnju i opremanje su potpomogli partneri na projektu. Jedan od njih je i Razvojna agencija \u017dZH. Stoga su ju\u010der simboli\u010dno svjedod\u017ebe uru\u010dili na\u010delnik op\u0107ine Ante Begi\u0107 i ravnatelj Agencije Radoslav Luburi\u0107.<\/p>\n\n\n\n<p>Na\u010delnik Begi\u0107 izrazio je zadovoljstvo pokretanjem ovog projekta jer se njime doprinosi i razvoju lokalnog gospodarstva. \u201e Vizija pri izgradnji Logisti\u010dkog centra, odnosno Tehnolo\u0161kog parka, bila je uklju\u010diti se u kreiranje sadr\u017eaja kojim \u0107e se pomo\u0107i ja\u010danju lokalnog gospodarstva. I ova dana\u0161nja prigoda je potvrda da smo na pravom putu. Mislim da je sudjelovanje u procesu naobrazbe za zanimanja koje tr\u017ei\u0161te rada tra\u017ei ispravan put za osiguranje preduvjeta mladima da ostanu u Posu\u0161ju. I na tome \u0107emo svakako nastaviti raditi. Koristim priliku zahvaliti se svim partnerima koji su djelili s nama viziju i doprinjeli izgradnji Tehnolo\u0161kog parka sa svim modernim strojevima putem kojih se odvija obuka kadrova.\u201c<\/p>\n\n\n\n<p>Ina\u010de, Fondacija Tehnolo\u0161ki park Posu\u0161je opremljena je s CNC strojevima kroz projekt Compete Plamet. Projekt je financirla Europska unija kroz program Interreg IPA prekograni\u010dne suradnje Hrvatske, BiH i Crne Gore 2014.-2020. Program su provodili JU Razvojna agencija ZH\u017d-a, Op\u0107ina Posu\u0161je i Razvojna agencija \u0160ibensko-kninske \u017eupanije.<\/p>\n\n\n\n<p>Uz polaznike koji se obu\u010davaju putem Javnih poziva, u sklopu prakti\u010dne nastave na CNC strojevima vr\u0161i se obuka i za u\u010denike Srednje strukovne \u0161kole Posu\u0161je, priop\u0107eno je iz Op\u0107ine Posu\u0161je.<\/p>\n\n\n\n<p>Izvor:pogled.ba<\/p>\n","protected":false},"excerpt":{"rendered":"<p>Ju\u010der su u Tehnolo\u0161kom parku Posu\u0161je dodijeljene Svjedod\u017ebe o osposobljavanju za zanimanje CNC programer\/operater, u skladu s Rje\u0161enjem Ministarstva obrazovanja, znanosti, kulture i \u0161porta \u017dupanije Zapadnohercegova\u010dke.&nbsp; Rije\u010d je o zavr\u0161enom ciklusu obuke po prvom Javnom pozivu u Tehnolo\u0161kom parku. Ukupno su bila &nbsp;prijavljena 32 polaznika, od kojih su 23 uspje\u0161no zavr\u0161ila osposobljavanje. Edukacija je trajala [&hellip;]<\/p>\n","protected":false},"author":2,"featured_media":37827,"comment_status":"closed","ping_status":"closed","sticky":false,"template":"","format":"standard","meta":{"h5ap_radio_sources":[],"footnotes":""},"categories":[1],"tags":[],"class_list":["post-37825","post","type-post","status-publish","format-standard","has-post-thumbnail","hentry","category-bihiregija"],"yoast_head":"<!-- This site is optimized with the Yoast SEO plugin v27.5 - https:\/\/yoast.com\/product\/yoast-seo-wordpress\/ -->\n<title>Iz Tehnolo\u0161kog parka u Posu\u0161ju izlaze prvi kvalificirani CNC operateri - RADIO LJUBU\u0160KI<\/title>\n<meta name=\"robots\" content=\"index, follow, max-snippet:-1, max-image-preview:large, max-video-preview:-1\" \/>\n<link rel=\"canonical\" href=\"https:\/\/radioljubuski.ba\/index.php\/2021\/07\/01\/iz-tehnoloskog-parka-u-posusju-izlaze-prvi-kvalificirani-cnc-operateri\/\" \/>\n<meta property=\"og:locale\" content=\"hr_HR\" \/>\n<meta property=\"og:type\" content=\"article\" \/>\n<meta property=\"og:title\" content=\"Iz Tehnolo\u0161kog parka u Posu\u0161ju izlaze prvi kvalificirani CNC operateri - RADIO LJUBU\u0160KI\" \/>\n<meta property=\"og:description\" content=\"Ju\u010der su u Tehnolo\u0161kom parku Posu\u0161je dodijeljene Svjedod\u017ebe o osposobljavanju za zanimanje CNC programer\/operater, u skladu s Rje\u0161enjem Ministarstva obrazovanja, znanosti, kulture i \u0161porta \u017dupanije Zapadnohercegova\u010dke.&nbsp; Rije\u010d je o zavr\u0161enom ciklusu obuke po prvom Javnom pozivu u Tehnolo\u0161kom parku. Ukupno su bila &nbsp;prijavljena 32 polaznika, od kojih su 23 uspje\u0161no zavr\u0161ila osposobljavanje. Edukacija je trajala [&hellip;]\" \/>\n<meta property=\"og:url\" content=\"https:\/\/radioljubuski.ba\/index.php\/2021\/07\/01\/iz-tehnoloskog-parka-u-posusju-izlaze-prvi-kvalificirani-cnc-operateri\/\" \/>\n<meta property=\"og:site_name\" content=\"RADIO LJUBU\u0160KI\" \/>\n<meta property=\"article:publisher\" content=\"https:\/\/www.facebook.com\/Radiio-Ljubuski-1490835324566332\" \/>\n<meta property=\"article:published_time\" content=\"2021-07-01T10:31:01+00:00\" \/>\n<meta property=\"article:modified_time\" content=\"2021-07-01T10:31:02+00:00\" \/>\n<meta property=\"og:image\" content=\"https:\/\/radioljubuski.ba\/wp-content\/uploads\/2021\/07\/2-2021-07-01-12-14-18-cnc-operateri.jpg\" \/>\n\t<meta property=\"og:image:width\" content=\"1000\" \/>\n\t<meta property=\"og:image:height\" content=\"625\" \/>\n\t<meta property=\"og:image:type\" content=\"image\/jpeg\" \/>\n<meta name=\"author\" content=\"Radio Ljubu\u0161ki\" \/>\n<meta name=\"twitter:card\" content=\"summary_large_image\" \/>\n<meta name=\"twitter:creator\" content=\"@radioljubuski\" \/>\n<meta name=\"twitter:site\" content=\"@radioljubuski\" \/>\n<meta name=\"twitter:label1\" content=\"Napisao\/la\" \/>\n\t<meta name=\"twitter:data1\" content=\"Radio Ljubu\u0161ki\" \/>\n\t<meta name=\"twitter:label2\" content=\"Procijenjeno vrijeme \u010ditanja\" \/>\n\t<meta name=\"twitter:data2\" content=\"2 minute\" \/>\n<script type=\"application\/ld+json\" class=\"yoast-schema-graph\">{\"@context\":\"https:\\\/\\\/schema.org\",\"@graph\":[{\"@type\":\"Article\",\"@id\":\"https:\\\/\\\/radioljubuski.ba\\\/index.php\\\/2021\\\/07\\\/01\\\/iz-tehnoloskog-parka-u-posusju-izlaze-prvi-kvalificirani-cnc-operateri\\\/#article\",\"isPartOf\":{\"@id\":\"https:\\\/\\\/radioljubuski.ba\\\/index.php\\\/2021\\\/07\\\/01\\\/iz-tehnoloskog-parka-u-posusju-izlaze-prvi-kvalificirani-cnc-operateri\\\/\"},\"author\":{\"name\":\"Radio Ljubu\u0161ki\",\"@id\":\"https:\\\/\\\/radioljubuski.ba\\\/#\\\/schema\\\/person\\\/19fc700381a780f69665d7956c469e3b\"},\"headline\":\"Iz Tehnolo\u0161kog parka u Posu\u0161ju izlaze prvi kvalificirani CNC operateri\",\"datePublished\":\"2021-07-01T10:31:01+00:00\",\"dateModified\":\"2021-07-01T10:31:02+00:00\",\"mainEntityOfPage\":{\"@id\":\"https:\\\/\\\/radioljubuski.ba\\\/index.php\\\/2021\\\/07\\\/01\\\/iz-tehnoloskog-parka-u-posusju-izlaze-prvi-kvalificirani-cnc-operateri\\\/\"},\"wordCount\":421,\"publisher\":{\"@id\":\"https:\\\/\\\/radioljubuski.ba\\\/#organization\"},\"image\":{\"@id\":\"https:\\\/\\\/radioljubuski.ba\\\/index.php\\\/2021\\\/07\\\/01\\\/iz-tehnoloskog-parka-u-posusju-izlaze-prvi-kvalificirani-cnc-operateri\\\/#primaryimage\"},\"thumbnailUrl\":\"https:\\\/\\\/radioljubuski.ba\\\/wp-content\\\/uploads\\\/2021\\\/07\\\/2-2021-07-01-12-14-18-cnc-operateri.jpg\",\"articleSection\":[\"BIH i regija\"],\"inLanguage\":\"hr\"},{\"@type\":\"WebPage\",\"@id\":\"https:\\\/\\\/radioljubuski.ba\\\/index.php\\\/2021\\\/07\\\/01\\\/iz-tehnoloskog-parka-u-posusju-izlaze-prvi-kvalificirani-cnc-operateri\\\/\",\"url\":\"https:\\\/\\\/radioljubuski.ba\\\/index.php\\\/2021\\\/07\\\/01\\\/iz-tehnoloskog-parka-u-posusju-izlaze-prvi-kvalificirani-cnc-operateri\\\/\",\"name\":\"Iz Tehnolo\u0161kog parka u Posu\u0161ju izlaze prvi kvalificirani CNC operateri - RADIO LJUBU\u0160KI\",\"isPartOf\":{\"@id\":\"https:\\\/\\\/radioljubuski.ba\\\/#website\"},\"primaryImageOfPage\":{\"@id\":\"https:\\\/\\\/radioljubuski.ba\\\/index.php\\\/2021\\\/07\\\/01\\\/iz-tehnoloskog-parka-u-posusju-izlaze-prvi-kvalificirani-cnc-operateri\\\/#primaryimage\"},\"image\":{\"@id\":\"https:\\\/\\\/radioljubuski.ba\\\/index.php\\\/2021\\\/07\\\/01\\\/iz-tehnoloskog-parka-u-posusju-izlaze-prvi-kvalificirani-cnc-operateri\\\/#primaryimage\"},\"thumbnailUrl\":\"https:\\\/\\\/radioljubuski.ba\\\/wp-content\\\/uploads\\\/2021\\\/07\\\/2-2021-07-01-12-14-18-cnc-operateri.jpg\",\"datePublished\":\"2021-07-01T10:31:01+00:00\",\"dateModified\":\"2021-07-01T10:31:02+00:00\",\"breadcrumb\":{\"@id\":\"https:\\\/\\\/radioljubuski.ba\\\/index.php\\\/2021\\\/07\\\/01\\\/iz-tehnoloskog-parka-u-posusju-izlaze-prvi-kvalificirani-cnc-operateri\\\/#breadcrumb\"},\"inLanguage\":\"hr\",\"potentialAction\":[{\"@type\":\"ReadAction\",\"target\":[\"https:\\\/\\\/radioljubuski.ba\\\/index.php\\\/2021\\\/07\\\/01\\\/iz-tehnoloskog-parka-u-posusju-izlaze-prvi-kvalificirani-cnc-operateri\\\/\"]}]},{\"@type\":\"ImageObject\",\"inLanguage\":\"hr\",\"@id\":\"https:\\\/\\\/radioljubuski.ba\\\/index.php\\\/2021\\\/07\\\/01\\\/iz-tehnoloskog-parka-u-posusju-izlaze-prvi-kvalificirani-cnc-operateri\\\/#primaryimage\",\"url\":\"https:\\\/\\\/radioljubuski.ba\\\/wp-content\\\/uploads\\\/2021\\\/07\\\/2-2021-07-01-12-14-18-cnc-operateri.jpg\",\"contentUrl\":\"https:\\\/\\\/radioljubuski.ba\\\/wp-content\\\/uploads\\\/2021\\\/07\\\/2-2021-07-01-12-14-18-cnc-operateri.jpg\",\"width\":1000,\"height\":625},{\"@type\":\"BreadcrumbList\",\"@id\":\"https:\\\/\\\/radioljubuski.ba\\\/index.php\\\/2021\\\/07\\\/01\\\/iz-tehnoloskog-parka-u-posusju-izlaze-prvi-kvalificirani-cnc-operateri\\\/#breadcrumb\",\"itemListElement\":[{\"@type\":\"ListItem\",\"position\":1,\"name\":\"Po\u010detna stranica\",\"item\":\"https:\\\/\\\/radioljubuski.ba\\\/\"},{\"@type\":\"ListItem\",\"position\":2,\"name\":\"Iz Tehnolo\u0161kog parka u Posu\u0161ju izlaze prvi kvalificirani CNC operateri\"}]},{\"@type\":\"WebSite\",\"@id\":\"https:\\\/\\\/radioljubuski.ba\\\/#website\",\"url\":\"https:\\\/\\\/radioljubuski.ba\\\/\",\"name\":\"Radio Ljubu\u0161ki\",\"description\":\"Sun\u010dana frekvencija Hercegovine\",\"publisher\":{\"@id\":\"https:\\\/\\\/radioljubuski.ba\\\/#organization\"},\"potentialAction\":[{\"@type\":\"SearchAction\",\"target\":{\"@type\":\"EntryPoint\",\"urlTemplate\":\"https:\\\/\\\/radioljubuski.ba\\\/?s={search_term_string}\"},\"query-input\":{\"@type\":\"PropertyValueSpecification\",\"valueRequired\":true,\"valueName\":\"search_term_string\"}}],\"inLanguage\":\"hr\"},{\"@type\":\"Organization\",\"@id\":\"https:\\\/\\\/radioljubuski.ba\\\/#organization\",\"name\":\"Radio Ljubu\u0161ki\",\"url\":\"https:\\\/\\\/radioljubuski.ba\\\/\",\"logo\":{\"@type\":\"ImageObject\",\"inLanguage\":\"hr\",\"@id\":\"https:\\\/\\\/radioljubuski.ba\\\/#\\\/schema\\\/logo\\\/image\\\/\",\"url\":\"https:\\\/\\\/radioljubuski.ba\\\/wp-content\\\/uploads\\\/2021\\\/02\\\/cropped-Radio_Ljubuski_logo1.jpg\",\"contentUrl\":\"https:\\\/\\\/radioljubuski.ba\\\/wp-content\\\/uploads\\\/2021\\\/02\\\/cropped-Radio_Ljubuski_logo1.jpg\",\"width\":512,\"height\":512,\"caption\":\"Radio Ljubu\u0161ki\"},\"image\":{\"@id\":\"https:\\\/\\\/radioljubuski.ba\\\/#\\\/schema\\\/logo\\\/image\\\/\"},\"sameAs\":[\"https:\\\/\\\/www.facebook.com\\\/Radiio-Ljubuski-1490835324566332\",\"https:\\\/\\\/x.com\\\/radioljubuski\",\"https:\\\/\\\/hr.linkedin.com\\\/company\\\/radio-ljubuski\",\"https:\\\/\\\/www.youtube.com\\\/channel\\\/UCHYaeO_n0Db3tjNGudGpXyw\"]},{\"@type\":\"Person\",\"@id\":\"https:\\\/\\\/radioljubuski.ba\\\/#\\\/schema\\\/person\\\/19fc700381a780f69665d7956c469e3b\",\"name\":\"Radio Ljubu\u0161ki\"}]}<\/script>\n<!-- \/ Yoast SEO plugin. -->","yoast_head_json":{"title":"Iz Tehnolo\u0161kog parka u Posu\u0161ju izlaze prvi kvalificirani CNC operateri - RADIO LJUBU\u0160KI","robots":{"index":"index","follow":"follow","max-snippet":"max-snippet:-1","max-image-preview":"max-image-preview:large","max-video-preview":"max-video-preview:-1"},"canonical":"https:\/\/radioljubuski.ba\/index.php\/2021\/07\/01\/iz-tehnoloskog-parka-u-posusju-izlaze-prvi-kvalificirani-cnc-operateri\/","og_locale":"hr_HR","og_type":"article","og_title":"Iz Tehnolo\u0161kog parka u Posu\u0161ju izlaze prvi kvalificirani CNC operateri - RADIO LJUBU\u0160KI","og_description":"Ju\u010der su u Tehnolo\u0161kom parku Posu\u0161je dodijeljene Svjedod\u017ebe o osposobljavanju za zanimanje CNC programer\/operater, u skladu s Rje\u0161enjem Ministarstva obrazovanja, znanosti, kulture i \u0161porta \u017dupanije Zapadnohercegova\u010dke.&nbsp; Rije\u010d je o zavr\u0161enom ciklusu obuke po prvom Javnom pozivu u Tehnolo\u0161kom parku. Ukupno su bila &nbsp;prijavljena 32 polaznika, od kojih su 23 uspje\u0161no zavr\u0161ila osposobljavanje. Edukacija je trajala [&hellip;]","og_url":"https:\/\/radioljubuski.ba\/index.php\/2021\/07\/01\/iz-tehnoloskog-parka-u-posusju-izlaze-prvi-kvalificirani-cnc-operateri\/","og_site_name":"RADIO LJUBU\u0160KI","article_publisher":"https:\/\/www.facebook.com\/Radiio-Ljubuski-1490835324566332","article_published_time":"2021-07-01T10:31:01+00:00","article_modified_time":"2021-07-01T10:31:02+00:00","og_image":[{"width":1000,"height":625,"url":"https:\/\/radioljubuski.ba\/wp-content\/uploads\/2021\/07\/2-2021-07-01-12-14-18-cnc-operateri.jpg","type":"image\/jpeg"}],"author":"Radio Ljubu\u0161ki","twitter_card":"summary_large_image","twitter_creator":"@radioljubuski","twitter_site":"@radioljubuski","twitter_misc":{"Napisao\/la":"Radio Ljubu\u0161ki","Procijenjeno vrijeme \u010ditanja":"2 minute"},"schema":{"@context":"https:\/\/schema.org","@graph":[{"@type":"Article","@id":"https:\/\/radioljubuski.ba\/index.php\/2021\/07\/01\/iz-tehnoloskog-parka-u-posusju-izlaze-prvi-kvalificirani-cnc-operateri\/#article","isPartOf":{"@id":"https:\/\/radioljubuski.ba\/index.php\/2021\/07\/01\/iz-tehnoloskog-parka-u-posusju-izlaze-prvi-kvalificirani-cnc-operateri\/"},"author":{"name":"Radio Ljubu\u0161ki","@id":"https:\/\/radioljubuski.ba\/#\/schema\/person\/19fc700381a780f69665d7956c469e3b"},"headline":"Iz Tehnolo\u0161kog parka u Posu\u0161ju izlaze prvi kvalificirani CNC operateri","datePublished":"2021-07-01T10:31:01+00:00","dateModified":"2021-07-01T10:31:02+00:00","mainEntityOfPage":{"@id":"https:\/\/radioljubuski.ba\/index.php\/2021\/07\/01\/iz-tehnoloskog-parka-u-posusju-izlaze-prvi-kvalificirani-cnc-operateri\/"},"wordCount":421,"publisher":{"@id":"https:\/\/radioljubuski.ba\/#organization"},"image":{"@id":"https:\/\/radioljubuski.ba\/index.php\/2021\/07\/01\/iz-tehnoloskog-parka-u-posusju-izlaze-prvi-kvalificirani-cnc-operateri\/#primaryimage"},"thumbnailUrl":"https:\/\/radioljubuski.ba\/wp-content\/uploads\/2021\/07\/2-2021-07-01-12-14-18-cnc-operateri.jpg","articleSection":["BIH i regija"],"inLanguage":"hr"},{"@type":"WebPage","@id":"https:\/\/radioljubuski.ba\/index.php\/2021\/07\/01\/iz-tehnoloskog-parka-u-posusju-izlaze-prvi-kvalificirani-cnc-operateri\/","url":"https:\/\/radioljubuski.ba\/index.php\/2021\/07\/01\/iz-tehnoloskog-parka-u-posusju-izlaze-prvi-kvalificirani-cnc-operateri\/","name":"Iz Tehnolo\u0161kog parka u Posu\u0161ju izlaze prvi kvalificirani CNC operateri - RADIO LJUBU\u0160KI","isPartOf":{"@id":"https:\/\/radioljubuski.ba\/#website"},"primaryImageOfPage":{"@id":"https:\/\/radioljubuski.ba\/index.php\/2021\/07\/01\/iz-tehnoloskog-parka-u-posusju-izlaze-prvi-kvalificirani-cnc-operateri\/#primaryimage"},"image":{"@id":"https:\/\/radioljubuski.ba\/index.php\/2021\/07\/01\/iz-tehnoloskog-parka-u-posusju-izlaze-prvi-kvalificirani-cnc-operateri\/#primaryimage"},"thumbnailUrl":"https:\/\/radioljubuski.ba\/wp-content\/uploads\/2021\/07\/2-2021-07-01-12-14-18-cnc-operateri.jpg","datePublished":"2021-07-01T10:31:01+00:00","dateModified":"2021-07-01T10:31:02+00:00","breadcrumb":{"@id":"https:\/\/radioljubuski.ba\/index.php\/2021\/07\/01\/iz-tehnoloskog-parka-u-posusju-izlaze-prvi-kvalificirani-cnc-operateri\/#breadcrumb"},"inLanguage":"hr","potentialAction":[{"@type":"ReadAction","target":["https:\/\/radioljubuski.ba\/index.php\/2021\/07\/01\/iz-tehnoloskog-parka-u-posusju-izlaze-prvi-kvalificirani-cnc-operateri\/"]}]},{"@type":"ImageObject","inLanguage":"hr","@id":"https:\/\/radioljubuski.ba\/index.php\/2021\/07\/01\/iz-tehnoloskog-parka-u-posusju-izlaze-prvi-kvalificirani-cnc-operateri\/#primaryimage","url":"https:\/\/radioljubuski.ba\/wp-content\/uploads\/2021\/07\/2-2021-07-01-12-14-18-cnc-operateri.jpg","contentUrl":"https:\/\/radioljubuski.ba\/wp-content\/uploads\/2021\/07\/2-2021-07-01-12-14-18-cnc-operateri.jpg","width":1000,"height":625},{"@type":"BreadcrumbList","@id":"https:\/\/radioljubuski.ba\/index.php\/2021\/07\/01\/iz-tehnoloskog-parka-u-posusju-izlaze-prvi-kvalificirani-cnc-operateri\/#breadcrumb","itemListElement":[{"@type":"ListItem","position":1,"name":"Po\u010detna stranica","item":"https:\/\/radioljubuski.ba\/"},{"@type":"ListItem","position":2,"name":"Iz Tehnolo\u0161kog parka u Posu\u0161ju izlaze prvi kvalificirani CNC operateri"}]},{"@type":"WebSite","@id":"https:\/\/radioljubuski.ba\/#website","url":"https:\/\/radioljubuski.ba\/","name":"Radio Ljubu\u0161ki","description":"Sun\u010dana frekvencija Hercegovine","publisher":{"@id":"https:\/\/radioljubuski.ba\/#organization"},"potentialAction":[{"@type":"SearchAction","target":{"@type":"EntryPoint","urlTemplate":"https:\/\/radioljubuski.ba\/?s={search_term_string}"},"query-input":{"@type":"PropertyValueSpecification","valueRequired":true,"valueName":"search_term_string"}}],"inLanguage":"hr"},{"@type":"Organization","@id":"https:\/\/radioljubuski.ba\/#organization","name":"Radio Ljubu\u0161ki","url":"https:\/\/radioljubuski.ba\/","logo":{"@type":"ImageObject","inLanguage":"hr","@id":"https:\/\/radioljubuski.ba\/#\/schema\/logo\/image\/","url":"https:\/\/radioljubuski.ba\/wp-content\/uploads\/2021\/02\/cropped-Radio_Ljubuski_logo1.jpg","contentUrl":"https:\/\/radioljubuski.ba\/wp-content\/uploads\/2021\/02\/cropped-Radio_Ljubuski_logo1.jpg","width":512,"height":512,"caption":"Radio Ljubu\u0161ki"},"image":{"@id":"https:\/\/radioljubuski.ba\/#\/schema\/logo\/image\/"},"sameAs":["https:\/\/www.facebook.com\/Radiio-Ljubuski-1490835324566332","https:\/\/x.com\/radioljubuski","https:\/\/hr.linkedin.com\/company\/radio-ljubuski","https:\/\/www.youtube.com\/channel\/UCHYaeO_n0Db3tjNGudGpXyw"]},{"@type":"Person","@id":"https:\/\/radioljubuski.ba\/#\/schema\/person\/19fc700381a780f69665d7956c469e3b","name":"Radio Ljubu\u0161ki"}]}},"_links":{"self":[{"href":"https:\/\/radioljubuski.ba\/index.php\/wp-json\/wp\/v2\/posts\/37825","targetHints":{"allow":["GET"]}}],"collection":[{"href":"https:\/\/radioljubuski.ba\/index.php\/wp-json\/wp\/v2\/posts"}],"about":[{"href":"https:\/\/radioljubuski.ba\/index.php\/wp-json\/wp\/v2\/types\/post"}],"author":[{"embeddable":true,"href":"https:\/\/radioljubuski.ba\/index.php\/wp-json\/wp\/v2\/users\/2"}],"replies":[{"embeddable":true,"href":"https:\/\/radioljubuski.ba\/index.php\/wp-json\/wp\/v2\/comments?post=37825"}],"version-history":[{"count":1,"href":"https:\/\/radioljubuski.ba\/index.php\/wp-json\/wp\/v2\/posts\/37825\/revisions"}],"predecessor-version":[{"id":37828,"href":"https:\/\/radioljubuski.ba\/index.php\/wp-json\/wp\/v2\/posts\/37825\/revisions\/37828"}],"wp:featuredmedia":[{"embeddable":true,"href":"https:\/\/radioljubuski.ba\/index.php\/wp-json\/wp\/v2\/media\/37827"}],"wp:attachment":[{"href":"https:\/\/radioljubuski.ba\/index.php\/wp-json\/wp\/v2\/media?parent=37825"}],"wp:term":[{"taxonomy":"category","embeddable":true,"href":"https:\/\/radioljubuski.ba\/index.php\/wp-json\/wp\/v2\/categories?post=37825"},{"taxonomy":"post_tag","embeddable":true,"href":"https:\/\/radioljubuski.ba\/index.php\/wp-json\/wp\/v2\/tags?post=37825"}],"curies":[{"name":"wp","href":"https:\/\/api.w.org\/{rel}","templated":true}]}}