{"id":37835,"date":"2021-07-01T11:35:00","date_gmt":"2021-07-01T10:35:00","guid":{"rendered":"https:\/\/radioljubuski.ba\/?p=37835"},"modified":"2021-07-01T11:35:02","modified_gmt":"2021-07-01T10:35:02","slug":"koncert-doris-dragovic-u-herceg-etno-selu","status":"publish","type":"post","link":"https:\/\/radioljubuski.ba\/index.php\/2021\/07\/01\/koncert-doris-dragovic-u-herceg-etno-selu\/","title":{"rendered":"Koncert Doris Dragovi\u0107 u Herceg etno selu"},"content":{"rendered":"\n<p>Proslavite vrhunac ljeta i zapjevajte pod zvijezdama s najljep\u0161im glasom Mediterana i vlasnicom najpopularnijih hitova zabavne glazbe. Glazbena diva Doris Dragovi\u0107, koja ve\u0107 dugi niz godina puni najve\u0107e dvorane diljem Hrvatske, napokon \u0107e nastupiti i u amfiteatru Herceg etno sela 12. kolovoza 2021. s po\u010detkom u 21 sat te, sigurni smo, odr\u017eati koncert za pam\u0107enje.<\/p>\n\n\n\n<p>\u010caroban prostor amfiteatra Herceg etno sela idealna je kulisa za emotivnu glazbenu poslasticu i svevremenske hitove poput \u201cMalo mi za sri\u0107u triba\u201d, \u201c\u017deljo moja\u201d, \u201cJedini\u201d, \u201cKrivi ljudi\u201d, \u201cNe\u0107u propast ja\u201d, \u201cBaklje ivanjske\u201d te najnoviji, mo\u0107nu dalmatinsku baladu \u201cSna\u2018\u0107u se ja\u201d koja je pokazala svu rasko\u0161 glasa ove glazbene dive zbog kojeg je obo\u017eavaju generacije ve\u0107 godinama.<\/p>\n\n\n\n<p>Ne propustite priliku za \u010duti jedan od najljep\u0161ih vokala na ovim prostorima. Ne zaboravimo kako je Doris nedavno odr\u017eala koncert pred prepunom zagreba\u010dkom Arenom, za koju se danima tra\u017eila ulaznica vi\u0161e, a koncert je dobio titulu glazbenog doga\u0111aja godine, stoga napominjemo da svoju ulaznicu osigurate na vrijeme. Ulaznice su u prodaji putem sustava kupikartu.ba, na recepciji Herceg etno sela te na info-pultu Mepas Malla.<\/p>\n\n\n\n<p>Koncert su podr\u017eali partneri JP Elektroprivreda HZ HB, voda Leda, D\u017eaji\u0107 Commerce i visoka \u0161kola Logos.<\/p>\n\n\n\n<p>Izvor:pogled.ba<\/p>\n","protected":false},"excerpt":{"rendered":"<p>Proslavite vrhunac ljeta i zapjevajte pod zvijezdama s najljep\u0161im glasom Mediterana i vlasnicom najpopularnijih hitova zabavne glazbe. Glazbena diva Doris Dragovi\u0107, koja ve\u0107 dugi niz godina puni najve\u0107e dvorane diljem Hrvatske, napokon \u0107e nastupiti i u amfiteatru Herceg etno sela 12. kolovoza 2021. s po\u010detkom u 21 sat te, sigurni smo, odr\u017eati koncert za pam\u0107enje. [&hellip;]<\/p>\n","protected":false},"author":2,"featured_media":37836,"comment_status":"closed","ping_status":"closed","sticky":false,"template":"","format":"standard","meta":{"h5ap_radio_sources":[],"footnotes":""},"categories":[1],"tags":[],"class_list":["post-37835","post","type-post","status-publish","format-standard","has-post-thumbnail","hentry","category-bihiregija"],"yoast_head":"<!-- This site is optimized with the Yoast SEO plugin v27.5 - https:\/\/yoast.com\/product\/yoast-seo-wordpress\/ -->\n<title>Koncert Doris Dragovi\u0107 u Herceg etno selu - RADIO LJUBU\u0160KI<\/title>\n<meta name=\"robots\" content=\"index, follow, max-snippet:-1, max-image-preview:large, max-video-preview:-1\" \/>\n<link rel=\"canonical\" href=\"https:\/\/radioljubuski.ba\/index.php\/2021\/07\/01\/koncert-doris-dragovic-u-herceg-etno-selu\/\" \/>\n<meta property=\"og:locale\" content=\"hr_HR\" \/>\n<meta property=\"og:type\" content=\"article\" \/>\n<meta property=\"og:title\" content=\"Koncert Doris Dragovi\u0107 u Herceg etno selu - RADIO LJUBU\u0160KI\" \/>\n<meta property=\"og:description\" content=\"Proslavite vrhunac ljeta i zapjevajte pod zvijezdama s najljep\u0161im glasom Mediterana i vlasnicom najpopularnijih hitova zabavne glazbe. Glazbena diva Doris Dragovi\u0107, koja ve\u0107 dugi niz godina puni najve\u0107e dvorane diljem Hrvatske, napokon \u0107e nastupiti i u amfiteatru Herceg etno sela 12. kolovoza 2021. s po\u010detkom u 21 sat te, sigurni smo, odr\u017eati koncert za pam\u0107enje. [&hellip;]\" \/>\n<meta property=\"og:url\" content=\"https:\/\/radioljubuski.ba\/index.php\/2021\/07\/01\/koncert-doris-dragovic-u-herceg-etno-selu\/\" \/>\n<meta property=\"og:site_name\" content=\"RADIO LJUBU\u0160KI\" \/>\n<meta property=\"article:publisher\" content=\"https:\/\/www.facebook.com\/Radiio-Ljubuski-1490835324566332\" \/>\n<meta property=\"article:published_time\" content=\"2021-07-01T10:35:00+00:00\" \/>\n<meta property=\"article:modified_time\" content=\"2021-07-01T10:35:02+00:00\" \/>\n<meta property=\"og:image\" content=\"https:\/\/radioljubuski.ba\/wp-content\/uploads\/2021\/07\/2-2021-07-01-12-07-14-doris-d.png\" \/>\n\t<meta property=\"og:image:width\" content=\"1000\" \/>\n\t<meta property=\"og:image:height\" content=\"625\" \/>\n\t<meta property=\"og:image:type\" content=\"image\/png\" \/>\n<meta name=\"author\" content=\"Radio Ljubu\u0161ki\" \/>\n<meta name=\"twitter:card\" content=\"summary_large_image\" \/>\n<meta name=\"twitter:creator\" content=\"@radioljubuski\" \/>\n<meta name=\"twitter:site\" content=\"@radioljubuski\" \/>\n<meta name=\"twitter:label1\" content=\"Napisao\/la\" \/>\n\t<meta name=\"twitter:data1\" content=\"Radio Ljubu\u0161ki\" \/>\n\t<meta name=\"twitter:label2\" content=\"Procijenjeno vrijeme \u010ditanja\" \/>\n\t<meta name=\"twitter:data2\" content=\"1 minuta\" \/>\n<script type=\"application\/ld+json\" class=\"yoast-schema-graph\">{\"@context\":\"https:\\\/\\\/schema.org\",\"@graph\":[{\"@type\":\"Article\",\"@id\":\"https:\\\/\\\/radioljubuski.ba\\\/index.php\\\/2021\\\/07\\\/01\\\/koncert-doris-dragovic-u-herceg-etno-selu\\\/#article\",\"isPartOf\":{\"@id\":\"https:\\\/\\\/radioljubuski.ba\\\/index.php\\\/2021\\\/07\\\/01\\\/koncert-doris-dragovic-u-herceg-etno-selu\\\/\"},\"author\":{\"name\":\"Radio Ljubu\u0161ki\",\"@id\":\"https:\\\/\\\/radioljubuski.ba\\\/#\\\/schema\\\/person\\\/19fc700381a780f69665d7956c469e3b\"},\"headline\":\"Koncert Doris Dragovi\u0107 u Herceg etno selu\",\"datePublished\":\"2021-07-01T10:35:00+00:00\",\"dateModified\":\"2021-07-01T10:35:02+00:00\",\"mainEntityOfPage\":{\"@id\":\"https:\\\/\\\/radioljubuski.ba\\\/index.php\\\/2021\\\/07\\\/01\\\/koncert-doris-dragovic-u-herceg-etno-selu\\\/\"},\"wordCount\":217,\"publisher\":{\"@id\":\"https:\\\/\\\/radioljubuski.ba\\\/#organization\"},\"image\":{\"@id\":\"https:\\\/\\\/radioljubuski.ba\\\/index.php\\\/2021\\\/07\\\/01\\\/koncert-doris-dragovic-u-herceg-etno-selu\\\/#primaryimage\"},\"thumbnailUrl\":\"https:\\\/\\\/radioljubuski.ba\\\/wp-content\\\/uploads\\\/2021\\\/07\\\/2-2021-07-01-12-07-14-doris-d.png\",\"articleSection\":[\"BIH i regija\"],\"inLanguage\":\"hr\"},{\"@type\":\"WebPage\",\"@id\":\"https:\\\/\\\/radioljubuski.ba\\\/index.php\\\/2021\\\/07\\\/01\\\/koncert-doris-dragovic-u-herceg-etno-selu\\\/\",\"url\":\"https:\\\/\\\/radioljubuski.ba\\\/index.php\\\/2021\\\/07\\\/01\\\/koncert-doris-dragovic-u-herceg-etno-selu\\\/\",\"name\":\"Koncert Doris Dragovi\u0107 u Herceg etno selu - RADIO LJUBU\u0160KI\",\"isPartOf\":{\"@id\":\"https:\\\/\\\/radioljubuski.ba\\\/#website\"},\"primaryImageOfPage\":{\"@id\":\"https:\\\/\\\/radioljubuski.ba\\\/index.php\\\/2021\\\/07\\\/01\\\/koncert-doris-dragovic-u-herceg-etno-selu\\\/#primaryimage\"},\"image\":{\"@id\":\"https:\\\/\\\/radioljubuski.ba\\\/index.php\\\/2021\\\/07\\\/01\\\/koncert-doris-dragovic-u-herceg-etno-selu\\\/#primaryimage\"},\"thumbnailUrl\":\"https:\\\/\\\/radioljubuski.ba\\\/wp-content\\\/uploads\\\/2021\\\/07\\\/2-2021-07-01-12-07-14-doris-d.png\",\"datePublished\":\"2021-07-01T10:35:00+00:00\",\"dateModified\":\"2021-07-01T10:35:02+00:00\",\"breadcrumb\":{\"@id\":\"https:\\\/\\\/radioljubuski.ba\\\/index.php\\\/2021\\\/07\\\/01\\\/koncert-doris-dragovic-u-herceg-etno-selu\\\/#breadcrumb\"},\"inLanguage\":\"hr\",\"potentialAction\":[{\"@type\":\"ReadAction\",\"target\":[\"https:\\\/\\\/radioljubuski.ba\\\/index.php\\\/2021\\\/07\\\/01\\\/koncert-doris-dragovic-u-herceg-etno-selu\\\/\"]}]},{\"@type\":\"ImageObject\",\"inLanguage\":\"hr\",\"@id\":\"https:\\\/\\\/radioljubuski.ba\\\/index.php\\\/2021\\\/07\\\/01\\\/koncert-doris-dragovic-u-herceg-etno-selu\\\/#primaryimage\",\"url\":\"https:\\\/\\\/radioljubuski.ba\\\/wp-content\\\/uploads\\\/2021\\\/07\\\/2-2021-07-01-12-07-14-doris-d.png\",\"contentUrl\":\"https:\\\/\\\/radioljubuski.ba\\\/wp-content\\\/uploads\\\/2021\\\/07\\\/2-2021-07-01-12-07-14-doris-d.png\",\"width\":1000,\"height\":625},{\"@type\":\"BreadcrumbList\",\"@id\":\"https:\\\/\\\/radioljubuski.ba\\\/index.php\\\/2021\\\/07\\\/01\\\/koncert-doris-dragovic-u-herceg-etno-selu\\\/#breadcrumb\",\"itemListElement\":[{\"@type\":\"ListItem\",\"position\":1,\"name\":\"Po\u010detna stranica\",\"item\":\"https:\\\/\\\/radioljubuski.ba\\\/\"},{\"@type\":\"ListItem\",\"position\":2,\"name\":\"Koncert Doris Dragovi\u0107 u Herceg etno selu\"}]},{\"@type\":\"WebSite\",\"@id\":\"https:\\\/\\\/radioljubuski.ba\\\/#website\",\"url\":\"https:\\\/\\\/radioljubuski.ba\\\/\",\"name\":\"Radio Ljubu\u0161ki\",\"description\":\"Sun\u010dana frekvencija Hercegovine\",\"publisher\":{\"@id\":\"https:\\\/\\\/radioljubuski.ba\\\/#organization\"},\"potentialAction\":[{\"@type\":\"SearchAction\",\"target\":{\"@type\":\"EntryPoint\",\"urlTemplate\":\"https:\\\/\\\/radioljubuski.ba\\\/?s={search_term_string}\"},\"query-input\":{\"@type\":\"PropertyValueSpecification\",\"valueRequired\":true,\"valueName\":\"search_term_string\"}}],\"inLanguage\":\"hr\"},{\"@type\":\"Organization\",\"@id\":\"https:\\\/\\\/radioljubuski.ba\\\/#organization\",\"name\":\"Radio Ljubu\u0161ki\",\"url\":\"https:\\\/\\\/radioljubuski.ba\\\/\",\"logo\":{\"@type\":\"ImageObject\",\"inLanguage\":\"hr\",\"@id\":\"https:\\\/\\\/radioljubuski.ba\\\/#\\\/schema\\\/logo\\\/image\\\/\",\"url\":\"https:\\\/\\\/radioljubuski.ba\\\/wp-content\\\/uploads\\\/2021\\\/02\\\/cropped-Radio_Ljubuski_logo1.jpg\",\"contentUrl\":\"https:\\\/\\\/radioljubuski.ba\\\/wp-content\\\/uploads\\\/2021\\\/02\\\/cropped-Radio_Ljubuski_logo1.jpg\",\"width\":512,\"height\":512,\"caption\":\"Radio Ljubu\u0161ki\"},\"image\":{\"@id\":\"https:\\\/\\\/radioljubuski.ba\\\/#\\\/schema\\\/logo\\\/image\\\/\"},\"sameAs\":[\"https:\\\/\\\/www.facebook.com\\\/Radiio-Ljubuski-1490835324566332\",\"https:\\\/\\\/x.com\\\/radioljubuski\",\"https:\\\/\\\/hr.linkedin.com\\\/company\\\/radio-ljubuski\",\"https:\\\/\\\/www.youtube.com\\\/channel\\\/UCHYaeO_n0Db3tjNGudGpXyw\"]},{\"@type\":\"Person\",\"@id\":\"https:\\\/\\\/radioljubuski.ba\\\/#\\\/schema\\\/person\\\/19fc700381a780f69665d7956c469e3b\",\"name\":\"Radio Ljubu\u0161ki\"}]}<\/script>\n<!-- \/ Yoast SEO plugin. -->","yoast_head_json":{"title":"Koncert Doris Dragovi\u0107 u Herceg etno selu - RADIO LJUBU\u0160KI","robots":{"index":"index","follow":"follow","max-snippet":"max-snippet:-1","max-image-preview":"max-image-preview:large","max-video-preview":"max-video-preview:-1"},"canonical":"https:\/\/radioljubuski.ba\/index.php\/2021\/07\/01\/koncert-doris-dragovic-u-herceg-etno-selu\/","og_locale":"hr_HR","og_type":"article","og_title":"Koncert Doris Dragovi\u0107 u Herceg etno selu - RADIO LJUBU\u0160KI","og_description":"Proslavite vrhunac ljeta i zapjevajte pod zvijezdama s najljep\u0161im glasom Mediterana i vlasnicom najpopularnijih hitova zabavne glazbe. Glazbena diva Doris Dragovi\u0107, koja ve\u0107 dugi niz godina puni najve\u0107e dvorane diljem Hrvatske, napokon \u0107e nastupiti i u amfiteatru Herceg etno sela 12. kolovoza 2021. s po\u010detkom u 21 sat te, sigurni smo, odr\u017eati koncert za pam\u0107enje. [&hellip;]","og_url":"https:\/\/radioljubuski.ba\/index.php\/2021\/07\/01\/koncert-doris-dragovic-u-herceg-etno-selu\/","og_site_name":"RADIO LJUBU\u0160KI","article_publisher":"https:\/\/www.facebook.com\/Radiio-Ljubuski-1490835324566332","article_published_time":"2021-07-01T10:35:00+00:00","article_modified_time":"2021-07-01T10:35:02+00:00","og_image":[{"width":1000,"height":625,"url":"https:\/\/radioljubuski.ba\/wp-content\/uploads\/2021\/07\/2-2021-07-01-12-07-14-doris-d.png","type":"image\/png"}],"author":"Radio Ljubu\u0161ki","twitter_card":"summary_large_image","twitter_creator":"@radioljubuski","twitter_site":"@radioljubuski","twitter_misc":{"Napisao\/la":"Radio Ljubu\u0161ki","Procijenjeno vrijeme \u010ditanja":"1 minuta"},"schema":{"@context":"https:\/\/schema.org","@graph":[{"@type":"Article","@id":"https:\/\/radioljubuski.ba\/index.php\/2021\/07\/01\/koncert-doris-dragovic-u-herceg-etno-selu\/#article","isPartOf":{"@id":"https:\/\/radioljubuski.ba\/index.php\/2021\/07\/01\/koncert-doris-dragovic-u-herceg-etno-selu\/"},"author":{"name":"Radio Ljubu\u0161ki","@id":"https:\/\/radioljubuski.ba\/#\/schema\/person\/19fc700381a780f69665d7956c469e3b"},"headline":"Koncert Doris Dragovi\u0107 u Herceg etno selu","datePublished":"2021-07-01T10:35:00+00:00","dateModified":"2021-07-01T10:35:02+00:00","mainEntityOfPage":{"@id":"https:\/\/radioljubuski.ba\/index.php\/2021\/07\/01\/koncert-doris-dragovic-u-herceg-etno-selu\/"},"wordCount":217,"publisher":{"@id":"https:\/\/radioljubuski.ba\/#organization"},"image":{"@id":"https:\/\/radioljubuski.ba\/index.php\/2021\/07\/01\/koncert-doris-dragovic-u-herceg-etno-selu\/#primaryimage"},"thumbnailUrl":"https:\/\/radioljubuski.ba\/wp-content\/uploads\/2021\/07\/2-2021-07-01-12-07-14-doris-d.png","articleSection":["BIH i regija"],"inLanguage":"hr"},{"@type":"WebPage","@id":"https:\/\/radioljubuski.ba\/index.php\/2021\/07\/01\/koncert-doris-dragovic-u-herceg-etno-selu\/","url":"https:\/\/radioljubuski.ba\/index.php\/2021\/07\/01\/koncert-doris-dragovic-u-herceg-etno-selu\/","name":"Koncert Doris Dragovi\u0107 u Herceg etno selu - RADIO LJUBU\u0160KI","isPartOf":{"@id":"https:\/\/radioljubuski.ba\/#website"},"primaryImageOfPage":{"@id":"https:\/\/radioljubuski.ba\/index.php\/2021\/07\/01\/koncert-doris-dragovic-u-herceg-etno-selu\/#primaryimage"},"image":{"@id":"https:\/\/radioljubuski.ba\/index.php\/2021\/07\/01\/koncert-doris-dragovic-u-herceg-etno-selu\/#primaryimage"},"thumbnailUrl":"https:\/\/radioljubuski.ba\/wp-content\/uploads\/2021\/07\/2-2021-07-01-12-07-14-doris-d.png","datePublished":"2021-07-01T10:35:00+00:00","dateModified":"2021-07-01T10:35:02+00:00","breadcrumb":{"@id":"https:\/\/radioljubuski.ba\/index.php\/2021\/07\/01\/koncert-doris-dragovic-u-herceg-etno-selu\/#breadcrumb"},"inLanguage":"hr","potentialAction":[{"@type":"ReadAction","target":["https:\/\/radioljubuski.ba\/index.php\/2021\/07\/01\/koncert-doris-dragovic-u-herceg-etno-selu\/"]}]},{"@type":"ImageObject","inLanguage":"hr","@id":"https:\/\/radioljubuski.ba\/index.php\/2021\/07\/01\/koncert-doris-dragovic-u-herceg-etno-selu\/#primaryimage","url":"https:\/\/radioljubuski.ba\/wp-content\/uploads\/2021\/07\/2-2021-07-01-12-07-14-doris-d.png","contentUrl":"https:\/\/radioljubuski.ba\/wp-content\/uploads\/2021\/07\/2-2021-07-01-12-07-14-doris-d.png","width":1000,"height":625},{"@type":"BreadcrumbList","@id":"https:\/\/radioljubuski.ba\/index.php\/2021\/07\/01\/koncert-doris-dragovic-u-herceg-etno-selu\/#breadcrumb","itemListElement":[{"@type":"ListItem","position":1,"name":"Po\u010detna stranica","item":"https:\/\/radioljubuski.ba\/"},{"@type":"ListItem","position":2,"name":"Koncert Doris Dragovi\u0107 u Herceg etno selu"}]},{"@type":"WebSite","@id":"https:\/\/radioljubuski.ba\/#website","url":"https:\/\/radioljubuski.ba\/","name":"Radio Ljubu\u0161ki","description":"Sun\u010dana frekvencija Hercegovine","publisher":{"@id":"https:\/\/radioljubuski.ba\/#organization"},"potentialAction":[{"@type":"SearchAction","target":{"@type":"EntryPoint","urlTemplate":"https:\/\/radioljubuski.ba\/?s={search_term_string}"},"query-input":{"@type":"PropertyValueSpecification","valueRequired":true,"valueName":"search_term_string"}}],"inLanguage":"hr"},{"@type":"Organization","@id":"https:\/\/radioljubuski.ba\/#organization","name":"Radio Ljubu\u0161ki","url":"https:\/\/radioljubuski.ba\/","logo":{"@type":"ImageObject","inLanguage":"hr","@id":"https:\/\/radioljubuski.ba\/#\/schema\/logo\/image\/","url":"https:\/\/radioljubuski.ba\/wp-content\/uploads\/2021\/02\/cropped-Radio_Ljubuski_logo1.jpg","contentUrl":"https:\/\/radioljubuski.ba\/wp-content\/uploads\/2021\/02\/cropped-Radio_Ljubuski_logo1.jpg","width":512,"height":512,"caption":"Radio Ljubu\u0161ki"},"image":{"@id":"https:\/\/radioljubuski.ba\/#\/schema\/logo\/image\/"},"sameAs":["https:\/\/www.facebook.com\/Radiio-Ljubuski-1490835324566332","https:\/\/x.com\/radioljubuski","https:\/\/hr.linkedin.com\/company\/radio-ljubuski","https:\/\/www.youtube.com\/channel\/UCHYaeO_n0Db3tjNGudGpXyw"]},{"@type":"Person","@id":"https:\/\/radioljubuski.ba\/#\/schema\/person\/19fc700381a780f69665d7956c469e3b","name":"Radio Ljubu\u0161ki"}]}},"_links":{"self":[{"href":"https:\/\/radioljubuski.ba\/index.php\/wp-json\/wp\/v2\/posts\/37835","targetHints":{"allow":["GET"]}}],"collection":[{"href":"https:\/\/radioljubuski.ba\/index.php\/wp-json\/wp\/v2\/posts"}],"about":[{"href":"https:\/\/radioljubuski.ba\/index.php\/wp-json\/wp\/v2\/types\/post"}],"author":[{"embeddable":true,"href":"https:\/\/radioljubuski.ba\/index.php\/wp-json\/wp\/v2\/users\/2"}],"replies":[{"embeddable":true,"href":"https:\/\/radioljubuski.ba\/index.php\/wp-json\/wp\/v2\/comments?post=37835"}],"version-history":[{"count":1,"href":"https:\/\/radioljubuski.ba\/index.php\/wp-json\/wp\/v2\/posts\/37835\/revisions"}],"predecessor-version":[{"id":37837,"href":"https:\/\/radioljubuski.ba\/index.php\/wp-json\/wp\/v2\/posts\/37835\/revisions\/37837"}],"wp:featuredmedia":[{"embeddable":true,"href":"https:\/\/radioljubuski.ba\/index.php\/wp-json\/wp\/v2\/media\/37836"}],"wp:attachment":[{"href":"https:\/\/radioljubuski.ba\/index.php\/wp-json\/wp\/v2\/media?parent=37835"}],"wp:term":[{"taxonomy":"category","embeddable":true,"href":"https:\/\/radioljubuski.ba\/index.php\/wp-json\/wp\/v2\/categories?post=37835"},{"taxonomy":"post_tag","embeddable":true,"href":"https:\/\/radioljubuski.ba\/index.php\/wp-json\/wp\/v2\/tags?post=37835"}],"curies":[{"name":"wp","href":"https:\/\/api.w.org\/{rel}","templated":true}]}}