{"id":37853,"date":"2021-07-01T12:15:48","date_gmt":"2021-07-01T11:15:48","guid":{"rendered":"https:\/\/radioljubuski.ba\/?p=37853"},"modified":"2021-07-01T12:15:48","modified_gmt":"2021-07-01T11:15:48","slug":"uskok-objavio-priopcenje-o-uhicenjima-jutros-nova-uhicenja-u-zagrebu","status":"publish","type":"post","link":"https:\/\/radioljubuski.ba\/index.php\/2021\/07\/01\/uskok-objavio-priopcenje-o-uhicenjima-jutros-nova-uhicenja-u-zagrebu\/","title":{"rendered":"USKOK objavio priop\u0107enje o uhi\u0107enjima; jutros nova uhi\u0107enja u Zagrebu"},"content":{"rendered":"\n<p>Velika akcija USKOK-a i policije se nastavlja. Prema neslu\u017ebenim informacijama, uhi\u0107eno je jo\u0161 10 ljudi, me\u0111u kojima je osam poduzetnika i dva zaposlenika Grada Zagreba iz komunalnih poslova i odr\u017eavanja, a svi su povezani s davanjem mita. Sino\u0107 su u u USKOK-u ispitani Ana Stavljeni\u0107-Rukavina i ugostitelj Denis Mohenski, a jutros je nastavljeno ispitivanje i ostalih uhi\u0107enih u ju\u010dera\u0161njoj antikorupcijskoj akciji.&nbsp;<\/p>\n\n\n\n<h4 class=\"wp-block-heading\">USKOK: Nakon vi\u0161emjese\u010dnih izvida pokrenute su dvije istrage<\/h4>\n\n\n\n<p>12:40<\/p>\n\n\n\n<p>USKOK je objavio priop\u0107enje o uhi\u0107enjima. Ka\u017ee kako su nakon vi\u0161emjese\u010dnih izvida pokrenute dvije istrage.<br><br>USKOK je u suradnji s PNUSKOK-om i Samostalnim sektorom za financijske istrage Porezne uprave u odnosu na vi\u0161e osoba provodio vi\u0161emjese\u010dne izvide koji su rezultirali dono\u0161enjem dva rje\u0161enja o provo\u0111enju istrage. Izvidima je, osim osnovane sumnje na po\u010dinjenje kaznenih djela iz nadle\u017enosti USKOK-a, utvr\u0111ena i osnovana sumnja na po\u010dinjenje kaznenih djela iz nadle\u017enosti Op\u0107inskog dr\u017eavnog odvjetni\u0161tva u Zagrebu te su rezultati izvida u tom dijelu ustupljeni navedenom dr\u017eavnom odvjetni\u0161tvu na daljnje postupanje.&nbsp;<br><br>Prvo rje\u0161enje o provo\u0111enju istrage doneseno je protiv dvojice hrvatskih dr\u017eavljana (1947., 1961.) zbog osnovane sumnje na po\u010dinjenje kaznenih djela davanja mita za trgovanje utjecajem i trgovanja utjecajem.<br><br>Drugo rje\u0161enje o provo\u0111enju istrage doneseno je protiv troje hrvatskih dr\u017eavljana (1970., 1967., 1948.) zbog osnovane sumnje na po\u010dinjenje kaznenih djela davanja mita i zlouporabe polo\u017eaja i ovlasti.<\/p>\n\n\n\n<p>12:11<\/p>\n\n\n\n<p>&#8211; Prema svemu sude\u0107i ispitivanja osumnji\u010denih se odvijaju na dvije adrese &#8211; u sjedi\u0161tu USKOK-u Vla\u0161koj ulici te u sjedi\u0161tu Op\u0107inskog dr\u017eavnog odvjetni\u0161tva u Selskoj ulici. Ispitan je dio od ju\u010der osam uhi\u0107enih, me\u0111u ostalim i Ana Stavljeni\u0107 Rukavina, ina\u010de bliska suradnica biv\u0161eg gradona\u010delnika Milana Bandi\u0107a. Nju se kako neslu\u017ebeno doznajemo tereti da je zajedno s biv\u0161om pro\u010delnicom stru\u010dne slu\u017ebe gradona\u010delnika Bandi\u0107a zloupotrijebila svoj polo\u017eaj prilikom izbora novog ravnatelja bolnice Srebrnjak, javila je u Dnevniku u podne novinarka HTV-a Jelena Bokun.<br><br>&#8211; Ispitan je i glavni ravnatelj HRT-a. Kako nam je rekao njegov odvjetnik on je iskaz dao jutros u 8 sati i negirao je kazneno djelo koje mu se stavlja na teret, po svemu sude\u0107i radi se o trgovanju utjecajem, dodaje Bokun.<br><br>&#8211; Kako smo \u010duli ova USKOK-ova akcija je nastavljena i danas &#8211; uhi\u0107eno je 10 ljudi, od toga 2 djelatnika grada Zagreba, neslu\u017ebeno Milivoj Kotrla i Darko Barun, te 8 poduzetnika.<\/p>\n\n\n\n<div style=\"width: 640px;\" class=\"wp-video\"><video class=\"wp-video-shortcode\" id=\"video-37853-1\" width=\"640\" height=\"360\" preload=\"metadata\" controls=\"controls\"><source type=\"video\/mp4\" src=\"https:\/\/api.hrt.hr\/media\/f9\/da\/tvd1-dpx-uskok-0107-20210701102335.mp4?_=1\" \/><a href=\"https:\/\/api.hrt.hr\/media\/f9\/da\/tvd1-dpx-uskok-0107-20210701102335.mp4\">https:\/\/api.hrt.hr\/media\/f9\/da\/tvd1-dpx-uskok-0107-20210701102335.mp4<\/a><\/video><\/div>\n\n\n\n<h4 class=\"wp-block-heading\">Selak Raspudi\u0107: Htjeli su da se dokazi ne ukisele<\/h4>\n\n\n\n<p>12:12<\/p>\n\n\n\n<p>&#8211; Rekla bih da se radi o tome da su prvenstveno vjerojatno htjeli da se dokazi koje su do sada skupljali ne ukisele, pa su zbog toga sada krenuli s uhi\u0107enjima. Ovo je sve moglo biti odra\u0111eno puno ranije, rekla je <strong>Marija Selak Raspudi\u0107<\/strong>, nezavisna saborska zastupnica iz Kluba Mosta.<\/p>\n\n\n\n<h4 class=\"wp-block-heading\">Milanovi\u0107: Do\u0161la maca na vratanca<\/h4>\n\n\n\n<p>11:51<\/p>\n\n\n\n<p>Do\u0161la maca na vratanca, rekao je predsjednik Republike<strong> Zoran Milanovi\u0107<\/strong> komentiraju\u0107i uhi\u0107enja. Dodao je da je &#8220;nastradao i Jutel&#8221;, referiraju\u0107i se na uhi\u0107enje glavnog ravnatelja HRT-a. Naglasio je da ne \u017eeli ni\u0161ta prejudicirati.<\/p>\n\n\n\n<p>&#8211; Naravno, nakon izbora, da ne bi slu\u010dajno DORH i USKOK radili svoj posao prije izbora, rekao je Milanovi\u0107, dodaju\u0107i da ne govori da su privedeni krivi te da to treba dokazati, ali da su to sve ljudi koji su bili dio kruga pokojnog Milana Bandi\u0107a, &#8220;kojem su HDZ, odnosno Plenkovi\u0107 i njegova ekipa, pru\u017eali bratsku pomo\u0107&#8221;.<\/p>\n\n\n\n<h4 class=\"wp-block-heading\">Grmoja: Kao da netko sada vadi dokaze koji su se skupljali<\/h4>\n\n\n\n<p>11:06<\/p>\n\n\n\n<p><strong>Nikola Grmoja <\/strong>(Most) tako\u0111er je komentirao uhi\u0107enja.<\/p>\n\n\n\n<p>&#8211; Ba\u0161 smo komentirali jutros u Klubu, \u010dini nam se kao da netko sada vadi dokaze koji su se skupljali, da ne propadnu. To se skupljalo, sad Bandi\u0107a vi\u0161e nema i sad da to ne propadne, idemo sad to iskoristiti, rekao je Grmoja.<\/p>\n\n\n\n<h4 class=\"wp-block-heading\">Zekanovi\u0107: Imam sumnju<\/h4>\n\n\n\n<p>10:56<\/p>\n\n\n\n<p>Uhi\u0107enja je komentirao i <strong>Hrvoje Zekanovi\u0107<\/strong>, saborski zastupnik Hrvatskih suverenista.<\/p>\n\n\n\n<p>&#8211; Koliko god mi je \u017eao \u0161to se takve stvari, vijesti doga\u0111aju, moram re\u0107i da mi je drago da sustav djeluje. Nadam se da ne\u0107e zavr\u0161iti samo na uhi\u0107enjima. Kod nas je uobi\u010dajeno da netko zavr\u0161i na naslovnicama portala, a da mu je to zapravo jedini problem, jer nakon toga se brani sa slobode i nikada ne vidi ni dana zatvora, rekao je Zekanovi\u0107.<\/p>\n\n\n\n<p><br>Dodao je kako bi volio da ovo bude iskorak u tom smislu, ali&nbsp;da ima veliku sumnju s obzirom na u\u010dinkovitost na\u0161eg pravosu\u0111a.<\/p>\n\n\n\n<h4 class=\"wp-block-heading\">Ahmetovi\u0107: Daleko kasnimo s reakcijom<\/h4>\n\n\n\n<p>10:48<\/p>\n\n\n\n<p>Saborska zastupnica <strong>Mirela Ahmetovi\u0107<\/strong> (SDP) komentirala je uhi\u0107enja.<\/p>\n\n\n\n<p>&#8211; Kada su se stvorili uvjeti kada vi\u0161e nikome ne treba ruka <strong>Milana Bandi\u0107a<\/strong>, onda su se valjda stvorili i preduvjeti da se poka\u017ee da se borimo protiv korupcije, rekla je Ahmetovi\u0107, dodav\u0161i da pozdravlja borbu protiv korupcije, ali ne onu na kojoj se skupljaju politi\u010dki poeni i koja je na \u010dekanju da se ne bi nekome na\u0161tetilo u politici.<\/p>\n\n\n\n<p>&#8211; Mislim da daleko, daleko kasnimo s reakcijom kada je i o ovom slu\u010daju rije\u010d, rekla je Ahmetovi\u0107.<\/p>\n\n\n\n<h4 class=\"wp-block-heading\">HND i SNH Ravnateljstvu HRT-a: Osigurajte normalan rad javnog medijskog servisa<\/h4>\n\n\n\n<p>09:26<\/p>\n\n\n\n<p>Podru\u017enica pri HRT-u Sindikata novinara Hrvatske (SNH) i Ogranak Hrvatskog novinarskog dru\u0161tva (HND) na HTV-u tra\u017ee od Ravnateljstva HRT-a da \u0161to prije pravno razrije\u0161i novonastalu situaciju uslijed uhi\u0107enja glavnog ravnatelja HRT-a<strong> Kazimira Ba\u010di\u0107a<\/strong> u akciji Uskoka.<br><br>Zahtjev koji su uputili u \u010detvrtak potpisuju predsjednica Podru\u017enice SNH pri HRT-u <strong>Maja Sever<\/strong> i predsjednica Ogranka HND-a na HTV-u <strong>Sanja Mikleu\u0161evi\u0107 Pavi\u0107<\/strong>, a tra\u017ee da se situacija \u0161to prije razrije\u0161i bez obzira na \u010dinjenicu da postoji funkcija zamjenika glavnog ravnatelja koji ima sve ovlasti ravnatelja.<br><br>&#8211; Pitanje je koliko dugo HRT mo\u017ee funkcionirati sa zamjenikom ravnatelja te koliko \u0107e se dodatno srozavati ugled HRT-a kao javne ustanove od prvorazrednog zna\u010denja za Hrvatsku, a kojoj \u0107e, makar i formalno, na \u010delu biti osoba smje\u0161tena u istra\u017eni zatvor, protiv koje se provodi istraga zbog osnova sumnje da je po\u010dinila te\u0161ka kaznena djela s podru\u010dja korupcije i organiziranoga kriminala, navode Sever i Mikleu\u0161evi\u0107 Pavi\u0107.<br><br>Priop\u0107enje u cijelosti pro\u010ditajte na <a href=\"https:\/\/www.hnd.hr\/snh-i-hnd-zahtijevaju-od-ravnateljstva-hrt-a-da-osigura-normalan-rad-javnog-medijskog-servisa\" target=\"_blank\" rel=\"noreferrer noopener\"><strong>linku<\/strong><\/a>.<\/p>\n\n\n\n<h4 class=\"wp-block-heading\">&#8220;Cure&#8221; imena danas uhi\u0107enih<\/h4>\n\n\n\n<p>09:10<\/p>\n\n\n\n<p>Neslu\u017ebeno se doznaje da su me\u0111u danas uhi\u0107enima <strong>Zdravko \u010cabraja<\/strong>, \u010dlan gradskog odbora Stranke rada i solidarnosti Bandi\u0107 Milan 365 i predsjednik vije\u0107a mjesnog odbora Ivanja Reka; gra\u0111evinski poduzetnik<strong> Ivan Papi\u0107<\/strong>, vlasnik tri firme, dvije gra\u0111evinske i jednu koja se bavi ugostiteljskom; pomo\u0107nik pro\u010delnika za provedbu komunalnih aktivnosti i odr\u017eavanje infrastrukture i objekata mjesne samouprave <strong>Darko Barun<\/strong>; arhitektica <strong>Sanja Borisavljevi\u0107<\/strong>, vlasnica i direktorica firme ADE Studio.&nbsp;<\/p>\n\n\n\n<h4 class=\"wp-block-heading\">Filipovi\u0107: Ne osje\u0107am nikakvu odgovornost<\/h4>\n\n\n\n<p>08:51<\/p>\n\n\n\n<p>&#8211; Svi su bili iznena\u0111eni kada su vidjeli uhi\u0107enja koja su se dogodila ju\u010der, ali to je pokazatelj da policija i DORH rade neovisno, samostalno, tajno, to je jamac kontinuirane borbe protiv korupcije. Osobno osu\u0111ujem svaki oblik devijantnog pona\u0161anja, poru\u010dio je u emisiji Studio 4<strong> Davor Filipovi\u0107<\/strong> (HDZ), zastupnik u Skup\u0161tini Zagreba.<br><br>Na pitanje za\u0161to je bio iznena\u0111en kada se o mogu\u0107im nepravilnostima i aferama ve\u0107 dugo pi\u0161e i \u0161to je kao zastupnik u\u010dinio da bi se afere rasvijetlile, Filipovi\u0107 je odgovorio da su u Gradskoj skup\u0161tini uvijek upozoravali na sve \u0161to nije dobro, ali dio odre\u0111ivanja adventskih ku\u0107ica uvijek je bio u domeni pokojnog gradona\u010delnika Milana Bandi\u0107a kao i realizacija svih gradskih projekata.<br><br>&#8211; Osobno \u017eelim da se uvede red, da grad funkcionira na razini transparentnosti i o\u010dekujem to od novog gradona\u010delnika, no njegovi prvi koraci su daleko od onog \u0161to bi trebalo biti&#8230; Dobili smo kr\u0161enje Zakona o sprje\u010davanju sukoba interesa i zapo\u0161ljavanje bez javnih natje\u010daja, sve suprotno od nekakvog novog modela upravljanja Gradom Zagrebom, poru\u010dio je.<\/p>\n\n\n\n<h4 class=\"wp-block-heading\">Nova uhi\u0107enja u Zagrebu<\/h4>\n\n\n\n<p>08:25<\/p>\n\n\n\n<p>Nova uhi\u0107enja u Zagrebu. Prema neslu\u017ebenim informacijama, uhi\u0107eno je jo\u0161 10 ljudi, me\u0111u kojima osam poduzetnika i dva zaposlenika Grada Zagreba. Me\u0111u uhi\u0107enima je prema neslu\u017ebenim informacijama i jedan ro\u0111ak <strong>Milana Bandi\u0107a<\/strong>.&nbsp;<br><br>Tijela kaznenog progona jo\u0161 se nisu slu\u017ebeno oglasila, no prema neslu\u017ebenim informacijama uhi\u0107eni su gradski slu\u017ebenici koji su primali novac i poduzetnici koji su im pla\u0107ali kako bi dobivali poslove od grada.<\/p>\n\n\n\n<h4 class=\"wp-block-heading\">Borko Brunovi\u0107: Prvi osumnji\u010deni doveden na ispitivanje<\/h4>\n\n\n\n<p>08:05<\/p>\n\n\n\n<p>&#8211; Oko 8 sati ujutro u USKOK je dovedena prva osoba, no nismo uspjeli vidjeti o kome se radi jer automobil kojim je dovezena ima zatamnjena stakla. U svakom slu\u010daju danas se o\u010dekuje ispitivanje 6 preostalih osumnji\u010denih, me\u0111u njima i <strong>Kazimira Ba\u010di\u0107a<\/strong>, glavnog ravnatelja HRT-a, kojeg USKOK sumnji\u010di za posredovanje u primanju i davanju mina izme\u0111u <strong>Milana Lon\u010dari\u0107a<\/strong> i biv\u0161eg gradona\u010delnika <strong>Milana Bandi\u0107a<\/strong>. USKOK ga neslu\u017ebeno tereti da je za to dobio mito, odnosno stan u sredi\u0161tu Zagreba u Radi\u0107evoj ulici. Nakon ispitivanja o\u010dekuje se i priop\u0107enje USKOK-a i policije i tada \u0107emo saznati \u0161to se sve osumnji\u010denima stavlja na teret, a nakon toga USKOK \u0107e zatra\u017eiti istra\u017eni zatvor za sve ili samo za dio osumnji\u010denim. Na \u017dupanijskom sudu u Zagrebu sudac istrage \u0107e odlu\u010divati o tome tko \u0107e u istra\u017eni zatvor na mjesec dana, Javio je novinar HTV-a <strong>Borko Brunovi\u0107<\/strong>.&nbsp; &nbsp;<\/p>\n\n\n\n<p>Sino\u0107 su u u Uskoku ispitani<strong> Ana Stavljeni\u0107 Rukavina<\/strong> i ugostitelj<strong> Denis Mohenski<\/strong>, a ispitivanje ostalih uhi\u0107enih u ju\u010dera\u0161njoj antikorupcijskoj akciji Uskoka i policije nastavlja se danas.&nbsp;<br><br>Rije\u010d je o tri kraka istrage, koja su povezana s biv\u0161im gradona\u010delnikom <strong>Milanom Bandi\u0107em<\/strong>.<br><br>Uhi\u0107eni su i glavni ravnatelj Hrvatske radiotelevizije <strong>Kazimir Ba\u010di\u0107 <\/strong>te biv\u0161i vlasnik Tvornice elektri\u010dnih \u017earulja, poduzetnik <strong>Milan Lon\u010dari\u0107<\/strong>. Saborska oporba najavila je pokretanje postupka za Ba\u010di\u0107evu smjenu.<br><br>Tako\u0111er su uhi\u0107eni nekad bliski suradnici gradona\u010delnika Milana Bandi\u0107, koji se sumnji\u010de za pogodovanje. Rije\u010d je o biv\u0161oj \u010dlanici Povjerenstva za davanje u zakup javnih povr\u0161ina <strong>Jeleni \u010cekli\u0107<\/strong>, biv\u0161oj \u0161efici stru\u010dne slu\u017ebe gradona\u010delnika <strong>Andrei \u0160ulenti\u0107<\/strong>, <strong>Denisu Mohenskom<\/strong>, poznatijem pod nadimkom &#8220;Kralj Adventa&#8221;, te Bandi\u0107evim voza\u010dima<strong> Zdravku Krajini<\/strong> i <strong>Vladimiru D\u017eaji<\/strong>.&nbsp;<\/p>\n\n\n\n<p>Izvor:hrt.hr<\/p>\n","protected":false},"excerpt":{"rendered":"<p>Velika akcija USKOK-a i policije se nastavlja. Prema neslu\u017ebenim informacijama, uhi\u0107eno je jo\u0161 10 ljudi, me\u0111u kojima je osam poduzetnika i dva zaposlenika Grada Zagreba iz komunalnih poslova i odr\u017eavanja, a svi su povezani s davanjem mita. Sino\u0107 su u u USKOK-u ispitani Ana Stavljeni\u0107-Rukavina i ugostitelj Denis Mohenski, a jutros je nastavljeno ispitivanje i [&hellip;]<\/p>\n","protected":false},"author":2,"featured_media":37854,"comment_status":"closed","ping_status":"closed","sticky":false,"template":"","format":"standard","meta":{"h5ap_radio_sources":[],"footnotes":""},"categories":[1],"tags":[],"class_list":["post-37853","post","type-post","status-publish","format-standard","has-post-thumbnail","hentry","category-bihiregija"],"yoast_head":"<!-- This site is optimized with the Yoast SEO plugin v27.5 - https:\/\/yoast.com\/product\/yoast-seo-wordpress\/ -->\n<title>USKOK objavio priop\u0107enje o uhi\u0107enjima; jutros nova uhi\u0107enja u Zagrebu - RADIO LJUBU\u0160KI<\/title>\n<meta name=\"robots\" content=\"index, follow, max-snippet:-1, max-image-preview:large, max-video-preview:-1\" \/>\n<link rel=\"canonical\" href=\"https:\/\/radioljubuski.ba\/index.php\/2021\/07\/01\/uskok-objavio-priopcenje-o-uhicenjima-jutros-nova-uhicenja-u-zagrebu\/\" \/>\n<meta property=\"og:locale\" content=\"hr_HR\" \/>\n<meta property=\"og:type\" content=\"article\" \/>\n<meta property=\"og:title\" content=\"USKOK objavio priop\u0107enje o uhi\u0107enjima; jutros nova uhi\u0107enja u Zagrebu - RADIO LJUBU\u0160KI\" \/>\n<meta property=\"og:description\" content=\"Velika akcija USKOK-a i policije se nastavlja. Prema neslu\u017ebenim informacijama, uhi\u0107eno je jo\u0161 10 ljudi, me\u0111u kojima je osam poduzetnika i dva zaposlenika Grada Zagreba iz komunalnih poslova i odr\u017eavanja, a svi su povezani s davanjem mita. Sino\u0107 su u u USKOK-u ispitani Ana Stavljeni\u0107-Rukavina i ugostitelj Denis Mohenski, a jutros je nastavljeno ispitivanje i [&hellip;]\" \/>\n<meta property=\"og:url\" content=\"https:\/\/radioljubuski.ba\/index.php\/2021\/07\/01\/uskok-objavio-priopcenje-o-uhicenjima-jutros-nova-uhicenja-u-zagrebu\/\" \/>\n<meta property=\"og:site_name\" content=\"RADIO LJUBU\u0160KI\" \/>\n<meta property=\"article:publisher\" content=\"https:\/\/www.facebook.com\/Radiio-Ljubuski-1490835324566332\" \/>\n<meta property=\"article:published_time\" content=\"2021-07-01T11:15:48+00:00\" \/>\n<meta property=\"og:image\" content=\"https:\/\/radioljubuski.ba\/wp-content\/uploads\/2021\/07\/pjimage-4-20210701064212.jpg\" \/>\n\t<meta property=\"og:image:width\" content=\"1280\" \/>\n\t<meta property=\"og:image:height\" content=\"720\" \/>\n\t<meta property=\"og:image:type\" content=\"image\/jpeg\" \/>\n<meta name=\"author\" content=\"Radio Ljubu\u0161ki\" \/>\n<meta name=\"twitter:card\" content=\"summary_large_image\" \/>\n<meta name=\"twitter:creator\" content=\"@radioljubuski\" \/>\n<meta name=\"twitter:site\" content=\"@radioljubuski\" \/>\n<meta name=\"twitter:label1\" content=\"Napisao\/la\" \/>\n\t<meta name=\"twitter:data1\" content=\"Radio Ljubu\u0161ki\" \/>\n\t<meta name=\"twitter:label2\" content=\"Procijenjeno vrijeme \u010ditanja\" \/>\n\t<meta name=\"twitter:data2\" content=\"9 minuta\" \/>\n<script type=\"application\/ld+json\" class=\"yoast-schema-graph\">{\"@context\":\"https:\\\/\\\/schema.org\",\"@graph\":[{\"@type\":\"Article\",\"@id\":\"https:\\\/\\\/radioljubuski.ba\\\/index.php\\\/2021\\\/07\\\/01\\\/uskok-objavio-priopcenje-o-uhicenjima-jutros-nova-uhicenja-u-zagrebu\\\/#article\",\"isPartOf\":{\"@id\":\"https:\\\/\\\/radioljubuski.ba\\\/index.php\\\/2021\\\/07\\\/01\\\/uskok-objavio-priopcenje-o-uhicenjima-jutros-nova-uhicenja-u-zagrebu\\\/\"},\"author\":{\"name\":\"Radio Ljubu\u0161ki\",\"@id\":\"https:\\\/\\\/radioljubuski.ba\\\/#\\\/schema\\\/person\\\/19fc700381a780f69665d7956c469e3b\"},\"headline\":\"USKOK objavio priop\u0107enje o uhi\u0107enjima; jutros nova uhi\u0107enja u Zagrebu\",\"datePublished\":\"2021-07-01T11:15:48+00:00\",\"mainEntityOfPage\":{\"@id\":\"https:\\\/\\\/radioljubuski.ba\\\/index.php\\\/2021\\\/07\\\/01\\\/uskok-objavio-priopcenje-o-uhicenjima-jutros-nova-uhicenja-u-zagrebu\\\/\"},\"wordCount\":1760,\"publisher\":{\"@id\":\"https:\\\/\\\/radioljubuski.ba\\\/#organization\"},\"image\":{\"@id\":\"https:\\\/\\\/radioljubuski.ba\\\/index.php\\\/2021\\\/07\\\/01\\\/uskok-objavio-priopcenje-o-uhicenjima-jutros-nova-uhicenja-u-zagrebu\\\/#primaryimage\"},\"thumbnailUrl\":\"https:\\\/\\\/radioljubuski.ba\\\/wp-content\\\/uploads\\\/2021\\\/07\\\/pjimage-4-20210701064212.jpg\",\"articleSection\":[\"BIH i regija\"],\"inLanguage\":\"hr\"},{\"@type\":\"WebPage\",\"@id\":\"https:\\\/\\\/radioljubuski.ba\\\/index.php\\\/2021\\\/07\\\/01\\\/uskok-objavio-priopcenje-o-uhicenjima-jutros-nova-uhicenja-u-zagrebu\\\/\",\"url\":\"https:\\\/\\\/radioljubuski.ba\\\/index.php\\\/2021\\\/07\\\/01\\\/uskok-objavio-priopcenje-o-uhicenjima-jutros-nova-uhicenja-u-zagrebu\\\/\",\"name\":\"USKOK objavio priop\u0107enje o uhi\u0107enjima; jutros nova uhi\u0107enja u Zagrebu - RADIO LJUBU\u0160KI\",\"isPartOf\":{\"@id\":\"https:\\\/\\\/radioljubuski.ba\\\/#website\"},\"primaryImageOfPage\":{\"@id\":\"https:\\\/\\\/radioljubuski.ba\\\/index.php\\\/2021\\\/07\\\/01\\\/uskok-objavio-priopcenje-o-uhicenjima-jutros-nova-uhicenja-u-zagrebu\\\/#primaryimage\"},\"image\":{\"@id\":\"https:\\\/\\\/radioljubuski.ba\\\/index.php\\\/2021\\\/07\\\/01\\\/uskok-objavio-priopcenje-o-uhicenjima-jutros-nova-uhicenja-u-zagrebu\\\/#primaryimage\"},\"thumbnailUrl\":\"https:\\\/\\\/radioljubuski.ba\\\/wp-content\\\/uploads\\\/2021\\\/07\\\/pjimage-4-20210701064212.jpg\",\"datePublished\":\"2021-07-01T11:15:48+00:00\",\"breadcrumb\":{\"@id\":\"https:\\\/\\\/radioljubuski.ba\\\/index.php\\\/2021\\\/07\\\/01\\\/uskok-objavio-priopcenje-o-uhicenjima-jutros-nova-uhicenja-u-zagrebu\\\/#breadcrumb\"},\"inLanguage\":\"hr\",\"potentialAction\":[{\"@type\":\"ReadAction\",\"target\":[\"https:\\\/\\\/radioljubuski.ba\\\/index.php\\\/2021\\\/07\\\/01\\\/uskok-objavio-priopcenje-o-uhicenjima-jutros-nova-uhicenja-u-zagrebu\\\/\"]}]},{\"@type\":\"ImageObject\",\"inLanguage\":\"hr\",\"@id\":\"https:\\\/\\\/radioljubuski.ba\\\/index.php\\\/2021\\\/07\\\/01\\\/uskok-objavio-priopcenje-o-uhicenjima-jutros-nova-uhicenja-u-zagrebu\\\/#primaryimage\",\"url\":\"https:\\\/\\\/radioljubuski.ba\\\/wp-content\\\/uploads\\\/2021\\\/07\\\/pjimage-4-20210701064212.jpg\",\"contentUrl\":\"https:\\\/\\\/radioljubuski.ba\\\/wp-content\\\/uploads\\\/2021\\\/07\\\/pjimage-4-20210701064212.jpg\",\"width\":1280,\"height\":720},{\"@type\":\"BreadcrumbList\",\"@id\":\"https:\\\/\\\/radioljubuski.ba\\\/index.php\\\/2021\\\/07\\\/01\\\/uskok-objavio-priopcenje-o-uhicenjima-jutros-nova-uhicenja-u-zagrebu\\\/#breadcrumb\",\"itemListElement\":[{\"@type\":\"ListItem\",\"position\":1,\"name\":\"Po\u010detna stranica\",\"item\":\"https:\\\/\\\/radioljubuski.ba\\\/\"},{\"@type\":\"ListItem\",\"position\":2,\"name\":\"USKOK objavio priop\u0107enje o uhi\u0107enjima; jutros nova uhi\u0107enja u Zagrebu\"}]},{\"@type\":\"WebSite\",\"@id\":\"https:\\\/\\\/radioljubuski.ba\\\/#website\",\"url\":\"https:\\\/\\\/radioljubuski.ba\\\/\",\"name\":\"Radio Ljubu\u0161ki\",\"description\":\"Sun\u010dana frekvencija Hercegovine\",\"publisher\":{\"@id\":\"https:\\\/\\\/radioljubuski.ba\\\/#organization\"},\"potentialAction\":[{\"@type\":\"SearchAction\",\"target\":{\"@type\":\"EntryPoint\",\"urlTemplate\":\"https:\\\/\\\/radioljubuski.ba\\\/?s={search_term_string}\"},\"query-input\":{\"@type\":\"PropertyValueSpecification\",\"valueRequired\":true,\"valueName\":\"search_term_string\"}}],\"inLanguage\":\"hr\"},{\"@type\":\"Organization\",\"@id\":\"https:\\\/\\\/radioljubuski.ba\\\/#organization\",\"name\":\"Radio Ljubu\u0161ki\",\"url\":\"https:\\\/\\\/radioljubuski.ba\\\/\",\"logo\":{\"@type\":\"ImageObject\",\"inLanguage\":\"hr\",\"@id\":\"https:\\\/\\\/radioljubuski.ba\\\/#\\\/schema\\\/logo\\\/image\\\/\",\"url\":\"https:\\\/\\\/radioljubuski.ba\\\/wp-content\\\/uploads\\\/2021\\\/02\\\/cropped-Radio_Ljubuski_logo1.jpg\",\"contentUrl\":\"https:\\\/\\\/radioljubuski.ba\\\/wp-content\\\/uploads\\\/2021\\\/02\\\/cropped-Radio_Ljubuski_logo1.jpg\",\"width\":512,\"height\":512,\"caption\":\"Radio Ljubu\u0161ki\"},\"image\":{\"@id\":\"https:\\\/\\\/radioljubuski.ba\\\/#\\\/schema\\\/logo\\\/image\\\/\"},\"sameAs\":[\"https:\\\/\\\/www.facebook.com\\\/Radiio-Ljubuski-1490835324566332\",\"https:\\\/\\\/x.com\\\/radioljubuski\",\"https:\\\/\\\/hr.linkedin.com\\\/company\\\/radio-ljubuski\",\"https:\\\/\\\/www.youtube.com\\\/channel\\\/UCHYaeO_n0Db3tjNGudGpXyw\"]},{\"@type\":\"Person\",\"@id\":\"https:\\\/\\\/radioljubuski.ba\\\/#\\\/schema\\\/person\\\/19fc700381a780f69665d7956c469e3b\",\"name\":\"Radio Ljubu\u0161ki\"}]}<\/script>\n<!-- \/ Yoast SEO plugin. -->","yoast_head_json":{"title":"USKOK objavio priop\u0107enje o uhi\u0107enjima; jutros nova uhi\u0107enja u Zagrebu - RADIO LJUBU\u0160KI","robots":{"index":"index","follow":"follow","max-snippet":"max-snippet:-1","max-image-preview":"max-image-preview:large","max-video-preview":"max-video-preview:-1"},"canonical":"https:\/\/radioljubuski.ba\/index.php\/2021\/07\/01\/uskok-objavio-priopcenje-o-uhicenjima-jutros-nova-uhicenja-u-zagrebu\/","og_locale":"hr_HR","og_type":"article","og_title":"USKOK objavio priop\u0107enje o uhi\u0107enjima; jutros nova uhi\u0107enja u Zagrebu - RADIO LJUBU\u0160KI","og_description":"Velika akcija USKOK-a i policije se nastavlja. Prema neslu\u017ebenim informacijama, uhi\u0107eno je jo\u0161 10 ljudi, me\u0111u kojima je osam poduzetnika i dva zaposlenika Grada Zagreba iz komunalnih poslova i odr\u017eavanja, a svi su povezani s davanjem mita. Sino\u0107 su u u USKOK-u ispitani Ana Stavljeni\u0107-Rukavina i ugostitelj Denis Mohenski, a jutros je nastavljeno ispitivanje i [&hellip;]","og_url":"https:\/\/radioljubuski.ba\/index.php\/2021\/07\/01\/uskok-objavio-priopcenje-o-uhicenjima-jutros-nova-uhicenja-u-zagrebu\/","og_site_name":"RADIO LJUBU\u0160KI","article_publisher":"https:\/\/www.facebook.com\/Radiio-Ljubuski-1490835324566332","article_published_time":"2021-07-01T11:15:48+00:00","og_image":[{"width":1280,"height":720,"url":"https:\/\/radioljubuski.ba\/wp-content\/uploads\/2021\/07\/pjimage-4-20210701064212.jpg","type":"image\/jpeg"}],"author":"Radio Ljubu\u0161ki","twitter_card":"summary_large_image","twitter_creator":"@radioljubuski","twitter_site":"@radioljubuski","twitter_misc":{"Napisao\/la":"Radio Ljubu\u0161ki","Procijenjeno vrijeme \u010ditanja":"9 minuta"},"schema":{"@context":"https:\/\/schema.org","@graph":[{"@type":"Article","@id":"https:\/\/radioljubuski.ba\/index.php\/2021\/07\/01\/uskok-objavio-priopcenje-o-uhicenjima-jutros-nova-uhicenja-u-zagrebu\/#article","isPartOf":{"@id":"https:\/\/radioljubuski.ba\/index.php\/2021\/07\/01\/uskok-objavio-priopcenje-o-uhicenjima-jutros-nova-uhicenja-u-zagrebu\/"},"author":{"name":"Radio Ljubu\u0161ki","@id":"https:\/\/radioljubuski.ba\/#\/schema\/person\/19fc700381a780f69665d7956c469e3b"},"headline":"USKOK objavio priop\u0107enje o uhi\u0107enjima; jutros nova uhi\u0107enja u Zagrebu","datePublished":"2021-07-01T11:15:48+00:00","mainEntityOfPage":{"@id":"https:\/\/radioljubuski.ba\/index.php\/2021\/07\/01\/uskok-objavio-priopcenje-o-uhicenjima-jutros-nova-uhicenja-u-zagrebu\/"},"wordCount":1760,"publisher":{"@id":"https:\/\/radioljubuski.ba\/#organization"},"image":{"@id":"https:\/\/radioljubuski.ba\/index.php\/2021\/07\/01\/uskok-objavio-priopcenje-o-uhicenjima-jutros-nova-uhicenja-u-zagrebu\/#primaryimage"},"thumbnailUrl":"https:\/\/radioljubuski.ba\/wp-content\/uploads\/2021\/07\/pjimage-4-20210701064212.jpg","articleSection":["BIH i regija"],"inLanguage":"hr"},{"@type":"WebPage","@id":"https:\/\/radioljubuski.ba\/index.php\/2021\/07\/01\/uskok-objavio-priopcenje-o-uhicenjima-jutros-nova-uhicenja-u-zagrebu\/","url":"https:\/\/radioljubuski.ba\/index.php\/2021\/07\/01\/uskok-objavio-priopcenje-o-uhicenjima-jutros-nova-uhicenja-u-zagrebu\/","name":"USKOK objavio priop\u0107enje o uhi\u0107enjima; jutros nova uhi\u0107enja u Zagrebu - RADIO LJUBU\u0160KI","isPartOf":{"@id":"https:\/\/radioljubuski.ba\/#website"},"primaryImageOfPage":{"@id":"https:\/\/radioljubuski.ba\/index.php\/2021\/07\/01\/uskok-objavio-priopcenje-o-uhicenjima-jutros-nova-uhicenja-u-zagrebu\/#primaryimage"},"image":{"@id":"https:\/\/radioljubuski.ba\/index.php\/2021\/07\/01\/uskok-objavio-priopcenje-o-uhicenjima-jutros-nova-uhicenja-u-zagrebu\/#primaryimage"},"thumbnailUrl":"https:\/\/radioljubuski.ba\/wp-content\/uploads\/2021\/07\/pjimage-4-20210701064212.jpg","datePublished":"2021-07-01T11:15:48+00:00","breadcrumb":{"@id":"https:\/\/radioljubuski.ba\/index.php\/2021\/07\/01\/uskok-objavio-priopcenje-o-uhicenjima-jutros-nova-uhicenja-u-zagrebu\/#breadcrumb"},"inLanguage":"hr","potentialAction":[{"@type":"ReadAction","target":["https:\/\/radioljubuski.ba\/index.php\/2021\/07\/01\/uskok-objavio-priopcenje-o-uhicenjima-jutros-nova-uhicenja-u-zagrebu\/"]}]},{"@type":"ImageObject","inLanguage":"hr","@id":"https:\/\/radioljubuski.ba\/index.php\/2021\/07\/01\/uskok-objavio-priopcenje-o-uhicenjima-jutros-nova-uhicenja-u-zagrebu\/#primaryimage","url":"https:\/\/radioljubuski.ba\/wp-content\/uploads\/2021\/07\/pjimage-4-20210701064212.jpg","contentUrl":"https:\/\/radioljubuski.ba\/wp-content\/uploads\/2021\/07\/pjimage-4-20210701064212.jpg","width":1280,"height":720},{"@type":"BreadcrumbList","@id":"https:\/\/radioljubuski.ba\/index.php\/2021\/07\/01\/uskok-objavio-priopcenje-o-uhicenjima-jutros-nova-uhicenja-u-zagrebu\/#breadcrumb","itemListElement":[{"@type":"ListItem","position":1,"name":"Po\u010detna stranica","item":"https:\/\/radioljubuski.ba\/"},{"@type":"ListItem","position":2,"name":"USKOK objavio priop\u0107enje o uhi\u0107enjima; jutros nova uhi\u0107enja u Zagrebu"}]},{"@type":"WebSite","@id":"https:\/\/radioljubuski.ba\/#website","url":"https:\/\/radioljubuski.ba\/","name":"Radio Ljubu\u0161ki","description":"Sun\u010dana frekvencija Hercegovine","publisher":{"@id":"https:\/\/radioljubuski.ba\/#organization"},"potentialAction":[{"@type":"SearchAction","target":{"@type":"EntryPoint","urlTemplate":"https:\/\/radioljubuski.ba\/?s={search_term_string}"},"query-input":{"@type":"PropertyValueSpecification","valueRequired":true,"valueName":"search_term_string"}}],"inLanguage":"hr"},{"@type":"Organization","@id":"https:\/\/radioljubuski.ba\/#organization","name":"Radio Ljubu\u0161ki","url":"https:\/\/radioljubuski.ba\/","logo":{"@type":"ImageObject","inLanguage":"hr","@id":"https:\/\/radioljubuski.ba\/#\/schema\/logo\/image\/","url":"https:\/\/radioljubuski.ba\/wp-content\/uploads\/2021\/02\/cropped-Radio_Ljubuski_logo1.jpg","contentUrl":"https:\/\/radioljubuski.ba\/wp-content\/uploads\/2021\/02\/cropped-Radio_Ljubuski_logo1.jpg","width":512,"height":512,"caption":"Radio Ljubu\u0161ki"},"image":{"@id":"https:\/\/radioljubuski.ba\/#\/schema\/logo\/image\/"},"sameAs":["https:\/\/www.facebook.com\/Radiio-Ljubuski-1490835324566332","https:\/\/x.com\/radioljubuski","https:\/\/hr.linkedin.com\/company\/radio-ljubuski","https:\/\/www.youtube.com\/channel\/UCHYaeO_n0Db3tjNGudGpXyw"]},{"@type":"Person","@id":"https:\/\/radioljubuski.ba\/#\/schema\/person\/19fc700381a780f69665d7956c469e3b","name":"Radio Ljubu\u0161ki"}]}},"_links":{"self":[{"href":"https:\/\/radioljubuski.ba\/index.php\/wp-json\/wp\/v2\/posts\/37853","targetHints":{"allow":["GET"]}}],"collection":[{"href":"https:\/\/radioljubuski.ba\/index.php\/wp-json\/wp\/v2\/posts"}],"about":[{"href":"https:\/\/radioljubuski.ba\/index.php\/wp-json\/wp\/v2\/types\/post"}],"author":[{"embeddable":true,"href":"https:\/\/radioljubuski.ba\/index.php\/wp-json\/wp\/v2\/users\/2"}],"replies":[{"embeddable":true,"href":"https:\/\/radioljubuski.ba\/index.php\/wp-json\/wp\/v2\/comments?post=37853"}],"version-history":[{"count":1,"href":"https:\/\/radioljubuski.ba\/index.php\/wp-json\/wp\/v2\/posts\/37853\/revisions"}],"predecessor-version":[{"id":37855,"href":"https:\/\/radioljubuski.ba\/index.php\/wp-json\/wp\/v2\/posts\/37853\/revisions\/37855"}],"wp:featuredmedia":[{"embeddable":true,"href":"https:\/\/radioljubuski.ba\/index.php\/wp-json\/wp\/v2\/media\/37854"}],"wp:attachment":[{"href":"https:\/\/radioljubuski.ba\/index.php\/wp-json\/wp\/v2\/media?parent=37853"}],"wp:term":[{"taxonomy":"category","embeddable":true,"href":"https:\/\/radioljubuski.ba\/index.php\/wp-json\/wp\/v2\/categories?post=37853"},{"taxonomy":"post_tag","embeddable":true,"href":"https:\/\/radioljubuski.ba\/index.php\/wp-json\/wp\/v2\/tags?post=37853"}],"curies":[{"name":"wp","href":"https:\/\/api.w.org\/{rel}","templated":true}]}}