{"id":37860,"date":"2021-07-01T12:20:40","date_gmt":"2021-07-01T11:20:40","guid":{"rendered":"https:\/\/radioljubuski.ba\/?p=37860"},"modified":"2021-07-01T12:20:40","modified_gmt":"2021-07-01T11:20:40","slug":"vlasnica-doma-u-kojem-je-stradalo-sestero-ljudi-osudena-na-4-godine-i-sest-mjeseci-zatvora","status":"publish","type":"post","link":"https:\/\/radioljubuski.ba\/index.php\/2021\/07\/01\/vlasnica-doma-u-kojem-je-stradalo-sestero-ljudi-osudena-na-4-godine-i-sest-mjeseci-zatvora\/","title":{"rendered":"Vlasnica doma u kojem je stradalo \u0161estero ljudi osu\u0111ena na 4 godine i \u0161est mjeseci zatvora"},"content":{"rendered":"\n<p>Na \u017dupanijskom sudu u Zagrebu Gabrijela \u010ci\u010dkovi\u0107, vlasnica biv\u0161eg Doma&nbsp; za starije i nemo\u0107ne &#8216;&#8221;Zelena oaza&#8221;&#8216; u Andra\u0161evcu u kojem je u po\u017earu u sije\u010dnju 2020. preminulo \u0161estero ljudi, nepravomo\u0107no je osu\u0111ena na&nbsp;4 godine i 6 mjeseci zatvora.<\/p>\n\n\n\n<p>\u010ci\u010dkovi\u0107 na objavu presude nije do\u0161la, a u kaznu \u0107e joj biti ura\u010dunat i 21 dan koji je provela u istra\u017enom zatvoru.<br><br>Na pro\u0161lom ro\u010di\u0161tu \u010ci\u010dkovi\u0107 je u suzama iznijela svoju obranu te izrazila \u017eeljenje zbog nesre\u0107e. Ispri\u010dala se jo\u0161 jedanput obiteljima stradalih.&nbsp;<br><br>Odvjetnik okrivljene je, pak, ukazao da nema govora o neizravnoj namjeri ve\u0107 o nehaju.<br><br>U optu\u017enici je navedeno da je \u010ci\u010dkovi\u0107 tijekom 2012. i 2013. godine ishodila rje\u0161enje Upravnog odjela za zdravstvo, socijalnu skrb, udruge i mlade Krapinsko-zagorske \u017eupanije o ispunjavanju uvjeta za pru\u017eanje usluga skrbi izvan vlastite obitelji u okviru stalnog smje\u0161taja starijih i nemo\u0107nih osoba za trinaest korisnika u obiteljskom domu u Oroslavju (Andra\u0161evec, Dolinska 8).<br><br>Okrivljenicu se tereti da je, kao predstavnica obiteljskog doma za starije i nemo\u0107ne u Andra\u0161evcu naknadno, bez odobrenja nadle\u017enog tijela socijalne skrbi, pro\u0161irila profesionalnu djelatnost pru\u017eanja socijalnih usluga skrbi sa smje\u0161tajem starijih osoba na stambeni i pomo\u0107ni objekt u Andra\u0161evcu (Dolinska 22).<br><br>Tereti ju se da je u taj stambeni objekt smjestila jo\u0161 devetnaest korisnika, dok je u pomo\u0107ni objekt koji je kao gospodarski objekt\u2013spremi\u0161te preure\u0111en za boravak osoba, a izgra\u0111en od drveta i cigle, smjestila jo\u0161 \u0161est starijih te te\u0161ko pokretnih i nepokretnih korisnika. Iako svjesna da su korisnici u pomo\u0107nom objektu potpuno ovisni o tu\u0111oj pomo\u0107i i da im je zbog toga potrebna stalna prisutnost njegovatelja, a da ona kao predstavnica obiteljskog doma sa svojom obitelji \u017eivi u dislociranoj obiteljskoj ku\u0107i, udaljenoj oko 700 metara, okrivljenicu se tereti da je propustila te\u0161ko pokretnim i nepokretnim korisnicima osigurati dnevnu, tijekom 24 sata, skrb njegovatelja, tako da je za skrb o svih 25 korisnika u stambenom i pomo\u0107nom objektu rasporedila za rad u no\u0107noj smjeni samo jednu njegovateljicu.<br><br>Postupaju\u0107i na opisani na\u010din, okrivljenicu se tereti da je pristala da te\u0161ko pokretne i nepokretne osobe borave bez nadzora i neophodne pomo\u0107i i u mogu\u0107im uvjetima \u017eivotne ugro\u017eenosti, pa kada je u pomo\u0107nom objektu tijekom no\u0107i 11. sije\u010dnja 2020. izme\u0111u 4:10 i 4:55 sati do\u0161lo do kvara i zapaljenja elektri\u010dnog kalorifera koji se koristio za zagrijavanje prostorija, uslijed izostanka nadzora jedine njegovateljice koja je boravila u stambenom objektu na adresi Dolinska 22, do\u0161lo je do \u0161irenja po\u017eara na cijelu unutra\u0161njost pomo\u0107nog objekta. Zbog gu\u0161enja uglji\u010dnim monoksidom smrtno su stradali korisnici socijalnih usluga smje\u0161taja (1938., 1951., 1916., 1936., 1935. i 1930.) \u010dija tijela su potom izgorjela.<\/p>\n\n\n\n<p>Izvor:hrt.hr<\/p>\n","protected":false},"excerpt":{"rendered":"<p>Na \u017dupanijskom sudu u Zagrebu Gabrijela \u010ci\u010dkovi\u0107, vlasnica biv\u0161eg Doma&nbsp; za starije i nemo\u0107ne &#8216;&#8221;Zelena oaza&#8221;&#8216; u Andra\u0161evcu u kojem je u po\u017earu u sije\u010dnju 2020. preminulo \u0161estero ljudi, nepravomo\u0107no je osu\u0111ena na&nbsp;4 godine i 6 mjeseci zatvora. \u010ci\u010dkovi\u0107 na objavu presude nije do\u0161la, a u kaznu \u0107e joj biti ura\u010dunat i 21 dan koji [&hellip;]<\/p>\n","protected":false},"author":2,"featured_media":37861,"comment_status":"closed","ping_status":"closed","sticky":false,"template":"","format":"standard","meta":{"h5ap_radio_sources":[],"footnotes":""},"categories":[1],"tags":[],"class_list":["post-37860","post","type-post","status-publish","format-standard","has-post-thumbnail","hentry","category-bihiregija"],"yoast_head":"<!-- This site is optimized with the Yoast SEO plugin v27.5 - https:\/\/yoast.com\/product\/yoast-seo-wordpress\/ -->\n<title>Vlasnica doma u kojem je stradalo \u0161estero ljudi osu\u0111ena na 4 godine i \u0161est mjeseci zatvora - RADIO LJUBU\u0160KI<\/title>\n<meta name=\"robots\" content=\"index, follow, max-snippet:-1, max-image-preview:large, max-video-preview:-1\" \/>\n<link rel=\"canonical\" href=\"https:\/\/radioljubuski.ba\/index.php\/2021\/07\/01\/vlasnica-doma-u-kojem-je-stradalo-sestero-ljudi-osudena-na-4-godine-i-sest-mjeseci-zatvora\/\" \/>\n<meta property=\"og:locale\" content=\"hr_HR\" \/>\n<meta property=\"og:type\" content=\"article\" \/>\n<meta property=\"og:title\" content=\"Vlasnica doma u kojem je stradalo \u0161estero ljudi osu\u0111ena na 4 godine i \u0161est mjeseci zatvora - RADIO LJUBU\u0160KI\" \/>\n<meta property=\"og:description\" content=\"Na \u017dupanijskom sudu u Zagrebu Gabrijela \u010ci\u010dkovi\u0107, vlasnica biv\u0161eg Doma&nbsp; za starije i nemo\u0107ne &#8216;&#8221;Zelena oaza&#8221;&#8216; u Andra\u0161evcu u kojem je u po\u017earu u sije\u010dnju 2020. preminulo \u0161estero ljudi, nepravomo\u0107no je osu\u0111ena na&nbsp;4 godine i 6 mjeseci zatvora. \u010ci\u010dkovi\u0107 na objavu presude nije do\u0161la, a u kaznu \u0107e joj biti ura\u010dunat i 21 dan koji [&hellip;]\" \/>\n<meta property=\"og:url\" content=\"https:\/\/radioljubuski.ba\/index.php\/2021\/07\/01\/vlasnica-doma-u-kojem-je-stradalo-sestero-ljudi-osudena-na-4-godine-i-sest-mjeseci-zatvora\/\" \/>\n<meta property=\"og:site_name\" content=\"RADIO LJUBU\u0160KI\" \/>\n<meta property=\"article:publisher\" content=\"https:\/\/www.facebook.com\/Radiio-Ljubuski-1490835324566332\" \/>\n<meta property=\"article:published_time\" content=\"2021-07-01T11:20:40+00:00\" \/>\n<meta property=\"og:image\" content=\"https:\/\/radioljubuski.ba\/wp-content\/uploads\/2021\/07\/k_11625225_640.jpg\" \/>\n\t<meta property=\"og:image:width\" content=\"640\" \/>\n\t<meta property=\"og:image:height\" content=\"640\" \/>\n\t<meta property=\"og:image:type\" content=\"image\/jpeg\" \/>\n<meta name=\"author\" content=\"Radio Ljubu\u0161ki\" \/>\n<meta name=\"twitter:card\" content=\"summary_large_image\" \/>\n<meta name=\"twitter:creator\" content=\"@radioljubuski\" \/>\n<meta name=\"twitter:site\" content=\"@radioljubuski\" \/>\n<meta name=\"twitter:label1\" content=\"Napisao\/la\" \/>\n\t<meta name=\"twitter:data1\" content=\"Radio Ljubu\u0161ki\" \/>\n\t<meta name=\"twitter:label2\" content=\"Procijenjeno vrijeme \u010ditanja\" \/>\n\t<meta name=\"twitter:data2\" content=\"2 minute\" \/>\n<script type=\"application\/ld+json\" class=\"yoast-schema-graph\">{\"@context\":\"https:\\\/\\\/schema.org\",\"@graph\":[{\"@type\":\"Article\",\"@id\":\"https:\\\/\\\/radioljubuski.ba\\\/index.php\\\/2021\\\/07\\\/01\\\/vlasnica-doma-u-kojem-je-stradalo-sestero-ljudi-osudena-na-4-godine-i-sest-mjeseci-zatvora\\\/#article\",\"isPartOf\":{\"@id\":\"https:\\\/\\\/radioljubuski.ba\\\/index.php\\\/2021\\\/07\\\/01\\\/vlasnica-doma-u-kojem-je-stradalo-sestero-ljudi-osudena-na-4-godine-i-sest-mjeseci-zatvora\\\/\"},\"author\":{\"name\":\"Radio Ljubu\u0161ki\",\"@id\":\"https:\\\/\\\/radioljubuski.ba\\\/#\\\/schema\\\/person\\\/19fc700381a780f69665d7956c469e3b\"},\"headline\":\"Vlasnica doma u kojem je stradalo \u0161estero ljudi osu\u0111ena na 4 godine i \u0161est mjeseci zatvora\",\"datePublished\":\"2021-07-01T11:20:40+00:00\",\"mainEntityOfPage\":{\"@id\":\"https:\\\/\\\/radioljubuski.ba\\\/index.php\\\/2021\\\/07\\\/01\\\/vlasnica-doma-u-kojem-je-stradalo-sestero-ljudi-osudena-na-4-godine-i-sest-mjeseci-zatvora\\\/\"},\"wordCount\":488,\"publisher\":{\"@id\":\"https:\\\/\\\/radioljubuski.ba\\\/#organization\"},\"image\":{\"@id\":\"https:\\\/\\\/radioljubuski.ba\\\/index.php\\\/2021\\\/07\\\/01\\\/vlasnica-doma-u-kojem-je-stradalo-sestero-ljudi-osudena-na-4-godine-i-sest-mjeseci-zatvora\\\/#primaryimage\"},\"thumbnailUrl\":\"https:\\\/\\\/radioljubuski.ba\\\/wp-content\\\/uploads\\\/2021\\\/07\\\/k_11625225_640.jpg\",\"articleSection\":[\"BIH i regija\"],\"inLanguage\":\"hr\"},{\"@type\":\"WebPage\",\"@id\":\"https:\\\/\\\/radioljubuski.ba\\\/index.php\\\/2021\\\/07\\\/01\\\/vlasnica-doma-u-kojem-je-stradalo-sestero-ljudi-osudena-na-4-godine-i-sest-mjeseci-zatvora\\\/\",\"url\":\"https:\\\/\\\/radioljubuski.ba\\\/index.php\\\/2021\\\/07\\\/01\\\/vlasnica-doma-u-kojem-je-stradalo-sestero-ljudi-osudena-na-4-godine-i-sest-mjeseci-zatvora\\\/\",\"name\":\"Vlasnica doma u kojem je stradalo \u0161estero ljudi osu\u0111ena na 4 godine i \u0161est mjeseci zatvora - RADIO LJUBU\u0160KI\",\"isPartOf\":{\"@id\":\"https:\\\/\\\/radioljubuski.ba\\\/#website\"},\"primaryImageOfPage\":{\"@id\":\"https:\\\/\\\/radioljubuski.ba\\\/index.php\\\/2021\\\/07\\\/01\\\/vlasnica-doma-u-kojem-je-stradalo-sestero-ljudi-osudena-na-4-godine-i-sest-mjeseci-zatvora\\\/#primaryimage\"},\"image\":{\"@id\":\"https:\\\/\\\/radioljubuski.ba\\\/index.php\\\/2021\\\/07\\\/01\\\/vlasnica-doma-u-kojem-je-stradalo-sestero-ljudi-osudena-na-4-godine-i-sest-mjeseci-zatvora\\\/#primaryimage\"},\"thumbnailUrl\":\"https:\\\/\\\/radioljubuski.ba\\\/wp-content\\\/uploads\\\/2021\\\/07\\\/k_11625225_640.jpg\",\"datePublished\":\"2021-07-01T11:20:40+00:00\",\"breadcrumb\":{\"@id\":\"https:\\\/\\\/radioljubuski.ba\\\/index.php\\\/2021\\\/07\\\/01\\\/vlasnica-doma-u-kojem-je-stradalo-sestero-ljudi-osudena-na-4-godine-i-sest-mjeseci-zatvora\\\/#breadcrumb\"},\"inLanguage\":\"hr\",\"potentialAction\":[{\"@type\":\"ReadAction\",\"target\":[\"https:\\\/\\\/radioljubuski.ba\\\/index.php\\\/2021\\\/07\\\/01\\\/vlasnica-doma-u-kojem-je-stradalo-sestero-ljudi-osudena-na-4-godine-i-sest-mjeseci-zatvora\\\/\"]}]},{\"@type\":\"ImageObject\",\"inLanguage\":\"hr\",\"@id\":\"https:\\\/\\\/radioljubuski.ba\\\/index.php\\\/2021\\\/07\\\/01\\\/vlasnica-doma-u-kojem-je-stradalo-sestero-ljudi-osudena-na-4-godine-i-sest-mjeseci-zatvora\\\/#primaryimage\",\"url\":\"https:\\\/\\\/radioljubuski.ba\\\/wp-content\\\/uploads\\\/2021\\\/07\\\/k_11625225_640.jpg\",\"contentUrl\":\"https:\\\/\\\/radioljubuski.ba\\\/wp-content\\\/uploads\\\/2021\\\/07\\\/k_11625225_640.jpg\",\"width\":640,\"height\":640},{\"@type\":\"BreadcrumbList\",\"@id\":\"https:\\\/\\\/radioljubuski.ba\\\/index.php\\\/2021\\\/07\\\/01\\\/vlasnica-doma-u-kojem-je-stradalo-sestero-ljudi-osudena-na-4-godine-i-sest-mjeseci-zatvora\\\/#breadcrumb\",\"itemListElement\":[{\"@type\":\"ListItem\",\"position\":1,\"name\":\"Po\u010detna stranica\",\"item\":\"https:\\\/\\\/radioljubuski.ba\\\/\"},{\"@type\":\"ListItem\",\"position\":2,\"name\":\"Vlasnica doma u kojem je stradalo \u0161estero ljudi osu\u0111ena na 4 godine i \u0161est mjeseci zatvora\"}]},{\"@type\":\"WebSite\",\"@id\":\"https:\\\/\\\/radioljubuski.ba\\\/#website\",\"url\":\"https:\\\/\\\/radioljubuski.ba\\\/\",\"name\":\"Radio Ljubu\u0161ki\",\"description\":\"Sun\u010dana frekvencija Hercegovine\",\"publisher\":{\"@id\":\"https:\\\/\\\/radioljubuski.ba\\\/#organization\"},\"potentialAction\":[{\"@type\":\"SearchAction\",\"target\":{\"@type\":\"EntryPoint\",\"urlTemplate\":\"https:\\\/\\\/radioljubuski.ba\\\/?s={search_term_string}\"},\"query-input\":{\"@type\":\"PropertyValueSpecification\",\"valueRequired\":true,\"valueName\":\"search_term_string\"}}],\"inLanguage\":\"hr\"},{\"@type\":\"Organization\",\"@id\":\"https:\\\/\\\/radioljubuski.ba\\\/#organization\",\"name\":\"Radio Ljubu\u0161ki\",\"url\":\"https:\\\/\\\/radioljubuski.ba\\\/\",\"logo\":{\"@type\":\"ImageObject\",\"inLanguage\":\"hr\",\"@id\":\"https:\\\/\\\/radioljubuski.ba\\\/#\\\/schema\\\/logo\\\/image\\\/\",\"url\":\"https:\\\/\\\/radioljubuski.ba\\\/wp-content\\\/uploads\\\/2021\\\/02\\\/cropped-Radio_Ljubuski_logo1.jpg\",\"contentUrl\":\"https:\\\/\\\/radioljubuski.ba\\\/wp-content\\\/uploads\\\/2021\\\/02\\\/cropped-Radio_Ljubuski_logo1.jpg\",\"width\":512,\"height\":512,\"caption\":\"Radio Ljubu\u0161ki\"},\"image\":{\"@id\":\"https:\\\/\\\/radioljubuski.ba\\\/#\\\/schema\\\/logo\\\/image\\\/\"},\"sameAs\":[\"https:\\\/\\\/www.facebook.com\\\/Radiio-Ljubuski-1490835324566332\",\"https:\\\/\\\/x.com\\\/radioljubuski\",\"https:\\\/\\\/hr.linkedin.com\\\/company\\\/radio-ljubuski\",\"https:\\\/\\\/www.youtube.com\\\/channel\\\/UCHYaeO_n0Db3tjNGudGpXyw\"]},{\"@type\":\"Person\",\"@id\":\"https:\\\/\\\/radioljubuski.ba\\\/#\\\/schema\\\/person\\\/19fc700381a780f69665d7956c469e3b\",\"name\":\"Radio Ljubu\u0161ki\"}]}<\/script>\n<!-- \/ Yoast SEO plugin. -->","yoast_head_json":{"title":"Vlasnica doma u kojem je stradalo \u0161estero ljudi osu\u0111ena na 4 godine i \u0161est mjeseci zatvora - RADIO LJUBU\u0160KI","robots":{"index":"index","follow":"follow","max-snippet":"max-snippet:-1","max-image-preview":"max-image-preview:large","max-video-preview":"max-video-preview:-1"},"canonical":"https:\/\/radioljubuski.ba\/index.php\/2021\/07\/01\/vlasnica-doma-u-kojem-je-stradalo-sestero-ljudi-osudena-na-4-godine-i-sest-mjeseci-zatvora\/","og_locale":"hr_HR","og_type":"article","og_title":"Vlasnica doma u kojem je stradalo \u0161estero ljudi osu\u0111ena na 4 godine i \u0161est mjeseci zatvora - RADIO LJUBU\u0160KI","og_description":"Na \u017dupanijskom sudu u Zagrebu Gabrijela \u010ci\u010dkovi\u0107, vlasnica biv\u0161eg Doma&nbsp; za starije i nemo\u0107ne &#8216;&#8221;Zelena oaza&#8221;&#8216; u Andra\u0161evcu u kojem je u po\u017earu u sije\u010dnju 2020. preminulo \u0161estero ljudi, nepravomo\u0107no je osu\u0111ena na&nbsp;4 godine i 6 mjeseci zatvora. \u010ci\u010dkovi\u0107 na objavu presude nije do\u0161la, a u kaznu \u0107e joj biti ura\u010dunat i 21 dan koji [&hellip;]","og_url":"https:\/\/radioljubuski.ba\/index.php\/2021\/07\/01\/vlasnica-doma-u-kojem-je-stradalo-sestero-ljudi-osudena-na-4-godine-i-sest-mjeseci-zatvora\/","og_site_name":"RADIO LJUBU\u0160KI","article_publisher":"https:\/\/www.facebook.com\/Radiio-Ljubuski-1490835324566332","article_published_time":"2021-07-01T11:20:40+00:00","og_image":[{"width":640,"height":640,"url":"https:\/\/radioljubuski.ba\/wp-content\/uploads\/2021\/07\/k_11625225_640.jpg","type":"image\/jpeg"}],"author":"Radio Ljubu\u0161ki","twitter_card":"summary_large_image","twitter_creator":"@radioljubuski","twitter_site":"@radioljubuski","twitter_misc":{"Napisao\/la":"Radio Ljubu\u0161ki","Procijenjeno vrijeme \u010ditanja":"2 minute"},"schema":{"@context":"https:\/\/schema.org","@graph":[{"@type":"Article","@id":"https:\/\/radioljubuski.ba\/index.php\/2021\/07\/01\/vlasnica-doma-u-kojem-je-stradalo-sestero-ljudi-osudena-na-4-godine-i-sest-mjeseci-zatvora\/#article","isPartOf":{"@id":"https:\/\/radioljubuski.ba\/index.php\/2021\/07\/01\/vlasnica-doma-u-kojem-je-stradalo-sestero-ljudi-osudena-na-4-godine-i-sest-mjeseci-zatvora\/"},"author":{"name":"Radio Ljubu\u0161ki","@id":"https:\/\/radioljubuski.ba\/#\/schema\/person\/19fc700381a780f69665d7956c469e3b"},"headline":"Vlasnica doma u kojem je stradalo \u0161estero ljudi osu\u0111ena na 4 godine i \u0161est mjeseci zatvora","datePublished":"2021-07-01T11:20:40+00:00","mainEntityOfPage":{"@id":"https:\/\/radioljubuski.ba\/index.php\/2021\/07\/01\/vlasnica-doma-u-kojem-je-stradalo-sestero-ljudi-osudena-na-4-godine-i-sest-mjeseci-zatvora\/"},"wordCount":488,"publisher":{"@id":"https:\/\/radioljubuski.ba\/#organization"},"image":{"@id":"https:\/\/radioljubuski.ba\/index.php\/2021\/07\/01\/vlasnica-doma-u-kojem-je-stradalo-sestero-ljudi-osudena-na-4-godine-i-sest-mjeseci-zatvora\/#primaryimage"},"thumbnailUrl":"https:\/\/radioljubuski.ba\/wp-content\/uploads\/2021\/07\/k_11625225_640.jpg","articleSection":["BIH i regija"],"inLanguage":"hr"},{"@type":"WebPage","@id":"https:\/\/radioljubuski.ba\/index.php\/2021\/07\/01\/vlasnica-doma-u-kojem-je-stradalo-sestero-ljudi-osudena-na-4-godine-i-sest-mjeseci-zatvora\/","url":"https:\/\/radioljubuski.ba\/index.php\/2021\/07\/01\/vlasnica-doma-u-kojem-je-stradalo-sestero-ljudi-osudena-na-4-godine-i-sest-mjeseci-zatvora\/","name":"Vlasnica doma u kojem je stradalo \u0161estero ljudi osu\u0111ena na 4 godine i \u0161est mjeseci zatvora - RADIO LJUBU\u0160KI","isPartOf":{"@id":"https:\/\/radioljubuski.ba\/#website"},"primaryImageOfPage":{"@id":"https:\/\/radioljubuski.ba\/index.php\/2021\/07\/01\/vlasnica-doma-u-kojem-je-stradalo-sestero-ljudi-osudena-na-4-godine-i-sest-mjeseci-zatvora\/#primaryimage"},"image":{"@id":"https:\/\/radioljubuski.ba\/index.php\/2021\/07\/01\/vlasnica-doma-u-kojem-je-stradalo-sestero-ljudi-osudena-na-4-godine-i-sest-mjeseci-zatvora\/#primaryimage"},"thumbnailUrl":"https:\/\/radioljubuski.ba\/wp-content\/uploads\/2021\/07\/k_11625225_640.jpg","datePublished":"2021-07-01T11:20:40+00:00","breadcrumb":{"@id":"https:\/\/radioljubuski.ba\/index.php\/2021\/07\/01\/vlasnica-doma-u-kojem-je-stradalo-sestero-ljudi-osudena-na-4-godine-i-sest-mjeseci-zatvora\/#breadcrumb"},"inLanguage":"hr","potentialAction":[{"@type":"ReadAction","target":["https:\/\/radioljubuski.ba\/index.php\/2021\/07\/01\/vlasnica-doma-u-kojem-je-stradalo-sestero-ljudi-osudena-na-4-godine-i-sest-mjeseci-zatvora\/"]}]},{"@type":"ImageObject","inLanguage":"hr","@id":"https:\/\/radioljubuski.ba\/index.php\/2021\/07\/01\/vlasnica-doma-u-kojem-je-stradalo-sestero-ljudi-osudena-na-4-godine-i-sest-mjeseci-zatvora\/#primaryimage","url":"https:\/\/radioljubuski.ba\/wp-content\/uploads\/2021\/07\/k_11625225_640.jpg","contentUrl":"https:\/\/radioljubuski.ba\/wp-content\/uploads\/2021\/07\/k_11625225_640.jpg","width":640,"height":640},{"@type":"BreadcrumbList","@id":"https:\/\/radioljubuski.ba\/index.php\/2021\/07\/01\/vlasnica-doma-u-kojem-je-stradalo-sestero-ljudi-osudena-na-4-godine-i-sest-mjeseci-zatvora\/#breadcrumb","itemListElement":[{"@type":"ListItem","position":1,"name":"Po\u010detna stranica","item":"https:\/\/radioljubuski.ba\/"},{"@type":"ListItem","position":2,"name":"Vlasnica doma u kojem je stradalo \u0161estero ljudi osu\u0111ena na 4 godine i \u0161est mjeseci zatvora"}]},{"@type":"WebSite","@id":"https:\/\/radioljubuski.ba\/#website","url":"https:\/\/radioljubuski.ba\/","name":"Radio Ljubu\u0161ki","description":"Sun\u010dana frekvencija Hercegovine","publisher":{"@id":"https:\/\/radioljubuski.ba\/#organization"},"potentialAction":[{"@type":"SearchAction","target":{"@type":"EntryPoint","urlTemplate":"https:\/\/radioljubuski.ba\/?s={search_term_string}"},"query-input":{"@type":"PropertyValueSpecification","valueRequired":true,"valueName":"search_term_string"}}],"inLanguage":"hr"},{"@type":"Organization","@id":"https:\/\/radioljubuski.ba\/#organization","name":"Radio Ljubu\u0161ki","url":"https:\/\/radioljubuski.ba\/","logo":{"@type":"ImageObject","inLanguage":"hr","@id":"https:\/\/radioljubuski.ba\/#\/schema\/logo\/image\/","url":"https:\/\/radioljubuski.ba\/wp-content\/uploads\/2021\/02\/cropped-Radio_Ljubuski_logo1.jpg","contentUrl":"https:\/\/radioljubuski.ba\/wp-content\/uploads\/2021\/02\/cropped-Radio_Ljubuski_logo1.jpg","width":512,"height":512,"caption":"Radio Ljubu\u0161ki"},"image":{"@id":"https:\/\/radioljubuski.ba\/#\/schema\/logo\/image\/"},"sameAs":["https:\/\/www.facebook.com\/Radiio-Ljubuski-1490835324566332","https:\/\/x.com\/radioljubuski","https:\/\/hr.linkedin.com\/company\/radio-ljubuski","https:\/\/www.youtube.com\/channel\/UCHYaeO_n0Db3tjNGudGpXyw"]},{"@type":"Person","@id":"https:\/\/radioljubuski.ba\/#\/schema\/person\/19fc700381a780f69665d7956c469e3b","name":"Radio Ljubu\u0161ki"}]}},"_links":{"self":[{"href":"https:\/\/radioljubuski.ba\/index.php\/wp-json\/wp\/v2\/posts\/37860","targetHints":{"allow":["GET"]}}],"collection":[{"href":"https:\/\/radioljubuski.ba\/index.php\/wp-json\/wp\/v2\/posts"}],"about":[{"href":"https:\/\/radioljubuski.ba\/index.php\/wp-json\/wp\/v2\/types\/post"}],"author":[{"embeddable":true,"href":"https:\/\/radioljubuski.ba\/index.php\/wp-json\/wp\/v2\/users\/2"}],"replies":[{"embeddable":true,"href":"https:\/\/radioljubuski.ba\/index.php\/wp-json\/wp\/v2\/comments?post=37860"}],"version-history":[{"count":1,"href":"https:\/\/radioljubuski.ba\/index.php\/wp-json\/wp\/v2\/posts\/37860\/revisions"}],"predecessor-version":[{"id":37862,"href":"https:\/\/radioljubuski.ba\/index.php\/wp-json\/wp\/v2\/posts\/37860\/revisions\/37862"}],"wp:featuredmedia":[{"embeddable":true,"href":"https:\/\/radioljubuski.ba\/index.php\/wp-json\/wp\/v2\/media\/37861"}],"wp:attachment":[{"href":"https:\/\/radioljubuski.ba\/index.php\/wp-json\/wp\/v2\/media?parent=37860"}],"wp:term":[{"taxonomy":"category","embeddable":true,"href":"https:\/\/radioljubuski.ba\/index.php\/wp-json\/wp\/v2\/categories?post=37860"},{"taxonomy":"post_tag","embeddable":true,"href":"https:\/\/radioljubuski.ba\/index.php\/wp-json\/wp\/v2\/tags?post=37860"}],"curies":[{"name":"wp","href":"https:\/\/api.w.org\/{rel}","templated":true}]}}