{"id":37863,"date":"2021-07-01T12:23:11","date_gmt":"2021-07-01T11:23:11","guid":{"rendered":"https:\/\/radioljubuski.ba\/?p=37863"},"modified":"2021-07-01T12:23:12","modified_gmt":"2021-07-01T11:23:12","slug":"predstavljeni-motivi-koji-ce-se-naci-na-kovanicama-hrvatskog-eura","status":"publish","type":"post","link":"https:\/\/radioljubuski.ba\/index.php\/2021\/07\/01\/predstavljeni-motivi-koji-ce-se-naci-na-kovanicama-hrvatskog-eura\/","title":{"rendered":"Predstavljeni motivi koji \u0107e se na\u0107i na kovanicama hrvatskog eura"},"content":{"rendered":"\n<p>Ulazak Hrvatske u europodru\u010dje donijet \u0107e niz prednosti gra\u0111anima i gospodarstvu, rekao je premijer <strong>Andrej Plenkovi\u0107<\/strong> danas u uvodnom govoru na devetoj sjednici Nacionalnog vije\u0107a za uvo\u0111enje eura kao slu\u017ebene valute u Republici Hrvatskoj, \u0161to bi se trebalo dogoditi 1. sije\u010dnja 2023. godine. Guverner HNB-a <strong>Boris Vuj\u010di\u0107<\/strong> rekao je kako u ovom trenutku razina potpore za ulazak Hrvatske u eurozonu visoka.&nbsp;<\/p>\n\n\n\n<p>Predlo\u017eeno je pet motiva nali\u010dja kovanice hrvatskog eura &#8211; hrvatska \u0161ahovnica, karta Hrvatske, kuna, glagoljica i Dubrovnik. Svaki motiv gra\u0111ani \u0107e u anketi na stranici euro.hr imati prilike ocijeniti na skali ocjena od jedan od pet (odnosno ocjenama u rasponu od &#8220;uop\u0107e mi se ne svi\u0111a&#8221; do &#8220;najvi\u0161e mi se svi\u0111a&#8221;), a mo\u0107i \u0107e predlo\u017eiti i jedan dodatni motiv u skladu s vlastitim stavom o tome koji bi motiv najbolje predstavljao Hrvatsku na nacionalnoj strani eurokovanica. Sudjelovanje gra\u0111ana u ovoj web-anketi zapo\u010det \u0107e 1. srpnja i trajat \u0107e do 15. srpnja.\u00a0<\/p>\n\n\n\n<div style=\"width: 640px;\" class=\"wp-video\"><video class=\"wp-video-shortcode\" id=\"video-37863-1\" width=\"640\" height=\"360\" preload=\"metadata\" controls=\"controls\"><source type=\"video\/mp4\" src=\"https:\/\/api.hrt.hr\/media\/e9\/aa\/tvd1-dpx-nsk-0107sub-20210701102632.mp4?_=1\" \/><a href=\"https:\/\/api.hrt.hr\/media\/e9\/aa\/tvd1-dpx-nsk-0107sub-20210701102632.mp4\">https:\/\/api.hrt.hr\/media\/e9\/aa\/tvd1-dpx-nsk-0107sub-20210701102632.mp4<\/a><\/video><\/div>\n\n\n\n<p>Plenkovi\u0107 je istaknuo kako je ulazak u europodru\u010dje obveza koju je Hrvatska preuzela pristupnim ugovorom. Naglasio je va\u017enost podr\u0161ke gra\u0111ana utemeljene na \u010dinjenicama.<\/p>\n\n\n\n<p>&#8211; Na\u0161e gospodarstvo je sna\u017eno integrirano u trgovinske i financijske tokove EU-a te je istodobno najeuriziranije gospodarstvo me\u0111u svim dr\u017eavama \u010dlanicama koje nisu u europodru\u010dju, rekao je Plenkovi\u0107.<\/p>\n\n\n\n<p>Plenkovi\u0107 je rekao kako \u0107e ulazak Hrvatske u europodru\u010dje donijeti niz prednosti gra\u0111anima i gospodarstvu &#8211; nestat \u0107e valutni rizik i mjenja\u010dki tro\u0161kovi, smanjit \u0107e se kamatne stope, potaknut \u0107e se strana ulaganja, pove\u0107ati mogu\u0107nost financiranja na tr\u017ei\u0161tu kapitala, kreditni rejting bi mogao porasti za dvije razine, olak\u0161at \u0107e se izvoz i dolazak turista iz europodru\u010dja&#8230;<\/p>\n\n\n\n<p>&#8211; Usporedbom kretanja pla\u0107a i cijena u novim dr\u017eavama-\u010dlanicama EU-a iz Srednje Europe u razdoblju od uvo\u0111enja eura do danas mo\u017ee se zaklju\u010diti da su se bruto pla\u0107e pove\u0107avale znatno vi\u0161e od razine cijena, \u0161to upu\u0107uje na to da je \u017eivotni standard gra\u0111ana u tim dr\u017eavama zamjetno porastao nakon uvo\u0111enja eura, rekao je Plenkovi\u0107.&nbsp;&nbsp;<\/p>\n\n\n\n<p>Ministar financija&nbsp;<strong>Zdravko Mari\u0107<\/strong>&nbsp;rekao je kako su u smislu spre\u010davanja pranja novca do sada provedene dvije od tri mjera, a ta tre\u0107a je kontinuirana pa \u0107e biti provo\u0111ena do kraja.&nbsp;<\/p>\n\n\n\n<p>&#8211; \u0160to se ti\u010de pobolj\u0161anja poslovnog okru\u017eenja, trenutno je provedeno 43 od 65 aktivnosti iz akcijskog plana za administrativno rastere\u0107enje gospodarstva te su provedene dvije od deset administrativnih procedura. Tako\u0111er su provedene i 34 od ukupno 50 mjera iz akcijskog plana za smanjenje neporeznih i parafiskalnih davanja, rekao je Mari\u0107, dodav\u0161i da se dr\u017ee internih rokova i svega onoga \u0161to su komunicirali prema europskim institucijama, te da sve \u010dine da bi ispunili bazni scenarij &#8211; ulazak u eurozonu i uvo\u0111enje eura s 1. sije\u010dnjem 2023. godine.<\/p>\n\n\n\n<p>Mari\u0107 je naveo i kako je Hrvatska ju\u010der na doma\u0107em tr\u017ei\u0161tu izdala obveznicu u ukupnom iznosu od 9 milijardi kuna uz kupon od sedam godina od 0,53 u prinosu, \u010dime \u0107e refinancirati obveznicu koja dolazi na dospije\u0107e za tjedan dana.<\/p>\n\n\n\n<p>Guverner HNB-a&nbsp;<strong>Boris Vuj\u010di\u0107<\/strong>&nbsp;rekao je kako u ovom trenutku razina potpore za ulazak Hrvatske u eurozonu visoka.<\/p>\n\n\n\n<p>&#8211; Mi moramo, naravno, raditi punom parom. Imamo samo 18 mjeseci, rekao je Vuj\u010di\u0107.<\/p>\n\n\n\n<p>Poru\u010dio je i da bismo svi mi trebali podr\u017eati \u0161to \u0161ire uklju\u010denje javnosti u postupak javnoga savjetovanja oko odabira hrvatskog motiva za euro.<\/p>\n\n\n\n<p>Izvor:hrt.hr<\/p>\n","protected":false},"excerpt":{"rendered":"<p>Ulazak Hrvatske u europodru\u010dje donijet \u0107e niz prednosti gra\u0111anima i gospodarstvu, rekao je premijer Andrej Plenkovi\u0107 danas u uvodnom govoru na devetoj sjednici Nacionalnog vije\u0107a za uvo\u0111enje eura kao slu\u017ebene valute u Republici Hrvatskoj, \u0161to bi se trebalo dogoditi 1. sije\u010dnja 2023. godine. Guverner HNB-a Boris Vuj\u010di\u0107 rekao je kako u ovom trenutku razina potpore [&hellip;]<\/p>\n","protected":false},"author":2,"featured_media":37864,"comment_status":"closed","ping_status":"closed","sticky":false,"template":"","format":"standard","meta":{"h5ap_radio_sources":[],"footnotes":""},"categories":[1],"tags":[],"class_list":["post-37863","post","type-post","status-publish","format-standard","has-post-thumbnail","hentry","category-bihiregija"],"yoast_head":"<!-- This site is optimized with the Yoast SEO plugin v27.5 - https:\/\/yoast.com\/product\/yoast-seo-wordpress\/ -->\n<title>Predstavljeni motivi koji \u0107e se na\u0107i na kovanicama hrvatskog eura - RADIO LJUBU\u0160KI<\/title>\n<meta name=\"robots\" content=\"index, follow, max-snippet:-1, max-image-preview:large, max-video-preview:-1\" \/>\n<link rel=\"canonical\" href=\"https:\/\/radioljubuski.ba\/index.php\/2021\/07\/01\/predstavljeni-motivi-koji-ce-se-naci-na-kovanicama-hrvatskog-eura\/\" \/>\n<meta property=\"og:locale\" content=\"hr_HR\" \/>\n<meta property=\"og:type\" content=\"article\" \/>\n<meta property=\"og:title\" content=\"Predstavljeni motivi koji \u0107e se na\u0107i na kovanicama hrvatskog eura - RADIO LJUBU\u0160KI\" \/>\n<meta property=\"og:description\" content=\"Ulazak Hrvatske u europodru\u010dje donijet \u0107e niz prednosti gra\u0111anima i gospodarstvu, rekao je premijer Andrej Plenkovi\u0107 danas u uvodnom govoru na devetoj sjednici Nacionalnog vije\u0107a za uvo\u0111enje eura kao slu\u017ebene valute u Republici Hrvatskoj, \u0161to bi se trebalo dogoditi 1. sije\u010dnja 2023. godine. Guverner HNB-a Boris Vuj\u010di\u0107 rekao je kako u ovom trenutku razina potpore [&hellip;]\" \/>\n<meta property=\"og:url\" content=\"https:\/\/radioljubuski.ba\/index.php\/2021\/07\/01\/predstavljeni-motivi-koji-ce-se-naci-na-kovanicama-hrvatskog-eura\/\" \/>\n<meta property=\"og:site_name\" content=\"RADIO LJUBU\u0160KI\" \/>\n<meta property=\"article:publisher\" content=\"https:\/\/www.facebook.com\/Radiio-Ljubuski-1490835324566332\" \/>\n<meta property=\"article:published_time\" content=\"2021-07-01T11:23:11+00:00\" \/>\n<meta property=\"article:modified_time\" content=\"2021-07-01T11:23:12+00:00\" \/>\n<meta property=\"og:image\" content=\"https:\/\/radioljubuski.ba\/wp-content\/uploads\/2021\/07\/zg1-nsk-sjednica-nacionalnog-vijeca-za-uvodjenje-eura-frame-57434-20210701081344.jpg\" \/>\n\t<meta property=\"og:image:width\" content=\"1920\" \/>\n\t<meta property=\"og:image:height\" content=\"1080\" \/>\n\t<meta property=\"og:image:type\" content=\"image\/jpeg\" \/>\n<meta name=\"author\" content=\"Radio Ljubu\u0161ki\" \/>\n<meta name=\"twitter:card\" content=\"summary_large_image\" \/>\n<meta name=\"twitter:creator\" content=\"@radioljubuski\" \/>\n<meta name=\"twitter:site\" content=\"@radioljubuski\" \/>\n<meta name=\"twitter:label1\" content=\"Napisao\/la\" \/>\n\t<meta name=\"twitter:data1\" content=\"Radio Ljubu\u0161ki\" \/>\n\t<meta name=\"twitter:label2\" content=\"Procijenjeno vrijeme \u010ditanja\" \/>\n\t<meta name=\"twitter:data2\" content=\"3 minute\" \/>\n<script type=\"application\/ld+json\" class=\"yoast-schema-graph\">{\"@context\":\"https:\\\/\\\/schema.org\",\"@graph\":[{\"@type\":\"Article\",\"@id\":\"https:\\\/\\\/radioljubuski.ba\\\/index.php\\\/2021\\\/07\\\/01\\\/predstavljeni-motivi-koji-ce-se-naci-na-kovanicama-hrvatskog-eura\\\/#article\",\"isPartOf\":{\"@id\":\"https:\\\/\\\/radioljubuski.ba\\\/index.php\\\/2021\\\/07\\\/01\\\/predstavljeni-motivi-koji-ce-se-naci-na-kovanicama-hrvatskog-eura\\\/\"},\"author\":{\"name\":\"Radio Ljubu\u0161ki\",\"@id\":\"https:\\\/\\\/radioljubuski.ba\\\/#\\\/schema\\\/person\\\/19fc700381a780f69665d7956c469e3b\"},\"headline\":\"Predstavljeni motivi koji \u0107e se na\u0107i na kovanicama hrvatskog eura\",\"datePublished\":\"2021-07-01T11:23:11+00:00\",\"dateModified\":\"2021-07-01T11:23:12+00:00\",\"mainEntityOfPage\":{\"@id\":\"https:\\\/\\\/radioljubuski.ba\\\/index.php\\\/2021\\\/07\\\/01\\\/predstavljeni-motivi-koji-ce-se-naci-na-kovanicama-hrvatskog-eura\\\/\"},\"wordCount\":618,\"publisher\":{\"@id\":\"https:\\\/\\\/radioljubuski.ba\\\/#organization\"},\"image\":{\"@id\":\"https:\\\/\\\/radioljubuski.ba\\\/index.php\\\/2021\\\/07\\\/01\\\/predstavljeni-motivi-koji-ce-se-naci-na-kovanicama-hrvatskog-eura\\\/#primaryimage\"},\"thumbnailUrl\":\"https:\\\/\\\/radioljubuski.ba\\\/wp-content\\\/uploads\\\/2021\\\/07\\\/zg1-nsk-sjednica-nacionalnog-vijeca-za-uvodjenje-eura-frame-57434-20210701081344.jpg\",\"articleSection\":[\"BIH i regija\"],\"inLanguage\":\"hr\"},{\"@type\":\"WebPage\",\"@id\":\"https:\\\/\\\/radioljubuski.ba\\\/index.php\\\/2021\\\/07\\\/01\\\/predstavljeni-motivi-koji-ce-se-naci-na-kovanicama-hrvatskog-eura\\\/\",\"url\":\"https:\\\/\\\/radioljubuski.ba\\\/index.php\\\/2021\\\/07\\\/01\\\/predstavljeni-motivi-koji-ce-se-naci-na-kovanicama-hrvatskog-eura\\\/\",\"name\":\"Predstavljeni motivi koji \u0107e se na\u0107i na kovanicama hrvatskog eura - RADIO LJUBU\u0160KI\",\"isPartOf\":{\"@id\":\"https:\\\/\\\/radioljubuski.ba\\\/#website\"},\"primaryImageOfPage\":{\"@id\":\"https:\\\/\\\/radioljubuski.ba\\\/index.php\\\/2021\\\/07\\\/01\\\/predstavljeni-motivi-koji-ce-se-naci-na-kovanicama-hrvatskog-eura\\\/#primaryimage\"},\"image\":{\"@id\":\"https:\\\/\\\/radioljubuski.ba\\\/index.php\\\/2021\\\/07\\\/01\\\/predstavljeni-motivi-koji-ce-se-naci-na-kovanicama-hrvatskog-eura\\\/#primaryimage\"},\"thumbnailUrl\":\"https:\\\/\\\/radioljubuski.ba\\\/wp-content\\\/uploads\\\/2021\\\/07\\\/zg1-nsk-sjednica-nacionalnog-vijeca-za-uvodjenje-eura-frame-57434-20210701081344.jpg\",\"datePublished\":\"2021-07-01T11:23:11+00:00\",\"dateModified\":\"2021-07-01T11:23:12+00:00\",\"breadcrumb\":{\"@id\":\"https:\\\/\\\/radioljubuski.ba\\\/index.php\\\/2021\\\/07\\\/01\\\/predstavljeni-motivi-koji-ce-se-naci-na-kovanicama-hrvatskog-eura\\\/#breadcrumb\"},\"inLanguage\":\"hr\",\"potentialAction\":[{\"@type\":\"ReadAction\",\"target\":[\"https:\\\/\\\/radioljubuski.ba\\\/index.php\\\/2021\\\/07\\\/01\\\/predstavljeni-motivi-koji-ce-se-naci-na-kovanicama-hrvatskog-eura\\\/\"]}]},{\"@type\":\"ImageObject\",\"inLanguage\":\"hr\",\"@id\":\"https:\\\/\\\/radioljubuski.ba\\\/index.php\\\/2021\\\/07\\\/01\\\/predstavljeni-motivi-koji-ce-se-naci-na-kovanicama-hrvatskog-eura\\\/#primaryimage\",\"url\":\"https:\\\/\\\/radioljubuski.ba\\\/wp-content\\\/uploads\\\/2021\\\/07\\\/zg1-nsk-sjednica-nacionalnog-vijeca-za-uvodjenje-eura-frame-57434-20210701081344.jpg\",\"contentUrl\":\"https:\\\/\\\/radioljubuski.ba\\\/wp-content\\\/uploads\\\/2021\\\/07\\\/zg1-nsk-sjednica-nacionalnog-vijeca-za-uvodjenje-eura-frame-57434-20210701081344.jpg\",\"width\":1920,\"height\":1080},{\"@type\":\"BreadcrumbList\",\"@id\":\"https:\\\/\\\/radioljubuski.ba\\\/index.php\\\/2021\\\/07\\\/01\\\/predstavljeni-motivi-koji-ce-se-naci-na-kovanicama-hrvatskog-eura\\\/#breadcrumb\",\"itemListElement\":[{\"@type\":\"ListItem\",\"position\":1,\"name\":\"Po\u010detna stranica\",\"item\":\"https:\\\/\\\/radioljubuski.ba\\\/\"},{\"@type\":\"ListItem\",\"position\":2,\"name\":\"Predstavljeni motivi koji \u0107e se na\u0107i na kovanicama hrvatskog eura\"}]},{\"@type\":\"WebSite\",\"@id\":\"https:\\\/\\\/radioljubuski.ba\\\/#website\",\"url\":\"https:\\\/\\\/radioljubuski.ba\\\/\",\"name\":\"Radio Ljubu\u0161ki\",\"description\":\"Sun\u010dana frekvencija Hercegovine\",\"publisher\":{\"@id\":\"https:\\\/\\\/radioljubuski.ba\\\/#organization\"},\"potentialAction\":[{\"@type\":\"SearchAction\",\"target\":{\"@type\":\"EntryPoint\",\"urlTemplate\":\"https:\\\/\\\/radioljubuski.ba\\\/?s={search_term_string}\"},\"query-input\":{\"@type\":\"PropertyValueSpecification\",\"valueRequired\":true,\"valueName\":\"search_term_string\"}}],\"inLanguage\":\"hr\"},{\"@type\":\"Organization\",\"@id\":\"https:\\\/\\\/radioljubuski.ba\\\/#organization\",\"name\":\"Radio Ljubu\u0161ki\",\"url\":\"https:\\\/\\\/radioljubuski.ba\\\/\",\"logo\":{\"@type\":\"ImageObject\",\"inLanguage\":\"hr\",\"@id\":\"https:\\\/\\\/radioljubuski.ba\\\/#\\\/schema\\\/logo\\\/image\\\/\",\"url\":\"https:\\\/\\\/radioljubuski.ba\\\/wp-content\\\/uploads\\\/2021\\\/02\\\/cropped-Radio_Ljubuski_logo1.jpg\",\"contentUrl\":\"https:\\\/\\\/radioljubuski.ba\\\/wp-content\\\/uploads\\\/2021\\\/02\\\/cropped-Radio_Ljubuski_logo1.jpg\",\"width\":512,\"height\":512,\"caption\":\"Radio Ljubu\u0161ki\"},\"image\":{\"@id\":\"https:\\\/\\\/radioljubuski.ba\\\/#\\\/schema\\\/logo\\\/image\\\/\"},\"sameAs\":[\"https:\\\/\\\/www.facebook.com\\\/Radiio-Ljubuski-1490835324566332\",\"https:\\\/\\\/x.com\\\/radioljubuski\",\"https:\\\/\\\/hr.linkedin.com\\\/company\\\/radio-ljubuski\",\"https:\\\/\\\/www.youtube.com\\\/channel\\\/UCHYaeO_n0Db3tjNGudGpXyw\"]},{\"@type\":\"Person\",\"@id\":\"https:\\\/\\\/radioljubuski.ba\\\/#\\\/schema\\\/person\\\/19fc700381a780f69665d7956c469e3b\",\"name\":\"Radio Ljubu\u0161ki\"}]}<\/script>\n<!-- \/ Yoast SEO plugin. -->","yoast_head_json":{"title":"Predstavljeni motivi koji \u0107e se na\u0107i na kovanicama hrvatskog eura - RADIO LJUBU\u0160KI","robots":{"index":"index","follow":"follow","max-snippet":"max-snippet:-1","max-image-preview":"max-image-preview:large","max-video-preview":"max-video-preview:-1"},"canonical":"https:\/\/radioljubuski.ba\/index.php\/2021\/07\/01\/predstavljeni-motivi-koji-ce-se-naci-na-kovanicama-hrvatskog-eura\/","og_locale":"hr_HR","og_type":"article","og_title":"Predstavljeni motivi koji \u0107e se na\u0107i na kovanicama hrvatskog eura - RADIO LJUBU\u0160KI","og_description":"Ulazak Hrvatske u europodru\u010dje donijet \u0107e niz prednosti gra\u0111anima i gospodarstvu, rekao je premijer Andrej Plenkovi\u0107 danas u uvodnom govoru na devetoj sjednici Nacionalnog vije\u0107a za uvo\u0111enje eura kao slu\u017ebene valute u Republici Hrvatskoj, \u0161to bi se trebalo dogoditi 1. sije\u010dnja 2023. godine. Guverner HNB-a Boris Vuj\u010di\u0107 rekao je kako u ovom trenutku razina potpore [&hellip;]","og_url":"https:\/\/radioljubuski.ba\/index.php\/2021\/07\/01\/predstavljeni-motivi-koji-ce-se-naci-na-kovanicama-hrvatskog-eura\/","og_site_name":"RADIO LJUBU\u0160KI","article_publisher":"https:\/\/www.facebook.com\/Radiio-Ljubuski-1490835324566332","article_published_time":"2021-07-01T11:23:11+00:00","article_modified_time":"2021-07-01T11:23:12+00:00","og_image":[{"width":1920,"height":1080,"url":"https:\/\/radioljubuski.ba\/wp-content\/uploads\/2021\/07\/zg1-nsk-sjednica-nacionalnog-vijeca-za-uvodjenje-eura-frame-57434-20210701081344.jpg","type":"image\/jpeg"}],"author":"Radio Ljubu\u0161ki","twitter_card":"summary_large_image","twitter_creator":"@radioljubuski","twitter_site":"@radioljubuski","twitter_misc":{"Napisao\/la":"Radio Ljubu\u0161ki","Procijenjeno vrijeme \u010ditanja":"3 minute"},"schema":{"@context":"https:\/\/schema.org","@graph":[{"@type":"Article","@id":"https:\/\/radioljubuski.ba\/index.php\/2021\/07\/01\/predstavljeni-motivi-koji-ce-se-naci-na-kovanicama-hrvatskog-eura\/#article","isPartOf":{"@id":"https:\/\/radioljubuski.ba\/index.php\/2021\/07\/01\/predstavljeni-motivi-koji-ce-se-naci-na-kovanicama-hrvatskog-eura\/"},"author":{"name":"Radio Ljubu\u0161ki","@id":"https:\/\/radioljubuski.ba\/#\/schema\/person\/19fc700381a780f69665d7956c469e3b"},"headline":"Predstavljeni motivi koji \u0107e se na\u0107i na kovanicama hrvatskog eura","datePublished":"2021-07-01T11:23:11+00:00","dateModified":"2021-07-01T11:23:12+00:00","mainEntityOfPage":{"@id":"https:\/\/radioljubuski.ba\/index.php\/2021\/07\/01\/predstavljeni-motivi-koji-ce-se-naci-na-kovanicama-hrvatskog-eura\/"},"wordCount":618,"publisher":{"@id":"https:\/\/radioljubuski.ba\/#organization"},"image":{"@id":"https:\/\/radioljubuski.ba\/index.php\/2021\/07\/01\/predstavljeni-motivi-koji-ce-se-naci-na-kovanicama-hrvatskog-eura\/#primaryimage"},"thumbnailUrl":"https:\/\/radioljubuski.ba\/wp-content\/uploads\/2021\/07\/zg1-nsk-sjednica-nacionalnog-vijeca-za-uvodjenje-eura-frame-57434-20210701081344.jpg","articleSection":["BIH i regija"],"inLanguage":"hr"},{"@type":"WebPage","@id":"https:\/\/radioljubuski.ba\/index.php\/2021\/07\/01\/predstavljeni-motivi-koji-ce-se-naci-na-kovanicama-hrvatskog-eura\/","url":"https:\/\/radioljubuski.ba\/index.php\/2021\/07\/01\/predstavljeni-motivi-koji-ce-se-naci-na-kovanicama-hrvatskog-eura\/","name":"Predstavljeni motivi koji \u0107e se na\u0107i na kovanicama hrvatskog eura - RADIO LJUBU\u0160KI","isPartOf":{"@id":"https:\/\/radioljubuski.ba\/#website"},"primaryImageOfPage":{"@id":"https:\/\/radioljubuski.ba\/index.php\/2021\/07\/01\/predstavljeni-motivi-koji-ce-se-naci-na-kovanicama-hrvatskog-eura\/#primaryimage"},"image":{"@id":"https:\/\/radioljubuski.ba\/index.php\/2021\/07\/01\/predstavljeni-motivi-koji-ce-se-naci-na-kovanicama-hrvatskog-eura\/#primaryimage"},"thumbnailUrl":"https:\/\/radioljubuski.ba\/wp-content\/uploads\/2021\/07\/zg1-nsk-sjednica-nacionalnog-vijeca-za-uvodjenje-eura-frame-57434-20210701081344.jpg","datePublished":"2021-07-01T11:23:11+00:00","dateModified":"2021-07-01T11:23:12+00:00","breadcrumb":{"@id":"https:\/\/radioljubuski.ba\/index.php\/2021\/07\/01\/predstavljeni-motivi-koji-ce-se-naci-na-kovanicama-hrvatskog-eura\/#breadcrumb"},"inLanguage":"hr","potentialAction":[{"@type":"ReadAction","target":["https:\/\/radioljubuski.ba\/index.php\/2021\/07\/01\/predstavljeni-motivi-koji-ce-se-naci-na-kovanicama-hrvatskog-eura\/"]}]},{"@type":"ImageObject","inLanguage":"hr","@id":"https:\/\/radioljubuski.ba\/index.php\/2021\/07\/01\/predstavljeni-motivi-koji-ce-se-naci-na-kovanicama-hrvatskog-eura\/#primaryimage","url":"https:\/\/radioljubuski.ba\/wp-content\/uploads\/2021\/07\/zg1-nsk-sjednica-nacionalnog-vijeca-za-uvodjenje-eura-frame-57434-20210701081344.jpg","contentUrl":"https:\/\/radioljubuski.ba\/wp-content\/uploads\/2021\/07\/zg1-nsk-sjednica-nacionalnog-vijeca-za-uvodjenje-eura-frame-57434-20210701081344.jpg","width":1920,"height":1080},{"@type":"BreadcrumbList","@id":"https:\/\/radioljubuski.ba\/index.php\/2021\/07\/01\/predstavljeni-motivi-koji-ce-se-naci-na-kovanicama-hrvatskog-eura\/#breadcrumb","itemListElement":[{"@type":"ListItem","position":1,"name":"Po\u010detna stranica","item":"https:\/\/radioljubuski.ba\/"},{"@type":"ListItem","position":2,"name":"Predstavljeni motivi koji \u0107e se na\u0107i na kovanicama hrvatskog eura"}]},{"@type":"WebSite","@id":"https:\/\/radioljubuski.ba\/#website","url":"https:\/\/radioljubuski.ba\/","name":"Radio Ljubu\u0161ki","description":"Sun\u010dana frekvencija Hercegovine","publisher":{"@id":"https:\/\/radioljubuski.ba\/#organization"},"potentialAction":[{"@type":"SearchAction","target":{"@type":"EntryPoint","urlTemplate":"https:\/\/radioljubuski.ba\/?s={search_term_string}"},"query-input":{"@type":"PropertyValueSpecification","valueRequired":true,"valueName":"search_term_string"}}],"inLanguage":"hr"},{"@type":"Organization","@id":"https:\/\/radioljubuski.ba\/#organization","name":"Radio Ljubu\u0161ki","url":"https:\/\/radioljubuski.ba\/","logo":{"@type":"ImageObject","inLanguage":"hr","@id":"https:\/\/radioljubuski.ba\/#\/schema\/logo\/image\/","url":"https:\/\/radioljubuski.ba\/wp-content\/uploads\/2021\/02\/cropped-Radio_Ljubuski_logo1.jpg","contentUrl":"https:\/\/radioljubuski.ba\/wp-content\/uploads\/2021\/02\/cropped-Radio_Ljubuski_logo1.jpg","width":512,"height":512,"caption":"Radio Ljubu\u0161ki"},"image":{"@id":"https:\/\/radioljubuski.ba\/#\/schema\/logo\/image\/"},"sameAs":["https:\/\/www.facebook.com\/Radiio-Ljubuski-1490835324566332","https:\/\/x.com\/radioljubuski","https:\/\/hr.linkedin.com\/company\/radio-ljubuski","https:\/\/www.youtube.com\/channel\/UCHYaeO_n0Db3tjNGudGpXyw"]},{"@type":"Person","@id":"https:\/\/radioljubuski.ba\/#\/schema\/person\/19fc700381a780f69665d7956c469e3b","name":"Radio Ljubu\u0161ki"}]}},"_links":{"self":[{"href":"https:\/\/radioljubuski.ba\/index.php\/wp-json\/wp\/v2\/posts\/37863","targetHints":{"allow":["GET"]}}],"collection":[{"href":"https:\/\/radioljubuski.ba\/index.php\/wp-json\/wp\/v2\/posts"}],"about":[{"href":"https:\/\/radioljubuski.ba\/index.php\/wp-json\/wp\/v2\/types\/post"}],"author":[{"embeddable":true,"href":"https:\/\/radioljubuski.ba\/index.php\/wp-json\/wp\/v2\/users\/2"}],"replies":[{"embeddable":true,"href":"https:\/\/radioljubuski.ba\/index.php\/wp-json\/wp\/v2\/comments?post=37863"}],"version-history":[{"count":1,"href":"https:\/\/radioljubuski.ba\/index.php\/wp-json\/wp\/v2\/posts\/37863\/revisions"}],"predecessor-version":[{"id":37865,"href":"https:\/\/radioljubuski.ba\/index.php\/wp-json\/wp\/v2\/posts\/37863\/revisions\/37865"}],"wp:featuredmedia":[{"embeddable":true,"href":"https:\/\/radioljubuski.ba\/index.php\/wp-json\/wp\/v2\/media\/37864"}],"wp:attachment":[{"href":"https:\/\/radioljubuski.ba\/index.php\/wp-json\/wp\/v2\/media?parent=37863"}],"wp:term":[{"taxonomy":"category","embeddable":true,"href":"https:\/\/radioljubuski.ba\/index.php\/wp-json\/wp\/v2\/categories?post=37863"},{"taxonomy":"post_tag","embeddable":true,"href":"https:\/\/radioljubuski.ba\/index.php\/wp-json\/wp\/v2\/tags?post=37863"}],"curies":[{"name":"wp","href":"https:\/\/api.w.org\/{rel}","templated":true}]}}