{"id":37875,"date":"2021-07-01T21:19:39","date_gmt":"2021-07-01T20:19:39","guid":{"rendered":"https:\/\/radioljubuski.ba\/?p=37875"},"modified":"2021-07-01T21:19:40","modified_gmt":"2021-07-01T20:19:40","slug":"vatikan-ugasio-katolicki-pokret-u-italiji-utvrdeno-je-da-objave-koje-je-primila-utemeljiteljica-nisu-nadnaravnog-porijekla","status":"publish","type":"post","link":"https:\/\/radioljubuski.ba\/index.php\/2021\/07\/01\/vatikan-ugasio-katolicki-pokret-u-italiji-utvrdeno-je-da-objave-koje-je-primila-utemeljiteljica-nisu-nadnaravnog-porijekla\/","title":{"rendered":"Vatikan ugasio katoli\u010dki pokret u Italiji, utvr\u0111eno je da \u2018objave\u2019 koje je primila utemeljiteljica nisu nadnaravnog porijekla"},"content":{"rendered":"\n<p>Vatikan je ugasio dva katoli\u010dka udru\u017eenja u Italiji nastala iz zajedni\u010dkog pokreta, nakon \u0161to je utvr\u0111eno da navodne nadnaravne objave koje je dobila njihova utemeljiteljica nisu autenti\u010dne, prenosi CNA.<\/p>\n\n\n\n<p>Kongregacija za nauk vjere naredila je apostolsku vizitaciju udru\u017eenjima Movimento Apostolico i Maria Madre della Redenzione pro\u0161le godine nakon \u0161to je zaprimila brojne prigovore na na\u010din njihovog vo\u0111enja i \u201cduboke podjele\u201d me\u0111u \u010dlanovima.<\/p>\n\n\n\n<p>Kao rezultat analize doga\u0111anja Kongregacija za nauk vjere je zajedno s Kongregacijom za kler i Dikasterijem za laike, obitelj i \u017eivot ugasila spomenuta udru\u017eenja dekretom od 10. lipnja kojeg je odobrio papa Franjo.<\/p>\n\n\n\n<p>Movimento Apostolico osnovan je 1979. u nadbiskupiji Catanzaro-Squillace, na temelju navodnih nadnaravnih objava danih Mariji Marino.<\/p>\n\n\n\n<p>Pokret je dobio formalno odobrenje kao privatno udru\u017eenje vjernika 2001. godine. S njime povezano javno udru\u017eenje vjernika, Maria Madre della Redenzione, utemeljeno je kasnije i odobreno od strane lokalne Crkve 2011. godine.<\/p>\n\n\n\n<p>Movimento Apostolico se pro\u0161irio Italijom, a posao je prisutan i u \u0160vicarskoj, Njema\u010dkoj, Republici Kongo, Kamerunu, Madagaskaru, Indiji, Beninu i Ekvadoru.<\/p>\n\n\n\n<p>Vatikan je u svojem dekretu od 10. lipnja naveo kako \u201cnema elemenata koji bi se pripisali nadnaravnom porijeklu u navodnom fenomenu iz kojeg je pokret nastao, te se, \u0161tovi\u0161e, mo\u017ee do\u0107i do moralne sigurnosti da je rije\u010d o osobnim iskustvima osniva\u010dice \u010diji se izvor ne mo\u017ee na\u0107i u nadnaravnom djelovanju\u201d.<\/p>\n\n\n\n<p>U svojem je pismu Vatikan spomenuo i ozbiljne podjele u nadbiskupiji Catanzaro-Squillace, posebice me\u0111u sve\u0107enicima koje su izazvane aktivnostima pokreta Movimento Apostolico.<\/p>\n\n\n\n<p>Navedeno je i kako osniva\u010dka karizma nije originalna, te da su tekstovi, formacija i propovijedanje unutar pokreta obilje\u017eeni \u201cdoktrinarnom povr\u0161no\u0161\u0107u\u201d.<\/p>\n\n\n\n<p>Prema tekstu dekreta, vizitacija je uo\u010dila i institucionalne manjkavosti, posebice po pitanju vo\u0111enja i upravljanja financijama. Utvr\u0111ena je \u201cprisutnost praksi koje \u0161tete potrebnom razdvajanju izme\u0111u podru\u010dja upravljanja udru\u017eenjem i podru\u010dja savjesti njegovih \u010dlanova\u201d.<\/p>\n\n\n\n<p>Apostolska vizitacija je provedena izme\u0111u listopada 2020. i travnja 2021. godine od strane umirovljenog nadbiskupa Ignazija Sanne i dvojice profesora emeritusa Lateranskog sveu\u010dili\u0161ta: moralnog teologa vl\u010d. Maura Cozzolija i kanonskog odvjetnika vl\u010d. Agostina Montane.<\/p>\n\n\n\n<p>Nadbiskup Catanzaro-Squillace Vincenzo Bertolone objavio je odluku Vatikana 29. lipnja na blagdan svetog Petra i Pavla.<\/p>\n\n\n\n<p>Nakon \u0161to je pro\u010ditao tekst dekreta, nadbiskup je dao osobno razmi\u0161ljanje u kojem je pozvao sve da prihvate odluku Svete Stolice \u201cu duhu vjere i poslu\u0161nosti\u201d.<\/p>\n\n\n\n<p>Bertolone je kazao kako \u201cdobro koje su u\u010dinili mnogi poklonici duhovnosti Movimenta Apostolica ne\u0107e propasti: mnogi ljudi privedeni su bli\u017ee kr\u0161\u0107anskom \u017eivotu i vjeri, mnogi duhovni pozivi su otkriveni i o\u010duvani, mnogi su aktivno prisutni u vo\u0111enju \u017eupnih aktivnosti\u201d.<\/p>\n\n\n\n<p>Potaknuo je one koji su povezani s uga\u0161enim pokretom da ostanu blizu Crkvi, navev\u0161i kako \u201csvaki autenti\u010dni katolik ima osje\u0107aj nje\u017ene pobo\u017enosti prema Crkvi\u201d.<\/p>\n\n\n\n<p>\u201cSvaki pravi katolik govori sa svetim Ciprijanom i svetim Augustinom: \u2018Nitko ne mo\u017ee imati Boga za Oca, ako nema Crkvu za Majku\u2019\u201d, rekao je Bertolone.<\/p>\n\n\n\n<p>Izvor:bitno.net<\/p>\n","protected":false},"excerpt":{"rendered":"<p>Vatikan je ugasio dva katoli\u010dka udru\u017eenja u Italiji nastala iz zajedni\u010dkog pokreta, nakon \u0161to je utvr\u0111eno da navodne nadnaravne objave koje je dobila njihova utemeljiteljica nisu autenti\u010dne, prenosi CNA. Kongregacija za nauk vjere naredila je apostolsku vizitaciju udru\u017eenjima Movimento Apostolico i Maria Madre della Redenzione pro\u0161le godine nakon \u0161to je zaprimila brojne prigovore na na\u010din [&hellip;]<\/p>\n","protected":false},"author":2,"featured_media":37876,"comment_status":"closed","ping_status":"closed","sticky":false,"template":"","format":"standard","meta":{"h5ap_radio_sources":[],"footnotes":""},"categories":[1],"tags":[],"class_list":["post-37875","post","type-post","status-publish","format-standard","has-post-thumbnail","hentry","category-bihiregija"],"yoast_head":"<!-- This site is optimized with the Yoast SEO plugin v27.5 - https:\/\/yoast.com\/product\/yoast-seo-wordpress\/ -->\n<title>Vatikan ugasio katoli\u010dki pokret u Italiji, utvr\u0111eno je da \u2018objave\u2019 koje je primila utemeljiteljica nisu nadnaravnog porijekla - RADIO LJUBU\u0160KI<\/title>\n<meta name=\"robots\" content=\"index, follow, max-snippet:-1, max-image-preview:large, max-video-preview:-1\" \/>\n<link rel=\"canonical\" href=\"https:\/\/radioljubuski.ba\/index.php\/2021\/07\/01\/vatikan-ugasio-katolicki-pokret-u-italiji-utvrdeno-je-da-objave-koje-je-primila-utemeljiteljica-nisu-nadnaravnog-porijekla\/\" \/>\n<meta property=\"og:locale\" content=\"hr_HR\" \/>\n<meta property=\"og:type\" content=\"article\" \/>\n<meta property=\"og:title\" content=\"Vatikan ugasio katoli\u010dki pokret u Italiji, utvr\u0111eno je da \u2018objave\u2019 koje je primila utemeljiteljica nisu nadnaravnog porijekla - RADIO LJUBU\u0160KI\" \/>\n<meta property=\"og:description\" content=\"Vatikan je ugasio dva katoli\u010dka udru\u017eenja u Italiji nastala iz zajedni\u010dkog pokreta, nakon \u0161to je utvr\u0111eno da navodne nadnaravne objave koje je dobila njihova utemeljiteljica nisu autenti\u010dne, prenosi CNA. Kongregacija za nauk vjere naredila je apostolsku vizitaciju udru\u017eenjima Movimento Apostolico i Maria Madre della Redenzione pro\u0161le godine nakon \u0161to je zaprimila brojne prigovore na na\u010din [&hellip;]\" \/>\n<meta property=\"og:url\" content=\"https:\/\/radioljubuski.ba\/index.php\/2021\/07\/01\/vatikan-ugasio-katolicki-pokret-u-italiji-utvrdeno-je-da-objave-koje-je-primila-utemeljiteljica-nisu-nadnaravnog-porijekla\/\" \/>\n<meta property=\"og:site_name\" content=\"RADIO LJUBU\u0160KI\" \/>\n<meta property=\"article:publisher\" content=\"https:\/\/www.facebook.com\/Radiio-Ljubuski-1490835324566332\" \/>\n<meta property=\"article:published_time\" content=\"2021-07-01T20:19:39+00:00\" \/>\n<meta property=\"article:modified_time\" content=\"2021-07-01T20:19:40+00:00\" \/>\n<meta property=\"og:image\" content=\"https:\/\/radioljubuski.ba\/wp-content\/uploads\/2021\/07\/7-2021-07-01-19-24-35-02103919.jpg\" \/>\n\t<meta property=\"og:image:width\" content=\"1000\" \/>\n\t<meta property=\"og:image:height\" content=\"625\" \/>\n\t<meta property=\"og:image:type\" content=\"image\/jpeg\" \/>\n<meta name=\"author\" content=\"Radio Ljubu\u0161ki\" \/>\n<meta name=\"twitter:card\" content=\"summary_large_image\" \/>\n<meta name=\"twitter:creator\" content=\"@radioljubuski\" \/>\n<meta name=\"twitter:site\" content=\"@radioljubuski\" \/>\n<meta name=\"twitter:label1\" content=\"Napisao\/la\" \/>\n\t<meta name=\"twitter:data1\" content=\"Radio Ljubu\u0161ki\" \/>\n\t<meta name=\"twitter:label2\" content=\"Procijenjeno vrijeme \u010ditanja\" \/>\n\t<meta name=\"twitter:data2\" content=\"2 minute\" \/>\n<script type=\"application\/ld+json\" class=\"yoast-schema-graph\">{\"@context\":\"https:\\\/\\\/schema.org\",\"@graph\":[{\"@type\":\"Article\",\"@id\":\"https:\\\/\\\/radioljubuski.ba\\\/index.php\\\/2021\\\/07\\\/01\\\/vatikan-ugasio-katolicki-pokret-u-italiji-utvrdeno-je-da-objave-koje-je-primila-utemeljiteljica-nisu-nadnaravnog-porijekla\\\/#article\",\"isPartOf\":{\"@id\":\"https:\\\/\\\/radioljubuski.ba\\\/index.php\\\/2021\\\/07\\\/01\\\/vatikan-ugasio-katolicki-pokret-u-italiji-utvrdeno-je-da-objave-koje-je-primila-utemeljiteljica-nisu-nadnaravnog-porijekla\\\/\"},\"author\":{\"name\":\"Radio Ljubu\u0161ki\",\"@id\":\"https:\\\/\\\/radioljubuski.ba\\\/#\\\/schema\\\/person\\\/19fc700381a780f69665d7956c469e3b\"},\"headline\":\"Vatikan ugasio katoli\u010dki pokret u Italiji, utvr\u0111eno je da \u2018objave\u2019 koje je primila utemeljiteljica nisu nadnaravnog porijekla\",\"datePublished\":\"2021-07-01T20:19:39+00:00\",\"dateModified\":\"2021-07-01T20:19:40+00:00\",\"mainEntityOfPage\":{\"@id\":\"https:\\\/\\\/radioljubuski.ba\\\/index.php\\\/2021\\\/07\\\/01\\\/vatikan-ugasio-katolicki-pokret-u-italiji-utvrdeno-je-da-objave-koje-je-primila-utemeljiteljica-nisu-nadnaravnog-porijekla\\\/\"},\"wordCount\":521,\"publisher\":{\"@id\":\"https:\\\/\\\/radioljubuski.ba\\\/#organization\"},\"image\":{\"@id\":\"https:\\\/\\\/radioljubuski.ba\\\/index.php\\\/2021\\\/07\\\/01\\\/vatikan-ugasio-katolicki-pokret-u-italiji-utvrdeno-je-da-objave-koje-je-primila-utemeljiteljica-nisu-nadnaravnog-porijekla\\\/#primaryimage\"},\"thumbnailUrl\":\"https:\\\/\\\/radioljubuski.ba\\\/wp-content\\\/uploads\\\/2021\\\/07\\\/7-2021-07-01-19-24-35-02103919.jpg\",\"articleSection\":[\"BIH i regija\"],\"inLanguage\":\"hr\"},{\"@type\":\"WebPage\",\"@id\":\"https:\\\/\\\/radioljubuski.ba\\\/index.php\\\/2021\\\/07\\\/01\\\/vatikan-ugasio-katolicki-pokret-u-italiji-utvrdeno-je-da-objave-koje-je-primila-utemeljiteljica-nisu-nadnaravnog-porijekla\\\/\",\"url\":\"https:\\\/\\\/radioljubuski.ba\\\/index.php\\\/2021\\\/07\\\/01\\\/vatikan-ugasio-katolicki-pokret-u-italiji-utvrdeno-je-da-objave-koje-je-primila-utemeljiteljica-nisu-nadnaravnog-porijekla\\\/\",\"name\":\"Vatikan ugasio katoli\u010dki pokret u Italiji, utvr\u0111eno je da \u2018objave\u2019 koje je primila utemeljiteljica nisu nadnaravnog porijekla - RADIO LJUBU\u0160KI\",\"isPartOf\":{\"@id\":\"https:\\\/\\\/radioljubuski.ba\\\/#website\"},\"primaryImageOfPage\":{\"@id\":\"https:\\\/\\\/radioljubuski.ba\\\/index.php\\\/2021\\\/07\\\/01\\\/vatikan-ugasio-katolicki-pokret-u-italiji-utvrdeno-je-da-objave-koje-je-primila-utemeljiteljica-nisu-nadnaravnog-porijekla\\\/#primaryimage\"},\"image\":{\"@id\":\"https:\\\/\\\/radioljubuski.ba\\\/index.php\\\/2021\\\/07\\\/01\\\/vatikan-ugasio-katolicki-pokret-u-italiji-utvrdeno-je-da-objave-koje-je-primila-utemeljiteljica-nisu-nadnaravnog-porijekla\\\/#primaryimage\"},\"thumbnailUrl\":\"https:\\\/\\\/radioljubuski.ba\\\/wp-content\\\/uploads\\\/2021\\\/07\\\/7-2021-07-01-19-24-35-02103919.jpg\",\"datePublished\":\"2021-07-01T20:19:39+00:00\",\"dateModified\":\"2021-07-01T20:19:40+00:00\",\"breadcrumb\":{\"@id\":\"https:\\\/\\\/radioljubuski.ba\\\/index.php\\\/2021\\\/07\\\/01\\\/vatikan-ugasio-katolicki-pokret-u-italiji-utvrdeno-je-da-objave-koje-je-primila-utemeljiteljica-nisu-nadnaravnog-porijekla\\\/#breadcrumb\"},\"inLanguage\":\"hr\",\"potentialAction\":[{\"@type\":\"ReadAction\",\"target\":[\"https:\\\/\\\/radioljubuski.ba\\\/index.php\\\/2021\\\/07\\\/01\\\/vatikan-ugasio-katolicki-pokret-u-italiji-utvrdeno-je-da-objave-koje-je-primila-utemeljiteljica-nisu-nadnaravnog-porijekla\\\/\"]}]},{\"@type\":\"ImageObject\",\"inLanguage\":\"hr\",\"@id\":\"https:\\\/\\\/radioljubuski.ba\\\/index.php\\\/2021\\\/07\\\/01\\\/vatikan-ugasio-katolicki-pokret-u-italiji-utvrdeno-je-da-objave-koje-je-primila-utemeljiteljica-nisu-nadnaravnog-porijekla\\\/#primaryimage\",\"url\":\"https:\\\/\\\/radioljubuski.ba\\\/wp-content\\\/uploads\\\/2021\\\/07\\\/7-2021-07-01-19-24-35-02103919.jpg\",\"contentUrl\":\"https:\\\/\\\/radioljubuski.ba\\\/wp-content\\\/uploads\\\/2021\\\/07\\\/7-2021-07-01-19-24-35-02103919.jpg\",\"width\":1000,\"height\":625},{\"@type\":\"BreadcrumbList\",\"@id\":\"https:\\\/\\\/radioljubuski.ba\\\/index.php\\\/2021\\\/07\\\/01\\\/vatikan-ugasio-katolicki-pokret-u-italiji-utvrdeno-je-da-objave-koje-je-primila-utemeljiteljica-nisu-nadnaravnog-porijekla\\\/#breadcrumb\",\"itemListElement\":[{\"@type\":\"ListItem\",\"position\":1,\"name\":\"Po\u010detna stranica\",\"item\":\"https:\\\/\\\/radioljubuski.ba\\\/\"},{\"@type\":\"ListItem\",\"position\":2,\"name\":\"Vatikan ugasio katoli\u010dki pokret u Italiji, utvr\u0111eno je da \u2018objave\u2019 koje je primila utemeljiteljica nisu nadnaravnog porijekla\"}]},{\"@type\":\"WebSite\",\"@id\":\"https:\\\/\\\/radioljubuski.ba\\\/#website\",\"url\":\"https:\\\/\\\/radioljubuski.ba\\\/\",\"name\":\"Radio Ljubu\u0161ki\",\"description\":\"Sun\u010dana frekvencija Hercegovine\",\"publisher\":{\"@id\":\"https:\\\/\\\/radioljubuski.ba\\\/#organization\"},\"potentialAction\":[{\"@type\":\"SearchAction\",\"target\":{\"@type\":\"EntryPoint\",\"urlTemplate\":\"https:\\\/\\\/radioljubuski.ba\\\/?s={search_term_string}\"},\"query-input\":{\"@type\":\"PropertyValueSpecification\",\"valueRequired\":true,\"valueName\":\"search_term_string\"}}],\"inLanguage\":\"hr\"},{\"@type\":\"Organization\",\"@id\":\"https:\\\/\\\/radioljubuski.ba\\\/#organization\",\"name\":\"Radio Ljubu\u0161ki\",\"url\":\"https:\\\/\\\/radioljubuski.ba\\\/\",\"logo\":{\"@type\":\"ImageObject\",\"inLanguage\":\"hr\",\"@id\":\"https:\\\/\\\/radioljubuski.ba\\\/#\\\/schema\\\/logo\\\/image\\\/\",\"url\":\"https:\\\/\\\/radioljubuski.ba\\\/wp-content\\\/uploads\\\/2021\\\/02\\\/cropped-Radio_Ljubuski_logo1.jpg\",\"contentUrl\":\"https:\\\/\\\/radioljubuski.ba\\\/wp-content\\\/uploads\\\/2021\\\/02\\\/cropped-Radio_Ljubuski_logo1.jpg\",\"width\":512,\"height\":512,\"caption\":\"Radio Ljubu\u0161ki\"},\"image\":{\"@id\":\"https:\\\/\\\/radioljubuski.ba\\\/#\\\/schema\\\/logo\\\/image\\\/\"},\"sameAs\":[\"https:\\\/\\\/www.facebook.com\\\/Radiio-Ljubuski-1490835324566332\",\"https:\\\/\\\/x.com\\\/radioljubuski\",\"https:\\\/\\\/hr.linkedin.com\\\/company\\\/radio-ljubuski\",\"https:\\\/\\\/www.youtube.com\\\/channel\\\/UCHYaeO_n0Db3tjNGudGpXyw\"]},{\"@type\":\"Person\",\"@id\":\"https:\\\/\\\/radioljubuski.ba\\\/#\\\/schema\\\/person\\\/19fc700381a780f69665d7956c469e3b\",\"name\":\"Radio Ljubu\u0161ki\"}]}<\/script>\n<!-- \/ Yoast SEO plugin. -->","yoast_head_json":{"title":"Vatikan ugasio katoli\u010dki pokret u Italiji, utvr\u0111eno je da \u2018objave\u2019 koje je primila utemeljiteljica nisu nadnaravnog porijekla - RADIO LJUBU\u0160KI","robots":{"index":"index","follow":"follow","max-snippet":"max-snippet:-1","max-image-preview":"max-image-preview:large","max-video-preview":"max-video-preview:-1"},"canonical":"https:\/\/radioljubuski.ba\/index.php\/2021\/07\/01\/vatikan-ugasio-katolicki-pokret-u-italiji-utvrdeno-je-da-objave-koje-je-primila-utemeljiteljica-nisu-nadnaravnog-porijekla\/","og_locale":"hr_HR","og_type":"article","og_title":"Vatikan ugasio katoli\u010dki pokret u Italiji, utvr\u0111eno je da \u2018objave\u2019 koje je primila utemeljiteljica nisu nadnaravnog porijekla - RADIO LJUBU\u0160KI","og_description":"Vatikan je ugasio dva katoli\u010dka udru\u017eenja u Italiji nastala iz zajedni\u010dkog pokreta, nakon \u0161to je utvr\u0111eno da navodne nadnaravne objave koje je dobila njihova utemeljiteljica nisu autenti\u010dne, prenosi CNA. Kongregacija za nauk vjere naredila je apostolsku vizitaciju udru\u017eenjima Movimento Apostolico i Maria Madre della Redenzione pro\u0161le godine nakon \u0161to je zaprimila brojne prigovore na na\u010din [&hellip;]","og_url":"https:\/\/radioljubuski.ba\/index.php\/2021\/07\/01\/vatikan-ugasio-katolicki-pokret-u-italiji-utvrdeno-je-da-objave-koje-je-primila-utemeljiteljica-nisu-nadnaravnog-porijekla\/","og_site_name":"RADIO LJUBU\u0160KI","article_publisher":"https:\/\/www.facebook.com\/Radiio-Ljubuski-1490835324566332","article_published_time":"2021-07-01T20:19:39+00:00","article_modified_time":"2021-07-01T20:19:40+00:00","og_image":[{"width":1000,"height":625,"url":"https:\/\/radioljubuski.ba\/wp-content\/uploads\/2021\/07\/7-2021-07-01-19-24-35-02103919.jpg","type":"image\/jpeg"}],"author":"Radio Ljubu\u0161ki","twitter_card":"summary_large_image","twitter_creator":"@radioljubuski","twitter_site":"@radioljubuski","twitter_misc":{"Napisao\/la":"Radio Ljubu\u0161ki","Procijenjeno vrijeme \u010ditanja":"2 minute"},"schema":{"@context":"https:\/\/schema.org","@graph":[{"@type":"Article","@id":"https:\/\/radioljubuski.ba\/index.php\/2021\/07\/01\/vatikan-ugasio-katolicki-pokret-u-italiji-utvrdeno-je-da-objave-koje-je-primila-utemeljiteljica-nisu-nadnaravnog-porijekla\/#article","isPartOf":{"@id":"https:\/\/radioljubuski.ba\/index.php\/2021\/07\/01\/vatikan-ugasio-katolicki-pokret-u-italiji-utvrdeno-je-da-objave-koje-je-primila-utemeljiteljica-nisu-nadnaravnog-porijekla\/"},"author":{"name":"Radio Ljubu\u0161ki","@id":"https:\/\/radioljubuski.ba\/#\/schema\/person\/19fc700381a780f69665d7956c469e3b"},"headline":"Vatikan ugasio katoli\u010dki pokret u Italiji, utvr\u0111eno je da \u2018objave\u2019 koje je primila utemeljiteljica nisu nadnaravnog porijekla","datePublished":"2021-07-01T20:19:39+00:00","dateModified":"2021-07-01T20:19:40+00:00","mainEntityOfPage":{"@id":"https:\/\/radioljubuski.ba\/index.php\/2021\/07\/01\/vatikan-ugasio-katolicki-pokret-u-italiji-utvrdeno-je-da-objave-koje-je-primila-utemeljiteljica-nisu-nadnaravnog-porijekla\/"},"wordCount":521,"publisher":{"@id":"https:\/\/radioljubuski.ba\/#organization"},"image":{"@id":"https:\/\/radioljubuski.ba\/index.php\/2021\/07\/01\/vatikan-ugasio-katolicki-pokret-u-italiji-utvrdeno-je-da-objave-koje-je-primila-utemeljiteljica-nisu-nadnaravnog-porijekla\/#primaryimage"},"thumbnailUrl":"https:\/\/radioljubuski.ba\/wp-content\/uploads\/2021\/07\/7-2021-07-01-19-24-35-02103919.jpg","articleSection":["BIH i regija"],"inLanguage":"hr"},{"@type":"WebPage","@id":"https:\/\/radioljubuski.ba\/index.php\/2021\/07\/01\/vatikan-ugasio-katolicki-pokret-u-italiji-utvrdeno-je-da-objave-koje-je-primila-utemeljiteljica-nisu-nadnaravnog-porijekla\/","url":"https:\/\/radioljubuski.ba\/index.php\/2021\/07\/01\/vatikan-ugasio-katolicki-pokret-u-italiji-utvrdeno-je-da-objave-koje-je-primila-utemeljiteljica-nisu-nadnaravnog-porijekla\/","name":"Vatikan ugasio katoli\u010dki pokret u Italiji, utvr\u0111eno je da \u2018objave\u2019 koje je primila utemeljiteljica nisu nadnaravnog porijekla - RADIO LJUBU\u0160KI","isPartOf":{"@id":"https:\/\/radioljubuski.ba\/#website"},"primaryImageOfPage":{"@id":"https:\/\/radioljubuski.ba\/index.php\/2021\/07\/01\/vatikan-ugasio-katolicki-pokret-u-italiji-utvrdeno-je-da-objave-koje-je-primila-utemeljiteljica-nisu-nadnaravnog-porijekla\/#primaryimage"},"image":{"@id":"https:\/\/radioljubuski.ba\/index.php\/2021\/07\/01\/vatikan-ugasio-katolicki-pokret-u-italiji-utvrdeno-je-da-objave-koje-je-primila-utemeljiteljica-nisu-nadnaravnog-porijekla\/#primaryimage"},"thumbnailUrl":"https:\/\/radioljubuski.ba\/wp-content\/uploads\/2021\/07\/7-2021-07-01-19-24-35-02103919.jpg","datePublished":"2021-07-01T20:19:39+00:00","dateModified":"2021-07-01T20:19:40+00:00","breadcrumb":{"@id":"https:\/\/radioljubuski.ba\/index.php\/2021\/07\/01\/vatikan-ugasio-katolicki-pokret-u-italiji-utvrdeno-je-da-objave-koje-je-primila-utemeljiteljica-nisu-nadnaravnog-porijekla\/#breadcrumb"},"inLanguage":"hr","potentialAction":[{"@type":"ReadAction","target":["https:\/\/radioljubuski.ba\/index.php\/2021\/07\/01\/vatikan-ugasio-katolicki-pokret-u-italiji-utvrdeno-je-da-objave-koje-je-primila-utemeljiteljica-nisu-nadnaravnog-porijekla\/"]}]},{"@type":"ImageObject","inLanguage":"hr","@id":"https:\/\/radioljubuski.ba\/index.php\/2021\/07\/01\/vatikan-ugasio-katolicki-pokret-u-italiji-utvrdeno-je-da-objave-koje-je-primila-utemeljiteljica-nisu-nadnaravnog-porijekla\/#primaryimage","url":"https:\/\/radioljubuski.ba\/wp-content\/uploads\/2021\/07\/7-2021-07-01-19-24-35-02103919.jpg","contentUrl":"https:\/\/radioljubuski.ba\/wp-content\/uploads\/2021\/07\/7-2021-07-01-19-24-35-02103919.jpg","width":1000,"height":625},{"@type":"BreadcrumbList","@id":"https:\/\/radioljubuski.ba\/index.php\/2021\/07\/01\/vatikan-ugasio-katolicki-pokret-u-italiji-utvrdeno-je-da-objave-koje-je-primila-utemeljiteljica-nisu-nadnaravnog-porijekla\/#breadcrumb","itemListElement":[{"@type":"ListItem","position":1,"name":"Po\u010detna stranica","item":"https:\/\/radioljubuski.ba\/"},{"@type":"ListItem","position":2,"name":"Vatikan ugasio katoli\u010dki pokret u Italiji, utvr\u0111eno je da \u2018objave\u2019 koje je primila utemeljiteljica nisu nadnaravnog porijekla"}]},{"@type":"WebSite","@id":"https:\/\/radioljubuski.ba\/#website","url":"https:\/\/radioljubuski.ba\/","name":"Radio Ljubu\u0161ki","description":"Sun\u010dana frekvencija Hercegovine","publisher":{"@id":"https:\/\/radioljubuski.ba\/#organization"},"potentialAction":[{"@type":"SearchAction","target":{"@type":"EntryPoint","urlTemplate":"https:\/\/radioljubuski.ba\/?s={search_term_string}"},"query-input":{"@type":"PropertyValueSpecification","valueRequired":true,"valueName":"search_term_string"}}],"inLanguage":"hr"},{"@type":"Organization","@id":"https:\/\/radioljubuski.ba\/#organization","name":"Radio Ljubu\u0161ki","url":"https:\/\/radioljubuski.ba\/","logo":{"@type":"ImageObject","inLanguage":"hr","@id":"https:\/\/radioljubuski.ba\/#\/schema\/logo\/image\/","url":"https:\/\/radioljubuski.ba\/wp-content\/uploads\/2021\/02\/cropped-Radio_Ljubuski_logo1.jpg","contentUrl":"https:\/\/radioljubuski.ba\/wp-content\/uploads\/2021\/02\/cropped-Radio_Ljubuski_logo1.jpg","width":512,"height":512,"caption":"Radio Ljubu\u0161ki"},"image":{"@id":"https:\/\/radioljubuski.ba\/#\/schema\/logo\/image\/"},"sameAs":["https:\/\/www.facebook.com\/Radiio-Ljubuski-1490835324566332","https:\/\/x.com\/radioljubuski","https:\/\/hr.linkedin.com\/company\/radio-ljubuski","https:\/\/www.youtube.com\/channel\/UCHYaeO_n0Db3tjNGudGpXyw"]},{"@type":"Person","@id":"https:\/\/radioljubuski.ba\/#\/schema\/person\/19fc700381a780f69665d7956c469e3b","name":"Radio Ljubu\u0161ki"}]}},"_links":{"self":[{"href":"https:\/\/radioljubuski.ba\/index.php\/wp-json\/wp\/v2\/posts\/37875","targetHints":{"allow":["GET"]}}],"collection":[{"href":"https:\/\/radioljubuski.ba\/index.php\/wp-json\/wp\/v2\/posts"}],"about":[{"href":"https:\/\/radioljubuski.ba\/index.php\/wp-json\/wp\/v2\/types\/post"}],"author":[{"embeddable":true,"href":"https:\/\/radioljubuski.ba\/index.php\/wp-json\/wp\/v2\/users\/2"}],"replies":[{"embeddable":true,"href":"https:\/\/radioljubuski.ba\/index.php\/wp-json\/wp\/v2\/comments?post=37875"}],"version-history":[{"count":1,"href":"https:\/\/radioljubuski.ba\/index.php\/wp-json\/wp\/v2\/posts\/37875\/revisions"}],"predecessor-version":[{"id":37877,"href":"https:\/\/radioljubuski.ba\/index.php\/wp-json\/wp\/v2\/posts\/37875\/revisions\/37877"}],"wp:featuredmedia":[{"embeddable":true,"href":"https:\/\/radioljubuski.ba\/index.php\/wp-json\/wp\/v2\/media\/37876"}],"wp:attachment":[{"href":"https:\/\/radioljubuski.ba\/index.php\/wp-json\/wp\/v2\/media?parent=37875"}],"wp:term":[{"taxonomy":"category","embeddable":true,"href":"https:\/\/radioljubuski.ba\/index.php\/wp-json\/wp\/v2\/categories?post=37875"},{"taxonomy":"post_tag","embeddable":true,"href":"https:\/\/radioljubuski.ba\/index.php\/wp-json\/wp\/v2\/tags?post=37875"}],"curies":[{"name":"wp","href":"https:\/\/api.w.org\/{rel}","templated":true}]}}