{"id":394,"date":"2021-03-01T08:32:13","date_gmt":"2021-03-01T08:32:13","guid":{"rendered":"https:\/\/radioljubuski.ba\/?p=394"},"modified":"2021-03-01T08:32:14","modified_gmt":"2021-03-01T08:32:14","slug":"odrzana-sv-misa-zadusnica-za-fratre-i-puk-vitinske-zupe","status":"publish","type":"post","link":"https:\/\/radioljubuski.ba\/index.php\/2021\/03\/01\/odrzana-sv-misa-zadusnica-za-fratre-i-puk-vitinske-zupe\/","title":{"rendered":"Odr\u017eana sv. misa zadu\u0161nica za fratre i puk vitinske \u017eupe"},"content":{"rendered":"\n<p>U nedjelju je u \u017eupi Vitina proslavljena sv. misa zadu\u0161nica za pokojne fratre i puk stradali u Prvom, Drugom svj. ratu i pora\u0107u te u Domovinskom ratu. <\/p>\n\n\n\n<p>Misno slavlje predvodio je fra Miljenko Stoji\u0107, vicepostulator postupka mu\u010deni\u0161tva \u00bbFra Leo Petrovi\u0107 i 45 subra\u0107e\u00ab. <\/p>\n\n\n\n<p>Pjevao je \u017eupni zbor.<\/p>\n\n\n\n<p>Fra Miljenko je povezao misna \u010ditanja iz 2. korizmene nedjelje, mu\u010deni\u0161tvo u Katoli\u010dkoj crkvi te na\u0161e pobijene. Naglasio je da neprestano trebamo izgra\u0111ivati svoj identitet, zbog \u010dega se i podi\u017ee Spomen sredi\u0161te Groblje mira na Bilima. <\/p>\n\n\n\n<p>\u010cast je i obveza svakoga od nas podi\u0107i tamo kri\u017e svome ubijenom, kao i pomo\u0107i u podizanju kri\u017eeva za one kojima nema nitko to u\u010diniti, siroma\u0161an je da to u\u010dini ili jednostavno to ne \u017eeli. <\/p>\n\n\n\n<p>Ovako je zavr\u0161io svoju propovijed. <\/p>\n\n\n\n<p>\u00bbDa ne idemo previ\u0161e u pro\u0161lost, sjetimo se samo bl. kardinala Alojzija Stepinca. Mogao je birati: mu\u010deni\u0161tvo ili \u017eivot u ovozemnom obilju. Nudili su mu to bezbo\u017eni jugokomunisti. Izabrao je mu\u010deni\u0161tvo. Shva\u0107ao je da je on ono sjeme koje treba u prolje\u0107e baciti u zemlju da bi proklijalo velikim stablom. S tim sjemenom zaista se tako dogodilo, proklijalo je u stablo na\u0161ega otpora. Svijetlio je svojim primjerom Stepinac, svijetlili su svojim primjerom na\u0161i pobijeni fratri i druge crkvene osobe, svijetlilo je svojim primjerom mno\u0161tvo na\u0161ih pobijenih. I da ih zaboravimo? Ma kakvi! U ovom korizmenom vremenu ponovno skupimo svoje snage. Razbijmo okove koje nam neprestano \u017eele staviti. Mi smo slobodni ljudi. Sje\u0107amo se svojih, po\u0161tujemo ih i hrabro idemo naprijed. Na \u010delu te na\u0161e povorke je Krist pobjednik. I tko nam \u0161to mo\u017ee?!\u00ab<\/p>\n\n\n\n<p>Spomenimo jo\u0161 da je iz vitinske \u017eupe u Prvom svj. ratu stradao nepoznat broj vjernika, u Drugom svjetskom ratu i pora\u0107u stradalo ih je 370, a Domovinski je, pak, rat uzeo 20 \u017eivota. <\/p>\n\n\n\n<p>Po\u010divali u miru Bo\u017ejem!<\/p>\n\n\n\n<h1 class=\"wp-block-heading\">Autor: Kristina Ragu\u017e | Vicepostulatura \u0160iroki Brijeg<\/h1>\n","protected":false},"excerpt":{"rendered":"<p>U nedjelju je u \u017eupi Vitina proslavljena sv. misa zadu\u0161nica za pokojne fratre i puk stradali u Prvom, Drugom svj. ratu i pora\u0107u te u Domovinskom ratu. Misno slavlje predvodio je fra Miljenko Stoji\u0107, vicepostulator postupka mu\u010deni\u0161tva \u00bbFra Leo Petrovi\u0107 i 45 subra\u0107e\u00ab. Pjevao je \u017eupni zbor. Fra Miljenko je povezao misna \u010ditanja iz 2. [&hellip;]<\/p>\n","protected":false},"author":2,"featured_media":395,"comment_status":"closed","ping_status":"closed","sticky":false,"template":"","format":"standard","meta":{"h5ap_radio_sources":[],"footnotes":""},"categories":[3],"tags":[],"class_list":["post-394","post","type-post","status-publish","format-standard","has-post-thumbnail","hentry","category-ljubuski"],"yoast_head":"<!-- This site is optimized with the Yoast SEO plugin v27.5 - https:\/\/yoast.com\/product\/yoast-seo-wordpress\/ -->\n<title>Odr\u017eana sv. misa zadu\u0161nica za fratre i puk vitinske \u017eupe - RADIO LJUBU\u0160KI<\/title>\n<meta name=\"robots\" content=\"index, follow, max-snippet:-1, max-image-preview:large, max-video-preview:-1\" \/>\n<link rel=\"canonical\" href=\"https:\/\/radioljubuski.ba\/index.php\/2021\/03\/01\/odrzana-sv-misa-zadusnica-za-fratre-i-puk-vitinske-zupe\/\" \/>\n<meta property=\"og:locale\" content=\"hr_HR\" \/>\n<meta property=\"og:type\" content=\"article\" \/>\n<meta property=\"og:title\" content=\"Odr\u017eana sv. misa zadu\u0161nica za fratre i puk vitinske \u017eupe - RADIO LJUBU\u0160KI\" \/>\n<meta property=\"og:description\" content=\"U nedjelju je u \u017eupi Vitina proslavljena sv. misa zadu\u0161nica za pokojne fratre i puk stradali u Prvom, Drugom svj. ratu i pora\u0107u te u Domovinskom ratu. Misno slavlje predvodio je fra Miljenko Stoji\u0107, vicepostulator postupka mu\u010deni\u0161tva \u00bbFra Leo Petrovi\u0107 i 45 subra\u0107e\u00ab. Pjevao je \u017eupni zbor. Fra Miljenko je povezao misna \u010ditanja iz 2. [&hellip;]\" \/>\n<meta property=\"og:url\" content=\"https:\/\/radioljubuski.ba\/index.php\/2021\/03\/01\/odrzana-sv-misa-zadusnica-za-fratre-i-puk-vitinske-zupe\/\" \/>\n<meta property=\"og:site_name\" content=\"RADIO LJUBU\u0160KI\" \/>\n<meta property=\"article:publisher\" content=\"https:\/\/www.facebook.com\/Radiio-Ljubuski-1490835324566332\" \/>\n<meta property=\"article:published_time\" content=\"2021-03-01T08:32:13+00:00\" \/>\n<meta property=\"article:modified_time\" content=\"2021-03-01T08:32:14+00:00\" \/>\n<meta property=\"og:image\" content=\"https:\/\/radioljubuski.ba\/wp-content\/uploads\/2021\/03\/vitina.jpg\" \/>\n\t<meta property=\"og:image:width\" content=\"600\" \/>\n\t<meta property=\"og:image:height\" content=\"400\" \/>\n\t<meta property=\"og:image:type\" content=\"image\/jpeg\" \/>\n<meta name=\"author\" content=\"Radio Ljubu\u0161ki\" \/>\n<meta name=\"twitter:card\" content=\"summary_large_image\" \/>\n<meta name=\"twitter:creator\" content=\"@radioljubuski\" \/>\n<meta name=\"twitter:site\" content=\"@radioljubuski\" \/>\n<meta name=\"twitter:label1\" content=\"Napisao\/la\" \/>\n\t<meta name=\"twitter:data1\" content=\"Radio Ljubu\u0161ki\" \/>\n\t<meta name=\"twitter:label2\" content=\"Procijenjeno vrijeme \u010ditanja\" \/>\n\t<meta name=\"twitter:data2\" content=\"2 minute\" \/>\n<script type=\"application\/ld+json\" class=\"yoast-schema-graph\">{\"@context\":\"https:\\\/\\\/schema.org\",\"@graph\":[{\"@type\":\"Article\",\"@id\":\"https:\\\/\\\/radioljubuski.ba\\\/index.php\\\/2021\\\/03\\\/01\\\/odrzana-sv-misa-zadusnica-za-fratre-i-puk-vitinske-zupe\\\/#article\",\"isPartOf\":{\"@id\":\"https:\\\/\\\/radioljubuski.ba\\\/index.php\\\/2021\\\/03\\\/01\\\/odrzana-sv-misa-zadusnica-za-fratre-i-puk-vitinske-zupe\\\/\"},\"author\":{\"name\":\"Radio Ljubu\u0161ki\",\"@id\":\"https:\\\/\\\/radioljubuski.ba\\\/#\\\/schema\\\/person\\\/19fc700381a780f69665d7956c469e3b\"},\"headline\":\"Odr\u017eana sv. misa zadu\u0161nica za fratre i puk vitinske \u017eupe\",\"datePublished\":\"2021-03-01T08:32:13+00:00\",\"dateModified\":\"2021-03-01T08:32:14+00:00\",\"mainEntityOfPage\":{\"@id\":\"https:\\\/\\\/radioljubuski.ba\\\/index.php\\\/2021\\\/03\\\/01\\\/odrzana-sv-misa-zadusnica-za-fratre-i-puk-vitinske-zupe\\\/\"},\"wordCount\":346,\"publisher\":{\"@id\":\"https:\\\/\\\/radioljubuski.ba\\\/#organization\"},\"image\":{\"@id\":\"https:\\\/\\\/radioljubuski.ba\\\/index.php\\\/2021\\\/03\\\/01\\\/odrzana-sv-misa-zadusnica-za-fratre-i-puk-vitinske-zupe\\\/#primaryimage\"},\"thumbnailUrl\":\"https:\\\/\\\/radioljubuski.ba\\\/wp-content\\\/uploads\\\/2021\\\/03\\\/vitina.jpg\",\"articleSection\":[\"Ljubu\u0161ki\"],\"inLanguage\":\"hr\"},{\"@type\":\"WebPage\",\"@id\":\"https:\\\/\\\/radioljubuski.ba\\\/index.php\\\/2021\\\/03\\\/01\\\/odrzana-sv-misa-zadusnica-za-fratre-i-puk-vitinske-zupe\\\/\",\"url\":\"https:\\\/\\\/radioljubuski.ba\\\/index.php\\\/2021\\\/03\\\/01\\\/odrzana-sv-misa-zadusnica-za-fratre-i-puk-vitinske-zupe\\\/\",\"name\":\"Odr\u017eana sv. misa zadu\u0161nica za fratre i puk vitinske \u017eupe - RADIO LJUBU\u0160KI\",\"isPartOf\":{\"@id\":\"https:\\\/\\\/radioljubuski.ba\\\/#website\"},\"primaryImageOfPage\":{\"@id\":\"https:\\\/\\\/radioljubuski.ba\\\/index.php\\\/2021\\\/03\\\/01\\\/odrzana-sv-misa-zadusnica-za-fratre-i-puk-vitinske-zupe\\\/#primaryimage\"},\"image\":{\"@id\":\"https:\\\/\\\/radioljubuski.ba\\\/index.php\\\/2021\\\/03\\\/01\\\/odrzana-sv-misa-zadusnica-za-fratre-i-puk-vitinske-zupe\\\/#primaryimage\"},\"thumbnailUrl\":\"https:\\\/\\\/radioljubuski.ba\\\/wp-content\\\/uploads\\\/2021\\\/03\\\/vitina.jpg\",\"datePublished\":\"2021-03-01T08:32:13+00:00\",\"dateModified\":\"2021-03-01T08:32:14+00:00\",\"breadcrumb\":{\"@id\":\"https:\\\/\\\/radioljubuski.ba\\\/index.php\\\/2021\\\/03\\\/01\\\/odrzana-sv-misa-zadusnica-za-fratre-i-puk-vitinske-zupe\\\/#breadcrumb\"},\"inLanguage\":\"hr\",\"potentialAction\":[{\"@type\":\"ReadAction\",\"target\":[\"https:\\\/\\\/radioljubuski.ba\\\/index.php\\\/2021\\\/03\\\/01\\\/odrzana-sv-misa-zadusnica-za-fratre-i-puk-vitinske-zupe\\\/\"]}]},{\"@type\":\"ImageObject\",\"inLanguage\":\"hr\",\"@id\":\"https:\\\/\\\/radioljubuski.ba\\\/index.php\\\/2021\\\/03\\\/01\\\/odrzana-sv-misa-zadusnica-za-fratre-i-puk-vitinske-zupe\\\/#primaryimage\",\"url\":\"https:\\\/\\\/radioljubuski.ba\\\/wp-content\\\/uploads\\\/2021\\\/03\\\/vitina.jpg\",\"contentUrl\":\"https:\\\/\\\/radioljubuski.ba\\\/wp-content\\\/uploads\\\/2021\\\/03\\\/vitina.jpg\",\"width\":600,\"height\":400},{\"@type\":\"BreadcrumbList\",\"@id\":\"https:\\\/\\\/radioljubuski.ba\\\/index.php\\\/2021\\\/03\\\/01\\\/odrzana-sv-misa-zadusnica-za-fratre-i-puk-vitinske-zupe\\\/#breadcrumb\",\"itemListElement\":[{\"@type\":\"ListItem\",\"position\":1,\"name\":\"Po\u010detna stranica\",\"item\":\"https:\\\/\\\/radioljubuski.ba\\\/\"},{\"@type\":\"ListItem\",\"position\":2,\"name\":\"Odr\u017eana sv. misa zadu\u0161nica za fratre i puk vitinske \u017eupe\"}]},{\"@type\":\"WebSite\",\"@id\":\"https:\\\/\\\/radioljubuski.ba\\\/#website\",\"url\":\"https:\\\/\\\/radioljubuski.ba\\\/\",\"name\":\"Radio Ljubu\u0161ki\",\"description\":\"Sun\u010dana frekvencija Hercegovine\",\"publisher\":{\"@id\":\"https:\\\/\\\/radioljubuski.ba\\\/#organization\"},\"potentialAction\":[{\"@type\":\"SearchAction\",\"target\":{\"@type\":\"EntryPoint\",\"urlTemplate\":\"https:\\\/\\\/radioljubuski.ba\\\/?s={search_term_string}\"},\"query-input\":{\"@type\":\"PropertyValueSpecification\",\"valueRequired\":true,\"valueName\":\"search_term_string\"}}],\"inLanguage\":\"hr\"},{\"@type\":\"Organization\",\"@id\":\"https:\\\/\\\/radioljubuski.ba\\\/#organization\",\"name\":\"Radio Ljubu\u0161ki\",\"url\":\"https:\\\/\\\/radioljubuski.ba\\\/\",\"logo\":{\"@type\":\"ImageObject\",\"inLanguage\":\"hr\",\"@id\":\"https:\\\/\\\/radioljubuski.ba\\\/#\\\/schema\\\/logo\\\/image\\\/\",\"url\":\"https:\\\/\\\/radioljubuski.ba\\\/wp-content\\\/uploads\\\/2021\\\/02\\\/cropped-Radio_Ljubuski_logo1.jpg\",\"contentUrl\":\"https:\\\/\\\/radioljubuski.ba\\\/wp-content\\\/uploads\\\/2021\\\/02\\\/cropped-Radio_Ljubuski_logo1.jpg\",\"width\":512,\"height\":512,\"caption\":\"Radio Ljubu\u0161ki\"},\"image\":{\"@id\":\"https:\\\/\\\/radioljubuski.ba\\\/#\\\/schema\\\/logo\\\/image\\\/\"},\"sameAs\":[\"https:\\\/\\\/www.facebook.com\\\/Radiio-Ljubuski-1490835324566332\",\"https:\\\/\\\/x.com\\\/radioljubuski\",\"https:\\\/\\\/hr.linkedin.com\\\/company\\\/radio-ljubuski\",\"https:\\\/\\\/www.youtube.com\\\/channel\\\/UCHYaeO_n0Db3tjNGudGpXyw\"]},{\"@type\":\"Person\",\"@id\":\"https:\\\/\\\/radioljubuski.ba\\\/#\\\/schema\\\/person\\\/19fc700381a780f69665d7956c469e3b\",\"name\":\"Radio Ljubu\u0161ki\"}]}<\/script>\n<!-- \/ Yoast SEO plugin. -->","yoast_head_json":{"title":"Odr\u017eana sv. misa zadu\u0161nica za fratre i puk vitinske \u017eupe - RADIO LJUBU\u0160KI","robots":{"index":"index","follow":"follow","max-snippet":"max-snippet:-1","max-image-preview":"max-image-preview:large","max-video-preview":"max-video-preview:-1"},"canonical":"https:\/\/radioljubuski.ba\/index.php\/2021\/03\/01\/odrzana-sv-misa-zadusnica-za-fratre-i-puk-vitinske-zupe\/","og_locale":"hr_HR","og_type":"article","og_title":"Odr\u017eana sv. misa zadu\u0161nica za fratre i puk vitinske \u017eupe - RADIO LJUBU\u0160KI","og_description":"U nedjelju je u \u017eupi Vitina proslavljena sv. misa zadu\u0161nica za pokojne fratre i puk stradali u Prvom, Drugom svj. ratu i pora\u0107u te u Domovinskom ratu. Misno slavlje predvodio je fra Miljenko Stoji\u0107, vicepostulator postupka mu\u010deni\u0161tva \u00bbFra Leo Petrovi\u0107 i 45 subra\u0107e\u00ab. Pjevao je \u017eupni zbor. Fra Miljenko je povezao misna \u010ditanja iz 2. [&hellip;]","og_url":"https:\/\/radioljubuski.ba\/index.php\/2021\/03\/01\/odrzana-sv-misa-zadusnica-za-fratre-i-puk-vitinske-zupe\/","og_site_name":"RADIO LJUBU\u0160KI","article_publisher":"https:\/\/www.facebook.com\/Radiio-Ljubuski-1490835324566332","article_published_time":"2021-03-01T08:32:13+00:00","article_modified_time":"2021-03-01T08:32:14+00:00","og_image":[{"width":600,"height":400,"url":"https:\/\/radioljubuski.ba\/wp-content\/uploads\/2021\/03\/vitina.jpg","type":"image\/jpeg"}],"author":"Radio Ljubu\u0161ki","twitter_card":"summary_large_image","twitter_creator":"@radioljubuski","twitter_site":"@radioljubuski","twitter_misc":{"Napisao\/la":"Radio Ljubu\u0161ki","Procijenjeno vrijeme \u010ditanja":"2 minute"},"schema":{"@context":"https:\/\/schema.org","@graph":[{"@type":"Article","@id":"https:\/\/radioljubuski.ba\/index.php\/2021\/03\/01\/odrzana-sv-misa-zadusnica-za-fratre-i-puk-vitinske-zupe\/#article","isPartOf":{"@id":"https:\/\/radioljubuski.ba\/index.php\/2021\/03\/01\/odrzana-sv-misa-zadusnica-za-fratre-i-puk-vitinske-zupe\/"},"author":{"name":"Radio Ljubu\u0161ki","@id":"https:\/\/radioljubuski.ba\/#\/schema\/person\/19fc700381a780f69665d7956c469e3b"},"headline":"Odr\u017eana sv. misa zadu\u0161nica za fratre i puk vitinske \u017eupe","datePublished":"2021-03-01T08:32:13+00:00","dateModified":"2021-03-01T08:32:14+00:00","mainEntityOfPage":{"@id":"https:\/\/radioljubuski.ba\/index.php\/2021\/03\/01\/odrzana-sv-misa-zadusnica-za-fratre-i-puk-vitinske-zupe\/"},"wordCount":346,"publisher":{"@id":"https:\/\/radioljubuski.ba\/#organization"},"image":{"@id":"https:\/\/radioljubuski.ba\/index.php\/2021\/03\/01\/odrzana-sv-misa-zadusnica-za-fratre-i-puk-vitinske-zupe\/#primaryimage"},"thumbnailUrl":"https:\/\/radioljubuski.ba\/wp-content\/uploads\/2021\/03\/vitina.jpg","articleSection":["Ljubu\u0161ki"],"inLanguage":"hr"},{"@type":"WebPage","@id":"https:\/\/radioljubuski.ba\/index.php\/2021\/03\/01\/odrzana-sv-misa-zadusnica-za-fratre-i-puk-vitinske-zupe\/","url":"https:\/\/radioljubuski.ba\/index.php\/2021\/03\/01\/odrzana-sv-misa-zadusnica-za-fratre-i-puk-vitinske-zupe\/","name":"Odr\u017eana sv. misa zadu\u0161nica za fratre i puk vitinske \u017eupe - RADIO LJUBU\u0160KI","isPartOf":{"@id":"https:\/\/radioljubuski.ba\/#website"},"primaryImageOfPage":{"@id":"https:\/\/radioljubuski.ba\/index.php\/2021\/03\/01\/odrzana-sv-misa-zadusnica-za-fratre-i-puk-vitinske-zupe\/#primaryimage"},"image":{"@id":"https:\/\/radioljubuski.ba\/index.php\/2021\/03\/01\/odrzana-sv-misa-zadusnica-za-fratre-i-puk-vitinske-zupe\/#primaryimage"},"thumbnailUrl":"https:\/\/radioljubuski.ba\/wp-content\/uploads\/2021\/03\/vitina.jpg","datePublished":"2021-03-01T08:32:13+00:00","dateModified":"2021-03-01T08:32:14+00:00","breadcrumb":{"@id":"https:\/\/radioljubuski.ba\/index.php\/2021\/03\/01\/odrzana-sv-misa-zadusnica-za-fratre-i-puk-vitinske-zupe\/#breadcrumb"},"inLanguage":"hr","potentialAction":[{"@type":"ReadAction","target":["https:\/\/radioljubuski.ba\/index.php\/2021\/03\/01\/odrzana-sv-misa-zadusnica-za-fratre-i-puk-vitinske-zupe\/"]}]},{"@type":"ImageObject","inLanguage":"hr","@id":"https:\/\/radioljubuski.ba\/index.php\/2021\/03\/01\/odrzana-sv-misa-zadusnica-za-fratre-i-puk-vitinske-zupe\/#primaryimage","url":"https:\/\/radioljubuski.ba\/wp-content\/uploads\/2021\/03\/vitina.jpg","contentUrl":"https:\/\/radioljubuski.ba\/wp-content\/uploads\/2021\/03\/vitina.jpg","width":600,"height":400},{"@type":"BreadcrumbList","@id":"https:\/\/radioljubuski.ba\/index.php\/2021\/03\/01\/odrzana-sv-misa-zadusnica-za-fratre-i-puk-vitinske-zupe\/#breadcrumb","itemListElement":[{"@type":"ListItem","position":1,"name":"Po\u010detna stranica","item":"https:\/\/radioljubuski.ba\/"},{"@type":"ListItem","position":2,"name":"Odr\u017eana sv. misa zadu\u0161nica za fratre i puk vitinske \u017eupe"}]},{"@type":"WebSite","@id":"https:\/\/radioljubuski.ba\/#website","url":"https:\/\/radioljubuski.ba\/","name":"Radio Ljubu\u0161ki","description":"Sun\u010dana frekvencija Hercegovine","publisher":{"@id":"https:\/\/radioljubuski.ba\/#organization"},"potentialAction":[{"@type":"SearchAction","target":{"@type":"EntryPoint","urlTemplate":"https:\/\/radioljubuski.ba\/?s={search_term_string}"},"query-input":{"@type":"PropertyValueSpecification","valueRequired":true,"valueName":"search_term_string"}}],"inLanguage":"hr"},{"@type":"Organization","@id":"https:\/\/radioljubuski.ba\/#organization","name":"Radio Ljubu\u0161ki","url":"https:\/\/radioljubuski.ba\/","logo":{"@type":"ImageObject","inLanguage":"hr","@id":"https:\/\/radioljubuski.ba\/#\/schema\/logo\/image\/","url":"https:\/\/radioljubuski.ba\/wp-content\/uploads\/2021\/02\/cropped-Radio_Ljubuski_logo1.jpg","contentUrl":"https:\/\/radioljubuski.ba\/wp-content\/uploads\/2021\/02\/cropped-Radio_Ljubuski_logo1.jpg","width":512,"height":512,"caption":"Radio Ljubu\u0161ki"},"image":{"@id":"https:\/\/radioljubuski.ba\/#\/schema\/logo\/image\/"},"sameAs":["https:\/\/www.facebook.com\/Radiio-Ljubuski-1490835324566332","https:\/\/x.com\/radioljubuski","https:\/\/hr.linkedin.com\/company\/radio-ljubuski","https:\/\/www.youtube.com\/channel\/UCHYaeO_n0Db3tjNGudGpXyw"]},{"@type":"Person","@id":"https:\/\/radioljubuski.ba\/#\/schema\/person\/19fc700381a780f69665d7956c469e3b","name":"Radio Ljubu\u0161ki"}]}},"_links":{"self":[{"href":"https:\/\/radioljubuski.ba\/index.php\/wp-json\/wp\/v2\/posts\/394","targetHints":{"allow":["GET"]}}],"collection":[{"href":"https:\/\/radioljubuski.ba\/index.php\/wp-json\/wp\/v2\/posts"}],"about":[{"href":"https:\/\/radioljubuski.ba\/index.php\/wp-json\/wp\/v2\/types\/post"}],"author":[{"embeddable":true,"href":"https:\/\/radioljubuski.ba\/index.php\/wp-json\/wp\/v2\/users\/2"}],"replies":[{"embeddable":true,"href":"https:\/\/radioljubuski.ba\/index.php\/wp-json\/wp\/v2\/comments?post=394"}],"version-history":[{"count":1,"href":"https:\/\/radioljubuski.ba\/index.php\/wp-json\/wp\/v2\/posts\/394\/revisions"}],"predecessor-version":[{"id":396,"href":"https:\/\/radioljubuski.ba\/index.php\/wp-json\/wp\/v2\/posts\/394\/revisions\/396"}],"wp:featuredmedia":[{"embeddable":true,"href":"https:\/\/radioljubuski.ba\/index.php\/wp-json\/wp\/v2\/media\/395"}],"wp:attachment":[{"href":"https:\/\/radioljubuski.ba\/index.php\/wp-json\/wp\/v2\/media?parent=394"}],"wp:term":[{"taxonomy":"category","embeddable":true,"href":"https:\/\/radioljubuski.ba\/index.php\/wp-json\/wp\/v2\/categories?post=394"},{"taxonomy":"post_tag","embeddable":true,"href":"https:\/\/radioljubuski.ba\/index.php\/wp-json\/wp\/v2\/tags?post=394"}],"curies":[{"name":"wp","href":"https:\/\/api.w.org\/{rel}","templated":true}]}}