{"id":3958,"date":"2021-03-15T21:33:06","date_gmt":"2021-03-15T20:33:06","guid":{"rendered":"https:\/\/radioljubuski.ba\/?p=3958"},"modified":"2021-03-15T21:33:07","modified_gmt":"2021-03-15T20:33:07","slug":"potpisan-kolektivni-ugovor-izmedu-vlade-i-sindikata-policije-hnz","status":"publish","type":"post","link":"https:\/\/radioljubuski.ba\/index.php\/2021\/03\/15\/potpisan-kolektivni-ugovor-izmedu-vlade-i-sindikata-policije-hnz\/","title":{"rendered":"Potpisan kolektivni ugovor izme\u0111u Vlade i Sindikata policije HN\u017d"},"content":{"rendered":"\n<p><strong>Predsjednik Vlade Hercegova\u010dko-neretvanske \u017eupanije dr. Nevenko Herceg i Nail Bali\u0107, predsjednik Sindikata policije u HN\u017d potpisali su Kolektivni ugovor izme\u0111u Vlade i Sindikata policije HN\u017d, javlja Hrvatski Medijski Servis.<\/strong><\/p>\n\n\n\n<p>\u201eOdr\u017eavanje primjerena stanja javnog reda i mira, sigurnost gra\u0111ana i imovine te vladavina prava prioriteti su rada Vlade Hercegova\u010dko-neretvanske \u017eupanije i temeljni preduvjeti za provedbu planiranih aktivnosti i mjera, kazao je premijer Herceg, te dodao: -Stoga kontinuirano poduzimamo aktivnosti kako bi funkcionalno i profesionalno osna\u017eili policijske strukture, kroz obuku i kadrovsko osna\u017eivanje, te ja\u010danje materijalno-tehni\u010dke opremljenosti.<\/p>\n\n\n\n<p>No, sva ulaganja u uvo\u0111enje novih tehnolo\u0161kih rje\u0161enja, prilagodbu i rekonstruiranje prostora ne zna\u010de puno bez onog najbitnijeg \u2013 kvalitetnih, obu\u010denih i zadovoljnih policijskih slu\u017ebenika.<\/p>\n\n\n\n<p>Na tom tragu, 2018. godine potpisali smo Kolektivni ugovor kojim smo pove\u0107ali pla\u0107e policijskih slu\u017ebenika MUP-a HN\u017d u tri prora\u010dunske godine za po 5 %.<\/p>\n\n\n\n<p>Zahvaljuju\u0107i iskrenom socijalnom dijalogu i korektnim pregovorima, do\u0161li smo do teksta Kolektivnog ugovora kojim \u0107emo dodatno pobolj\u0161ati materijalno- pravni status djelatnika Ministarstva unutarnjih poslova.<\/p>\n\n\n\n<p>Na poseban na\u010din \u017eelim zahvaliti resornom ministru Bevandi, ministru Falad\u017ei\u0107u i ostalim \u010dlanovima pregovara\u010dkog tima Vlade i Sindikata koji su kroz vi\u0161etjedni konstruktivni dijalog do\u0161li do kvalitetnih rje\u0161enja ugra\u0111enih u ovaj Kolektivni ugovor.<\/p>\n\n\n\n<p>Ovaj \u010din pokazatelj je da tamo gdje je Vlada isklju\u010divi i jedini poslodavac, uspje\u0161no i na obostrano zadovoljstvo, dolazimo do \u017eeljenog cilja. Podsjetit \u0107u kako smo ovih dana potpisali kolektivni ugovor za dr\u017eavnu slu\u017ebu i pravosudna tijela, a uvjeren sam u to kako \u0107emo i sve budu\u0107e razgovore o pravima korisnika prora\u010duna uspje\u0161no i na zadovoljstvo svih rje\u0161avati. O\u010dekujem da \u0107e i razgovori s reprezentativnim sindikatom u zdravstvu koje vodimo, iako nismo poslodavci, biti uspje\u0161no okon\u010dani kako bi svi na\u0161i gra\u0111ani imali kvalitetnu i dostupnu zdravstvenu skrb, kazao je Herceg.<\/p>\n\n\n\n<p>Ministar unutarnjih poslova HN\u017d Sla\u0111an Bevanda istaknuo je zadovoljstvo dana\u0161njim potpisivanjem Kolektivnog ugovora koji je plod zajedni\u010dkih napora, dijaloga i kompromisa.<\/p>\n\n\n\n<p>\u201eZahvaljujem Vladi na razumijevanju i potpori za pobolj\u0161anja koja smo ispregovarali i ugradili u ovaj Kolektivni ugovor. Svjestan sam uvjeta u kojima se nalazimo, prije svega zbog pandemije, ali i nerije\u0161enih kadrovskih pitanja u samom Ministarstvu, no unato\u010d tomu tvrdim da djelatnici Ministarstva unutarnjih poslova svoje zada\u0107e i povjerene poslove besprijekorno obavljaju. Kontinuirano, uz potporu Vlade, radimo na opremanju i pobolj\u0161anju uvjeta rada, a o novim tehnologijama koje smo osigurali za uspje\u0161niji rad na\u0161ih djelatnika uskoro \u0107emo izvijestiti javnost.\u201c, zaklju\u010dio je ministar Bevanda.<\/p>\n\n\n\n<p>Nail Bali\u0107, predsjednik Sindikata zahvalio je predsjedniku Hercegu, ministru Bevandi i Vladi HN\u017d na razumijevanju, kao i svim kolegama \u010dlanovima pregovara\u010dkog tima, koji su kroz korektan dijalog pomogli da se do\u0111e do popravka postoje\u0107eg Kolektivnog ugovora.<\/p>\n\n\n\n<p>\u201e\u017delim podsjetiti, a o tomu je govorio i predsjednik Herceg, kako se ovim Kolektivnim ugovorom ne pove\u0107avaju pla\u0107e nego se odre\u0111ene kategorije uposlenika, \u010diji posao nije bio prepoznat u postoje\u0107em Kolektivnom ugovoru, sada zna\u010dajnije vrednuju i za tu nakanu u Prora\u010dunu je osigurano dodatnih oko 470. 000,00 KM.\u201c, kazao je gospodin Bali\u0107.<\/p>\n\n\n\n<p>Posebno se osvrnuo na probleme s kojima se djelatnici MUP-a HN\u017d suo\u010davaju zbog \u010dinjenice da nije imenovan ravnatelj policije i neka druga tijela MUP-a. Stoga je pozvao politi\u010dke predstavnike, zastupnike u Skup\u0161tini i \u010dlanove Vlade da se ova pitanja \u010dim prije rije\u0161e kako bi djelatnici MUP-a svoje obveze mogli profesionalno i na dobrobit svih gra\u0111ana izvr\u0161avati, ali i jednako tako ostvariti prava koja su im zajam\u010dena (odlazak u mirovinu, \u010dinovanja i sl.), a koja zbog nedostatka spomenutih tijela nisu u mogu\u0107nosti ostvariti.<\/p>\n\n\n\n<p>\/HMS\/<\/p>\n","protected":false},"excerpt":{"rendered":"<p>Predsjednik Vlade Hercegova\u010dko-neretvanske \u017eupanije dr. Nevenko Herceg i Nail Bali\u0107, predsjednik Sindikata policije u HN\u017d potpisali su Kolektivni ugovor izme\u0111u Vlade i Sindikata policije HN\u017d, javlja Hrvatski Medijski Servis. \u201eOdr\u017eavanje primjerena stanja javnog reda i mira, sigurnost gra\u0111ana i imovine te vladavina prava prioriteti su rada Vlade Hercegova\u010dko-neretvanske \u017eupanije i temeljni preduvjeti za provedbu planiranih [&hellip;]<\/p>\n","protected":false},"author":2,"featured_media":3959,"comment_status":"closed","ping_status":"closed","sticky":false,"template":"","format":"standard","meta":{"h5ap_radio_sources":[],"footnotes":""},"categories":[1],"tags":[],"class_list":["post-3958","post","type-post","status-publish","format-standard","has-post-thumbnail","hentry","category-bihiregija"],"yoast_head":"<!-- This site is optimized with the Yoast SEO plugin v27.5 - https:\/\/yoast.com\/product\/yoast-seo-wordpress\/ -->\n<title>Potpisan kolektivni ugovor izme\u0111u Vlade i Sindikata policije HN\u017d - RADIO LJUBU\u0160KI<\/title>\n<meta name=\"robots\" content=\"index, follow, max-snippet:-1, max-image-preview:large, max-video-preview:-1\" \/>\n<link rel=\"canonical\" href=\"https:\/\/radioljubuski.ba\/index.php\/2021\/03\/15\/potpisan-kolektivni-ugovor-izmedu-vlade-i-sindikata-policije-hnz\/\" \/>\n<meta property=\"og:locale\" content=\"hr_HR\" \/>\n<meta property=\"og:type\" content=\"article\" \/>\n<meta property=\"og:title\" content=\"Potpisan kolektivni ugovor izme\u0111u Vlade i Sindikata policije HN\u017d - RADIO LJUBU\u0160KI\" \/>\n<meta property=\"og:description\" content=\"Predsjednik Vlade Hercegova\u010dko-neretvanske \u017eupanije dr. Nevenko Herceg i Nail Bali\u0107, predsjednik Sindikata policije u HN\u017d potpisali su Kolektivni ugovor izme\u0111u Vlade i Sindikata policije HN\u017d, javlja Hrvatski Medijski Servis. \u201eOdr\u017eavanje primjerena stanja javnog reda i mira, sigurnost gra\u0111ana i imovine te vladavina prava prioriteti su rada Vlade Hercegova\u010dko-neretvanske \u017eupanije i temeljni preduvjeti za provedbu planiranih [&hellip;]\" \/>\n<meta property=\"og:url\" content=\"https:\/\/radioljubuski.ba\/index.php\/2021\/03\/15\/potpisan-kolektivni-ugovor-izmedu-vlade-i-sindikata-policije-hnz\/\" \/>\n<meta property=\"og:site_name\" content=\"RADIO LJUBU\u0160KI\" \/>\n<meta property=\"article:publisher\" content=\"https:\/\/www.facebook.com\/Radiio-Ljubuski-1490835324566332\" \/>\n<meta property=\"article:published_time\" content=\"2021-03-15T20:33:06+00:00\" \/>\n<meta property=\"article:modified_time\" content=\"2021-03-15T20:33:07+00:00\" \/>\n<meta property=\"og:image\" content=\"https:\/\/radioljubuski.ba\/wp-content\/uploads\/2021\/03\/herceg-policajci-1.jpg\" \/>\n\t<meta property=\"og:image:width\" content=\"1024\" \/>\n\t<meta property=\"og:image:height\" content=\"723\" \/>\n\t<meta property=\"og:image:type\" content=\"image\/jpeg\" \/>\n<meta name=\"author\" content=\"Radio Ljubu\u0161ki\" \/>\n<meta name=\"twitter:card\" content=\"summary_large_image\" \/>\n<meta name=\"twitter:creator\" content=\"@radioljubuski\" \/>\n<meta name=\"twitter:site\" content=\"@radioljubuski\" \/>\n<meta name=\"twitter:label1\" content=\"Napisao\/la\" \/>\n\t<meta name=\"twitter:data1\" content=\"Radio Ljubu\u0161ki\" \/>\n\t<meta name=\"twitter:label2\" content=\"Procijenjeno vrijeme \u010ditanja\" \/>\n\t<meta name=\"twitter:data2\" content=\"3 minute\" \/>\n<script type=\"application\/ld+json\" class=\"yoast-schema-graph\">{\"@context\":\"https:\\\/\\\/schema.org\",\"@graph\":[{\"@type\":\"Article\",\"@id\":\"https:\\\/\\\/radioljubuski.ba\\\/index.php\\\/2021\\\/03\\\/15\\\/potpisan-kolektivni-ugovor-izmedu-vlade-i-sindikata-policije-hnz\\\/#article\",\"isPartOf\":{\"@id\":\"https:\\\/\\\/radioljubuski.ba\\\/index.php\\\/2021\\\/03\\\/15\\\/potpisan-kolektivni-ugovor-izmedu-vlade-i-sindikata-policije-hnz\\\/\"},\"author\":{\"name\":\"Radio Ljubu\u0161ki\",\"@id\":\"https:\\\/\\\/radioljubuski.ba\\\/#\\\/schema\\\/person\\\/19fc700381a780f69665d7956c469e3b\"},\"headline\":\"Potpisan kolektivni ugovor izme\u0111u Vlade i Sindikata policije HN\u017d\",\"datePublished\":\"2021-03-15T20:33:06+00:00\",\"dateModified\":\"2021-03-15T20:33:07+00:00\",\"mainEntityOfPage\":{\"@id\":\"https:\\\/\\\/radioljubuski.ba\\\/index.php\\\/2021\\\/03\\\/15\\\/potpisan-kolektivni-ugovor-izmedu-vlade-i-sindikata-policije-hnz\\\/\"},\"wordCount\":631,\"publisher\":{\"@id\":\"https:\\\/\\\/radioljubuski.ba\\\/#organization\"},\"image\":{\"@id\":\"https:\\\/\\\/radioljubuski.ba\\\/index.php\\\/2021\\\/03\\\/15\\\/potpisan-kolektivni-ugovor-izmedu-vlade-i-sindikata-policije-hnz\\\/#primaryimage\"},\"thumbnailUrl\":\"https:\\\/\\\/radioljubuski.ba\\\/wp-content\\\/uploads\\\/2021\\\/03\\\/herceg-policajci-1.jpg\",\"articleSection\":[\"BIH i regija\"],\"inLanguage\":\"hr\"},{\"@type\":\"WebPage\",\"@id\":\"https:\\\/\\\/radioljubuski.ba\\\/index.php\\\/2021\\\/03\\\/15\\\/potpisan-kolektivni-ugovor-izmedu-vlade-i-sindikata-policije-hnz\\\/\",\"url\":\"https:\\\/\\\/radioljubuski.ba\\\/index.php\\\/2021\\\/03\\\/15\\\/potpisan-kolektivni-ugovor-izmedu-vlade-i-sindikata-policije-hnz\\\/\",\"name\":\"Potpisan kolektivni ugovor izme\u0111u Vlade i Sindikata policije HN\u017d - RADIO LJUBU\u0160KI\",\"isPartOf\":{\"@id\":\"https:\\\/\\\/radioljubuski.ba\\\/#website\"},\"primaryImageOfPage\":{\"@id\":\"https:\\\/\\\/radioljubuski.ba\\\/index.php\\\/2021\\\/03\\\/15\\\/potpisan-kolektivni-ugovor-izmedu-vlade-i-sindikata-policije-hnz\\\/#primaryimage\"},\"image\":{\"@id\":\"https:\\\/\\\/radioljubuski.ba\\\/index.php\\\/2021\\\/03\\\/15\\\/potpisan-kolektivni-ugovor-izmedu-vlade-i-sindikata-policije-hnz\\\/#primaryimage\"},\"thumbnailUrl\":\"https:\\\/\\\/radioljubuski.ba\\\/wp-content\\\/uploads\\\/2021\\\/03\\\/herceg-policajci-1.jpg\",\"datePublished\":\"2021-03-15T20:33:06+00:00\",\"dateModified\":\"2021-03-15T20:33:07+00:00\",\"breadcrumb\":{\"@id\":\"https:\\\/\\\/radioljubuski.ba\\\/index.php\\\/2021\\\/03\\\/15\\\/potpisan-kolektivni-ugovor-izmedu-vlade-i-sindikata-policije-hnz\\\/#breadcrumb\"},\"inLanguage\":\"hr\",\"potentialAction\":[{\"@type\":\"ReadAction\",\"target\":[\"https:\\\/\\\/radioljubuski.ba\\\/index.php\\\/2021\\\/03\\\/15\\\/potpisan-kolektivni-ugovor-izmedu-vlade-i-sindikata-policije-hnz\\\/\"]}]},{\"@type\":\"ImageObject\",\"inLanguage\":\"hr\",\"@id\":\"https:\\\/\\\/radioljubuski.ba\\\/index.php\\\/2021\\\/03\\\/15\\\/potpisan-kolektivni-ugovor-izmedu-vlade-i-sindikata-policije-hnz\\\/#primaryimage\",\"url\":\"https:\\\/\\\/radioljubuski.ba\\\/wp-content\\\/uploads\\\/2021\\\/03\\\/herceg-policajci-1.jpg\",\"contentUrl\":\"https:\\\/\\\/radioljubuski.ba\\\/wp-content\\\/uploads\\\/2021\\\/03\\\/herceg-policajci-1.jpg\",\"width\":1024,\"height\":723},{\"@type\":\"BreadcrumbList\",\"@id\":\"https:\\\/\\\/radioljubuski.ba\\\/index.php\\\/2021\\\/03\\\/15\\\/potpisan-kolektivni-ugovor-izmedu-vlade-i-sindikata-policije-hnz\\\/#breadcrumb\",\"itemListElement\":[{\"@type\":\"ListItem\",\"position\":1,\"name\":\"Po\u010detna stranica\",\"item\":\"https:\\\/\\\/radioljubuski.ba\\\/\"},{\"@type\":\"ListItem\",\"position\":2,\"name\":\"Potpisan kolektivni ugovor izme\u0111u Vlade i Sindikata policije HN\u017d\"}]},{\"@type\":\"WebSite\",\"@id\":\"https:\\\/\\\/radioljubuski.ba\\\/#website\",\"url\":\"https:\\\/\\\/radioljubuski.ba\\\/\",\"name\":\"Radio Ljubu\u0161ki\",\"description\":\"Sun\u010dana frekvencija Hercegovine\",\"publisher\":{\"@id\":\"https:\\\/\\\/radioljubuski.ba\\\/#organization\"},\"potentialAction\":[{\"@type\":\"SearchAction\",\"target\":{\"@type\":\"EntryPoint\",\"urlTemplate\":\"https:\\\/\\\/radioljubuski.ba\\\/?s={search_term_string}\"},\"query-input\":{\"@type\":\"PropertyValueSpecification\",\"valueRequired\":true,\"valueName\":\"search_term_string\"}}],\"inLanguage\":\"hr\"},{\"@type\":\"Organization\",\"@id\":\"https:\\\/\\\/radioljubuski.ba\\\/#organization\",\"name\":\"Radio Ljubu\u0161ki\",\"url\":\"https:\\\/\\\/radioljubuski.ba\\\/\",\"logo\":{\"@type\":\"ImageObject\",\"inLanguage\":\"hr\",\"@id\":\"https:\\\/\\\/radioljubuski.ba\\\/#\\\/schema\\\/logo\\\/image\\\/\",\"url\":\"https:\\\/\\\/radioljubuski.ba\\\/wp-content\\\/uploads\\\/2021\\\/02\\\/cropped-Radio_Ljubuski_logo1.jpg\",\"contentUrl\":\"https:\\\/\\\/radioljubuski.ba\\\/wp-content\\\/uploads\\\/2021\\\/02\\\/cropped-Radio_Ljubuski_logo1.jpg\",\"width\":512,\"height\":512,\"caption\":\"Radio Ljubu\u0161ki\"},\"image\":{\"@id\":\"https:\\\/\\\/radioljubuski.ba\\\/#\\\/schema\\\/logo\\\/image\\\/\"},\"sameAs\":[\"https:\\\/\\\/www.facebook.com\\\/Radiio-Ljubuski-1490835324566332\",\"https:\\\/\\\/x.com\\\/radioljubuski\",\"https:\\\/\\\/hr.linkedin.com\\\/company\\\/radio-ljubuski\",\"https:\\\/\\\/www.youtube.com\\\/channel\\\/UCHYaeO_n0Db3tjNGudGpXyw\"]},{\"@type\":\"Person\",\"@id\":\"https:\\\/\\\/radioljubuski.ba\\\/#\\\/schema\\\/person\\\/19fc700381a780f69665d7956c469e3b\",\"name\":\"Radio Ljubu\u0161ki\"}]}<\/script>\n<!-- \/ Yoast SEO plugin. -->","yoast_head_json":{"title":"Potpisan kolektivni ugovor izme\u0111u Vlade i Sindikata policije HN\u017d - RADIO LJUBU\u0160KI","robots":{"index":"index","follow":"follow","max-snippet":"max-snippet:-1","max-image-preview":"max-image-preview:large","max-video-preview":"max-video-preview:-1"},"canonical":"https:\/\/radioljubuski.ba\/index.php\/2021\/03\/15\/potpisan-kolektivni-ugovor-izmedu-vlade-i-sindikata-policije-hnz\/","og_locale":"hr_HR","og_type":"article","og_title":"Potpisan kolektivni ugovor izme\u0111u Vlade i Sindikata policije HN\u017d - RADIO LJUBU\u0160KI","og_description":"Predsjednik Vlade Hercegova\u010dko-neretvanske \u017eupanije dr. Nevenko Herceg i Nail Bali\u0107, predsjednik Sindikata policije u HN\u017d potpisali su Kolektivni ugovor izme\u0111u Vlade i Sindikata policije HN\u017d, javlja Hrvatski Medijski Servis. \u201eOdr\u017eavanje primjerena stanja javnog reda i mira, sigurnost gra\u0111ana i imovine te vladavina prava prioriteti su rada Vlade Hercegova\u010dko-neretvanske \u017eupanije i temeljni preduvjeti za provedbu planiranih [&hellip;]","og_url":"https:\/\/radioljubuski.ba\/index.php\/2021\/03\/15\/potpisan-kolektivni-ugovor-izmedu-vlade-i-sindikata-policije-hnz\/","og_site_name":"RADIO LJUBU\u0160KI","article_publisher":"https:\/\/www.facebook.com\/Radiio-Ljubuski-1490835324566332","article_published_time":"2021-03-15T20:33:06+00:00","article_modified_time":"2021-03-15T20:33:07+00:00","og_image":[{"width":1024,"height":723,"url":"https:\/\/radioljubuski.ba\/wp-content\/uploads\/2021\/03\/herceg-policajci-1.jpg","type":"image\/jpeg"}],"author":"Radio Ljubu\u0161ki","twitter_card":"summary_large_image","twitter_creator":"@radioljubuski","twitter_site":"@radioljubuski","twitter_misc":{"Napisao\/la":"Radio Ljubu\u0161ki","Procijenjeno vrijeme \u010ditanja":"3 minute"},"schema":{"@context":"https:\/\/schema.org","@graph":[{"@type":"Article","@id":"https:\/\/radioljubuski.ba\/index.php\/2021\/03\/15\/potpisan-kolektivni-ugovor-izmedu-vlade-i-sindikata-policije-hnz\/#article","isPartOf":{"@id":"https:\/\/radioljubuski.ba\/index.php\/2021\/03\/15\/potpisan-kolektivni-ugovor-izmedu-vlade-i-sindikata-policije-hnz\/"},"author":{"name":"Radio Ljubu\u0161ki","@id":"https:\/\/radioljubuski.ba\/#\/schema\/person\/19fc700381a780f69665d7956c469e3b"},"headline":"Potpisan kolektivni ugovor izme\u0111u Vlade i Sindikata policije HN\u017d","datePublished":"2021-03-15T20:33:06+00:00","dateModified":"2021-03-15T20:33:07+00:00","mainEntityOfPage":{"@id":"https:\/\/radioljubuski.ba\/index.php\/2021\/03\/15\/potpisan-kolektivni-ugovor-izmedu-vlade-i-sindikata-policije-hnz\/"},"wordCount":631,"publisher":{"@id":"https:\/\/radioljubuski.ba\/#organization"},"image":{"@id":"https:\/\/radioljubuski.ba\/index.php\/2021\/03\/15\/potpisan-kolektivni-ugovor-izmedu-vlade-i-sindikata-policije-hnz\/#primaryimage"},"thumbnailUrl":"https:\/\/radioljubuski.ba\/wp-content\/uploads\/2021\/03\/herceg-policajci-1.jpg","articleSection":["BIH i regija"],"inLanguage":"hr"},{"@type":"WebPage","@id":"https:\/\/radioljubuski.ba\/index.php\/2021\/03\/15\/potpisan-kolektivni-ugovor-izmedu-vlade-i-sindikata-policije-hnz\/","url":"https:\/\/radioljubuski.ba\/index.php\/2021\/03\/15\/potpisan-kolektivni-ugovor-izmedu-vlade-i-sindikata-policije-hnz\/","name":"Potpisan kolektivni ugovor izme\u0111u Vlade i Sindikata policije HN\u017d - RADIO LJUBU\u0160KI","isPartOf":{"@id":"https:\/\/radioljubuski.ba\/#website"},"primaryImageOfPage":{"@id":"https:\/\/radioljubuski.ba\/index.php\/2021\/03\/15\/potpisan-kolektivni-ugovor-izmedu-vlade-i-sindikata-policije-hnz\/#primaryimage"},"image":{"@id":"https:\/\/radioljubuski.ba\/index.php\/2021\/03\/15\/potpisan-kolektivni-ugovor-izmedu-vlade-i-sindikata-policije-hnz\/#primaryimage"},"thumbnailUrl":"https:\/\/radioljubuski.ba\/wp-content\/uploads\/2021\/03\/herceg-policajci-1.jpg","datePublished":"2021-03-15T20:33:06+00:00","dateModified":"2021-03-15T20:33:07+00:00","breadcrumb":{"@id":"https:\/\/radioljubuski.ba\/index.php\/2021\/03\/15\/potpisan-kolektivni-ugovor-izmedu-vlade-i-sindikata-policije-hnz\/#breadcrumb"},"inLanguage":"hr","potentialAction":[{"@type":"ReadAction","target":["https:\/\/radioljubuski.ba\/index.php\/2021\/03\/15\/potpisan-kolektivni-ugovor-izmedu-vlade-i-sindikata-policije-hnz\/"]}]},{"@type":"ImageObject","inLanguage":"hr","@id":"https:\/\/radioljubuski.ba\/index.php\/2021\/03\/15\/potpisan-kolektivni-ugovor-izmedu-vlade-i-sindikata-policije-hnz\/#primaryimage","url":"https:\/\/radioljubuski.ba\/wp-content\/uploads\/2021\/03\/herceg-policajci-1.jpg","contentUrl":"https:\/\/radioljubuski.ba\/wp-content\/uploads\/2021\/03\/herceg-policajci-1.jpg","width":1024,"height":723},{"@type":"BreadcrumbList","@id":"https:\/\/radioljubuski.ba\/index.php\/2021\/03\/15\/potpisan-kolektivni-ugovor-izmedu-vlade-i-sindikata-policije-hnz\/#breadcrumb","itemListElement":[{"@type":"ListItem","position":1,"name":"Po\u010detna stranica","item":"https:\/\/radioljubuski.ba\/"},{"@type":"ListItem","position":2,"name":"Potpisan kolektivni ugovor izme\u0111u Vlade i Sindikata policije HN\u017d"}]},{"@type":"WebSite","@id":"https:\/\/radioljubuski.ba\/#website","url":"https:\/\/radioljubuski.ba\/","name":"Radio Ljubu\u0161ki","description":"Sun\u010dana frekvencija Hercegovine","publisher":{"@id":"https:\/\/radioljubuski.ba\/#organization"},"potentialAction":[{"@type":"SearchAction","target":{"@type":"EntryPoint","urlTemplate":"https:\/\/radioljubuski.ba\/?s={search_term_string}"},"query-input":{"@type":"PropertyValueSpecification","valueRequired":true,"valueName":"search_term_string"}}],"inLanguage":"hr"},{"@type":"Organization","@id":"https:\/\/radioljubuski.ba\/#organization","name":"Radio Ljubu\u0161ki","url":"https:\/\/radioljubuski.ba\/","logo":{"@type":"ImageObject","inLanguage":"hr","@id":"https:\/\/radioljubuski.ba\/#\/schema\/logo\/image\/","url":"https:\/\/radioljubuski.ba\/wp-content\/uploads\/2021\/02\/cropped-Radio_Ljubuski_logo1.jpg","contentUrl":"https:\/\/radioljubuski.ba\/wp-content\/uploads\/2021\/02\/cropped-Radio_Ljubuski_logo1.jpg","width":512,"height":512,"caption":"Radio Ljubu\u0161ki"},"image":{"@id":"https:\/\/radioljubuski.ba\/#\/schema\/logo\/image\/"},"sameAs":["https:\/\/www.facebook.com\/Radiio-Ljubuski-1490835324566332","https:\/\/x.com\/radioljubuski","https:\/\/hr.linkedin.com\/company\/radio-ljubuski","https:\/\/www.youtube.com\/channel\/UCHYaeO_n0Db3tjNGudGpXyw"]},{"@type":"Person","@id":"https:\/\/radioljubuski.ba\/#\/schema\/person\/19fc700381a780f69665d7956c469e3b","name":"Radio Ljubu\u0161ki"}]}},"_links":{"self":[{"href":"https:\/\/radioljubuski.ba\/index.php\/wp-json\/wp\/v2\/posts\/3958","targetHints":{"allow":["GET"]}}],"collection":[{"href":"https:\/\/radioljubuski.ba\/index.php\/wp-json\/wp\/v2\/posts"}],"about":[{"href":"https:\/\/radioljubuski.ba\/index.php\/wp-json\/wp\/v2\/types\/post"}],"author":[{"embeddable":true,"href":"https:\/\/radioljubuski.ba\/index.php\/wp-json\/wp\/v2\/users\/2"}],"replies":[{"embeddable":true,"href":"https:\/\/radioljubuski.ba\/index.php\/wp-json\/wp\/v2\/comments?post=3958"}],"version-history":[{"count":1,"href":"https:\/\/radioljubuski.ba\/index.php\/wp-json\/wp\/v2\/posts\/3958\/revisions"}],"predecessor-version":[{"id":3960,"href":"https:\/\/radioljubuski.ba\/index.php\/wp-json\/wp\/v2\/posts\/3958\/revisions\/3960"}],"wp:featuredmedia":[{"embeddable":true,"href":"https:\/\/radioljubuski.ba\/index.php\/wp-json\/wp\/v2\/media\/3959"}],"wp:attachment":[{"href":"https:\/\/radioljubuski.ba\/index.php\/wp-json\/wp\/v2\/media?parent=3958"}],"wp:term":[{"taxonomy":"category","embeddable":true,"href":"https:\/\/radioljubuski.ba\/index.php\/wp-json\/wp\/v2\/categories?post=3958"},{"taxonomy":"post_tag","embeddable":true,"href":"https:\/\/radioljubuski.ba\/index.php\/wp-json\/wp\/v2\/tags?post=3958"}],"curies":[{"name":"wp","href":"https:\/\/api.w.org\/{rel}","templated":true}]}}