{"id":3979,"date":"2021-03-16T00:10:55","date_gmt":"2021-03-15T23:10:55","guid":{"rendered":"https:\/\/radioljubuski.ba\/?p=3979"},"modified":"2021-03-16T00:10:56","modified_gmt":"2021-03-15T23:10:56","slug":"teska-ozljeda-vratara-wolverhamptona","status":"publish","type":"post","link":"https:\/\/radioljubuski.ba\/index.php\/2021\/03\/16\/teska-ozljeda-vratara-wolverhamptona\/","title":{"rendered":"Te\u0161ka ozljeda vratara Wolverhamptona"},"content":{"rendered":"\n<p><strong>U posljednjoj utakmici 28. kola engleskog nogometnog prvenstva prvak Liverpool je kao gost svladao Wolverhampton Wanderers s 1-0 (1-0).<\/strong><\/p>\n\n\n\n<p>Jedini pogodak na utakmici postigao je biv\u0161i igra\u010d &#8220;vukova&#8221;\u00a0<strong>Diogo Jota<\/strong>\u00a0u prvoj minuti nadoknade prvog poluvremena.<\/p>\n\n\n\n<blockquote class=\"twitter-tweet\"><p lang=\"en\" dir=\"ltr\">Three points but tonight our thoughts are with Rui Patricio \u2764\ufe0f<\/p>&mdash; Liverpool FC (@LFC) <a href=\"https:\/\/twitter.com\/LFC\/status\/1371583523149262862?ref_src=twsrc%5Etfw\">March 15, 2021<\/a><\/blockquote> <script async src=\"https:\/\/platform.twitter.com\/widgets.js\" charset=\"utf-8\"><\/script>\n\n\n\n<p>Susret je obilje\u017eila te\u0161ka ozljeda doma\u0107eg vratara<strong>\u00a0Ruija Patricija\u00a0<\/strong>u samoj zavr\u0161nici dvoboja. On je u 88. minuti ostao le\u017eati na travnjaku nakon \u0161to se sudario sa suigra\u010dem\u00a0<strong>Conorom Coadyjem.<\/strong>\u00a0Pomo\u0107 na terenu pru\u017eala mu se vi\u0161e od 10 minuta kako bi mu glava bila pravilno imobilizirana sve dok nije preba\u010den na nosila i iznesen.<br><br>Menad\u017eer Wolvesa\u00a0<strong>Nuno Espirito Santo<\/strong>\u00a0je nakon utakmice izjavio kako je Rui Patricio pri svijesti, govori i sje\u0107a se svega.<\/p>\n\n\n\n<blockquote class=\"twitter-tweet\"><p lang=\"en\" dir=\"ltr\">&quot;He&#39;s okay, he&#39;s totally conscious and remembers what happened.&quot;<br><br>Nuno Esp\u00edrito Santo provides an update on Wolves&#39; Rui Patricio after the goalkeeper was stretchered off with a head injury in the closing stages of their defeat to Liverpool. <a href=\"https:\/\/t.co\/3V8GnddXwE\">pic.twitter.com\/3V8GnddXwE<\/a><\/p>&mdash; Sky Sports Premier League (@SkySportsPL) <a href=\"https:\/\/twitter.com\/SkySportsPL\/status\/1371588237454680067?ref_src=twsrc%5Etfw\">March 15, 2021<\/a><\/blockquote> <script async src=\"https:\/\/platform.twitter.com\/widgets.js\" charset=\"utf-8\"><\/script>\n\n\n\n<p>Ovom pobjedom Liverpool je sko\u010dio na \u0161esto mjesto ljestvice s 46 bodova, koliko ima i sedmi Everton koji je odigrao susret manje, dok je Wolverhampton ostao 13. s 35 bodova.<br><br>Na vrhu je Manchester City sa 71 bodom, 14 vi\u0161e uz utakmicu vi\u0161e od drugog Manchester Uniteda.<br><br>LJESTVICA:<br>1. Manchester City 30 22 5 3 64 21 71<br>2. Manchester United 29 16 9 4 56 32 57<br>3. Leicester City 29 17 5 7 53 32 56<br>4. Chelsea 29 14 9 6 44 25 51<br>5. West Ham United 28 14 6 8 42 32 48<br>6. Liverpool 29 13 7 9 48 36 46<br>7. Everton 28 14 4 10 40 37 46<br>8. Tottenham Hotspur 28 13 6 9 47 30 45<br>9. Aston Villa 27 12 5 10 39 28 41<br>10. Arsenal 28 12 5 11 37 29 41<br>11. Crystal Palace 29 10 7 12 31 47 37<br>12. Leeds United 28 11 3 14 43 46 36<br>13. Wolverhampton Wanderers 29 9 8 12 28 38 35<br>14. Southampton 29 9 6 14 36 51 33<br>15. Burnley 29 8 9 12 22 37 33<br>16. Brighton and Hove Albion 28 6 11 11 29 36 29<br>17. Newcastle United 28 7 7 14 28 45 28<br>18. Fulham 29 5 11 13 22 36 26<br>19. West Bromwich Albion 29 3 9 17 20 57 18<br>20. Sheffield United 29 4 2 23 16 50 14<\/p>\n\n\n\n<p>Izvor:hrt.hr<\/p>\n","protected":false},"excerpt":{"rendered":"<p>U posljednjoj utakmici 28. kola engleskog nogometnog prvenstva prvak Liverpool je kao gost svladao Wolverhampton Wanderers s 1-0 (1-0). Jedini pogodak na utakmici postigao je biv\u0161i igra\u010d &#8220;vukova&#8221;\u00a0Diogo Jota\u00a0u prvoj minuti nadoknade prvog poluvremena. Three points but tonight our thoughts are with Rui Patricio \u2764\ufe0f &mdash; Liverpool FC (@LFC) March 15, 2021 Susret je obilje\u017eila [&hellip;]<\/p>\n","protected":false},"author":2,"featured_media":3980,"comment_status":"closed","ping_status":"closed","sticky":false,"template":"","format":"standard","meta":{"h5ap_radio_sources":[],"footnotes":""},"categories":[1],"tags":[],"class_list":["post-3979","post","type-post","status-publish","format-standard","has-post-thumbnail","hentry","category-bihiregija"],"yoast_head":"<!-- This site is optimized with the Yoast SEO plugin v27.5 - https:\/\/yoast.com\/product\/yoast-seo-wordpress\/ -->\n<title>Te\u0161ka ozljeda vratara Wolverhamptona - RADIO LJUBU\u0160KI<\/title>\n<meta name=\"robots\" content=\"index, follow, max-snippet:-1, max-image-preview:large, max-video-preview:-1\" \/>\n<link rel=\"canonical\" href=\"https:\/\/radioljubuski.ba\/index.php\/2021\/03\/16\/teska-ozljeda-vratara-wolverhamptona\/\" \/>\n<meta property=\"og:locale\" content=\"hr_HR\" \/>\n<meta property=\"og:type\" content=\"article\" \/>\n<meta property=\"og:title\" content=\"Te\u0161ka ozljeda vratara Wolverhamptona - RADIO LJUBU\u0160KI\" \/>\n<meta property=\"og:description\" content=\"U posljednjoj utakmici 28. kola engleskog nogometnog prvenstva prvak Liverpool je kao gost svladao Wolverhampton Wanderers s 1-0 (1-0). Jedini pogodak na utakmici postigao je biv\u0161i igra\u010d &#8220;vukova&#8221;\u00a0Diogo Jota\u00a0u prvoj minuti nadoknade prvog poluvremena. Three points but tonight our thoughts are with Rui Patricio \u2764\ufe0f &mdash; Liverpool FC (@LFC) March 15, 2021 Susret je obilje\u017eila [&hellip;]\" \/>\n<meta property=\"og:url\" content=\"https:\/\/radioljubuski.ba\/index.php\/2021\/03\/16\/teska-ozljeda-vratara-wolverhamptona\/\" \/>\n<meta property=\"og:site_name\" content=\"RADIO LJUBU\u0160KI\" \/>\n<meta property=\"article:publisher\" content=\"https:\/\/www.facebook.com\/Radiio-Ljubuski-1490835324566332\" \/>\n<meta property=\"article:published_time\" content=\"2021-03-15T23:10:55+00:00\" \/>\n<meta property=\"article:modified_time\" content=\"2021-03-15T23:10:56+00:00\" \/>\n<meta property=\"og:image\" content=\"https:\/\/radioljubuski.ba\/wp-content\/uploads\/2021\/03\/210315174.jpg\" \/>\n\t<meta property=\"og:image:width\" content=\"1200\" \/>\n\t<meta property=\"og:image:height\" content=\"800\" \/>\n\t<meta property=\"og:image:type\" content=\"image\/jpeg\" \/>\n<meta name=\"author\" content=\"Radio Ljubu\u0161ki\" \/>\n<meta name=\"twitter:card\" content=\"summary_large_image\" \/>\n<meta name=\"twitter:creator\" content=\"@radioljubuski\" \/>\n<meta name=\"twitter:site\" content=\"@radioljubuski\" \/>\n<meta name=\"twitter:label1\" content=\"Napisao\/la\" \/>\n\t<meta name=\"twitter:data1\" content=\"Radio Ljubu\u0161ki\" \/>\n\t<meta name=\"twitter:label2\" content=\"Procijenjeno vrijeme \u010ditanja\" \/>\n\t<meta name=\"twitter:data2\" content=\"2 minute\" \/>\n<script type=\"application\/ld+json\" class=\"yoast-schema-graph\">{\"@context\":\"https:\\\/\\\/schema.org\",\"@graph\":[{\"@type\":\"Article\",\"@id\":\"https:\\\/\\\/radioljubuski.ba\\\/index.php\\\/2021\\\/03\\\/16\\\/teska-ozljeda-vratara-wolverhamptona\\\/#article\",\"isPartOf\":{\"@id\":\"https:\\\/\\\/radioljubuski.ba\\\/index.php\\\/2021\\\/03\\\/16\\\/teska-ozljeda-vratara-wolverhamptona\\\/\"},\"author\":{\"name\":\"Radio Ljubu\u0161ki\",\"@id\":\"https:\\\/\\\/radioljubuski.ba\\\/#\\\/schema\\\/person\\\/19fc700381a780f69665d7956c469e3b\"},\"headline\":\"Te\u0161ka ozljeda vratara Wolverhamptona\",\"datePublished\":\"2021-03-15T23:10:55+00:00\",\"dateModified\":\"2021-03-15T23:10:56+00:00\",\"mainEntityOfPage\":{\"@id\":\"https:\\\/\\\/radioljubuski.ba\\\/index.php\\\/2021\\\/03\\\/16\\\/teska-ozljeda-vratara-wolverhamptona\\\/\"},\"wordCount\":281,\"publisher\":{\"@id\":\"https:\\\/\\\/radioljubuski.ba\\\/#organization\"},\"image\":{\"@id\":\"https:\\\/\\\/radioljubuski.ba\\\/index.php\\\/2021\\\/03\\\/16\\\/teska-ozljeda-vratara-wolverhamptona\\\/#primaryimage\"},\"thumbnailUrl\":\"https:\\\/\\\/radioljubuski.ba\\\/wp-content\\\/uploads\\\/2021\\\/03\\\/210315174.jpg\",\"articleSection\":[\"BIH i regija\"],\"inLanguage\":\"hr\"},{\"@type\":\"WebPage\",\"@id\":\"https:\\\/\\\/radioljubuski.ba\\\/index.php\\\/2021\\\/03\\\/16\\\/teska-ozljeda-vratara-wolverhamptona\\\/\",\"url\":\"https:\\\/\\\/radioljubuski.ba\\\/index.php\\\/2021\\\/03\\\/16\\\/teska-ozljeda-vratara-wolverhamptona\\\/\",\"name\":\"Te\u0161ka ozljeda vratara Wolverhamptona - RADIO LJUBU\u0160KI\",\"isPartOf\":{\"@id\":\"https:\\\/\\\/radioljubuski.ba\\\/#website\"},\"primaryImageOfPage\":{\"@id\":\"https:\\\/\\\/radioljubuski.ba\\\/index.php\\\/2021\\\/03\\\/16\\\/teska-ozljeda-vratara-wolverhamptona\\\/#primaryimage\"},\"image\":{\"@id\":\"https:\\\/\\\/radioljubuski.ba\\\/index.php\\\/2021\\\/03\\\/16\\\/teska-ozljeda-vratara-wolverhamptona\\\/#primaryimage\"},\"thumbnailUrl\":\"https:\\\/\\\/radioljubuski.ba\\\/wp-content\\\/uploads\\\/2021\\\/03\\\/210315174.jpg\",\"datePublished\":\"2021-03-15T23:10:55+00:00\",\"dateModified\":\"2021-03-15T23:10:56+00:00\",\"breadcrumb\":{\"@id\":\"https:\\\/\\\/radioljubuski.ba\\\/index.php\\\/2021\\\/03\\\/16\\\/teska-ozljeda-vratara-wolverhamptona\\\/#breadcrumb\"},\"inLanguage\":\"hr\",\"potentialAction\":[{\"@type\":\"ReadAction\",\"target\":[\"https:\\\/\\\/radioljubuski.ba\\\/index.php\\\/2021\\\/03\\\/16\\\/teska-ozljeda-vratara-wolverhamptona\\\/\"]}]},{\"@type\":\"ImageObject\",\"inLanguage\":\"hr\",\"@id\":\"https:\\\/\\\/radioljubuski.ba\\\/index.php\\\/2021\\\/03\\\/16\\\/teska-ozljeda-vratara-wolverhamptona\\\/#primaryimage\",\"url\":\"https:\\\/\\\/radioljubuski.ba\\\/wp-content\\\/uploads\\\/2021\\\/03\\\/210315174.jpg\",\"contentUrl\":\"https:\\\/\\\/radioljubuski.ba\\\/wp-content\\\/uploads\\\/2021\\\/03\\\/210315174.jpg\",\"width\":1200,\"height\":800},{\"@type\":\"BreadcrumbList\",\"@id\":\"https:\\\/\\\/radioljubuski.ba\\\/index.php\\\/2021\\\/03\\\/16\\\/teska-ozljeda-vratara-wolverhamptona\\\/#breadcrumb\",\"itemListElement\":[{\"@type\":\"ListItem\",\"position\":1,\"name\":\"Po\u010detna stranica\",\"item\":\"https:\\\/\\\/radioljubuski.ba\\\/\"},{\"@type\":\"ListItem\",\"position\":2,\"name\":\"Te\u0161ka ozljeda vratara Wolverhamptona\"}]},{\"@type\":\"WebSite\",\"@id\":\"https:\\\/\\\/radioljubuski.ba\\\/#website\",\"url\":\"https:\\\/\\\/radioljubuski.ba\\\/\",\"name\":\"Radio Ljubu\u0161ki\",\"description\":\"Sun\u010dana frekvencija Hercegovine\",\"publisher\":{\"@id\":\"https:\\\/\\\/radioljubuski.ba\\\/#organization\"},\"potentialAction\":[{\"@type\":\"SearchAction\",\"target\":{\"@type\":\"EntryPoint\",\"urlTemplate\":\"https:\\\/\\\/radioljubuski.ba\\\/?s={search_term_string}\"},\"query-input\":{\"@type\":\"PropertyValueSpecification\",\"valueRequired\":true,\"valueName\":\"search_term_string\"}}],\"inLanguage\":\"hr\"},{\"@type\":\"Organization\",\"@id\":\"https:\\\/\\\/radioljubuski.ba\\\/#organization\",\"name\":\"Radio Ljubu\u0161ki\",\"url\":\"https:\\\/\\\/radioljubuski.ba\\\/\",\"logo\":{\"@type\":\"ImageObject\",\"inLanguage\":\"hr\",\"@id\":\"https:\\\/\\\/radioljubuski.ba\\\/#\\\/schema\\\/logo\\\/image\\\/\",\"url\":\"https:\\\/\\\/radioljubuski.ba\\\/wp-content\\\/uploads\\\/2021\\\/02\\\/cropped-Radio_Ljubuski_logo1.jpg\",\"contentUrl\":\"https:\\\/\\\/radioljubuski.ba\\\/wp-content\\\/uploads\\\/2021\\\/02\\\/cropped-Radio_Ljubuski_logo1.jpg\",\"width\":512,\"height\":512,\"caption\":\"Radio Ljubu\u0161ki\"},\"image\":{\"@id\":\"https:\\\/\\\/radioljubuski.ba\\\/#\\\/schema\\\/logo\\\/image\\\/\"},\"sameAs\":[\"https:\\\/\\\/www.facebook.com\\\/Radiio-Ljubuski-1490835324566332\",\"https:\\\/\\\/x.com\\\/radioljubuski\",\"https:\\\/\\\/hr.linkedin.com\\\/company\\\/radio-ljubuski\",\"https:\\\/\\\/www.youtube.com\\\/channel\\\/UCHYaeO_n0Db3tjNGudGpXyw\"]},{\"@type\":\"Person\",\"@id\":\"https:\\\/\\\/radioljubuski.ba\\\/#\\\/schema\\\/person\\\/19fc700381a780f69665d7956c469e3b\",\"name\":\"Radio Ljubu\u0161ki\"}]}<\/script>\n<!-- \/ Yoast SEO plugin. -->","yoast_head_json":{"title":"Te\u0161ka ozljeda vratara Wolverhamptona - RADIO LJUBU\u0160KI","robots":{"index":"index","follow":"follow","max-snippet":"max-snippet:-1","max-image-preview":"max-image-preview:large","max-video-preview":"max-video-preview:-1"},"canonical":"https:\/\/radioljubuski.ba\/index.php\/2021\/03\/16\/teska-ozljeda-vratara-wolverhamptona\/","og_locale":"hr_HR","og_type":"article","og_title":"Te\u0161ka ozljeda vratara Wolverhamptona - RADIO LJUBU\u0160KI","og_description":"U posljednjoj utakmici 28. kola engleskog nogometnog prvenstva prvak Liverpool je kao gost svladao Wolverhampton Wanderers s 1-0 (1-0). Jedini pogodak na utakmici postigao je biv\u0161i igra\u010d &#8220;vukova&#8221;\u00a0Diogo Jota\u00a0u prvoj minuti nadoknade prvog poluvremena. Three points but tonight our thoughts are with Rui Patricio \u2764\ufe0f &mdash; Liverpool FC (@LFC) March 15, 2021 Susret je obilje\u017eila [&hellip;]","og_url":"https:\/\/radioljubuski.ba\/index.php\/2021\/03\/16\/teska-ozljeda-vratara-wolverhamptona\/","og_site_name":"RADIO LJUBU\u0160KI","article_publisher":"https:\/\/www.facebook.com\/Radiio-Ljubuski-1490835324566332","article_published_time":"2021-03-15T23:10:55+00:00","article_modified_time":"2021-03-15T23:10:56+00:00","og_image":[{"width":1200,"height":800,"url":"https:\/\/radioljubuski.ba\/wp-content\/uploads\/2021\/03\/210315174.jpg","type":"image\/jpeg"}],"author":"Radio Ljubu\u0161ki","twitter_card":"summary_large_image","twitter_creator":"@radioljubuski","twitter_site":"@radioljubuski","twitter_misc":{"Napisao\/la":"Radio Ljubu\u0161ki","Procijenjeno vrijeme \u010ditanja":"2 minute"},"schema":{"@context":"https:\/\/schema.org","@graph":[{"@type":"Article","@id":"https:\/\/radioljubuski.ba\/index.php\/2021\/03\/16\/teska-ozljeda-vratara-wolverhamptona\/#article","isPartOf":{"@id":"https:\/\/radioljubuski.ba\/index.php\/2021\/03\/16\/teska-ozljeda-vratara-wolverhamptona\/"},"author":{"name":"Radio Ljubu\u0161ki","@id":"https:\/\/radioljubuski.ba\/#\/schema\/person\/19fc700381a780f69665d7956c469e3b"},"headline":"Te\u0161ka ozljeda vratara Wolverhamptona","datePublished":"2021-03-15T23:10:55+00:00","dateModified":"2021-03-15T23:10:56+00:00","mainEntityOfPage":{"@id":"https:\/\/radioljubuski.ba\/index.php\/2021\/03\/16\/teska-ozljeda-vratara-wolverhamptona\/"},"wordCount":281,"publisher":{"@id":"https:\/\/radioljubuski.ba\/#organization"},"image":{"@id":"https:\/\/radioljubuski.ba\/index.php\/2021\/03\/16\/teska-ozljeda-vratara-wolverhamptona\/#primaryimage"},"thumbnailUrl":"https:\/\/radioljubuski.ba\/wp-content\/uploads\/2021\/03\/210315174.jpg","articleSection":["BIH i regija"],"inLanguage":"hr"},{"@type":"WebPage","@id":"https:\/\/radioljubuski.ba\/index.php\/2021\/03\/16\/teska-ozljeda-vratara-wolverhamptona\/","url":"https:\/\/radioljubuski.ba\/index.php\/2021\/03\/16\/teska-ozljeda-vratara-wolverhamptona\/","name":"Te\u0161ka ozljeda vratara Wolverhamptona - RADIO LJUBU\u0160KI","isPartOf":{"@id":"https:\/\/radioljubuski.ba\/#website"},"primaryImageOfPage":{"@id":"https:\/\/radioljubuski.ba\/index.php\/2021\/03\/16\/teska-ozljeda-vratara-wolverhamptona\/#primaryimage"},"image":{"@id":"https:\/\/radioljubuski.ba\/index.php\/2021\/03\/16\/teska-ozljeda-vratara-wolverhamptona\/#primaryimage"},"thumbnailUrl":"https:\/\/radioljubuski.ba\/wp-content\/uploads\/2021\/03\/210315174.jpg","datePublished":"2021-03-15T23:10:55+00:00","dateModified":"2021-03-15T23:10:56+00:00","breadcrumb":{"@id":"https:\/\/radioljubuski.ba\/index.php\/2021\/03\/16\/teska-ozljeda-vratara-wolverhamptona\/#breadcrumb"},"inLanguage":"hr","potentialAction":[{"@type":"ReadAction","target":["https:\/\/radioljubuski.ba\/index.php\/2021\/03\/16\/teska-ozljeda-vratara-wolverhamptona\/"]}]},{"@type":"ImageObject","inLanguage":"hr","@id":"https:\/\/radioljubuski.ba\/index.php\/2021\/03\/16\/teska-ozljeda-vratara-wolverhamptona\/#primaryimage","url":"https:\/\/radioljubuski.ba\/wp-content\/uploads\/2021\/03\/210315174.jpg","contentUrl":"https:\/\/radioljubuski.ba\/wp-content\/uploads\/2021\/03\/210315174.jpg","width":1200,"height":800},{"@type":"BreadcrumbList","@id":"https:\/\/radioljubuski.ba\/index.php\/2021\/03\/16\/teska-ozljeda-vratara-wolverhamptona\/#breadcrumb","itemListElement":[{"@type":"ListItem","position":1,"name":"Po\u010detna stranica","item":"https:\/\/radioljubuski.ba\/"},{"@type":"ListItem","position":2,"name":"Te\u0161ka ozljeda vratara Wolverhamptona"}]},{"@type":"WebSite","@id":"https:\/\/radioljubuski.ba\/#website","url":"https:\/\/radioljubuski.ba\/","name":"Radio Ljubu\u0161ki","description":"Sun\u010dana frekvencija Hercegovine","publisher":{"@id":"https:\/\/radioljubuski.ba\/#organization"},"potentialAction":[{"@type":"SearchAction","target":{"@type":"EntryPoint","urlTemplate":"https:\/\/radioljubuski.ba\/?s={search_term_string}"},"query-input":{"@type":"PropertyValueSpecification","valueRequired":true,"valueName":"search_term_string"}}],"inLanguage":"hr"},{"@type":"Organization","@id":"https:\/\/radioljubuski.ba\/#organization","name":"Radio Ljubu\u0161ki","url":"https:\/\/radioljubuski.ba\/","logo":{"@type":"ImageObject","inLanguage":"hr","@id":"https:\/\/radioljubuski.ba\/#\/schema\/logo\/image\/","url":"https:\/\/radioljubuski.ba\/wp-content\/uploads\/2021\/02\/cropped-Radio_Ljubuski_logo1.jpg","contentUrl":"https:\/\/radioljubuski.ba\/wp-content\/uploads\/2021\/02\/cropped-Radio_Ljubuski_logo1.jpg","width":512,"height":512,"caption":"Radio Ljubu\u0161ki"},"image":{"@id":"https:\/\/radioljubuski.ba\/#\/schema\/logo\/image\/"},"sameAs":["https:\/\/www.facebook.com\/Radiio-Ljubuski-1490835324566332","https:\/\/x.com\/radioljubuski","https:\/\/hr.linkedin.com\/company\/radio-ljubuski","https:\/\/www.youtube.com\/channel\/UCHYaeO_n0Db3tjNGudGpXyw"]},{"@type":"Person","@id":"https:\/\/radioljubuski.ba\/#\/schema\/person\/19fc700381a780f69665d7956c469e3b","name":"Radio Ljubu\u0161ki"}]}},"_links":{"self":[{"href":"https:\/\/radioljubuski.ba\/index.php\/wp-json\/wp\/v2\/posts\/3979","targetHints":{"allow":["GET"]}}],"collection":[{"href":"https:\/\/radioljubuski.ba\/index.php\/wp-json\/wp\/v2\/posts"}],"about":[{"href":"https:\/\/radioljubuski.ba\/index.php\/wp-json\/wp\/v2\/types\/post"}],"author":[{"embeddable":true,"href":"https:\/\/radioljubuski.ba\/index.php\/wp-json\/wp\/v2\/users\/2"}],"replies":[{"embeddable":true,"href":"https:\/\/radioljubuski.ba\/index.php\/wp-json\/wp\/v2\/comments?post=3979"}],"version-history":[{"count":1,"href":"https:\/\/radioljubuski.ba\/index.php\/wp-json\/wp\/v2\/posts\/3979\/revisions"}],"predecessor-version":[{"id":3981,"href":"https:\/\/radioljubuski.ba\/index.php\/wp-json\/wp\/v2\/posts\/3979\/revisions\/3981"}],"wp:featuredmedia":[{"embeddable":true,"href":"https:\/\/radioljubuski.ba\/index.php\/wp-json\/wp\/v2\/media\/3980"}],"wp:attachment":[{"href":"https:\/\/radioljubuski.ba\/index.php\/wp-json\/wp\/v2\/media?parent=3979"}],"wp:term":[{"taxonomy":"category","embeddable":true,"href":"https:\/\/radioljubuski.ba\/index.php\/wp-json\/wp\/v2\/categories?post=3979"},{"taxonomy":"post_tag","embeddable":true,"href":"https:\/\/radioljubuski.ba\/index.php\/wp-json\/wp\/v2\/tags?post=3979"}],"curies":[{"name":"wp","href":"https:\/\/api.w.org\/{rel}","templated":true}]}}