{"id":40396,"date":"2021-07-08T13:16:15","date_gmt":"2021-07-08T12:16:15","guid":{"rendered":"https:\/\/radioljubuski.ba\/?p=40396"},"modified":"2021-07-12T00:44:08","modified_gmt":"2021-07-11T23:44:08","slug":"euro-na-994-sire-i-paradzik-tvrde-da-je-danska-pokradena","status":"publish","type":"post","link":"https:\/\/radioljubuski.ba\/index.php\/2021\/07\/08\/euro-na-994-sire-i-paradzik-tvrde-da-je-danska-pokradena\/","title":{"rendered":"EURO na 99,4: \u0160ire i Parad\u017eik tvrde da je Danska pokradena"},"content":{"rendered":"\n<p>Nogometna reprezentacija Engleske prvi put u povijesti izborila je plasman u finale Europskog prvenstva nakon \u0161to je u polufinalnom ogledu na stadionu Wembley nakon produ\u017eetaka pobijedila Dansku sa 2-1 (1-1, 1-1).<\/p>\n\n\n\n<p>Danska je povela u 30. minuti golom <strong>Mikkela Damsgaarda<\/strong>, izjedna\u010dio je<strong> Simon Kjaer<\/strong> devet minuta kasnije gurnuv\u0161i loptu u vlastitu mre\u017eu, a pobjedu Englezima donio je <strong>Harry Kane<\/strong> golom u 104. minuti. Englezima \u0107e to biti prvo finale na Europskim prvenstvima nakon \u0161to su 1968. bili tre\u0107i, a 1996. zapeli u polufinalu, dok je Italija jedini naslov osvojila 1968. godine, a jo\u0161 dva puta izgubila u finalima (2000, 2012).<br><br>Oto\u010dani su iskoristili prednost doma\u0107eg terena, svoju fizi\u010dku nadmo\u0107 i blagu naklonost nizozemskog suca koji im je u 104. minuti dosudio vrlo dvojbeni kazneni udarac.<\/p>\n\n\n\n<p>Naime, kazneni udarac zbog pada Sterlinga 38-godi\u0161nji Nizozemac<strong> Danny Makkelie,<\/strong> prema mi\u0161ljenju ve\u0107ine nogometnih sudaca i stru\u010dnjaka, nije niti trebao dosuditi.<\/p>\n\n\n\n<p>Gosti u na\u0161oj dana\u0161njoj emisiji, sportski analiti\u010dar Ivan Ere\u0161 \u0160ire i predsjednik Udruge sudaca \u017dZH Goran Parad\u017eik komentirali su sino\u0107nju utakmicu, a posebno su\u0111enje:<\/p>\n\n\n\n<p>Na kraju emisije, proglasili smo pobjednika nagradne igre \u2013 restoran Amfora nagra\u0111uje pobjednika poklon bonom u vrijednosti 30 KM.<\/p>\n\n\n\n<p>Poslu\u0161ajte emisiju:<\/p>\n\n\n\n<iframe src=\"https:\/\/drive.google.com\/file\/d\/1laIeBhNDu6jVLBKf7tQahGgGfA0hxXvK\/preview\" style=\"width: 100%; height: 100px;\"><\/iframe>\n\n\n\n<p>Radio Ljubu\u0161ki<\/p>\n","protected":false},"excerpt":{"rendered":"<p>Nogometna reprezentacija Engleske prvi put u povijesti izborila je plasman u finale Europskog prvenstva nakon \u0161to je u polufinalnom ogledu na stadionu Wembley nakon produ\u017eetaka pobijedila Dansku sa 2-1 (1-1, 1-1). Danska je povela u 30. minuti golom Mikkela Damsgaarda, izjedna\u010dio je Simon Kjaer devet minuta kasnije gurnuv\u0161i loptu u vlastitu mre\u017eu, a pobjedu Englezima [&hellip;]<\/p>\n","protected":false},"author":2,"featured_media":40397,"comment_status":"closed","ping_status":"closed","sticky":false,"template":"","format":"standard","meta":{"h5ap_radio_sources":[],"footnotes":""},"categories":[8],"tags":[],"class_list":["post-40396","post","type-post","status-publish","format-standard","has-post-thumbnail","hentry","category-rlj-audio"],"yoast_head":"<!-- This site is optimized with the Yoast SEO plugin v27.5 - https:\/\/yoast.com\/product\/yoast-seo-wordpress\/ -->\n<title>EURO na 99,4: \u0160ire i Parad\u017eik tvrde da je Danska pokradena - RADIO LJUBU\u0160KI<\/title>\n<meta name=\"robots\" content=\"index, follow, max-snippet:-1, max-image-preview:large, max-video-preview:-1\" \/>\n<link rel=\"canonical\" href=\"https:\/\/radioljubuski.ba\/index.php\/2021\/07\/08\/euro-na-994-sire-i-paradzik-tvrde-da-je-danska-pokradena\/\" \/>\n<meta property=\"og:locale\" content=\"hr_HR\" \/>\n<meta property=\"og:type\" content=\"article\" \/>\n<meta property=\"og:title\" content=\"EURO na 99,4: \u0160ire i Parad\u017eik tvrde da je Danska pokradena - RADIO LJUBU\u0160KI\" \/>\n<meta property=\"og:description\" content=\"Nogometna reprezentacija Engleske prvi put u povijesti izborila je plasman u finale Europskog prvenstva nakon \u0161to je u polufinalnom ogledu na stadionu Wembley nakon produ\u017eetaka pobijedila Dansku sa 2-1 (1-1, 1-1). Danska je povela u 30. minuti golom Mikkela Damsgaarda, izjedna\u010dio je Simon Kjaer devet minuta kasnije gurnuv\u0161i loptu u vlastitu mre\u017eu, a pobjedu Englezima [&hellip;]\" \/>\n<meta property=\"og:url\" content=\"https:\/\/radioljubuski.ba\/index.php\/2021\/07\/08\/euro-na-994-sire-i-paradzik-tvrde-da-je-danska-pokradena\/\" \/>\n<meta property=\"og:site_name\" content=\"RADIO LJUBU\u0160KI\" \/>\n<meta property=\"article:publisher\" content=\"https:\/\/www.facebook.com\/Radiio-Ljubuski-1490835324566332\" \/>\n<meta property=\"article:published_time\" content=\"2021-07-08T12:16:15+00:00\" \/>\n<meta property=\"article:modified_time\" content=\"2021-07-11T23:44:08+00:00\" \/>\n<meta property=\"og:image\" content=\"https:\/\/radioljubuski.ba\/wp-content\/uploads\/2021\/07\/paradzik-sire-1.jpg\" \/>\n\t<meta property=\"og:image:width\" content=\"612\" \/>\n\t<meta property=\"og:image:height\" content=\"408\" \/>\n\t<meta property=\"og:image:type\" content=\"image\/jpeg\" \/>\n<meta name=\"author\" content=\"Radio Ljubu\u0161ki\" \/>\n<meta name=\"twitter:card\" content=\"summary_large_image\" \/>\n<meta name=\"twitter:creator\" content=\"@radioljubuski\" \/>\n<meta name=\"twitter:site\" content=\"@radioljubuski\" \/>\n<meta name=\"twitter:label1\" content=\"Napisao\/la\" \/>\n\t<meta name=\"twitter:data1\" content=\"Radio Ljubu\u0161ki\" \/>\n\t<meta name=\"twitter:label2\" content=\"Procijenjeno vrijeme \u010ditanja\" \/>\n\t<meta name=\"twitter:data2\" content=\"1 minuta\" \/>\n<script type=\"application\/ld+json\" class=\"yoast-schema-graph\">{\"@context\":\"https:\\\/\\\/schema.org\",\"@graph\":[{\"@type\":\"Article\",\"@id\":\"https:\\\/\\\/radioljubuski.ba\\\/index.php\\\/2021\\\/07\\\/08\\\/euro-na-994-sire-i-paradzik-tvrde-da-je-danska-pokradena\\\/#article\",\"isPartOf\":{\"@id\":\"https:\\\/\\\/radioljubuski.ba\\\/index.php\\\/2021\\\/07\\\/08\\\/euro-na-994-sire-i-paradzik-tvrde-da-je-danska-pokradena\\\/\"},\"author\":{\"name\":\"Radio Ljubu\u0161ki\",\"@id\":\"https:\\\/\\\/radioljubuski.ba\\\/#\\\/schema\\\/person\\\/19fc700381a780f69665d7956c469e3b\"},\"headline\":\"EURO na 99,4: \u0160ire i Parad\u017eik tvrde da je Danska pokradena\",\"datePublished\":\"2021-07-08T12:16:15+00:00\",\"dateModified\":\"2021-07-11T23:44:08+00:00\",\"mainEntityOfPage\":{\"@id\":\"https:\\\/\\\/radioljubuski.ba\\\/index.php\\\/2021\\\/07\\\/08\\\/euro-na-994-sire-i-paradzik-tvrde-da-je-danska-pokradena\\\/\"},\"wordCount\":215,\"publisher\":{\"@id\":\"https:\\\/\\\/radioljubuski.ba\\\/#organization\"},\"image\":{\"@id\":\"https:\\\/\\\/radioljubuski.ba\\\/index.php\\\/2021\\\/07\\\/08\\\/euro-na-994-sire-i-paradzik-tvrde-da-je-danska-pokradena\\\/#primaryimage\"},\"thumbnailUrl\":\"https:\\\/\\\/radioljubuski.ba\\\/wp-content\\\/uploads\\\/2021\\\/07\\\/paradzik-sire-1.jpg\",\"articleSection\":[\"RLJ Audio\"],\"inLanguage\":\"hr\"},{\"@type\":\"WebPage\",\"@id\":\"https:\\\/\\\/radioljubuski.ba\\\/index.php\\\/2021\\\/07\\\/08\\\/euro-na-994-sire-i-paradzik-tvrde-da-je-danska-pokradena\\\/\",\"url\":\"https:\\\/\\\/radioljubuski.ba\\\/index.php\\\/2021\\\/07\\\/08\\\/euro-na-994-sire-i-paradzik-tvrde-da-je-danska-pokradena\\\/\",\"name\":\"EURO na 99,4: \u0160ire i Parad\u017eik tvrde da je Danska pokradena - RADIO LJUBU\u0160KI\",\"isPartOf\":{\"@id\":\"https:\\\/\\\/radioljubuski.ba\\\/#website\"},\"primaryImageOfPage\":{\"@id\":\"https:\\\/\\\/radioljubuski.ba\\\/index.php\\\/2021\\\/07\\\/08\\\/euro-na-994-sire-i-paradzik-tvrde-da-je-danska-pokradena\\\/#primaryimage\"},\"image\":{\"@id\":\"https:\\\/\\\/radioljubuski.ba\\\/index.php\\\/2021\\\/07\\\/08\\\/euro-na-994-sire-i-paradzik-tvrde-da-je-danska-pokradena\\\/#primaryimage\"},\"thumbnailUrl\":\"https:\\\/\\\/radioljubuski.ba\\\/wp-content\\\/uploads\\\/2021\\\/07\\\/paradzik-sire-1.jpg\",\"datePublished\":\"2021-07-08T12:16:15+00:00\",\"dateModified\":\"2021-07-11T23:44:08+00:00\",\"breadcrumb\":{\"@id\":\"https:\\\/\\\/radioljubuski.ba\\\/index.php\\\/2021\\\/07\\\/08\\\/euro-na-994-sire-i-paradzik-tvrde-da-je-danska-pokradena\\\/#breadcrumb\"},\"inLanguage\":\"hr\",\"potentialAction\":[{\"@type\":\"ReadAction\",\"target\":[\"https:\\\/\\\/radioljubuski.ba\\\/index.php\\\/2021\\\/07\\\/08\\\/euro-na-994-sire-i-paradzik-tvrde-da-je-danska-pokradena\\\/\"]}]},{\"@type\":\"ImageObject\",\"inLanguage\":\"hr\",\"@id\":\"https:\\\/\\\/radioljubuski.ba\\\/index.php\\\/2021\\\/07\\\/08\\\/euro-na-994-sire-i-paradzik-tvrde-da-je-danska-pokradena\\\/#primaryimage\",\"url\":\"https:\\\/\\\/radioljubuski.ba\\\/wp-content\\\/uploads\\\/2021\\\/07\\\/paradzik-sire-1.jpg\",\"contentUrl\":\"https:\\\/\\\/radioljubuski.ba\\\/wp-content\\\/uploads\\\/2021\\\/07\\\/paradzik-sire-1.jpg\",\"width\":612,\"height\":408},{\"@type\":\"BreadcrumbList\",\"@id\":\"https:\\\/\\\/radioljubuski.ba\\\/index.php\\\/2021\\\/07\\\/08\\\/euro-na-994-sire-i-paradzik-tvrde-da-je-danska-pokradena\\\/#breadcrumb\",\"itemListElement\":[{\"@type\":\"ListItem\",\"position\":1,\"name\":\"Po\u010detna stranica\",\"item\":\"https:\\\/\\\/radioljubuski.ba\\\/\"},{\"@type\":\"ListItem\",\"position\":2,\"name\":\"EURO na 99,4: \u0160ire i Parad\u017eik tvrde da je Danska pokradena\"}]},{\"@type\":\"WebSite\",\"@id\":\"https:\\\/\\\/radioljubuski.ba\\\/#website\",\"url\":\"https:\\\/\\\/radioljubuski.ba\\\/\",\"name\":\"Radio Ljubu\u0161ki\",\"description\":\"Sun\u010dana frekvencija Hercegovine\",\"publisher\":{\"@id\":\"https:\\\/\\\/radioljubuski.ba\\\/#organization\"},\"potentialAction\":[{\"@type\":\"SearchAction\",\"target\":{\"@type\":\"EntryPoint\",\"urlTemplate\":\"https:\\\/\\\/radioljubuski.ba\\\/?s={search_term_string}\"},\"query-input\":{\"@type\":\"PropertyValueSpecification\",\"valueRequired\":true,\"valueName\":\"search_term_string\"}}],\"inLanguage\":\"hr\"},{\"@type\":\"Organization\",\"@id\":\"https:\\\/\\\/radioljubuski.ba\\\/#organization\",\"name\":\"Radio Ljubu\u0161ki\",\"url\":\"https:\\\/\\\/radioljubuski.ba\\\/\",\"logo\":{\"@type\":\"ImageObject\",\"inLanguage\":\"hr\",\"@id\":\"https:\\\/\\\/radioljubuski.ba\\\/#\\\/schema\\\/logo\\\/image\\\/\",\"url\":\"https:\\\/\\\/radioljubuski.ba\\\/wp-content\\\/uploads\\\/2021\\\/02\\\/cropped-Radio_Ljubuski_logo1.jpg\",\"contentUrl\":\"https:\\\/\\\/radioljubuski.ba\\\/wp-content\\\/uploads\\\/2021\\\/02\\\/cropped-Radio_Ljubuski_logo1.jpg\",\"width\":512,\"height\":512,\"caption\":\"Radio Ljubu\u0161ki\"},\"image\":{\"@id\":\"https:\\\/\\\/radioljubuski.ba\\\/#\\\/schema\\\/logo\\\/image\\\/\"},\"sameAs\":[\"https:\\\/\\\/www.facebook.com\\\/Radiio-Ljubuski-1490835324566332\",\"https:\\\/\\\/x.com\\\/radioljubuski\",\"https:\\\/\\\/hr.linkedin.com\\\/company\\\/radio-ljubuski\",\"https:\\\/\\\/www.youtube.com\\\/channel\\\/UCHYaeO_n0Db3tjNGudGpXyw\"]},{\"@type\":\"Person\",\"@id\":\"https:\\\/\\\/radioljubuski.ba\\\/#\\\/schema\\\/person\\\/19fc700381a780f69665d7956c469e3b\",\"name\":\"Radio Ljubu\u0161ki\"}]}<\/script>\n<!-- \/ Yoast SEO plugin. -->","yoast_head_json":{"title":"EURO na 99,4: \u0160ire i Parad\u017eik tvrde da je Danska pokradena - RADIO LJUBU\u0160KI","robots":{"index":"index","follow":"follow","max-snippet":"max-snippet:-1","max-image-preview":"max-image-preview:large","max-video-preview":"max-video-preview:-1"},"canonical":"https:\/\/radioljubuski.ba\/index.php\/2021\/07\/08\/euro-na-994-sire-i-paradzik-tvrde-da-je-danska-pokradena\/","og_locale":"hr_HR","og_type":"article","og_title":"EURO na 99,4: \u0160ire i Parad\u017eik tvrde da je Danska pokradena - RADIO LJUBU\u0160KI","og_description":"Nogometna reprezentacija Engleske prvi put u povijesti izborila je plasman u finale Europskog prvenstva nakon \u0161to je u polufinalnom ogledu na stadionu Wembley nakon produ\u017eetaka pobijedila Dansku sa 2-1 (1-1, 1-1). Danska je povela u 30. minuti golom Mikkela Damsgaarda, izjedna\u010dio je Simon Kjaer devet minuta kasnije gurnuv\u0161i loptu u vlastitu mre\u017eu, a pobjedu Englezima [&hellip;]","og_url":"https:\/\/radioljubuski.ba\/index.php\/2021\/07\/08\/euro-na-994-sire-i-paradzik-tvrde-da-je-danska-pokradena\/","og_site_name":"RADIO LJUBU\u0160KI","article_publisher":"https:\/\/www.facebook.com\/Radiio-Ljubuski-1490835324566332","article_published_time":"2021-07-08T12:16:15+00:00","article_modified_time":"2021-07-11T23:44:08+00:00","og_image":[{"width":612,"height":408,"url":"https:\/\/radioljubuski.ba\/wp-content\/uploads\/2021\/07\/paradzik-sire-1.jpg","type":"image\/jpeg"}],"author":"Radio Ljubu\u0161ki","twitter_card":"summary_large_image","twitter_creator":"@radioljubuski","twitter_site":"@radioljubuski","twitter_misc":{"Napisao\/la":"Radio Ljubu\u0161ki","Procijenjeno vrijeme \u010ditanja":"1 minuta"},"schema":{"@context":"https:\/\/schema.org","@graph":[{"@type":"Article","@id":"https:\/\/radioljubuski.ba\/index.php\/2021\/07\/08\/euro-na-994-sire-i-paradzik-tvrde-da-je-danska-pokradena\/#article","isPartOf":{"@id":"https:\/\/radioljubuski.ba\/index.php\/2021\/07\/08\/euro-na-994-sire-i-paradzik-tvrde-da-je-danska-pokradena\/"},"author":{"name":"Radio Ljubu\u0161ki","@id":"https:\/\/radioljubuski.ba\/#\/schema\/person\/19fc700381a780f69665d7956c469e3b"},"headline":"EURO na 99,4: \u0160ire i Parad\u017eik tvrde da je Danska pokradena","datePublished":"2021-07-08T12:16:15+00:00","dateModified":"2021-07-11T23:44:08+00:00","mainEntityOfPage":{"@id":"https:\/\/radioljubuski.ba\/index.php\/2021\/07\/08\/euro-na-994-sire-i-paradzik-tvrde-da-je-danska-pokradena\/"},"wordCount":215,"publisher":{"@id":"https:\/\/radioljubuski.ba\/#organization"},"image":{"@id":"https:\/\/radioljubuski.ba\/index.php\/2021\/07\/08\/euro-na-994-sire-i-paradzik-tvrde-da-je-danska-pokradena\/#primaryimage"},"thumbnailUrl":"https:\/\/radioljubuski.ba\/wp-content\/uploads\/2021\/07\/paradzik-sire-1.jpg","articleSection":["RLJ Audio"],"inLanguage":"hr"},{"@type":"WebPage","@id":"https:\/\/radioljubuski.ba\/index.php\/2021\/07\/08\/euro-na-994-sire-i-paradzik-tvrde-da-je-danska-pokradena\/","url":"https:\/\/radioljubuski.ba\/index.php\/2021\/07\/08\/euro-na-994-sire-i-paradzik-tvrde-da-je-danska-pokradena\/","name":"EURO na 99,4: \u0160ire i Parad\u017eik tvrde da je Danska pokradena - RADIO LJUBU\u0160KI","isPartOf":{"@id":"https:\/\/radioljubuski.ba\/#website"},"primaryImageOfPage":{"@id":"https:\/\/radioljubuski.ba\/index.php\/2021\/07\/08\/euro-na-994-sire-i-paradzik-tvrde-da-je-danska-pokradena\/#primaryimage"},"image":{"@id":"https:\/\/radioljubuski.ba\/index.php\/2021\/07\/08\/euro-na-994-sire-i-paradzik-tvrde-da-je-danska-pokradena\/#primaryimage"},"thumbnailUrl":"https:\/\/radioljubuski.ba\/wp-content\/uploads\/2021\/07\/paradzik-sire-1.jpg","datePublished":"2021-07-08T12:16:15+00:00","dateModified":"2021-07-11T23:44:08+00:00","breadcrumb":{"@id":"https:\/\/radioljubuski.ba\/index.php\/2021\/07\/08\/euro-na-994-sire-i-paradzik-tvrde-da-je-danska-pokradena\/#breadcrumb"},"inLanguage":"hr","potentialAction":[{"@type":"ReadAction","target":["https:\/\/radioljubuski.ba\/index.php\/2021\/07\/08\/euro-na-994-sire-i-paradzik-tvrde-da-je-danska-pokradena\/"]}]},{"@type":"ImageObject","inLanguage":"hr","@id":"https:\/\/radioljubuski.ba\/index.php\/2021\/07\/08\/euro-na-994-sire-i-paradzik-tvrde-da-je-danska-pokradena\/#primaryimage","url":"https:\/\/radioljubuski.ba\/wp-content\/uploads\/2021\/07\/paradzik-sire-1.jpg","contentUrl":"https:\/\/radioljubuski.ba\/wp-content\/uploads\/2021\/07\/paradzik-sire-1.jpg","width":612,"height":408},{"@type":"BreadcrumbList","@id":"https:\/\/radioljubuski.ba\/index.php\/2021\/07\/08\/euro-na-994-sire-i-paradzik-tvrde-da-je-danska-pokradena\/#breadcrumb","itemListElement":[{"@type":"ListItem","position":1,"name":"Po\u010detna stranica","item":"https:\/\/radioljubuski.ba\/"},{"@type":"ListItem","position":2,"name":"EURO na 99,4: \u0160ire i Parad\u017eik tvrde da je Danska pokradena"}]},{"@type":"WebSite","@id":"https:\/\/radioljubuski.ba\/#website","url":"https:\/\/radioljubuski.ba\/","name":"Radio Ljubu\u0161ki","description":"Sun\u010dana frekvencija Hercegovine","publisher":{"@id":"https:\/\/radioljubuski.ba\/#organization"},"potentialAction":[{"@type":"SearchAction","target":{"@type":"EntryPoint","urlTemplate":"https:\/\/radioljubuski.ba\/?s={search_term_string}"},"query-input":{"@type":"PropertyValueSpecification","valueRequired":true,"valueName":"search_term_string"}}],"inLanguage":"hr"},{"@type":"Organization","@id":"https:\/\/radioljubuski.ba\/#organization","name":"Radio Ljubu\u0161ki","url":"https:\/\/radioljubuski.ba\/","logo":{"@type":"ImageObject","inLanguage":"hr","@id":"https:\/\/radioljubuski.ba\/#\/schema\/logo\/image\/","url":"https:\/\/radioljubuski.ba\/wp-content\/uploads\/2021\/02\/cropped-Radio_Ljubuski_logo1.jpg","contentUrl":"https:\/\/radioljubuski.ba\/wp-content\/uploads\/2021\/02\/cropped-Radio_Ljubuski_logo1.jpg","width":512,"height":512,"caption":"Radio Ljubu\u0161ki"},"image":{"@id":"https:\/\/radioljubuski.ba\/#\/schema\/logo\/image\/"},"sameAs":["https:\/\/www.facebook.com\/Radiio-Ljubuski-1490835324566332","https:\/\/x.com\/radioljubuski","https:\/\/hr.linkedin.com\/company\/radio-ljubuski","https:\/\/www.youtube.com\/channel\/UCHYaeO_n0Db3tjNGudGpXyw"]},{"@type":"Person","@id":"https:\/\/radioljubuski.ba\/#\/schema\/person\/19fc700381a780f69665d7956c469e3b","name":"Radio Ljubu\u0161ki"}]}},"_links":{"self":[{"href":"https:\/\/radioljubuski.ba\/index.php\/wp-json\/wp\/v2\/posts\/40396","targetHints":{"allow":["GET"]}}],"collection":[{"href":"https:\/\/radioljubuski.ba\/index.php\/wp-json\/wp\/v2\/posts"}],"about":[{"href":"https:\/\/radioljubuski.ba\/index.php\/wp-json\/wp\/v2\/types\/post"}],"author":[{"embeddable":true,"href":"https:\/\/radioljubuski.ba\/index.php\/wp-json\/wp\/v2\/users\/2"}],"replies":[{"embeddable":true,"href":"https:\/\/radioljubuski.ba\/index.php\/wp-json\/wp\/v2\/comments?post=40396"}],"version-history":[{"count":1,"href":"https:\/\/radioljubuski.ba\/index.php\/wp-json\/wp\/v2\/posts\/40396\/revisions"}],"predecessor-version":[{"id":40398,"href":"https:\/\/radioljubuski.ba\/index.php\/wp-json\/wp\/v2\/posts\/40396\/revisions\/40398"}],"wp:featuredmedia":[{"embeddable":true,"href":"https:\/\/radioljubuski.ba\/index.php\/wp-json\/wp\/v2\/media\/40397"}],"wp:attachment":[{"href":"https:\/\/radioljubuski.ba\/index.php\/wp-json\/wp\/v2\/media?parent=40396"}],"wp:term":[{"taxonomy":"category","embeddable":true,"href":"https:\/\/radioljubuski.ba\/index.php\/wp-json\/wp\/v2\/categories?post=40396"},{"taxonomy":"post_tag","embeddable":true,"href":"https:\/\/radioljubuski.ba\/index.php\/wp-json\/wp\/v2\/tags?post=40396"}],"curies":[{"name":"wp","href":"https:\/\/api.w.org\/{rel}","templated":true}]}}