{"id":4049,"date":"2021-03-16T08:42:37","date_gmt":"2021-03-16T07:42:37","guid":{"rendered":"https:\/\/radioljubuski.ba\/?p=4049"},"modified":"2021-03-16T08:42:38","modified_gmt":"2021-03-16T07:42:38","slug":"na-danasnji-dan-roden-je-gojko-susak-ministar-obrane-cije-ime-hrvati-gotovo-namjerno-zaboravljaju","status":"publish","type":"post","link":"https:\/\/radioljubuski.ba\/index.php\/2021\/03\/16\/na-danasnji-dan-roden-je-gojko-susak-ministar-obrane-cije-ime-hrvati-gotovo-namjerno-zaboravljaju\/","title":{"rendered":"Na dana\u0161nji dan ro\u0111en je Gojko \u0160u\u0161ak \u2013 ministar obrane \u010dije ime Hrvati gotovo namjerno zaboravljaju"},"content":{"rendered":"\n<p><strong>Na dana\u0161nji dan ro\u0111en je Gojko \u0160u\u0161ak (\u0160iroki Brijeg, 16. o\u017eujka 1945. \u2013 Zagreb, 3. svibnja 1998.), hrvatski politi\u010dar.<\/strong><\/p>\n\n\n\n<p>Ministar obrane Republike Hrvatske od 1991. do svoje smrti 1998. i jedan od najbli\u017eih suradnika predsjednika Franje Tu\u0111mana.<\/p>\n\n\n\n<p>Gojko \u0160u\u0161ak postao je ministar obrane 18.9.1991., samo 2 mjeseca prije pada Vukovara, u okolnostima u kojima je Srbija ve\u0107 okupirala gotovo jednu tre\u0107inu hrvatskog teritorija. \u0160u\u0161ak je preuzeo ministarstvo koje je bilo odgovorno za obranu i osloba\u0111anje Hrvatske u tretnutku kad je Hrvatska vojska bila u procesu ustrojavanja, samo tjedan dana prije nego \u0161to je 25.9.1991., na zahtjev tada\u0161njeg ministra vanjskih poslova SFRJ Budimira Lon\u010dara i britanske diplomacije, Vije\u0107e sigurnosti UN-a donijelo rezoluciju UN-a 713 o zabrani uvoza oru\u017eja i vojne opreme u zemlje tada\u0161nje Jugoslavije. Budimir Lon\u010dar danas je predsjednik Savjeta za vanjsku politiku predsjednika Josipovi\u0107a. Tri tjedna nakon \u0161to je postao ministar, Gojko \u0160u\u0161ak je ustrojio Glavni sto\u017eer Oru\u017eanih snaga Republike Hrvatske.<\/p>\n\n\n\n<p>U iznimno te\u0161kim politi\u010dkim, vojnim, financijskim okolnostima ministar \u0160u\u0161ak ustrojio je Hrvatsku vojsku, oslobodio sva okupirana podru\u010dja Republike Hrvatske omogu\u010duju\u0107i povratak stotina tisu\u0107a hrvatskih prognanika te osigurao sve preduvjete za ulazak Hrvatske u NATO.<\/p>\n\n\n\n<p><strong>Gojko \u0160u\u0161ak \u2013 Ime koje Hrvati gotovo namjerno zaboravljaju<\/strong><\/p>\n\n\n\n<p>Postoji odre\u0111eni obrazac, uzmu li se u obzir obljetnice Bljeska, Oluje ili drugih velikih ratnih ili pak diplomatskih pobjeda Hrvatske; jedno ime Hrvati gotovo namjerno zaboravljaju: radi li se o nemaru ili namjeri, te\u0161ko je re\u0107i, no u hrvatskom medijskom i javnom \u017eivotu uop\u0107e nema spomena ratnog ministra obrane Gojka \u0160u\u0161ka.<\/p>\n\n\n\n<p>Ne treba biti posebno obrazovan ili pametan kako bi se do\u0161lo do zaklju\u010dka da je u ratu jedno od klju\u010dnih mjesta upravo ono ministra obrane, jer, Predsjednik Republike Hrvatske jest vrhovni zapovjednik oru\u017eanih snaga i kao takav on donosi odluke koje bismo mogli nazvati politi\u010dkima, a onaj tko to realizira, u svim potankostima i detaljima jest upravo ministar obrane.<\/p>\n\n\n\n<p>I zaista, nije li u najmanju ruku \u010dudno \u0161to se nitko ne spomene \u0160u\u0161kova imena, barem kao uzgredno ime, odnosno ime klju\u010dnog ministra koji je obranio Hrvatsku?<\/p>\n\n\n\n<p>Uostalom, kao da Hrvatska \u201990.-ih godine nije postala demokratska zemlja; ma o kakvoj se vrsti demokracije radi, bila ona parlamentarna, predsjedni\u010dka ili polupredsjedni\u010dka, zemlju nije vodio (niti je mogao voditi) jedan \u010dovjek \u2013 bilo ih je potrebno vi\u0161e \u2013 ina\u010de se radi o diktaturama, \u0161to nije to\u010dno za onda\u0161nji hrvatski slu\u010daj.<\/p>\n\n\n\n<p>No, \u0161to je? Gojko \u0160u\u0161ak nije bio govorljiv, nije bio \u201cfotogeni\u010dan\u201d, kako se ka\u017ee, niti su ga kamere voljele niti je on volio kamere. Nije bio \u201cintelektualac\u201d, niti je dr\u017eao \u201cpovijesne\u201d govore, nije se prenemagao s pretencioznim izrazima i frazama ni ganjao medijsku pa\u017enju \u2013 pa \u0107emo ga zato zaboraviti?!<\/p>\n\n\n\n<p>A \u010dovjek je najzaslu\u017eniji, ne samo za dobivanje rata, nego i za priznanje Republike Hrvatske od strane najva\u017enije dr\u017eave svijeta, a to je nesumnjivo i neupitno SAD.<\/p>\n\n\n\n<p>Malo je poznato (a \u010dija je to krivnja?) da je \u0160u\u0161ak bio osobni prijatelj sa Williamom Perryem koji je u Clintonovoj vladi obna\u0161ao du\u017enost prvo zamjenika ministra obrane, a od \u201994. ministra obrane u Clintonovoj administraciji.<\/p>\n\n\n\n<p>Ina\u010de, taj je Perry, osim \u0161to je profesor (emeritus) na Stanfordu, najbolji stru\u010dnjak za tiho i elektroni\u010dko ratovanje u povijesti \u010dovje\u010danstva. Prosje\u010dan \u010dovjek smatra da se rat dobiva oru\u017ejem \u2013 istina, dobivao se oru\u017ejem u vremena kad je neandertalac tr\u010dkarao zemaljskim proplancima \u2013 i i\u0161\u010deznu\u0107em neandertalca i\u0161\u010deznuo je i isklju\u010divo fizi\u010dki na\u010din ratovanja.<\/p>\n\n\n\n<p>Malo tko si uop\u0107e mo\u017ee uprispodobiti na koji se sve na\u010din \u201eobra\u0111ivalo\u201c pojedine diplomate i druge predstavnike naroda, koliko je tu bilo gledanja \u201ekroz prste\u201c Hrvatima, koliko popu\u0161tanja, nagovaranja, ucjenjivanja i umoljavanja \u2013 sve to ne bi bilo mogu\u0107e bez Perrya, odnosno bez \u0160u\u0161kova prijateljstva s njim.<\/p>\n\n\n\n<p>Sumnja li itko, koga se slu\u0161alo, odnosno \u010dija je bila zadnja \u2013 Tu\u0111manova ili \u0160u\u0161kova rije\u010d? Nije rije\u010d ovdje o nekakvom animozitetu ili proturje\u010dju, ve\u0107 o pukoj vojni\u010dkoj logici \u2013 slu\u0161alo se ratnog ministra kao izvr\u0161itelja, a ne Tu\u0111mana kao donositelja politi\u010dke odluke.<\/p>\n\n\n\n<p>Ne treba, dakle, Tu\u0111manu oduzimati zasluge jer je pod njegovim vodstvom oslobo\u0111ena Hrvatska, no ako se ve\u0107 daju zasluge, one trebaju pripasti svima, a ne samo jednom \u010dovjeku.<\/p>\n\n\n\n<p>Mo\u017eda su Hrvati i dalje komunisti\u010dkog mentaliteta, pa kao \u0161to se cijela Jugoslavija svodila na \u201eljubi\u010dicu bijelu\u201c tako i slobodnu Hrvatsku svode na isklju\u010divo Tu\u0111mana? To ne mo\u017ee tako, i s tom sramotnom praksom pre\u0161u\u0107ivanja ratnog ministra obrane Gojka \u0160u\u0161ka se ve\u0107 jednom mora prestati, ne samo \u0161to bi to zna\u010dilo potvr\u0111ivanje i nastavljanje bolj\u0161evisti\u010dkog mentaliteta, nego jer ne odgovara istini.<\/p>\n\n\n\n<p>Nadalje, ne treba, kao \u0161to to cijelu svoju povijest \u010dine Srbi, stvarati mitove, a svaki se mit utemeljuje na jednom doga\u0111aju, jednoj osobi \u2013 zasluga za neovisnost Hrvatske pripada hrvatskim braniteljima i dragovoljcima, ali i hrvatskim diplomatima, napose \u010delnim ljudima \u2013 generalima i ministrima.<\/p>\n\n\n\n<p><strong>Postoje li, ipak, drugi razlozi, zbog koji se Gojka \u0160u\u0161ka tako revno i besprijekorno pre\u0161u\u0107uje?<\/strong><\/p>\n\n\n\n<p>Nije li bli\u017ee istini da su svi, ali beziznimno svi \u010delni ljudi 90-ih godina na ovaj ili onaj na\u010din sura\u0111ivali ili \u0161urovali s komunisti\u010dkim re\u017eimom, a samo su dvije osobe na visokim polo\u017eajima bile neoskvrnute komunizmom: Gojko \u0160u\u0161ak i Ivi\u0107 Pa\u0161ali\u0107?<\/p>\n\n\n\n<p>Ako je tako, onda bismo se zaista trebali zabrinuti glede trenutne politi\u010dke vrhu\u0161ke, jer, ako pre\u0161u\u0107uju na\u0161e, zaista hrvatske velikane, samo zbog toga \u0161to nisu optere\u0107eni komunisti\u010dkom prljav\u0161tinom i stoga im je te\u0161ko s njima se poistovjetiti\u2026<\/p>\n\n\n\n<p><strong>Izvor: Iks-portal.info<\/strong><\/p>\n","protected":false},"excerpt":{"rendered":"<p>Na dana\u0161nji dan ro\u0111en je Gojko \u0160u\u0161ak (\u0160iroki Brijeg, 16. o\u017eujka 1945. \u2013 Zagreb, 3. svibnja 1998.), hrvatski politi\u010dar. Ministar obrane Republike Hrvatske od 1991. do svoje smrti 1998. i jedan od najbli\u017eih suradnika predsjednika Franje Tu\u0111mana. Gojko \u0160u\u0161ak postao je ministar obrane 18.9.1991., samo 2 mjeseca prije pada Vukovara, u okolnostima u kojima je [&hellip;]<\/p>\n","protected":false},"author":2,"featured_media":4050,"comment_status":"closed","ping_status":"closed","sticky":false,"template":"","format":"standard","meta":{"h5ap_radio_sources":[],"footnotes":""},"categories":[1],"tags":[],"class_list":["post-4049","post","type-post","status-publish","format-standard","has-post-thumbnail","hentry","category-bihiregija"],"yoast_head":"<!-- This site is optimized with the Yoast SEO plugin v27.5 - https:\/\/yoast.com\/product\/yoast-seo-wordpress\/ -->\n<title>Na dana\u0161nji dan ro\u0111en je Gojko \u0160u\u0161ak \u2013 ministar obrane \u010dije ime Hrvati gotovo namjerno zaboravljaju - RADIO LJUBU\u0160KI<\/title>\n<meta name=\"robots\" content=\"index, follow, max-snippet:-1, max-image-preview:large, max-video-preview:-1\" \/>\n<link rel=\"canonical\" href=\"https:\/\/radioljubuski.ba\/index.php\/2021\/03\/16\/na-danasnji-dan-roden-je-gojko-susak-ministar-obrane-cije-ime-hrvati-gotovo-namjerno-zaboravljaju\/\" \/>\n<meta property=\"og:locale\" content=\"hr_HR\" \/>\n<meta property=\"og:type\" content=\"article\" \/>\n<meta property=\"og:title\" content=\"Na dana\u0161nji dan ro\u0111en je Gojko \u0160u\u0161ak \u2013 ministar obrane \u010dije ime Hrvati gotovo namjerno zaboravljaju - RADIO LJUBU\u0160KI\" \/>\n<meta property=\"og:description\" content=\"Na dana\u0161nji dan ro\u0111en je Gojko \u0160u\u0161ak (\u0160iroki Brijeg, 16. o\u017eujka 1945. \u2013 Zagreb, 3. svibnja 1998.), hrvatski politi\u010dar. Ministar obrane Republike Hrvatske od 1991. do svoje smrti 1998. i jedan od najbli\u017eih suradnika predsjednika Franje Tu\u0111mana. Gojko \u0160u\u0161ak postao je ministar obrane 18.9.1991., samo 2 mjeseca prije pada Vukovara, u okolnostima u kojima je [&hellip;]\" \/>\n<meta property=\"og:url\" content=\"https:\/\/radioljubuski.ba\/index.php\/2021\/03\/16\/na-danasnji-dan-roden-je-gojko-susak-ministar-obrane-cije-ime-hrvati-gotovo-namjerno-zaboravljaju\/\" \/>\n<meta property=\"og:site_name\" content=\"RADIO LJUBU\u0160KI\" \/>\n<meta property=\"article:publisher\" content=\"https:\/\/www.facebook.com\/Radiio-Ljubuski-1490835324566332\" \/>\n<meta property=\"article:published_time\" content=\"2021-03-16T07:42:37+00:00\" \/>\n<meta property=\"article:modified_time\" content=\"2021-03-16T07:42:38+00:00\" \/>\n<meta property=\"og:image\" content=\"https:\/\/radioljubuski.ba\/wp-content\/uploads\/2021\/03\/susak.jpg\" \/>\n\t<meta property=\"og:image:width\" content=\"1024\" \/>\n\t<meta property=\"og:image:height\" content=\"580\" \/>\n\t<meta property=\"og:image:type\" content=\"image\/jpeg\" \/>\n<meta name=\"author\" content=\"Radio Ljubu\u0161ki\" \/>\n<meta name=\"twitter:card\" content=\"summary_large_image\" \/>\n<meta name=\"twitter:creator\" content=\"@radioljubuski\" \/>\n<meta name=\"twitter:site\" content=\"@radioljubuski\" \/>\n<meta name=\"twitter:label1\" content=\"Napisao\/la\" \/>\n\t<meta name=\"twitter:data1\" content=\"Radio Ljubu\u0161ki\" \/>\n\t<meta name=\"twitter:label2\" content=\"Procijenjeno vrijeme \u010ditanja\" \/>\n\t<meta name=\"twitter:data2\" content=\"4 minute\" \/>\n<script type=\"application\/ld+json\" class=\"yoast-schema-graph\">{\"@context\":\"https:\\\/\\\/schema.org\",\"@graph\":[{\"@type\":\"Article\",\"@id\":\"https:\\\/\\\/radioljubuski.ba\\\/index.php\\\/2021\\\/03\\\/16\\\/na-danasnji-dan-roden-je-gojko-susak-ministar-obrane-cije-ime-hrvati-gotovo-namjerno-zaboravljaju\\\/#article\",\"isPartOf\":{\"@id\":\"https:\\\/\\\/radioljubuski.ba\\\/index.php\\\/2021\\\/03\\\/16\\\/na-danasnji-dan-roden-je-gojko-susak-ministar-obrane-cije-ime-hrvati-gotovo-namjerno-zaboravljaju\\\/\"},\"author\":{\"name\":\"Radio Ljubu\u0161ki\",\"@id\":\"https:\\\/\\\/radioljubuski.ba\\\/#\\\/schema\\\/person\\\/19fc700381a780f69665d7956c469e3b\"},\"headline\":\"Na dana\u0161nji dan ro\u0111en je Gojko \u0160u\u0161ak \u2013 ministar obrane \u010dije ime Hrvati gotovo namjerno zaboravljaju\",\"datePublished\":\"2021-03-16T07:42:37+00:00\",\"dateModified\":\"2021-03-16T07:42:38+00:00\",\"mainEntityOfPage\":{\"@id\":\"https:\\\/\\\/radioljubuski.ba\\\/index.php\\\/2021\\\/03\\\/16\\\/na-danasnji-dan-roden-je-gojko-susak-ministar-obrane-cije-ime-hrvati-gotovo-namjerno-zaboravljaju\\\/\"},\"wordCount\":988,\"publisher\":{\"@id\":\"https:\\\/\\\/radioljubuski.ba\\\/#organization\"},\"image\":{\"@id\":\"https:\\\/\\\/radioljubuski.ba\\\/index.php\\\/2021\\\/03\\\/16\\\/na-danasnji-dan-roden-je-gojko-susak-ministar-obrane-cije-ime-hrvati-gotovo-namjerno-zaboravljaju\\\/#primaryimage\"},\"thumbnailUrl\":\"https:\\\/\\\/radioljubuski.ba\\\/wp-content\\\/uploads\\\/2021\\\/03\\\/susak.jpg\",\"articleSection\":[\"BIH i regija\"],\"inLanguage\":\"hr\"},{\"@type\":\"WebPage\",\"@id\":\"https:\\\/\\\/radioljubuski.ba\\\/index.php\\\/2021\\\/03\\\/16\\\/na-danasnji-dan-roden-je-gojko-susak-ministar-obrane-cije-ime-hrvati-gotovo-namjerno-zaboravljaju\\\/\",\"url\":\"https:\\\/\\\/radioljubuski.ba\\\/index.php\\\/2021\\\/03\\\/16\\\/na-danasnji-dan-roden-je-gojko-susak-ministar-obrane-cije-ime-hrvati-gotovo-namjerno-zaboravljaju\\\/\",\"name\":\"Na dana\u0161nji dan ro\u0111en je Gojko \u0160u\u0161ak \u2013 ministar obrane \u010dije ime Hrvati gotovo namjerno zaboravljaju - RADIO LJUBU\u0160KI\",\"isPartOf\":{\"@id\":\"https:\\\/\\\/radioljubuski.ba\\\/#website\"},\"primaryImageOfPage\":{\"@id\":\"https:\\\/\\\/radioljubuski.ba\\\/index.php\\\/2021\\\/03\\\/16\\\/na-danasnji-dan-roden-je-gojko-susak-ministar-obrane-cije-ime-hrvati-gotovo-namjerno-zaboravljaju\\\/#primaryimage\"},\"image\":{\"@id\":\"https:\\\/\\\/radioljubuski.ba\\\/index.php\\\/2021\\\/03\\\/16\\\/na-danasnji-dan-roden-je-gojko-susak-ministar-obrane-cije-ime-hrvati-gotovo-namjerno-zaboravljaju\\\/#primaryimage\"},\"thumbnailUrl\":\"https:\\\/\\\/radioljubuski.ba\\\/wp-content\\\/uploads\\\/2021\\\/03\\\/susak.jpg\",\"datePublished\":\"2021-03-16T07:42:37+00:00\",\"dateModified\":\"2021-03-16T07:42:38+00:00\",\"breadcrumb\":{\"@id\":\"https:\\\/\\\/radioljubuski.ba\\\/index.php\\\/2021\\\/03\\\/16\\\/na-danasnji-dan-roden-je-gojko-susak-ministar-obrane-cije-ime-hrvati-gotovo-namjerno-zaboravljaju\\\/#breadcrumb\"},\"inLanguage\":\"hr\",\"potentialAction\":[{\"@type\":\"ReadAction\",\"target\":[\"https:\\\/\\\/radioljubuski.ba\\\/index.php\\\/2021\\\/03\\\/16\\\/na-danasnji-dan-roden-je-gojko-susak-ministar-obrane-cije-ime-hrvati-gotovo-namjerno-zaboravljaju\\\/\"]}]},{\"@type\":\"ImageObject\",\"inLanguage\":\"hr\",\"@id\":\"https:\\\/\\\/radioljubuski.ba\\\/index.php\\\/2021\\\/03\\\/16\\\/na-danasnji-dan-roden-je-gojko-susak-ministar-obrane-cije-ime-hrvati-gotovo-namjerno-zaboravljaju\\\/#primaryimage\",\"url\":\"https:\\\/\\\/radioljubuski.ba\\\/wp-content\\\/uploads\\\/2021\\\/03\\\/susak.jpg\",\"contentUrl\":\"https:\\\/\\\/radioljubuski.ba\\\/wp-content\\\/uploads\\\/2021\\\/03\\\/susak.jpg\",\"width\":1024,\"height\":580},{\"@type\":\"BreadcrumbList\",\"@id\":\"https:\\\/\\\/radioljubuski.ba\\\/index.php\\\/2021\\\/03\\\/16\\\/na-danasnji-dan-roden-je-gojko-susak-ministar-obrane-cije-ime-hrvati-gotovo-namjerno-zaboravljaju\\\/#breadcrumb\",\"itemListElement\":[{\"@type\":\"ListItem\",\"position\":1,\"name\":\"Po\u010detna stranica\",\"item\":\"https:\\\/\\\/radioljubuski.ba\\\/\"},{\"@type\":\"ListItem\",\"position\":2,\"name\":\"Na dana\u0161nji dan ro\u0111en je Gojko \u0160u\u0161ak \u2013 ministar obrane \u010dije ime Hrvati gotovo namjerno zaboravljaju\"}]},{\"@type\":\"WebSite\",\"@id\":\"https:\\\/\\\/radioljubuski.ba\\\/#website\",\"url\":\"https:\\\/\\\/radioljubuski.ba\\\/\",\"name\":\"Radio Ljubu\u0161ki\",\"description\":\"Sun\u010dana frekvencija Hercegovine\",\"publisher\":{\"@id\":\"https:\\\/\\\/radioljubuski.ba\\\/#organization\"},\"potentialAction\":[{\"@type\":\"SearchAction\",\"target\":{\"@type\":\"EntryPoint\",\"urlTemplate\":\"https:\\\/\\\/radioljubuski.ba\\\/?s={search_term_string}\"},\"query-input\":{\"@type\":\"PropertyValueSpecification\",\"valueRequired\":true,\"valueName\":\"search_term_string\"}}],\"inLanguage\":\"hr\"},{\"@type\":\"Organization\",\"@id\":\"https:\\\/\\\/radioljubuski.ba\\\/#organization\",\"name\":\"Radio Ljubu\u0161ki\",\"url\":\"https:\\\/\\\/radioljubuski.ba\\\/\",\"logo\":{\"@type\":\"ImageObject\",\"inLanguage\":\"hr\",\"@id\":\"https:\\\/\\\/radioljubuski.ba\\\/#\\\/schema\\\/logo\\\/image\\\/\",\"url\":\"https:\\\/\\\/radioljubuski.ba\\\/wp-content\\\/uploads\\\/2021\\\/02\\\/cropped-Radio_Ljubuski_logo1.jpg\",\"contentUrl\":\"https:\\\/\\\/radioljubuski.ba\\\/wp-content\\\/uploads\\\/2021\\\/02\\\/cropped-Radio_Ljubuski_logo1.jpg\",\"width\":512,\"height\":512,\"caption\":\"Radio Ljubu\u0161ki\"},\"image\":{\"@id\":\"https:\\\/\\\/radioljubuski.ba\\\/#\\\/schema\\\/logo\\\/image\\\/\"},\"sameAs\":[\"https:\\\/\\\/www.facebook.com\\\/Radiio-Ljubuski-1490835324566332\",\"https:\\\/\\\/x.com\\\/radioljubuski\",\"https:\\\/\\\/hr.linkedin.com\\\/company\\\/radio-ljubuski\",\"https:\\\/\\\/www.youtube.com\\\/channel\\\/UCHYaeO_n0Db3tjNGudGpXyw\"]},{\"@type\":\"Person\",\"@id\":\"https:\\\/\\\/radioljubuski.ba\\\/#\\\/schema\\\/person\\\/19fc700381a780f69665d7956c469e3b\",\"name\":\"Radio Ljubu\u0161ki\"}]}<\/script>\n<!-- \/ Yoast SEO plugin. -->","yoast_head_json":{"title":"Na dana\u0161nji dan ro\u0111en je Gojko \u0160u\u0161ak \u2013 ministar obrane \u010dije ime Hrvati gotovo namjerno zaboravljaju - RADIO LJUBU\u0160KI","robots":{"index":"index","follow":"follow","max-snippet":"max-snippet:-1","max-image-preview":"max-image-preview:large","max-video-preview":"max-video-preview:-1"},"canonical":"https:\/\/radioljubuski.ba\/index.php\/2021\/03\/16\/na-danasnji-dan-roden-je-gojko-susak-ministar-obrane-cije-ime-hrvati-gotovo-namjerno-zaboravljaju\/","og_locale":"hr_HR","og_type":"article","og_title":"Na dana\u0161nji dan ro\u0111en je Gojko \u0160u\u0161ak \u2013 ministar obrane \u010dije ime Hrvati gotovo namjerno zaboravljaju - RADIO LJUBU\u0160KI","og_description":"Na dana\u0161nji dan ro\u0111en je Gojko \u0160u\u0161ak (\u0160iroki Brijeg, 16. o\u017eujka 1945. \u2013 Zagreb, 3. svibnja 1998.), hrvatski politi\u010dar. Ministar obrane Republike Hrvatske od 1991. do svoje smrti 1998. i jedan od najbli\u017eih suradnika predsjednika Franje Tu\u0111mana. Gojko \u0160u\u0161ak postao je ministar obrane 18.9.1991., samo 2 mjeseca prije pada Vukovara, u okolnostima u kojima je [&hellip;]","og_url":"https:\/\/radioljubuski.ba\/index.php\/2021\/03\/16\/na-danasnji-dan-roden-je-gojko-susak-ministar-obrane-cije-ime-hrvati-gotovo-namjerno-zaboravljaju\/","og_site_name":"RADIO LJUBU\u0160KI","article_publisher":"https:\/\/www.facebook.com\/Radiio-Ljubuski-1490835324566332","article_published_time":"2021-03-16T07:42:37+00:00","article_modified_time":"2021-03-16T07:42:38+00:00","og_image":[{"width":1024,"height":580,"url":"https:\/\/radioljubuski.ba\/wp-content\/uploads\/2021\/03\/susak.jpg","type":"image\/jpeg"}],"author":"Radio Ljubu\u0161ki","twitter_card":"summary_large_image","twitter_creator":"@radioljubuski","twitter_site":"@radioljubuski","twitter_misc":{"Napisao\/la":"Radio Ljubu\u0161ki","Procijenjeno vrijeme \u010ditanja":"4 minute"},"schema":{"@context":"https:\/\/schema.org","@graph":[{"@type":"Article","@id":"https:\/\/radioljubuski.ba\/index.php\/2021\/03\/16\/na-danasnji-dan-roden-je-gojko-susak-ministar-obrane-cije-ime-hrvati-gotovo-namjerno-zaboravljaju\/#article","isPartOf":{"@id":"https:\/\/radioljubuski.ba\/index.php\/2021\/03\/16\/na-danasnji-dan-roden-je-gojko-susak-ministar-obrane-cije-ime-hrvati-gotovo-namjerno-zaboravljaju\/"},"author":{"name":"Radio Ljubu\u0161ki","@id":"https:\/\/radioljubuski.ba\/#\/schema\/person\/19fc700381a780f69665d7956c469e3b"},"headline":"Na dana\u0161nji dan ro\u0111en je Gojko \u0160u\u0161ak \u2013 ministar obrane \u010dije ime Hrvati gotovo namjerno zaboravljaju","datePublished":"2021-03-16T07:42:37+00:00","dateModified":"2021-03-16T07:42:38+00:00","mainEntityOfPage":{"@id":"https:\/\/radioljubuski.ba\/index.php\/2021\/03\/16\/na-danasnji-dan-roden-je-gojko-susak-ministar-obrane-cije-ime-hrvati-gotovo-namjerno-zaboravljaju\/"},"wordCount":988,"publisher":{"@id":"https:\/\/radioljubuski.ba\/#organization"},"image":{"@id":"https:\/\/radioljubuski.ba\/index.php\/2021\/03\/16\/na-danasnji-dan-roden-je-gojko-susak-ministar-obrane-cije-ime-hrvati-gotovo-namjerno-zaboravljaju\/#primaryimage"},"thumbnailUrl":"https:\/\/radioljubuski.ba\/wp-content\/uploads\/2021\/03\/susak.jpg","articleSection":["BIH i regija"],"inLanguage":"hr"},{"@type":"WebPage","@id":"https:\/\/radioljubuski.ba\/index.php\/2021\/03\/16\/na-danasnji-dan-roden-je-gojko-susak-ministar-obrane-cije-ime-hrvati-gotovo-namjerno-zaboravljaju\/","url":"https:\/\/radioljubuski.ba\/index.php\/2021\/03\/16\/na-danasnji-dan-roden-je-gojko-susak-ministar-obrane-cije-ime-hrvati-gotovo-namjerno-zaboravljaju\/","name":"Na dana\u0161nji dan ro\u0111en je Gojko \u0160u\u0161ak \u2013 ministar obrane \u010dije ime Hrvati gotovo namjerno zaboravljaju - RADIO LJUBU\u0160KI","isPartOf":{"@id":"https:\/\/radioljubuski.ba\/#website"},"primaryImageOfPage":{"@id":"https:\/\/radioljubuski.ba\/index.php\/2021\/03\/16\/na-danasnji-dan-roden-je-gojko-susak-ministar-obrane-cije-ime-hrvati-gotovo-namjerno-zaboravljaju\/#primaryimage"},"image":{"@id":"https:\/\/radioljubuski.ba\/index.php\/2021\/03\/16\/na-danasnji-dan-roden-je-gojko-susak-ministar-obrane-cije-ime-hrvati-gotovo-namjerno-zaboravljaju\/#primaryimage"},"thumbnailUrl":"https:\/\/radioljubuski.ba\/wp-content\/uploads\/2021\/03\/susak.jpg","datePublished":"2021-03-16T07:42:37+00:00","dateModified":"2021-03-16T07:42:38+00:00","breadcrumb":{"@id":"https:\/\/radioljubuski.ba\/index.php\/2021\/03\/16\/na-danasnji-dan-roden-je-gojko-susak-ministar-obrane-cije-ime-hrvati-gotovo-namjerno-zaboravljaju\/#breadcrumb"},"inLanguage":"hr","potentialAction":[{"@type":"ReadAction","target":["https:\/\/radioljubuski.ba\/index.php\/2021\/03\/16\/na-danasnji-dan-roden-je-gojko-susak-ministar-obrane-cije-ime-hrvati-gotovo-namjerno-zaboravljaju\/"]}]},{"@type":"ImageObject","inLanguage":"hr","@id":"https:\/\/radioljubuski.ba\/index.php\/2021\/03\/16\/na-danasnji-dan-roden-je-gojko-susak-ministar-obrane-cije-ime-hrvati-gotovo-namjerno-zaboravljaju\/#primaryimage","url":"https:\/\/radioljubuski.ba\/wp-content\/uploads\/2021\/03\/susak.jpg","contentUrl":"https:\/\/radioljubuski.ba\/wp-content\/uploads\/2021\/03\/susak.jpg","width":1024,"height":580},{"@type":"BreadcrumbList","@id":"https:\/\/radioljubuski.ba\/index.php\/2021\/03\/16\/na-danasnji-dan-roden-je-gojko-susak-ministar-obrane-cije-ime-hrvati-gotovo-namjerno-zaboravljaju\/#breadcrumb","itemListElement":[{"@type":"ListItem","position":1,"name":"Po\u010detna stranica","item":"https:\/\/radioljubuski.ba\/"},{"@type":"ListItem","position":2,"name":"Na dana\u0161nji dan ro\u0111en je Gojko \u0160u\u0161ak \u2013 ministar obrane \u010dije ime Hrvati gotovo namjerno zaboravljaju"}]},{"@type":"WebSite","@id":"https:\/\/radioljubuski.ba\/#website","url":"https:\/\/radioljubuski.ba\/","name":"Radio Ljubu\u0161ki","description":"Sun\u010dana frekvencija Hercegovine","publisher":{"@id":"https:\/\/radioljubuski.ba\/#organization"},"potentialAction":[{"@type":"SearchAction","target":{"@type":"EntryPoint","urlTemplate":"https:\/\/radioljubuski.ba\/?s={search_term_string}"},"query-input":{"@type":"PropertyValueSpecification","valueRequired":true,"valueName":"search_term_string"}}],"inLanguage":"hr"},{"@type":"Organization","@id":"https:\/\/radioljubuski.ba\/#organization","name":"Radio Ljubu\u0161ki","url":"https:\/\/radioljubuski.ba\/","logo":{"@type":"ImageObject","inLanguage":"hr","@id":"https:\/\/radioljubuski.ba\/#\/schema\/logo\/image\/","url":"https:\/\/radioljubuski.ba\/wp-content\/uploads\/2021\/02\/cropped-Radio_Ljubuski_logo1.jpg","contentUrl":"https:\/\/radioljubuski.ba\/wp-content\/uploads\/2021\/02\/cropped-Radio_Ljubuski_logo1.jpg","width":512,"height":512,"caption":"Radio Ljubu\u0161ki"},"image":{"@id":"https:\/\/radioljubuski.ba\/#\/schema\/logo\/image\/"},"sameAs":["https:\/\/www.facebook.com\/Radiio-Ljubuski-1490835324566332","https:\/\/x.com\/radioljubuski","https:\/\/hr.linkedin.com\/company\/radio-ljubuski","https:\/\/www.youtube.com\/channel\/UCHYaeO_n0Db3tjNGudGpXyw"]},{"@type":"Person","@id":"https:\/\/radioljubuski.ba\/#\/schema\/person\/19fc700381a780f69665d7956c469e3b","name":"Radio Ljubu\u0161ki"}]}},"_links":{"self":[{"href":"https:\/\/radioljubuski.ba\/index.php\/wp-json\/wp\/v2\/posts\/4049","targetHints":{"allow":["GET"]}}],"collection":[{"href":"https:\/\/radioljubuski.ba\/index.php\/wp-json\/wp\/v2\/posts"}],"about":[{"href":"https:\/\/radioljubuski.ba\/index.php\/wp-json\/wp\/v2\/types\/post"}],"author":[{"embeddable":true,"href":"https:\/\/radioljubuski.ba\/index.php\/wp-json\/wp\/v2\/users\/2"}],"replies":[{"embeddable":true,"href":"https:\/\/radioljubuski.ba\/index.php\/wp-json\/wp\/v2\/comments?post=4049"}],"version-history":[{"count":1,"href":"https:\/\/radioljubuski.ba\/index.php\/wp-json\/wp\/v2\/posts\/4049\/revisions"}],"predecessor-version":[{"id":4051,"href":"https:\/\/radioljubuski.ba\/index.php\/wp-json\/wp\/v2\/posts\/4049\/revisions\/4051"}],"wp:featuredmedia":[{"embeddable":true,"href":"https:\/\/radioljubuski.ba\/index.php\/wp-json\/wp\/v2\/media\/4050"}],"wp:attachment":[{"href":"https:\/\/radioljubuski.ba\/index.php\/wp-json\/wp\/v2\/media?parent=4049"}],"wp:term":[{"taxonomy":"category","embeddable":true,"href":"https:\/\/radioljubuski.ba\/index.php\/wp-json\/wp\/v2\/categories?post=4049"},{"taxonomy":"post_tag","embeddable":true,"href":"https:\/\/radioljubuski.ba\/index.php\/wp-json\/wp\/v2\/tags?post=4049"}],"curies":[{"name":"wp","href":"https:\/\/api.w.org\/{rel}","templated":true}]}}