{"id":40647,"date":"2021-07-09T08:34:30","date_gmt":"2021-07-09T07:34:30","guid":{"rendered":"https:\/\/radioljubuski.ba\/?p=40647"},"modified":"2021-07-11T10:28:45","modified_gmt":"2021-07-11T09:28:45","slug":"tradicijske-pjesme-i-becarci-kod-done-na-kupalistu-bozjak-audio-i-foto","status":"publish","type":"post","link":"https:\/\/radioljubuski.ba\/index.php\/2021\/07\/09\/tradicijske-pjesme-i-becarci-kod-done-na-kupalistu-bozjak-audio-i-foto\/","title":{"rendered":"Tradicijske pjesme i be\u0107arci &#8220;kod \u0110one&#8221; na kupali\u0161tu Bo\u017ejak &#8211; audio i foto"},"content":{"rendered":"\n<p>Manifestacija \u201eLjubu\u0161ki grade tebi u \u010dast\u201c i ove godine je okupila velik broj be\u0107ara iz Hercegovine, bio je to pravi festival tradicijskih pjesama, prije svega be\u0107arca.<\/p>\n\n\n\n<p>Na kupali\u0161tu Bo\u017ejak, u restoranu &#8216;Kod \u0110one&#8217; pjevalo se i sino\u0107 \u201esve u \u010detiri,\u201c orili su se be\u0107arci od bro\u0107anskih, pa studena\u010dkih sve do dubravskih.<\/p>\n\n\n\n<p>Prije nastupa be\u0107arskih skupina program su otvorili \u201eAnte i Ljilja\u201c, glazbeni i bra\u010dni par iz Studenaca koji svojom pjesmom i svirkom godinama zabavljaju i uveseljavaju slu\u0161atelje diljem Hercegovine, ali i ju\u017ene Hrvatske, a potom su se na pozornici \u201eizredale\u201c be\u0107arske skupine.<\/p>\n\n\n\n<p>\u0160to se ti\u010de samih be\u0107ara, prvi su na pozornicu stupili Bro\u0107anski be\u0107ari i pokazali dio svog bogatog repertoara. Brojni su ih sa zanimanjem snimali i slu\u0161ali njihovu pjesmu.<\/p>\n\n\n\n<p>\u201eMi smo bili pozvani da damo svoj obol ovom dru\u017eenju kod na\u0161eg \u0110one. \u0110ono je na\u0161 dugogodi\u0161nji prijatelj i mi se na njegov poziv nismo mogli oglu\u0161iti. Nama je \u010dast i zadovoljstvo da smo mogli biti prisutni ovdje i podijeliti radost s ovim ljudima ovdje\u201c, rekao je \u017deljko Petrovi\u0107, predsjednik Bro\u0107anskih be\u0107ara.<\/p>\n\n\n\n<p>Nakon Brotnjaka, zapjevali su i be\u0107ari iz Aladini\u0107a, iz KUD-a Dubrave, a oni su pjesmom pozvali goste da posjete Dubrave. &nbsp;<\/p>\n\n\n\n<p>\u201eNastojimo pjesmom uveli\u010dati na\u0161 kraj, na\u0161e mjesto i obi\u010daje. Lijepo nam je i ugodno bilo ovdje uz rijeku, uz na\u0161e prijatelje\u201c, kazao je njihov \u010dlan Dragan \u0160imunovi\u0107.<\/p>\n\n\n\n<p>Ve\u010der su uveli\u010dali i Studena\u010dki be\u0107ari, a njihov \u010dlan Branko Alilovi\u0107 \u0106ago ka\u017ee kako je &#8220;kod \u0110one&#8221; svake godine odli\u010dna atmosfera.<\/p>\n\n\n\n<p>\u201eSvake godine je sve bolje i bolje, dobre ekipe su tu, vjerojatno i najbolje ekipe iz Hercegovine, mi se trudimo, pjevati \u0107emo dok smo \u017eivi\u201c, kazao je Alilovi\u0107.<\/p>\n\n\n\n<p>U kasnijem dijelu ve\u010deri na pozornici su se pojavile i Dream team Babe, te su i one zapjevale pred gostima. <\/p>\n\n\n\n<p>Podsjetimo, &#8216;Ljubu\u0161ki grade, tebi u \u010dast&#8221; je manifestacija koja se organizira s ciljem promocije tradicijskih napjeva Hercegovine, a organizator je \u0110ono \u0160o\u0161e, vlasnik restorana &#8221;Kod \u0110one&#8221; koji je sino\u0107 kao i cijelo osoblje bio na visokoj razini, od prijema, susretljivosti i usluge. <\/p>\n\n\n\n<p>U audiozapisu poslu\u0161ajte izjave predstavnika be\u0107ara<\/p>\n\n\n\n<iframe src=\"https:\/\/drive.google.com\/file\/d\/1JfcVEXejDKYaiOziv4EFob2CBnR7l6Xh\/preview\" style=\"width: 100%; height: 100px;\"><\/iframe>\n\n\n\n<p>Pogledajte i galeriju fotografija<\/p>\n\n\n\n<iframe loading=\"lazy\" src=\"https:\/\/www.facebook.com\/plugins\/post.php?href=https%3A%2F%2Fwww.facebook.com%2Fpermalink.php%3Fstory_fbid%3D2907879676195216%26id%3D1490835324566332&amp;show_text=true&amp;width=500\" width=\"500\" height=\"709\" style=\"border:none;overflow:hidden\" scrolling=\"no\" frameborder=\"0\" allowfullscreen=\"true\" allow=\"autoplay; clipboard-write; encrypted-media; picture-in-picture; web-share\"><\/iframe>\n\n\n\n<p>Ivan Herceg \/ Radio Ljubu\u0161ki<\/p>\n","protected":false},"excerpt":{"rendered":"<p>Manifestacija \u201eLjubu\u0161ki grade tebi u \u010dast\u201c i ove godine je okupila velik broj be\u0107ara iz Hercegovine, bio je to pravi festival tradicijskih pjesama, prije svega be\u0107arca. Na kupali\u0161tu Bo\u017ejak, u restoranu &#8216;Kod \u0110one&#8217; pjevalo se i sino\u0107 \u201esve u \u010detiri,\u201c orili su se be\u0107arci od bro\u0107anskih, pa studena\u010dkih sve do dubravskih. Prije nastupa be\u0107arskih skupina [&hellip;]<\/p>\n","protected":false},"author":2,"featured_media":40650,"comment_status":"closed","ping_status":"closed","sticky":false,"template":"","format":"standard","meta":{"h5ap_radio_sources":[],"footnotes":""},"categories":[8],"tags":[],"class_list":["post-40647","post","type-post","status-publish","format-standard","has-post-thumbnail","hentry","category-rlj-audio"],"yoast_head":"<!-- This site is optimized with the Yoast SEO plugin v27.5 - https:\/\/yoast.com\/product\/yoast-seo-wordpress\/ -->\n<title>Tradicijske pjesme i be\u0107arci &quot;kod \u0110one&quot; na kupali\u0161tu Bo\u017ejak - audio i foto - RADIO LJUBU\u0160KI<\/title>\n<meta name=\"robots\" content=\"index, follow, max-snippet:-1, max-image-preview:large, max-video-preview:-1\" \/>\n<link rel=\"canonical\" href=\"https:\/\/radioljubuski.ba\/index.php\/2021\/07\/09\/tradicijske-pjesme-i-becarci-kod-done-na-kupalistu-bozjak-audio-i-foto\/\" \/>\n<meta property=\"og:locale\" content=\"hr_HR\" \/>\n<meta property=\"og:type\" content=\"article\" \/>\n<meta property=\"og:title\" content=\"Tradicijske pjesme i be\u0107arci &quot;kod \u0110one&quot; na kupali\u0161tu Bo\u017ejak - audio i foto - RADIO LJUBU\u0160KI\" \/>\n<meta property=\"og:description\" content=\"Manifestacija \u201eLjubu\u0161ki grade tebi u \u010dast\u201c i ove godine je okupila velik broj be\u0107ara iz Hercegovine, bio je to pravi festival tradicijskih pjesama, prije svega be\u0107arca. Na kupali\u0161tu Bo\u017ejak, u restoranu &#8216;Kod \u0110one&#8217; pjevalo se i sino\u0107 \u201esve u \u010detiri,\u201c orili su se be\u0107arci od bro\u0107anskih, pa studena\u010dkih sve do dubravskih. Prije nastupa be\u0107arskih skupina [&hellip;]\" \/>\n<meta property=\"og:url\" content=\"https:\/\/radioljubuski.ba\/index.php\/2021\/07\/09\/tradicijske-pjesme-i-becarci-kod-done-na-kupalistu-bozjak-audio-i-foto\/\" \/>\n<meta property=\"og:site_name\" content=\"RADIO LJUBU\u0160KI\" \/>\n<meta property=\"article:publisher\" content=\"https:\/\/www.facebook.com\/Radiio-Ljubuski-1490835324566332\" \/>\n<meta property=\"article:published_time\" content=\"2021-07-09T07:34:30+00:00\" \/>\n<meta property=\"article:modified_time\" content=\"2021-07-11T09:28:45+00:00\" \/>\n<meta property=\"og:image\" content=\"https:\/\/radioljubuski.ba\/wp-content\/uploads\/2021\/07\/becari.jpg\" \/>\n\t<meta property=\"og:image:width\" content=\"600\" \/>\n\t<meta property=\"og:image:height\" content=\"400\" \/>\n\t<meta property=\"og:image:type\" content=\"image\/jpeg\" \/>\n<meta name=\"author\" content=\"Radio Ljubu\u0161ki\" \/>\n<meta name=\"twitter:card\" content=\"summary_large_image\" \/>\n<meta name=\"twitter:creator\" content=\"@radioljubuski\" \/>\n<meta name=\"twitter:site\" content=\"@radioljubuski\" \/>\n<meta name=\"twitter:label1\" content=\"Napisao\/la\" \/>\n\t<meta name=\"twitter:data1\" content=\"Radio Ljubu\u0161ki\" \/>\n\t<meta name=\"twitter:label2\" content=\"Procijenjeno vrijeme \u010ditanja\" \/>\n\t<meta name=\"twitter:data2\" content=\"2 minute\" \/>\n<script type=\"application\/ld+json\" class=\"yoast-schema-graph\">{\"@context\":\"https:\\\/\\\/schema.org\",\"@graph\":[{\"@type\":\"Article\",\"@id\":\"https:\\\/\\\/radioljubuski.ba\\\/index.php\\\/2021\\\/07\\\/09\\\/tradicijske-pjesme-i-becarci-kod-done-na-kupalistu-bozjak-audio-i-foto\\\/#article\",\"isPartOf\":{\"@id\":\"https:\\\/\\\/radioljubuski.ba\\\/index.php\\\/2021\\\/07\\\/09\\\/tradicijske-pjesme-i-becarci-kod-done-na-kupalistu-bozjak-audio-i-foto\\\/\"},\"author\":{\"name\":\"Radio Ljubu\u0161ki\",\"@id\":\"https:\\\/\\\/radioljubuski.ba\\\/#\\\/schema\\\/person\\\/19fc700381a780f69665d7956c469e3b\"},\"headline\":\"Tradicijske pjesme i be\u0107arci &#8220;kod \u0110one&#8221; na kupali\u0161tu Bo\u017ejak &#8211; audio i foto\",\"datePublished\":\"2021-07-09T07:34:30+00:00\",\"dateModified\":\"2021-07-11T09:28:45+00:00\",\"mainEntityOfPage\":{\"@id\":\"https:\\\/\\\/radioljubuski.ba\\\/index.php\\\/2021\\\/07\\\/09\\\/tradicijske-pjesme-i-becarci-kod-done-na-kupalistu-bozjak-audio-i-foto\\\/\"},\"wordCount\":403,\"publisher\":{\"@id\":\"https:\\\/\\\/radioljubuski.ba\\\/#organization\"},\"image\":{\"@id\":\"https:\\\/\\\/radioljubuski.ba\\\/index.php\\\/2021\\\/07\\\/09\\\/tradicijske-pjesme-i-becarci-kod-done-na-kupalistu-bozjak-audio-i-foto\\\/#primaryimage\"},\"thumbnailUrl\":\"https:\\\/\\\/radioljubuski.ba\\\/wp-content\\\/uploads\\\/2021\\\/07\\\/becari.jpg\",\"articleSection\":[\"RLJ Audio\"],\"inLanguage\":\"hr\"},{\"@type\":\"WebPage\",\"@id\":\"https:\\\/\\\/radioljubuski.ba\\\/index.php\\\/2021\\\/07\\\/09\\\/tradicijske-pjesme-i-becarci-kod-done-na-kupalistu-bozjak-audio-i-foto\\\/\",\"url\":\"https:\\\/\\\/radioljubuski.ba\\\/index.php\\\/2021\\\/07\\\/09\\\/tradicijske-pjesme-i-becarci-kod-done-na-kupalistu-bozjak-audio-i-foto\\\/\",\"name\":\"Tradicijske pjesme i be\u0107arci \\\"kod \u0110one\\\" na kupali\u0161tu Bo\u017ejak - audio i foto - RADIO LJUBU\u0160KI\",\"isPartOf\":{\"@id\":\"https:\\\/\\\/radioljubuski.ba\\\/#website\"},\"primaryImageOfPage\":{\"@id\":\"https:\\\/\\\/radioljubuski.ba\\\/index.php\\\/2021\\\/07\\\/09\\\/tradicijske-pjesme-i-becarci-kod-done-na-kupalistu-bozjak-audio-i-foto\\\/#primaryimage\"},\"image\":{\"@id\":\"https:\\\/\\\/radioljubuski.ba\\\/index.php\\\/2021\\\/07\\\/09\\\/tradicijske-pjesme-i-becarci-kod-done-na-kupalistu-bozjak-audio-i-foto\\\/#primaryimage\"},\"thumbnailUrl\":\"https:\\\/\\\/radioljubuski.ba\\\/wp-content\\\/uploads\\\/2021\\\/07\\\/becari.jpg\",\"datePublished\":\"2021-07-09T07:34:30+00:00\",\"dateModified\":\"2021-07-11T09:28:45+00:00\",\"breadcrumb\":{\"@id\":\"https:\\\/\\\/radioljubuski.ba\\\/index.php\\\/2021\\\/07\\\/09\\\/tradicijske-pjesme-i-becarci-kod-done-na-kupalistu-bozjak-audio-i-foto\\\/#breadcrumb\"},\"inLanguage\":\"hr\",\"potentialAction\":[{\"@type\":\"ReadAction\",\"target\":[\"https:\\\/\\\/radioljubuski.ba\\\/index.php\\\/2021\\\/07\\\/09\\\/tradicijske-pjesme-i-becarci-kod-done-na-kupalistu-bozjak-audio-i-foto\\\/\"]}]},{\"@type\":\"ImageObject\",\"inLanguage\":\"hr\",\"@id\":\"https:\\\/\\\/radioljubuski.ba\\\/index.php\\\/2021\\\/07\\\/09\\\/tradicijske-pjesme-i-becarci-kod-done-na-kupalistu-bozjak-audio-i-foto\\\/#primaryimage\",\"url\":\"https:\\\/\\\/radioljubuski.ba\\\/wp-content\\\/uploads\\\/2021\\\/07\\\/becari.jpg\",\"contentUrl\":\"https:\\\/\\\/radioljubuski.ba\\\/wp-content\\\/uploads\\\/2021\\\/07\\\/becari.jpg\",\"width\":600,\"height\":400},{\"@type\":\"BreadcrumbList\",\"@id\":\"https:\\\/\\\/radioljubuski.ba\\\/index.php\\\/2021\\\/07\\\/09\\\/tradicijske-pjesme-i-becarci-kod-done-na-kupalistu-bozjak-audio-i-foto\\\/#breadcrumb\",\"itemListElement\":[{\"@type\":\"ListItem\",\"position\":1,\"name\":\"Po\u010detna stranica\",\"item\":\"https:\\\/\\\/radioljubuski.ba\\\/\"},{\"@type\":\"ListItem\",\"position\":2,\"name\":\"Tradicijske pjesme i be\u0107arci &#8220;kod \u0110one&#8221; na kupali\u0161tu Bo\u017ejak &#8211; audio i foto\"}]},{\"@type\":\"WebSite\",\"@id\":\"https:\\\/\\\/radioljubuski.ba\\\/#website\",\"url\":\"https:\\\/\\\/radioljubuski.ba\\\/\",\"name\":\"Radio Ljubu\u0161ki\",\"description\":\"Sun\u010dana frekvencija Hercegovine\",\"publisher\":{\"@id\":\"https:\\\/\\\/radioljubuski.ba\\\/#organization\"},\"potentialAction\":[{\"@type\":\"SearchAction\",\"target\":{\"@type\":\"EntryPoint\",\"urlTemplate\":\"https:\\\/\\\/radioljubuski.ba\\\/?s={search_term_string}\"},\"query-input\":{\"@type\":\"PropertyValueSpecification\",\"valueRequired\":true,\"valueName\":\"search_term_string\"}}],\"inLanguage\":\"hr\"},{\"@type\":\"Organization\",\"@id\":\"https:\\\/\\\/radioljubuski.ba\\\/#organization\",\"name\":\"Radio Ljubu\u0161ki\",\"url\":\"https:\\\/\\\/radioljubuski.ba\\\/\",\"logo\":{\"@type\":\"ImageObject\",\"inLanguage\":\"hr\",\"@id\":\"https:\\\/\\\/radioljubuski.ba\\\/#\\\/schema\\\/logo\\\/image\\\/\",\"url\":\"https:\\\/\\\/radioljubuski.ba\\\/wp-content\\\/uploads\\\/2021\\\/02\\\/cropped-Radio_Ljubuski_logo1.jpg\",\"contentUrl\":\"https:\\\/\\\/radioljubuski.ba\\\/wp-content\\\/uploads\\\/2021\\\/02\\\/cropped-Radio_Ljubuski_logo1.jpg\",\"width\":512,\"height\":512,\"caption\":\"Radio Ljubu\u0161ki\"},\"image\":{\"@id\":\"https:\\\/\\\/radioljubuski.ba\\\/#\\\/schema\\\/logo\\\/image\\\/\"},\"sameAs\":[\"https:\\\/\\\/www.facebook.com\\\/Radiio-Ljubuski-1490835324566332\",\"https:\\\/\\\/x.com\\\/radioljubuski\",\"https:\\\/\\\/hr.linkedin.com\\\/company\\\/radio-ljubuski\",\"https:\\\/\\\/www.youtube.com\\\/channel\\\/UCHYaeO_n0Db3tjNGudGpXyw\"]},{\"@type\":\"Person\",\"@id\":\"https:\\\/\\\/radioljubuski.ba\\\/#\\\/schema\\\/person\\\/19fc700381a780f69665d7956c469e3b\",\"name\":\"Radio Ljubu\u0161ki\"}]}<\/script>\n<!-- \/ Yoast SEO plugin. -->","yoast_head_json":{"title":"Tradicijske pjesme i be\u0107arci \"kod \u0110one\" na kupali\u0161tu Bo\u017ejak - audio i foto - RADIO LJUBU\u0160KI","robots":{"index":"index","follow":"follow","max-snippet":"max-snippet:-1","max-image-preview":"max-image-preview:large","max-video-preview":"max-video-preview:-1"},"canonical":"https:\/\/radioljubuski.ba\/index.php\/2021\/07\/09\/tradicijske-pjesme-i-becarci-kod-done-na-kupalistu-bozjak-audio-i-foto\/","og_locale":"hr_HR","og_type":"article","og_title":"Tradicijske pjesme i be\u0107arci \"kod \u0110one\" na kupali\u0161tu Bo\u017ejak - audio i foto - RADIO LJUBU\u0160KI","og_description":"Manifestacija \u201eLjubu\u0161ki grade tebi u \u010dast\u201c i ove godine je okupila velik broj be\u0107ara iz Hercegovine, bio je to pravi festival tradicijskih pjesama, prije svega be\u0107arca. Na kupali\u0161tu Bo\u017ejak, u restoranu &#8216;Kod \u0110one&#8217; pjevalo se i sino\u0107 \u201esve u \u010detiri,\u201c orili su se be\u0107arci od bro\u0107anskih, pa studena\u010dkih sve do dubravskih. Prije nastupa be\u0107arskih skupina [&hellip;]","og_url":"https:\/\/radioljubuski.ba\/index.php\/2021\/07\/09\/tradicijske-pjesme-i-becarci-kod-done-na-kupalistu-bozjak-audio-i-foto\/","og_site_name":"RADIO LJUBU\u0160KI","article_publisher":"https:\/\/www.facebook.com\/Radiio-Ljubuski-1490835324566332","article_published_time":"2021-07-09T07:34:30+00:00","article_modified_time":"2021-07-11T09:28:45+00:00","og_image":[{"width":600,"height":400,"url":"https:\/\/radioljubuski.ba\/wp-content\/uploads\/2021\/07\/becari.jpg","type":"image\/jpeg"}],"author":"Radio Ljubu\u0161ki","twitter_card":"summary_large_image","twitter_creator":"@radioljubuski","twitter_site":"@radioljubuski","twitter_misc":{"Napisao\/la":"Radio Ljubu\u0161ki","Procijenjeno vrijeme \u010ditanja":"2 minute"},"schema":{"@context":"https:\/\/schema.org","@graph":[{"@type":"Article","@id":"https:\/\/radioljubuski.ba\/index.php\/2021\/07\/09\/tradicijske-pjesme-i-becarci-kod-done-na-kupalistu-bozjak-audio-i-foto\/#article","isPartOf":{"@id":"https:\/\/radioljubuski.ba\/index.php\/2021\/07\/09\/tradicijske-pjesme-i-becarci-kod-done-na-kupalistu-bozjak-audio-i-foto\/"},"author":{"name":"Radio Ljubu\u0161ki","@id":"https:\/\/radioljubuski.ba\/#\/schema\/person\/19fc700381a780f69665d7956c469e3b"},"headline":"Tradicijske pjesme i be\u0107arci &#8220;kod \u0110one&#8221; na kupali\u0161tu Bo\u017ejak &#8211; audio i foto","datePublished":"2021-07-09T07:34:30+00:00","dateModified":"2021-07-11T09:28:45+00:00","mainEntityOfPage":{"@id":"https:\/\/radioljubuski.ba\/index.php\/2021\/07\/09\/tradicijske-pjesme-i-becarci-kod-done-na-kupalistu-bozjak-audio-i-foto\/"},"wordCount":403,"publisher":{"@id":"https:\/\/radioljubuski.ba\/#organization"},"image":{"@id":"https:\/\/radioljubuski.ba\/index.php\/2021\/07\/09\/tradicijske-pjesme-i-becarci-kod-done-na-kupalistu-bozjak-audio-i-foto\/#primaryimage"},"thumbnailUrl":"https:\/\/radioljubuski.ba\/wp-content\/uploads\/2021\/07\/becari.jpg","articleSection":["RLJ Audio"],"inLanguage":"hr"},{"@type":"WebPage","@id":"https:\/\/radioljubuski.ba\/index.php\/2021\/07\/09\/tradicijske-pjesme-i-becarci-kod-done-na-kupalistu-bozjak-audio-i-foto\/","url":"https:\/\/radioljubuski.ba\/index.php\/2021\/07\/09\/tradicijske-pjesme-i-becarci-kod-done-na-kupalistu-bozjak-audio-i-foto\/","name":"Tradicijske pjesme i be\u0107arci \"kod \u0110one\" na kupali\u0161tu Bo\u017ejak - audio i foto - RADIO LJUBU\u0160KI","isPartOf":{"@id":"https:\/\/radioljubuski.ba\/#website"},"primaryImageOfPage":{"@id":"https:\/\/radioljubuski.ba\/index.php\/2021\/07\/09\/tradicijske-pjesme-i-becarci-kod-done-na-kupalistu-bozjak-audio-i-foto\/#primaryimage"},"image":{"@id":"https:\/\/radioljubuski.ba\/index.php\/2021\/07\/09\/tradicijske-pjesme-i-becarci-kod-done-na-kupalistu-bozjak-audio-i-foto\/#primaryimage"},"thumbnailUrl":"https:\/\/radioljubuski.ba\/wp-content\/uploads\/2021\/07\/becari.jpg","datePublished":"2021-07-09T07:34:30+00:00","dateModified":"2021-07-11T09:28:45+00:00","breadcrumb":{"@id":"https:\/\/radioljubuski.ba\/index.php\/2021\/07\/09\/tradicijske-pjesme-i-becarci-kod-done-na-kupalistu-bozjak-audio-i-foto\/#breadcrumb"},"inLanguage":"hr","potentialAction":[{"@type":"ReadAction","target":["https:\/\/radioljubuski.ba\/index.php\/2021\/07\/09\/tradicijske-pjesme-i-becarci-kod-done-na-kupalistu-bozjak-audio-i-foto\/"]}]},{"@type":"ImageObject","inLanguage":"hr","@id":"https:\/\/radioljubuski.ba\/index.php\/2021\/07\/09\/tradicijske-pjesme-i-becarci-kod-done-na-kupalistu-bozjak-audio-i-foto\/#primaryimage","url":"https:\/\/radioljubuski.ba\/wp-content\/uploads\/2021\/07\/becari.jpg","contentUrl":"https:\/\/radioljubuski.ba\/wp-content\/uploads\/2021\/07\/becari.jpg","width":600,"height":400},{"@type":"BreadcrumbList","@id":"https:\/\/radioljubuski.ba\/index.php\/2021\/07\/09\/tradicijske-pjesme-i-becarci-kod-done-na-kupalistu-bozjak-audio-i-foto\/#breadcrumb","itemListElement":[{"@type":"ListItem","position":1,"name":"Po\u010detna stranica","item":"https:\/\/radioljubuski.ba\/"},{"@type":"ListItem","position":2,"name":"Tradicijske pjesme i be\u0107arci &#8220;kod \u0110one&#8221; na kupali\u0161tu Bo\u017ejak &#8211; audio i foto"}]},{"@type":"WebSite","@id":"https:\/\/radioljubuski.ba\/#website","url":"https:\/\/radioljubuski.ba\/","name":"Radio Ljubu\u0161ki","description":"Sun\u010dana frekvencija Hercegovine","publisher":{"@id":"https:\/\/radioljubuski.ba\/#organization"},"potentialAction":[{"@type":"SearchAction","target":{"@type":"EntryPoint","urlTemplate":"https:\/\/radioljubuski.ba\/?s={search_term_string}"},"query-input":{"@type":"PropertyValueSpecification","valueRequired":true,"valueName":"search_term_string"}}],"inLanguage":"hr"},{"@type":"Organization","@id":"https:\/\/radioljubuski.ba\/#organization","name":"Radio Ljubu\u0161ki","url":"https:\/\/radioljubuski.ba\/","logo":{"@type":"ImageObject","inLanguage":"hr","@id":"https:\/\/radioljubuski.ba\/#\/schema\/logo\/image\/","url":"https:\/\/radioljubuski.ba\/wp-content\/uploads\/2021\/02\/cropped-Radio_Ljubuski_logo1.jpg","contentUrl":"https:\/\/radioljubuski.ba\/wp-content\/uploads\/2021\/02\/cropped-Radio_Ljubuski_logo1.jpg","width":512,"height":512,"caption":"Radio Ljubu\u0161ki"},"image":{"@id":"https:\/\/radioljubuski.ba\/#\/schema\/logo\/image\/"},"sameAs":["https:\/\/www.facebook.com\/Radiio-Ljubuski-1490835324566332","https:\/\/x.com\/radioljubuski","https:\/\/hr.linkedin.com\/company\/radio-ljubuski","https:\/\/www.youtube.com\/channel\/UCHYaeO_n0Db3tjNGudGpXyw"]},{"@type":"Person","@id":"https:\/\/radioljubuski.ba\/#\/schema\/person\/19fc700381a780f69665d7956c469e3b","name":"Radio Ljubu\u0161ki"}]}},"_links":{"self":[{"href":"https:\/\/radioljubuski.ba\/index.php\/wp-json\/wp\/v2\/posts\/40647","targetHints":{"allow":["GET"]}}],"collection":[{"href":"https:\/\/radioljubuski.ba\/index.php\/wp-json\/wp\/v2\/posts"}],"about":[{"href":"https:\/\/radioljubuski.ba\/index.php\/wp-json\/wp\/v2\/types\/post"}],"author":[{"embeddable":true,"href":"https:\/\/radioljubuski.ba\/index.php\/wp-json\/wp\/v2\/users\/2"}],"replies":[{"embeddable":true,"href":"https:\/\/radioljubuski.ba\/index.php\/wp-json\/wp\/v2\/comments?post=40647"}],"version-history":[{"count":4,"href":"https:\/\/radioljubuski.ba\/index.php\/wp-json\/wp\/v2\/posts\/40647\/revisions"}],"predecessor-version":[{"id":40863,"href":"https:\/\/radioljubuski.ba\/index.php\/wp-json\/wp\/v2\/posts\/40647\/revisions\/40863"}],"wp:featuredmedia":[{"embeddable":true,"href":"https:\/\/radioljubuski.ba\/index.php\/wp-json\/wp\/v2\/media\/40650"}],"wp:attachment":[{"href":"https:\/\/radioljubuski.ba\/index.php\/wp-json\/wp\/v2\/media?parent=40647"}],"wp:term":[{"taxonomy":"category","embeddable":true,"href":"https:\/\/radioljubuski.ba\/index.php\/wp-json\/wp\/v2\/categories?post=40647"},{"taxonomy":"post_tag","embeddable":true,"href":"https:\/\/radioljubuski.ba\/index.php\/wp-json\/wp\/v2\/tags?post=40647"}],"curies":[{"name":"wp","href":"https:\/\/api.w.org\/{rel}","templated":true}]}}