{"id":40866,"date":"2021-07-10T11:16:50","date_gmt":"2021-07-10T10:16:50","guid":{"rendered":"https:\/\/radioljubuski.ba\/?p=40866"},"modified":"2021-07-12T19:08:46","modified_gmt":"2021-07-12T18:08:46","slug":"predsjednik-milanovic-u-ponedjeljak-na-sastanku-u-gradskoj-upravi-i-na-radnoj-veceri-na-kocusi","status":"publish","type":"post","link":"https:\/\/radioljubuski.ba\/index.php\/2021\/07\/10\/predsjednik-milanovic-u-ponedjeljak-na-sastanku-u-gradskoj-upravi-i-na-radnoj-veceri-na-kocusi\/","title":{"rendered":"Predsjednik Milanovi\u0107 u ponedjeljak na sastanku u Gradskoj upravi i na radnoj ve\u010deri na Ko\u0107u\u0161i"},"content":{"rendered":"\n<p>Na poziv Sveu\u010dili\u0161ta u Mostaru Predsjednik Republike Hrvatske Zoran Milanovi\u0107 boravit \u0107e u radnom posjetu Bosni i Hercegovini od 11. do. 13. srpnja 2021.<br>Tijekom radnog posjeta Bosni i Hercegovini, osim predavanja kojeg \u0107e odr\u017eati na Sveu\u010dili\u0161tu u Mostaru, predsjednik Milanovi\u0107 sastat \u0107e se i s predstavnicima Hrvatskog narodnog sabora Bosne i Hercegovine te gradona\u010delnikom Grada Mostara.<\/p>\n\n\n\n<p>Tijekom boravka u Bosni i Hercegovini, uz Mostar, Predsjednik \u0107e posjetiti Vitez, u kojem \u0107e se sastati s predstavnicima politi\u010dkog, gospodarskog i kulturnog \u017eivota sredi\u0161nje Bosne, te Ljubu\u0161ki, Tomislavgrad i Livno u kojima \u0107e se sastati i razgovarati s \u010delnicima lokalnih vlasti.<\/p>\n\n\n\n<p>\u0160aljemo vam cjelovit i detaljan program radnog posjeta Bosni i Hercegovini sa satnicama i mogu\u0107nostima izjava Predsjednika Republike<br>Ukoliko do\u0111e do promjene u satnici programa Predsjednika Republike Hrvatske pravovremeno \u0107emo vas obavijestiti.<\/p>\n\n\n\n<p>CJELOVIT I DETALJAN PROGRAM POSJETA :<\/p>\n\n\n\n<p>Radni posjet Predsjednika Republike Hrvatske<br>Bosni i Hercegovini<br>Vitez, Mostar, Ljubu\u0161ki, Tomislavgrad, Livno<\/p>\n\n\n\n<p>Nedjelja, 11. srpnja 2021.<\/p>\n\n\n\n<p>VITEZ<br>18:30<br>Predsjednik Republike odr\u017eat \u0107e radni sastanak s predstavnicima politi\u010dkog, gospodarskog i kulturnog \u017eivota sredi\u0161nje Bosne (Hotel Central \u2013 Economic, Poslovna zona 96)<br>NAPOMENA: Fotografi i snimatelji mogu snimiti po\u010detak sastanka.<br>Izjava za medije Predsjednika Republike predvi\u0111ena je prije sastanka, u 18,15 sati.<\/p>\n\n\n\n<p>Ponedjeljak, 12. srpnja 2021.<br>VITEZ<br>9:00<br>Predsjednik Republike odat \u0107e po\u010dast polaganjem bijele ru\u017ee i paljenjem svije\u0107e kod spomen obilje\u017eja \u201eOsmica\u201c u spomen na osmero poginule djece prije 28 godina.<\/p>\n\n\n\n<p>MOSTAR<br>12:40<br>Predsjednik Republike odr\u017eat \u0107e sastanak s rektorom i prorektorima Sveu\u010dili\u0161ta u Mostaru (Kampus Sveu\u010dili\u0161ta u Mostaru, Matice hrvatske bb)<br>NAPOMENA: Fotografi i snimatelji mogu snimiti po\u010detak sastanka.<\/p>\n\n\n\n<p>13:00<br>Predsjednik Republike odr\u017eat \u0107e predavanje na Sveu\u010dili\u0161tu u Mostaru<br>NAPOMENA: Predavanje Predsjednika Republike otvoreno je za medije.<br>Izjava za medije Predsjednika Republike predvi\u0111ena je nakon predavanja.<\/p>\n\n\n\n<p>18:00<br>Predsjednik Republike susrest \u0107e se s gradona\u010delnikom Mostara (Ured gradona\u010delnika Grada Mostara, Hrvatskih branitelja 2)<br>NAPOMENA: Fotografi i snimatelji mogu snimiti po\u010detak sastanka.<\/p>\n\n\n\n<p><strong>LJUBU\u0160KI<\/strong><br><strong>19:10<\/strong><br><strong>Predsjednik Republike susrest \u0107e se gradona\u010delnikom Ljubu\u0161kog (Ured Gradske uprave Ljubu\u0161ki, Trg dr. Franje Tu\u0111mana 1)<\/strong><br><strong>NAPOMENA: Fotografi i snimatelji mogu snimiti po\u010detak susreta.<\/strong><\/p>\n\n\n\n<p><strong>20:00<\/strong><br><strong>Predsjednik Republike odr\u017eat \u0107e sastanak i radnu ve\u010deru s predstavnicima Hrvatskog narodnog sabora Bosne i Hercegovine (Konoba Vodopad, Veljaci bb)<\/strong><br><strong>NAPOMENA: Izjava za medije Predsjednika Republike predvi\u0111ena je prije sastanka.<\/strong><\/p>\n\n\n\n<p>Utorak, 13. srpnja 2021.<\/p>\n\n\n\n<p>TOMISLAVGRAD<br>10:30<br>Predsjednik Republike susrest \u0107e se s na\u010delnikom op\u0107ine Tomislavgrad i predsjednikom Vlade HB \u017eupanije (Ured na\u010delnika op\u0107ine Tomislavgrad, Mijata Tomi\u0107a 120)<br>NAPOMENA: Fotografi i snimatelji mogu snimiti po\u010detak sastanka.<\/p>\n\n\n\n<p>11:35<br>Predsjednik Republike posjetit \u0107e Franjeva\u010dki samostan i Muzej Tomislavgrada u kojem \u0107e razgledati remek djela Vlahe Bukovca i samostansku knji\u017enicu.<\/p>\n\n\n\n<p>LIVNO<br>12:30<br>Predsjednik Republike susret \u0107e se s gradona\u010delnikom Livna i predsjednikom Vlade HB \u017eupanije (Ured gradona\u010delnika Livna)<br>NAPOMENA: Fotografi i snimatelji mogu snimiti po\u010detak sastanka.<br>Izjava za medije Predsjednika Republike predvi\u0111ena je nakon sastanka, priop\u0107io je<\/p>\n\n\n\n<p>Izvor:tomislavnews.com\/ljportal.com<\/p>\n","protected":false},"excerpt":{"rendered":"<p>Na poziv Sveu\u010dili\u0161ta u Mostaru Predsjednik Republike Hrvatske Zoran Milanovi\u0107 boravit \u0107e u radnom posjetu Bosni i Hercegovini od 11. do. 13. srpnja 2021.Tijekom radnog posjeta Bosni i Hercegovini, osim predavanja kojeg \u0107e odr\u017eati na Sveu\u010dili\u0161tu u Mostaru, predsjednik Milanovi\u0107 sastat \u0107e se i s predstavnicima Hrvatskog narodnog sabora Bosne i Hercegovine te gradona\u010delnikom Grada [&hellip;]<\/p>\n","protected":false},"author":2,"featured_media":40867,"comment_status":"closed","ping_status":"closed","sticky":false,"template":"","format":"standard","meta":{"h5ap_radio_sources":[],"footnotes":""},"categories":[3],"tags":[],"class_list":["post-40866","post","type-post","status-publish","format-standard","has-post-thumbnail","hentry","category-ljubuski"],"yoast_head":"<!-- This site is optimized with the Yoast SEO plugin v27.4 - https:\/\/yoast.com\/product\/yoast-seo-wordpress\/ -->\n<title>Predsjednik Milanovi\u0107 u ponedjeljak na sastanku u Gradskoj upravi i na radnoj ve\u010deri na Ko\u0107u\u0161i - RADIO LJUBU\u0160KI<\/title>\n<meta name=\"robots\" content=\"index, follow, max-snippet:-1, max-image-preview:large, max-video-preview:-1\" \/>\n<link rel=\"canonical\" href=\"https:\/\/radioljubuski.ba\/index.php\/2021\/07\/10\/predsjednik-milanovic-u-ponedjeljak-na-sastanku-u-gradskoj-upravi-i-na-radnoj-veceri-na-kocusi\/\" \/>\n<meta property=\"og:locale\" content=\"hr_HR\" \/>\n<meta property=\"og:type\" content=\"article\" \/>\n<meta property=\"og:title\" content=\"Predsjednik Milanovi\u0107 u ponedjeljak na sastanku u Gradskoj upravi i na radnoj ve\u010deri na Ko\u0107u\u0161i - RADIO LJUBU\u0160KI\" \/>\n<meta property=\"og:description\" content=\"Na poziv Sveu\u010dili\u0161ta u Mostaru Predsjednik Republike Hrvatske Zoran Milanovi\u0107 boravit \u0107e u radnom posjetu Bosni i Hercegovini od 11. do. 13. srpnja 2021.Tijekom radnog posjeta Bosni i Hercegovini, osim predavanja kojeg \u0107e odr\u017eati na Sveu\u010dili\u0161tu u Mostaru, predsjednik Milanovi\u0107 sastat \u0107e se i s predstavnicima Hrvatskog narodnog sabora Bosne i Hercegovine te gradona\u010delnikom Grada [&hellip;]\" \/>\n<meta property=\"og:url\" content=\"https:\/\/radioljubuski.ba\/index.php\/2021\/07\/10\/predsjednik-milanovic-u-ponedjeljak-na-sastanku-u-gradskoj-upravi-i-na-radnoj-veceri-na-kocusi\/\" \/>\n<meta property=\"og:site_name\" content=\"RADIO LJUBU\u0160KI\" \/>\n<meta property=\"article:publisher\" content=\"https:\/\/www.facebook.com\/Radiio-Ljubuski-1490835324566332\" \/>\n<meta property=\"article:published_time\" content=\"2021-07-10T10:16:50+00:00\" \/>\n<meta property=\"article:modified_time\" content=\"2021-07-12T18:08:46+00:00\" \/>\n<meta property=\"og:image\" content=\"https:\/\/radioljubuski.ba\/wp-content\/uploads\/2021\/07\/milanovic-679x416-1.jpg\" \/>\n\t<meta property=\"og:image:width\" content=\"679\" \/>\n\t<meta property=\"og:image:height\" content=\"416\" \/>\n\t<meta property=\"og:image:type\" content=\"image\/jpeg\" \/>\n<meta name=\"author\" content=\"Radio Ljubu\u0161ki\" \/>\n<meta name=\"twitter:card\" content=\"summary_large_image\" \/>\n<meta name=\"twitter:creator\" content=\"@radioljubuski\" \/>\n<meta name=\"twitter:site\" content=\"@radioljubuski\" \/>\n<meta name=\"twitter:label1\" content=\"Napisao\/la\" \/>\n\t<meta name=\"twitter:data1\" content=\"Radio Ljubu\u0161ki\" \/>\n\t<meta name=\"twitter:label2\" content=\"Procijenjeno vrijeme \u010ditanja\" \/>\n\t<meta name=\"twitter:data2\" content=\"3 minute\" \/>\n<script type=\"application\/ld+json\" class=\"yoast-schema-graph\">{\"@context\":\"https:\\\/\\\/schema.org\",\"@graph\":[{\"@type\":\"Article\",\"@id\":\"https:\\\/\\\/radioljubuski.ba\\\/index.php\\\/2021\\\/07\\\/10\\\/predsjednik-milanovic-u-ponedjeljak-na-sastanku-u-gradskoj-upravi-i-na-radnoj-veceri-na-kocusi\\\/#article\",\"isPartOf\":{\"@id\":\"https:\\\/\\\/radioljubuski.ba\\\/index.php\\\/2021\\\/07\\\/10\\\/predsjednik-milanovic-u-ponedjeljak-na-sastanku-u-gradskoj-upravi-i-na-radnoj-veceri-na-kocusi\\\/\"},\"author\":{\"name\":\"Radio Ljubu\u0161ki\",\"@id\":\"https:\\\/\\\/radioljubuski.ba\\\/#\\\/schema\\\/person\\\/19fc700381a780f69665d7956c469e3b\"},\"headline\":\"Predsjednik Milanovi\u0107 u ponedjeljak na sastanku u Gradskoj upravi i na radnoj ve\u010deri na Ko\u0107u\u0161i\",\"datePublished\":\"2021-07-10T10:16:50+00:00\",\"dateModified\":\"2021-07-12T18:08:46+00:00\",\"mainEntityOfPage\":{\"@id\":\"https:\\\/\\\/radioljubuski.ba\\\/index.php\\\/2021\\\/07\\\/10\\\/predsjednik-milanovic-u-ponedjeljak-na-sastanku-u-gradskoj-upravi-i-na-radnoj-veceri-na-kocusi\\\/\"},\"wordCount\":506,\"publisher\":{\"@id\":\"https:\\\/\\\/radioljubuski.ba\\\/#organization\"},\"image\":{\"@id\":\"https:\\\/\\\/radioljubuski.ba\\\/index.php\\\/2021\\\/07\\\/10\\\/predsjednik-milanovic-u-ponedjeljak-na-sastanku-u-gradskoj-upravi-i-na-radnoj-veceri-na-kocusi\\\/#primaryimage\"},\"thumbnailUrl\":\"https:\\\/\\\/radioljubuski.ba\\\/wp-content\\\/uploads\\\/2021\\\/07\\\/milanovic-679x416-1.jpg\",\"articleSection\":[\"Ljubu\u0161ki\"],\"inLanguage\":\"hr\"},{\"@type\":\"WebPage\",\"@id\":\"https:\\\/\\\/radioljubuski.ba\\\/index.php\\\/2021\\\/07\\\/10\\\/predsjednik-milanovic-u-ponedjeljak-na-sastanku-u-gradskoj-upravi-i-na-radnoj-veceri-na-kocusi\\\/\",\"url\":\"https:\\\/\\\/radioljubuski.ba\\\/index.php\\\/2021\\\/07\\\/10\\\/predsjednik-milanovic-u-ponedjeljak-na-sastanku-u-gradskoj-upravi-i-na-radnoj-veceri-na-kocusi\\\/\",\"name\":\"Predsjednik Milanovi\u0107 u ponedjeljak na sastanku u Gradskoj upravi i na radnoj ve\u010deri na Ko\u0107u\u0161i - RADIO LJUBU\u0160KI\",\"isPartOf\":{\"@id\":\"https:\\\/\\\/radioljubuski.ba\\\/#website\"},\"primaryImageOfPage\":{\"@id\":\"https:\\\/\\\/radioljubuski.ba\\\/index.php\\\/2021\\\/07\\\/10\\\/predsjednik-milanovic-u-ponedjeljak-na-sastanku-u-gradskoj-upravi-i-na-radnoj-veceri-na-kocusi\\\/#primaryimage\"},\"image\":{\"@id\":\"https:\\\/\\\/radioljubuski.ba\\\/index.php\\\/2021\\\/07\\\/10\\\/predsjednik-milanovic-u-ponedjeljak-na-sastanku-u-gradskoj-upravi-i-na-radnoj-veceri-na-kocusi\\\/#primaryimage\"},\"thumbnailUrl\":\"https:\\\/\\\/radioljubuski.ba\\\/wp-content\\\/uploads\\\/2021\\\/07\\\/milanovic-679x416-1.jpg\",\"datePublished\":\"2021-07-10T10:16:50+00:00\",\"dateModified\":\"2021-07-12T18:08:46+00:00\",\"breadcrumb\":{\"@id\":\"https:\\\/\\\/radioljubuski.ba\\\/index.php\\\/2021\\\/07\\\/10\\\/predsjednik-milanovic-u-ponedjeljak-na-sastanku-u-gradskoj-upravi-i-na-radnoj-veceri-na-kocusi\\\/#breadcrumb\"},\"inLanguage\":\"hr\",\"potentialAction\":[{\"@type\":\"ReadAction\",\"target\":[\"https:\\\/\\\/radioljubuski.ba\\\/index.php\\\/2021\\\/07\\\/10\\\/predsjednik-milanovic-u-ponedjeljak-na-sastanku-u-gradskoj-upravi-i-na-radnoj-veceri-na-kocusi\\\/\"]}]},{\"@type\":\"ImageObject\",\"inLanguage\":\"hr\",\"@id\":\"https:\\\/\\\/radioljubuski.ba\\\/index.php\\\/2021\\\/07\\\/10\\\/predsjednik-milanovic-u-ponedjeljak-na-sastanku-u-gradskoj-upravi-i-na-radnoj-veceri-na-kocusi\\\/#primaryimage\",\"url\":\"https:\\\/\\\/radioljubuski.ba\\\/wp-content\\\/uploads\\\/2021\\\/07\\\/milanovic-679x416-1.jpg\",\"contentUrl\":\"https:\\\/\\\/radioljubuski.ba\\\/wp-content\\\/uploads\\\/2021\\\/07\\\/milanovic-679x416-1.jpg\",\"width\":679,\"height\":416},{\"@type\":\"BreadcrumbList\",\"@id\":\"https:\\\/\\\/radioljubuski.ba\\\/index.php\\\/2021\\\/07\\\/10\\\/predsjednik-milanovic-u-ponedjeljak-na-sastanku-u-gradskoj-upravi-i-na-radnoj-veceri-na-kocusi\\\/#breadcrumb\",\"itemListElement\":[{\"@type\":\"ListItem\",\"position\":1,\"name\":\"Po\u010detna stranica\",\"item\":\"https:\\\/\\\/radioljubuski.ba\\\/\"},{\"@type\":\"ListItem\",\"position\":2,\"name\":\"Predsjednik Milanovi\u0107 u ponedjeljak na sastanku u Gradskoj upravi i na radnoj ve\u010deri na Ko\u0107u\u0161i\"}]},{\"@type\":\"WebSite\",\"@id\":\"https:\\\/\\\/radioljubuski.ba\\\/#website\",\"url\":\"https:\\\/\\\/radioljubuski.ba\\\/\",\"name\":\"Radio Ljubu\u0161ki\",\"description\":\"Sun\u010dana frekvencija Hercegovine\",\"publisher\":{\"@id\":\"https:\\\/\\\/radioljubuski.ba\\\/#organization\"},\"potentialAction\":[{\"@type\":\"SearchAction\",\"target\":{\"@type\":\"EntryPoint\",\"urlTemplate\":\"https:\\\/\\\/radioljubuski.ba\\\/?s={search_term_string}\"},\"query-input\":{\"@type\":\"PropertyValueSpecification\",\"valueRequired\":true,\"valueName\":\"search_term_string\"}}],\"inLanguage\":\"hr\"},{\"@type\":\"Organization\",\"@id\":\"https:\\\/\\\/radioljubuski.ba\\\/#organization\",\"name\":\"Radio Ljubu\u0161ki\",\"url\":\"https:\\\/\\\/radioljubuski.ba\\\/\",\"logo\":{\"@type\":\"ImageObject\",\"inLanguage\":\"hr\",\"@id\":\"https:\\\/\\\/radioljubuski.ba\\\/#\\\/schema\\\/logo\\\/image\\\/\",\"url\":\"https:\\\/\\\/radioljubuski.ba\\\/wp-content\\\/uploads\\\/2021\\\/02\\\/cropped-Radio_Ljubuski_logo1.jpg\",\"contentUrl\":\"https:\\\/\\\/radioljubuski.ba\\\/wp-content\\\/uploads\\\/2021\\\/02\\\/cropped-Radio_Ljubuski_logo1.jpg\",\"width\":512,\"height\":512,\"caption\":\"Radio Ljubu\u0161ki\"},\"image\":{\"@id\":\"https:\\\/\\\/radioljubuski.ba\\\/#\\\/schema\\\/logo\\\/image\\\/\"},\"sameAs\":[\"https:\\\/\\\/www.facebook.com\\\/Radiio-Ljubuski-1490835324566332\",\"https:\\\/\\\/x.com\\\/radioljubuski\",\"https:\\\/\\\/hr.linkedin.com\\\/company\\\/radio-ljubuski\",\"https:\\\/\\\/www.youtube.com\\\/channel\\\/UCHYaeO_n0Db3tjNGudGpXyw\"]},{\"@type\":\"Person\",\"@id\":\"https:\\\/\\\/radioljubuski.ba\\\/#\\\/schema\\\/person\\\/19fc700381a780f69665d7956c469e3b\",\"name\":\"Radio Ljubu\u0161ki\"}]}<\/script>\n<!-- \/ Yoast SEO plugin. -->","yoast_head_json":{"title":"Predsjednik Milanovi\u0107 u ponedjeljak na sastanku u Gradskoj upravi i na radnoj ve\u010deri na Ko\u0107u\u0161i - RADIO LJUBU\u0160KI","robots":{"index":"index","follow":"follow","max-snippet":"max-snippet:-1","max-image-preview":"max-image-preview:large","max-video-preview":"max-video-preview:-1"},"canonical":"https:\/\/radioljubuski.ba\/index.php\/2021\/07\/10\/predsjednik-milanovic-u-ponedjeljak-na-sastanku-u-gradskoj-upravi-i-na-radnoj-veceri-na-kocusi\/","og_locale":"hr_HR","og_type":"article","og_title":"Predsjednik Milanovi\u0107 u ponedjeljak na sastanku u Gradskoj upravi i na radnoj ve\u010deri na Ko\u0107u\u0161i - RADIO LJUBU\u0160KI","og_description":"Na poziv Sveu\u010dili\u0161ta u Mostaru Predsjednik Republike Hrvatske Zoran Milanovi\u0107 boravit \u0107e u radnom posjetu Bosni i Hercegovini od 11. do. 13. srpnja 2021.Tijekom radnog posjeta Bosni i Hercegovini, osim predavanja kojeg \u0107e odr\u017eati na Sveu\u010dili\u0161tu u Mostaru, predsjednik Milanovi\u0107 sastat \u0107e se i s predstavnicima Hrvatskog narodnog sabora Bosne i Hercegovine te gradona\u010delnikom Grada [&hellip;]","og_url":"https:\/\/radioljubuski.ba\/index.php\/2021\/07\/10\/predsjednik-milanovic-u-ponedjeljak-na-sastanku-u-gradskoj-upravi-i-na-radnoj-veceri-na-kocusi\/","og_site_name":"RADIO LJUBU\u0160KI","article_publisher":"https:\/\/www.facebook.com\/Radiio-Ljubuski-1490835324566332","article_published_time":"2021-07-10T10:16:50+00:00","article_modified_time":"2021-07-12T18:08:46+00:00","og_image":[{"width":679,"height":416,"url":"https:\/\/radioljubuski.ba\/wp-content\/uploads\/2021\/07\/milanovic-679x416-1.jpg","type":"image\/jpeg"}],"author":"Radio Ljubu\u0161ki","twitter_card":"summary_large_image","twitter_creator":"@radioljubuski","twitter_site":"@radioljubuski","twitter_misc":{"Napisao\/la":"Radio Ljubu\u0161ki","Procijenjeno vrijeme \u010ditanja":"3 minute"},"schema":{"@context":"https:\/\/schema.org","@graph":[{"@type":"Article","@id":"https:\/\/radioljubuski.ba\/index.php\/2021\/07\/10\/predsjednik-milanovic-u-ponedjeljak-na-sastanku-u-gradskoj-upravi-i-na-radnoj-veceri-na-kocusi\/#article","isPartOf":{"@id":"https:\/\/radioljubuski.ba\/index.php\/2021\/07\/10\/predsjednik-milanovic-u-ponedjeljak-na-sastanku-u-gradskoj-upravi-i-na-radnoj-veceri-na-kocusi\/"},"author":{"name":"Radio Ljubu\u0161ki","@id":"https:\/\/radioljubuski.ba\/#\/schema\/person\/19fc700381a780f69665d7956c469e3b"},"headline":"Predsjednik Milanovi\u0107 u ponedjeljak na sastanku u Gradskoj upravi i na radnoj ve\u010deri na Ko\u0107u\u0161i","datePublished":"2021-07-10T10:16:50+00:00","dateModified":"2021-07-12T18:08:46+00:00","mainEntityOfPage":{"@id":"https:\/\/radioljubuski.ba\/index.php\/2021\/07\/10\/predsjednik-milanovic-u-ponedjeljak-na-sastanku-u-gradskoj-upravi-i-na-radnoj-veceri-na-kocusi\/"},"wordCount":506,"publisher":{"@id":"https:\/\/radioljubuski.ba\/#organization"},"image":{"@id":"https:\/\/radioljubuski.ba\/index.php\/2021\/07\/10\/predsjednik-milanovic-u-ponedjeljak-na-sastanku-u-gradskoj-upravi-i-na-radnoj-veceri-na-kocusi\/#primaryimage"},"thumbnailUrl":"https:\/\/radioljubuski.ba\/wp-content\/uploads\/2021\/07\/milanovic-679x416-1.jpg","articleSection":["Ljubu\u0161ki"],"inLanguage":"hr"},{"@type":"WebPage","@id":"https:\/\/radioljubuski.ba\/index.php\/2021\/07\/10\/predsjednik-milanovic-u-ponedjeljak-na-sastanku-u-gradskoj-upravi-i-na-radnoj-veceri-na-kocusi\/","url":"https:\/\/radioljubuski.ba\/index.php\/2021\/07\/10\/predsjednik-milanovic-u-ponedjeljak-na-sastanku-u-gradskoj-upravi-i-na-radnoj-veceri-na-kocusi\/","name":"Predsjednik Milanovi\u0107 u ponedjeljak na sastanku u Gradskoj upravi i na radnoj ve\u010deri na Ko\u0107u\u0161i - RADIO LJUBU\u0160KI","isPartOf":{"@id":"https:\/\/radioljubuski.ba\/#website"},"primaryImageOfPage":{"@id":"https:\/\/radioljubuski.ba\/index.php\/2021\/07\/10\/predsjednik-milanovic-u-ponedjeljak-na-sastanku-u-gradskoj-upravi-i-na-radnoj-veceri-na-kocusi\/#primaryimage"},"image":{"@id":"https:\/\/radioljubuski.ba\/index.php\/2021\/07\/10\/predsjednik-milanovic-u-ponedjeljak-na-sastanku-u-gradskoj-upravi-i-na-radnoj-veceri-na-kocusi\/#primaryimage"},"thumbnailUrl":"https:\/\/radioljubuski.ba\/wp-content\/uploads\/2021\/07\/milanovic-679x416-1.jpg","datePublished":"2021-07-10T10:16:50+00:00","dateModified":"2021-07-12T18:08:46+00:00","breadcrumb":{"@id":"https:\/\/radioljubuski.ba\/index.php\/2021\/07\/10\/predsjednik-milanovic-u-ponedjeljak-na-sastanku-u-gradskoj-upravi-i-na-radnoj-veceri-na-kocusi\/#breadcrumb"},"inLanguage":"hr","potentialAction":[{"@type":"ReadAction","target":["https:\/\/radioljubuski.ba\/index.php\/2021\/07\/10\/predsjednik-milanovic-u-ponedjeljak-na-sastanku-u-gradskoj-upravi-i-na-radnoj-veceri-na-kocusi\/"]}]},{"@type":"ImageObject","inLanguage":"hr","@id":"https:\/\/radioljubuski.ba\/index.php\/2021\/07\/10\/predsjednik-milanovic-u-ponedjeljak-na-sastanku-u-gradskoj-upravi-i-na-radnoj-veceri-na-kocusi\/#primaryimage","url":"https:\/\/radioljubuski.ba\/wp-content\/uploads\/2021\/07\/milanovic-679x416-1.jpg","contentUrl":"https:\/\/radioljubuski.ba\/wp-content\/uploads\/2021\/07\/milanovic-679x416-1.jpg","width":679,"height":416},{"@type":"BreadcrumbList","@id":"https:\/\/radioljubuski.ba\/index.php\/2021\/07\/10\/predsjednik-milanovic-u-ponedjeljak-na-sastanku-u-gradskoj-upravi-i-na-radnoj-veceri-na-kocusi\/#breadcrumb","itemListElement":[{"@type":"ListItem","position":1,"name":"Po\u010detna stranica","item":"https:\/\/radioljubuski.ba\/"},{"@type":"ListItem","position":2,"name":"Predsjednik Milanovi\u0107 u ponedjeljak na sastanku u Gradskoj upravi i na radnoj ve\u010deri na Ko\u0107u\u0161i"}]},{"@type":"WebSite","@id":"https:\/\/radioljubuski.ba\/#website","url":"https:\/\/radioljubuski.ba\/","name":"Radio Ljubu\u0161ki","description":"Sun\u010dana frekvencija Hercegovine","publisher":{"@id":"https:\/\/radioljubuski.ba\/#organization"},"potentialAction":[{"@type":"SearchAction","target":{"@type":"EntryPoint","urlTemplate":"https:\/\/radioljubuski.ba\/?s={search_term_string}"},"query-input":{"@type":"PropertyValueSpecification","valueRequired":true,"valueName":"search_term_string"}}],"inLanguage":"hr"},{"@type":"Organization","@id":"https:\/\/radioljubuski.ba\/#organization","name":"Radio Ljubu\u0161ki","url":"https:\/\/radioljubuski.ba\/","logo":{"@type":"ImageObject","inLanguage":"hr","@id":"https:\/\/radioljubuski.ba\/#\/schema\/logo\/image\/","url":"https:\/\/radioljubuski.ba\/wp-content\/uploads\/2021\/02\/cropped-Radio_Ljubuski_logo1.jpg","contentUrl":"https:\/\/radioljubuski.ba\/wp-content\/uploads\/2021\/02\/cropped-Radio_Ljubuski_logo1.jpg","width":512,"height":512,"caption":"Radio Ljubu\u0161ki"},"image":{"@id":"https:\/\/radioljubuski.ba\/#\/schema\/logo\/image\/"},"sameAs":["https:\/\/www.facebook.com\/Radiio-Ljubuski-1490835324566332","https:\/\/x.com\/radioljubuski","https:\/\/hr.linkedin.com\/company\/radio-ljubuski","https:\/\/www.youtube.com\/channel\/UCHYaeO_n0Db3tjNGudGpXyw"]},{"@type":"Person","@id":"https:\/\/radioljubuski.ba\/#\/schema\/person\/19fc700381a780f69665d7956c469e3b","name":"Radio Ljubu\u0161ki"}]}},"_links":{"self":[{"href":"https:\/\/radioljubuski.ba\/index.php\/wp-json\/wp\/v2\/posts\/40866","targetHints":{"allow":["GET"]}}],"collection":[{"href":"https:\/\/radioljubuski.ba\/index.php\/wp-json\/wp\/v2\/posts"}],"about":[{"href":"https:\/\/radioljubuski.ba\/index.php\/wp-json\/wp\/v2\/types\/post"}],"author":[{"embeddable":true,"href":"https:\/\/radioljubuski.ba\/index.php\/wp-json\/wp\/v2\/users\/2"}],"replies":[{"embeddable":true,"href":"https:\/\/radioljubuski.ba\/index.php\/wp-json\/wp\/v2\/comments?post=40866"}],"version-history":[{"count":1,"href":"https:\/\/radioljubuski.ba\/index.php\/wp-json\/wp\/v2\/posts\/40866\/revisions"}],"predecessor-version":[{"id":40868,"href":"https:\/\/radioljubuski.ba\/index.php\/wp-json\/wp\/v2\/posts\/40866\/revisions\/40868"}],"wp:featuredmedia":[{"embeddable":true,"href":"https:\/\/radioljubuski.ba\/index.php\/wp-json\/wp\/v2\/media\/40867"}],"wp:attachment":[{"href":"https:\/\/radioljubuski.ba\/index.php\/wp-json\/wp\/v2\/media?parent=40866"}],"wp:term":[{"taxonomy":"category","embeddable":true,"href":"https:\/\/radioljubuski.ba\/index.php\/wp-json\/wp\/v2\/categories?post=40866"},{"taxonomy":"post_tag","embeddable":true,"href":"https:\/\/radioljubuski.ba\/index.php\/wp-json\/wp\/v2\/tags?post=40866"}],"curies":[{"name":"wp","href":"https:\/\/api.w.org\/{rel}","templated":true}]}}