{"id":41435,"date":"2021-07-11T10:59:31","date_gmt":"2021-07-11T09:59:31","guid":{"rendered":"https:\/\/radioljubuski.ba\/?p=41435"},"modified":"2021-07-11T12:14:40","modified_gmt":"2021-07-11T11:14:40","slug":"preminuo-profesor-kineziologije-dr-zarko-bilic","status":"publish","type":"post","link":"https:\/\/radioljubuski.ba\/index.php\/2021\/07\/11\/preminuo-profesor-kineziologije-dr-zarko-bilic\/","title":{"rendered":"Preminuo profesor kineziologije, dr. \u017darko Bili\u0107"},"content":{"rendered":"\n<p><strong>Doc. dr. \u017darko Bili\u0107, profesor kineziologije, preminuo je 10. srpnja 2021. godine u 70-oj godini \u017eivota.<\/strong><\/p>\n\n\n\n<p>Ro\u0111en je 7. svibnja 1952. g. u selu Lisice, op\u0107ina Ljubu\u0161ki, gdje je zavr\u0161io osnovnu i srednju \u0161kolu.<\/p>\n\n\n\n<p>Godine 1977. diplomirao je na Fakultetu za fizi\u010dku kulturu u Sarajevu na temu &#8220;Rijeka Trebi\u017eat od izvora do u\u0161\u0107a &#8211; mogu\u0107nosti razvoja aktivnosti u prirodi, rekreacija i turizam&#8221;.<\/p>\n\n\n\n<p>U prosincu 2001. godine brani magistarsku radnju &#8220;Razlike u dimenzionalnosti i strukturi motori\u010dkih i nekih morfolo\u0161kih karakteristika kod u\u010denika od V. do VIII. razreda&#8221;. Dana 27. listopada 2005. na Fakultetu sporta i tjelesnog odgoja u Sarajevu brani doktorat: &#8220;Nivo transformacijskih procesa i stupanj strukturalnih promjena motori\u010dkih sposobnosti i morfolo\u0161kih karakteristika pod utjecajem trena\u017enih operatora&#8221;.<\/p>\n\n\n\n<p>Bavio se rukometom, plivanjem, judom&#8230;<\/p>\n\n\n\n<p>Jo\u0161 za vrijeme studija obna\u0161ao je du\u017enosti prodekana studenta, kao i niz drugih du\u017enosti. \u010clan je prve postave judo kluba &#8220;Bosna&#8221; i rukometne selekcije koja je 1976. godine osvojila zlatno odli\u010dje na Univerzijadi na Tjenti\u0161tu.<\/p>\n\n\n\n<p>Demonstrator je na baca\u010dkim disciplinama iz atletike i u\u010ditelj skijanja od 1978. godine. Kroz 1983\/84. predsjednik je Knji\u017eevne omladine BiH. Od 1984-1990. predsjednik Karate kluba \u010citluk. Za Zimskih olimpijskih igara 1984. u Sarajevu bio je voditelj tima za odr\u017eavanje i ure\u0111enje trening staza. Bio je i \u010dlan uprave Atletskog i teniskog kluba Ljubu\u0161ki, predsjednik Dru\u0161tva pedagoga TZK Ljubu\u0161ki pri kojemu djeluju: \u0161kola skijanja, rafting klub, Zbor atletskih sudaca, znanstveni \u010dasopis&#8230;<\/p>\n\n\n\n<p>Godine 1977. zapo\u0161ljava se i \u0161est godina radi u gimnaziji u \u010citluku, a 1978. s kolegama obnavlja Rukometni klub &#8220;Izvi\u0111a\u010d&#8221; iz Ljubu\u0161kog u kojemu je trener i igra\u010d. Dva mandata bio je predsjednik Omladinske organizacije &#8211; \u010citluk, devet godina direktor &#8220;Rudnika boksita&#8221;, te godinu i pol Ugostiteljstva i turizma u RO &#8220;Aluminij&#8221;<\/p>\n\n\n\n<p>U razdoblju 1985.-1987. na poslijediplomskom studiju (&#8220;Energoinvest&#8221;) Sarajevo: &#8220;Tehnologija rje\u0161avanja problema razvoja&#8230;&#8221;. Objavio je ud\u017ebenike iz Skijanja, Kineziolo\u0161ke rekreacije, Antropolo\u0161ke analize, znanstvene radove u \u010dasopisima Sportski Logos, Homo Sporticus, Glasnik, Univerzitetska Hronika, Sport Science i Acta Kinesiologica, gdje je glavni urednik.<\/p>\n\n\n\n<p>Sudjelovao je s priop\u0107enjima na me\u0111unarodnim skupovima (do 2009.) poput NTS &#8211; Sarajevo, &#8216;Child in motion&#8221; &#8211; Portoro\u017e, &#8220;Sport za sve&#8221; &#8211; Zagreb, &#8220;Anthropological status and physical activity&#8221; &#8211; Novi Sad, konferenciji &#8211; Tivat, konferenciji &#8220;Management in sport&#8221; &#8211; Beograd, itd. Od 2005. godine suradnik &#8211; Razredna nastava &#8220;Uvod u sistematsku kineziologiju&#8221;. Od 2006. godine za &#8220;Kineziolo\u0161ku rekreaciju&#8221;.<\/p>\n\n\n\n<p>Godine 2006.\/07.&nbsp; predaje i na Rukometnoj akademiji u Ljubu\u0161kom, zajedno s predava\u010dima iz BiH, Hrvatske, itd. Ak.\/g 2007.\/08. izabran je za docenta na Fakultetu PMOZ &#8211; Studij fizi\u010dke kulture u Mostaru. Od akademske godine 2009.\/10. predaje Osnove kineziologije na Visokoj \u0161koli za sportski menad\u017ement Aspira u Splitu, kao i Sportsku rekreaciju na Edukacijskom fakultetu u Travniku.<\/p>\n\n\n\n<p>Kao profesor po pozivu 2006. i 2007. gostuje na postdiplomskom studiju u Banja Luci za podru\u010dje &#8220;Methodology research&#8221;, te 2009.\/10. na poslijediplomskom studiju Edukacijskog fakulteta u Travniku za podru\u010dje &#8220;Istra\u017eivanja procesa&#8221;.<\/p>\n\n\n\n<p>Iskrena su\u0107ut obitelji!<\/p>\n\n\n\n<p>Izvor: bolji-ljubuski.com<\/p>\n","protected":false},"excerpt":{"rendered":"<p>Doc. dr. \u017darko Bili\u0107, profesor kineziologije, preminuo je 10. srpnja 2021. godine u 70-oj godini \u017eivota. Ro\u0111en je 7. svibnja 1952. g. u selu Lisice, op\u0107ina Ljubu\u0161ki, gdje je zavr\u0161io osnovnu i srednju \u0161kolu. Godine 1977. diplomirao je na Fakultetu za fizi\u010dku kulturu u Sarajevu na temu &#8220;Rijeka Trebi\u017eat od izvora do u\u0161\u0107a &#8211; mogu\u0107nosti [&hellip;]<\/p>\n","protected":false},"author":2,"featured_media":41436,"comment_status":"closed","ping_status":"closed","sticky":false,"template":"","format":"standard","meta":{"h5ap_radio_sources":[],"footnotes":""},"categories":[3],"tags":[],"class_list":["post-41435","post","type-post","status-publish","format-standard","has-post-thumbnail","hentry","category-ljubuski"],"yoast_head":"<!-- This site is optimized with the Yoast SEO plugin v27.4 - https:\/\/yoast.com\/product\/yoast-seo-wordpress\/ -->\n<title>Preminuo profesor kineziologije, dr. \u017darko Bili\u0107 - RADIO LJUBU\u0160KI<\/title>\n<meta name=\"robots\" content=\"index, follow, max-snippet:-1, max-image-preview:large, max-video-preview:-1\" \/>\n<link rel=\"canonical\" href=\"https:\/\/radioljubuski.ba\/index.php\/2021\/07\/11\/preminuo-profesor-kineziologije-dr-zarko-bilic\/\" \/>\n<meta property=\"og:locale\" content=\"hr_HR\" \/>\n<meta property=\"og:type\" content=\"article\" \/>\n<meta property=\"og:title\" content=\"Preminuo profesor kineziologije, dr. \u017darko Bili\u0107 - RADIO LJUBU\u0160KI\" \/>\n<meta property=\"og:description\" content=\"Doc. dr. \u017darko Bili\u0107, profesor kineziologije, preminuo je 10. srpnja 2021. godine u 70-oj godini \u017eivota. Ro\u0111en je 7. svibnja 1952. g. u selu Lisice, op\u0107ina Ljubu\u0161ki, gdje je zavr\u0161io osnovnu i srednju \u0161kolu. Godine 1977. diplomirao je na Fakultetu za fizi\u010dku kulturu u Sarajevu na temu &#8220;Rijeka Trebi\u017eat od izvora do u\u0161\u0107a &#8211; mogu\u0107nosti [&hellip;]\" \/>\n<meta property=\"og:url\" content=\"https:\/\/radioljubuski.ba\/index.php\/2021\/07\/11\/preminuo-profesor-kineziologije-dr-zarko-bilic\/\" \/>\n<meta property=\"og:site_name\" content=\"RADIO LJUBU\u0160KI\" \/>\n<meta property=\"article:publisher\" content=\"https:\/\/www.facebook.com\/Radiio-Ljubuski-1490835324566332\" \/>\n<meta property=\"article:published_time\" content=\"2021-07-11T09:59:31+00:00\" \/>\n<meta property=\"article:modified_time\" content=\"2021-07-11T11:14:40+00:00\" \/>\n<meta property=\"og:image\" content=\"https:\/\/radioljubuski.ba\/wp-content\/uploads\/2021\/07\/731b793d23581489e6917d16f532c7ed_L.jpg\" \/>\n\t<meta property=\"og:image:width\" content=\"600\" \/>\n\t<meta property=\"og:image:height\" content=\"400\" \/>\n\t<meta property=\"og:image:type\" content=\"image\/jpeg\" \/>\n<meta name=\"author\" content=\"Radio Ljubu\u0161ki\" \/>\n<meta name=\"twitter:card\" content=\"summary_large_image\" \/>\n<meta name=\"twitter:creator\" content=\"@radioljubuski\" \/>\n<meta name=\"twitter:site\" content=\"@radioljubuski\" \/>\n<meta name=\"twitter:label1\" content=\"Napisao\/la\" \/>\n\t<meta name=\"twitter:data1\" content=\"Radio Ljubu\u0161ki\" \/>\n\t<meta name=\"twitter:label2\" content=\"Procijenjeno vrijeme \u010ditanja\" \/>\n\t<meta name=\"twitter:data2\" content=\"3 minute\" \/>\n<script type=\"application\/ld+json\" class=\"yoast-schema-graph\">{\"@context\":\"https:\\\/\\\/schema.org\",\"@graph\":[{\"@type\":\"Article\",\"@id\":\"https:\\\/\\\/radioljubuski.ba\\\/index.php\\\/2021\\\/07\\\/11\\\/preminuo-profesor-kineziologije-dr-zarko-bilic\\\/#article\",\"isPartOf\":{\"@id\":\"https:\\\/\\\/radioljubuski.ba\\\/index.php\\\/2021\\\/07\\\/11\\\/preminuo-profesor-kineziologije-dr-zarko-bilic\\\/\"},\"author\":{\"name\":\"Radio Ljubu\u0161ki\",\"@id\":\"https:\\\/\\\/radioljubuski.ba\\\/#\\\/schema\\\/person\\\/19fc700381a780f69665d7956c469e3b\"},\"headline\":\"Preminuo profesor kineziologije, dr. \u017darko Bili\u0107\",\"datePublished\":\"2021-07-11T09:59:31+00:00\",\"dateModified\":\"2021-07-11T11:14:40+00:00\",\"mainEntityOfPage\":{\"@id\":\"https:\\\/\\\/radioljubuski.ba\\\/index.php\\\/2021\\\/07\\\/11\\\/preminuo-profesor-kineziologije-dr-zarko-bilic\\\/\"},\"wordCount\":500,\"publisher\":{\"@id\":\"https:\\\/\\\/radioljubuski.ba\\\/#organization\"},\"image\":{\"@id\":\"https:\\\/\\\/radioljubuski.ba\\\/index.php\\\/2021\\\/07\\\/11\\\/preminuo-profesor-kineziologije-dr-zarko-bilic\\\/#primaryimage\"},\"thumbnailUrl\":\"https:\\\/\\\/radioljubuski.ba\\\/wp-content\\\/uploads\\\/2021\\\/07\\\/731b793d23581489e6917d16f532c7ed_L.jpg\",\"articleSection\":[\"Ljubu\u0161ki\"],\"inLanguage\":\"hr\"},{\"@type\":\"WebPage\",\"@id\":\"https:\\\/\\\/radioljubuski.ba\\\/index.php\\\/2021\\\/07\\\/11\\\/preminuo-profesor-kineziologije-dr-zarko-bilic\\\/\",\"url\":\"https:\\\/\\\/radioljubuski.ba\\\/index.php\\\/2021\\\/07\\\/11\\\/preminuo-profesor-kineziologije-dr-zarko-bilic\\\/\",\"name\":\"Preminuo profesor kineziologije, dr. \u017darko Bili\u0107 - RADIO LJUBU\u0160KI\",\"isPartOf\":{\"@id\":\"https:\\\/\\\/radioljubuski.ba\\\/#website\"},\"primaryImageOfPage\":{\"@id\":\"https:\\\/\\\/radioljubuski.ba\\\/index.php\\\/2021\\\/07\\\/11\\\/preminuo-profesor-kineziologije-dr-zarko-bilic\\\/#primaryimage\"},\"image\":{\"@id\":\"https:\\\/\\\/radioljubuski.ba\\\/index.php\\\/2021\\\/07\\\/11\\\/preminuo-profesor-kineziologije-dr-zarko-bilic\\\/#primaryimage\"},\"thumbnailUrl\":\"https:\\\/\\\/radioljubuski.ba\\\/wp-content\\\/uploads\\\/2021\\\/07\\\/731b793d23581489e6917d16f532c7ed_L.jpg\",\"datePublished\":\"2021-07-11T09:59:31+00:00\",\"dateModified\":\"2021-07-11T11:14:40+00:00\",\"breadcrumb\":{\"@id\":\"https:\\\/\\\/radioljubuski.ba\\\/index.php\\\/2021\\\/07\\\/11\\\/preminuo-profesor-kineziologije-dr-zarko-bilic\\\/#breadcrumb\"},\"inLanguage\":\"hr\",\"potentialAction\":[{\"@type\":\"ReadAction\",\"target\":[\"https:\\\/\\\/radioljubuski.ba\\\/index.php\\\/2021\\\/07\\\/11\\\/preminuo-profesor-kineziologije-dr-zarko-bilic\\\/\"]}]},{\"@type\":\"ImageObject\",\"inLanguage\":\"hr\",\"@id\":\"https:\\\/\\\/radioljubuski.ba\\\/index.php\\\/2021\\\/07\\\/11\\\/preminuo-profesor-kineziologije-dr-zarko-bilic\\\/#primaryimage\",\"url\":\"https:\\\/\\\/radioljubuski.ba\\\/wp-content\\\/uploads\\\/2021\\\/07\\\/731b793d23581489e6917d16f532c7ed_L.jpg\",\"contentUrl\":\"https:\\\/\\\/radioljubuski.ba\\\/wp-content\\\/uploads\\\/2021\\\/07\\\/731b793d23581489e6917d16f532c7ed_L.jpg\",\"width\":600,\"height\":400},{\"@type\":\"BreadcrumbList\",\"@id\":\"https:\\\/\\\/radioljubuski.ba\\\/index.php\\\/2021\\\/07\\\/11\\\/preminuo-profesor-kineziologije-dr-zarko-bilic\\\/#breadcrumb\",\"itemListElement\":[{\"@type\":\"ListItem\",\"position\":1,\"name\":\"Po\u010detna stranica\",\"item\":\"https:\\\/\\\/radioljubuski.ba\\\/\"},{\"@type\":\"ListItem\",\"position\":2,\"name\":\"Preminuo profesor kineziologije, dr. \u017darko Bili\u0107\"}]},{\"@type\":\"WebSite\",\"@id\":\"https:\\\/\\\/radioljubuski.ba\\\/#website\",\"url\":\"https:\\\/\\\/radioljubuski.ba\\\/\",\"name\":\"Radio Ljubu\u0161ki\",\"description\":\"Sun\u010dana frekvencija Hercegovine\",\"publisher\":{\"@id\":\"https:\\\/\\\/radioljubuski.ba\\\/#organization\"},\"potentialAction\":[{\"@type\":\"SearchAction\",\"target\":{\"@type\":\"EntryPoint\",\"urlTemplate\":\"https:\\\/\\\/radioljubuski.ba\\\/?s={search_term_string}\"},\"query-input\":{\"@type\":\"PropertyValueSpecification\",\"valueRequired\":true,\"valueName\":\"search_term_string\"}}],\"inLanguage\":\"hr\"},{\"@type\":\"Organization\",\"@id\":\"https:\\\/\\\/radioljubuski.ba\\\/#organization\",\"name\":\"Radio Ljubu\u0161ki\",\"url\":\"https:\\\/\\\/radioljubuski.ba\\\/\",\"logo\":{\"@type\":\"ImageObject\",\"inLanguage\":\"hr\",\"@id\":\"https:\\\/\\\/radioljubuski.ba\\\/#\\\/schema\\\/logo\\\/image\\\/\",\"url\":\"https:\\\/\\\/radioljubuski.ba\\\/wp-content\\\/uploads\\\/2021\\\/02\\\/cropped-Radio_Ljubuski_logo1.jpg\",\"contentUrl\":\"https:\\\/\\\/radioljubuski.ba\\\/wp-content\\\/uploads\\\/2021\\\/02\\\/cropped-Radio_Ljubuski_logo1.jpg\",\"width\":512,\"height\":512,\"caption\":\"Radio Ljubu\u0161ki\"},\"image\":{\"@id\":\"https:\\\/\\\/radioljubuski.ba\\\/#\\\/schema\\\/logo\\\/image\\\/\"},\"sameAs\":[\"https:\\\/\\\/www.facebook.com\\\/Radiio-Ljubuski-1490835324566332\",\"https:\\\/\\\/x.com\\\/radioljubuski\",\"https:\\\/\\\/hr.linkedin.com\\\/company\\\/radio-ljubuski\",\"https:\\\/\\\/www.youtube.com\\\/channel\\\/UCHYaeO_n0Db3tjNGudGpXyw\"]},{\"@type\":\"Person\",\"@id\":\"https:\\\/\\\/radioljubuski.ba\\\/#\\\/schema\\\/person\\\/19fc700381a780f69665d7956c469e3b\",\"name\":\"Radio Ljubu\u0161ki\"}]}<\/script>\n<!-- \/ Yoast SEO plugin. -->","yoast_head_json":{"title":"Preminuo profesor kineziologije, dr. \u017darko Bili\u0107 - RADIO LJUBU\u0160KI","robots":{"index":"index","follow":"follow","max-snippet":"max-snippet:-1","max-image-preview":"max-image-preview:large","max-video-preview":"max-video-preview:-1"},"canonical":"https:\/\/radioljubuski.ba\/index.php\/2021\/07\/11\/preminuo-profesor-kineziologije-dr-zarko-bilic\/","og_locale":"hr_HR","og_type":"article","og_title":"Preminuo profesor kineziologije, dr. \u017darko Bili\u0107 - RADIO LJUBU\u0160KI","og_description":"Doc. dr. \u017darko Bili\u0107, profesor kineziologije, preminuo je 10. srpnja 2021. godine u 70-oj godini \u017eivota. Ro\u0111en je 7. svibnja 1952. g. u selu Lisice, op\u0107ina Ljubu\u0161ki, gdje je zavr\u0161io osnovnu i srednju \u0161kolu. Godine 1977. diplomirao je na Fakultetu za fizi\u010dku kulturu u Sarajevu na temu &#8220;Rijeka Trebi\u017eat od izvora do u\u0161\u0107a &#8211; mogu\u0107nosti [&hellip;]","og_url":"https:\/\/radioljubuski.ba\/index.php\/2021\/07\/11\/preminuo-profesor-kineziologije-dr-zarko-bilic\/","og_site_name":"RADIO LJUBU\u0160KI","article_publisher":"https:\/\/www.facebook.com\/Radiio-Ljubuski-1490835324566332","article_published_time":"2021-07-11T09:59:31+00:00","article_modified_time":"2021-07-11T11:14:40+00:00","og_image":[{"width":600,"height":400,"url":"https:\/\/radioljubuski.ba\/wp-content\/uploads\/2021\/07\/731b793d23581489e6917d16f532c7ed_L.jpg","type":"image\/jpeg"}],"author":"Radio Ljubu\u0161ki","twitter_card":"summary_large_image","twitter_creator":"@radioljubuski","twitter_site":"@radioljubuski","twitter_misc":{"Napisao\/la":"Radio Ljubu\u0161ki","Procijenjeno vrijeme \u010ditanja":"3 minute"},"schema":{"@context":"https:\/\/schema.org","@graph":[{"@type":"Article","@id":"https:\/\/radioljubuski.ba\/index.php\/2021\/07\/11\/preminuo-profesor-kineziologije-dr-zarko-bilic\/#article","isPartOf":{"@id":"https:\/\/radioljubuski.ba\/index.php\/2021\/07\/11\/preminuo-profesor-kineziologije-dr-zarko-bilic\/"},"author":{"name":"Radio Ljubu\u0161ki","@id":"https:\/\/radioljubuski.ba\/#\/schema\/person\/19fc700381a780f69665d7956c469e3b"},"headline":"Preminuo profesor kineziologije, dr. \u017darko Bili\u0107","datePublished":"2021-07-11T09:59:31+00:00","dateModified":"2021-07-11T11:14:40+00:00","mainEntityOfPage":{"@id":"https:\/\/radioljubuski.ba\/index.php\/2021\/07\/11\/preminuo-profesor-kineziologije-dr-zarko-bilic\/"},"wordCount":500,"publisher":{"@id":"https:\/\/radioljubuski.ba\/#organization"},"image":{"@id":"https:\/\/radioljubuski.ba\/index.php\/2021\/07\/11\/preminuo-profesor-kineziologije-dr-zarko-bilic\/#primaryimage"},"thumbnailUrl":"https:\/\/radioljubuski.ba\/wp-content\/uploads\/2021\/07\/731b793d23581489e6917d16f532c7ed_L.jpg","articleSection":["Ljubu\u0161ki"],"inLanguage":"hr"},{"@type":"WebPage","@id":"https:\/\/radioljubuski.ba\/index.php\/2021\/07\/11\/preminuo-profesor-kineziologije-dr-zarko-bilic\/","url":"https:\/\/radioljubuski.ba\/index.php\/2021\/07\/11\/preminuo-profesor-kineziologije-dr-zarko-bilic\/","name":"Preminuo profesor kineziologije, dr. \u017darko Bili\u0107 - RADIO LJUBU\u0160KI","isPartOf":{"@id":"https:\/\/radioljubuski.ba\/#website"},"primaryImageOfPage":{"@id":"https:\/\/radioljubuski.ba\/index.php\/2021\/07\/11\/preminuo-profesor-kineziologije-dr-zarko-bilic\/#primaryimage"},"image":{"@id":"https:\/\/radioljubuski.ba\/index.php\/2021\/07\/11\/preminuo-profesor-kineziologije-dr-zarko-bilic\/#primaryimage"},"thumbnailUrl":"https:\/\/radioljubuski.ba\/wp-content\/uploads\/2021\/07\/731b793d23581489e6917d16f532c7ed_L.jpg","datePublished":"2021-07-11T09:59:31+00:00","dateModified":"2021-07-11T11:14:40+00:00","breadcrumb":{"@id":"https:\/\/radioljubuski.ba\/index.php\/2021\/07\/11\/preminuo-profesor-kineziologije-dr-zarko-bilic\/#breadcrumb"},"inLanguage":"hr","potentialAction":[{"@type":"ReadAction","target":["https:\/\/radioljubuski.ba\/index.php\/2021\/07\/11\/preminuo-profesor-kineziologije-dr-zarko-bilic\/"]}]},{"@type":"ImageObject","inLanguage":"hr","@id":"https:\/\/radioljubuski.ba\/index.php\/2021\/07\/11\/preminuo-profesor-kineziologije-dr-zarko-bilic\/#primaryimage","url":"https:\/\/radioljubuski.ba\/wp-content\/uploads\/2021\/07\/731b793d23581489e6917d16f532c7ed_L.jpg","contentUrl":"https:\/\/radioljubuski.ba\/wp-content\/uploads\/2021\/07\/731b793d23581489e6917d16f532c7ed_L.jpg","width":600,"height":400},{"@type":"BreadcrumbList","@id":"https:\/\/radioljubuski.ba\/index.php\/2021\/07\/11\/preminuo-profesor-kineziologije-dr-zarko-bilic\/#breadcrumb","itemListElement":[{"@type":"ListItem","position":1,"name":"Po\u010detna stranica","item":"https:\/\/radioljubuski.ba\/"},{"@type":"ListItem","position":2,"name":"Preminuo profesor kineziologije, dr. \u017darko Bili\u0107"}]},{"@type":"WebSite","@id":"https:\/\/radioljubuski.ba\/#website","url":"https:\/\/radioljubuski.ba\/","name":"Radio Ljubu\u0161ki","description":"Sun\u010dana frekvencija Hercegovine","publisher":{"@id":"https:\/\/radioljubuski.ba\/#organization"},"potentialAction":[{"@type":"SearchAction","target":{"@type":"EntryPoint","urlTemplate":"https:\/\/radioljubuski.ba\/?s={search_term_string}"},"query-input":{"@type":"PropertyValueSpecification","valueRequired":true,"valueName":"search_term_string"}}],"inLanguage":"hr"},{"@type":"Organization","@id":"https:\/\/radioljubuski.ba\/#organization","name":"Radio Ljubu\u0161ki","url":"https:\/\/radioljubuski.ba\/","logo":{"@type":"ImageObject","inLanguage":"hr","@id":"https:\/\/radioljubuski.ba\/#\/schema\/logo\/image\/","url":"https:\/\/radioljubuski.ba\/wp-content\/uploads\/2021\/02\/cropped-Radio_Ljubuski_logo1.jpg","contentUrl":"https:\/\/radioljubuski.ba\/wp-content\/uploads\/2021\/02\/cropped-Radio_Ljubuski_logo1.jpg","width":512,"height":512,"caption":"Radio Ljubu\u0161ki"},"image":{"@id":"https:\/\/radioljubuski.ba\/#\/schema\/logo\/image\/"},"sameAs":["https:\/\/www.facebook.com\/Radiio-Ljubuski-1490835324566332","https:\/\/x.com\/radioljubuski","https:\/\/hr.linkedin.com\/company\/radio-ljubuski","https:\/\/www.youtube.com\/channel\/UCHYaeO_n0Db3tjNGudGpXyw"]},{"@type":"Person","@id":"https:\/\/radioljubuski.ba\/#\/schema\/person\/19fc700381a780f69665d7956c469e3b","name":"Radio Ljubu\u0161ki"}]}},"_links":{"self":[{"href":"https:\/\/radioljubuski.ba\/index.php\/wp-json\/wp\/v2\/posts\/41435","targetHints":{"allow":["GET"]}}],"collection":[{"href":"https:\/\/radioljubuski.ba\/index.php\/wp-json\/wp\/v2\/posts"}],"about":[{"href":"https:\/\/radioljubuski.ba\/index.php\/wp-json\/wp\/v2\/types\/post"}],"author":[{"embeddable":true,"href":"https:\/\/radioljubuski.ba\/index.php\/wp-json\/wp\/v2\/users\/2"}],"replies":[{"embeddable":true,"href":"https:\/\/radioljubuski.ba\/index.php\/wp-json\/wp\/v2\/comments?post=41435"}],"version-history":[{"count":2,"href":"https:\/\/radioljubuski.ba\/index.php\/wp-json\/wp\/v2\/posts\/41435\/revisions"}],"predecessor-version":[{"id":41441,"href":"https:\/\/radioljubuski.ba\/index.php\/wp-json\/wp\/v2\/posts\/41435\/revisions\/41441"}],"wp:featuredmedia":[{"embeddable":true,"href":"https:\/\/radioljubuski.ba\/index.php\/wp-json\/wp\/v2\/media\/41436"}],"wp:attachment":[{"href":"https:\/\/radioljubuski.ba\/index.php\/wp-json\/wp\/v2\/media?parent=41435"}],"wp:term":[{"taxonomy":"category","embeddable":true,"href":"https:\/\/radioljubuski.ba\/index.php\/wp-json\/wp\/v2\/categories?post=41435"},{"taxonomy":"post_tag","embeddable":true,"href":"https:\/\/radioljubuski.ba\/index.php\/wp-json\/wp\/v2\/tags?post=41435"}],"curies":[{"name":"wp","href":"https:\/\/api.w.org\/{rel}","templated":true}]}}